{"id":1001,"date":"2023-08-03T21:04:56","date_gmt":"2023-08-04T00:04:56","guid":{"rendered":"https:\/\/apuntesdesanluis.com\/?p=1001"},"modified":"2023-08-03T21:04:56","modified_gmt":"2023-08-04T00:04:56","slug":"recupero-la-libertad-el-hombre-acusado-de-robar-10-toneladas-de-maiz","status":"publish","type":"post","link":"https:\/\/apuntesdesanluis.com\/index.php\/2023\/08\/03\/recupero-la-libertad-el-hombre-acusado-de-robar-10-toneladas-de-maiz\/","title":{"rendered":"RECUPER\u00d3 LA LIBERTAD EL HOMBRE ACUSADO DE ROBAR 10 TONELADAS DE MA\u00cdZ"},"content":{"rendered":"<h3>El imputado deber\u00e1 respetar una prohibici\u00f3n de acercamiento a la <strong>Estancia Natal\u00ed<\/strong>, donde el pasado 14 de julio ocurri\u00f3 un robo que contin\u00faa en proceso de investigaci\u00f3n.<\/h3>\n<h3>En una audiencia que se celebr\u00f3 en la ma\u00f1ana de este jueves, la Dra. Mirta Ucelay de Garciarena impuso a un hombre al que se le formularon cargos por el delito de robo calificado, una prohibici\u00f3n de acercamiento \u2013 de un kil\u00f3metro \u2013 respecto del establecimiento damnificado.\u00a0 Atento los argumentos vertidos por el Ministerio P\u00fablico Fiscal \u2013 falta de antecedentes condenatorios y la calificaci\u00f3n legal \u2013 orden\u00f3 la libertad del imputado.<\/h3>\n<h3>La Dra. Mirta Ucelay actu\u00f3 como juez subrogante en el Juzgado de Garant\u00eda N\u00ba 2 . Intervino en representaci\u00f3n del Ministerio P\u00fablico Fiscal el Dr. Maximiliano Bazla Cassina, y como defensora del imputado, la Dra. Cecilia Mithiaux. Actu\u00f3 como secretario el Dr. Ignacio Esquerr\u00e9.<\/h3>\n<h3>Al comenzar la audiencia, el Dr. Bazla explic\u00f3 que atento la falta de antecedentes del imputado no solicitar\u00eda la medida de prisi\u00f3n preventiva y pidi\u00f3 como medida cautelar una prohibici\u00f3n de acercamiento de un kil\u00f3metro de distancia al lugar donde se llev\u00f3 a cabo el delito investigado, a los fines de evitar que entorpezca lo que resta la investigaci\u00f3n, por el plazo de cuatro meses.<\/h3>\n<h3>La Dra. Mithiaux no formul\u00f3 objeciones y anticip\u00f3 que buscar\u00edan una forma alternativa de solucionar el conflicto, la que plasmar\u00e1n oportunamente.<\/h3>\n<h3>Luego de escuchar a las partes y considerando lo expuesto la Dra. Ucelay mantuvo la calificaci\u00f3n legal \u2013 Art. 167 Inc 4 en relaci\u00f3n al 163 inc 1 en calidad de autor (robo calificado) \u2013 hizo lugar a la prohibici\u00f3n de acercamiento en los t\u00e9rminos solicitados por el Ministerio P\u00fablico Fiscal, orden\u00f3 al imputado fijar domicilio y dispuso su inmediata libertad.<\/h3>\n<h3>EL HECHO<\/h3>\n<h3>El hecho ocurri\u00f3 el 14 de julio en la <strong>\u201cEstancia Natal\u00ed\u201d<\/strong>, en zona rural de\u00a0<strong>El Morro<\/strong>. Ese d\u00eda el imputado se dirigi\u00f3 con un cami\u00f3n Ford con caja de madera por un camino vecinal que une la Ruta 33 y la Ruta 1. Al llegar a la estancia ingres\u00f3 clandestinamente al lugar y procedi\u00f3 a rasgar silos bolsas y a cargar aproximadamente diez toneladas de ma\u00edz. El hecho ocurri\u00f3 en un rango aproximado de tres horas, entre las 19 y las 23 y no se descarta que pudieran haber participado m\u00e1s personas.<\/h3>\n<p><img fetchpriority=\"high\" decoding=\"async\" class=\"wp-image-1003 aligncenter\" src=\"https:\/\/apuntesdesanluis.com\/wp-content\/uploads\/2023\/08\/MAIZ-300x181.png\" alt=\"\" width=\"569\" height=\"343\" srcset=\"https:\/\/apuntesdesanluis.com\/wp-content\/uploads\/2023\/08\/MAIZ-300x181.png 300w, https:\/\/apuntesdesanluis.com\/wp-content\/uploads\/2023\/08\/MAIZ.png 442w\" sizes=\"(max-width: 569px) 100vw, 569px\" \/><\/p>\n<h3>Una c\u00e1mara de seguridad que funciona en un establecimiento rural, m\u00e1s c\u00e1maras de la ciudad de Villa Mercedes permitieron identificar el trayecto que habr\u00eda realizado el cami\u00f3n. A\u00fan m\u00e1s, al d\u00eda siguiente, el veh\u00edculo fue localizado en una b\u00e1scula de la ciudad y mediante tareas investigativas, se logr\u00f3 determinar que el cami\u00f3n era propiedad del ahora imputado, con domicilio en barrio Las Latas.<\/h3>\n<h3>El Dr. Maximiliano Bazla precis\u00f3 que la c\u00e1mara que se encuentra en la esquina de la b\u00e1scula fue la que posibilit\u00f3 observar al imputado a bordo del cami\u00f3n, el cual se encontraba \u201ccargado hasta arriba de ma\u00edz\u201d. Indic\u00f3 que ese registro fue el que les permiti\u00f3, entre otras evidencias, relacionar al imputado con el hecho.<\/h3>\n<h3>Luego se realiz\u00f3 un allanamiento y dentro del veh\u00edculo se secuestraron tres cuchillos con los que el imputado habr\u00eda cortado las silo bolsas, eslingas, un tacho de veinte litros y borcegu\u00edes. El sospechoso fue detenido el 27 de julio.<\/h3>\n<h3><\/h3>\n","protected":false},"excerpt":{"rendered":"<p>El imputado deber\u00e1 respetar una prohibici\u00f3n de acercamiento a la Estancia Natal\u00ed, donde el pasado&#8230;<\/p>\n","protected":false},"author":1,"featured_media":1002,"comment_status":"closed","ping_status":"closed","sticky":false,"template":"","format":"standard","meta":{"footnotes":""},"categories":[6],"tags":[],"class_list":["post-1001","post","type-post","status-publish","format-standard","has-post-thumbnail","hentry","category-ciudad-provincia"],"yoast_head":"<!-- This site is optimized with the Yoast SEO plugin v26.1.1 - https:\/\/yoast.com\/wordpress\/plugins\/seo\/ -->\n<title>RECUPER\u00d3 LA LIBERTAD EL HOMBRE ACUSADO DE ROBAR 10 TONELADAS DE MA\u00cdZ - Apuntes de San Luis<\/title>\n<meta name=\"robots\" content=\"index, follow, max-snippet:-1, max-image-preview:large, max-video-preview:-1\" \/>\n<link rel=\"canonical\" href=\"https:\/\/apuntesdesanluis.com\/index.php\/2023\/08\/03\/recupero-la-libertad-el-hombre-acusado-de-robar-10-toneladas-de-maiz\/\" \/>\n<meta property=\"og:locale\" content=\"es_ES\" \/>\n<meta property=\"og:type\" content=\"article\" \/>\n<meta property=\"og:title\" content=\"RECUPER\u00d3 LA LIBERTAD EL HOMBRE ACUSADO DE ROBAR 10 TONELADAS DE MA\u00cdZ - Apuntes de San Luis\" \/>\n<meta property=\"og:description\" content=\"El imputado deber\u00e1 respetar una prohibici\u00f3n de acercamiento a la Estancia Natal\u00ed, donde el pasado...\" \/>\n<meta property=\"og:url\" content=\"https:\/\/apuntesdesanluis.com\/index.php\/2023\/08\/03\/recupero-la-libertad-el-hombre-acusado-de-robar-10-toneladas-de-maiz\/\" \/>\n<meta property=\"og:site_name\" content=\"Apuntes de San Luis\" \/>\n<meta property=\"article:published_time\" content=\"2023-08-04T00:04:56+00:00\" \/>\n<meta property=\"og:image\" content=\"https:\/\/apuntesdesanluis.com\/wp-content\/uploads\/2023\/08\/GARCIARENA.png\" \/>\n\t<meta property=\"og:image:width\" content=\"607\" \/>\n\t<meta property=\"og:image:height\" content=\"363\" \/>\n\t<meta property=\"og:image:type\" content=\"image\/png\" \/>\n<meta name=\"author\" content=\"apuntesdesanluis.com\" \/>\n<meta name=\"twitter:card\" content=\"summary_large_image\" \/>\n<meta name=\"twitter:label1\" content=\"Escrito por\" \/>\n\t<meta name=\"twitter:data1\" content=\"apuntesdesanluis.com\" \/>\n\t<meta name=\"twitter:label2\" content=\"Tiempo de lectura\" \/>\n\t<meta name=\"twitter:data2\" content=\"3 minutos\" \/>\n<script type=\"application\/ld+json\" class=\"yoast-schema-graph\">{\"@context\":\"https:\/\/schema.org\",\"@graph\":[{\"@type\":\"Article\",\"@id\":\"https:\/\/apuntesdesanluis.com\/index.php\/2023\/08\/03\/recupero-la-libertad-el-hombre-acusado-de-robar-10-toneladas-de-maiz\/#article\",\"isPartOf\":{\"@id\":\"https:\/\/apuntesdesanluis.com\/index.php\/2023\/08\/03\/recupero-la-libertad-el-hombre-acusado-de-robar-10-toneladas-de-maiz\/\"},\"author\":{\"name\":\"apuntesdesanluis.com\",\"@id\":\"https:\/\/apuntesdesanluis.com\/#\/schema\/person\/b55151d52296fcce64d1a72538a70b90\"},\"headline\":\"RECUPER\u00d3 LA LIBERTAD EL HOMBRE ACUSADO DE ROBAR 10 TONELADAS DE MA\u00cdZ\",\"datePublished\":\"2023-08-04T00:04:56+00:00\",\"mainEntityOfPage\":{\"@id\":\"https:\/\/apuntesdesanluis.com\/index.php\/2023\/08\/03\/recupero-la-libertad-el-hombre-acusado-de-robar-10-toneladas-de-maiz\/\"},\"wordCount\":579,\"publisher\":{\"@id\":\"https:\/\/apuntesdesanluis.com\/#\/schema\/person\/b55151d52296fcce64d1a72538a70b90\"},\"image\":{\"@id\":\"https:\/\/apuntesdesanluis.com\/index.php\/2023\/08\/03\/recupero-la-libertad-el-hombre-acusado-de-robar-10-toneladas-de-maiz\/#primaryimage\"},\"thumbnailUrl\":\"https:\/\/apuntesdesanluis.com\/wp-content\/uploads\/2023\/08\/GARCIARENA.png\",\"articleSection\":[\"Ciudad\/Provincia\"],\"inLanguage\":\"es-AR\"},{\"@type\":\"WebPage\",\"@id\":\"https:\/\/apuntesdesanluis.com\/index.php\/2023\/08\/03\/recupero-la-libertad-el-hombre-acusado-de-robar-10-toneladas-de-maiz\/\",\"url\":\"https:\/\/apuntesdesanluis.com\/index.php\/2023\/08\/03\/recupero-la-libertad-el-hombre-acusado-de-robar-10-toneladas-de-maiz\/\",\"name\":\"RECUPER\u00d3 LA LIBERTAD EL HOMBRE ACUSADO DE ROBAR 10 TONELADAS DE MA\u00cdZ - Apuntes de San Luis\",\"isPartOf\":{\"@id\":\"https:\/\/apuntesdesanluis.com\/#website\"},\"primaryImageOfPage\":{\"@id\":\"https:\/\/apuntesdesanluis.com\/index.php\/2023\/08\/03\/recupero-la-libertad-el-hombre-acusado-de-robar-10-toneladas-de-maiz\/#primaryimage\"},\"image\":{\"@id\":\"https:\/\/apuntesdesanluis.com\/index.php\/2023\/08\/03\/recupero-la-libertad-el-hombre-acusado-de-robar-10-toneladas-de-maiz\/#primaryimage\"},\"thumbnailUrl\":\"https:\/\/apuntesdesanluis.com\/wp-content\/uploads\/2023\/08\/GARCIARENA.png\",\"datePublished\":\"2023-08-04T00:04:56+00:00\",\"breadcrumb\":{\"@id\":\"https:\/\/apuntesdesanluis.com\/index.php\/2023\/08\/03\/recupero-la-libertad-el-hombre-acusado-de-robar-10-toneladas-de-maiz\/#breadcrumb\"},\"inLanguage\":\"es-AR\",\"potentialAction\":[{\"@type\":\"ReadAction\",\"target\":[\"https:\/\/apuntesdesanluis.com\/index.php\/2023\/08\/03\/recupero-la-libertad-el-hombre-acusado-de-robar-10-toneladas-de-maiz\/\"]}]},{\"@type\":\"ImageObject\",\"inLanguage\":\"es-AR\",\"@id\":\"https:\/\/apuntesdesanluis.com\/index.php\/2023\/08\/03\/recupero-la-libertad-el-hombre-acusado-de-robar-10-toneladas-de-maiz\/#primaryimage\",\"url\":\"https:\/\/apuntesdesanluis.com\/wp-content\/uploads\/2023\/08\/GARCIARENA.png\",\"contentUrl\":\"https:\/\/apuntesdesanluis.com\/wp-content\/uploads\/2023\/08\/GARCIARENA.png\",\"width\":607,\"height\":363},{\"@type\":\"BreadcrumbList\",\"@id\":\"https:\/\/apuntesdesanluis.com\/index.php\/2023\/08\/03\/recupero-la-libertad-el-hombre-acusado-de-robar-10-toneladas-de-maiz\/#breadcrumb\",\"itemListElement\":[{\"@type\":\"ListItem\",\"position\":1,\"name\":\"Inicio\",\"item\":\"https:\/\/apuntesdesanluis.com\/\"},{\"@type\":\"ListItem\",\"position\":2,\"name\":\"RECUPER\u00d3 LA LIBERTAD EL HOMBRE ACUSADO DE ROBAR 10 TONELADAS DE MA\u00cdZ\"}]},{\"@type\":\"WebSite\",\"@id\":\"https:\/\/apuntesdesanluis.com\/#website\",\"url\":\"https:\/\/apuntesdesanluis.com\/\",\"name\":\"Apuntes de San Luis\",\"description\":\"\",\"publisher\":{\"@id\":\"https:\/\/apuntesdesanluis.com\/#\/schema\/person\/b55151d52296fcce64d1a72538a70b90\"},\"potentialAction\":[{\"@type\":\"SearchAction\",\"target\":{\"@type\":\"EntryPoint\",\"urlTemplate\":\"https:\/\/apuntesdesanluis.com\/?s={search_term_string}\"},\"query-input\":{\"@type\":\"PropertyValueSpecification\",\"valueRequired\":true,\"valueName\":\"search_term_string\"}}],\"inLanguage\":\"es-AR\"},{\"@type\":[\"Person\",\"Organization\"],\"@id\":\"https:\/\/apuntesdesanluis.com\/#\/schema\/person\/b55151d52296fcce64d1a72538a70b90\",\"name\":\"apuntesdesanluis.com\",\"image\":{\"@type\":\"ImageObject\",\"inLanguage\":\"es-AR\",\"@id\":\"https:\/\/apuntesdesanluis.com\/#\/schema\/person\/image\/\",\"url\":\"https:\/\/apuntesdesanluis.com\/wp-content\/uploads\/2023\/07\/cropped-apuntesdesanluis.png\",\"contentUrl\":\"https:\/\/apuntesdesanluis.com\/wp-content\/uploads\/2023\/07\/cropped-apuntesdesanluis.png\",\"width\":450,\"height\":112,\"caption\":\"apuntesdesanluis.com\"},\"logo\":{\"@id\":\"https:\/\/apuntesdesanluis.com\/#\/schema\/person\/image\/\"},\"sameAs\":[\"https:\/\/apuntesdesanluis.com\"],\"url\":\"https:\/\/apuntesdesanluis.com\/index.php\/author\/apuntesdesanluis-com\/\"}]}<\/script>\n<!-- \/ Yoast SEO plugin. -->","yoast_head_json":{"title":"RECUPER\u00d3 LA LIBERTAD EL HOMBRE ACUSADO DE ROBAR 10 TONELADAS DE MA\u00cdZ - Apuntes de San Luis","robots":{"index":"index","follow":"follow","max-snippet":"max-snippet:-1","max-image-preview":"max-image-preview:large","max-video-preview":"max-video-preview:-1"},"canonical":"https:\/\/apuntesdesanluis.com\/index.php\/2023\/08\/03\/recupero-la-libertad-el-hombre-acusado-de-robar-10-toneladas-de-maiz\/","og_locale":"es_ES","og_type":"article","og_title":"RECUPER\u00d3 LA LIBERTAD EL HOMBRE ACUSADO DE ROBAR 10 TONELADAS DE MA\u00cdZ - Apuntes de San Luis","og_description":"El imputado deber\u00e1 respetar una prohibici\u00f3n de acercamiento a la Estancia Natal\u00ed, donde el pasado...","og_url":"https:\/\/apuntesdesanluis.com\/index.php\/2023\/08\/03\/recupero-la-libertad-el-hombre-acusado-de-robar-10-toneladas-de-maiz\/","og_site_name":"Apuntes de San Luis","article_published_time":"2023-08-04T00:04:56+00:00","og_image":[{"width":607,"height":363,"url":"https:\/\/apuntesdesanluis.com\/wp-content\/uploads\/2023\/08\/GARCIARENA.png","type":"image\/png"}],"author":"apuntesdesanluis.com","twitter_card":"summary_large_image","twitter_misc":{"Escrito por":"apuntesdesanluis.com","Tiempo de lectura":"3 minutos"},"schema":{"@context":"https:\/\/schema.org","@graph":[{"@type":"Article","@id":"https:\/\/apuntesdesanluis.com\/index.php\/2023\/08\/03\/recupero-la-libertad-el-hombre-acusado-de-robar-10-toneladas-de-maiz\/#article","isPartOf":{"@id":"https:\/\/apuntesdesanluis.com\/index.php\/2023\/08\/03\/recupero-la-libertad-el-hombre-acusado-de-robar-10-toneladas-de-maiz\/"},"author":{"name":"apuntesdesanluis.com","@id":"https:\/\/apuntesdesanluis.com\/#\/schema\/person\/b55151d52296fcce64d1a72538a70b90"},"headline":"RECUPER\u00d3 LA LIBERTAD EL HOMBRE ACUSADO DE ROBAR 10 TONELADAS DE MA\u00cdZ","datePublished":"2023-08-04T00:04:56+00:00","mainEntityOfPage":{"@id":"https:\/\/apuntesdesanluis.com\/index.php\/2023\/08\/03\/recupero-la-libertad-el-hombre-acusado-de-robar-10-toneladas-de-maiz\/"},"wordCount":579,"publisher":{"@id":"https:\/\/apuntesdesanluis.com\/#\/schema\/person\/b55151d52296fcce64d1a72538a70b90"},"image":{"@id":"https:\/\/apuntesdesanluis.com\/index.php\/2023\/08\/03\/recupero-la-libertad-el-hombre-acusado-de-robar-10-toneladas-de-maiz\/#primaryimage"},"thumbnailUrl":"https:\/\/apuntesdesanluis.com\/wp-content\/uploads\/2023\/08\/GARCIARENA.png","articleSection":["Ciudad\/Provincia"],"inLanguage":"es-AR"},{"@type":"WebPage","@id":"https:\/\/apuntesdesanluis.com\/index.php\/2023\/08\/03\/recupero-la-libertad-el-hombre-acusado-de-robar-10-toneladas-de-maiz\/","url":"https:\/\/apuntesdesanluis.com\/index.php\/2023\/08\/03\/recupero-la-libertad-el-hombre-acusado-de-robar-10-toneladas-de-maiz\/","name":"RECUPER\u00d3 LA LIBERTAD EL HOMBRE ACUSADO DE ROBAR 10 TONELADAS DE MA\u00cdZ - Apuntes de San Luis","isPartOf":{"@id":"https:\/\/apuntesdesanluis.com\/#website"},"primaryImageOfPage":{"@id":"https:\/\/apuntesdesanluis.com\/index.php\/2023\/08\/03\/recupero-la-libertad-el-hombre-acusado-de-robar-10-toneladas-de-maiz\/#primaryimage"},"image":{"@id":"https:\/\/apuntesdesanluis.com\/index.php\/2023\/08\/03\/recupero-la-libertad-el-hombre-acusado-de-robar-10-toneladas-de-maiz\/#primaryimage"},"thumbnailUrl":"https:\/\/apuntesdesanluis.com\/wp-content\/uploads\/2023\/08\/GARCIARENA.png","datePublished":"2023-08-04T00:04:56+00:00","breadcrumb":{"@id":"https:\/\/apuntesdesanluis.com\/index.php\/2023\/08\/03\/recupero-la-libertad-el-hombre-acusado-de-robar-10-toneladas-de-maiz\/#breadcrumb"},"inLanguage":"es-AR","potentialAction":[{"@type":"ReadAction","target":["https:\/\/apuntesdesanluis.com\/index.php\/2023\/08\/03\/recupero-la-libertad-el-hombre-acusado-de-robar-10-toneladas-de-maiz\/"]}]},{"@type":"ImageObject","inLanguage":"es-AR","@id":"https:\/\/apuntesdesanluis.com\/index.php\/2023\/08\/03\/recupero-la-libertad-el-hombre-acusado-de-robar-10-toneladas-de-maiz\/#primaryimage","url":"https:\/\/apuntesdesanluis.com\/wp-content\/uploads\/2023\/08\/GARCIARENA.png","contentUrl":"https:\/\/apuntesdesanluis.com\/wp-content\/uploads\/2023\/08\/GARCIARENA.png","width":607,"height":363},{"@type":"BreadcrumbList","@id":"https:\/\/apuntesdesanluis.com\/index.php\/2023\/08\/03\/recupero-la-libertad-el-hombre-acusado-de-robar-10-toneladas-de-maiz\/#breadcrumb","itemListElement":[{"@type":"ListItem","position":1,"name":"Inicio","item":"https:\/\/apuntesdesanluis.com\/"},{"@type":"ListItem","position":2,"name":"RECUPER\u00d3 LA LIBERTAD EL HOMBRE ACUSADO DE ROBAR 10 TONELADAS DE MA\u00cdZ"}]},{"@type":"WebSite","@id":"https:\/\/apuntesdesanluis.com\/#website","url":"https:\/\/apuntesdesanluis.com\/","name":"Apuntes de San Luis","description":"","publisher":{"@id":"https:\/\/apuntesdesanluis.com\/#\/schema\/person\/b55151d52296fcce64d1a72538a70b90"},"potentialAction":[{"@type":"SearchAction","target":{"@type":"EntryPoint","urlTemplate":"https:\/\/apuntesdesanluis.com\/?s={search_term_string}"},"query-input":{"@type":"PropertyValueSpecification","valueRequired":true,"valueName":"search_term_string"}}],"inLanguage":"es-AR"},{"@type":["Person","Organization"],"@id":"https:\/\/apuntesdesanluis.com\/#\/schema\/person\/b55151d52296fcce64d1a72538a70b90","name":"apuntesdesanluis.com","image":{"@type":"ImageObject","inLanguage":"es-AR","@id":"https:\/\/apuntesdesanluis.com\/#\/schema\/person\/image\/","url":"https:\/\/apuntesdesanluis.com\/wp-content\/uploads\/2023\/07\/cropped-apuntesdesanluis.png","contentUrl":"https:\/\/apuntesdesanluis.com\/wp-content\/uploads\/2023\/07\/cropped-apuntesdesanluis.png","width":450,"height":112,"caption":"apuntesdesanluis.com"},"logo":{"@id":"https:\/\/apuntesdesanluis.com\/#\/schema\/person\/image\/"},"sameAs":["https:\/\/apuntesdesanluis.com"],"url":"https:\/\/apuntesdesanluis.com\/index.php\/author\/apuntesdesanluis-com\/"}]}},"featured_image_urls":{"full":["https:\/\/apuntesdesanluis.com\/wp-content\/uploads\/2023\/08\/GARCIARENA.png",607,363,false],"thumbnail":["https:\/\/apuntesdesanluis.com\/wp-content\/uploads\/2023\/08\/GARCIARENA-150x150.png",150,150,true],"medium":["https:\/\/apuntesdesanluis.com\/wp-content\/uploads\/2023\/08\/GARCIARENA-300x179.png",300,179,true],"medium_large":["https:\/\/apuntesdesanluis.com\/wp-content\/uploads\/2023\/08\/GARCIARENA.png",607,363,false],"large":["https:\/\/apuntesdesanluis.com\/wp-content\/uploads\/2023\/08\/GARCIARENA.png",607,363,false],"1536x1536":["https:\/\/apuntesdesanluis.com\/wp-content\/uploads\/2023\/08\/GARCIARENA.png",607,363,false],"2048x2048":["https:\/\/apuntesdesanluis.com\/wp-content\/uploads\/2023\/08\/GARCIARENA.png",607,363,false],"newsever-slider-full":["https:\/\/apuntesdesanluis.com\/wp-content\/uploads\/2023\/08\/GARCIARENA.png",607,363,false],"newsever-featured":["https:\/\/apuntesdesanluis.com\/wp-content\/uploads\/2023\/08\/GARCIARENA.png",607,363,false],"newsever-medium":["https:\/\/apuntesdesanluis.com\/wp-content\/uploads\/2023\/08\/GARCIARENA.png",607,363,false]},"author_info":{"display_name":"apuntesdesanluis.com","author_link":"https:\/\/apuntesdesanluis.com\/index.php\/author\/apuntesdesanluis-com\/"},"category_info":"<a href=\"https:\/\/apuntesdesanluis.com\/index.php\/category\/ciudad-provincia\/\" rel=\"category tag\">Ciudad\/Provincia<\/a>","tag_info":"Ciudad\/Provincia","comment_count":"0","_links":{"self":[{"href":"https:\/\/apuntesdesanluis.com\/index.php\/wp-json\/wp\/v2\/posts\/1001","targetHints":{"allow":["GET"]}}],"collection":[{"href":"https:\/\/apuntesdesanluis.com\/index.php\/wp-json\/wp\/v2\/posts"}],"about":[{"href":"https:\/\/apuntesdesanluis.com\/index.php\/wp-json\/wp\/v2\/types\/post"}],"author":[{"embeddable":true,"href":"https:\/\/apuntesdesanluis.com\/index.php\/wp-json\/wp\/v2\/users\/1"}],"replies":[{"embeddable":true,"href":"https:\/\/apuntesdesanluis.com\/index.php\/wp-json\/wp\/v2\/comments?post=1001"}],"version-history":[{"count":1,"href":"https:\/\/apuntesdesanluis.com\/index.php\/wp-json\/wp\/v2\/posts\/1001\/revisions"}],"predecessor-version":[{"id":1004,"href":"https:\/\/apuntesdesanluis.com\/index.php\/wp-json\/wp\/v2\/posts\/1001\/revisions\/1004"}],"wp:featuredmedia":[{"embeddable":true,"href":"https:\/\/apuntesdesanluis.com\/index.php\/wp-json\/wp\/v2\/media\/1002"}],"wp:attachment":[{"href":"https:\/\/apuntesdesanluis.com\/index.php\/wp-json\/wp\/v2\/media?parent=1001"}],"wp:term":[{"taxonomy":"category","embeddable":true,"href":"https:\/\/apuntesdesanluis.com\/index.php\/wp-json\/wp\/v2\/categories?post=1001"},{"taxonomy":"post_tag","embeddable":true,"href":"https:\/\/apuntesdesanluis.com\/index.php\/wp-json\/wp\/v2\/tags?post=1001"}],"curies":[{"name":"wp","href":"https:\/\/api.w.org\/{rel}","templated":true}]}}