{"id":10017,"date":"2024-01-12T21:09:08","date_gmt":"2024-01-13T00:09:08","guid":{"rendered":"https:\/\/apuntesdesanluis.com\/?p=10017"},"modified":"2024-01-12T21:09:08","modified_gmt":"2024-01-13T00:09:08","slug":"escandalo-en-el-teatro-colon-echaron-al-director-musical-acusado-de-abuso-de-menores-en-londres","status":"publish","type":"post","link":"https:\/\/apuntesdesanluis.com\/index.php\/2024\/01\/12\/escandalo-en-el-teatro-colon-echaron-al-director-musical-acusado-de-abuso-de-menores-en-londres\/","title":{"rendered":"ESC\u00c1NDALO EN EL TEATRO COL\u00d3N: ECHARON AL DIRECTOR MUSICAL, ACUSADO DE ABUSO DE MENORES EN LONDRES"},"content":{"rendered":"<h3>Fue detenido en una estaci\u00f3n de tren acusado de &#8220;organizar o facilitar un delito sexual infantil&#8221;, seg\u00fan inform\u00f3 la BBC.<\/h3>\n<h3><strong>Jan Latham-Koening<\/strong> (70), hasta hoy director musical del Teatro Col\u00f3n, fue detenido por la polic\u00eda londinense en la estaci\u00f3n de tren Victoria despu\u00e9s de ser acusado de delitos sexuales contra menores el mi\u00e9rcoles 10 de enero.<\/h3>\n<h3>Seg\u00fan Scotland Yard, la polic\u00eda del pa\u00eds, el reconocido maestro brit\u00e1nico es \u201cacusado de facilitar la comisi\u00f3n de delitos sexuales contra menores y de mantener comunicaciones de car\u00e1cter sexual con un ni\u00f1o\u201d, indicaron.<\/h3>\n<h3>Al mediod\u00eda, el Teatro Col\u00f3n emiti\u00f3 un comunicado de prensa en el que decidieron \u201cdesvincularlo de todas las actividades actuales y futuras que desempe\u00f1aba en el \u00e1mbito de la instituci\u00f3n\u201d.<\/h3>\n<h3><img fetchpriority=\"high\" decoding=\"async\" class=\"wp-image-10019 aligncenter\" src=\"https:\/\/apuntesdesanluis.com\/wp-content\/uploads\/2024\/01\/gacetilla-300x176.png\" alt=\"\" width=\"615\" height=\"361\" srcset=\"https:\/\/apuntesdesanluis.com\/wp-content\/uploads\/2024\/01\/gacetilla-300x176.png 300w, https:\/\/apuntesdesanluis.com\/wp-content\/uploads\/2024\/01\/gacetilla-768x450.png 768w, https:\/\/apuntesdesanluis.com\/wp-content\/uploads\/2024\/01\/gacetilla.png 823w\" sizes=\"(max-width: 615px) 100vw, 615px\" \/><\/h3>\n<h3>El viernes, se present\u00f3 ante el Tribunal de Magistrados de Westminster y qued\u00f3 en libertad condicional a la espera de la pr\u00f3xima comparecencia programada para el mes de febrero.<\/h3>\n<h3>Latham-Koening asumi\u00f3 como director del Teatro Col\u00f3n en enero de 2023 y tiene una amplia trayectoria en la m\u00fasica cl\u00e1sica. Dirigi\u00f3 orquestas y teatros de \u00f3pera por toda Europa, y desde 2019 es fundador y Director Art\u00edstico de la Orquesta del Festival Britten-Shostakovich.<\/h3>\n<h3>En 2020, recibi\u00f3 un galard\u00f3n por sus servicios a la m\u00fasica y sus contribuciones a las relaciones culturales entre Inglaterra y Rusia.<\/h3>\n","protected":false},"excerpt":{"rendered":"<p>Fue detenido en una estaci\u00f3n de tren acusado de &#8220;organizar o facilitar un delito sexual&#8230;<\/p>\n","protected":false},"author":1,"featured_media":10018,"comment_status":"closed","ping_status":"closed","sticky":false,"template":"","format":"standard","meta":{"footnotes":""},"categories":[5],"tags":[],"class_list":["post-10017","post","type-post","status-publish","format-standard","has-post-thumbnail","hentry","category-nacionales-internacionales"],"yoast_head":"<!-- This site is optimized with the Yoast SEO plugin v26.1.1 - https:\/\/yoast.com\/wordpress\/plugins\/seo\/ -->\n<title>ESC\u00c1NDALO EN EL TEATRO COL\u00d3N: ECHARON AL DIRECTOR MUSICAL, ACUSADO DE ABUSO DE MENORES EN LONDRES - Apuntes de San Luis<\/title>\n<meta name=\"robots\" content=\"index, follow, max-snippet:-1, max-image-preview:large, max-video-preview:-1\" \/>\n<link rel=\"canonical\" href=\"https:\/\/apuntesdesanluis.com\/index.php\/2024\/01\/12\/escandalo-en-el-teatro-colon-echaron-al-director-musical-acusado-de-abuso-de-menores-en-londres\/\" \/>\n<meta property=\"og:locale\" content=\"es_ES\" \/>\n<meta property=\"og:type\" content=\"article\" \/>\n<meta property=\"og:title\" content=\"ESC\u00c1NDALO EN EL TEATRO COL\u00d3N: ECHARON AL DIRECTOR MUSICAL, ACUSADO DE ABUSO DE MENORES EN LONDRES - Apuntes de San Luis\" \/>\n<meta property=\"og:description\" content=\"Fue detenido en una estaci\u00f3n de tren acusado de &#8220;organizar o facilitar un delito sexual...\" \/>\n<meta property=\"og:url\" content=\"https:\/\/apuntesdesanluis.com\/index.php\/2024\/01\/12\/escandalo-en-el-teatro-colon-echaron-al-director-musical-acusado-de-abuso-de-menores-en-londres\/\" \/>\n<meta property=\"og:site_name\" content=\"Apuntes de San Luis\" \/>\n<meta property=\"article:published_time\" content=\"2024-01-13T00:09:08+00:00\" \/>\n<meta property=\"og:image\" content=\"https:\/\/apuntesdesanluis.com\/wp-content\/uploads\/2024\/01\/director.png\" \/>\n\t<meta property=\"og:image:width\" content=\"775\" \/>\n\t<meta property=\"og:image:height\" content=\"484\" \/>\n\t<meta property=\"og:image:type\" content=\"image\/png\" \/>\n<meta name=\"author\" content=\"apuntesdesanluis.com\" \/>\n<meta name=\"twitter:card\" content=\"summary_large_image\" \/>\n<meta name=\"twitter:label1\" content=\"Escrito por\" \/>\n\t<meta name=\"twitter:data1\" content=\"apuntesdesanluis.com\" \/>\n\t<meta name=\"twitter:label2\" content=\"Tiempo de lectura\" \/>\n\t<meta name=\"twitter:data2\" content=\"2 minutos\" \/>\n<script type=\"application\/ld+json\" class=\"yoast-schema-graph\">{\"@context\":\"https:\/\/schema.org\",\"@graph\":[{\"@type\":\"Article\",\"@id\":\"https:\/\/apuntesdesanluis.com\/index.php\/2024\/01\/12\/escandalo-en-el-teatro-colon-echaron-al-director-musical-acusado-de-abuso-de-menores-en-londres\/#article\",\"isPartOf\":{\"@id\":\"https:\/\/apuntesdesanluis.com\/index.php\/2024\/01\/12\/escandalo-en-el-teatro-colon-echaron-al-director-musical-acusado-de-abuso-de-menores-en-londres\/\"},\"author\":{\"name\":\"apuntesdesanluis.com\",\"@id\":\"https:\/\/apuntesdesanluis.com\/#\/schema\/person\/b55151d52296fcce64d1a72538a70b90\"},\"headline\":\"ESC\u00c1NDALO EN EL TEATRO COL\u00d3N: ECHARON AL DIRECTOR MUSICAL, ACUSADO DE ABUSO DE MENORES EN LONDRES\",\"datePublished\":\"2024-01-13T00:09:08+00:00\",\"mainEntityOfPage\":{\"@id\":\"https:\/\/apuntesdesanluis.com\/index.php\/2024\/01\/12\/escandalo-en-el-teatro-colon-echaron-al-director-musical-acusado-de-abuso-de-menores-en-londres\/\"},\"wordCount\":251,\"publisher\":{\"@id\":\"https:\/\/apuntesdesanluis.com\/#\/schema\/person\/b55151d52296fcce64d1a72538a70b90\"},\"image\":{\"@id\":\"https:\/\/apuntesdesanluis.com\/index.php\/2024\/01\/12\/escandalo-en-el-teatro-colon-echaron-al-director-musical-acusado-de-abuso-de-menores-en-londres\/#primaryimage\"},\"thumbnailUrl\":\"https:\/\/apuntesdesanluis.com\/wp-content\/uploads\/2024\/01\/director.png\",\"articleSection\":[\"Nacionales\/Internacionales\"],\"inLanguage\":\"es-AR\"},{\"@type\":\"WebPage\",\"@id\":\"https:\/\/apuntesdesanluis.com\/index.php\/2024\/01\/12\/escandalo-en-el-teatro-colon-echaron-al-director-musical-acusado-de-abuso-de-menores-en-londres\/\",\"url\":\"https:\/\/apuntesdesanluis.com\/index.php\/2024\/01\/12\/escandalo-en-el-teatro-colon-echaron-al-director-musical-acusado-de-abuso-de-menores-en-londres\/\",\"name\":\"ESC\u00c1NDALO EN EL TEATRO COL\u00d3N: ECHARON AL DIRECTOR MUSICAL, ACUSADO DE ABUSO DE MENORES EN LONDRES - Apuntes de San Luis\",\"isPartOf\":{\"@id\":\"https:\/\/apuntesdesanluis.com\/#website\"},\"primaryImageOfPage\":{\"@id\":\"https:\/\/apuntesdesanluis.com\/index.php\/2024\/01\/12\/escandalo-en-el-teatro-colon-echaron-al-director-musical-acusado-de-abuso-de-menores-en-londres\/#primaryimage\"},\"image\":{\"@id\":\"https:\/\/apuntesdesanluis.com\/index.php\/2024\/01\/12\/escandalo-en-el-teatro-colon-echaron-al-director-musical-acusado-de-abuso-de-menores-en-londres\/#primaryimage\"},\"thumbnailUrl\":\"https:\/\/apuntesdesanluis.com\/wp-content\/uploads\/2024\/01\/director.png\",\"datePublished\":\"2024-01-13T00:09:08+00:00\",\"breadcrumb\":{\"@id\":\"https:\/\/apuntesdesanluis.com\/index.php\/2024\/01\/12\/escandalo-en-el-teatro-colon-echaron-al-director-musical-acusado-de-abuso-de-menores-en-londres\/#breadcrumb\"},\"inLanguage\":\"es-AR\",\"potentialAction\":[{\"@type\":\"ReadAction\",\"target\":[\"https:\/\/apuntesdesanluis.com\/index.php\/2024\/01\/12\/escandalo-en-el-teatro-colon-echaron-al-director-musical-acusado-de-abuso-de-menores-en-londres\/\"]}]},{\"@type\":\"ImageObject\",\"inLanguage\":\"es-AR\",\"@id\":\"https:\/\/apuntesdesanluis.com\/index.php\/2024\/01\/12\/escandalo-en-el-teatro-colon-echaron-al-director-musical-acusado-de-abuso-de-menores-en-londres\/#primaryimage\",\"url\":\"https:\/\/apuntesdesanluis.com\/wp-content\/uploads\/2024\/01\/director.png\",\"contentUrl\":\"https:\/\/apuntesdesanluis.com\/wp-content\/uploads\/2024\/01\/director.png\",\"width\":775,\"height\":484},{\"@type\":\"BreadcrumbList\",\"@id\":\"https:\/\/apuntesdesanluis.com\/index.php\/2024\/01\/12\/escandalo-en-el-teatro-colon-echaron-al-director-musical-acusado-de-abuso-de-menores-en-londres\/#breadcrumb\",\"itemListElement\":[{\"@type\":\"ListItem\",\"position\":1,\"name\":\"Inicio\",\"item\":\"https:\/\/apuntesdesanluis.com\/\"},{\"@type\":\"ListItem\",\"position\":2,\"name\":\"ESC\u00c1NDALO EN EL TEATRO COL\u00d3N: ECHARON AL DIRECTOR MUSICAL, ACUSADO DE ABUSO DE MENORES EN LONDRES\"}]},{\"@type\":\"WebSite\",\"@id\":\"https:\/\/apuntesdesanluis.com\/#website\",\"url\":\"https:\/\/apuntesdesanluis.com\/\",\"name\":\"Apuntes de San Luis\",\"description\":\"\",\"publisher\":{\"@id\":\"https:\/\/apuntesdesanluis.com\/#\/schema\/person\/b55151d52296fcce64d1a72538a70b90\"},\"potentialAction\":[{\"@type\":\"SearchAction\",\"target\":{\"@type\":\"EntryPoint\",\"urlTemplate\":\"https:\/\/apuntesdesanluis.com\/?s={search_term_string}\"},\"query-input\":{\"@type\":\"PropertyValueSpecification\",\"valueRequired\":true,\"valueName\":\"search_term_string\"}}],\"inLanguage\":\"es-AR\"},{\"@type\":[\"Person\",\"Organization\"],\"@id\":\"https:\/\/apuntesdesanluis.com\/#\/schema\/person\/b55151d52296fcce64d1a72538a70b90\",\"name\":\"apuntesdesanluis.com\",\"image\":{\"@type\":\"ImageObject\",\"inLanguage\":\"es-AR\",\"@id\":\"https:\/\/apuntesdesanluis.com\/#\/schema\/person\/image\/\",\"url\":\"https:\/\/apuntesdesanluis.com\/wp-content\/uploads\/2023\/07\/cropped-apuntesdesanluis.png\",\"contentUrl\":\"https:\/\/apuntesdesanluis.com\/wp-content\/uploads\/2023\/07\/cropped-apuntesdesanluis.png\",\"width\":450,\"height\":112,\"caption\":\"apuntesdesanluis.com\"},\"logo\":{\"@id\":\"https:\/\/apuntesdesanluis.com\/#\/schema\/person\/image\/\"},\"sameAs\":[\"https:\/\/apuntesdesanluis.com\"],\"url\":\"https:\/\/apuntesdesanluis.com\/index.php\/author\/apuntesdesanluis-com\/\"}]}<\/script>\n<!-- \/ Yoast SEO plugin. -->","yoast_head_json":{"title":"ESC\u00c1NDALO EN EL TEATRO COL\u00d3N: ECHARON AL DIRECTOR MUSICAL, ACUSADO DE ABUSO DE MENORES EN LONDRES - Apuntes de San Luis","robots":{"index":"index","follow":"follow","max-snippet":"max-snippet:-1","max-image-preview":"max-image-preview:large","max-video-preview":"max-video-preview:-1"},"canonical":"https:\/\/apuntesdesanluis.com\/index.php\/2024\/01\/12\/escandalo-en-el-teatro-colon-echaron-al-director-musical-acusado-de-abuso-de-menores-en-londres\/","og_locale":"es_ES","og_type":"article","og_title":"ESC\u00c1NDALO EN EL TEATRO COL\u00d3N: ECHARON AL DIRECTOR MUSICAL, ACUSADO DE ABUSO DE MENORES EN LONDRES - Apuntes de San Luis","og_description":"Fue detenido en una estaci\u00f3n de tren acusado de &#8220;organizar o facilitar un delito sexual...","og_url":"https:\/\/apuntesdesanluis.com\/index.php\/2024\/01\/12\/escandalo-en-el-teatro-colon-echaron-al-director-musical-acusado-de-abuso-de-menores-en-londres\/","og_site_name":"Apuntes de San Luis","article_published_time":"2024-01-13T00:09:08+00:00","og_image":[{"width":775,"height":484,"url":"https:\/\/apuntesdesanluis.com\/wp-content\/uploads\/2024\/01\/director.png","type":"image\/png"}],"author":"apuntesdesanluis.com","twitter_card":"summary_large_image","twitter_misc":{"Escrito por":"apuntesdesanluis.com","Tiempo de lectura":"2 minutos"},"schema":{"@context":"https:\/\/schema.org","@graph":[{"@type":"Article","@id":"https:\/\/apuntesdesanluis.com\/index.php\/2024\/01\/12\/escandalo-en-el-teatro-colon-echaron-al-director-musical-acusado-de-abuso-de-menores-en-londres\/#article","isPartOf":{"@id":"https:\/\/apuntesdesanluis.com\/index.php\/2024\/01\/12\/escandalo-en-el-teatro-colon-echaron-al-director-musical-acusado-de-abuso-de-menores-en-londres\/"},"author":{"name":"apuntesdesanluis.com","@id":"https:\/\/apuntesdesanluis.com\/#\/schema\/person\/b55151d52296fcce64d1a72538a70b90"},"headline":"ESC\u00c1NDALO EN EL TEATRO COL\u00d3N: ECHARON AL DIRECTOR MUSICAL, ACUSADO DE ABUSO DE MENORES EN LONDRES","datePublished":"2024-01-13T00:09:08+00:00","mainEntityOfPage":{"@id":"https:\/\/apuntesdesanluis.com\/index.php\/2024\/01\/12\/escandalo-en-el-teatro-colon-echaron-al-director-musical-acusado-de-abuso-de-menores-en-londres\/"},"wordCount":251,"publisher":{"@id":"https:\/\/apuntesdesanluis.com\/#\/schema\/person\/b55151d52296fcce64d1a72538a70b90"},"image":{"@id":"https:\/\/apuntesdesanluis.com\/index.php\/2024\/01\/12\/escandalo-en-el-teatro-colon-echaron-al-director-musical-acusado-de-abuso-de-menores-en-londres\/#primaryimage"},"thumbnailUrl":"https:\/\/apuntesdesanluis.com\/wp-content\/uploads\/2024\/01\/director.png","articleSection":["Nacionales\/Internacionales"],"inLanguage":"es-AR"},{"@type":"WebPage","@id":"https:\/\/apuntesdesanluis.com\/index.php\/2024\/01\/12\/escandalo-en-el-teatro-colon-echaron-al-director-musical-acusado-de-abuso-de-menores-en-londres\/","url":"https:\/\/apuntesdesanluis.com\/index.php\/2024\/01\/12\/escandalo-en-el-teatro-colon-echaron-al-director-musical-acusado-de-abuso-de-menores-en-londres\/","name":"ESC\u00c1NDALO EN EL TEATRO COL\u00d3N: ECHARON AL DIRECTOR MUSICAL, ACUSADO DE ABUSO DE MENORES EN LONDRES - Apuntes de San Luis","isPartOf":{"@id":"https:\/\/apuntesdesanluis.com\/#website"},"primaryImageOfPage":{"@id":"https:\/\/apuntesdesanluis.com\/index.php\/2024\/01\/12\/escandalo-en-el-teatro-colon-echaron-al-director-musical-acusado-de-abuso-de-menores-en-londres\/#primaryimage"},"image":{"@id":"https:\/\/apuntesdesanluis.com\/index.php\/2024\/01\/12\/escandalo-en-el-teatro-colon-echaron-al-director-musical-acusado-de-abuso-de-menores-en-londres\/#primaryimage"},"thumbnailUrl":"https:\/\/apuntesdesanluis.com\/wp-content\/uploads\/2024\/01\/director.png","datePublished":"2024-01-13T00:09:08+00:00","breadcrumb":{"@id":"https:\/\/apuntesdesanluis.com\/index.php\/2024\/01\/12\/escandalo-en-el-teatro-colon-echaron-al-director-musical-acusado-de-abuso-de-menores-en-londres\/#breadcrumb"},"inLanguage":"es-AR","potentialAction":[{"@type":"ReadAction","target":["https:\/\/apuntesdesanluis.com\/index.php\/2024\/01\/12\/escandalo-en-el-teatro-colon-echaron-al-director-musical-acusado-de-abuso-de-menores-en-londres\/"]}]},{"@type":"ImageObject","inLanguage":"es-AR","@id":"https:\/\/apuntesdesanluis.com\/index.php\/2024\/01\/12\/escandalo-en-el-teatro-colon-echaron-al-director-musical-acusado-de-abuso-de-menores-en-londres\/#primaryimage","url":"https:\/\/apuntesdesanluis.com\/wp-content\/uploads\/2024\/01\/director.png","contentUrl":"https:\/\/apuntesdesanluis.com\/wp-content\/uploads\/2024\/01\/director.png","width":775,"height":484},{"@type":"BreadcrumbList","@id":"https:\/\/apuntesdesanluis.com\/index.php\/2024\/01\/12\/escandalo-en-el-teatro-colon-echaron-al-director-musical-acusado-de-abuso-de-menores-en-londres\/#breadcrumb","itemListElement":[{"@type":"ListItem","position":1,"name":"Inicio","item":"https:\/\/apuntesdesanluis.com\/"},{"@type":"ListItem","position":2,"name":"ESC\u00c1NDALO EN EL TEATRO COL\u00d3N: ECHARON AL DIRECTOR MUSICAL, ACUSADO DE ABUSO DE MENORES EN LONDRES"}]},{"@type":"WebSite","@id":"https:\/\/apuntesdesanluis.com\/#website","url":"https:\/\/apuntesdesanluis.com\/","name":"Apuntes de San Luis","description":"","publisher":{"@id":"https:\/\/apuntesdesanluis.com\/#\/schema\/person\/b55151d52296fcce64d1a72538a70b90"},"potentialAction":[{"@type":"SearchAction","target":{"@type":"EntryPoint","urlTemplate":"https:\/\/apuntesdesanluis.com\/?s={search_term_string}"},"query-input":{"@type":"PropertyValueSpecification","valueRequired":true,"valueName":"search_term_string"}}],"inLanguage":"es-AR"},{"@type":["Person","Organization"],"@id":"https:\/\/apuntesdesanluis.com\/#\/schema\/person\/b55151d52296fcce64d1a72538a70b90","name":"apuntesdesanluis.com","image":{"@type":"ImageObject","inLanguage":"es-AR","@id":"https:\/\/apuntesdesanluis.com\/#\/schema\/person\/image\/","url":"https:\/\/apuntesdesanluis.com\/wp-content\/uploads\/2023\/07\/cropped-apuntesdesanluis.png","contentUrl":"https:\/\/apuntesdesanluis.com\/wp-content\/uploads\/2023\/07\/cropped-apuntesdesanluis.png","width":450,"height":112,"caption":"apuntesdesanluis.com"},"logo":{"@id":"https:\/\/apuntesdesanluis.com\/#\/schema\/person\/image\/"},"sameAs":["https:\/\/apuntesdesanluis.com"],"url":"https:\/\/apuntesdesanluis.com\/index.php\/author\/apuntesdesanluis-com\/"}]}},"featured_image_urls":{"full":["https:\/\/apuntesdesanluis.com\/wp-content\/uploads\/2024\/01\/director.png",775,484,false],"thumbnail":["https:\/\/apuntesdesanluis.com\/wp-content\/uploads\/2024\/01\/director-150x150.png",150,150,true],"medium":["https:\/\/apuntesdesanluis.com\/wp-content\/uploads\/2024\/01\/director-300x187.png",300,187,true],"medium_large":["https:\/\/apuntesdesanluis.com\/wp-content\/uploads\/2024\/01\/director-768x480.png",640,400,true],"large":["https:\/\/apuntesdesanluis.com\/wp-content\/uploads\/2024\/01\/director.png",640,400,false],"1536x1536":["https:\/\/apuntesdesanluis.com\/wp-content\/uploads\/2024\/01\/director.png",775,484,false],"2048x2048":["https:\/\/apuntesdesanluis.com\/wp-content\/uploads\/2024\/01\/director.png",775,484,false],"newsever-slider-full":["https:\/\/apuntesdesanluis.com\/wp-content\/uploads\/2024\/01\/director.png",775,484,false],"newsever-featured":["https:\/\/apuntesdesanluis.com\/wp-content\/uploads\/2024\/01\/director.png",775,484,false],"newsever-medium":["https:\/\/apuntesdesanluis.com\/wp-content\/uploads\/2024\/01\/director-720x475.png",720,475,true]},"author_info":{"display_name":"apuntesdesanluis.com","author_link":"https:\/\/apuntesdesanluis.com\/index.php\/author\/apuntesdesanluis-com\/"},"category_info":"<a href=\"https:\/\/apuntesdesanluis.com\/index.php\/category\/nacionales-internacionales\/\" rel=\"category tag\">Nacionales\/Internacionales<\/a>","tag_info":"Nacionales\/Internacionales","comment_count":"0","_links":{"self":[{"href":"https:\/\/apuntesdesanluis.com\/index.php\/wp-json\/wp\/v2\/posts\/10017","targetHints":{"allow":["GET"]}}],"collection":[{"href":"https:\/\/apuntesdesanluis.com\/index.php\/wp-json\/wp\/v2\/posts"}],"about":[{"href":"https:\/\/apuntesdesanluis.com\/index.php\/wp-json\/wp\/v2\/types\/post"}],"author":[{"embeddable":true,"href":"https:\/\/apuntesdesanluis.com\/index.php\/wp-json\/wp\/v2\/users\/1"}],"replies":[{"embeddable":true,"href":"https:\/\/apuntesdesanluis.com\/index.php\/wp-json\/wp\/v2\/comments?post=10017"}],"version-history":[{"count":1,"href":"https:\/\/apuntesdesanluis.com\/index.php\/wp-json\/wp\/v2\/posts\/10017\/revisions"}],"predecessor-version":[{"id":10020,"href":"https:\/\/apuntesdesanluis.com\/index.php\/wp-json\/wp\/v2\/posts\/10017\/revisions\/10020"}],"wp:featuredmedia":[{"embeddable":true,"href":"https:\/\/apuntesdesanluis.com\/index.php\/wp-json\/wp\/v2\/media\/10018"}],"wp:attachment":[{"href":"https:\/\/apuntesdesanluis.com\/index.php\/wp-json\/wp\/v2\/media?parent=10017"}],"wp:term":[{"taxonomy":"category","embeddable":true,"href":"https:\/\/apuntesdesanluis.com\/index.php\/wp-json\/wp\/v2\/categories?post=10017"},{"taxonomy":"post_tag","embeddable":true,"href":"https:\/\/apuntesdesanluis.com\/index.php\/wp-json\/wp\/v2\/tags?post=10017"}],"curies":[{"name":"wp","href":"https:\/\/api.w.org\/{rel}","templated":true}]}}