{"id":1005,"date":"2023-08-03T21:11:20","date_gmt":"2023-08-04T00:11:20","guid":{"rendered":"https:\/\/apuntesdesanluis.com\/?p=1005"},"modified":"2023-08-04T10:51:01","modified_gmt":"2023-08-04T13:51:01","slug":"beneficiarios-y-beneficiarias-del-programa-empezar-cobran-este-viernes","status":"publish","type":"post","link":"https:\/\/apuntesdesanluis.com\/index.php\/2023\/08\/03\/beneficiarios-y-beneficiarias-del-programa-empezar-cobran-este-viernes\/","title":{"rendered":"BENEFICIARIOS Y BENEFICIARIAS DEL PROGRAMA EMPEZAR COBRAN ESTE VIERNES"},"content":{"rendered":"<h3>Las y los j\u00f3venes de la modalidad \u201cAprendiz\u201d cobrar\u00e1n $36.000; mientras que para los que est\u00e1n registrados en \u201cEntrenamiento\u201d, el monto ser\u00e1 de $30.000. Los haberes, correspondientes a julio, estar\u00e1n depositados este viernes\u00a0 en las cuentas del Banco Naci\u00f3n.<\/h3>\n<h3>El dinero se podr\u00e1 retirar en cajeros de la Red Link, con tarjetas de d\u00e9bito o a trav\u00e9s de la aplicaci\u00f3n para celulares BNA+.<\/h3>\n<h3>En marzo el secretario de las Juventudes, Emiliano Blanco, anunci\u00f3 un aumento del 100% del beneficio. En el caso de la categor\u00eda Aprendiz, pas\u00f3 de $15.000 a $30.000; y las y los j\u00f3venes que forman parte de la modalidad Entrenamiento percib\u00edan $18.000 y ahora $36.000.<\/h3>\n<h3>ESTAMPILLAS ESCOLARES<\/h3>\n<h3>Asimismo, este viernes, 419 j\u00f3venes de toda la provincia que egresaron del Ciclo Lectivo 2022 cobrar\u00e1n sus Estampillas Escolares \u201cAhorro para mi Futuro\u201d.<\/h3>\n<h3>De esta forma, se sumar\u00e1n a aquellos que en diciembre hab\u00edan recibido el canje anticipado y a otros pagos que fueron realiz\u00e1ndose a lo largo del a\u00f1o, totalizando 6710 beneficiarios de esa camada.<\/h3>\n<h3><strong>Es importante recordar que las Estampillas se pagan de manera virtual a trav\u00e9s de activos digitales<\/strong>, para lo cual es fundamental que se descarguen la\u00a0<strong>aplicaci\u00f3n Activa San Luis<\/strong>\u00a0y validen su identidad. La misma funciona como una billetera virtual, desde la cual podr\u00e1n operar libremente con el dinero depositado.<\/h3>\n","protected":false},"excerpt":{"rendered":"<p>Las y los j\u00f3venes de la modalidad \u201cAprendiz\u201d cobrar\u00e1n $36.000; mientras que para los que&#8230;<\/p>\n","protected":false},"author":1,"featured_media":1006,"comment_status":"closed","ping_status":"closed","sticky":false,"template":"","format":"standard","meta":{"footnotes":""},"categories":[6],"tags":[],"class_list":["post-1005","post","type-post","status-publish","format-standard","has-post-thumbnail","hentry","category-ciudad-provincia"],"yoast_head":"<!-- This site is optimized with the Yoast SEO plugin v26.1.1 - https:\/\/yoast.com\/wordpress\/plugins\/seo\/ -->\n<title>BENEFICIARIOS Y BENEFICIARIAS DEL PROGRAMA EMPEZAR COBRAN ESTE VIERNES - Apuntes de San Luis<\/title>\n<meta name=\"robots\" content=\"index, follow, max-snippet:-1, max-image-preview:large, max-video-preview:-1\" \/>\n<link rel=\"canonical\" href=\"https:\/\/apuntesdesanluis.com\/index.php\/2023\/08\/03\/beneficiarios-y-beneficiarias-del-programa-empezar-cobran-este-viernes\/\" \/>\n<meta property=\"og:locale\" content=\"es_ES\" \/>\n<meta property=\"og:type\" content=\"article\" \/>\n<meta property=\"og:title\" content=\"BENEFICIARIOS Y BENEFICIARIAS DEL PROGRAMA EMPEZAR COBRAN ESTE VIERNES - Apuntes de San Luis\" \/>\n<meta property=\"og:description\" content=\"Las y los j\u00f3venes de la modalidad \u201cAprendiz\u201d cobrar\u00e1n $36.000; mientras que para los que...\" \/>\n<meta property=\"og:url\" content=\"https:\/\/apuntesdesanluis.com\/index.php\/2023\/08\/03\/beneficiarios-y-beneficiarias-del-programa-empezar-cobran-este-viernes\/\" \/>\n<meta property=\"og:site_name\" content=\"Apuntes de San Luis\" \/>\n<meta property=\"article:published_time\" content=\"2023-08-04T00:11:20+00:00\" \/>\n<meta property=\"article:modified_time\" content=\"2023-08-04T13:51:01+00:00\" \/>\n<meta property=\"og:image\" content=\"https:\/\/apuntesdesanluis.com\/wp-content\/uploads\/2023\/08\/empezar.png\" \/>\n\t<meta property=\"og:image:width\" content=\"567\" \/>\n\t<meta property=\"og:image:height\" content=\"376\" \/>\n\t<meta property=\"og:image:type\" content=\"image\/png\" \/>\n<meta name=\"author\" content=\"apuntesdesanluis.com\" \/>\n<meta name=\"twitter:card\" content=\"summary_large_image\" \/>\n<meta name=\"twitter:label1\" content=\"Escrito por\" \/>\n\t<meta name=\"twitter:data1\" content=\"apuntesdesanluis.com\" \/>\n\t<meta name=\"twitter:label2\" content=\"Tiempo de lectura\" \/>\n\t<meta name=\"twitter:data2\" content=\"1 minuto\" \/>\n<script type=\"application\/ld+json\" class=\"yoast-schema-graph\">{\"@context\":\"https:\/\/schema.org\",\"@graph\":[{\"@type\":\"Article\",\"@id\":\"https:\/\/apuntesdesanluis.com\/index.php\/2023\/08\/03\/beneficiarios-y-beneficiarias-del-programa-empezar-cobran-este-viernes\/#article\",\"isPartOf\":{\"@id\":\"https:\/\/apuntesdesanluis.com\/index.php\/2023\/08\/03\/beneficiarios-y-beneficiarias-del-programa-empezar-cobran-este-viernes\/\"},\"author\":{\"name\":\"apuntesdesanluis.com\",\"@id\":\"https:\/\/apuntesdesanluis.com\/#\/schema\/person\/b55151d52296fcce64d1a72538a70b90\"},\"headline\":\"BENEFICIARIOS Y BENEFICIARIAS DEL PROGRAMA EMPEZAR COBRAN ESTE VIERNES\",\"datePublished\":\"2023-08-04T00:11:20+00:00\",\"dateModified\":\"2023-08-04T13:51:01+00:00\",\"mainEntityOfPage\":{\"@id\":\"https:\/\/apuntesdesanluis.com\/index.php\/2023\/08\/03\/beneficiarios-y-beneficiarias-del-programa-empezar-cobran-este-viernes\/\"},\"wordCount\":235,\"publisher\":{\"@id\":\"https:\/\/apuntesdesanluis.com\/#\/schema\/person\/b55151d52296fcce64d1a72538a70b90\"},\"image\":{\"@id\":\"https:\/\/apuntesdesanluis.com\/index.php\/2023\/08\/03\/beneficiarios-y-beneficiarias-del-programa-empezar-cobran-este-viernes\/#primaryimage\"},\"thumbnailUrl\":\"https:\/\/apuntesdesanluis.com\/wp-content\/uploads\/2023\/08\/empezar.png\",\"articleSection\":[\"Ciudad\/Provincia\"],\"inLanguage\":\"es-AR\"},{\"@type\":\"WebPage\",\"@id\":\"https:\/\/apuntesdesanluis.com\/index.php\/2023\/08\/03\/beneficiarios-y-beneficiarias-del-programa-empezar-cobran-este-viernes\/\",\"url\":\"https:\/\/apuntesdesanluis.com\/index.php\/2023\/08\/03\/beneficiarios-y-beneficiarias-del-programa-empezar-cobran-este-viernes\/\",\"name\":\"BENEFICIARIOS Y BENEFICIARIAS DEL PROGRAMA EMPEZAR COBRAN ESTE VIERNES - Apuntes de San Luis\",\"isPartOf\":{\"@id\":\"https:\/\/apuntesdesanluis.com\/#website\"},\"primaryImageOfPage\":{\"@id\":\"https:\/\/apuntesdesanluis.com\/index.php\/2023\/08\/03\/beneficiarios-y-beneficiarias-del-programa-empezar-cobran-este-viernes\/#primaryimage\"},\"image\":{\"@id\":\"https:\/\/apuntesdesanluis.com\/index.php\/2023\/08\/03\/beneficiarios-y-beneficiarias-del-programa-empezar-cobran-este-viernes\/#primaryimage\"},\"thumbnailUrl\":\"https:\/\/apuntesdesanluis.com\/wp-content\/uploads\/2023\/08\/empezar.png\",\"datePublished\":\"2023-08-04T00:11:20+00:00\",\"dateModified\":\"2023-08-04T13:51:01+00:00\",\"breadcrumb\":{\"@id\":\"https:\/\/apuntesdesanluis.com\/index.php\/2023\/08\/03\/beneficiarios-y-beneficiarias-del-programa-empezar-cobran-este-viernes\/#breadcrumb\"},\"inLanguage\":\"es-AR\",\"potentialAction\":[{\"@type\":\"ReadAction\",\"target\":[\"https:\/\/apuntesdesanluis.com\/index.php\/2023\/08\/03\/beneficiarios-y-beneficiarias-del-programa-empezar-cobran-este-viernes\/\"]}]},{\"@type\":\"ImageObject\",\"inLanguage\":\"es-AR\",\"@id\":\"https:\/\/apuntesdesanluis.com\/index.php\/2023\/08\/03\/beneficiarios-y-beneficiarias-del-programa-empezar-cobran-este-viernes\/#primaryimage\",\"url\":\"https:\/\/apuntesdesanluis.com\/wp-content\/uploads\/2023\/08\/empezar.png\",\"contentUrl\":\"https:\/\/apuntesdesanluis.com\/wp-content\/uploads\/2023\/08\/empezar.png\",\"width\":567,\"height\":376},{\"@type\":\"BreadcrumbList\",\"@id\":\"https:\/\/apuntesdesanluis.com\/index.php\/2023\/08\/03\/beneficiarios-y-beneficiarias-del-programa-empezar-cobran-este-viernes\/#breadcrumb\",\"itemListElement\":[{\"@type\":\"ListItem\",\"position\":1,\"name\":\"Inicio\",\"item\":\"https:\/\/apuntesdesanluis.com\/\"},{\"@type\":\"ListItem\",\"position\":2,\"name\":\"BENEFICIARIOS Y BENEFICIARIAS DEL PROGRAMA EMPEZAR COBRAN ESTE VIERNES\"}]},{\"@type\":\"WebSite\",\"@id\":\"https:\/\/apuntesdesanluis.com\/#website\",\"url\":\"https:\/\/apuntesdesanluis.com\/\",\"name\":\"Apuntes de San Luis\",\"description\":\"\",\"publisher\":{\"@id\":\"https:\/\/apuntesdesanluis.com\/#\/schema\/person\/b55151d52296fcce64d1a72538a70b90\"},\"potentialAction\":[{\"@type\":\"SearchAction\",\"target\":{\"@type\":\"EntryPoint\",\"urlTemplate\":\"https:\/\/apuntesdesanluis.com\/?s={search_term_string}\"},\"query-input\":{\"@type\":\"PropertyValueSpecification\",\"valueRequired\":true,\"valueName\":\"search_term_string\"}}],\"inLanguage\":\"es-AR\"},{\"@type\":[\"Person\",\"Organization\"],\"@id\":\"https:\/\/apuntesdesanluis.com\/#\/schema\/person\/b55151d52296fcce64d1a72538a70b90\",\"name\":\"apuntesdesanluis.com\",\"image\":{\"@type\":\"ImageObject\",\"inLanguage\":\"es-AR\",\"@id\":\"https:\/\/apuntesdesanluis.com\/#\/schema\/person\/image\/\",\"url\":\"https:\/\/apuntesdesanluis.com\/wp-content\/uploads\/2023\/07\/cropped-apuntesdesanluis.png\",\"contentUrl\":\"https:\/\/apuntesdesanluis.com\/wp-content\/uploads\/2023\/07\/cropped-apuntesdesanluis.png\",\"width\":450,\"height\":112,\"caption\":\"apuntesdesanluis.com\"},\"logo\":{\"@id\":\"https:\/\/apuntesdesanluis.com\/#\/schema\/person\/image\/\"},\"sameAs\":[\"https:\/\/apuntesdesanluis.com\"],\"url\":\"https:\/\/apuntesdesanluis.com\/index.php\/author\/apuntesdesanluis-com\/\"}]}<\/script>\n<!-- \/ Yoast SEO plugin. -->","yoast_head_json":{"title":"BENEFICIARIOS Y BENEFICIARIAS DEL PROGRAMA EMPEZAR COBRAN ESTE VIERNES - Apuntes de San Luis","robots":{"index":"index","follow":"follow","max-snippet":"max-snippet:-1","max-image-preview":"max-image-preview:large","max-video-preview":"max-video-preview:-1"},"canonical":"https:\/\/apuntesdesanluis.com\/index.php\/2023\/08\/03\/beneficiarios-y-beneficiarias-del-programa-empezar-cobran-este-viernes\/","og_locale":"es_ES","og_type":"article","og_title":"BENEFICIARIOS Y BENEFICIARIAS DEL PROGRAMA EMPEZAR COBRAN ESTE VIERNES - Apuntes de San Luis","og_description":"Las y los j\u00f3venes de la modalidad \u201cAprendiz\u201d cobrar\u00e1n $36.000; mientras que para los que...","og_url":"https:\/\/apuntesdesanluis.com\/index.php\/2023\/08\/03\/beneficiarios-y-beneficiarias-del-programa-empezar-cobran-este-viernes\/","og_site_name":"Apuntes de San Luis","article_published_time":"2023-08-04T00:11:20+00:00","article_modified_time":"2023-08-04T13:51:01+00:00","og_image":[{"width":567,"height":376,"url":"https:\/\/apuntesdesanluis.com\/wp-content\/uploads\/2023\/08\/empezar.png","type":"image\/png"}],"author":"apuntesdesanluis.com","twitter_card":"summary_large_image","twitter_misc":{"Escrito por":"apuntesdesanluis.com","Tiempo de lectura":"1 minuto"},"schema":{"@context":"https:\/\/schema.org","@graph":[{"@type":"Article","@id":"https:\/\/apuntesdesanluis.com\/index.php\/2023\/08\/03\/beneficiarios-y-beneficiarias-del-programa-empezar-cobran-este-viernes\/#article","isPartOf":{"@id":"https:\/\/apuntesdesanluis.com\/index.php\/2023\/08\/03\/beneficiarios-y-beneficiarias-del-programa-empezar-cobran-este-viernes\/"},"author":{"name":"apuntesdesanluis.com","@id":"https:\/\/apuntesdesanluis.com\/#\/schema\/person\/b55151d52296fcce64d1a72538a70b90"},"headline":"BENEFICIARIOS Y BENEFICIARIAS DEL PROGRAMA EMPEZAR COBRAN ESTE VIERNES","datePublished":"2023-08-04T00:11:20+00:00","dateModified":"2023-08-04T13:51:01+00:00","mainEntityOfPage":{"@id":"https:\/\/apuntesdesanluis.com\/index.php\/2023\/08\/03\/beneficiarios-y-beneficiarias-del-programa-empezar-cobran-este-viernes\/"},"wordCount":235,"publisher":{"@id":"https:\/\/apuntesdesanluis.com\/#\/schema\/person\/b55151d52296fcce64d1a72538a70b90"},"image":{"@id":"https:\/\/apuntesdesanluis.com\/index.php\/2023\/08\/03\/beneficiarios-y-beneficiarias-del-programa-empezar-cobran-este-viernes\/#primaryimage"},"thumbnailUrl":"https:\/\/apuntesdesanluis.com\/wp-content\/uploads\/2023\/08\/empezar.png","articleSection":["Ciudad\/Provincia"],"inLanguage":"es-AR"},{"@type":"WebPage","@id":"https:\/\/apuntesdesanluis.com\/index.php\/2023\/08\/03\/beneficiarios-y-beneficiarias-del-programa-empezar-cobran-este-viernes\/","url":"https:\/\/apuntesdesanluis.com\/index.php\/2023\/08\/03\/beneficiarios-y-beneficiarias-del-programa-empezar-cobran-este-viernes\/","name":"BENEFICIARIOS Y BENEFICIARIAS DEL PROGRAMA EMPEZAR COBRAN ESTE VIERNES - Apuntes de San Luis","isPartOf":{"@id":"https:\/\/apuntesdesanluis.com\/#website"},"primaryImageOfPage":{"@id":"https:\/\/apuntesdesanluis.com\/index.php\/2023\/08\/03\/beneficiarios-y-beneficiarias-del-programa-empezar-cobran-este-viernes\/#primaryimage"},"image":{"@id":"https:\/\/apuntesdesanluis.com\/index.php\/2023\/08\/03\/beneficiarios-y-beneficiarias-del-programa-empezar-cobran-este-viernes\/#primaryimage"},"thumbnailUrl":"https:\/\/apuntesdesanluis.com\/wp-content\/uploads\/2023\/08\/empezar.png","datePublished":"2023-08-04T00:11:20+00:00","dateModified":"2023-08-04T13:51:01+00:00","breadcrumb":{"@id":"https:\/\/apuntesdesanluis.com\/index.php\/2023\/08\/03\/beneficiarios-y-beneficiarias-del-programa-empezar-cobran-este-viernes\/#breadcrumb"},"inLanguage":"es-AR","potentialAction":[{"@type":"ReadAction","target":["https:\/\/apuntesdesanluis.com\/index.php\/2023\/08\/03\/beneficiarios-y-beneficiarias-del-programa-empezar-cobran-este-viernes\/"]}]},{"@type":"ImageObject","inLanguage":"es-AR","@id":"https:\/\/apuntesdesanluis.com\/index.php\/2023\/08\/03\/beneficiarios-y-beneficiarias-del-programa-empezar-cobran-este-viernes\/#primaryimage","url":"https:\/\/apuntesdesanluis.com\/wp-content\/uploads\/2023\/08\/empezar.png","contentUrl":"https:\/\/apuntesdesanluis.com\/wp-content\/uploads\/2023\/08\/empezar.png","width":567,"height":376},{"@type":"BreadcrumbList","@id":"https:\/\/apuntesdesanluis.com\/index.php\/2023\/08\/03\/beneficiarios-y-beneficiarias-del-programa-empezar-cobran-este-viernes\/#breadcrumb","itemListElement":[{"@type":"ListItem","position":1,"name":"Inicio","item":"https:\/\/apuntesdesanluis.com\/"},{"@type":"ListItem","position":2,"name":"BENEFICIARIOS Y BENEFICIARIAS DEL PROGRAMA EMPEZAR COBRAN ESTE VIERNES"}]},{"@type":"WebSite","@id":"https:\/\/apuntesdesanluis.com\/#website","url":"https:\/\/apuntesdesanluis.com\/","name":"Apuntes de San Luis","description":"","publisher":{"@id":"https:\/\/apuntesdesanluis.com\/#\/schema\/person\/b55151d52296fcce64d1a72538a70b90"},"potentialAction":[{"@type":"SearchAction","target":{"@type":"EntryPoint","urlTemplate":"https:\/\/apuntesdesanluis.com\/?s={search_term_string}"},"query-input":{"@type":"PropertyValueSpecification","valueRequired":true,"valueName":"search_term_string"}}],"inLanguage":"es-AR"},{"@type":["Person","Organization"],"@id":"https:\/\/apuntesdesanluis.com\/#\/schema\/person\/b55151d52296fcce64d1a72538a70b90","name":"apuntesdesanluis.com","image":{"@type":"ImageObject","inLanguage":"es-AR","@id":"https:\/\/apuntesdesanluis.com\/#\/schema\/person\/image\/","url":"https:\/\/apuntesdesanluis.com\/wp-content\/uploads\/2023\/07\/cropped-apuntesdesanluis.png","contentUrl":"https:\/\/apuntesdesanluis.com\/wp-content\/uploads\/2023\/07\/cropped-apuntesdesanluis.png","width":450,"height":112,"caption":"apuntesdesanluis.com"},"logo":{"@id":"https:\/\/apuntesdesanluis.com\/#\/schema\/person\/image\/"},"sameAs":["https:\/\/apuntesdesanluis.com"],"url":"https:\/\/apuntesdesanluis.com\/index.php\/author\/apuntesdesanluis-com\/"}]}},"featured_image_urls":{"full":["https:\/\/apuntesdesanluis.com\/wp-content\/uploads\/2023\/08\/empezar.png",567,376,false],"thumbnail":["https:\/\/apuntesdesanluis.com\/wp-content\/uploads\/2023\/08\/empezar-150x150.png",150,150,true],"medium":["https:\/\/apuntesdesanluis.com\/wp-content\/uploads\/2023\/08\/empezar-300x199.png",300,199,true],"medium_large":["https:\/\/apuntesdesanluis.com\/wp-content\/uploads\/2023\/08\/empezar.png",567,376,false],"large":["https:\/\/apuntesdesanluis.com\/wp-content\/uploads\/2023\/08\/empezar.png",567,376,false],"1536x1536":["https:\/\/apuntesdesanluis.com\/wp-content\/uploads\/2023\/08\/empezar.png",567,376,false],"2048x2048":["https:\/\/apuntesdesanluis.com\/wp-content\/uploads\/2023\/08\/empezar.png",567,376,false],"newsever-slider-full":["https:\/\/apuntesdesanluis.com\/wp-content\/uploads\/2023\/08\/empezar.png",567,376,false],"newsever-featured":["https:\/\/apuntesdesanluis.com\/wp-content\/uploads\/2023\/08\/empezar.png",567,376,false],"newsever-medium":["https:\/\/apuntesdesanluis.com\/wp-content\/uploads\/2023\/08\/empezar.png",567,376,false]},"author_info":{"display_name":"apuntesdesanluis.com","author_link":"https:\/\/apuntesdesanluis.com\/index.php\/author\/apuntesdesanluis-com\/"},"category_info":"<a href=\"https:\/\/apuntesdesanluis.com\/index.php\/category\/ciudad-provincia\/\" rel=\"category tag\">Ciudad\/Provincia<\/a>","tag_info":"Ciudad\/Provincia","comment_count":"0","_links":{"self":[{"href":"https:\/\/apuntesdesanluis.com\/index.php\/wp-json\/wp\/v2\/posts\/1005","targetHints":{"allow":["GET"]}}],"collection":[{"href":"https:\/\/apuntesdesanluis.com\/index.php\/wp-json\/wp\/v2\/posts"}],"about":[{"href":"https:\/\/apuntesdesanluis.com\/index.php\/wp-json\/wp\/v2\/types\/post"}],"author":[{"embeddable":true,"href":"https:\/\/apuntesdesanluis.com\/index.php\/wp-json\/wp\/v2\/users\/1"}],"replies":[{"embeddable":true,"href":"https:\/\/apuntesdesanluis.com\/index.php\/wp-json\/wp\/v2\/comments?post=1005"}],"version-history":[{"count":3,"href":"https:\/\/apuntesdesanluis.com\/index.php\/wp-json\/wp\/v2\/posts\/1005\/revisions"}],"predecessor-version":[{"id":1037,"href":"https:\/\/apuntesdesanluis.com\/index.php\/wp-json\/wp\/v2\/posts\/1005\/revisions\/1037"}],"wp:featuredmedia":[{"embeddable":true,"href":"https:\/\/apuntesdesanluis.com\/index.php\/wp-json\/wp\/v2\/media\/1006"}],"wp:attachment":[{"href":"https:\/\/apuntesdesanluis.com\/index.php\/wp-json\/wp\/v2\/media?parent=1005"}],"wp:term":[{"taxonomy":"category","embeddable":true,"href":"https:\/\/apuntesdesanluis.com\/index.php\/wp-json\/wp\/v2\/categories?post=1005"},{"taxonomy":"post_tag","embeddable":true,"href":"https:\/\/apuntesdesanluis.com\/index.php\/wp-json\/wp\/v2\/tags?post=1005"}],"curies":[{"name":"wp","href":"https:\/\/api.w.org\/{rel}","templated":true}]}}