{"id":10051,"date":"2024-01-13T22:28:46","date_gmt":"2024-01-14T01:28:46","guid":{"rendered":"https:\/\/apuntesdesanluis.com\/?p=10051"},"modified":"2024-01-13T22:28:46","modified_gmt":"2024-01-14T01:28:46","slug":"ricardo-quintela-presento-un-proyecto-para-que-la-rioja-pueda-tener-su-propia-moneda","status":"publish","type":"post","link":"https:\/\/apuntesdesanluis.com\/index.php\/2024\/01\/13\/ricardo-quintela-presento-un-proyecto-para-que-la-rioja-pueda-tener-su-propia-moneda\/","title":{"rendered":"RICARDO QUINTELA PRESENT\u00d3 UN PROYECTO PARA QUE LA RIOJA PUEDA TENER SU PROPIA MONEDA"},"content":{"rendered":"<h3>El gobernador de La Rioja, <strong>Ricardo Quintela<\/strong>, convoc\u00f3 a sesiones extraordinarias en la Legislatura local con el objetivo de que se trate la creaci\u00f3n de una moneda propia para la provincia. El referente peronista asegur\u00f3 que necesita m\u00e1s dinero para evitar que la gente &#8220;se muera de hambre&#8221;.<\/h3>\n<h3>&#8220;Hoy convoqu\u00e9 a sesiones extraordinarias y envi\u00e9 un proyecto de ley para que me den instrumentos financieros, ya sea virtual o f\u00edsico, para poder echar mano, de ser necesario, ante el abandono de Naci\u00f3n con la provincia de La Rioja&#8221;, asegur\u00f3 el mandatario cordillerano en declaraciones a Radio 10.<\/h3>\n<h3>El gobernador record\u00f3 que la provincia de La Rioja tuvo que emitir una moneda propia cuando el expresidente Carlos Menem era gobernador de ese distrito y tambi\u00e9n en el a\u00f1o 2001. &#8220;Con eso se pagaba parte de los salarios hasta tanto se normalice la situaci\u00f3n&#8221;, explic\u00f3.<\/h3>\n<h3>&#8220;La moneda funciona con un porcentaje en efectivo y un porcentaje en bono. Esos bonos se los recibe la provincia para el pago de los servicios, impuestos y tasas. En cuanto al comercio, hay que acordar con la C\u00e1mara de Comercio para que reciba esta moneda como forma de pago&#8221;, aclar\u00f3.<\/h3>\n<h3>Seg\u00fan Quintela, la situaci\u00f3n de los riojanos es &#8220;desesperante&#8221; y afirm\u00f3 que no quiere que la gente &#8220;se muera de hambre&#8221; en la provincia. &#8220;Si antes no lleg\u00e1bamos a fin de mes, hoy no llegan a la finalizaci\u00f3n de la primera semana despu\u00e9s del cobro. Pagan sus obligaciones y se quedan sin plata, van a comprar y no compran nada&#8221;, asegur\u00f3.<\/h3>\n<h3>El gobernador dijo que la crisis se agudiz\u00f3 luego de que el presidente Javier Milei asumiera y decidiera prorrogar el Presupuesto del a\u00f1o pasado, lo que ocasion\u00f3 que la inflaci\u00f3n anual licuara los fondos provinciales.<\/h3>\n<h3>Por otra parte, confirm\u00f3 que La Rioja lleg\u00f3 a un acuerdo de &#8220;recomposici\u00f3n salarial&#8221; con la polic\u00eda local. &#8220;Les dije la situaci\u00f3n que estamos atravesando (en la provincia) y lo entendieron. Pidieron disculpas y acordamos una recomposici\u00f3n salarial en dos pagos porque no tenemos recursos&#8221;, declar\u00f3.<\/h3>\n<h3>Ese acuerdo con las Fuerzas de Seguridad, implica un aumento en dos tramos.<\/h3>\n<h3>&#8220;No tenemos recursos. Pagamos en dos partes la recomposici\u00f3n salarial. Un 70 por ciento cuando corresponde y un 30 por ciento a mitad de mes. Fue una forma de arreglar&#8221;, manifest\u00f3.<\/h3>\n","protected":false},"excerpt":{"rendered":"<p>El gobernador de La Rioja, Ricardo Quintela, convoc\u00f3 a sesiones extraordinarias en la Legislatura local&#8230;<\/p>\n","protected":false},"author":1,"featured_media":10052,"comment_status":"closed","ping_status":"closed","sticky":false,"template":"","format":"standard","meta":{"footnotes":""},"categories":[5],"tags":[],"class_list":["post-10051","post","type-post","status-publish","format-standard","has-post-thumbnail","hentry","category-nacionales-internacionales"],"yoast_head":"<!-- This site is optimized with the Yoast SEO plugin v26.1.1 - https:\/\/yoast.com\/wordpress\/plugins\/seo\/ -->\n<title>RICARDO QUINTELA PRESENT\u00d3 UN PROYECTO PARA QUE LA RIOJA PUEDA TENER SU PROPIA MONEDA - Apuntes de San Luis<\/title>\n<meta name=\"robots\" content=\"index, follow, max-snippet:-1, max-image-preview:large, max-video-preview:-1\" \/>\n<link rel=\"canonical\" href=\"https:\/\/apuntesdesanluis.com\/index.php\/2024\/01\/13\/ricardo-quintela-presento-un-proyecto-para-que-la-rioja-pueda-tener-su-propia-moneda\/\" \/>\n<meta property=\"og:locale\" content=\"es_ES\" \/>\n<meta property=\"og:type\" content=\"article\" \/>\n<meta property=\"og:title\" content=\"RICARDO QUINTELA PRESENT\u00d3 UN PROYECTO PARA QUE LA RIOJA PUEDA TENER SU PROPIA MONEDA - Apuntes de San Luis\" \/>\n<meta property=\"og:description\" content=\"El gobernador de La Rioja, Ricardo Quintela, convoc\u00f3 a sesiones extraordinarias en la Legislatura local...\" \/>\n<meta property=\"og:url\" content=\"https:\/\/apuntesdesanluis.com\/index.php\/2024\/01\/13\/ricardo-quintela-presento-un-proyecto-para-que-la-rioja-pueda-tener-su-propia-moneda\/\" \/>\n<meta property=\"og:site_name\" content=\"Apuntes de San Luis\" \/>\n<meta property=\"article:published_time\" content=\"2024-01-14T01:28:46+00:00\" \/>\n<meta property=\"og:image\" content=\"https:\/\/apuntesdesanluis.com\/wp-content\/uploads\/2024\/01\/quintela.png\" \/>\n\t<meta property=\"og:image:width\" content=\"778\" \/>\n\t<meta property=\"og:image:height\" content=\"444\" \/>\n\t<meta property=\"og:image:type\" content=\"image\/png\" \/>\n<meta name=\"author\" content=\"apuntesdesanluis.com\" \/>\n<meta name=\"twitter:card\" content=\"summary_large_image\" \/>\n<meta name=\"twitter:label1\" content=\"Escrito por\" \/>\n\t<meta name=\"twitter:data1\" content=\"apuntesdesanluis.com\" \/>\n\t<meta name=\"twitter:label2\" content=\"Tiempo de lectura\" \/>\n\t<meta name=\"twitter:data2\" content=\"2 minutos\" \/>\n<script type=\"application\/ld+json\" class=\"yoast-schema-graph\">{\"@context\":\"https:\/\/schema.org\",\"@graph\":[{\"@type\":\"Article\",\"@id\":\"https:\/\/apuntesdesanluis.com\/index.php\/2024\/01\/13\/ricardo-quintela-presento-un-proyecto-para-que-la-rioja-pueda-tener-su-propia-moneda\/#article\",\"isPartOf\":{\"@id\":\"https:\/\/apuntesdesanluis.com\/index.php\/2024\/01\/13\/ricardo-quintela-presento-un-proyecto-para-que-la-rioja-pueda-tener-su-propia-moneda\/\"},\"author\":{\"name\":\"apuntesdesanluis.com\",\"@id\":\"https:\/\/apuntesdesanluis.com\/#\/schema\/person\/b55151d52296fcce64d1a72538a70b90\"},\"headline\":\"RICARDO QUINTELA PRESENT\u00d3 UN PROYECTO PARA QUE LA RIOJA PUEDA TENER SU PROPIA MONEDA\",\"datePublished\":\"2024-01-14T01:28:46+00:00\",\"mainEntityOfPage\":{\"@id\":\"https:\/\/apuntesdesanluis.com\/index.php\/2024\/01\/13\/ricardo-quintela-presento-un-proyecto-para-que-la-rioja-pueda-tener-su-propia-moneda\/\"},\"wordCount\":410,\"publisher\":{\"@id\":\"https:\/\/apuntesdesanluis.com\/#\/schema\/person\/b55151d52296fcce64d1a72538a70b90\"},\"image\":{\"@id\":\"https:\/\/apuntesdesanluis.com\/index.php\/2024\/01\/13\/ricardo-quintela-presento-un-proyecto-para-que-la-rioja-pueda-tener-su-propia-moneda\/#primaryimage\"},\"thumbnailUrl\":\"https:\/\/apuntesdesanluis.com\/wp-content\/uploads\/2024\/01\/quintela.png\",\"articleSection\":[\"Nacionales\/Internacionales\"],\"inLanguage\":\"es-AR\"},{\"@type\":\"WebPage\",\"@id\":\"https:\/\/apuntesdesanluis.com\/index.php\/2024\/01\/13\/ricardo-quintela-presento-un-proyecto-para-que-la-rioja-pueda-tener-su-propia-moneda\/\",\"url\":\"https:\/\/apuntesdesanluis.com\/index.php\/2024\/01\/13\/ricardo-quintela-presento-un-proyecto-para-que-la-rioja-pueda-tener-su-propia-moneda\/\",\"name\":\"RICARDO QUINTELA PRESENT\u00d3 UN PROYECTO PARA QUE LA RIOJA PUEDA TENER SU PROPIA MONEDA - Apuntes de San Luis\",\"isPartOf\":{\"@id\":\"https:\/\/apuntesdesanluis.com\/#website\"},\"primaryImageOfPage\":{\"@id\":\"https:\/\/apuntesdesanluis.com\/index.php\/2024\/01\/13\/ricardo-quintela-presento-un-proyecto-para-que-la-rioja-pueda-tener-su-propia-moneda\/#primaryimage\"},\"image\":{\"@id\":\"https:\/\/apuntesdesanluis.com\/index.php\/2024\/01\/13\/ricardo-quintela-presento-un-proyecto-para-que-la-rioja-pueda-tener-su-propia-moneda\/#primaryimage\"},\"thumbnailUrl\":\"https:\/\/apuntesdesanluis.com\/wp-content\/uploads\/2024\/01\/quintela.png\",\"datePublished\":\"2024-01-14T01:28:46+00:00\",\"breadcrumb\":{\"@id\":\"https:\/\/apuntesdesanluis.com\/index.php\/2024\/01\/13\/ricardo-quintela-presento-un-proyecto-para-que-la-rioja-pueda-tener-su-propia-moneda\/#breadcrumb\"},\"inLanguage\":\"es-AR\",\"potentialAction\":[{\"@type\":\"ReadAction\",\"target\":[\"https:\/\/apuntesdesanluis.com\/index.php\/2024\/01\/13\/ricardo-quintela-presento-un-proyecto-para-que-la-rioja-pueda-tener-su-propia-moneda\/\"]}]},{\"@type\":\"ImageObject\",\"inLanguage\":\"es-AR\",\"@id\":\"https:\/\/apuntesdesanluis.com\/index.php\/2024\/01\/13\/ricardo-quintela-presento-un-proyecto-para-que-la-rioja-pueda-tener-su-propia-moneda\/#primaryimage\",\"url\":\"https:\/\/apuntesdesanluis.com\/wp-content\/uploads\/2024\/01\/quintela.png\",\"contentUrl\":\"https:\/\/apuntesdesanluis.com\/wp-content\/uploads\/2024\/01\/quintela.png\",\"width\":778,\"height\":444},{\"@type\":\"BreadcrumbList\",\"@id\":\"https:\/\/apuntesdesanluis.com\/index.php\/2024\/01\/13\/ricardo-quintela-presento-un-proyecto-para-que-la-rioja-pueda-tener-su-propia-moneda\/#breadcrumb\",\"itemListElement\":[{\"@type\":\"ListItem\",\"position\":1,\"name\":\"Inicio\",\"item\":\"https:\/\/apuntesdesanluis.com\/\"},{\"@type\":\"ListItem\",\"position\":2,\"name\":\"RICARDO QUINTELA PRESENT\u00d3 UN PROYECTO PARA QUE LA RIOJA PUEDA TENER SU PROPIA MONEDA\"}]},{\"@type\":\"WebSite\",\"@id\":\"https:\/\/apuntesdesanluis.com\/#website\",\"url\":\"https:\/\/apuntesdesanluis.com\/\",\"name\":\"Apuntes de San Luis\",\"description\":\"\",\"publisher\":{\"@id\":\"https:\/\/apuntesdesanluis.com\/#\/schema\/person\/b55151d52296fcce64d1a72538a70b90\"},\"potentialAction\":[{\"@type\":\"SearchAction\",\"target\":{\"@type\":\"EntryPoint\",\"urlTemplate\":\"https:\/\/apuntesdesanluis.com\/?s={search_term_string}\"},\"query-input\":{\"@type\":\"PropertyValueSpecification\",\"valueRequired\":true,\"valueName\":\"search_term_string\"}}],\"inLanguage\":\"es-AR\"},{\"@type\":[\"Person\",\"Organization\"],\"@id\":\"https:\/\/apuntesdesanluis.com\/#\/schema\/person\/b55151d52296fcce64d1a72538a70b90\",\"name\":\"apuntesdesanluis.com\",\"image\":{\"@type\":\"ImageObject\",\"inLanguage\":\"es-AR\",\"@id\":\"https:\/\/apuntesdesanluis.com\/#\/schema\/person\/image\/\",\"url\":\"https:\/\/apuntesdesanluis.com\/wp-content\/uploads\/2023\/07\/cropped-apuntesdesanluis.png\",\"contentUrl\":\"https:\/\/apuntesdesanluis.com\/wp-content\/uploads\/2023\/07\/cropped-apuntesdesanluis.png\",\"width\":450,\"height\":112,\"caption\":\"apuntesdesanluis.com\"},\"logo\":{\"@id\":\"https:\/\/apuntesdesanluis.com\/#\/schema\/person\/image\/\"},\"sameAs\":[\"https:\/\/apuntesdesanluis.com\"],\"url\":\"https:\/\/apuntesdesanluis.com\/index.php\/author\/apuntesdesanluis-com\/\"}]}<\/script>\n<!-- \/ Yoast SEO plugin. -->","yoast_head_json":{"title":"RICARDO QUINTELA PRESENT\u00d3 UN PROYECTO PARA QUE LA RIOJA PUEDA TENER SU PROPIA MONEDA - Apuntes de San Luis","robots":{"index":"index","follow":"follow","max-snippet":"max-snippet:-1","max-image-preview":"max-image-preview:large","max-video-preview":"max-video-preview:-1"},"canonical":"https:\/\/apuntesdesanluis.com\/index.php\/2024\/01\/13\/ricardo-quintela-presento-un-proyecto-para-que-la-rioja-pueda-tener-su-propia-moneda\/","og_locale":"es_ES","og_type":"article","og_title":"RICARDO QUINTELA PRESENT\u00d3 UN PROYECTO PARA QUE LA RIOJA PUEDA TENER SU PROPIA MONEDA - Apuntes de San Luis","og_description":"El gobernador de La Rioja, Ricardo Quintela, convoc\u00f3 a sesiones extraordinarias en la Legislatura local...","og_url":"https:\/\/apuntesdesanluis.com\/index.php\/2024\/01\/13\/ricardo-quintela-presento-un-proyecto-para-que-la-rioja-pueda-tener-su-propia-moneda\/","og_site_name":"Apuntes de San Luis","article_published_time":"2024-01-14T01:28:46+00:00","og_image":[{"width":778,"height":444,"url":"https:\/\/apuntesdesanluis.com\/wp-content\/uploads\/2024\/01\/quintela.png","type":"image\/png"}],"author":"apuntesdesanluis.com","twitter_card":"summary_large_image","twitter_misc":{"Escrito por":"apuntesdesanluis.com","Tiempo de lectura":"2 minutos"},"schema":{"@context":"https:\/\/schema.org","@graph":[{"@type":"Article","@id":"https:\/\/apuntesdesanluis.com\/index.php\/2024\/01\/13\/ricardo-quintela-presento-un-proyecto-para-que-la-rioja-pueda-tener-su-propia-moneda\/#article","isPartOf":{"@id":"https:\/\/apuntesdesanluis.com\/index.php\/2024\/01\/13\/ricardo-quintela-presento-un-proyecto-para-que-la-rioja-pueda-tener-su-propia-moneda\/"},"author":{"name":"apuntesdesanluis.com","@id":"https:\/\/apuntesdesanluis.com\/#\/schema\/person\/b55151d52296fcce64d1a72538a70b90"},"headline":"RICARDO QUINTELA PRESENT\u00d3 UN PROYECTO PARA QUE LA RIOJA PUEDA TENER SU PROPIA MONEDA","datePublished":"2024-01-14T01:28:46+00:00","mainEntityOfPage":{"@id":"https:\/\/apuntesdesanluis.com\/index.php\/2024\/01\/13\/ricardo-quintela-presento-un-proyecto-para-que-la-rioja-pueda-tener-su-propia-moneda\/"},"wordCount":410,"publisher":{"@id":"https:\/\/apuntesdesanluis.com\/#\/schema\/person\/b55151d52296fcce64d1a72538a70b90"},"image":{"@id":"https:\/\/apuntesdesanluis.com\/index.php\/2024\/01\/13\/ricardo-quintela-presento-un-proyecto-para-que-la-rioja-pueda-tener-su-propia-moneda\/#primaryimage"},"thumbnailUrl":"https:\/\/apuntesdesanluis.com\/wp-content\/uploads\/2024\/01\/quintela.png","articleSection":["Nacionales\/Internacionales"],"inLanguage":"es-AR"},{"@type":"WebPage","@id":"https:\/\/apuntesdesanluis.com\/index.php\/2024\/01\/13\/ricardo-quintela-presento-un-proyecto-para-que-la-rioja-pueda-tener-su-propia-moneda\/","url":"https:\/\/apuntesdesanluis.com\/index.php\/2024\/01\/13\/ricardo-quintela-presento-un-proyecto-para-que-la-rioja-pueda-tener-su-propia-moneda\/","name":"RICARDO QUINTELA PRESENT\u00d3 UN PROYECTO PARA QUE LA RIOJA PUEDA TENER SU PROPIA MONEDA - Apuntes de San Luis","isPartOf":{"@id":"https:\/\/apuntesdesanluis.com\/#website"},"primaryImageOfPage":{"@id":"https:\/\/apuntesdesanluis.com\/index.php\/2024\/01\/13\/ricardo-quintela-presento-un-proyecto-para-que-la-rioja-pueda-tener-su-propia-moneda\/#primaryimage"},"image":{"@id":"https:\/\/apuntesdesanluis.com\/index.php\/2024\/01\/13\/ricardo-quintela-presento-un-proyecto-para-que-la-rioja-pueda-tener-su-propia-moneda\/#primaryimage"},"thumbnailUrl":"https:\/\/apuntesdesanluis.com\/wp-content\/uploads\/2024\/01\/quintela.png","datePublished":"2024-01-14T01:28:46+00:00","breadcrumb":{"@id":"https:\/\/apuntesdesanluis.com\/index.php\/2024\/01\/13\/ricardo-quintela-presento-un-proyecto-para-que-la-rioja-pueda-tener-su-propia-moneda\/#breadcrumb"},"inLanguage":"es-AR","potentialAction":[{"@type":"ReadAction","target":["https:\/\/apuntesdesanluis.com\/index.php\/2024\/01\/13\/ricardo-quintela-presento-un-proyecto-para-que-la-rioja-pueda-tener-su-propia-moneda\/"]}]},{"@type":"ImageObject","inLanguage":"es-AR","@id":"https:\/\/apuntesdesanluis.com\/index.php\/2024\/01\/13\/ricardo-quintela-presento-un-proyecto-para-que-la-rioja-pueda-tener-su-propia-moneda\/#primaryimage","url":"https:\/\/apuntesdesanluis.com\/wp-content\/uploads\/2024\/01\/quintela.png","contentUrl":"https:\/\/apuntesdesanluis.com\/wp-content\/uploads\/2024\/01\/quintela.png","width":778,"height":444},{"@type":"BreadcrumbList","@id":"https:\/\/apuntesdesanluis.com\/index.php\/2024\/01\/13\/ricardo-quintela-presento-un-proyecto-para-que-la-rioja-pueda-tener-su-propia-moneda\/#breadcrumb","itemListElement":[{"@type":"ListItem","position":1,"name":"Inicio","item":"https:\/\/apuntesdesanluis.com\/"},{"@type":"ListItem","position":2,"name":"RICARDO QUINTELA PRESENT\u00d3 UN PROYECTO PARA QUE LA RIOJA PUEDA TENER SU PROPIA MONEDA"}]},{"@type":"WebSite","@id":"https:\/\/apuntesdesanluis.com\/#website","url":"https:\/\/apuntesdesanluis.com\/","name":"Apuntes de San Luis","description":"","publisher":{"@id":"https:\/\/apuntesdesanluis.com\/#\/schema\/person\/b55151d52296fcce64d1a72538a70b90"},"potentialAction":[{"@type":"SearchAction","target":{"@type":"EntryPoint","urlTemplate":"https:\/\/apuntesdesanluis.com\/?s={search_term_string}"},"query-input":{"@type":"PropertyValueSpecification","valueRequired":true,"valueName":"search_term_string"}}],"inLanguage":"es-AR"},{"@type":["Person","Organization"],"@id":"https:\/\/apuntesdesanluis.com\/#\/schema\/person\/b55151d52296fcce64d1a72538a70b90","name":"apuntesdesanluis.com","image":{"@type":"ImageObject","inLanguage":"es-AR","@id":"https:\/\/apuntesdesanluis.com\/#\/schema\/person\/image\/","url":"https:\/\/apuntesdesanluis.com\/wp-content\/uploads\/2023\/07\/cropped-apuntesdesanluis.png","contentUrl":"https:\/\/apuntesdesanluis.com\/wp-content\/uploads\/2023\/07\/cropped-apuntesdesanluis.png","width":450,"height":112,"caption":"apuntesdesanluis.com"},"logo":{"@id":"https:\/\/apuntesdesanluis.com\/#\/schema\/person\/image\/"},"sameAs":["https:\/\/apuntesdesanluis.com"],"url":"https:\/\/apuntesdesanluis.com\/index.php\/author\/apuntesdesanluis-com\/"}]}},"featured_image_urls":{"full":["https:\/\/apuntesdesanluis.com\/wp-content\/uploads\/2024\/01\/quintela.png",778,444,false],"thumbnail":["https:\/\/apuntesdesanluis.com\/wp-content\/uploads\/2024\/01\/quintela-150x150.png",150,150,true],"medium":["https:\/\/apuntesdesanluis.com\/wp-content\/uploads\/2024\/01\/quintela-300x171.png",300,171,true],"medium_large":["https:\/\/apuntesdesanluis.com\/wp-content\/uploads\/2024\/01\/quintela-768x438.png",640,365,true],"large":["https:\/\/apuntesdesanluis.com\/wp-content\/uploads\/2024\/01\/quintela.png",640,365,false],"1536x1536":["https:\/\/apuntesdesanluis.com\/wp-content\/uploads\/2024\/01\/quintela.png",778,444,false],"2048x2048":["https:\/\/apuntesdesanluis.com\/wp-content\/uploads\/2024\/01\/quintela.png",778,444,false],"newsever-slider-full":["https:\/\/apuntesdesanluis.com\/wp-content\/uploads\/2024\/01\/quintela.png",778,444,false],"newsever-featured":["https:\/\/apuntesdesanluis.com\/wp-content\/uploads\/2024\/01\/quintela.png",778,444,false],"newsever-medium":["https:\/\/apuntesdesanluis.com\/wp-content\/uploads\/2024\/01\/quintela-720x444.png",720,444,true]},"author_info":{"display_name":"apuntesdesanluis.com","author_link":"https:\/\/apuntesdesanluis.com\/index.php\/author\/apuntesdesanluis-com\/"},"category_info":"<a href=\"https:\/\/apuntesdesanluis.com\/index.php\/category\/nacionales-internacionales\/\" rel=\"category tag\">Nacionales\/Internacionales<\/a>","tag_info":"Nacionales\/Internacionales","comment_count":"0","_links":{"self":[{"href":"https:\/\/apuntesdesanluis.com\/index.php\/wp-json\/wp\/v2\/posts\/10051","targetHints":{"allow":["GET"]}}],"collection":[{"href":"https:\/\/apuntesdesanluis.com\/index.php\/wp-json\/wp\/v2\/posts"}],"about":[{"href":"https:\/\/apuntesdesanluis.com\/index.php\/wp-json\/wp\/v2\/types\/post"}],"author":[{"embeddable":true,"href":"https:\/\/apuntesdesanluis.com\/index.php\/wp-json\/wp\/v2\/users\/1"}],"replies":[{"embeddable":true,"href":"https:\/\/apuntesdesanluis.com\/index.php\/wp-json\/wp\/v2\/comments?post=10051"}],"version-history":[{"count":1,"href":"https:\/\/apuntesdesanluis.com\/index.php\/wp-json\/wp\/v2\/posts\/10051\/revisions"}],"predecessor-version":[{"id":10053,"href":"https:\/\/apuntesdesanluis.com\/index.php\/wp-json\/wp\/v2\/posts\/10051\/revisions\/10053"}],"wp:featuredmedia":[{"embeddable":true,"href":"https:\/\/apuntesdesanluis.com\/index.php\/wp-json\/wp\/v2\/media\/10052"}],"wp:attachment":[{"href":"https:\/\/apuntesdesanluis.com\/index.php\/wp-json\/wp\/v2\/media?parent=10051"}],"wp:term":[{"taxonomy":"category","embeddable":true,"href":"https:\/\/apuntesdesanluis.com\/index.php\/wp-json\/wp\/v2\/categories?post=10051"},{"taxonomy":"post_tag","embeddable":true,"href":"https:\/\/apuntesdesanluis.com\/index.php\/wp-json\/wp\/v2\/tags?post=10051"}],"curies":[{"name":"wp","href":"https:\/\/api.w.org\/{rel}","templated":true}]}}