{"id":10054,"date":"2024-01-13T22:52:41","date_gmt":"2024-01-14T01:52:41","guid":{"rendered":"https:\/\/apuntesdesanluis.com\/?p=10054"},"modified":"2024-01-13T22:52:41","modified_gmt":"2024-01-14T01:52:41","slug":"los-gobernadores-de-jxc-condicionaron-su-apoyo-a-la-ley-omnibus-en-una-reunion-con-caputo-y-francos","status":"publish","type":"post","link":"https:\/\/apuntesdesanluis.com\/index.php\/2024\/01\/13\/los-gobernadores-de-jxc-condicionaron-su-apoyo-a-la-ley-omnibus-en-una-reunion-con-caputo-y-francos\/","title":{"rendered":"LOS GOBERNADORES DE JXC CONDICIONARON SU APOYO A LA LEY \u00d3MNIBUS EN UNA REUNI\u00d3N CON CAPUTO Y FRANCOS"},"content":{"rendered":"<h3>Se abri\u00f3 formalmente la negociaci\u00f3n con el Ejecutivo. Los ministros de Econom\u00eda e Interior escucharon los reclamos de los jefes provinciales aliados, que apoyar\u00e1n aquellas reformas que no afecten sus \u201cintereses estrat\u00e9gicos y econ\u00f3micos\u201d. En Gobierno a\u00fan no se comprometieron a aplicar cambios pero evaluar\u00e1n los pedidos<\/h3>\n<h3>Los ministros del Interior, <strong>Guillermo Francos<\/strong>, y de Econom\u00eda, <strong>Luis \u201cToto\u201d Caputo<\/strong>, preocupados por acelerar el tratamiento de la ley \u00d3mnibus de Javier Milei, escucharon este mediod\u00eda los reclamos de gobernadores de Juntos por el Cambio, que condicionaron su apoyo y pidieron que se hagan cambios en los puntos que afectan a los distritos. Los funcionarios no dieron respuestas concluyentes a los reclamos, pero se comprometieron a evaluarlos.<\/h3>\n<p><img fetchpriority=\"high\" decoding=\"async\" class=\"wp-image-10055 aligncenter\" src=\"https:\/\/apuntesdesanluis.com\/wp-content\/uploads\/2024\/01\/francos-y-caputo-300x168.png\" alt=\"\" width=\"723\" height=\"405\" srcset=\"https:\/\/apuntesdesanluis.com\/wp-content\/uploads\/2024\/01\/francos-y-caputo-300x168.png 300w, https:\/\/apuntesdesanluis.com\/wp-content\/uploads\/2024\/01\/francos-y-caputo-768x431.png 768w, https:\/\/apuntesdesanluis.com\/wp-content\/uploads\/2024\/01\/francos-y-caputo.png 783w\" sizes=\"(max-width: 723px) 100vw, 723px\" \/><\/p>\n<h4 style=\"text-align: center;\"><em>Guillermo Francos y Luis Caputo.<\/em><\/h4>\n<h3>El encuentro se realiz\u00f3 en un clima de fuerte hermetismo, de manera mixta, presencial y virtual. En el Sal\u00f3n de los Escudos de la Casa Rosada se sentaron este mediod\u00eda los funcionarios nacionales junto a los gobernadores de Entre R\u00edos, Rogelio Frigerio; y de Santa Fe, Maximiliano Pullaro. Y por videoconferencia, desde sus respectivas capitales, se conectaron el resto de los l\u00edderes de Pro y la UCR locales: Carlos Sadir (Jujuy); <strong>Claudio Poggi (San Luis)<\/strong>; Marcelo Orrego (San Juan); Alfredo Cornejo (Mendoza); Ignacio Torres (Chubut); Leandro Zdero (Chaco); y Jorge Macri (CABA). En la Presidencia hab\u00edan informado que estaba Gustavo Vald\u00e9s, de Corrientes, pero luego en la provincia informaron que no asisti\u00f3 por motivos de agenda.<\/h3>\n<h3>Por turnos, hablaron de n\u00fameros, de econom\u00eda y de pol\u00edtica. Los gobernadores plantearon que \u201cdefender\u00e1n los intereses\u201d de sus provincias en las iniciativas que afecten la pol\u00edtica fiscal, la producci\u00f3n y el desarrollo econ\u00f3mico. Y avisaron que no acompa\u00f1ar\u00e1n la reforma en la ley de pesca, ni el aumento de retenciones a las econom\u00edas regionales y al campo, ni las modificaciones a la ley de biocombustibles. Tambi\u00e9n plantearon su desacuerdo con el cap\u00edtulo de la reforma pol\u00edtica donde podr\u00eda verse afectada su representaci\u00f3n en el Congreso.<\/h3>\n<h3>El de las retenciones era un tema central. En las provincias las consideran, al menos, excesivas. Y hubo pedidos para que no se generalicen los aumentos al 15%. En este punto, los gobernadores pusieron como ejemplos productos espec\u00edficos que son afectados con el impuesto, sobre todo despu\u00e9s de la devaluaci\u00f3n.<\/h3>\n<h3>Tambi\u00e9n se discuti\u00f3 la marcha atr\u00e1s con el Impuesto a las Ganancias. Los mandatarios insistieron en que Milei cumpla su compromiso para revertir la suba del m\u00ednimo no imponible aprobada el a\u00f1o pasado, que recort\u00f3 sus ingresos coparticipables. Pero en Gobierno insistieron en que s\u00f3lo lo enviar\u00e1n en las sesiones ordinarias, a partir de marzo. Desde las provincias aseguraron que instruir\u00e1n a sus legisladores para que apoyen \u201cla mayor\u00eda de las reformas\u201d, pero con condiciones.<\/h3>\n<h3>Los representantes del Gobierno hicieron varios comentarios, pero no se comprometieron con firmeza a ninguna modificaci\u00f3n, por el momento. S\u00ed dieron por resueltos los reclamos de las provincias pesqueras, cuyos gobernadores hab\u00edan estado con Francos la semana pasada, al igual que los reclamos sobre hidrocarburos por los que hab\u00edan protestado los mandatarios de Neuqu\u00e9n, Rolando Figueroa, y Santa Cruz, Claudio Vidal; y el tema del biodi\u00e9sel.<\/h3>\n<h3>El c\u00f3nclave de hoy se organiz\u00f3 ayer, despu\u00e9s de la charla que mantuvieron Frigerio y Francos ayer en Casa de Gobierno para discutir la \u201cLey Bases\u201d del Ejecutivo que preocupa, sea por la redacci\u00f3n de los art\u00edculos o por el mismo esp\u00edritu de las medidas, a distintos sectores de las econom\u00edas regionales. Milei los hab\u00eda recibido dos semanas despu\u00e9s de asumir, pero no se discutieron temas concretos. A partir de hoy, se pusieron sobre la mesa los asuntos m\u00e1s espinosos, y ahora en Econom\u00eda deber\u00e1n decidir c\u00f3mo avanzar.<\/h3>\n<h3>Caputo, como ratificaron sus secretarios ante el Congreso, no est\u00e1 dispuesto a negociar las medidas que tiendan al d\u00e9ficit fiscal cero, la prioridad medular del Gobierno. Y las retenciones, como la modificaci\u00f3n de la movilidad jubilatoria, son ejes en el camino hacia sanear las cuentas. En los pr\u00f3ximos d\u00edas deber\u00e1 encontrar un punto medio y si quiere que las medidas se aprueben institucionalmente. De lo contrario, en Balcarce 50 ya advirtieron que apelar\u00edan a \u201cotras herramientas\u201d, como un plebiscito o un segundo DNU, que se sumar\u00eda al que desregula la econom\u00eda.<\/h3>\n<p>&nbsp;<\/p>\n<p>&nbsp;<\/p>\n<p>&nbsp;<\/p>\n","protected":false},"excerpt":{"rendered":"<p>Se abri\u00f3 formalmente la negociaci\u00f3n con el Ejecutivo. Los ministros de Econom\u00eda e Interior escucharon&#8230;<\/p>\n","protected":false},"author":1,"featured_media":7230,"comment_status":"closed","ping_status":"closed","sticky":false,"template":"","format":"standard","meta":{"footnotes":""},"categories":[5],"tags":[],"class_list":["post-10054","post","type-post","status-publish","format-standard","has-post-thumbnail","hentry","category-nacionales-internacionales"],"yoast_head":"<!-- This site is optimized with the Yoast SEO plugin v26.1.1 - https:\/\/yoast.com\/wordpress\/plugins\/seo\/ -->\n<title>LOS GOBERNADORES DE JXC CONDICIONARON SU APOYO A LA LEY \u00d3MNIBUS EN UNA REUNI\u00d3N CON CAPUTO Y FRANCOS - Apuntes de San Luis<\/title>\n<meta name=\"robots\" content=\"index, follow, max-snippet:-1, max-image-preview:large, max-video-preview:-1\" \/>\n<link rel=\"canonical\" href=\"https:\/\/apuntesdesanluis.com\/index.php\/2024\/01\/13\/los-gobernadores-de-jxc-condicionaron-su-apoyo-a-la-ley-omnibus-en-una-reunion-con-caputo-y-francos\/\" \/>\n<meta property=\"og:locale\" content=\"es_ES\" \/>\n<meta property=\"og:type\" content=\"article\" \/>\n<meta property=\"og:title\" content=\"LOS GOBERNADORES DE JXC CONDICIONARON SU APOYO A LA LEY \u00d3MNIBUS EN UNA REUNI\u00d3N CON CAPUTO Y FRANCOS - Apuntes de San Luis\" \/>\n<meta property=\"og:description\" content=\"Se abri\u00f3 formalmente la negociaci\u00f3n con el Ejecutivo. Los ministros de Econom\u00eda e Interior escucharon...\" \/>\n<meta property=\"og:url\" content=\"https:\/\/apuntesdesanluis.com\/index.php\/2024\/01\/13\/los-gobernadores-de-jxc-condicionaron-su-apoyo-a-la-ley-omnibus-en-una-reunion-con-caputo-y-francos\/\" \/>\n<meta property=\"og:site_name\" content=\"Apuntes de San Luis\" \/>\n<meta property=\"article:published_time\" content=\"2024-01-14T01:52:41+00:00\" \/>\n<meta property=\"og:image\" content=\"https:\/\/apuntesdesanluis.com\/wp-content\/uploads\/2023\/11\/gobernadores-de-jxc.png\" \/>\n\t<meta property=\"og:image:width\" content=\"748\" \/>\n\t<meta property=\"og:image:height\" content=\"544\" \/>\n\t<meta property=\"og:image:type\" content=\"image\/png\" \/>\n<meta name=\"author\" content=\"apuntesdesanluis.com\" \/>\n<meta name=\"twitter:card\" content=\"summary_large_image\" \/>\n<meta name=\"twitter:label1\" content=\"Escrito por\" \/>\n\t<meta name=\"twitter:data1\" content=\"apuntesdesanluis.com\" \/>\n\t<meta name=\"twitter:label2\" content=\"Tiempo de lectura\" \/>\n\t<meta name=\"twitter:data2\" content=\"4 minutos\" \/>\n<script type=\"application\/ld+json\" class=\"yoast-schema-graph\">{\"@context\":\"https:\/\/schema.org\",\"@graph\":[{\"@type\":\"Article\",\"@id\":\"https:\/\/apuntesdesanluis.com\/index.php\/2024\/01\/13\/los-gobernadores-de-jxc-condicionaron-su-apoyo-a-la-ley-omnibus-en-una-reunion-con-caputo-y-francos\/#article\",\"isPartOf\":{\"@id\":\"https:\/\/apuntesdesanluis.com\/index.php\/2024\/01\/13\/los-gobernadores-de-jxc-condicionaron-su-apoyo-a-la-ley-omnibus-en-una-reunion-con-caputo-y-francos\/\"},\"author\":{\"name\":\"apuntesdesanluis.com\",\"@id\":\"https:\/\/apuntesdesanluis.com\/#\/schema\/person\/b55151d52296fcce64d1a72538a70b90\"},\"headline\":\"LOS GOBERNADORES DE JXC CONDICIONARON SU APOYO A LA LEY \u00d3MNIBUS EN UNA REUNI\u00d3N CON CAPUTO Y FRANCOS\",\"datePublished\":\"2024-01-14T01:52:41+00:00\",\"mainEntityOfPage\":{\"@id\":\"https:\/\/apuntesdesanluis.com\/index.php\/2024\/01\/13\/los-gobernadores-de-jxc-condicionaron-su-apoyo-a-la-ley-omnibus-en-una-reunion-con-caputo-y-francos\/\"},\"wordCount\":777,\"publisher\":{\"@id\":\"https:\/\/apuntesdesanluis.com\/#\/schema\/person\/b55151d52296fcce64d1a72538a70b90\"},\"image\":{\"@id\":\"https:\/\/apuntesdesanluis.com\/index.php\/2024\/01\/13\/los-gobernadores-de-jxc-condicionaron-su-apoyo-a-la-ley-omnibus-en-una-reunion-con-caputo-y-francos\/#primaryimage\"},\"thumbnailUrl\":\"https:\/\/apuntesdesanluis.com\/wp-content\/uploads\/2023\/11\/gobernadores-de-jxc.png\",\"articleSection\":[\"Nacionales\/Internacionales\"],\"inLanguage\":\"es-AR\"},{\"@type\":\"WebPage\",\"@id\":\"https:\/\/apuntesdesanluis.com\/index.php\/2024\/01\/13\/los-gobernadores-de-jxc-condicionaron-su-apoyo-a-la-ley-omnibus-en-una-reunion-con-caputo-y-francos\/\",\"url\":\"https:\/\/apuntesdesanluis.com\/index.php\/2024\/01\/13\/los-gobernadores-de-jxc-condicionaron-su-apoyo-a-la-ley-omnibus-en-una-reunion-con-caputo-y-francos\/\",\"name\":\"LOS GOBERNADORES DE JXC CONDICIONARON SU APOYO A LA LEY \u00d3MNIBUS EN UNA REUNI\u00d3N CON CAPUTO Y FRANCOS - Apuntes de San Luis\",\"isPartOf\":{\"@id\":\"https:\/\/apuntesdesanluis.com\/#website\"},\"primaryImageOfPage\":{\"@id\":\"https:\/\/apuntesdesanluis.com\/index.php\/2024\/01\/13\/los-gobernadores-de-jxc-condicionaron-su-apoyo-a-la-ley-omnibus-en-una-reunion-con-caputo-y-francos\/#primaryimage\"},\"image\":{\"@id\":\"https:\/\/apuntesdesanluis.com\/index.php\/2024\/01\/13\/los-gobernadores-de-jxc-condicionaron-su-apoyo-a-la-ley-omnibus-en-una-reunion-con-caputo-y-francos\/#primaryimage\"},\"thumbnailUrl\":\"https:\/\/apuntesdesanluis.com\/wp-content\/uploads\/2023\/11\/gobernadores-de-jxc.png\",\"datePublished\":\"2024-01-14T01:52:41+00:00\",\"breadcrumb\":{\"@id\":\"https:\/\/apuntesdesanluis.com\/index.php\/2024\/01\/13\/los-gobernadores-de-jxc-condicionaron-su-apoyo-a-la-ley-omnibus-en-una-reunion-con-caputo-y-francos\/#breadcrumb\"},\"inLanguage\":\"es-AR\",\"potentialAction\":[{\"@type\":\"ReadAction\",\"target\":[\"https:\/\/apuntesdesanluis.com\/index.php\/2024\/01\/13\/los-gobernadores-de-jxc-condicionaron-su-apoyo-a-la-ley-omnibus-en-una-reunion-con-caputo-y-francos\/\"]}]},{\"@type\":\"ImageObject\",\"inLanguage\":\"es-AR\",\"@id\":\"https:\/\/apuntesdesanluis.com\/index.php\/2024\/01\/13\/los-gobernadores-de-jxc-condicionaron-su-apoyo-a-la-ley-omnibus-en-una-reunion-con-caputo-y-francos\/#primaryimage\",\"url\":\"https:\/\/apuntesdesanluis.com\/wp-content\/uploads\/2023\/11\/gobernadores-de-jxc.png\",\"contentUrl\":\"https:\/\/apuntesdesanluis.com\/wp-content\/uploads\/2023\/11\/gobernadores-de-jxc.png\",\"width\":748,\"height\":544},{\"@type\":\"BreadcrumbList\",\"@id\":\"https:\/\/apuntesdesanluis.com\/index.php\/2024\/01\/13\/los-gobernadores-de-jxc-condicionaron-su-apoyo-a-la-ley-omnibus-en-una-reunion-con-caputo-y-francos\/#breadcrumb\",\"itemListElement\":[{\"@type\":\"ListItem\",\"position\":1,\"name\":\"Inicio\",\"item\":\"https:\/\/apuntesdesanluis.com\/\"},{\"@type\":\"ListItem\",\"position\":2,\"name\":\"LOS GOBERNADORES DE JXC CONDICIONARON SU APOYO A LA LEY \u00d3MNIBUS EN UNA REUNI\u00d3N CON CAPUTO Y FRANCOS\"}]},{\"@type\":\"WebSite\",\"@id\":\"https:\/\/apuntesdesanluis.com\/#website\",\"url\":\"https:\/\/apuntesdesanluis.com\/\",\"name\":\"Apuntes de San Luis\",\"description\":\"\",\"publisher\":{\"@id\":\"https:\/\/apuntesdesanluis.com\/#\/schema\/person\/b55151d52296fcce64d1a72538a70b90\"},\"potentialAction\":[{\"@type\":\"SearchAction\",\"target\":{\"@type\":\"EntryPoint\",\"urlTemplate\":\"https:\/\/apuntesdesanluis.com\/?s={search_term_string}\"},\"query-input\":{\"@type\":\"PropertyValueSpecification\",\"valueRequired\":true,\"valueName\":\"search_term_string\"}}],\"inLanguage\":\"es-AR\"},{\"@type\":[\"Person\",\"Organization\"],\"@id\":\"https:\/\/apuntesdesanluis.com\/#\/schema\/person\/b55151d52296fcce64d1a72538a70b90\",\"name\":\"apuntesdesanluis.com\",\"image\":{\"@type\":\"ImageObject\",\"inLanguage\":\"es-AR\",\"@id\":\"https:\/\/apuntesdesanluis.com\/#\/schema\/person\/image\/\",\"url\":\"https:\/\/apuntesdesanluis.com\/wp-content\/uploads\/2023\/07\/cropped-apuntesdesanluis.png\",\"contentUrl\":\"https:\/\/apuntesdesanluis.com\/wp-content\/uploads\/2023\/07\/cropped-apuntesdesanluis.png\",\"width\":450,\"height\":112,\"caption\":\"apuntesdesanluis.com\"},\"logo\":{\"@id\":\"https:\/\/apuntesdesanluis.com\/#\/schema\/person\/image\/\"},\"sameAs\":[\"https:\/\/apuntesdesanluis.com\"],\"url\":\"https:\/\/apuntesdesanluis.com\/index.php\/author\/apuntesdesanluis-com\/\"}]}<\/script>\n<!-- \/ Yoast SEO plugin. -->","yoast_head_json":{"title":"LOS GOBERNADORES DE JXC CONDICIONARON SU APOYO A LA LEY \u00d3MNIBUS EN UNA REUNI\u00d3N CON CAPUTO Y FRANCOS - Apuntes de San Luis","robots":{"index":"index","follow":"follow","max-snippet":"max-snippet:-1","max-image-preview":"max-image-preview:large","max-video-preview":"max-video-preview:-1"},"canonical":"https:\/\/apuntesdesanluis.com\/index.php\/2024\/01\/13\/los-gobernadores-de-jxc-condicionaron-su-apoyo-a-la-ley-omnibus-en-una-reunion-con-caputo-y-francos\/","og_locale":"es_ES","og_type":"article","og_title":"LOS GOBERNADORES DE JXC CONDICIONARON SU APOYO A LA LEY \u00d3MNIBUS EN UNA REUNI\u00d3N CON CAPUTO Y FRANCOS - Apuntes de San Luis","og_description":"Se abri\u00f3 formalmente la negociaci\u00f3n con el Ejecutivo. Los ministros de Econom\u00eda e Interior escucharon...","og_url":"https:\/\/apuntesdesanluis.com\/index.php\/2024\/01\/13\/los-gobernadores-de-jxc-condicionaron-su-apoyo-a-la-ley-omnibus-en-una-reunion-con-caputo-y-francos\/","og_site_name":"Apuntes de San Luis","article_published_time":"2024-01-14T01:52:41+00:00","og_image":[{"width":748,"height":544,"url":"https:\/\/apuntesdesanluis.com\/wp-content\/uploads\/2023\/11\/gobernadores-de-jxc.png","type":"image\/png"}],"author":"apuntesdesanluis.com","twitter_card":"summary_large_image","twitter_misc":{"Escrito por":"apuntesdesanluis.com","Tiempo de lectura":"4 minutos"},"schema":{"@context":"https:\/\/schema.org","@graph":[{"@type":"Article","@id":"https:\/\/apuntesdesanluis.com\/index.php\/2024\/01\/13\/los-gobernadores-de-jxc-condicionaron-su-apoyo-a-la-ley-omnibus-en-una-reunion-con-caputo-y-francos\/#article","isPartOf":{"@id":"https:\/\/apuntesdesanluis.com\/index.php\/2024\/01\/13\/los-gobernadores-de-jxc-condicionaron-su-apoyo-a-la-ley-omnibus-en-una-reunion-con-caputo-y-francos\/"},"author":{"name":"apuntesdesanluis.com","@id":"https:\/\/apuntesdesanluis.com\/#\/schema\/person\/b55151d52296fcce64d1a72538a70b90"},"headline":"LOS GOBERNADORES DE JXC CONDICIONARON SU APOYO A LA LEY \u00d3MNIBUS EN UNA REUNI\u00d3N CON CAPUTO Y FRANCOS","datePublished":"2024-01-14T01:52:41+00:00","mainEntityOfPage":{"@id":"https:\/\/apuntesdesanluis.com\/index.php\/2024\/01\/13\/los-gobernadores-de-jxc-condicionaron-su-apoyo-a-la-ley-omnibus-en-una-reunion-con-caputo-y-francos\/"},"wordCount":777,"publisher":{"@id":"https:\/\/apuntesdesanluis.com\/#\/schema\/person\/b55151d52296fcce64d1a72538a70b90"},"image":{"@id":"https:\/\/apuntesdesanluis.com\/index.php\/2024\/01\/13\/los-gobernadores-de-jxc-condicionaron-su-apoyo-a-la-ley-omnibus-en-una-reunion-con-caputo-y-francos\/#primaryimage"},"thumbnailUrl":"https:\/\/apuntesdesanluis.com\/wp-content\/uploads\/2023\/11\/gobernadores-de-jxc.png","articleSection":["Nacionales\/Internacionales"],"inLanguage":"es-AR"},{"@type":"WebPage","@id":"https:\/\/apuntesdesanluis.com\/index.php\/2024\/01\/13\/los-gobernadores-de-jxc-condicionaron-su-apoyo-a-la-ley-omnibus-en-una-reunion-con-caputo-y-francos\/","url":"https:\/\/apuntesdesanluis.com\/index.php\/2024\/01\/13\/los-gobernadores-de-jxc-condicionaron-su-apoyo-a-la-ley-omnibus-en-una-reunion-con-caputo-y-francos\/","name":"LOS GOBERNADORES DE JXC CONDICIONARON SU APOYO A LA LEY \u00d3MNIBUS EN UNA REUNI\u00d3N CON CAPUTO Y FRANCOS - Apuntes de San Luis","isPartOf":{"@id":"https:\/\/apuntesdesanluis.com\/#website"},"primaryImageOfPage":{"@id":"https:\/\/apuntesdesanluis.com\/index.php\/2024\/01\/13\/los-gobernadores-de-jxc-condicionaron-su-apoyo-a-la-ley-omnibus-en-una-reunion-con-caputo-y-francos\/#primaryimage"},"image":{"@id":"https:\/\/apuntesdesanluis.com\/index.php\/2024\/01\/13\/los-gobernadores-de-jxc-condicionaron-su-apoyo-a-la-ley-omnibus-en-una-reunion-con-caputo-y-francos\/#primaryimage"},"thumbnailUrl":"https:\/\/apuntesdesanluis.com\/wp-content\/uploads\/2023\/11\/gobernadores-de-jxc.png","datePublished":"2024-01-14T01:52:41+00:00","breadcrumb":{"@id":"https:\/\/apuntesdesanluis.com\/index.php\/2024\/01\/13\/los-gobernadores-de-jxc-condicionaron-su-apoyo-a-la-ley-omnibus-en-una-reunion-con-caputo-y-francos\/#breadcrumb"},"inLanguage":"es-AR","potentialAction":[{"@type":"ReadAction","target":["https:\/\/apuntesdesanluis.com\/index.php\/2024\/01\/13\/los-gobernadores-de-jxc-condicionaron-su-apoyo-a-la-ley-omnibus-en-una-reunion-con-caputo-y-francos\/"]}]},{"@type":"ImageObject","inLanguage":"es-AR","@id":"https:\/\/apuntesdesanluis.com\/index.php\/2024\/01\/13\/los-gobernadores-de-jxc-condicionaron-su-apoyo-a-la-ley-omnibus-en-una-reunion-con-caputo-y-francos\/#primaryimage","url":"https:\/\/apuntesdesanluis.com\/wp-content\/uploads\/2023\/11\/gobernadores-de-jxc.png","contentUrl":"https:\/\/apuntesdesanluis.com\/wp-content\/uploads\/2023\/11\/gobernadores-de-jxc.png","width":748,"height":544},{"@type":"BreadcrumbList","@id":"https:\/\/apuntesdesanluis.com\/index.php\/2024\/01\/13\/los-gobernadores-de-jxc-condicionaron-su-apoyo-a-la-ley-omnibus-en-una-reunion-con-caputo-y-francos\/#breadcrumb","itemListElement":[{"@type":"ListItem","position":1,"name":"Inicio","item":"https:\/\/apuntesdesanluis.com\/"},{"@type":"ListItem","position":2,"name":"LOS GOBERNADORES DE JXC CONDICIONARON SU APOYO A LA LEY \u00d3MNIBUS EN UNA REUNI\u00d3N CON CAPUTO Y FRANCOS"}]},{"@type":"WebSite","@id":"https:\/\/apuntesdesanluis.com\/#website","url":"https:\/\/apuntesdesanluis.com\/","name":"Apuntes de San Luis","description":"","publisher":{"@id":"https:\/\/apuntesdesanluis.com\/#\/schema\/person\/b55151d52296fcce64d1a72538a70b90"},"potentialAction":[{"@type":"SearchAction","target":{"@type":"EntryPoint","urlTemplate":"https:\/\/apuntesdesanluis.com\/?s={search_term_string}"},"query-input":{"@type":"PropertyValueSpecification","valueRequired":true,"valueName":"search_term_string"}}],"inLanguage":"es-AR"},{"@type":["Person","Organization"],"@id":"https:\/\/apuntesdesanluis.com\/#\/schema\/person\/b55151d52296fcce64d1a72538a70b90","name":"apuntesdesanluis.com","image":{"@type":"ImageObject","inLanguage":"es-AR","@id":"https:\/\/apuntesdesanluis.com\/#\/schema\/person\/image\/","url":"https:\/\/apuntesdesanluis.com\/wp-content\/uploads\/2023\/07\/cropped-apuntesdesanluis.png","contentUrl":"https:\/\/apuntesdesanluis.com\/wp-content\/uploads\/2023\/07\/cropped-apuntesdesanluis.png","width":450,"height":112,"caption":"apuntesdesanluis.com"},"logo":{"@id":"https:\/\/apuntesdesanluis.com\/#\/schema\/person\/image\/"},"sameAs":["https:\/\/apuntesdesanluis.com"],"url":"https:\/\/apuntesdesanluis.com\/index.php\/author\/apuntesdesanluis-com\/"}]}},"featured_image_urls":{"full":["https:\/\/apuntesdesanluis.com\/wp-content\/uploads\/2023\/11\/gobernadores-de-jxc.png",748,544,false],"thumbnail":["https:\/\/apuntesdesanluis.com\/wp-content\/uploads\/2023\/11\/gobernadores-de-jxc-150x150.png",150,150,true],"medium":["https:\/\/apuntesdesanluis.com\/wp-content\/uploads\/2023\/11\/gobernadores-de-jxc-300x218.png",300,218,true],"medium_large":["https:\/\/apuntesdesanluis.com\/wp-content\/uploads\/2023\/11\/gobernadores-de-jxc.png",640,465,false],"large":["https:\/\/apuntesdesanluis.com\/wp-content\/uploads\/2023\/11\/gobernadores-de-jxc.png",640,465,false],"1536x1536":["https:\/\/apuntesdesanluis.com\/wp-content\/uploads\/2023\/11\/gobernadores-de-jxc.png",748,544,false],"2048x2048":["https:\/\/apuntesdesanluis.com\/wp-content\/uploads\/2023\/11\/gobernadores-de-jxc.png",748,544,false],"newsever-slider-full":["https:\/\/apuntesdesanluis.com\/wp-content\/uploads\/2023\/11\/gobernadores-de-jxc.png",748,544,false],"newsever-featured":["https:\/\/apuntesdesanluis.com\/wp-content\/uploads\/2023\/11\/gobernadores-de-jxc.png",748,544,false],"newsever-medium":["https:\/\/apuntesdesanluis.com\/wp-content\/uploads\/2023\/11\/gobernadores-de-jxc-720x475.png",720,475,true]},"author_info":{"display_name":"apuntesdesanluis.com","author_link":"https:\/\/apuntesdesanluis.com\/index.php\/author\/apuntesdesanluis-com\/"},"category_info":"<a href=\"https:\/\/apuntesdesanluis.com\/index.php\/category\/nacionales-internacionales\/\" rel=\"category tag\">Nacionales\/Internacionales<\/a>","tag_info":"Nacionales\/Internacionales","comment_count":"0","_links":{"self":[{"href":"https:\/\/apuntesdesanluis.com\/index.php\/wp-json\/wp\/v2\/posts\/10054","targetHints":{"allow":["GET"]}}],"collection":[{"href":"https:\/\/apuntesdesanluis.com\/index.php\/wp-json\/wp\/v2\/posts"}],"about":[{"href":"https:\/\/apuntesdesanluis.com\/index.php\/wp-json\/wp\/v2\/types\/post"}],"author":[{"embeddable":true,"href":"https:\/\/apuntesdesanluis.com\/index.php\/wp-json\/wp\/v2\/users\/1"}],"replies":[{"embeddable":true,"href":"https:\/\/apuntesdesanluis.com\/index.php\/wp-json\/wp\/v2\/comments?post=10054"}],"version-history":[{"count":1,"href":"https:\/\/apuntesdesanluis.com\/index.php\/wp-json\/wp\/v2\/posts\/10054\/revisions"}],"predecessor-version":[{"id":10056,"href":"https:\/\/apuntesdesanluis.com\/index.php\/wp-json\/wp\/v2\/posts\/10054\/revisions\/10056"}],"wp:featuredmedia":[{"embeddable":true,"href":"https:\/\/apuntesdesanluis.com\/index.php\/wp-json\/wp\/v2\/media\/7230"}],"wp:attachment":[{"href":"https:\/\/apuntesdesanluis.com\/index.php\/wp-json\/wp\/v2\/media?parent=10054"}],"wp:term":[{"taxonomy":"category","embeddable":true,"href":"https:\/\/apuntesdesanluis.com\/index.php\/wp-json\/wp\/v2\/categories?post=10054"},{"taxonomy":"post_tag","embeddable":true,"href":"https:\/\/apuntesdesanluis.com\/index.php\/wp-json\/wp\/v2\/tags?post=10054"}],"curies":[{"name":"wp","href":"https:\/\/api.w.org\/{rel}","templated":true}]}}