{"id":10080,"date":"2024-01-14T23:43:28","date_gmt":"2024-01-15T02:43:28","guid":{"rendered":"https:\/\/apuntesdesanluis.com\/?p=10080"},"modified":"2024-01-15T00:47:08","modified_gmt":"2024-01-15T03:47:08","slug":"milei-viaja-a-davos-para-describir-su-programa-de-gobierno-ante-un-auditorio-de-jefes-de-estado-e-inversores-globales","status":"publish","type":"post","link":"https:\/\/apuntesdesanluis.com\/index.php\/2024\/01\/14\/milei-viaja-a-davos-para-describir-su-programa-de-gobierno-ante-un-auditorio-de-jefes-de-estado-e-inversores-globales\/","title":{"rendered":"MILEI VIAJA A DAVOS PARA DESCRIBIR SU PROGRAMA DE GOBIERNO, ANTE UN AUDITORIO DE JEFES DE ESTADO E INVERSORES GLOBALES"},"content":{"rendered":"<h3>En su primera gira al exterior como Presidente participar\u00e1 en el Foro Econ\u00f3mico Mundial con la intenci\u00f3n de promover las inversiones privadas en la Argentina y explicar su pol\u00edtica exterior en un complejo escenario atravesado por los conflictos en Medio Oriente y Ucrania y la tensi\u00f3n entre Estados Unidos y China<\/h3>\n<h3><strong>Javier Milei<\/strong> se embarca hoy en un vuelo comercial y con una delegaci\u00f3n acotada viaja rumbo a Suiza para participar en el Foro de Davos, un \u00e1gora global que todos los a\u00f1os se convoca por cien horas para debatir los asuntos m\u00e1s importantes de la geopol\u00edtica y la econom\u00eda mundial.<\/h3>\n<h3>En esta oportunidad, Davos propone una agenda multifac\u00e9tica incluye los conflictos en Medio Oriente y Ucrania, las elecciones en Estados Unidos, el impacto del cambio clim\u00e1tico, la necesidad de crear empleo y el uso de la Inteligencia Artificial (IA) como motor de desarrollo en las sociedades modernas.<\/h3>\n<h3>Milei expone el 17 de enero, y su presentaci\u00f3n tiene un leit motiv que refleja su ideolog\u00eda personal: \u201cLibertad, la clave de la prosperidad\u201d. El presidente estar\u00e1 acompa\u00f1ado por Klaus Schwab, fundador del Forum de Davos, y se aguarda un lleno total.<\/h3>\n<h3>Ese d\u00eda tambi\u00e9n disertar\u00e1n el secretario de Estado Antony Blinken; el secretario General de Naciones Unidas (ONU), Antonio Guterres; el primer ministro de Espa\u00f1a, Pedro S\u00e1nchez; y el presidente de Francia, Emmanuel Macron.<\/h3>\n<h3>Hay much\u00edsima preocupaci\u00f3n respecto a la evoluci\u00f3n de la guerra en Gaza, y Blinken, Guterres, S\u00e1nchez y Macron abordar\u00e1n la crisis en Medio Oriente que inici\u00f3 el grupo terrorista Hamas y que ya impacta a nivel global.<\/h3>\n<h3>Milei viajar\u00e1 hoy acompa\u00f1ado por la canciller Diana Mondino, la secretaria General de la Presidencia, Karina Milei, el jefe de Gabinete, Nicol\u00e1s Posse, el ministro de Econom\u00eda, Luis Caputo, y el embajador designado ante la Casa Blanca, Gerardo Werthein. El presidente recibi\u00f3 m\u00e1s de ochenta pedidos de audiencia -entre jefes de Estado e inversores- y a\u00fan no decidi\u00f3 c\u00f3mo ser\u00e1 su agenda al margen de la exposici\u00f3n del 17 de enero.<\/h3>\n<h3>La ministra de Relaciones Exteriores, el jefe de Gabinete y el titular del Palacio de Hacienda se encargar\u00e1n de recibir a banqueros, CEOs e inversores, a la espera de la decisi\u00f3n final de Milei que antes de viajar a Suiza hab\u00eda comentado a Mondino, Posse y Caputo que \u201csolo viajaba a Davos para exponer\u201d y luego regresaba a Buenos Aires.<\/h3>\n<h3>Ser\u00e1 dif\u00edcil para el presidente evitar las reuniones de m\u00e1ximo nivel en Davos. El Foro funciona como un lugar de encuentro, a donde se fija posici\u00f3n sobre la agenda global, se intercambia informaci\u00f3n estrat\u00e9gica y hay entrevistas que de otra manera tardar\u00edan semanas en concretarse.<\/h3>\n<h3>Esta edici\u00f3n del Foro de Davos fue dividida en cuatro ejes tem\u00e1ticos. Milei expone bajo el concepto \u201clograr la seguridad y la cooperaci\u00f3n en un mundo fracturado\u201d, que en t\u00e9rminos de los organizadores implica lo siguiente:<\/h3>\n<h3>\u201cEn un panorama geopol\u00edtico m\u00e1s competitivo, \u00bfc\u00f3mo podemos hacer frente con eficacia a las crisis de seguridad, como la situaci\u00f3n actual en Oriente Medio, y al mismo tiempo contener a las fuerzas estructurales de la fragmentaci\u00f3n? \u00bfC\u00f3mo podemos identificar los \u00e1mbitos en los que la cooperaci\u00f3n es esencial para garantizar un escenario en el que todas las partes interesadas salgan ganando? \u00bfC\u00f3mo podemos mejorar las iniciativas y mecanismos existentes para impulsar la colaboraci\u00f3n mundial?\u201d.<\/h3>\n<h3>La agenda de Davos tiene adem\u00e1s un segundo eje tem\u00e1tico que se titula \u201ccrear crecimiento y empleo para una nueva era\u201d. En este caso, el sitio oficial del Foro tambi\u00e9n explica que significa ese concepto para los organizadores: \u201cEl aumento de la deuda, la transici\u00f3n energ\u00e9tica y el cambio de la geograf\u00eda econ\u00f3mica\u201d, plantean retos a los responsables pol\u00edticos a la hora de encontrar un equilibrio entre crecimiento, sostenibilidad, inclusi\u00f3n y resiliencia.<\/h3>\n<h3>Mondino participar\u00e1 de un panel que integra este segundo eje tem\u00e1tico del Foro. Su nombre es \u201cel realismo econ\u00f3mico de Am\u00e9rica Latina\u201d, y junto a la canciller estar\u00e1n Mauricio Cardenas, profesor en Columbia; Mario Marcel, ministro de Finanzas de Chile; Marina del Pilar Avila Olmeda, gobernadora de Baja California; Luis Henrique Guimaraes, miembro del directorio de Cosan Limited y Julio Velarde, titular del Banco Central de Per\u00fa.<\/h3>\n<h3>La ministra de Relaciones Exteriores hablar\u00e1 despu\u00e9s del Presidente y ambos aprovechar\u00e1n el Foro para presentar -en sus respectivos discursos &#8211; los aspectos esenciales de la propuesta disruptiva del Gobierno: Milei har\u00e1 referencia a la libertad como v\u00e9rtice ordenador de su gesti\u00f3n, y Mondino describir\u00e1 las metas econ\u00f3micas y de integraci\u00f3n mundial que persigue la Casa Rosada.<\/h3>\n<h3>Kristalina Georgieva, directora gerente del Fondo Monetario Internacional (FMI), y Gita Gopinath, vicedirectora gerente del organismo multilateral de cr\u00e9dito, estar\u00e1n en Davos cuando Milei exponga en el escenario principal del Foro. Las dos participar\u00e1n en paneles vinculados a la actual situaci\u00f3n econ\u00f3mica del mundo y su proyecci\u00f3n durante 2024.<\/h3>\n<h3>Georgieva junto a Gita Gopinath tienen la responsabilidad de redactar el Staff Level Agreement (SLA), una instancia fundamental para que el directorio del Fondo apruebe la VII revisi\u00f3n del programa y autorice el desembolso de 4.700 millones de d\u00f3lares. Si no hay un inesperado descarrilamiento, el board validar\u00e1 el SLA que ya prepara la burocracia del FMI.<\/h3>\n<h3>El jefe de Gabinete, Nicol\u00e1s Posse, y el ministro de Econom\u00eda, Luis Caputo, es probable que se encuentren con Georgieva y Gopinath en Davos para consolidar un v\u00ednculo personal y t\u00e9cnico que hasta ahora es incipiente. Para Georgieva y Gopinath ser\u00e1 el cuarto ministro de Econom\u00eda y el segundo jefe de Gabinete que conocen desde 2020.<\/h3>\n<h3>Milei despega hoy desde Ezeiza y regresar\u00e1 el 19 de enero.<\/h3>\n<p>&nbsp;<\/p>\n<p>&nbsp;<\/p>\n<p>&nbsp;<\/p>\n<p>&nbsp;<\/p>\n<p>&nbsp;<\/p>\n","protected":false},"excerpt":{"rendered":"<p>En su primera gira al exterior como Presidente participar\u00e1 en el Foro Econ\u00f3mico Mundial con&#8230;<\/p>\n","protected":false},"author":1,"featured_media":10082,"comment_status":"closed","ping_status":"closed","sticky":false,"template":"","format":"standard","meta":{"footnotes":""},"categories":[5],"tags":[],"class_list":["post-10080","post","type-post","status-publish","format-standard","has-post-thumbnail","hentry","category-nacionales-internacionales"],"yoast_head":"<!-- This site is optimized with the Yoast SEO plugin v26.1.1 - https:\/\/yoast.com\/wordpress\/plugins\/seo\/ -->\n<title>MILEI VIAJA A DAVOS PARA DESCRIBIR SU PROGRAMA DE GOBIERNO, ANTE UN AUDITORIO DE JEFES DE ESTADO E INVERSORES GLOBALES - Apuntes de San Luis<\/title>\n<meta name=\"robots\" content=\"index, follow, max-snippet:-1, max-image-preview:large, max-video-preview:-1\" \/>\n<link rel=\"canonical\" href=\"https:\/\/apuntesdesanluis.com\/index.php\/2024\/01\/14\/milei-viaja-a-davos-para-describir-su-programa-de-gobierno-ante-un-auditorio-de-jefes-de-estado-e-inversores-globales\/\" \/>\n<meta property=\"og:locale\" content=\"es_ES\" \/>\n<meta property=\"og:type\" content=\"article\" \/>\n<meta property=\"og:title\" content=\"MILEI VIAJA A DAVOS PARA DESCRIBIR SU PROGRAMA DE GOBIERNO, ANTE UN AUDITORIO DE JEFES DE ESTADO E INVERSORES GLOBALES - Apuntes de San Luis\" \/>\n<meta property=\"og:description\" content=\"En su primera gira al exterior como Presidente participar\u00e1 en el Foro Econ\u00f3mico Mundial con...\" \/>\n<meta property=\"og:url\" content=\"https:\/\/apuntesdesanluis.com\/index.php\/2024\/01\/14\/milei-viaja-a-davos-para-describir-su-programa-de-gobierno-ante-un-auditorio-de-jefes-de-estado-e-inversores-globales\/\" \/>\n<meta property=\"og:site_name\" content=\"Apuntes de San Luis\" \/>\n<meta property=\"article:published_time\" content=\"2024-01-15T02:43:28+00:00\" \/>\n<meta property=\"article:modified_time\" content=\"2024-01-15T03:47:08+00:00\" \/>\n<meta property=\"og:image\" content=\"https:\/\/apuntesdesanluis.com\/wp-content\/uploads\/2024\/01\/MILEI-4.png\" \/>\n\t<meta property=\"og:image:width\" content=\"600\" \/>\n\t<meta property=\"og:image:height\" content=\"358\" \/>\n\t<meta property=\"og:image:type\" content=\"image\/png\" \/>\n<meta name=\"author\" content=\"apuntesdesanluis.com\" \/>\n<meta name=\"twitter:card\" content=\"summary_large_image\" \/>\n<meta name=\"twitter:label1\" content=\"Escrito por\" \/>\n\t<meta name=\"twitter:data1\" content=\"apuntesdesanluis.com\" \/>\n\t<meta name=\"twitter:label2\" content=\"Tiempo de lectura\" \/>\n\t<meta name=\"twitter:data2\" content=\"5 minutos\" \/>\n<script type=\"application\/ld+json\" class=\"yoast-schema-graph\">{\"@context\":\"https:\/\/schema.org\",\"@graph\":[{\"@type\":\"Article\",\"@id\":\"https:\/\/apuntesdesanluis.com\/index.php\/2024\/01\/14\/milei-viaja-a-davos-para-describir-su-programa-de-gobierno-ante-un-auditorio-de-jefes-de-estado-e-inversores-globales\/#article\",\"isPartOf\":{\"@id\":\"https:\/\/apuntesdesanluis.com\/index.php\/2024\/01\/14\/milei-viaja-a-davos-para-describir-su-programa-de-gobierno-ante-un-auditorio-de-jefes-de-estado-e-inversores-globales\/\"},\"author\":{\"name\":\"apuntesdesanluis.com\",\"@id\":\"https:\/\/apuntesdesanluis.com\/#\/schema\/person\/b55151d52296fcce64d1a72538a70b90\"},\"headline\":\"MILEI VIAJA A DAVOS PARA DESCRIBIR SU PROGRAMA DE GOBIERNO, ANTE UN AUDITORIO DE JEFES DE ESTADO E INVERSORES GLOBALES\",\"datePublished\":\"2024-01-15T02:43:28+00:00\",\"dateModified\":\"2024-01-15T03:47:08+00:00\",\"mainEntityOfPage\":{\"@id\":\"https:\/\/apuntesdesanluis.com\/index.php\/2024\/01\/14\/milei-viaja-a-davos-para-describir-su-programa-de-gobierno-ante-un-auditorio-de-jefes-de-estado-e-inversores-globales\/\"},\"wordCount\":1019,\"publisher\":{\"@id\":\"https:\/\/apuntesdesanluis.com\/#\/schema\/person\/b55151d52296fcce64d1a72538a70b90\"},\"image\":{\"@id\":\"https:\/\/apuntesdesanluis.com\/index.php\/2024\/01\/14\/milei-viaja-a-davos-para-describir-su-programa-de-gobierno-ante-un-auditorio-de-jefes-de-estado-e-inversores-globales\/#primaryimage\"},\"thumbnailUrl\":\"https:\/\/apuntesdesanluis.com\/wp-content\/uploads\/2024\/01\/MILEI-4.png\",\"articleSection\":[\"Nacionales\/Internacionales\"],\"inLanguage\":\"es-AR\"},{\"@type\":\"WebPage\",\"@id\":\"https:\/\/apuntesdesanluis.com\/index.php\/2024\/01\/14\/milei-viaja-a-davos-para-describir-su-programa-de-gobierno-ante-un-auditorio-de-jefes-de-estado-e-inversores-globales\/\",\"url\":\"https:\/\/apuntesdesanluis.com\/index.php\/2024\/01\/14\/milei-viaja-a-davos-para-describir-su-programa-de-gobierno-ante-un-auditorio-de-jefes-de-estado-e-inversores-globales\/\",\"name\":\"MILEI VIAJA A DAVOS PARA DESCRIBIR SU PROGRAMA DE GOBIERNO, ANTE UN AUDITORIO DE JEFES DE ESTADO E INVERSORES GLOBALES - Apuntes de San Luis\",\"isPartOf\":{\"@id\":\"https:\/\/apuntesdesanluis.com\/#website\"},\"primaryImageOfPage\":{\"@id\":\"https:\/\/apuntesdesanluis.com\/index.php\/2024\/01\/14\/milei-viaja-a-davos-para-describir-su-programa-de-gobierno-ante-un-auditorio-de-jefes-de-estado-e-inversores-globales\/#primaryimage\"},\"image\":{\"@id\":\"https:\/\/apuntesdesanluis.com\/index.php\/2024\/01\/14\/milei-viaja-a-davos-para-describir-su-programa-de-gobierno-ante-un-auditorio-de-jefes-de-estado-e-inversores-globales\/#primaryimage\"},\"thumbnailUrl\":\"https:\/\/apuntesdesanluis.com\/wp-content\/uploads\/2024\/01\/MILEI-4.png\",\"datePublished\":\"2024-01-15T02:43:28+00:00\",\"dateModified\":\"2024-01-15T03:47:08+00:00\",\"breadcrumb\":{\"@id\":\"https:\/\/apuntesdesanluis.com\/index.php\/2024\/01\/14\/milei-viaja-a-davos-para-describir-su-programa-de-gobierno-ante-un-auditorio-de-jefes-de-estado-e-inversores-globales\/#breadcrumb\"},\"inLanguage\":\"es-AR\",\"potentialAction\":[{\"@type\":\"ReadAction\",\"target\":[\"https:\/\/apuntesdesanluis.com\/index.php\/2024\/01\/14\/milei-viaja-a-davos-para-describir-su-programa-de-gobierno-ante-un-auditorio-de-jefes-de-estado-e-inversores-globales\/\"]}]},{\"@type\":\"ImageObject\",\"inLanguage\":\"es-AR\",\"@id\":\"https:\/\/apuntesdesanluis.com\/index.php\/2024\/01\/14\/milei-viaja-a-davos-para-describir-su-programa-de-gobierno-ante-un-auditorio-de-jefes-de-estado-e-inversores-globales\/#primaryimage\",\"url\":\"https:\/\/apuntesdesanluis.com\/wp-content\/uploads\/2024\/01\/MILEI-4.png\",\"contentUrl\":\"https:\/\/apuntesdesanluis.com\/wp-content\/uploads\/2024\/01\/MILEI-4.png\",\"width\":600,\"height\":358},{\"@type\":\"BreadcrumbList\",\"@id\":\"https:\/\/apuntesdesanluis.com\/index.php\/2024\/01\/14\/milei-viaja-a-davos-para-describir-su-programa-de-gobierno-ante-un-auditorio-de-jefes-de-estado-e-inversores-globales\/#breadcrumb\",\"itemListElement\":[{\"@type\":\"ListItem\",\"position\":1,\"name\":\"Inicio\",\"item\":\"https:\/\/apuntesdesanluis.com\/\"},{\"@type\":\"ListItem\",\"position\":2,\"name\":\"MILEI VIAJA A DAVOS PARA DESCRIBIR SU PROGRAMA DE GOBIERNO, ANTE UN AUDITORIO DE JEFES DE ESTADO E INVERSORES GLOBALES\"}]},{\"@type\":\"WebSite\",\"@id\":\"https:\/\/apuntesdesanluis.com\/#website\",\"url\":\"https:\/\/apuntesdesanluis.com\/\",\"name\":\"Apuntes de San Luis\",\"description\":\"\",\"publisher\":{\"@id\":\"https:\/\/apuntesdesanluis.com\/#\/schema\/person\/b55151d52296fcce64d1a72538a70b90\"},\"potentialAction\":[{\"@type\":\"SearchAction\",\"target\":{\"@type\":\"EntryPoint\",\"urlTemplate\":\"https:\/\/apuntesdesanluis.com\/?s={search_term_string}\"},\"query-input\":{\"@type\":\"PropertyValueSpecification\",\"valueRequired\":true,\"valueName\":\"search_term_string\"}}],\"inLanguage\":\"es-AR\"},{\"@type\":[\"Person\",\"Organization\"],\"@id\":\"https:\/\/apuntesdesanluis.com\/#\/schema\/person\/b55151d52296fcce64d1a72538a70b90\",\"name\":\"apuntesdesanluis.com\",\"image\":{\"@type\":\"ImageObject\",\"inLanguage\":\"es-AR\",\"@id\":\"https:\/\/apuntesdesanluis.com\/#\/schema\/person\/image\/\",\"url\":\"https:\/\/apuntesdesanluis.com\/wp-content\/uploads\/2023\/07\/cropped-apuntesdesanluis.png\",\"contentUrl\":\"https:\/\/apuntesdesanluis.com\/wp-content\/uploads\/2023\/07\/cropped-apuntesdesanluis.png\",\"width\":450,\"height\":112,\"caption\":\"apuntesdesanluis.com\"},\"logo\":{\"@id\":\"https:\/\/apuntesdesanluis.com\/#\/schema\/person\/image\/\"},\"sameAs\":[\"https:\/\/apuntesdesanluis.com\"],\"url\":\"https:\/\/apuntesdesanluis.com\/index.php\/author\/apuntesdesanluis-com\/\"}]}<\/script>\n<!-- \/ Yoast SEO plugin. -->","yoast_head_json":{"title":"MILEI VIAJA A DAVOS PARA DESCRIBIR SU PROGRAMA DE GOBIERNO, ANTE UN AUDITORIO DE JEFES DE ESTADO E INVERSORES GLOBALES - Apuntes de San Luis","robots":{"index":"index","follow":"follow","max-snippet":"max-snippet:-1","max-image-preview":"max-image-preview:large","max-video-preview":"max-video-preview:-1"},"canonical":"https:\/\/apuntesdesanluis.com\/index.php\/2024\/01\/14\/milei-viaja-a-davos-para-describir-su-programa-de-gobierno-ante-un-auditorio-de-jefes-de-estado-e-inversores-globales\/","og_locale":"es_ES","og_type":"article","og_title":"MILEI VIAJA A DAVOS PARA DESCRIBIR SU PROGRAMA DE GOBIERNO, ANTE UN AUDITORIO DE JEFES DE ESTADO E INVERSORES GLOBALES - Apuntes de San Luis","og_description":"En su primera gira al exterior como Presidente participar\u00e1 en el Foro Econ\u00f3mico Mundial con...","og_url":"https:\/\/apuntesdesanluis.com\/index.php\/2024\/01\/14\/milei-viaja-a-davos-para-describir-su-programa-de-gobierno-ante-un-auditorio-de-jefes-de-estado-e-inversores-globales\/","og_site_name":"Apuntes de San Luis","article_published_time":"2024-01-15T02:43:28+00:00","article_modified_time":"2024-01-15T03:47:08+00:00","og_image":[{"width":600,"height":358,"url":"https:\/\/apuntesdesanluis.com\/wp-content\/uploads\/2024\/01\/MILEI-4.png","type":"image\/png"}],"author":"apuntesdesanluis.com","twitter_card":"summary_large_image","twitter_misc":{"Escrito por":"apuntesdesanluis.com","Tiempo de lectura":"5 minutos"},"schema":{"@context":"https:\/\/schema.org","@graph":[{"@type":"Article","@id":"https:\/\/apuntesdesanluis.com\/index.php\/2024\/01\/14\/milei-viaja-a-davos-para-describir-su-programa-de-gobierno-ante-un-auditorio-de-jefes-de-estado-e-inversores-globales\/#article","isPartOf":{"@id":"https:\/\/apuntesdesanluis.com\/index.php\/2024\/01\/14\/milei-viaja-a-davos-para-describir-su-programa-de-gobierno-ante-un-auditorio-de-jefes-de-estado-e-inversores-globales\/"},"author":{"name":"apuntesdesanluis.com","@id":"https:\/\/apuntesdesanluis.com\/#\/schema\/person\/b55151d52296fcce64d1a72538a70b90"},"headline":"MILEI VIAJA A DAVOS PARA DESCRIBIR SU PROGRAMA DE GOBIERNO, ANTE UN AUDITORIO DE JEFES DE ESTADO E INVERSORES GLOBALES","datePublished":"2024-01-15T02:43:28+00:00","dateModified":"2024-01-15T03:47:08+00:00","mainEntityOfPage":{"@id":"https:\/\/apuntesdesanluis.com\/index.php\/2024\/01\/14\/milei-viaja-a-davos-para-describir-su-programa-de-gobierno-ante-un-auditorio-de-jefes-de-estado-e-inversores-globales\/"},"wordCount":1019,"publisher":{"@id":"https:\/\/apuntesdesanluis.com\/#\/schema\/person\/b55151d52296fcce64d1a72538a70b90"},"image":{"@id":"https:\/\/apuntesdesanluis.com\/index.php\/2024\/01\/14\/milei-viaja-a-davos-para-describir-su-programa-de-gobierno-ante-un-auditorio-de-jefes-de-estado-e-inversores-globales\/#primaryimage"},"thumbnailUrl":"https:\/\/apuntesdesanluis.com\/wp-content\/uploads\/2024\/01\/MILEI-4.png","articleSection":["Nacionales\/Internacionales"],"inLanguage":"es-AR"},{"@type":"WebPage","@id":"https:\/\/apuntesdesanluis.com\/index.php\/2024\/01\/14\/milei-viaja-a-davos-para-describir-su-programa-de-gobierno-ante-un-auditorio-de-jefes-de-estado-e-inversores-globales\/","url":"https:\/\/apuntesdesanluis.com\/index.php\/2024\/01\/14\/milei-viaja-a-davos-para-describir-su-programa-de-gobierno-ante-un-auditorio-de-jefes-de-estado-e-inversores-globales\/","name":"MILEI VIAJA A DAVOS PARA DESCRIBIR SU PROGRAMA DE GOBIERNO, ANTE UN AUDITORIO DE JEFES DE ESTADO E INVERSORES GLOBALES - Apuntes de San Luis","isPartOf":{"@id":"https:\/\/apuntesdesanluis.com\/#website"},"primaryImageOfPage":{"@id":"https:\/\/apuntesdesanluis.com\/index.php\/2024\/01\/14\/milei-viaja-a-davos-para-describir-su-programa-de-gobierno-ante-un-auditorio-de-jefes-de-estado-e-inversores-globales\/#primaryimage"},"image":{"@id":"https:\/\/apuntesdesanluis.com\/index.php\/2024\/01\/14\/milei-viaja-a-davos-para-describir-su-programa-de-gobierno-ante-un-auditorio-de-jefes-de-estado-e-inversores-globales\/#primaryimage"},"thumbnailUrl":"https:\/\/apuntesdesanluis.com\/wp-content\/uploads\/2024\/01\/MILEI-4.png","datePublished":"2024-01-15T02:43:28+00:00","dateModified":"2024-01-15T03:47:08+00:00","breadcrumb":{"@id":"https:\/\/apuntesdesanluis.com\/index.php\/2024\/01\/14\/milei-viaja-a-davos-para-describir-su-programa-de-gobierno-ante-un-auditorio-de-jefes-de-estado-e-inversores-globales\/#breadcrumb"},"inLanguage":"es-AR","potentialAction":[{"@type":"ReadAction","target":["https:\/\/apuntesdesanluis.com\/index.php\/2024\/01\/14\/milei-viaja-a-davos-para-describir-su-programa-de-gobierno-ante-un-auditorio-de-jefes-de-estado-e-inversores-globales\/"]}]},{"@type":"ImageObject","inLanguage":"es-AR","@id":"https:\/\/apuntesdesanluis.com\/index.php\/2024\/01\/14\/milei-viaja-a-davos-para-describir-su-programa-de-gobierno-ante-un-auditorio-de-jefes-de-estado-e-inversores-globales\/#primaryimage","url":"https:\/\/apuntesdesanluis.com\/wp-content\/uploads\/2024\/01\/MILEI-4.png","contentUrl":"https:\/\/apuntesdesanluis.com\/wp-content\/uploads\/2024\/01\/MILEI-4.png","width":600,"height":358},{"@type":"BreadcrumbList","@id":"https:\/\/apuntesdesanluis.com\/index.php\/2024\/01\/14\/milei-viaja-a-davos-para-describir-su-programa-de-gobierno-ante-un-auditorio-de-jefes-de-estado-e-inversores-globales\/#breadcrumb","itemListElement":[{"@type":"ListItem","position":1,"name":"Inicio","item":"https:\/\/apuntesdesanluis.com\/"},{"@type":"ListItem","position":2,"name":"MILEI VIAJA A DAVOS PARA DESCRIBIR SU PROGRAMA DE GOBIERNO, ANTE UN AUDITORIO DE JEFES DE ESTADO E INVERSORES GLOBALES"}]},{"@type":"WebSite","@id":"https:\/\/apuntesdesanluis.com\/#website","url":"https:\/\/apuntesdesanluis.com\/","name":"Apuntes de San Luis","description":"","publisher":{"@id":"https:\/\/apuntesdesanluis.com\/#\/schema\/person\/b55151d52296fcce64d1a72538a70b90"},"potentialAction":[{"@type":"SearchAction","target":{"@type":"EntryPoint","urlTemplate":"https:\/\/apuntesdesanluis.com\/?s={search_term_string}"},"query-input":{"@type":"PropertyValueSpecification","valueRequired":true,"valueName":"search_term_string"}}],"inLanguage":"es-AR"},{"@type":["Person","Organization"],"@id":"https:\/\/apuntesdesanluis.com\/#\/schema\/person\/b55151d52296fcce64d1a72538a70b90","name":"apuntesdesanluis.com","image":{"@type":"ImageObject","inLanguage":"es-AR","@id":"https:\/\/apuntesdesanluis.com\/#\/schema\/person\/image\/","url":"https:\/\/apuntesdesanluis.com\/wp-content\/uploads\/2023\/07\/cropped-apuntesdesanluis.png","contentUrl":"https:\/\/apuntesdesanluis.com\/wp-content\/uploads\/2023\/07\/cropped-apuntesdesanluis.png","width":450,"height":112,"caption":"apuntesdesanluis.com"},"logo":{"@id":"https:\/\/apuntesdesanluis.com\/#\/schema\/person\/image\/"},"sameAs":["https:\/\/apuntesdesanluis.com"],"url":"https:\/\/apuntesdesanluis.com\/index.php\/author\/apuntesdesanluis-com\/"}]}},"featured_image_urls":{"full":["https:\/\/apuntesdesanluis.com\/wp-content\/uploads\/2024\/01\/MILEI-4.png",600,358,false],"thumbnail":["https:\/\/apuntesdesanluis.com\/wp-content\/uploads\/2024\/01\/MILEI-4-150x150.png",150,150,true],"medium":["https:\/\/apuntesdesanluis.com\/wp-content\/uploads\/2024\/01\/MILEI-4-300x179.png",300,179,true],"medium_large":["https:\/\/apuntesdesanluis.com\/wp-content\/uploads\/2024\/01\/MILEI-4.png",600,358,false],"large":["https:\/\/apuntesdesanluis.com\/wp-content\/uploads\/2024\/01\/MILEI-4.png",600,358,false],"1536x1536":["https:\/\/apuntesdesanluis.com\/wp-content\/uploads\/2024\/01\/MILEI-4.png",600,358,false],"2048x2048":["https:\/\/apuntesdesanluis.com\/wp-content\/uploads\/2024\/01\/MILEI-4.png",600,358,false],"newsever-slider-full":["https:\/\/apuntesdesanluis.com\/wp-content\/uploads\/2024\/01\/MILEI-4.png",600,358,false],"newsever-featured":["https:\/\/apuntesdesanluis.com\/wp-content\/uploads\/2024\/01\/MILEI-4.png",600,358,false],"newsever-medium":["https:\/\/apuntesdesanluis.com\/wp-content\/uploads\/2024\/01\/MILEI-4.png",600,358,false]},"author_info":{"display_name":"apuntesdesanluis.com","author_link":"https:\/\/apuntesdesanluis.com\/index.php\/author\/apuntesdesanluis-com\/"},"category_info":"<a href=\"https:\/\/apuntesdesanluis.com\/index.php\/category\/nacionales-internacionales\/\" rel=\"category tag\">Nacionales\/Internacionales<\/a>","tag_info":"Nacionales\/Internacionales","comment_count":"0","_links":{"self":[{"href":"https:\/\/apuntesdesanluis.com\/index.php\/wp-json\/wp\/v2\/posts\/10080","targetHints":{"allow":["GET"]}}],"collection":[{"href":"https:\/\/apuntesdesanluis.com\/index.php\/wp-json\/wp\/v2\/posts"}],"about":[{"href":"https:\/\/apuntesdesanluis.com\/index.php\/wp-json\/wp\/v2\/types\/post"}],"author":[{"embeddable":true,"href":"https:\/\/apuntesdesanluis.com\/index.php\/wp-json\/wp\/v2\/users\/1"}],"replies":[{"embeddable":true,"href":"https:\/\/apuntesdesanluis.com\/index.php\/wp-json\/wp\/v2\/comments?post=10080"}],"version-history":[{"count":1,"href":"https:\/\/apuntesdesanluis.com\/index.php\/wp-json\/wp\/v2\/posts\/10080\/revisions"}],"predecessor-version":[{"id":10081,"href":"https:\/\/apuntesdesanluis.com\/index.php\/wp-json\/wp\/v2\/posts\/10080\/revisions\/10081"}],"wp:featuredmedia":[{"embeddable":true,"href":"https:\/\/apuntesdesanluis.com\/index.php\/wp-json\/wp\/v2\/media\/10082"}],"wp:attachment":[{"href":"https:\/\/apuntesdesanluis.com\/index.php\/wp-json\/wp\/v2\/media?parent=10080"}],"wp:term":[{"taxonomy":"category","embeddable":true,"href":"https:\/\/apuntesdesanluis.com\/index.php\/wp-json\/wp\/v2\/categories?post=10080"},{"taxonomy":"post_tag","embeddable":true,"href":"https:\/\/apuntesdesanluis.com\/index.php\/wp-json\/wp\/v2\/tags?post=10080"}],"curies":[{"name":"wp","href":"https:\/\/api.w.org\/{rel}","templated":true}]}}