{"id":10106,"date":"2024-01-15T10:52:12","date_gmt":"2024-01-15T13:52:12","guid":{"rendered":"https:\/\/apuntesdesanluis.com\/?p=10106"},"modified":"2024-01-15T10:52:35","modified_gmt":"2024-01-15T13:52:35","slug":"de-loredo-denuncio-un-pacto-de-impunidad-entre-milei-y-el-kirchnerismo","status":"publish","type":"post","link":"https:\/\/apuntesdesanluis.com\/index.php\/2024\/01\/15\/de-loredo-denuncio-un-pacto-de-impunidad-entre-milei-y-el-kirchnerismo\/","title":{"rendered":"DE LOREDO DENUNCI\u00d3 UN &#8220;PACTO DE IMPUNIDAD&#8221; ENTRE MILEI Y EL KIRCHNERISMO"},"content":{"rendered":"<h3>El presidente del bloque de diputados de la Uni\u00f3n C\u00edvica Radical, <strong>Rodrigo De Loredo<\/strong>, cuestion\u00f3 al presidente <strong>Javier Milei<\/strong> por acusar a la oposici\u00f3n sin hacer denuncias en la justicia, al tiempo que advirti\u00f3 que existe un &#8220;pacto de impunidad&#8221; entre el gobierno y el kirchnerismo.<\/h3>\n<h3>&#8220;Las declaraciones del presidente no van a amedrentar nuestro comportamiento, que pese a los sistem\u00e1ticos agravios, nos encuentran en la posici\u00f3n de darle al gobierno las herramientas legales que necesite para llevar adelante su plan de gobierno sin excesos y sin dejar indefensos a los sectores m\u00e1s vulnerables de la sociedad como nuestros jubilados&#8221;, sostuvo el cordob\u00e9s.<\/h3>\n<h3>Luego de nuevas &#8220;acusaciones generalizadas&#8221; de Milei contra la oposici\u00f3n, De Loredo reclam\u00f3 que &#8220;proceda a denunciarlas e investigar&#8221;.<\/h3>\n<h3>&#8220;O conoce hechos sobre los que no denuncia, o denuncia hechos que no existen. En ambos casos el gobierno incumple los deberes de funcionario p\u00fablico. De continuar y no acudir a los tribunales el gobierno, seremos nosotros quienes lo haremos&#8221;, indic\u00f3 el titular de la bancada radical.<\/h3>\n<h3>Seg\u00fan sostuvo, &#8220;ninguna de las materias abordadas en los paquetes normativos tienen vinculaci\u00f3n con la urgente situaci\u00f3n econ\u00f3mica&#8221;.<\/h3>\n<h3>&#8220;Empezando con el DNU, que est\u00e1 operativo y surtiendo efectos desde el 29 de diciembre. De manera que esas herramientas ya las tienen. Y en todo el texto de la ley \u00f3mnibus no hay ning\u00fan plan monetario ni fiscal de estabilizaci\u00f3n. De manera que ni el fracaso de las licitaciones BOPREAL, ni el aumento de la brecha cambiaria ni la escalada inflacionaria pueden encontrar vinculaci\u00f3n con el expr\u00e9s tratamiento que de forma cooperativa le estamos dando a todos sus pedidos. Durante cuatro a\u00f1os el presidente fue determinante en que la inflaci\u00f3n es un proceso monetario y no multicausal como siempre argument\u00f3 el kirchnerismo, resulta falaz que ahora la inflaci\u00f3n se deba a una in\u00e9dita y veloz discusi\u00f3n parlamentaria&#8221;, subray\u00f3.<\/h3>\n<h3>En un mensaje publicado en su cuenta de la red social X, De Loredo sostuvo: &#8220;Le exigimos al gobierno que desista de este pacto de impunidad que tiene con el kirchnerismo&#8221;.<\/h3>\n<h3>Asegur\u00f3 que ese &#8220;pacto&#8221; est\u00e1 &#8220;expresado en las manifestaciones del gobierno de quitarle la obligaci\u00f3n a la oficina anticorrupci\u00f3n de ser querellante en las causas de corrupci\u00f3n&#8221;.<\/h3>\n<h3>&#8220;\u00bfQui\u00e9n va a acompa\u00f1ar la compleja documental probatoria de las causas de corrupci\u00f3n si el estado se corre de ese rol?&#8221;, se pregunt\u00f3 De Loredo, y dijo que tambi\u00e9n se trasluce en &#8220;la intenci\u00f3n del gobierno de que puedan blanquear fondos los funcionarios de la \u00faltima gesti\u00f3n; la designaci\u00f3n y el mantenimiento de funcionarios claves del gobierno anterior en \u00e1reas sensibles; y las permanentes declaraciones p\u00fablicas que buscan darle tranquilidad al peronismo de que no van a ser investigados y que el gobierno no har\u00e1 nada o que ayudar\u00e1 a encubrir los estructurales desfalcos que recibi\u00f3 nuestro pa\u00eds y nos traen hasta ac\u00e1&#8221;.<\/h3>\n<p>&nbsp;<\/p>\n<p>&nbsp;<\/p>\n<p>&nbsp;<\/p>\n<p>&nbsp;<\/p>\n","protected":false},"excerpt":{"rendered":"<p>El presidente del bloque de diputados de la Uni\u00f3n C\u00edvica Radical, Rodrigo De Loredo, cuestion\u00f3&#8230;<\/p>\n","protected":false},"author":1,"featured_media":10107,"comment_status":"closed","ping_status":"closed","sticky":false,"template":"","format":"standard","meta":{"footnotes":""},"categories":[5],"tags":[],"class_list":["post-10106","post","type-post","status-publish","format-standard","has-post-thumbnail","hentry","category-nacionales-internacionales"],"yoast_head":"<!-- This site is optimized with the Yoast SEO plugin v26.1.1 - https:\/\/yoast.com\/wordpress\/plugins\/seo\/ -->\n<title>DE LOREDO DENUNCI\u00d3 UN &quot;PACTO DE IMPUNIDAD&quot; ENTRE MILEI Y EL KIRCHNERISMO - Apuntes de San Luis<\/title>\n<meta name=\"robots\" content=\"index, follow, max-snippet:-1, max-image-preview:large, max-video-preview:-1\" \/>\n<link rel=\"canonical\" href=\"https:\/\/apuntesdesanluis.com\/index.php\/2024\/01\/15\/de-loredo-denuncio-un-pacto-de-impunidad-entre-milei-y-el-kirchnerismo\/\" \/>\n<meta property=\"og:locale\" content=\"es_ES\" \/>\n<meta property=\"og:type\" content=\"article\" \/>\n<meta property=\"og:title\" content=\"DE LOREDO DENUNCI\u00d3 UN &quot;PACTO DE IMPUNIDAD&quot; ENTRE MILEI Y EL KIRCHNERISMO - Apuntes de San Luis\" \/>\n<meta property=\"og:description\" content=\"El presidente del bloque de diputados de la Uni\u00f3n C\u00edvica Radical, Rodrigo De Loredo, cuestion\u00f3...\" \/>\n<meta property=\"og:url\" content=\"https:\/\/apuntesdesanluis.com\/index.php\/2024\/01\/15\/de-loredo-denuncio-un-pacto-de-impunidad-entre-milei-y-el-kirchnerismo\/\" \/>\n<meta property=\"og:site_name\" content=\"Apuntes de San Luis\" \/>\n<meta property=\"article:published_time\" content=\"2024-01-15T13:52:12+00:00\" \/>\n<meta property=\"article:modified_time\" content=\"2024-01-15T13:52:35+00:00\" \/>\n<meta property=\"og:image\" content=\"https:\/\/apuntesdesanluis.com\/wp-content\/uploads\/2024\/01\/de-loredo.png\" \/>\n\t<meta property=\"og:image:width\" content=\"600\" \/>\n\t<meta property=\"og:image:height\" content=\"347\" \/>\n\t<meta property=\"og:image:type\" content=\"image\/png\" \/>\n<meta name=\"author\" content=\"apuntesdesanluis.com\" \/>\n<meta name=\"twitter:card\" content=\"summary_large_image\" \/>\n<meta name=\"twitter:label1\" content=\"Escrito por\" \/>\n\t<meta name=\"twitter:data1\" content=\"apuntesdesanluis.com\" \/>\n\t<meta name=\"twitter:label2\" content=\"Tiempo de lectura\" \/>\n\t<meta name=\"twitter:data2\" content=\"3 minutos\" \/>\n<script type=\"application\/ld+json\" class=\"yoast-schema-graph\">{\"@context\":\"https:\/\/schema.org\",\"@graph\":[{\"@type\":\"Article\",\"@id\":\"https:\/\/apuntesdesanluis.com\/index.php\/2024\/01\/15\/de-loredo-denuncio-un-pacto-de-impunidad-entre-milei-y-el-kirchnerismo\/#article\",\"isPartOf\":{\"@id\":\"https:\/\/apuntesdesanluis.com\/index.php\/2024\/01\/15\/de-loredo-denuncio-un-pacto-de-impunidad-entre-milei-y-el-kirchnerismo\/\"},\"author\":{\"name\":\"apuntesdesanluis.com\",\"@id\":\"https:\/\/apuntesdesanluis.com\/#\/schema\/person\/b55151d52296fcce64d1a72538a70b90\"},\"headline\":\"DE LOREDO DENUNCI\u00d3 UN &#8220;PACTO DE IMPUNIDAD&#8221; ENTRE MILEI Y EL KIRCHNERISMO\",\"datePublished\":\"2024-01-15T13:52:12+00:00\",\"dateModified\":\"2024-01-15T13:52:35+00:00\",\"mainEntityOfPage\":{\"@id\":\"https:\/\/apuntesdesanluis.com\/index.php\/2024\/01\/15\/de-loredo-denuncio-un-pacto-de-impunidad-entre-milei-y-el-kirchnerismo\/\"},\"wordCount\":516,\"publisher\":{\"@id\":\"https:\/\/apuntesdesanluis.com\/#\/schema\/person\/b55151d52296fcce64d1a72538a70b90\"},\"image\":{\"@id\":\"https:\/\/apuntesdesanluis.com\/index.php\/2024\/01\/15\/de-loredo-denuncio-un-pacto-de-impunidad-entre-milei-y-el-kirchnerismo\/#primaryimage\"},\"thumbnailUrl\":\"https:\/\/apuntesdesanluis.com\/wp-content\/uploads\/2024\/01\/de-loredo.png\",\"articleSection\":[\"Nacionales\/Internacionales\"],\"inLanguage\":\"es-AR\"},{\"@type\":\"WebPage\",\"@id\":\"https:\/\/apuntesdesanluis.com\/index.php\/2024\/01\/15\/de-loredo-denuncio-un-pacto-de-impunidad-entre-milei-y-el-kirchnerismo\/\",\"url\":\"https:\/\/apuntesdesanluis.com\/index.php\/2024\/01\/15\/de-loredo-denuncio-un-pacto-de-impunidad-entre-milei-y-el-kirchnerismo\/\",\"name\":\"DE LOREDO DENUNCI\u00d3 UN \\\"PACTO DE IMPUNIDAD\\\" ENTRE MILEI Y EL KIRCHNERISMO - Apuntes de San Luis\",\"isPartOf\":{\"@id\":\"https:\/\/apuntesdesanluis.com\/#website\"},\"primaryImageOfPage\":{\"@id\":\"https:\/\/apuntesdesanluis.com\/index.php\/2024\/01\/15\/de-loredo-denuncio-un-pacto-de-impunidad-entre-milei-y-el-kirchnerismo\/#primaryimage\"},\"image\":{\"@id\":\"https:\/\/apuntesdesanluis.com\/index.php\/2024\/01\/15\/de-loredo-denuncio-un-pacto-de-impunidad-entre-milei-y-el-kirchnerismo\/#primaryimage\"},\"thumbnailUrl\":\"https:\/\/apuntesdesanluis.com\/wp-content\/uploads\/2024\/01\/de-loredo.png\",\"datePublished\":\"2024-01-15T13:52:12+00:00\",\"dateModified\":\"2024-01-15T13:52:35+00:00\",\"breadcrumb\":{\"@id\":\"https:\/\/apuntesdesanluis.com\/index.php\/2024\/01\/15\/de-loredo-denuncio-un-pacto-de-impunidad-entre-milei-y-el-kirchnerismo\/#breadcrumb\"},\"inLanguage\":\"es-AR\",\"potentialAction\":[{\"@type\":\"ReadAction\",\"target\":[\"https:\/\/apuntesdesanluis.com\/index.php\/2024\/01\/15\/de-loredo-denuncio-un-pacto-de-impunidad-entre-milei-y-el-kirchnerismo\/\"]}]},{\"@type\":\"ImageObject\",\"inLanguage\":\"es-AR\",\"@id\":\"https:\/\/apuntesdesanluis.com\/index.php\/2024\/01\/15\/de-loredo-denuncio-un-pacto-de-impunidad-entre-milei-y-el-kirchnerismo\/#primaryimage\",\"url\":\"https:\/\/apuntesdesanluis.com\/wp-content\/uploads\/2024\/01\/de-loredo.png\",\"contentUrl\":\"https:\/\/apuntesdesanluis.com\/wp-content\/uploads\/2024\/01\/de-loredo.png\",\"width\":600,\"height\":347},{\"@type\":\"BreadcrumbList\",\"@id\":\"https:\/\/apuntesdesanluis.com\/index.php\/2024\/01\/15\/de-loredo-denuncio-un-pacto-de-impunidad-entre-milei-y-el-kirchnerismo\/#breadcrumb\",\"itemListElement\":[{\"@type\":\"ListItem\",\"position\":1,\"name\":\"Inicio\",\"item\":\"https:\/\/apuntesdesanluis.com\/\"},{\"@type\":\"ListItem\",\"position\":2,\"name\":\"DE LOREDO DENUNCI\u00d3 UN &#8220;PACTO DE IMPUNIDAD&#8221; ENTRE MILEI Y EL KIRCHNERISMO\"}]},{\"@type\":\"WebSite\",\"@id\":\"https:\/\/apuntesdesanluis.com\/#website\",\"url\":\"https:\/\/apuntesdesanluis.com\/\",\"name\":\"Apuntes de San Luis\",\"description\":\"\",\"publisher\":{\"@id\":\"https:\/\/apuntesdesanluis.com\/#\/schema\/person\/b55151d52296fcce64d1a72538a70b90\"},\"potentialAction\":[{\"@type\":\"SearchAction\",\"target\":{\"@type\":\"EntryPoint\",\"urlTemplate\":\"https:\/\/apuntesdesanluis.com\/?s={search_term_string}\"},\"query-input\":{\"@type\":\"PropertyValueSpecification\",\"valueRequired\":true,\"valueName\":\"search_term_string\"}}],\"inLanguage\":\"es-AR\"},{\"@type\":[\"Person\",\"Organization\"],\"@id\":\"https:\/\/apuntesdesanluis.com\/#\/schema\/person\/b55151d52296fcce64d1a72538a70b90\",\"name\":\"apuntesdesanluis.com\",\"image\":{\"@type\":\"ImageObject\",\"inLanguage\":\"es-AR\",\"@id\":\"https:\/\/apuntesdesanluis.com\/#\/schema\/person\/image\/\",\"url\":\"https:\/\/apuntesdesanluis.com\/wp-content\/uploads\/2023\/07\/cropped-apuntesdesanluis.png\",\"contentUrl\":\"https:\/\/apuntesdesanluis.com\/wp-content\/uploads\/2023\/07\/cropped-apuntesdesanluis.png\",\"width\":450,\"height\":112,\"caption\":\"apuntesdesanluis.com\"},\"logo\":{\"@id\":\"https:\/\/apuntesdesanluis.com\/#\/schema\/person\/image\/\"},\"sameAs\":[\"https:\/\/apuntesdesanluis.com\"],\"url\":\"https:\/\/apuntesdesanluis.com\/index.php\/author\/apuntesdesanluis-com\/\"}]}<\/script>\n<!-- \/ Yoast SEO plugin. -->","yoast_head_json":{"title":"DE LOREDO DENUNCI\u00d3 UN \"PACTO DE IMPUNIDAD\" ENTRE MILEI Y EL KIRCHNERISMO - Apuntes de San Luis","robots":{"index":"index","follow":"follow","max-snippet":"max-snippet:-1","max-image-preview":"max-image-preview:large","max-video-preview":"max-video-preview:-1"},"canonical":"https:\/\/apuntesdesanluis.com\/index.php\/2024\/01\/15\/de-loredo-denuncio-un-pacto-de-impunidad-entre-milei-y-el-kirchnerismo\/","og_locale":"es_ES","og_type":"article","og_title":"DE LOREDO DENUNCI\u00d3 UN \"PACTO DE IMPUNIDAD\" ENTRE MILEI Y EL KIRCHNERISMO - Apuntes de San Luis","og_description":"El presidente del bloque de diputados de la Uni\u00f3n C\u00edvica Radical, Rodrigo De Loredo, cuestion\u00f3...","og_url":"https:\/\/apuntesdesanluis.com\/index.php\/2024\/01\/15\/de-loredo-denuncio-un-pacto-de-impunidad-entre-milei-y-el-kirchnerismo\/","og_site_name":"Apuntes de San Luis","article_published_time":"2024-01-15T13:52:12+00:00","article_modified_time":"2024-01-15T13:52:35+00:00","og_image":[{"width":600,"height":347,"url":"https:\/\/apuntesdesanluis.com\/wp-content\/uploads\/2024\/01\/de-loredo.png","type":"image\/png"}],"author":"apuntesdesanluis.com","twitter_card":"summary_large_image","twitter_misc":{"Escrito por":"apuntesdesanluis.com","Tiempo de lectura":"3 minutos"},"schema":{"@context":"https:\/\/schema.org","@graph":[{"@type":"Article","@id":"https:\/\/apuntesdesanluis.com\/index.php\/2024\/01\/15\/de-loredo-denuncio-un-pacto-de-impunidad-entre-milei-y-el-kirchnerismo\/#article","isPartOf":{"@id":"https:\/\/apuntesdesanluis.com\/index.php\/2024\/01\/15\/de-loredo-denuncio-un-pacto-de-impunidad-entre-milei-y-el-kirchnerismo\/"},"author":{"name":"apuntesdesanluis.com","@id":"https:\/\/apuntesdesanluis.com\/#\/schema\/person\/b55151d52296fcce64d1a72538a70b90"},"headline":"DE LOREDO DENUNCI\u00d3 UN &#8220;PACTO DE IMPUNIDAD&#8221; ENTRE MILEI Y EL KIRCHNERISMO","datePublished":"2024-01-15T13:52:12+00:00","dateModified":"2024-01-15T13:52:35+00:00","mainEntityOfPage":{"@id":"https:\/\/apuntesdesanluis.com\/index.php\/2024\/01\/15\/de-loredo-denuncio-un-pacto-de-impunidad-entre-milei-y-el-kirchnerismo\/"},"wordCount":516,"publisher":{"@id":"https:\/\/apuntesdesanluis.com\/#\/schema\/person\/b55151d52296fcce64d1a72538a70b90"},"image":{"@id":"https:\/\/apuntesdesanluis.com\/index.php\/2024\/01\/15\/de-loredo-denuncio-un-pacto-de-impunidad-entre-milei-y-el-kirchnerismo\/#primaryimage"},"thumbnailUrl":"https:\/\/apuntesdesanluis.com\/wp-content\/uploads\/2024\/01\/de-loredo.png","articleSection":["Nacionales\/Internacionales"],"inLanguage":"es-AR"},{"@type":"WebPage","@id":"https:\/\/apuntesdesanluis.com\/index.php\/2024\/01\/15\/de-loredo-denuncio-un-pacto-de-impunidad-entre-milei-y-el-kirchnerismo\/","url":"https:\/\/apuntesdesanluis.com\/index.php\/2024\/01\/15\/de-loredo-denuncio-un-pacto-de-impunidad-entre-milei-y-el-kirchnerismo\/","name":"DE LOREDO DENUNCI\u00d3 UN \"PACTO DE IMPUNIDAD\" ENTRE MILEI Y EL KIRCHNERISMO - Apuntes de San Luis","isPartOf":{"@id":"https:\/\/apuntesdesanluis.com\/#website"},"primaryImageOfPage":{"@id":"https:\/\/apuntesdesanluis.com\/index.php\/2024\/01\/15\/de-loredo-denuncio-un-pacto-de-impunidad-entre-milei-y-el-kirchnerismo\/#primaryimage"},"image":{"@id":"https:\/\/apuntesdesanluis.com\/index.php\/2024\/01\/15\/de-loredo-denuncio-un-pacto-de-impunidad-entre-milei-y-el-kirchnerismo\/#primaryimage"},"thumbnailUrl":"https:\/\/apuntesdesanluis.com\/wp-content\/uploads\/2024\/01\/de-loredo.png","datePublished":"2024-01-15T13:52:12+00:00","dateModified":"2024-01-15T13:52:35+00:00","breadcrumb":{"@id":"https:\/\/apuntesdesanluis.com\/index.php\/2024\/01\/15\/de-loredo-denuncio-un-pacto-de-impunidad-entre-milei-y-el-kirchnerismo\/#breadcrumb"},"inLanguage":"es-AR","potentialAction":[{"@type":"ReadAction","target":["https:\/\/apuntesdesanluis.com\/index.php\/2024\/01\/15\/de-loredo-denuncio-un-pacto-de-impunidad-entre-milei-y-el-kirchnerismo\/"]}]},{"@type":"ImageObject","inLanguage":"es-AR","@id":"https:\/\/apuntesdesanluis.com\/index.php\/2024\/01\/15\/de-loredo-denuncio-un-pacto-de-impunidad-entre-milei-y-el-kirchnerismo\/#primaryimage","url":"https:\/\/apuntesdesanluis.com\/wp-content\/uploads\/2024\/01\/de-loredo.png","contentUrl":"https:\/\/apuntesdesanluis.com\/wp-content\/uploads\/2024\/01\/de-loredo.png","width":600,"height":347},{"@type":"BreadcrumbList","@id":"https:\/\/apuntesdesanluis.com\/index.php\/2024\/01\/15\/de-loredo-denuncio-un-pacto-de-impunidad-entre-milei-y-el-kirchnerismo\/#breadcrumb","itemListElement":[{"@type":"ListItem","position":1,"name":"Inicio","item":"https:\/\/apuntesdesanluis.com\/"},{"@type":"ListItem","position":2,"name":"DE LOREDO DENUNCI\u00d3 UN &#8220;PACTO DE IMPUNIDAD&#8221; ENTRE MILEI Y EL KIRCHNERISMO"}]},{"@type":"WebSite","@id":"https:\/\/apuntesdesanluis.com\/#website","url":"https:\/\/apuntesdesanluis.com\/","name":"Apuntes de San Luis","description":"","publisher":{"@id":"https:\/\/apuntesdesanluis.com\/#\/schema\/person\/b55151d52296fcce64d1a72538a70b90"},"potentialAction":[{"@type":"SearchAction","target":{"@type":"EntryPoint","urlTemplate":"https:\/\/apuntesdesanluis.com\/?s={search_term_string}"},"query-input":{"@type":"PropertyValueSpecification","valueRequired":true,"valueName":"search_term_string"}}],"inLanguage":"es-AR"},{"@type":["Person","Organization"],"@id":"https:\/\/apuntesdesanluis.com\/#\/schema\/person\/b55151d52296fcce64d1a72538a70b90","name":"apuntesdesanluis.com","image":{"@type":"ImageObject","inLanguage":"es-AR","@id":"https:\/\/apuntesdesanluis.com\/#\/schema\/person\/image\/","url":"https:\/\/apuntesdesanluis.com\/wp-content\/uploads\/2023\/07\/cropped-apuntesdesanluis.png","contentUrl":"https:\/\/apuntesdesanluis.com\/wp-content\/uploads\/2023\/07\/cropped-apuntesdesanluis.png","width":450,"height":112,"caption":"apuntesdesanluis.com"},"logo":{"@id":"https:\/\/apuntesdesanluis.com\/#\/schema\/person\/image\/"},"sameAs":["https:\/\/apuntesdesanluis.com"],"url":"https:\/\/apuntesdesanluis.com\/index.php\/author\/apuntesdesanluis-com\/"}]}},"featured_image_urls":{"full":["https:\/\/apuntesdesanluis.com\/wp-content\/uploads\/2024\/01\/de-loredo.png",600,347,false],"thumbnail":["https:\/\/apuntesdesanluis.com\/wp-content\/uploads\/2024\/01\/de-loredo-150x150.png",150,150,true],"medium":["https:\/\/apuntesdesanluis.com\/wp-content\/uploads\/2024\/01\/de-loredo-300x174.png",300,174,true],"medium_large":["https:\/\/apuntesdesanluis.com\/wp-content\/uploads\/2024\/01\/de-loredo.png",600,347,false],"large":["https:\/\/apuntesdesanluis.com\/wp-content\/uploads\/2024\/01\/de-loredo.png",600,347,false],"1536x1536":["https:\/\/apuntesdesanluis.com\/wp-content\/uploads\/2024\/01\/de-loredo.png",600,347,false],"2048x2048":["https:\/\/apuntesdesanluis.com\/wp-content\/uploads\/2024\/01\/de-loredo.png",600,347,false],"newsever-slider-full":["https:\/\/apuntesdesanluis.com\/wp-content\/uploads\/2024\/01\/de-loredo.png",600,347,false],"newsever-featured":["https:\/\/apuntesdesanluis.com\/wp-content\/uploads\/2024\/01\/de-loredo.png",600,347,false],"newsever-medium":["https:\/\/apuntesdesanluis.com\/wp-content\/uploads\/2024\/01\/de-loredo.png",600,347,false]},"author_info":{"display_name":"apuntesdesanluis.com","author_link":"https:\/\/apuntesdesanluis.com\/index.php\/author\/apuntesdesanluis-com\/"},"category_info":"<a href=\"https:\/\/apuntesdesanluis.com\/index.php\/category\/nacionales-internacionales\/\" rel=\"category tag\">Nacionales\/Internacionales<\/a>","tag_info":"Nacionales\/Internacionales","comment_count":"0","_links":{"self":[{"href":"https:\/\/apuntesdesanluis.com\/index.php\/wp-json\/wp\/v2\/posts\/10106","targetHints":{"allow":["GET"]}}],"collection":[{"href":"https:\/\/apuntesdesanluis.com\/index.php\/wp-json\/wp\/v2\/posts"}],"about":[{"href":"https:\/\/apuntesdesanluis.com\/index.php\/wp-json\/wp\/v2\/types\/post"}],"author":[{"embeddable":true,"href":"https:\/\/apuntesdesanluis.com\/index.php\/wp-json\/wp\/v2\/users\/1"}],"replies":[{"embeddable":true,"href":"https:\/\/apuntesdesanluis.com\/index.php\/wp-json\/wp\/v2\/comments?post=10106"}],"version-history":[{"count":2,"href":"https:\/\/apuntesdesanluis.com\/index.php\/wp-json\/wp\/v2\/posts\/10106\/revisions"}],"predecessor-version":[{"id":10109,"href":"https:\/\/apuntesdesanluis.com\/index.php\/wp-json\/wp\/v2\/posts\/10106\/revisions\/10109"}],"wp:featuredmedia":[{"embeddable":true,"href":"https:\/\/apuntesdesanluis.com\/index.php\/wp-json\/wp\/v2\/media\/10107"}],"wp:attachment":[{"href":"https:\/\/apuntesdesanluis.com\/index.php\/wp-json\/wp\/v2\/media?parent=10106"}],"wp:term":[{"taxonomy":"category","embeddable":true,"href":"https:\/\/apuntesdesanluis.com\/index.php\/wp-json\/wp\/v2\/categories?post=10106"},{"taxonomy":"post_tag","embeddable":true,"href":"https:\/\/apuntesdesanluis.com\/index.php\/wp-json\/wp\/v2\/tags?post=10106"}],"curies":[{"name":"wp","href":"https:\/\/api.w.org\/{rel}","templated":true}]}}