{"id":10110,"date":"2024-01-15T12:38:06","date_gmt":"2024-01-15T15:38:06","guid":{"rendered":"https:\/\/apuntesdesanluis.com\/?p=10110"},"modified":"2024-01-15T12:38:06","modified_gmt":"2024-01-15T15:38:06","slug":"exponencial-aumento-de-femicidios-en-2023-hubo-322-crimenes-un-33-mas-que-en-2022","status":"publish","type":"post","link":"https:\/\/apuntesdesanluis.com\/index.php\/2024\/01\/15\/exponencial-aumento-de-femicidios-en-2023-hubo-322-crimenes-un-33-mas-que-en-2022\/","title":{"rendered":"EXPONENCIAL AUMENTO DE FEMICIDIOS EN 2023: HUBO 322 CR\u00cdMENES, UN 33% M\u00c1S QUE EN 2022"},"content":{"rendered":"<h3>El alarmante dato se obtuvo de un informe de la Defensor\u00eda del Pueblo de la Naci\u00f3n, en el que se se\u00f1ala que se cometi\u00f3 un asesinato cada 27 horas.<\/h3>\n<h3>Un informe de la Defensor\u00eda del Pueblo de la Naci\u00f3n expuso un dato alarmante sobre los femicidios ocurridos en el pa\u00eds durante el 2023. El a\u00f1o pasado hubo 322 cr\u00edmenes, un 33% m\u00e1s que en 2022.<\/h3>\n<h3>El documento indica que el a\u00f1o pasado se cometieron femicidios cada 27 horas, lo que suma 80 casos m\u00e1s en comparaci\u00f3n con el a\u00f1o anterior.<\/h3>\n<h3>&#8220;El aumento en las cifras de asesinatos de mujeres por razones de g\u00e9nero es alarmante, superando incluso las cifras de 2020, a\u00f1o marcado por la pandemia, en el que se registraron 295. A su vez, las cifras de 2023 superaron las de 2022, cuando hubo un total de 242&#8221;, detalla.<\/h3>\n<h3>Desde el Observatorio de Femicidios de la Defensor\u00eda del Pueblo se informa que el 1\u00b0 de enero al 31 de diciembre hubo 6 transfemicidio y 28 muertes violentas de mujeres en contexto de narcotr\u00e1fico y crimen organizado.<\/h3>\n<h3>Acerca de d\u00f3nde ocurrieron los asesinatos, el informe replica que casi el 60% de las v\u00edctimas fueron asesinadas en su domicilio, en su trabajo o en la vivienda que compart\u00edan con el femicida.<\/h3>\n<h3>Mientras en un 74% se comprob\u00f3 la existencia de una relaci\u00f3n preexistente entre la v\u00edctima y el victimario.<\/h3>\n<h3>Otro dato preocupante que se obtuvo es que 191 ni\u00f1as y ni\u00f1os se quedaron sin sus madres, muchos de los cu\u00e1les tambi\u00e9n presenciaron el brutal crimen.<\/h3>\n<h3>Del total solo el 19% realiz\u00f3 una denuncia previa contra el femicida y un 44% se\u00f1ala que los propios familiares sab\u00edan que exist\u00eda violencia de g\u00e9nero.<\/h3>\n<h3>Donde mayor cantidad de femicidios hubo fueron en Buenos Aires (133), Santa Fe (40), Chaco (22), C\u00f3rdoba (22), Salta (16) y Tucum\u00e1n (16), en tanto los peores meses: agosto (32), diciembre (31), mayo (31) y abril (30).<\/h3>\n","protected":false},"excerpt":{"rendered":"<p>El alarmante dato se obtuvo de un informe de la Defensor\u00eda del Pueblo de la&#8230;<\/p>\n","protected":false},"author":1,"featured_media":10111,"comment_status":"closed","ping_status":"closed","sticky":false,"template":"","format":"standard","meta":{"footnotes":""},"categories":[5],"tags":[],"class_list":["post-10110","post","type-post","status-publish","format-standard","has-post-thumbnail","hentry","category-nacionales-internacionales"],"yoast_head":"<!-- This site is optimized with the Yoast SEO plugin v26.1.1 - https:\/\/yoast.com\/wordpress\/plugins\/seo\/ -->\n<title>EXPONENCIAL AUMENTO DE FEMICIDIOS EN 2023: HUBO 322 CR\u00cdMENES, UN 33% M\u00c1S QUE EN 2022 - Apuntes de San Luis<\/title>\n<meta name=\"robots\" content=\"index, follow, max-snippet:-1, max-image-preview:large, max-video-preview:-1\" \/>\n<link rel=\"canonical\" href=\"https:\/\/apuntesdesanluis.com\/index.php\/2024\/01\/15\/exponencial-aumento-de-femicidios-en-2023-hubo-322-crimenes-un-33-mas-que-en-2022\/\" \/>\n<meta property=\"og:locale\" content=\"es_ES\" \/>\n<meta property=\"og:type\" content=\"article\" \/>\n<meta property=\"og:title\" content=\"EXPONENCIAL AUMENTO DE FEMICIDIOS EN 2023: HUBO 322 CR\u00cdMENES, UN 33% M\u00c1S QUE EN 2022 - Apuntes de San Luis\" \/>\n<meta property=\"og:description\" content=\"El alarmante dato se obtuvo de un informe de la Defensor\u00eda del Pueblo de la...\" \/>\n<meta property=\"og:url\" content=\"https:\/\/apuntesdesanluis.com\/index.php\/2024\/01\/15\/exponencial-aumento-de-femicidios-en-2023-hubo-322-crimenes-un-33-mas-que-en-2022\/\" \/>\n<meta property=\"og:site_name\" content=\"Apuntes de San Luis\" \/>\n<meta property=\"article:published_time\" content=\"2024-01-15T15:38:06+00:00\" \/>\n<meta property=\"og:image\" content=\"https:\/\/apuntesdesanluis.com\/wp-content\/uploads\/2024\/01\/marcha-contra-el-femicidio.png\" \/>\n\t<meta property=\"og:image:width\" content=\"883\" \/>\n\t<meta property=\"og:image:height\" content=\"591\" \/>\n\t<meta property=\"og:image:type\" content=\"image\/png\" \/>\n<meta name=\"author\" content=\"apuntesdesanluis.com\" \/>\n<meta name=\"twitter:card\" content=\"summary_large_image\" \/>\n<meta name=\"twitter:label1\" content=\"Escrito por\" \/>\n\t<meta name=\"twitter:data1\" content=\"apuntesdesanluis.com\" \/>\n\t<meta name=\"twitter:label2\" content=\"Tiempo de lectura\" \/>\n\t<meta name=\"twitter:data2\" content=\"2 minutos\" \/>\n<script type=\"application\/ld+json\" class=\"yoast-schema-graph\">{\"@context\":\"https:\/\/schema.org\",\"@graph\":[{\"@type\":\"Article\",\"@id\":\"https:\/\/apuntesdesanluis.com\/index.php\/2024\/01\/15\/exponencial-aumento-de-femicidios-en-2023-hubo-322-crimenes-un-33-mas-que-en-2022\/#article\",\"isPartOf\":{\"@id\":\"https:\/\/apuntesdesanluis.com\/index.php\/2024\/01\/15\/exponencial-aumento-de-femicidios-en-2023-hubo-322-crimenes-un-33-mas-que-en-2022\/\"},\"author\":{\"name\":\"apuntesdesanluis.com\",\"@id\":\"https:\/\/apuntesdesanluis.com\/#\/schema\/person\/b55151d52296fcce64d1a72538a70b90\"},\"headline\":\"EXPONENCIAL AUMENTO DE FEMICIDIOS EN 2023: HUBO 322 CR\u00cdMENES, UN 33% M\u00c1S QUE EN 2022\",\"datePublished\":\"2024-01-15T15:38:06+00:00\",\"mainEntityOfPage\":{\"@id\":\"https:\/\/apuntesdesanluis.com\/index.php\/2024\/01\/15\/exponencial-aumento-de-femicidios-en-2023-hubo-322-crimenes-un-33-mas-que-en-2022\/\"},\"wordCount\":331,\"publisher\":{\"@id\":\"https:\/\/apuntesdesanluis.com\/#\/schema\/person\/b55151d52296fcce64d1a72538a70b90\"},\"image\":{\"@id\":\"https:\/\/apuntesdesanluis.com\/index.php\/2024\/01\/15\/exponencial-aumento-de-femicidios-en-2023-hubo-322-crimenes-un-33-mas-que-en-2022\/#primaryimage\"},\"thumbnailUrl\":\"https:\/\/apuntesdesanluis.com\/wp-content\/uploads\/2024\/01\/marcha-contra-el-femicidio.png\",\"articleSection\":[\"Nacionales\/Internacionales\"],\"inLanguage\":\"es-AR\"},{\"@type\":\"WebPage\",\"@id\":\"https:\/\/apuntesdesanluis.com\/index.php\/2024\/01\/15\/exponencial-aumento-de-femicidios-en-2023-hubo-322-crimenes-un-33-mas-que-en-2022\/\",\"url\":\"https:\/\/apuntesdesanluis.com\/index.php\/2024\/01\/15\/exponencial-aumento-de-femicidios-en-2023-hubo-322-crimenes-un-33-mas-que-en-2022\/\",\"name\":\"EXPONENCIAL AUMENTO DE FEMICIDIOS EN 2023: HUBO 322 CR\u00cdMENES, UN 33% M\u00c1S QUE EN 2022 - Apuntes de San Luis\",\"isPartOf\":{\"@id\":\"https:\/\/apuntesdesanluis.com\/#website\"},\"primaryImageOfPage\":{\"@id\":\"https:\/\/apuntesdesanluis.com\/index.php\/2024\/01\/15\/exponencial-aumento-de-femicidios-en-2023-hubo-322-crimenes-un-33-mas-que-en-2022\/#primaryimage\"},\"image\":{\"@id\":\"https:\/\/apuntesdesanluis.com\/index.php\/2024\/01\/15\/exponencial-aumento-de-femicidios-en-2023-hubo-322-crimenes-un-33-mas-que-en-2022\/#primaryimage\"},\"thumbnailUrl\":\"https:\/\/apuntesdesanluis.com\/wp-content\/uploads\/2024\/01\/marcha-contra-el-femicidio.png\",\"datePublished\":\"2024-01-15T15:38:06+00:00\",\"breadcrumb\":{\"@id\":\"https:\/\/apuntesdesanluis.com\/index.php\/2024\/01\/15\/exponencial-aumento-de-femicidios-en-2023-hubo-322-crimenes-un-33-mas-que-en-2022\/#breadcrumb\"},\"inLanguage\":\"es-AR\",\"potentialAction\":[{\"@type\":\"ReadAction\",\"target\":[\"https:\/\/apuntesdesanluis.com\/index.php\/2024\/01\/15\/exponencial-aumento-de-femicidios-en-2023-hubo-322-crimenes-un-33-mas-que-en-2022\/\"]}]},{\"@type\":\"ImageObject\",\"inLanguage\":\"es-AR\",\"@id\":\"https:\/\/apuntesdesanluis.com\/index.php\/2024\/01\/15\/exponencial-aumento-de-femicidios-en-2023-hubo-322-crimenes-un-33-mas-que-en-2022\/#primaryimage\",\"url\":\"https:\/\/apuntesdesanluis.com\/wp-content\/uploads\/2024\/01\/marcha-contra-el-femicidio.png\",\"contentUrl\":\"https:\/\/apuntesdesanluis.com\/wp-content\/uploads\/2024\/01\/marcha-contra-el-femicidio.png\",\"width\":883,\"height\":591},{\"@type\":\"BreadcrumbList\",\"@id\":\"https:\/\/apuntesdesanluis.com\/index.php\/2024\/01\/15\/exponencial-aumento-de-femicidios-en-2023-hubo-322-crimenes-un-33-mas-que-en-2022\/#breadcrumb\",\"itemListElement\":[{\"@type\":\"ListItem\",\"position\":1,\"name\":\"Inicio\",\"item\":\"https:\/\/apuntesdesanluis.com\/\"},{\"@type\":\"ListItem\",\"position\":2,\"name\":\"EXPONENCIAL AUMENTO DE FEMICIDIOS EN 2023: HUBO 322 CR\u00cdMENES, UN 33% M\u00c1S QUE EN 2022\"}]},{\"@type\":\"WebSite\",\"@id\":\"https:\/\/apuntesdesanluis.com\/#website\",\"url\":\"https:\/\/apuntesdesanluis.com\/\",\"name\":\"Apuntes de San Luis\",\"description\":\"\",\"publisher\":{\"@id\":\"https:\/\/apuntesdesanluis.com\/#\/schema\/person\/b55151d52296fcce64d1a72538a70b90\"},\"potentialAction\":[{\"@type\":\"SearchAction\",\"target\":{\"@type\":\"EntryPoint\",\"urlTemplate\":\"https:\/\/apuntesdesanluis.com\/?s={search_term_string}\"},\"query-input\":{\"@type\":\"PropertyValueSpecification\",\"valueRequired\":true,\"valueName\":\"search_term_string\"}}],\"inLanguage\":\"es-AR\"},{\"@type\":[\"Person\",\"Organization\"],\"@id\":\"https:\/\/apuntesdesanluis.com\/#\/schema\/person\/b55151d52296fcce64d1a72538a70b90\",\"name\":\"apuntesdesanluis.com\",\"image\":{\"@type\":\"ImageObject\",\"inLanguage\":\"es-AR\",\"@id\":\"https:\/\/apuntesdesanluis.com\/#\/schema\/person\/image\/\",\"url\":\"https:\/\/apuntesdesanluis.com\/wp-content\/uploads\/2023\/07\/cropped-apuntesdesanluis.png\",\"contentUrl\":\"https:\/\/apuntesdesanluis.com\/wp-content\/uploads\/2023\/07\/cropped-apuntesdesanluis.png\",\"width\":450,\"height\":112,\"caption\":\"apuntesdesanluis.com\"},\"logo\":{\"@id\":\"https:\/\/apuntesdesanluis.com\/#\/schema\/person\/image\/\"},\"sameAs\":[\"https:\/\/apuntesdesanluis.com\"],\"url\":\"https:\/\/apuntesdesanluis.com\/index.php\/author\/apuntesdesanluis-com\/\"}]}<\/script>\n<!-- \/ Yoast SEO plugin. -->","yoast_head_json":{"title":"EXPONENCIAL AUMENTO DE FEMICIDIOS EN 2023: HUBO 322 CR\u00cdMENES, UN 33% M\u00c1S QUE EN 2022 - Apuntes de San Luis","robots":{"index":"index","follow":"follow","max-snippet":"max-snippet:-1","max-image-preview":"max-image-preview:large","max-video-preview":"max-video-preview:-1"},"canonical":"https:\/\/apuntesdesanluis.com\/index.php\/2024\/01\/15\/exponencial-aumento-de-femicidios-en-2023-hubo-322-crimenes-un-33-mas-que-en-2022\/","og_locale":"es_ES","og_type":"article","og_title":"EXPONENCIAL AUMENTO DE FEMICIDIOS EN 2023: HUBO 322 CR\u00cdMENES, UN 33% M\u00c1S QUE EN 2022 - Apuntes de San Luis","og_description":"El alarmante dato se obtuvo de un informe de la Defensor\u00eda del Pueblo de la...","og_url":"https:\/\/apuntesdesanluis.com\/index.php\/2024\/01\/15\/exponencial-aumento-de-femicidios-en-2023-hubo-322-crimenes-un-33-mas-que-en-2022\/","og_site_name":"Apuntes de San Luis","article_published_time":"2024-01-15T15:38:06+00:00","og_image":[{"width":883,"height":591,"url":"https:\/\/apuntesdesanluis.com\/wp-content\/uploads\/2024\/01\/marcha-contra-el-femicidio.png","type":"image\/png"}],"author":"apuntesdesanluis.com","twitter_card":"summary_large_image","twitter_misc":{"Escrito por":"apuntesdesanluis.com","Tiempo de lectura":"2 minutos"},"schema":{"@context":"https:\/\/schema.org","@graph":[{"@type":"Article","@id":"https:\/\/apuntesdesanluis.com\/index.php\/2024\/01\/15\/exponencial-aumento-de-femicidios-en-2023-hubo-322-crimenes-un-33-mas-que-en-2022\/#article","isPartOf":{"@id":"https:\/\/apuntesdesanluis.com\/index.php\/2024\/01\/15\/exponencial-aumento-de-femicidios-en-2023-hubo-322-crimenes-un-33-mas-que-en-2022\/"},"author":{"name":"apuntesdesanluis.com","@id":"https:\/\/apuntesdesanluis.com\/#\/schema\/person\/b55151d52296fcce64d1a72538a70b90"},"headline":"EXPONENCIAL AUMENTO DE FEMICIDIOS EN 2023: HUBO 322 CR\u00cdMENES, UN 33% M\u00c1S QUE EN 2022","datePublished":"2024-01-15T15:38:06+00:00","mainEntityOfPage":{"@id":"https:\/\/apuntesdesanluis.com\/index.php\/2024\/01\/15\/exponencial-aumento-de-femicidios-en-2023-hubo-322-crimenes-un-33-mas-que-en-2022\/"},"wordCount":331,"publisher":{"@id":"https:\/\/apuntesdesanluis.com\/#\/schema\/person\/b55151d52296fcce64d1a72538a70b90"},"image":{"@id":"https:\/\/apuntesdesanluis.com\/index.php\/2024\/01\/15\/exponencial-aumento-de-femicidios-en-2023-hubo-322-crimenes-un-33-mas-que-en-2022\/#primaryimage"},"thumbnailUrl":"https:\/\/apuntesdesanluis.com\/wp-content\/uploads\/2024\/01\/marcha-contra-el-femicidio.png","articleSection":["Nacionales\/Internacionales"],"inLanguage":"es-AR"},{"@type":"WebPage","@id":"https:\/\/apuntesdesanluis.com\/index.php\/2024\/01\/15\/exponencial-aumento-de-femicidios-en-2023-hubo-322-crimenes-un-33-mas-que-en-2022\/","url":"https:\/\/apuntesdesanluis.com\/index.php\/2024\/01\/15\/exponencial-aumento-de-femicidios-en-2023-hubo-322-crimenes-un-33-mas-que-en-2022\/","name":"EXPONENCIAL AUMENTO DE FEMICIDIOS EN 2023: HUBO 322 CR\u00cdMENES, UN 33% M\u00c1S QUE EN 2022 - Apuntes de San Luis","isPartOf":{"@id":"https:\/\/apuntesdesanluis.com\/#website"},"primaryImageOfPage":{"@id":"https:\/\/apuntesdesanluis.com\/index.php\/2024\/01\/15\/exponencial-aumento-de-femicidios-en-2023-hubo-322-crimenes-un-33-mas-que-en-2022\/#primaryimage"},"image":{"@id":"https:\/\/apuntesdesanluis.com\/index.php\/2024\/01\/15\/exponencial-aumento-de-femicidios-en-2023-hubo-322-crimenes-un-33-mas-que-en-2022\/#primaryimage"},"thumbnailUrl":"https:\/\/apuntesdesanluis.com\/wp-content\/uploads\/2024\/01\/marcha-contra-el-femicidio.png","datePublished":"2024-01-15T15:38:06+00:00","breadcrumb":{"@id":"https:\/\/apuntesdesanluis.com\/index.php\/2024\/01\/15\/exponencial-aumento-de-femicidios-en-2023-hubo-322-crimenes-un-33-mas-que-en-2022\/#breadcrumb"},"inLanguage":"es-AR","potentialAction":[{"@type":"ReadAction","target":["https:\/\/apuntesdesanluis.com\/index.php\/2024\/01\/15\/exponencial-aumento-de-femicidios-en-2023-hubo-322-crimenes-un-33-mas-que-en-2022\/"]}]},{"@type":"ImageObject","inLanguage":"es-AR","@id":"https:\/\/apuntesdesanluis.com\/index.php\/2024\/01\/15\/exponencial-aumento-de-femicidios-en-2023-hubo-322-crimenes-un-33-mas-que-en-2022\/#primaryimage","url":"https:\/\/apuntesdesanluis.com\/wp-content\/uploads\/2024\/01\/marcha-contra-el-femicidio.png","contentUrl":"https:\/\/apuntesdesanluis.com\/wp-content\/uploads\/2024\/01\/marcha-contra-el-femicidio.png","width":883,"height":591},{"@type":"BreadcrumbList","@id":"https:\/\/apuntesdesanluis.com\/index.php\/2024\/01\/15\/exponencial-aumento-de-femicidios-en-2023-hubo-322-crimenes-un-33-mas-que-en-2022\/#breadcrumb","itemListElement":[{"@type":"ListItem","position":1,"name":"Inicio","item":"https:\/\/apuntesdesanluis.com\/"},{"@type":"ListItem","position":2,"name":"EXPONENCIAL AUMENTO DE FEMICIDIOS EN 2023: HUBO 322 CR\u00cdMENES, UN 33% M\u00c1S QUE EN 2022"}]},{"@type":"WebSite","@id":"https:\/\/apuntesdesanluis.com\/#website","url":"https:\/\/apuntesdesanluis.com\/","name":"Apuntes de San Luis","description":"","publisher":{"@id":"https:\/\/apuntesdesanluis.com\/#\/schema\/person\/b55151d52296fcce64d1a72538a70b90"},"potentialAction":[{"@type":"SearchAction","target":{"@type":"EntryPoint","urlTemplate":"https:\/\/apuntesdesanluis.com\/?s={search_term_string}"},"query-input":{"@type":"PropertyValueSpecification","valueRequired":true,"valueName":"search_term_string"}}],"inLanguage":"es-AR"},{"@type":["Person","Organization"],"@id":"https:\/\/apuntesdesanluis.com\/#\/schema\/person\/b55151d52296fcce64d1a72538a70b90","name":"apuntesdesanluis.com","image":{"@type":"ImageObject","inLanguage":"es-AR","@id":"https:\/\/apuntesdesanluis.com\/#\/schema\/person\/image\/","url":"https:\/\/apuntesdesanluis.com\/wp-content\/uploads\/2023\/07\/cropped-apuntesdesanluis.png","contentUrl":"https:\/\/apuntesdesanluis.com\/wp-content\/uploads\/2023\/07\/cropped-apuntesdesanluis.png","width":450,"height":112,"caption":"apuntesdesanluis.com"},"logo":{"@id":"https:\/\/apuntesdesanluis.com\/#\/schema\/person\/image\/"},"sameAs":["https:\/\/apuntesdesanluis.com"],"url":"https:\/\/apuntesdesanluis.com\/index.php\/author\/apuntesdesanluis-com\/"}]}},"featured_image_urls":{"full":["https:\/\/apuntesdesanluis.com\/wp-content\/uploads\/2024\/01\/marcha-contra-el-femicidio.png",883,591,false],"thumbnail":["https:\/\/apuntesdesanluis.com\/wp-content\/uploads\/2024\/01\/marcha-contra-el-femicidio-150x150.png",150,150,true],"medium":["https:\/\/apuntesdesanluis.com\/wp-content\/uploads\/2024\/01\/marcha-contra-el-femicidio-300x201.png",300,201,true],"medium_large":["https:\/\/apuntesdesanluis.com\/wp-content\/uploads\/2024\/01\/marcha-contra-el-femicidio-768x514.png",640,428,true],"large":["https:\/\/apuntesdesanluis.com\/wp-content\/uploads\/2024\/01\/marcha-contra-el-femicidio.png",640,428,false],"1536x1536":["https:\/\/apuntesdesanluis.com\/wp-content\/uploads\/2024\/01\/marcha-contra-el-femicidio.png",883,591,false],"2048x2048":["https:\/\/apuntesdesanluis.com\/wp-content\/uploads\/2024\/01\/marcha-contra-el-femicidio.png",883,591,false],"newsever-slider-full":["https:\/\/apuntesdesanluis.com\/wp-content\/uploads\/2024\/01\/marcha-contra-el-femicidio.png",883,591,false],"newsever-featured":["https:\/\/apuntesdesanluis.com\/wp-content\/uploads\/2024\/01\/marcha-contra-el-femicidio.png",883,591,false],"newsever-medium":["https:\/\/apuntesdesanluis.com\/wp-content\/uploads\/2024\/01\/marcha-contra-el-femicidio-720x475.png",720,475,true]},"author_info":{"display_name":"apuntesdesanluis.com","author_link":"https:\/\/apuntesdesanluis.com\/index.php\/author\/apuntesdesanluis-com\/"},"category_info":"<a href=\"https:\/\/apuntesdesanluis.com\/index.php\/category\/nacionales-internacionales\/\" rel=\"category tag\">Nacionales\/Internacionales<\/a>","tag_info":"Nacionales\/Internacionales","comment_count":"0","_links":{"self":[{"href":"https:\/\/apuntesdesanluis.com\/index.php\/wp-json\/wp\/v2\/posts\/10110","targetHints":{"allow":["GET"]}}],"collection":[{"href":"https:\/\/apuntesdesanluis.com\/index.php\/wp-json\/wp\/v2\/posts"}],"about":[{"href":"https:\/\/apuntesdesanluis.com\/index.php\/wp-json\/wp\/v2\/types\/post"}],"author":[{"embeddable":true,"href":"https:\/\/apuntesdesanluis.com\/index.php\/wp-json\/wp\/v2\/users\/1"}],"replies":[{"embeddable":true,"href":"https:\/\/apuntesdesanluis.com\/index.php\/wp-json\/wp\/v2\/comments?post=10110"}],"version-history":[{"count":1,"href":"https:\/\/apuntesdesanluis.com\/index.php\/wp-json\/wp\/v2\/posts\/10110\/revisions"}],"predecessor-version":[{"id":10112,"href":"https:\/\/apuntesdesanluis.com\/index.php\/wp-json\/wp\/v2\/posts\/10110\/revisions\/10112"}],"wp:featuredmedia":[{"embeddable":true,"href":"https:\/\/apuntesdesanluis.com\/index.php\/wp-json\/wp\/v2\/media\/10111"}],"wp:attachment":[{"href":"https:\/\/apuntesdesanluis.com\/index.php\/wp-json\/wp\/v2\/media?parent=10110"}],"wp:term":[{"taxonomy":"category","embeddable":true,"href":"https:\/\/apuntesdesanluis.com\/index.php\/wp-json\/wp\/v2\/categories?post=10110"},{"taxonomy":"post_tag","embeddable":true,"href":"https:\/\/apuntesdesanluis.com\/index.php\/wp-json\/wp\/v2\/tags?post=10110"}],"curies":[{"name":"wp","href":"https:\/\/api.w.org\/{rel}","templated":true}]}}