{"id":10146,"date":"2024-01-15T21:42:08","date_gmt":"2024-01-16T00:42:08","guid":{"rendered":"https:\/\/apuntesdesanluis.com\/?p=10146"},"modified":"2024-01-15T21:42:08","modified_gmt":"2024-01-16T00:42:08","slug":"el-gobierno-evalua-descontar-el-dia-a-los-empleados-estatales-que-se-sumen-al-paro-general-que-impulsa-la-cgt","status":"publish","type":"post","link":"https:\/\/apuntesdesanluis.com\/index.php\/2024\/01\/15\/el-gobierno-evalua-descontar-el-dia-a-los-empleados-estatales-que-se-sumen-al-paro-general-que-impulsa-la-cgt\/","title":{"rendered":"EL GOBIERNO EVAL\u00daA DESCONTAR EL D\u00cdA A LOS EMPLEADOS ESTATALES QUE SE SUMEN AL PARO GENERAL QUE IMPULSA LA CGT"},"content":{"rendered":"<h3>El vocero presidencial <strong>Manuel Adorni<\/strong> asegur\u00f3 que es una posibilidad concreta que se encuentra bajo an\u00e1lisis. Adem\u00e1s confirm\u00f3 que el presidente <strong>Javier Milei<\/strong> se reunir\u00e1 en Davos con <strong>Kristalina Georgieva<\/strong>, titular del FMI.<\/h3>\n<h3>La medida de fuerza que impulsa la <strong>Confederaci\u00f3n General del Trabajo<\/strong> (CGT) para el pr\u00f3ximo 24 de enero tiene en alerta al gobierno nacional. A nueve d\u00edas de la protesta que tiene a <strong>Pablo Moyano<\/strong> como uno de sus principales impulsores, la administraci\u00f3n que encabeza Javier Milei advirti\u00f3 que eval\u00faa descontar el d\u00eda a los empleados estatales que adhieran al paro.<\/h3>\n<h3>\u201cEfectivamente, es algo que estamos analizando como una posibilidad cierta\u201d, confirm\u00f3 el vocero presidencial Manuel Adorni durante la rueda de prensa que dio en Casa Rosada, sin dar mayores precisiones sobre el tema.<\/h3>\n<h3>El mi\u00e9rcoles pasado, el plenario de delegaciones regionales de la CGT le otrog\u00f3 un respaldo \u201ccontundente y un\u00e1nime a la estrategia y acci\u00f3n\u201d de la c\u00fapula cegetista en rechazo del DNU 70 que contiene la reforma laboral, lo que represent\u00f3 un apoyo al paro de 12 horas con movilizaci\u00f3n para el pr\u00f3ximo 24 de enero, que, seg\u00fan se resolvi\u00f3, ser\u00e1 replicado en cada una de las provincias con protestas similares.<\/h3>\n<p><img fetchpriority=\"high\" decoding=\"async\" class=\"wp-image-9172 aligncenter\" src=\"https:\/\/apuntesdesanluis.com\/wp-content\/uploads\/2023\/12\/CGT-300x170.png\" alt=\"\" width=\"669\" height=\"379\" srcset=\"https:\/\/apuntesdesanluis.com\/wp-content\/uploads\/2023\/12\/CGT-300x170.png 300w, https:\/\/apuntesdesanluis.com\/wp-content\/uploads\/2023\/12\/CGT.png 600w\" sizes=\"(max-width: 669px) 100vw, 669px\" \/><\/p>\n<h3>Con la presencia de 250 dirigentes que pertenecen a m\u00e1s de 70 delegaciones regionales de todo el pa\u00eds, durante el encuentro realizado en la sede cegetista de Azopardo 802 tambi\u00e9n se expres\u00f3 \u201cla preocupaci\u00f3n y el rechazo a aquellos aspectos de la llamada Ley \u00d3mnibus que van contra la soberan\u00eda del pa\u00eds, los derechos laborales, el derecho de libre expresi\u00f3n y protesta, el modelo sindical argentino y las prestaciones de salud y previsionales\u201d.<\/h3>\n<h3>Adem\u00e1s, se manifest\u00f3 el \u201crepudio a la criminalizaci\u00f3n de la protesta social como m\u00e9todo represivo de un plan de ajuste econ\u00f3mico del actual gobierno\u201d y se hizo una advertencia a quienes negocian el DNU y las leyes con la Casa Rosada desde las gobernaciones y las bancas legislativas: \u201cEl di\u00e1logo y el consenso es una herramienta de la pol\u00edtica, pero cualquiera de esas instancias no puede hacerse a espaldas del pueblo trabajador. Y con m\u00e1s raz\u00f3n aquellos representantes que provienen del campo nacional y popular\u201d.<\/h3>\n<h3>En declaraciones radiales brindadas previas al encuentro, el cotitular de la CGT Pablo Moyano (Camioneros) asegur\u00f3 que la unidad cegetista est\u00e1 ratificada \u201ca pesar de algunas diferencias\u201d y enfatiz\u00f3 que \u201cel objetivo es uno: voltear el DNU, voltear la Ley \u00d3mnibus y movilizar el 24 y estar presente en cada conflicto que se va a ir generando\u201d.<\/h3>\n<h3><a href=\"https:\/\/cdn.jwplayer.com\/previews\/CbL90dpk\" target=\"_blank\" rel=\"noopener\"><img decoding=\"async\" class=\"wp-image-10147 aligncenter\" src=\"https:\/\/apuntesdesanluis.com\/wp-content\/uploads\/2024\/01\/moyano-300x130.png\" alt=\"\" width=\"623\" height=\"270\" srcset=\"https:\/\/apuntesdesanluis.com\/wp-content\/uploads\/2024\/01\/moyano-300x130.png 300w, https:\/\/apuntesdesanluis.com\/wp-content\/uploads\/2024\/01\/moyano.png 623w\" sizes=\"(max-width: 623px) 100vw, 623px\" \/><\/a><\/h3>\n<h3>En repudio a esta manifestaci\u00f3n, este domingo el comit\u00e9 de Pymes, Emprendedores y Productores (PEP), conformado por un grupo numeroso de empresarios y productores -que horas antes hab\u00eda anunciado su apoyo al DNU del presidente Javier Milei- convoc\u00f3 a un cacerolazo contra el paro general que impulsa la CGT.<\/h3>\n<h3>Rodolfo Llanos, presidente de la Uni\u00f3n de Emprendedores de la Rep\u00fablica Argentina y uno de los precursores del grupo, dijo en declaraciones a radio Mitre, pron\u00f3stico unas 4.000 adhesiones de pymes, emprendedores y empresarios de todo el pa\u00eds, a favor de la reforma laboral que impulsa el DNU 70 del gobierno.<\/h3>\n<p>&nbsp;<\/p>\n","protected":false},"excerpt":{"rendered":"<p>El vocero presidencial Manuel Adorni asegur\u00f3 que es una posibilidad concreta que se encuentra bajo&#8230;<\/p>\n","protected":false},"author":1,"featured_media":10148,"comment_status":"closed","ping_status":"closed","sticky":false,"template":"","format":"standard","meta":{"footnotes":""},"categories":[5],"tags":[],"class_list":["post-10146","post","type-post","status-publish","format-standard","has-post-thumbnail","hentry","category-nacionales-internacionales"],"yoast_head":"<!-- This site is optimized with the Yoast SEO plugin v26.1.1 - https:\/\/yoast.com\/wordpress\/plugins\/seo\/ -->\n<title>EL GOBIERNO EVAL\u00daA DESCONTAR EL D\u00cdA A LOS EMPLEADOS ESTATALES QUE SE SUMEN AL PARO GENERAL QUE IMPULSA LA CGT - Apuntes de San Luis<\/title>\n<meta name=\"robots\" content=\"index, follow, max-snippet:-1, max-image-preview:large, max-video-preview:-1\" \/>\n<link rel=\"canonical\" href=\"https:\/\/apuntesdesanluis.com\/index.php\/2024\/01\/15\/el-gobierno-evalua-descontar-el-dia-a-los-empleados-estatales-que-se-sumen-al-paro-general-que-impulsa-la-cgt\/\" \/>\n<meta property=\"og:locale\" content=\"es_ES\" \/>\n<meta property=\"og:type\" content=\"article\" \/>\n<meta property=\"og:title\" content=\"EL GOBIERNO EVAL\u00daA DESCONTAR EL D\u00cdA A LOS EMPLEADOS ESTATALES QUE SE SUMEN AL PARO GENERAL QUE IMPULSA LA CGT - Apuntes de San Luis\" \/>\n<meta property=\"og:description\" content=\"El vocero presidencial Manuel Adorni asegur\u00f3 que es una posibilidad concreta que se encuentra bajo...\" \/>\n<meta property=\"og:url\" content=\"https:\/\/apuntesdesanluis.com\/index.php\/2024\/01\/15\/el-gobierno-evalua-descontar-el-dia-a-los-empleados-estatales-que-se-sumen-al-paro-general-que-impulsa-la-cgt\/\" \/>\n<meta property=\"og:site_name\" content=\"Apuntes de San Luis\" \/>\n<meta property=\"article:published_time\" content=\"2024-01-16T00:42:08+00:00\" \/>\n<meta property=\"og:image\" content=\"https:\/\/apuntesdesanluis.com\/wp-content\/uploads\/2024\/01\/adorni-1.png\" \/>\n\t<meta property=\"og:image:width\" content=\"835\" \/>\n\t<meta property=\"og:image:height\" content=\"479\" \/>\n\t<meta property=\"og:image:type\" content=\"image\/png\" \/>\n<meta name=\"author\" content=\"apuntesdesanluis.com\" \/>\n<meta name=\"twitter:card\" content=\"summary_large_image\" \/>\n<meta name=\"twitter:label1\" content=\"Escrito por\" \/>\n\t<meta name=\"twitter:data1\" content=\"apuntesdesanluis.com\" \/>\n\t<meta name=\"twitter:label2\" content=\"Tiempo de lectura\" \/>\n\t<meta name=\"twitter:data2\" content=\"3 minutos\" \/>\n<script type=\"application\/ld+json\" class=\"yoast-schema-graph\">{\"@context\":\"https:\/\/schema.org\",\"@graph\":[{\"@type\":\"Article\",\"@id\":\"https:\/\/apuntesdesanluis.com\/index.php\/2024\/01\/15\/el-gobierno-evalua-descontar-el-dia-a-los-empleados-estatales-que-se-sumen-al-paro-general-que-impulsa-la-cgt\/#article\",\"isPartOf\":{\"@id\":\"https:\/\/apuntesdesanluis.com\/index.php\/2024\/01\/15\/el-gobierno-evalua-descontar-el-dia-a-los-empleados-estatales-que-se-sumen-al-paro-general-que-impulsa-la-cgt\/\"},\"author\":{\"name\":\"apuntesdesanluis.com\",\"@id\":\"https:\/\/apuntesdesanluis.com\/#\/schema\/person\/b55151d52296fcce64d1a72538a70b90\"},\"headline\":\"EL GOBIERNO EVAL\u00daA DESCONTAR EL D\u00cdA A LOS EMPLEADOS ESTATALES QUE SE SUMEN AL PARO GENERAL QUE IMPULSA LA CGT\",\"datePublished\":\"2024-01-16T00:42:08+00:00\",\"mainEntityOfPage\":{\"@id\":\"https:\/\/apuntesdesanluis.com\/index.php\/2024\/01\/15\/el-gobierno-evalua-descontar-el-dia-a-los-empleados-estatales-que-se-sumen-al-paro-general-que-impulsa-la-cgt\/\"},\"wordCount\":561,\"publisher\":{\"@id\":\"https:\/\/apuntesdesanluis.com\/#\/schema\/person\/b55151d52296fcce64d1a72538a70b90\"},\"image\":{\"@id\":\"https:\/\/apuntesdesanluis.com\/index.php\/2024\/01\/15\/el-gobierno-evalua-descontar-el-dia-a-los-empleados-estatales-que-se-sumen-al-paro-general-que-impulsa-la-cgt\/#primaryimage\"},\"thumbnailUrl\":\"https:\/\/apuntesdesanluis.com\/wp-content\/uploads\/2024\/01\/adorni-1.png\",\"articleSection\":[\"Nacionales\/Internacionales\"],\"inLanguage\":\"es-AR\"},{\"@type\":\"WebPage\",\"@id\":\"https:\/\/apuntesdesanluis.com\/index.php\/2024\/01\/15\/el-gobierno-evalua-descontar-el-dia-a-los-empleados-estatales-que-se-sumen-al-paro-general-que-impulsa-la-cgt\/\",\"url\":\"https:\/\/apuntesdesanluis.com\/index.php\/2024\/01\/15\/el-gobierno-evalua-descontar-el-dia-a-los-empleados-estatales-que-se-sumen-al-paro-general-que-impulsa-la-cgt\/\",\"name\":\"EL GOBIERNO EVAL\u00daA DESCONTAR EL D\u00cdA A LOS EMPLEADOS ESTATALES QUE SE SUMEN AL PARO GENERAL QUE IMPULSA LA CGT - Apuntes de San Luis\",\"isPartOf\":{\"@id\":\"https:\/\/apuntesdesanluis.com\/#website\"},\"primaryImageOfPage\":{\"@id\":\"https:\/\/apuntesdesanluis.com\/index.php\/2024\/01\/15\/el-gobierno-evalua-descontar-el-dia-a-los-empleados-estatales-que-se-sumen-al-paro-general-que-impulsa-la-cgt\/#primaryimage\"},\"image\":{\"@id\":\"https:\/\/apuntesdesanluis.com\/index.php\/2024\/01\/15\/el-gobierno-evalua-descontar-el-dia-a-los-empleados-estatales-que-se-sumen-al-paro-general-que-impulsa-la-cgt\/#primaryimage\"},\"thumbnailUrl\":\"https:\/\/apuntesdesanluis.com\/wp-content\/uploads\/2024\/01\/adorni-1.png\",\"datePublished\":\"2024-01-16T00:42:08+00:00\",\"breadcrumb\":{\"@id\":\"https:\/\/apuntesdesanluis.com\/index.php\/2024\/01\/15\/el-gobierno-evalua-descontar-el-dia-a-los-empleados-estatales-que-se-sumen-al-paro-general-que-impulsa-la-cgt\/#breadcrumb\"},\"inLanguage\":\"es-AR\",\"potentialAction\":[{\"@type\":\"ReadAction\",\"target\":[\"https:\/\/apuntesdesanluis.com\/index.php\/2024\/01\/15\/el-gobierno-evalua-descontar-el-dia-a-los-empleados-estatales-que-se-sumen-al-paro-general-que-impulsa-la-cgt\/\"]}]},{\"@type\":\"ImageObject\",\"inLanguage\":\"es-AR\",\"@id\":\"https:\/\/apuntesdesanluis.com\/index.php\/2024\/01\/15\/el-gobierno-evalua-descontar-el-dia-a-los-empleados-estatales-que-se-sumen-al-paro-general-que-impulsa-la-cgt\/#primaryimage\",\"url\":\"https:\/\/apuntesdesanluis.com\/wp-content\/uploads\/2024\/01\/adorni-1.png\",\"contentUrl\":\"https:\/\/apuntesdesanluis.com\/wp-content\/uploads\/2024\/01\/adorni-1.png\",\"width\":835,\"height\":479},{\"@type\":\"BreadcrumbList\",\"@id\":\"https:\/\/apuntesdesanluis.com\/index.php\/2024\/01\/15\/el-gobierno-evalua-descontar-el-dia-a-los-empleados-estatales-que-se-sumen-al-paro-general-que-impulsa-la-cgt\/#breadcrumb\",\"itemListElement\":[{\"@type\":\"ListItem\",\"position\":1,\"name\":\"Inicio\",\"item\":\"https:\/\/apuntesdesanluis.com\/\"},{\"@type\":\"ListItem\",\"position\":2,\"name\":\"EL GOBIERNO EVAL\u00daA DESCONTAR EL D\u00cdA A LOS EMPLEADOS ESTATALES QUE SE SUMEN AL PARO GENERAL QUE IMPULSA LA CGT\"}]},{\"@type\":\"WebSite\",\"@id\":\"https:\/\/apuntesdesanluis.com\/#website\",\"url\":\"https:\/\/apuntesdesanluis.com\/\",\"name\":\"Apuntes de San Luis\",\"description\":\"\",\"publisher\":{\"@id\":\"https:\/\/apuntesdesanluis.com\/#\/schema\/person\/b55151d52296fcce64d1a72538a70b90\"},\"potentialAction\":[{\"@type\":\"SearchAction\",\"target\":{\"@type\":\"EntryPoint\",\"urlTemplate\":\"https:\/\/apuntesdesanluis.com\/?s={search_term_string}\"},\"query-input\":{\"@type\":\"PropertyValueSpecification\",\"valueRequired\":true,\"valueName\":\"search_term_string\"}}],\"inLanguage\":\"es-AR\"},{\"@type\":[\"Person\",\"Organization\"],\"@id\":\"https:\/\/apuntesdesanluis.com\/#\/schema\/person\/b55151d52296fcce64d1a72538a70b90\",\"name\":\"apuntesdesanluis.com\",\"image\":{\"@type\":\"ImageObject\",\"inLanguage\":\"es-AR\",\"@id\":\"https:\/\/apuntesdesanluis.com\/#\/schema\/person\/image\/\",\"url\":\"https:\/\/apuntesdesanluis.com\/wp-content\/uploads\/2023\/07\/cropped-apuntesdesanluis.png\",\"contentUrl\":\"https:\/\/apuntesdesanluis.com\/wp-content\/uploads\/2023\/07\/cropped-apuntesdesanluis.png\",\"width\":450,\"height\":112,\"caption\":\"apuntesdesanluis.com\"},\"logo\":{\"@id\":\"https:\/\/apuntesdesanluis.com\/#\/schema\/person\/image\/\"},\"sameAs\":[\"https:\/\/apuntesdesanluis.com\"],\"url\":\"https:\/\/apuntesdesanluis.com\/index.php\/author\/apuntesdesanluis-com\/\"}]}<\/script>\n<!-- \/ Yoast SEO plugin. -->","yoast_head_json":{"title":"EL GOBIERNO EVAL\u00daA DESCONTAR EL D\u00cdA A LOS EMPLEADOS ESTATALES QUE SE SUMEN AL PARO GENERAL QUE IMPULSA LA CGT - Apuntes de San Luis","robots":{"index":"index","follow":"follow","max-snippet":"max-snippet:-1","max-image-preview":"max-image-preview:large","max-video-preview":"max-video-preview:-1"},"canonical":"https:\/\/apuntesdesanluis.com\/index.php\/2024\/01\/15\/el-gobierno-evalua-descontar-el-dia-a-los-empleados-estatales-que-se-sumen-al-paro-general-que-impulsa-la-cgt\/","og_locale":"es_ES","og_type":"article","og_title":"EL GOBIERNO EVAL\u00daA DESCONTAR EL D\u00cdA A LOS EMPLEADOS ESTATALES QUE SE SUMEN AL PARO GENERAL QUE IMPULSA LA CGT - Apuntes de San Luis","og_description":"El vocero presidencial Manuel Adorni asegur\u00f3 que es una posibilidad concreta que se encuentra bajo...","og_url":"https:\/\/apuntesdesanluis.com\/index.php\/2024\/01\/15\/el-gobierno-evalua-descontar-el-dia-a-los-empleados-estatales-que-se-sumen-al-paro-general-que-impulsa-la-cgt\/","og_site_name":"Apuntes de San Luis","article_published_time":"2024-01-16T00:42:08+00:00","og_image":[{"width":835,"height":479,"url":"https:\/\/apuntesdesanluis.com\/wp-content\/uploads\/2024\/01\/adorni-1.png","type":"image\/png"}],"author":"apuntesdesanluis.com","twitter_card":"summary_large_image","twitter_misc":{"Escrito por":"apuntesdesanluis.com","Tiempo de lectura":"3 minutos"},"schema":{"@context":"https:\/\/schema.org","@graph":[{"@type":"Article","@id":"https:\/\/apuntesdesanluis.com\/index.php\/2024\/01\/15\/el-gobierno-evalua-descontar-el-dia-a-los-empleados-estatales-que-se-sumen-al-paro-general-que-impulsa-la-cgt\/#article","isPartOf":{"@id":"https:\/\/apuntesdesanluis.com\/index.php\/2024\/01\/15\/el-gobierno-evalua-descontar-el-dia-a-los-empleados-estatales-que-se-sumen-al-paro-general-que-impulsa-la-cgt\/"},"author":{"name":"apuntesdesanluis.com","@id":"https:\/\/apuntesdesanluis.com\/#\/schema\/person\/b55151d52296fcce64d1a72538a70b90"},"headline":"EL GOBIERNO EVAL\u00daA DESCONTAR EL D\u00cdA A LOS EMPLEADOS ESTATALES QUE SE SUMEN AL PARO GENERAL QUE IMPULSA LA CGT","datePublished":"2024-01-16T00:42:08+00:00","mainEntityOfPage":{"@id":"https:\/\/apuntesdesanluis.com\/index.php\/2024\/01\/15\/el-gobierno-evalua-descontar-el-dia-a-los-empleados-estatales-que-se-sumen-al-paro-general-que-impulsa-la-cgt\/"},"wordCount":561,"publisher":{"@id":"https:\/\/apuntesdesanluis.com\/#\/schema\/person\/b55151d52296fcce64d1a72538a70b90"},"image":{"@id":"https:\/\/apuntesdesanluis.com\/index.php\/2024\/01\/15\/el-gobierno-evalua-descontar-el-dia-a-los-empleados-estatales-que-se-sumen-al-paro-general-que-impulsa-la-cgt\/#primaryimage"},"thumbnailUrl":"https:\/\/apuntesdesanluis.com\/wp-content\/uploads\/2024\/01\/adorni-1.png","articleSection":["Nacionales\/Internacionales"],"inLanguage":"es-AR"},{"@type":"WebPage","@id":"https:\/\/apuntesdesanluis.com\/index.php\/2024\/01\/15\/el-gobierno-evalua-descontar-el-dia-a-los-empleados-estatales-que-se-sumen-al-paro-general-que-impulsa-la-cgt\/","url":"https:\/\/apuntesdesanluis.com\/index.php\/2024\/01\/15\/el-gobierno-evalua-descontar-el-dia-a-los-empleados-estatales-que-se-sumen-al-paro-general-que-impulsa-la-cgt\/","name":"EL GOBIERNO EVAL\u00daA DESCONTAR EL D\u00cdA A LOS EMPLEADOS ESTATALES QUE SE SUMEN AL PARO GENERAL QUE IMPULSA LA CGT - Apuntes de San Luis","isPartOf":{"@id":"https:\/\/apuntesdesanluis.com\/#website"},"primaryImageOfPage":{"@id":"https:\/\/apuntesdesanluis.com\/index.php\/2024\/01\/15\/el-gobierno-evalua-descontar-el-dia-a-los-empleados-estatales-que-se-sumen-al-paro-general-que-impulsa-la-cgt\/#primaryimage"},"image":{"@id":"https:\/\/apuntesdesanluis.com\/index.php\/2024\/01\/15\/el-gobierno-evalua-descontar-el-dia-a-los-empleados-estatales-que-se-sumen-al-paro-general-que-impulsa-la-cgt\/#primaryimage"},"thumbnailUrl":"https:\/\/apuntesdesanluis.com\/wp-content\/uploads\/2024\/01\/adorni-1.png","datePublished":"2024-01-16T00:42:08+00:00","breadcrumb":{"@id":"https:\/\/apuntesdesanluis.com\/index.php\/2024\/01\/15\/el-gobierno-evalua-descontar-el-dia-a-los-empleados-estatales-que-se-sumen-al-paro-general-que-impulsa-la-cgt\/#breadcrumb"},"inLanguage":"es-AR","potentialAction":[{"@type":"ReadAction","target":["https:\/\/apuntesdesanluis.com\/index.php\/2024\/01\/15\/el-gobierno-evalua-descontar-el-dia-a-los-empleados-estatales-que-se-sumen-al-paro-general-que-impulsa-la-cgt\/"]}]},{"@type":"ImageObject","inLanguage":"es-AR","@id":"https:\/\/apuntesdesanluis.com\/index.php\/2024\/01\/15\/el-gobierno-evalua-descontar-el-dia-a-los-empleados-estatales-que-se-sumen-al-paro-general-que-impulsa-la-cgt\/#primaryimage","url":"https:\/\/apuntesdesanluis.com\/wp-content\/uploads\/2024\/01\/adorni-1.png","contentUrl":"https:\/\/apuntesdesanluis.com\/wp-content\/uploads\/2024\/01\/adorni-1.png","width":835,"height":479},{"@type":"BreadcrumbList","@id":"https:\/\/apuntesdesanluis.com\/index.php\/2024\/01\/15\/el-gobierno-evalua-descontar-el-dia-a-los-empleados-estatales-que-se-sumen-al-paro-general-que-impulsa-la-cgt\/#breadcrumb","itemListElement":[{"@type":"ListItem","position":1,"name":"Inicio","item":"https:\/\/apuntesdesanluis.com\/"},{"@type":"ListItem","position":2,"name":"EL GOBIERNO EVAL\u00daA DESCONTAR EL D\u00cdA A LOS EMPLEADOS ESTATALES QUE SE SUMEN AL PARO GENERAL QUE IMPULSA LA CGT"}]},{"@type":"WebSite","@id":"https:\/\/apuntesdesanluis.com\/#website","url":"https:\/\/apuntesdesanluis.com\/","name":"Apuntes de San Luis","description":"","publisher":{"@id":"https:\/\/apuntesdesanluis.com\/#\/schema\/person\/b55151d52296fcce64d1a72538a70b90"},"potentialAction":[{"@type":"SearchAction","target":{"@type":"EntryPoint","urlTemplate":"https:\/\/apuntesdesanluis.com\/?s={search_term_string}"},"query-input":{"@type":"PropertyValueSpecification","valueRequired":true,"valueName":"search_term_string"}}],"inLanguage":"es-AR"},{"@type":["Person","Organization"],"@id":"https:\/\/apuntesdesanluis.com\/#\/schema\/person\/b55151d52296fcce64d1a72538a70b90","name":"apuntesdesanluis.com","image":{"@type":"ImageObject","inLanguage":"es-AR","@id":"https:\/\/apuntesdesanluis.com\/#\/schema\/person\/image\/","url":"https:\/\/apuntesdesanluis.com\/wp-content\/uploads\/2023\/07\/cropped-apuntesdesanluis.png","contentUrl":"https:\/\/apuntesdesanluis.com\/wp-content\/uploads\/2023\/07\/cropped-apuntesdesanluis.png","width":450,"height":112,"caption":"apuntesdesanluis.com"},"logo":{"@id":"https:\/\/apuntesdesanluis.com\/#\/schema\/person\/image\/"},"sameAs":["https:\/\/apuntesdesanluis.com"],"url":"https:\/\/apuntesdesanluis.com\/index.php\/author\/apuntesdesanluis-com\/"}]}},"featured_image_urls":{"full":["https:\/\/apuntesdesanluis.com\/wp-content\/uploads\/2024\/01\/adorni-1.png",835,479,false],"thumbnail":["https:\/\/apuntesdesanluis.com\/wp-content\/uploads\/2024\/01\/adorni-1-150x150.png",150,150,true],"medium":["https:\/\/apuntesdesanluis.com\/wp-content\/uploads\/2024\/01\/adorni-1-300x172.png",300,172,true],"medium_large":["https:\/\/apuntesdesanluis.com\/wp-content\/uploads\/2024\/01\/adorni-1-768x441.png",640,368,true],"large":["https:\/\/apuntesdesanluis.com\/wp-content\/uploads\/2024\/01\/adorni-1.png",640,367,false],"1536x1536":["https:\/\/apuntesdesanluis.com\/wp-content\/uploads\/2024\/01\/adorni-1.png",835,479,false],"2048x2048":["https:\/\/apuntesdesanluis.com\/wp-content\/uploads\/2024\/01\/adorni-1.png",835,479,false],"newsever-slider-full":["https:\/\/apuntesdesanluis.com\/wp-content\/uploads\/2024\/01\/adorni-1.png",835,479,false],"newsever-featured":["https:\/\/apuntesdesanluis.com\/wp-content\/uploads\/2024\/01\/adorni-1.png",835,479,false],"newsever-medium":["https:\/\/apuntesdesanluis.com\/wp-content\/uploads\/2024\/01\/adorni-1-720x475.png",720,475,true]},"author_info":{"display_name":"apuntesdesanluis.com","author_link":"https:\/\/apuntesdesanluis.com\/index.php\/author\/apuntesdesanluis-com\/"},"category_info":"<a href=\"https:\/\/apuntesdesanluis.com\/index.php\/category\/nacionales-internacionales\/\" rel=\"category tag\">Nacionales\/Internacionales<\/a>","tag_info":"Nacionales\/Internacionales","comment_count":"0","_links":{"self":[{"href":"https:\/\/apuntesdesanluis.com\/index.php\/wp-json\/wp\/v2\/posts\/10146","targetHints":{"allow":["GET"]}}],"collection":[{"href":"https:\/\/apuntesdesanluis.com\/index.php\/wp-json\/wp\/v2\/posts"}],"about":[{"href":"https:\/\/apuntesdesanluis.com\/index.php\/wp-json\/wp\/v2\/types\/post"}],"author":[{"embeddable":true,"href":"https:\/\/apuntesdesanluis.com\/index.php\/wp-json\/wp\/v2\/users\/1"}],"replies":[{"embeddable":true,"href":"https:\/\/apuntesdesanluis.com\/index.php\/wp-json\/wp\/v2\/comments?post=10146"}],"version-history":[{"count":1,"href":"https:\/\/apuntesdesanluis.com\/index.php\/wp-json\/wp\/v2\/posts\/10146\/revisions"}],"predecessor-version":[{"id":10149,"href":"https:\/\/apuntesdesanluis.com\/index.php\/wp-json\/wp\/v2\/posts\/10146\/revisions\/10149"}],"wp:featuredmedia":[{"embeddable":true,"href":"https:\/\/apuntesdesanluis.com\/index.php\/wp-json\/wp\/v2\/media\/10148"}],"wp:attachment":[{"href":"https:\/\/apuntesdesanluis.com\/index.php\/wp-json\/wp\/v2\/media?parent=10146"}],"wp:term":[{"taxonomy":"category","embeddable":true,"href":"https:\/\/apuntesdesanluis.com\/index.php\/wp-json\/wp\/v2\/categories?post=10146"},{"taxonomy":"post_tag","embeddable":true,"href":"https:\/\/apuntesdesanluis.com\/index.php\/wp-json\/wp\/v2\/tags?post=10146"}],"curies":[{"name":"wp","href":"https:\/\/api.w.org\/{rel}","templated":true}]}}