{"id":10151,"date":"2024-01-15T22:01:14","date_gmt":"2024-01-16T01:01:14","guid":{"rendered":"https:\/\/apuntesdesanluis.com\/?p=10151"},"modified":"2024-01-15T22:12:09","modified_gmt":"2024-01-16T01:12:09","slug":"la-provincia-dio-de-baja-a-mas-de-8-mil-beneficiarios-de-los-planes-sociales","status":"publish","type":"post","link":"https:\/\/apuntesdesanluis.com\/index.php\/2024\/01\/15\/la-provincia-dio-de-baja-a-mas-de-8-mil-beneficiarios-de-los-planes-sociales\/","title":{"rendered":"LA PROVINCIA DIO DE BAJA A M\u00c1S DE 8 MIL BENEFICIARIOS DE LOS PLANES SOCIALES"},"content":{"rendered":"<h3>Los mismos no cumpl\u00edan con los requisitos, hab\u00edan fallecido o no se presentaron al censo. Tras el relevamiento, ascienden a 35.525 los sanluise\u00f1os que seguir\u00e1n percibiendo sus beneficios sociales, se inform\u00f3 oficialmente.<\/h3>\n<h3>El censo realizado el pasado 28 y 29 de diciembre y durante sus posteriores fechas de pr\u00f3rrogas, arroj\u00f3 que de un total de 43.570 beneficiarios que ven\u00edan cobrando alguno de los diferentes planes sociales provinciales, 8.055 personas no cumpl\u00edan con los requisitos para su percepci\u00f3n. Esto representa que un 18,5% de los pagos se ven\u00edan realizando irregularmente.<\/h3>\n<h3>En la informaci\u00f3n relevada, se detect\u00f3 que hab\u00eda 12 personas fallecidas, 252 que no resid\u00edan en la provincia, 110 menores de edad y 2.619 ciudadanos que exced\u00edan el l\u00edmite etario requerido por la legislaci\u00f3n para acceder a los diferentes planes destinados a los j\u00f3venes.<\/h3>\n<h3>A estos 2.993 casos que ven\u00edan cobrando sin cumplir con los requisitos legales para la percepci\u00f3n de los mismos, se suman 5.062 personas que no se presentaron de manera personal durante los d\u00edas previstos para el censo, ni durante los d\u00edas de pr\u00f3rroga que se otorgaron para tal fin. Ese n\u00famero no contempla a quienes justificaron su inasistencia con certificado m\u00e9dico.<\/h3>\n<h3>A partir de la informaci\u00f3n recabada por el censo, desde el mes de enero, no se liquidar\u00e1n 8.055 beneficios que no cumplieron con los requisitos para percibirlo.<\/h3>\n<h3>El \u201cahorro\u201d que puede efectuar la provincia con este recorte es por dem\u00e1s significativo. Calculando una cifra redonda de 8.000 personas y multiplicando ese n\u00famero por lo que percibe un trabajador de Inclusi\u00f3n ($150.000), el monto de ahorro asciende a $1.200 millones mensuales y $28.800 millones anuales. Es decir, un poco m\u00e1s que lo que representa una n\u00f3mina salarial mensual para toda la administraci\u00f3n.<\/h3>\n<p>&nbsp;<\/p>\n<p>&nbsp;<\/p>\n<p>&nbsp;<\/p>\n<p>&nbsp;<\/p>\n","protected":false},"excerpt":{"rendered":"<p>Los mismos no cumpl\u00edan con los requisitos, hab\u00edan fallecido o no se presentaron al censo&#8230;.<\/p>\n","protected":false},"author":1,"featured_media":10152,"comment_status":"closed","ping_status":"closed","sticky":false,"template":"","format":"standard","meta":{"footnotes":""},"categories":[6],"tags":[],"class_list":["post-10151","post","type-post","status-publish","format-standard","has-post-thumbnail","hentry","category-ciudad-provincia"],"yoast_head":"<!-- This site is optimized with the Yoast SEO plugin v26.1.1 - https:\/\/yoast.com\/wordpress\/plugins\/seo\/ -->\n<title>LA PROVINCIA DIO DE BAJA A M\u00c1S DE 8 MIL BENEFICIARIOS DE LOS PLANES SOCIALES - Apuntes de San Luis<\/title>\n<meta name=\"robots\" content=\"index, follow, max-snippet:-1, max-image-preview:large, max-video-preview:-1\" \/>\n<link rel=\"canonical\" href=\"https:\/\/apuntesdesanluis.com\/index.php\/2024\/01\/15\/la-provincia-dio-de-baja-a-mas-de-8-mil-beneficiarios-de-los-planes-sociales\/\" \/>\n<meta property=\"og:locale\" content=\"es_ES\" \/>\n<meta property=\"og:type\" content=\"article\" \/>\n<meta property=\"og:title\" content=\"LA PROVINCIA DIO DE BAJA A M\u00c1S DE 8 MIL BENEFICIARIOS DE LOS PLANES SOCIALES - Apuntes de San Luis\" \/>\n<meta property=\"og:description\" content=\"Los mismos no cumpl\u00edan con los requisitos, hab\u00edan fallecido o no se presentaron al censo....\" \/>\n<meta property=\"og:url\" content=\"https:\/\/apuntesdesanluis.com\/index.php\/2024\/01\/15\/la-provincia-dio-de-baja-a-mas-de-8-mil-beneficiarios-de-los-planes-sociales\/\" \/>\n<meta property=\"og:site_name\" content=\"Apuntes de San Luis\" \/>\n<meta property=\"article:published_time\" content=\"2024-01-16T01:01:14+00:00\" \/>\n<meta property=\"article:modified_time\" content=\"2024-01-16T01:12:09+00:00\" \/>\n<meta property=\"og:image\" content=\"https:\/\/apuntesdesanluis.com\/wp-content\/uploads\/2024\/01\/desarrollo-social.png\" \/>\n\t<meta property=\"og:image:width\" content=\"600\" \/>\n\t<meta property=\"og:image:height\" content=\"346\" \/>\n\t<meta property=\"og:image:type\" content=\"image\/png\" \/>\n<meta name=\"author\" content=\"apuntesdesanluis.com\" \/>\n<meta name=\"twitter:card\" content=\"summary_large_image\" \/>\n<meta name=\"twitter:label1\" content=\"Escrito por\" \/>\n\t<meta name=\"twitter:data1\" content=\"apuntesdesanluis.com\" \/>\n\t<meta name=\"twitter:label2\" content=\"Tiempo de lectura\" \/>\n\t<meta name=\"twitter:data2\" content=\"2 minutos\" \/>\n<script type=\"application\/ld+json\" class=\"yoast-schema-graph\">{\"@context\":\"https:\/\/schema.org\",\"@graph\":[{\"@type\":\"Article\",\"@id\":\"https:\/\/apuntesdesanluis.com\/index.php\/2024\/01\/15\/la-provincia-dio-de-baja-a-mas-de-8-mil-beneficiarios-de-los-planes-sociales\/#article\",\"isPartOf\":{\"@id\":\"https:\/\/apuntesdesanluis.com\/index.php\/2024\/01\/15\/la-provincia-dio-de-baja-a-mas-de-8-mil-beneficiarios-de-los-planes-sociales\/\"},\"author\":{\"name\":\"apuntesdesanluis.com\",\"@id\":\"https:\/\/apuntesdesanluis.com\/#\/schema\/person\/b55151d52296fcce64d1a72538a70b90\"},\"headline\":\"LA PROVINCIA DIO DE BAJA A M\u00c1S DE 8 MIL BENEFICIARIOS DE LOS PLANES SOCIALES\",\"datePublished\":\"2024-01-16T01:01:14+00:00\",\"dateModified\":\"2024-01-16T01:12:09+00:00\",\"mainEntityOfPage\":{\"@id\":\"https:\/\/apuntesdesanluis.com\/index.php\/2024\/01\/15\/la-provincia-dio-de-baja-a-mas-de-8-mil-beneficiarios-de-los-planes-sociales\/\"},\"wordCount\":318,\"publisher\":{\"@id\":\"https:\/\/apuntesdesanluis.com\/#\/schema\/person\/b55151d52296fcce64d1a72538a70b90\"},\"image\":{\"@id\":\"https:\/\/apuntesdesanluis.com\/index.php\/2024\/01\/15\/la-provincia-dio-de-baja-a-mas-de-8-mil-beneficiarios-de-los-planes-sociales\/#primaryimage\"},\"thumbnailUrl\":\"https:\/\/apuntesdesanluis.com\/wp-content\/uploads\/2024\/01\/desarrollo-social.png\",\"articleSection\":[\"Ciudad\/Provincia\"],\"inLanguage\":\"es-AR\"},{\"@type\":\"WebPage\",\"@id\":\"https:\/\/apuntesdesanluis.com\/index.php\/2024\/01\/15\/la-provincia-dio-de-baja-a-mas-de-8-mil-beneficiarios-de-los-planes-sociales\/\",\"url\":\"https:\/\/apuntesdesanluis.com\/index.php\/2024\/01\/15\/la-provincia-dio-de-baja-a-mas-de-8-mil-beneficiarios-de-los-planes-sociales\/\",\"name\":\"LA PROVINCIA DIO DE BAJA A M\u00c1S DE 8 MIL BENEFICIARIOS DE LOS PLANES SOCIALES - Apuntes de San Luis\",\"isPartOf\":{\"@id\":\"https:\/\/apuntesdesanluis.com\/#website\"},\"primaryImageOfPage\":{\"@id\":\"https:\/\/apuntesdesanluis.com\/index.php\/2024\/01\/15\/la-provincia-dio-de-baja-a-mas-de-8-mil-beneficiarios-de-los-planes-sociales\/#primaryimage\"},\"image\":{\"@id\":\"https:\/\/apuntesdesanluis.com\/index.php\/2024\/01\/15\/la-provincia-dio-de-baja-a-mas-de-8-mil-beneficiarios-de-los-planes-sociales\/#primaryimage\"},\"thumbnailUrl\":\"https:\/\/apuntesdesanluis.com\/wp-content\/uploads\/2024\/01\/desarrollo-social.png\",\"datePublished\":\"2024-01-16T01:01:14+00:00\",\"dateModified\":\"2024-01-16T01:12:09+00:00\",\"breadcrumb\":{\"@id\":\"https:\/\/apuntesdesanluis.com\/index.php\/2024\/01\/15\/la-provincia-dio-de-baja-a-mas-de-8-mil-beneficiarios-de-los-planes-sociales\/#breadcrumb\"},\"inLanguage\":\"es-AR\",\"potentialAction\":[{\"@type\":\"ReadAction\",\"target\":[\"https:\/\/apuntesdesanluis.com\/index.php\/2024\/01\/15\/la-provincia-dio-de-baja-a-mas-de-8-mil-beneficiarios-de-los-planes-sociales\/\"]}]},{\"@type\":\"ImageObject\",\"inLanguage\":\"es-AR\",\"@id\":\"https:\/\/apuntesdesanluis.com\/index.php\/2024\/01\/15\/la-provincia-dio-de-baja-a-mas-de-8-mil-beneficiarios-de-los-planes-sociales\/#primaryimage\",\"url\":\"https:\/\/apuntesdesanluis.com\/wp-content\/uploads\/2024\/01\/desarrollo-social.png\",\"contentUrl\":\"https:\/\/apuntesdesanluis.com\/wp-content\/uploads\/2024\/01\/desarrollo-social.png\",\"width\":600,\"height\":346},{\"@type\":\"BreadcrumbList\",\"@id\":\"https:\/\/apuntesdesanluis.com\/index.php\/2024\/01\/15\/la-provincia-dio-de-baja-a-mas-de-8-mil-beneficiarios-de-los-planes-sociales\/#breadcrumb\",\"itemListElement\":[{\"@type\":\"ListItem\",\"position\":1,\"name\":\"Inicio\",\"item\":\"https:\/\/apuntesdesanluis.com\/\"},{\"@type\":\"ListItem\",\"position\":2,\"name\":\"LA PROVINCIA DIO DE BAJA A M\u00c1S DE 8 MIL BENEFICIARIOS DE LOS PLANES SOCIALES\"}]},{\"@type\":\"WebSite\",\"@id\":\"https:\/\/apuntesdesanluis.com\/#website\",\"url\":\"https:\/\/apuntesdesanluis.com\/\",\"name\":\"Apuntes de San Luis\",\"description\":\"\",\"publisher\":{\"@id\":\"https:\/\/apuntesdesanluis.com\/#\/schema\/person\/b55151d52296fcce64d1a72538a70b90\"},\"potentialAction\":[{\"@type\":\"SearchAction\",\"target\":{\"@type\":\"EntryPoint\",\"urlTemplate\":\"https:\/\/apuntesdesanluis.com\/?s={search_term_string}\"},\"query-input\":{\"@type\":\"PropertyValueSpecification\",\"valueRequired\":true,\"valueName\":\"search_term_string\"}}],\"inLanguage\":\"es-AR\"},{\"@type\":[\"Person\",\"Organization\"],\"@id\":\"https:\/\/apuntesdesanluis.com\/#\/schema\/person\/b55151d52296fcce64d1a72538a70b90\",\"name\":\"apuntesdesanluis.com\",\"image\":{\"@type\":\"ImageObject\",\"inLanguage\":\"es-AR\",\"@id\":\"https:\/\/apuntesdesanluis.com\/#\/schema\/person\/image\/\",\"url\":\"https:\/\/apuntesdesanluis.com\/wp-content\/uploads\/2023\/07\/cropped-apuntesdesanluis.png\",\"contentUrl\":\"https:\/\/apuntesdesanluis.com\/wp-content\/uploads\/2023\/07\/cropped-apuntesdesanluis.png\",\"width\":450,\"height\":112,\"caption\":\"apuntesdesanluis.com\"},\"logo\":{\"@id\":\"https:\/\/apuntesdesanluis.com\/#\/schema\/person\/image\/\"},\"sameAs\":[\"https:\/\/apuntesdesanluis.com\"],\"url\":\"https:\/\/apuntesdesanluis.com\/index.php\/author\/apuntesdesanluis-com\/\"}]}<\/script>\n<!-- \/ Yoast SEO plugin. -->","yoast_head_json":{"title":"LA PROVINCIA DIO DE BAJA A M\u00c1S DE 8 MIL BENEFICIARIOS DE LOS PLANES SOCIALES - Apuntes de San Luis","robots":{"index":"index","follow":"follow","max-snippet":"max-snippet:-1","max-image-preview":"max-image-preview:large","max-video-preview":"max-video-preview:-1"},"canonical":"https:\/\/apuntesdesanluis.com\/index.php\/2024\/01\/15\/la-provincia-dio-de-baja-a-mas-de-8-mil-beneficiarios-de-los-planes-sociales\/","og_locale":"es_ES","og_type":"article","og_title":"LA PROVINCIA DIO DE BAJA A M\u00c1S DE 8 MIL BENEFICIARIOS DE LOS PLANES SOCIALES - Apuntes de San Luis","og_description":"Los mismos no cumpl\u00edan con los requisitos, hab\u00edan fallecido o no se presentaron al censo....","og_url":"https:\/\/apuntesdesanluis.com\/index.php\/2024\/01\/15\/la-provincia-dio-de-baja-a-mas-de-8-mil-beneficiarios-de-los-planes-sociales\/","og_site_name":"Apuntes de San Luis","article_published_time":"2024-01-16T01:01:14+00:00","article_modified_time":"2024-01-16T01:12:09+00:00","og_image":[{"width":600,"height":346,"url":"https:\/\/apuntesdesanluis.com\/wp-content\/uploads\/2024\/01\/desarrollo-social.png","type":"image\/png"}],"author":"apuntesdesanluis.com","twitter_card":"summary_large_image","twitter_misc":{"Escrito por":"apuntesdesanluis.com","Tiempo de lectura":"2 minutos"},"schema":{"@context":"https:\/\/schema.org","@graph":[{"@type":"Article","@id":"https:\/\/apuntesdesanluis.com\/index.php\/2024\/01\/15\/la-provincia-dio-de-baja-a-mas-de-8-mil-beneficiarios-de-los-planes-sociales\/#article","isPartOf":{"@id":"https:\/\/apuntesdesanluis.com\/index.php\/2024\/01\/15\/la-provincia-dio-de-baja-a-mas-de-8-mil-beneficiarios-de-los-planes-sociales\/"},"author":{"name":"apuntesdesanluis.com","@id":"https:\/\/apuntesdesanluis.com\/#\/schema\/person\/b55151d52296fcce64d1a72538a70b90"},"headline":"LA PROVINCIA DIO DE BAJA A M\u00c1S DE 8 MIL BENEFICIARIOS DE LOS PLANES SOCIALES","datePublished":"2024-01-16T01:01:14+00:00","dateModified":"2024-01-16T01:12:09+00:00","mainEntityOfPage":{"@id":"https:\/\/apuntesdesanluis.com\/index.php\/2024\/01\/15\/la-provincia-dio-de-baja-a-mas-de-8-mil-beneficiarios-de-los-planes-sociales\/"},"wordCount":318,"publisher":{"@id":"https:\/\/apuntesdesanluis.com\/#\/schema\/person\/b55151d52296fcce64d1a72538a70b90"},"image":{"@id":"https:\/\/apuntesdesanluis.com\/index.php\/2024\/01\/15\/la-provincia-dio-de-baja-a-mas-de-8-mil-beneficiarios-de-los-planes-sociales\/#primaryimage"},"thumbnailUrl":"https:\/\/apuntesdesanluis.com\/wp-content\/uploads\/2024\/01\/desarrollo-social.png","articleSection":["Ciudad\/Provincia"],"inLanguage":"es-AR"},{"@type":"WebPage","@id":"https:\/\/apuntesdesanluis.com\/index.php\/2024\/01\/15\/la-provincia-dio-de-baja-a-mas-de-8-mil-beneficiarios-de-los-planes-sociales\/","url":"https:\/\/apuntesdesanluis.com\/index.php\/2024\/01\/15\/la-provincia-dio-de-baja-a-mas-de-8-mil-beneficiarios-de-los-planes-sociales\/","name":"LA PROVINCIA DIO DE BAJA A M\u00c1S DE 8 MIL BENEFICIARIOS DE LOS PLANES SOCIALES - Apuntes de San Luis","isPartOf":{"@id":"https:\/\/apuntesdesanluis.com\/#website"},"primaryImageOfPage":{"@id":"https:\/\/apuntesdesanluis.com\/index.php\/2024\/01\/15\/la-provincia-dio-de-baja-a-mas-de-8-mil-beneficiarios-de-los-planes-sociales\/#primaryimage"},"image":{"@id":"https:\/\/apuntesdesanluis.com\/index.php\/2024\/01\/15\/la-provincia-dio-de-baja-a-mas-de-8-mil-beneficiarios-de-los-planes-sociales\/#primaryimage"},"thumbnailUrl":"https:\/\/apuntesdesanluis.com\/wp-content\/uploads\/2024\/01\/desarrollo-social.png","datePublished":"2024-01-16T01:01:14+00:00","dateModified":"2024-01-16T01:12:09+00:00","breadcrumb":{"@id":"https:\/\/apuntesdesanluis.com\/index.php\/2024\/01\/15\/la-provincia-dio-de-baja-a-mas-de-8-mil-beneficiarios-de-los-planes-sociales\/#breadcrumb"},"inLanguage":"es-AR","potentialAction":[{"@type":"ReadAction","target":["https:\/\/apuntesdesanluis.com\/index.php\/2024\/01\/15\/la-provincia-dio-de-baja-a-mas-de-8-mil-beneficiarios-de-los-planes-sociales\/"]}]},{"@type":"ImageObject","inLanguage":"es-AR","@id":"https:\/\/apuntesdesanluis.com\/index.php\/2024\/01\/15\/la-provincia-dio-de-baja-a-mas-de-8-mil-beneficiarios-de-los-planes-sociales\/#primaryimage","url":"https:\/\/apuntesdesanluis.com\/wp-content\/uploads\/2024\/01\/desarrollo-social.png","contentUrl":"https:\/\/apuntesdesanluis.com\/wp-content\/uploads\/2024\/01\/desarrollo-social.png","width":600,"height":346},{"@type":"BreadcrumbList","@id":"https:\/\/apuntesdesanluis.com\/index.php\/2024\/01\/15\/la-provincia-dio-de-baja-a-mas-de-8-mil-beneficiarios-de-los-planes-sociales\/#breadcrumb","itemListElement":[{"@type":"ListItem","position":1,"name":"Inicio","item":"https:\/\/apuntesdesanluis.com\/"},{"@type":"ListItem","position":2,"name":"LA PROVINCIA DIO DE BAJA A M\u00c1S DE 8 MIL BENEFICIARIOS DE LOS PLANES SOCIALES"}]},{"@type":"WebSite","@id":"https:\/\/apuntesdesanluis.com\/#website","url":"https:\/\/apuntesdesanluis.com\/","name":"Apuntes de San Luis","description":"","publisher":{"@id":"https:\/\/apuntesdesanluis.com\/#\/schema\/person\/b55151d52296fcce64d1a72538a70b90"},"potentialAction":[{"@type":"SearchAction","target":{"@type":"EntryPoint","urlTemplate":"https:\/\/apuntesdesanluis.com\/?s={search_term_string}"},"query-input":{"@type":"PropertyValueSpecification","valueRequired":true,"valueName":"search_term_string"}}],"inLanguage":"es-AR"},{"@type":["Person","Organization"],"@id":"https:\/\/apuntesdesanluis.com\/#\/schema\/person\/b55151d52296fcce64d1a72538a70b90","name":"apuntesdesanluis.com","image":{"@type":"ImageObject","inLanguage":"es-AR","@id":"https:\/\/apuntesdesanluis.com\/#\/schema\/person\/image\/","url":"https:\/\/apuntesdesanluis.com\/wp-content\/uploads\/2023\/07\/cropped-apuntesdesanluis.png","contentUrl":"https:\/\/apuntesdesanluis.com\/wp-content\/uploads\/2023\/07\/cropped-apuntesdesanluis.png","width":450,"height":112,"caption":"apuntesdesanluis.com"},"logo":{"@id":"https:\/\/apuntesdesanluis.com\/#\/schema\/person\/image\/"},"sameAs":["https:\/\/apuntesdesanluis.com"],"url":"https:\/\/apuntesdesanluis.com\/index.php\/author\/apuntesdesanluis-com\/"}]}},"featured_image_urls":{"full":["https:\/\/apuntesdesanluis.com\/wp-content\/uploads\/2024\/01\/desarrollo-social.png",600,346,false],"thumbnail":["https:\/\/apuntesdesanluis.com\/wp-content\/uploads\/2024\/01\/desarrollo-social-150x150.png",150,150,true],"medium":["https:\/\/apuntesdesanluis.com\/wp-content\/uploads\/2024\/01\/desarrollo-social-300x173.png",300,173,true],"medium_large":["https:\/\/apuntesdesanluis.com\/wp-content\/uploads\/2024\/01\/desarrollo-social.png",600,346,false],"large":["https:\/\/apuntesdesanluis.com\/wp-content\/uploads\/2024\/01\/desarrollo-social.png",600,346,false],"1536x1536":["https:\/\/apuntesdesanluis.com\/wp-content\/uploads\/2024\/01\/desarrollo-social.png",600,346,false],"2048x2048":["https:\/\/apuntesdesanluis.com\/wp-content\/uploads\/2024\/01\/desarrollo-social.png",600,346,false],"newsever-slider-full":["https:\/\/apuntesdesanluis.com\/wp-content\/uploads\/2024\/01\/desarrollo-social.png",600,346,false],"newsever-featured":["https:\/\/apuntesdesanluis.com\/wp-content\/uploads\/2024\/01\/desarrollo-social.png",600,346,false],"newsever-medium":["https:\/\/apuntesdesanluis.com\/wp-content\/uploads\/2024\/01\/desarrollo-social.png",600,346,false]},"author_info":{"display_name":"apuntesdesanluis.com","author_link":"https:\/\/apuntesdesanluis.com\/index.php\/author\/apuntesdesanluis-com\/"},"category_info":"<a href=\"https:\/\/apuntesdesanluis.com\/index.php\/category\/ciudad-provincia\/\" rel=\"category tag\">Ciudad\/Provincia<\/a>","tag_info":"Ciudad\/Provincia","comment_count":"0","_links":{"self":[{"href":"https:\/\/apuntesdesanluis.com\/index.php\/wp-json\/wp\/v2\/posts\/10151","targetHints":{"allow":["GET"]}}],"collection":[{"href":"https:\/\/apuntesdesanluis.com\/index.php\/wp-json\/wp\/v2\/posts"}],"about":[{"href":"https:\/\/apuntesdesanluis.com\/index.php\/wp-json\/wp\/v2\/types\/post"}],"author":[{"embeddable":true,"href":"https:\/\/apuntesdesanluis.com\/index.php\/wp-json\/wp\/v2\/users\/1"}],"replies":[{"embeddable":true,"href":"https:\/\/apuntesdesanluis.com\/index.php\/wp-json\/wp\/v2\/comments?post=10151"}],"version-history":[{"count":5,"href":"https:\/\/apuntesdesanluis.com\/index.php\/wp-json\/wp\/v2\/posts\/10151\/revisions"}],"predecessor-version":[{"id":10157,"href":"https:\/\/apuntesdesanluis.com\/index.php\/wp-json\/wp\/v2\/posts\/10151\/revisions\/10157"}],"wp:featuredmedia":[{"embeddable":true,"href":"https:\/\/apuntesdesanluis.com\/index.php\/wp-json\/wp\/v2\/media\/10152"}],"wp:attachment":[{"href":"https:\/\/apuntesdesanluis.com\/index.php\/wp-json\/wp\/v2\/media?parent=10151"}],"wp:term":[{"taxonomy":"category","embeddable":true,"href":"https:\/\/apuntesdesanluis.com\/index.php\/wp-json\/wp\/v2\/categories?post=10151"},{"taxonomy":"post_tag","embeddable":true,"href":"https:\/\/apuntesdesanluis.com\/index.php\/wp-json\/wp\/v2\/tags?post=10151"}],"curies":[{"name":"wp","href":"https:\/\/api.w.org\/{rel}","templated":true}]}}