{"id":1016,"date":"2023-08-03T21:51:55","date_gmt":"2023-08-04T00:51:55","guid":{"rendered":"https:\/\/apuntesdesanluis.com\/?p=1016"},"modified":"2023-08-03T21:56:05","modified_gmt":"2023-08-04T00:56:05","slug":"detuvieron-a-un-joven-que-tenia-en-su-domicilio-dos-motos-robadas","status":"publish","type":"post","link":"https:\/\/apuntesdesanluis.com\/index.php\/2023\/08\/03\/detuvieron-a-un-joven-que-tenia-en-su-domicilio-dos-motos-robadas\/","title":{"rendered":"DETUVIERON A UN JOVEN QUE TEN\u00cdA EN SU DOMICILIO DOS MOTOS ROBADAS"},"content":{"rendered":"<h3>En la ma\u00f1ana de este jueves se desarroll\u00f3 la audiencia de formulaci\u00f3n de cargos. El representante del Ministerio P\u00fablico Fiscal explic\u00f3 que el imputado ten\u00eda en su poder dos motocicletas robadas, sin tener raz\u00f3n o justificaci\u00f3n para estar en propiedad de las mismas.<\/h3>\n<h3>Un joven con domicilio en el barrio Eva Per\u00f3n de Villa Mercedes, fue detenido luego de que el Ministerio P\u00fablico Fiscal encontrara elementos suficientes para considerarlo autor del delito de encubrimiento, previsto en el Art. 277 apartado 1 Inc. C del C\u00f3digo Penal Argentino.<\/h3>\n<h3>La detenci\u00f3n se produjo luego de un allanamiento realizado en la vivienda del joven, ubicaci\u00f3n a la que se lleg\u00f3 luego de tareas investigativas en marco de un hecho de robo denunciado en la Comisar\u00eda 8\u00aa de Villa Mercedes, explic\u00f3 el Dr.<strong> Maximiliano Bazla Cassina<\/strong>, representante del Ministerio P\u00fablico Fiscal.<\/h3>\n<h3>\u201cEl imputado ten\u00eda en su poder dos motocicletas robadas, sin tener raz\u00f3n o justificaci\u00f3n para estar en propiedad de las mismas, conociendo el origen il\u00edcito de las mismas\u201d, explic\u00f3 Bazla a la jueza \u2013 Dra. Mirta Ucelay de Garciarena -. Solicit\u00f3 se formulen cargos por el delito de encubrimiento, dos hechos en concurso real.<\/h3>\n<h3>Por su parte, en defensa del imputado, el <strong>Dr. Hern\u00e1n Herrera<\/strong>, hizo reserva de plantear el cambio en la calificaci\u00f3n en el momento del control de acusaci\u00f3n. Y solicit\u00f3 para su representado un plazo de pr\u00f3rroga de detenci\u00f3n de 8 d\u00edas, en virtud de que asumir\u00eda la defensa del mismo un abogado particular.<\/h3>\n<h3>Luego de escuchar a las partes, la Dra. Ucelay resolvi\u00f3: formular cargos provisorios por el delito de encubrimiento, conforme lo previsto en el Art. 277 Apartado 1 Inc C del C\u00f3digo Penal Argentino, conceder la pr\u00f3rroga de detenci\u00f3n por el plazo de 8 d\u00edas y fij\u00f3 una nueva audiencia para el pr\u00f3ximo 11 de agosto.<\/h3>\n","protected":false},"excerpt":{"rendered":"<p>En la ma\u00f1ana de este jueves se desarroll\u00f3 la audiencia de formulaci\u00f3n de cargos. El&#8230;<\/p>\n","protected":false},"author":1,"featured_media":1017,"comment_status":"closed","ping_status":"closed","sticky":false,"template":"","format":"standard","meta":{"footnotes":""},"categories":[6],"tags":[],"class_list":["post-1016","post","type-post","status-publish","format-standard","has-post-thumbnail","hentry","category-ciudad-provincia"],"yoast_head":"<!-- This site is optimized with the Yoast SEO plugin v26.1.1 - https:\/\/yoast.com\/wordpress\/plugins\/seo\/ -->\n<title>DETUVIERON A UN JOVEN QUE TEN\u00cdA EN SU DOMICILIO DOS MOTOS ROBADAS - Apuntes de San Luis<\/title>\n<meta name=\"robots\" content=\"index, follow, max-snippet:-1, max-image-preview:large, max-video-preview:-1\" \/>\n<link rel=\"canonical\" href=\"https:\/\/apuntesdesanluis.com\/index.php\/2023\/08\/03\/detuvieron-a-un-joven-que-tenia-en-su-domicilio-dos-motos-robadas\/\" \/>\n<meta property=\"og:locale\" content=\"es_ES\" \/>\n<meta property=\"og:type\" content=\"article\" \/>\n<meta property=\"og:title\" content=\"DETUVIERON A UN JOVEN QUE TEN\u00cdA EN SU DOMICILIO DOS MOTOS ROBADAS - Apuntes de San Luis\" \/>\n<meta property=\"og:description\" content=\"En la ma\u00f1ana de este jueves se desarroll\u00f3 la audiencia de formulaci\u00f3n de cargos. El...\" \/>\n<meta property=\"og:url\" content=\"https:\/\/apuntesdesanluis.com\/index.php\/2023\/08\/03\/detuvieron-a-un-joven-que-tenia-en-su-domicilio-dos-motos-robadas\/\" \/>\n<meta property=\"og:site_name\" content=\"Apuntes de San Luis\" \/>\n<meta property=\"article:published_time\" content=\"2023-08-04T00:51:55+00:00\" \/>\n<meta property=\"article:modified_time\" content=\"2023-08-04T00:56:05+00:00\" \/>\n<meta property=\"og:image\" content=\"https:\/\/apuntesdesanluis.com\/wp-content\/uploads\/2023\/08\/FISCALES.png\" \/>\n\t<meta property=\"og:image:width\" content=\"754\" \/>\n\t<meta property=\"og:image:height\" content=\"483\" \/>\n\t<meta property=\"og:image:type\" content=\"image\/png\" \/>\n<meta name=\"author\" content=\"apuntesdesanluis.com\" \/>\n<meta name=\"twitter:card\" content=\"summary_large_image\" \/>\n<meta name=\"twitter:label1\" content=\"Escrito por\" \/>\n\t<meta name=\"twitter:data1\" content=\"apuntesdesanluis.com\" \/>\n\t<meta name=\"twitter:label2\" content=\"Tiempo de lectura\" \/>\n\t<meta name=\"twitter:data2\" content=\"2 minutos\" \/>\n<script type=\"application\/ld+json\" class=\"yoast-schema-graph\">{\"@context\":\"https:\/\/schema.org\",\"@graph\":[{\"@type\":\"Article\",\"@id\":\"https:\/\/apuntesdesanluis.com\/index.php\/2023\/08\/03\/detuvieron-a-un-joven-que-tenia-en-su-domicilio-dos-motos-robadas\/#article\",\"isPartOf\":{\"@id\":\"https:\/\/apuntesdesanluis.com\/index.php\/2023\/08\/03\/detuvieron-a-un-joven-que-tenia-en-su-domicilio-dos-motos-robadas\/\"},\"author\":{\"name\":\"apuntesdesanluis.com\",\"@id\":\"https:\/\/apuntesdesanluis.com\/#\/schema\/person\/b55151d52296fcce64d1a72538a70b90\"},\"headline\":\"DETUVIERON A UN JOVEN QUE TEN\u00cdA EN SU DOMICILIO DOS MOTOS ROBADAS\",\"datePublished\":\"2023-08-04T00:51:55+00:00\",\"dateModified\":\"2023-08-04T00:56:05+00:00\",\"mainEntityOfPage\":{\"@id\":\"https:\/\/apuntesdesanluis.com\/index.php\/2023\/08\/03\/detuvieron-a-un-joven-que-tenia-en-su-domicilio-dos-motos-robadas\/\"},\"wordCount\":332,\"publisher\":{\"@id\":\"https:\/\/apuntesdesanluis.com\/#\/schema\/person\/b55151d52296fcce64d1a72538a70b90\"},\"image\":{\"@id\":\"https:\/\/apuntesdesanluis.com\/index.php\/2023\/08\/03\/detuvieron-a-un-joven-que-tenia-en-su-domicilio-dos-motos-robadas\/#primaryimage\"},\"thumbnailUrl\":\"https:\/\/apuntesdesanluis.com\/wp-content\/uploads\/2023\/08\/FISCALES.png\",\"articleSection\":[\"Ciudad\/Provincia\"],\"inLanguage\":\"es-AR\"},{\"@type\":\"WebPage\",\"@id\":\"https:\/\/apuntesdesanluis.com\/index.php\/2023\/08\/03\/detuvieron-a-un-joven-que-tenia-en-su-domicilio-dos-motos-robadas\/\",\"url\":\"https:\/\/apuntesdesanluis.com\/index.php\/2023\/08\/03\/detuvieron-a-un-joven-que-tenia-en-su-domicilio-dos-motos-robadas\/\",\"name\":\"DETUVIERON A UN JOVEN QUE TEN\u00cdA EN SU DOMICILIO DOS MOTOS ROBADAS - Apuntes de San Luis\",\"isPartOf\":{\"@id\":\"https:\/\/apuntesdesanluis.com\/#website\"},\"primaryImageOfPage\":{\"@id\":\"https:\/\/apuntesdesanluis.com\/index.php\/2023\/08\/03\/detuvieron-a-un-joven-que-tenia-en-su-domicilio-dos-motos-robadas\/#primaryimage\"},\"image\":{\"@id\":\"https:\/\/apuntesdesanluis.com\/index.php\/2023\/08\/03\/detuvieron-a-un-joven-que-tenia-en-su-domicilio-dos-motos-robadas\/#primaryimage\"},\"thumbnailUrl\":\"https:\/\/apuntesdesanluis.com\/wp-content\/uploads\/2023\/08\/FISCALES.png\",\"datePublished\":\"2023-08-04T00:51:55+00:00\",\"dateModified\":\"2023-08-04T00:56:05+00:00\",\"breadcrumb\":{\"@id\":\"https:\/\/apuntesdesanluis.com\/index.php\/2023\/08\/03\/detuvieron-a-un-joven-que-tenia-en-su-domicilio-dos-motos-robadas\/#breadcrumb\"},\"inLanguage\":\"es-AR\",\"potentialAction\":[{\"@type\":\"ReadAction\",\"target\":[\"https:\/\/apuntesdesanluis.com\/index.php\/2023\/08\/03\/detuvieron-a-un-joven-que-tenia-en-su-domicilio-dos-motos-robadas\/\"]}]},{\"@type\":\"ImageObject\",\"inLanguage\":\"es-AR\",\"@id\":\"https:\/\/apuntesdesanluis.com\/index.php\/2023\/08\/03\/detuvieron-a-un-joven-que-tenia-en-su-domicilio-dos-motos-robadas\/#primaryimage\",\"url\":\"https:\/\/apuntesdesanluis.com\/wp-content\/uploads\/2023\/08\/FISCALES.png\",\"contentUrl\":\"https:\/\/apuntesdesanluis.com\/wp-content\/uploads\/2023\/08\/FISCALES.png\",\"width\":754,\"height\":483},{\"@type\":\"BreadcrumbList\",\"@id\":\"https:\/\/apuntesdesanluis.com\/index.php\/2023\/08\/03\/detuvieron-a-un-joven-que-tenia-en-su-domicilio-dos-motos-robadas\/#breadcrumb\",\"itemListElement\":[{\"@type\":\"ListItem\",\"position\":1,\"name\":\"Inicio\",\"item\":\"https:\/\/apuntesdesanluis.com\/\"},{\"@type\":\"ListItem\",\"position\":2,\"name\":\"DETUVIERON A UN JOVEN QUE TEN\u00cdA EN SU DOMICILIO DOS MOTOS ROBADAS\"}]},{\"@type\":\"WebSite\",\"@id\":\"https:\/\/apuntesdesanluis.com\/#website\",\"url\":\"https:\/\/apuntesdesanluis.com\/\",\"name\":\"Apuntes de San Luis\",\"description\":\"\",\"publisher\":{\"@id\":\"https:\/\/apuntesdesanluis.com\/#\/schema\/person\/b55151d52296fcce64d1a72538a70b90\"},\"potentialAction\":[{\"@type\":\"SearchAction\",\"target\":{\"@type\":\"EntryPoint\",\"urlTemplate\":\"https:\/\/apuntesdesanluis.com\/?s={search_term_string}\"},\"query-input\":{\"@type\":\"PropertyValueSpecification\",\"valueRequired\":true,\"valueName\":\"search_term_string\"}}],\"inLanguage\":\"es-AR\"},{\"@type\":[\"Person\",\"Organization\"],\"@id\":\"https:\/\/apuntesdesanluis.com\/#\/schema\/person\/b55151d52296fcce64d1a72538a70b90\",\"name\":\"apuntesdesanluis.com\",\"image\":{\"@type\":\"ImageObject\",\"inLanguage\":\"es-AR\",\"@id\":\"https:\/\/apuntesdesanluis.com\/#\/schema\/person\/image\/\",\"url\":\"https:\/\/apuntesdesanluis.com\/wp-content\/uploads\/2023\/07\/cropped-apuntesdesanluis.png\",\"contentUrl\":\"https:\/\/apuntesdesanluis.com\/wp-content\/uploads\/2023\/07\/cropped-apuntesdesanluis.png\",\"width\":450,\"height\":112,\"caption\":\"apuntesdesanluis.com\"},\"logo\":{\"@id\":\"https:\/\/apuntesdesanluis.com\/#\/schema\/person\/image\/\"},\"sameAs\":[\"https:\/\/apuntesdesanluis.com\"],\"url\":\"https:\/\/apuntesdesanluis.com\/index.php\/author\/apuntesdesanluis-com\/\"}]}<\/script>\n<!-- \/ Yoast SEO plugin. -->","yoast_head_json":{"title":"DETUVIERON A UN JOVEN QUE TEN\u00cdA EN SU DOMICILIO DOS MOTOS ROBADAS - Apuntes de San Luis","robots":{"index":"index","follow":"follow","max-snippet":"max-snippet:-1","max-image-preview":"max-image-preview:large","max-video-preview":"max-video-preview:-1"},"canonical":"https:\/\/apuntesdesanluis.com\/index.php\/2023\/08\/03\/detuvieron-a-un-joven-que-tenia-en-su-domicilio-dos-motos-robadas\/","og_locale":"es_ES","og_type":"article","og_title":"DETUVIERON A UN JOVEN QUE TEN\u00cdA EN SU DOMICILIO DOS MOTOS ROBADAS - Apuntes de San Luis","og_description":"En la ma\u00f1ana de este jueves se desarroll\u00f3 la audiencia de formulaci\u00f3n de cargos. El...","og_url":"https:\/\/apuntesdesanluis.com\/index.php\/2023\/08\/03\/detuvieron-a-un-joven-que-tenia-en-su-domicilio-dos-motos-robadas\/","og_site_name":"Apuntes de San Luis","article_published_time":"2023-08-04T00:51:55+00:00","article_modified_time":"2023-08-04T00:56:05+00:00","og_image":[{"width":754,"height":483,"url":"https:\/\/apuntesdesanluis.com\/wp-content\/uploads\/2023\/08\/FISCALES.png","type":"image\/png"}],"author":"apuntesdesanluis.com","twitter_card":"summary_large_image","twitter_misc":{"Escrito por":"apuntesdesanluis.com","Tiempo de lectura":"2 minutos"},"schema":{"@context":"https:\/\/schema.org","@graph":[{"@type":"Article","@id":"https:\/\/apuntesdesanluis.com\/index.php\/2023\/08\/03\/detuvieron-a-un-joven-que-tenia-en-su-domicilio-dos-motos-robadas\/#article","isPartOf":{"@id":"https:\/\/apuntesdesanluis.com\/index.php\/2023\/08\/03\/detuvieron-a-un-joven-que-tenia-en-su-domicilio-dos-motos-robadas\/"},"author":{"name":"apuntesdesanluis.com","@id":"https:\/\/apuntesdesanluis.com\/#\/schema\/person\/b55151d52296fcce64d1a72538a70b90"},"headline":"DETUVIERON A UN JOVEN QUE TEN\u00cdA EN SU DOMICILIO DOS MOTOS ROBADAS","datePublished":"2023-08-04T00:51:55+00:00","dateModified":"2023-08-04T00:56:05+00:00","mainEntityOfPage":{"@id":"https:\/\/apuntesdesanluis.com\/index.php\/2023\/08\/03\/detuvieron-a-un-joven-que-tenia-en-su-domicilio-dos-motos-robadas\/"},"wordCount":332,"publisher":{"@id":"https:\/\/apuntesdesanluis.com\/#\/schema\/person\/b55151d52296fcce64d1a72538a70b90"},"image":{"@id":"https:\/\/apuntesdesanluis.com\/index.php\/2023\/08\/03\/detuvieron-a-un-joven-que-tenia-en-su-domicilio-dos-motos-robadas\/#primaryimage"},"thumbnailUrl":"https:\/\/apuntesdesanluis.com\/wp-content\/uploads\/2023\/08\/FISCALES.png","articleSection":["Ciudad\/Provincia"],"inLanguage":"es-AR"},{"@type":"WebPage","@id":"https:\/\/apuntesdesanluis.com\/index.php\/2023\/08\/03\/detuvieron-a-un-joven-que-tenia-en-su-domicilio-dos-motos-robadas\/","url":"https:\/\/apuntesdesanluis.com\/index.php\/2023\/08\/03\/detuvieron-a-un-joven-que-tenia-en-su-domicilio-dos-motos-robadas\/","name":"DETUVIERON A UN JOVEN QUE TEN\u00cdA EN SU DOMICILIO DOS MOTOS ROBADAS - Apuntes de San Luis","isPartOf":{"@id":"https:\/\/apuntesdesanluis.com\/#website"},"primaryImageOfPage":{"@id":"https:\/\/apuntesdesanluis.com\/index.php\/2023\/08\/03\/detuvieron-a-un-joven-que-tenia-en-su-domicilio-dos-motos-robadas\/#primaryimage"},"image":{"@id":"https:\/\/apuntesdesanluis.com\/index.php\/2023\/08\/03\/detuvieron-a-un-joven-que-tenia-en-su-domicilio-dos-motos-robadas\/#primaryimage"},"thumbnailUrl":"https:\/\/apuntesdesanluis.com\/wp-content\/uploads\/2023\/08\/FISCALES.png","datePublished":"2023-08-04T00:51:55+00:00","dateModified":"2023-08-04T00:56:05+00:00","breadcrumb":{"@id":"https:\/\/apuntesdesanluis.com\/index.php\/2023\/08\/03\/detuvieron-a-un-joven-que-tenia-en-su-domicilio-dos-motos-robadas\/#breadcrumb"},"inLanguage":"es-AR","potentialAction":[{"@type":"ReadAction","target":["https:\/\/apuntesdesanluis.com\/index.php\/2023\/08\/03\/detuvieron-a-un-joven-que-tenia-en-su-domicilio-dos-motos-robadas\/"]}]},{"@type":"ImageObject","inLanguage":"es-AR","@id":"https:\/\/apuntesdesanluis.com\/index.php\/2023\/08\/03\/detuvieron-a-un-joven-que-tenia-en-su-domicilio-dos-motos-robadas\/#primaryimage","url":"https:\/\/apuntesdesanluis.com\/wp-content\/uploads\/2023\/08\/FISCALES.png","contentUrl":"https:\/\/apuntesdesanluis.com\/wp-content\/uploads\/2023\/08\/FISCALES.png","width":754,"height":483},{"@type":"BreadcrumbList","@id":"https:\/\/apuntesdesanluis.com\/index.php\/2023\/08\/03\/detuvieron-a-un-joven-que-tenia-en-su-domicilio-dos-motos-robadas\/#breadcrumb","itemListElement":[{"@type":"ListItem","position":1,"name":"Inicio","item":"https:\/\/apuntesdesanluis.com\/"},{"@type":"ListItem","position":2,"name":"DETUVIERON A UN JOVEN QUE TEN\u00cdA EN SU DOMICILIO DOS MOTOS ROBADAS"}]},{"@type":"WebSite","@id":"https:\/\/apuntesdesanluis.com\/#website","url":"https:\/\/apuntesdesanluis.com\/","name":"Apuntes de San Luis","description":"","publisher":{"@id":"https:\/\/apuntesdesanluis.com\/#\/schema\/person\/b55151d52296fcce64d1a72538a70b90"},"potentialAction":[{"@type":"SearchAction","target":{"@type":"EntryPoint","urlTemplate":"https:\/\/apuntesdesanluis.com\/?s={search_term_string}"},"query-input":{"@type":"PropertyValueSpecification","valueRequired":true,"valueName":"search_term_string"}}],"inLanguage":"es-AR"},{"@type":["Person","Organization"],"@id":"https:\/\/apuntesdesanluis.com\/#\/schema\/person\/b55151d52296fcce64d1a72538a70b90","name":"apuntesdesanluis.com","image":{"@type":"ImageObject","inLanguage":"es-AR","@id":"https:\/\/apuntesdesanluis.com\/#\/schema\/person\/image\/","url":"https:\/\/apuntesdesanluis.com\/wp-content\/uploads\/2023\/07\/cropped-apuntesdesanluis.png","contentUrl":"https:\/\/apuntesdesanluis.com\/wp-content\/uploads\/2023\/07\/cropped-apuntesdesanluis.png","width":450,"height":112,"caption":"apuntesdesanluis.com"},"logo":{"@id":"https:\/\/apuntesdesanluis.com\/#\/schema\/person\/image\/"},"sameAs":["https:\/\/apuntesdesanluis.com"],"url":"https:\/\/apuntesdesanluis.com\/index.php\/author\/apuntesdesanluis-com\/"}]}},"featured_image_urls":{"full":["https:\/\/apuntesdesanluis.com\/wp-content\/uploads\/2023\/08\/FISCALES.png",754,483,false],"thumbnail":["https:\/\/apuntesdesanluis.com\/wp-content\/uploads\/2023\/08\/FISCALES-150x150.png",150,150,true],"medium":["https:\/\/apuntesdesanluis.com\/wp-content\/uploads\/2023\/08\/FISCALES-300x192.png",300,192,true],"medium_large":["https:\/\/apuntesdesanluis.com\/wp-content\/uploads\/2023\/08\/FISCALES.png",640,410,false],"large":["https:\/\/apuntesdesanluis.com\/wp-content\/uploads\/2023\/08\/FISCALES.png",640,410,false],"1536x1536":["https:\/\/apuntesdesanluis.com\/wp-content\/uploads\/2023\/08\/FISCALES.png",754,483,false],"2048x2048":["https:\/\/apuntesdesanluis.com\/wp-content\/uploads\/2023\/08\/FISCALES.png",754,483,false],"newsever-slider-full":["https:\/\/apuntesdesanluis.com\/wp-content\/uploads\/2023\/08\/FISCALES.png",754,483,false],"newsever-featured":["https:\/\/apuntesdesanluis.com\/wp-content\/uploads\/2023\/08\/FISCALES.png",754,483,false],"newsever-medium":["https:\/\/apuntesdesanluis.com\/wp-content\/uploads\/2023\/08\/FISCALES-720x475.png",720,475,true]},"author_info":{"display_name":"apuntesdesanluis.com","author_link":"https:\/\/apuntesdesanluis.com\/index.php\/author\/apuntesdesanluis-com\/"},"category_info":"<a href=\"https:\/\/apuntesdesanluis.com\/index.php\/category\/ciudad-provincia\/\" rel=\"category tag\">Ciudad\/Provincia<\/a>","tag_info":"Ciudad\/Provincia","comment_count":"0","_links":{"self":[{"href":"https:\/\/apuntesdesanluis.com\/index.php\/wp-json\/wp\/v2\/posts\/1016","targetHints":{"allow":["GET"]}}],"collection":[{"href":"https:\/\/apuntesdesanluis.com\/index.php\/wp-json\/wp\/v2\/posts"}],"about":[{"href":"https:\/\/apuntesdesanluis.com\/index.php\/wp-json\/wp\/v2\/types\/post"}],"author":[{"embeddable":true,"href":"https:\/\/apuntesdesanluis.com\/index.php\/wp-json\/wp\/v2\/users\/1"}],"replies":[{"embeddable":true,"href":"https:\/\/apuntesdesanluis.com\/index.php\/wp-json\/wp\/v2\/comments?post=1016"}],"version-history":[{"count":2,"href":"https:\/\/apuntesdesanluis.com\/index.php\/wp-json\/wp\/v2\/posts\/1016\/revisions"}],"predecessor-version":[{"id":1019,"href":"https:\/\/apuntesdesanluis.com\/index.php\/wp-json\/wp\/v2\/posts\/1016\/revisions\/1019"}],"wp:featuredmedia":[{"embeddable":true,"href":"https:\/\/apuntesdesanluis.com\/index.php\/wp-json\/wp\/v2\/media\/1017"}],"wp:attachment":[{"href":"https:\/\/apuntesdesanluis.com\/index.php\/wp-json\/wp\/v2\/media?parent=1016"}],"wp:term":[{"taxonomy":"category","embeddable":true,"href":"https:\/\/apuntesdesanluis.com\/index.php\/wp-json\/wp\/v2\/categories?post=1016"},{"taxonomy":"post_tag","embeddable":true,"href":"https:\/\/apuntesdesanluis.com\/index.php\/wp-json\/wp\/v2\/tags?post=1016"}],"curies":[{"name":"wp","href":"https:\/\/api.w.org\/{rel}","templated":true}]}}