{"id":10161,"date":"2024-01-15T22:50:06","date_gmt":"2024-01-16T01:50:06","guid":{"rendered":"https:\/\/apuntesdesanluis.com\/?p=10161"},"modified":"2024-01-15T22:53:15","modified_gmt":"2024-01-16T01:53:15","slug":"desde-el-domingo-san-luis-tendra-una-programacion-mixta-con-telefe","status":"publish","type":"post","link":"https:\/\/apuntesdesanluis.com\/index.php\/2024\/01\/15\/desde-el-domingo-san-luis-tendra-una-programacion-mixta-con-telefe\/","title":{"rendered":"DESDE EL DOMINGO, SAN LUIS+ TENDR\u00c1 UNA PROGRAMACI\u00d3N MIXTA CON TELEFE"},"content":{"rendered":"<h3><strong>Diego Masci<\/strong>, secretario de Comunicaci\u00f3n de la provincia, inform\u00f3 que se lleg\u00f3 a un acuerdo con el canal de Buenos Aires que permitir\u00e1 mejorar la programaci\u00f3n, y a la vez, ahorrar mucho dinero luego de a\u00f1os en los que las productoras amigas del gobierno anterior hac\u00edan buenos negocios a costa de los contribuyentes.<\/h3>\n<h3>Asegur\u00f3 que el programa &#8220;Informados&#8221; que conduc\u00eda el operador <strong>Sergio Bast\u00edas<\/strong> sal\u00eda m\u00e1s caro que toda la programaci\u00f3n completa de 24 horas los 7 d\u00edas de la semana de Telefe\u201d.<\/h3>\n<p><img fetchpriority=\"high\" decoding=\"async\" class=\"wp-image-10162 aligncenter\" src=\"https:\/\/apuntesdesanluis.com\/wp-content\/uploads\/2024\/01\/informados-300x194.png\" alt=\"\" width=\"663\" height=\"429\" srcset=\"https:\/\/apuntesdesanluis.com\/wp-content\/uploads\/2024\/01\/informados-300x194.png 300w, https:\/\/apuntesdesanluis.com\/wp-content\/uploads\/2024\/01\/informados.png 595w\" sizes=\"(max-width: 663px) 100vw, 663px\" \/><\/p>\n<h3>A partir del pr\u00f3ximo domingo, a trav\u00e9s de un acuerdo que se hizo entre San Luis+ (Canal 13 de San Luis) y Telefe, por intermedio de Paramount, los sanluise\u00f1os podr\u00e1n acceder a la se\u00f1al del canal de Buenos Aires, por lo que se transformar\u00e1 en una programaci\u00f3n mixta. \u201cVa a tener la programaci\u00f3n propia -local- que ya se ven\u00eda emitiendo, y a esto le va a empezar a sumar programas de Telefe, el medio de mayor audiencia a nivel nacional, para que a lo largo y ancho de la provincia se pueda disfrutar de modo gratuito, tanto sea por televisi\u00f3n abierta anal\u00f3gica o digital, y tambi\u00e9n a trav\u00e9s de las distintas plataformas que componen San Luis+\u201d, explic\u00f3 Diego Masci, secretario de Comunicaci\u00f3n.<\/h3>\n<h3>El funcionario reconoci\u00f3 que \u201cfue un trabajo muy fuerte que se hizo desde el inicio de la gesti\u00f3n, por pedido del Gobernador, que quiere jerarquizar a San Luis+. As\u00ed se pudo concretar en muy poco tiempo esta alianza con Telef\u00e9. Para nosotros es importante, porque, por un lado sumamos calidad en la programaci\u00f3n; y por otro empezamos a dejar de lado a una serie de productoras que eran amigas de los funcionarios de la gesti\u00f3n anterior, algo que le sal\u00eda muy caro al Estado, que gastaba much\u00edsimo dinero por una programaci\u00f3n que no ten\u00eda calidad\u201d.<\/h3>\n<p>&nbsp;<\/p>\n<p><iframe title=\"Diego Masci, secretario de Estado de Comunicaci\u00f3n\" width=\"640\" height=\"360\" src=\"https:\/\/www.youtube.com\/embed\/V5j_hKEh1ew?feature=oembed\" frameborder=\"0\" allow=\"accelerometer; autoplay; clipboard-write; encrypted-media; gyroscope; picture-in-picture; web-share\" referrerpolicy=\"strict-origin-when-cross-origin\" allowfullscreen><\/iframe><\/p>\n<h3>Y hablando de n\u00fameros, Masci asegur\u00f3 que \u201csolamente los enlatados de pel\u00edculas de una sola productora tienen el mismo costo que hoy cobra Telefe para toda la provincia. Telefe hoy sale m\u00e1s barato que el programa que hab\u00eda el a\u00f1o pasado, que iba desde las 20:30 hasta las 22:00, que adem\u00e1s se usaba b\u00e1sicamente para atacar a aquel que pensaba distinto al gobierno anterior. Ese programa sal\u00eda m\u00e1s caro que toda la programaci\u00f3n completa de 24 horas los 7 d\u00edas de la semana de Telefe\u201d.<\/h3>\n<h3>El secretario de Comunicaci\u00f3n dijo que est\u00e1n, desde que se inici\u00f3 la gesti\u00f3n, \u201ctratando de desarmar ciertos nichos de negocios muy personales de muchos funcionarios del gobierno anterior. Estamos yendo a un lugar de mayor transparencia, con una mejor programaci\u00f3n e incluso comprando tecnolog\u00eda para que el canal pueda subir la se\u00f1al. El costo del equipamiento y su instalaci\u00f3n es equivalente a ocho meses de alquiler que se pagaban por los mismos hasta el a\u00f1o pasado\u201d.<\/h3>\n<h3>Con el paso del tiempo van a ganar terreno los contenidos locales y Masci aclar\u00f3 que van a respetar a las productoras que el a\u00f1o pasado ganaron un concurso. \u201cHay una continuidad jur\u00eddica. Esas tres productoras y sus contenidos ya generados van a formar parte de la programaci\u00f3n de San Luis+ en los pr\u00f3ximos d\u00edas\u201d, explic\u00f3 el funcionario, quien dej\u00f3 abierta las puertas para nuevas convocatorias de productoras locales. \u201cTambi\u00e9n lo que vamos a dejar en claro es que las productoras locales que se sumen van a tener que empezar a pensar que los costos y los beneficios son mixtos. Hasta ahora siempre todo lo pon\u00eda el Estado y si hab\u00eda alg\u00fan beneficio, era todo para ellas. Ahora ser\u00e1 a riesgo, tanto para el Estado como la productora. Ya no van a pagar todo los contribuyentes\u201d.<\/h3>\n<p>&nbsp;<\/p>\n<p>&nbsp;<\/p>\n<p>&nbsp;<\/p>\n","protected":false},"excerpt":{"rendered":"<p>Diego Masci, secretario de Comunicaci\u00f3n de la provincia, inform\u00f3 que se lleg\u00f3 a un acuerdo&#8230;<\/p>\n","protected":false},"author":1,"featured_media":10163,"comment_status":"closed","ping_status":"closed","sticky":false,"template":"","format":"standard","meta":{"footnotes":""},"categories":[6],"tags":[],"class_list":["post-10161","post","type-post","status-publish","format-standard","has-post-thumbnail","hentry","category-ciudad-provincia"],"yoast_head":"<!-- This site is optimized with the Yoast SEO plugin v26.1.1 - https:\/\/yoast.com\/wordpress\/plugins\/seo\/ -->\n<title>DESDE EL DOMINGO, SAN LUIS+ TENDR\u00c1 UNA PROGRAMACI\u00d3N MIXTA CON TELEFE - Apuntes de San Luis<\/title>\n<meta name=\"robots\" content=\"index, follow, max-snippet:-1, max-image-preview:large, max-video-preview:-1\" \/>\n<link rel=\"canonical\" href=\"https:\/\/apuntesdesanluis.com\/index.php\/2024\/01\/15\/desde-el-domingo-san-luis-tendra-una-programacion-mixta-con-telefe\/\" \/>\n<meta property=\"og:locale\" content=\"es_ES\" \/>\n<meta property=\"og:type\" content=\"article\" \/>\n<meta property=\"og:title\" content=\"DESDE EL DOMINGO, SAN LUIS+ TENDR\u00c1 UNA PROGRAMACI\u00d3N MIXTA CON TELEFE - Apuntes de San Luis\" \/>\n<meta property=\"og:description\" content=\"Diego Masci, secretario de Comunicaci\u00f3n de la provincia, inform\u00f3 que se lleg\u00f3 a un acuerdo...\" \/>\n<meta property=\"og:url\" content=\"https:\/\/apuntesdesanluis.com\/index.php\/2024\/01\/15\/desde-el-domingo-san-luis-tendra-una-programacion-mixta-con-telefe\/\" \/>\n<meta property=\"og:site_name\" content=\"Apuntes de San Luis\" \/>\n<meta property=\"article:published_time\" content=\"2024-01-16T01:50:06+00:00\" \/>\n<meta property=\"article:modified_time\" content=\"2024-01-16T01:53:15+00:00\" \/>\n<meta property=\"og:image\" content=\"https:\/\/apuntesdesanluis.com\/wp-content\/uploads\/2024\/01\/masci.png\" \/>\n\t<meta property=\"og:image:width\" content=\"600\" \/>\n\t<meta property=\"og:image:height\" content=\"337\" \/>\n\t<meta property=\"og:image:type\" content=\"image\/png\" \/>\n<meta name=\"author\" content=\"apuntesdesanluis.com\" \/>\n<meta name=\"twitter:card\" content=\"summary_large_image\" \/>\n<meta name=\"twitter:label1\" content=\"Escrito por\" \/>\n\t<meta name=\"twitter:data1\" content=\"apuntesdesanluis.com\" \/>\n\t<meta name=\"twitter:label2\" content=\"Tiempo de lectura\" \/>\n\t<meta name=\"twitter:data2\" content=\"3 minutos\" \/>\n<script type=\"application\/ld+json\" class=\"yoast-schema-graph\">{\"@context\":\"https:\/\/schema.org\",\"@graph\":[{\"@type\":\"Article\",\"@id\":\"https:\/\/apuntesdesanluis.com\/index.php\/2024\/01\/15\/desde-el-domingo-san-luis-tendra-una-programacion-mixta-con-telefe\/#article\",\"isPartOf\":{\"@id\":\"https:\/\/apuntesdesanluis.com\/index.php\/2024\/01\/15\/desde-el-domingo-san-luis-tendra-una-programacion-mixta-con-telefe\/\"},\"author\":{\"name\":\"apuntesdesanluis.com\",\"@id\":\"https:\/\/apuntesdesanluis.com\/#\/schema\/person\/b55151d52296fcce64d1a72538a70b90\"},\"headline\":\"DESDE EL DOMINGO, SAN LUIS+ TENDR\u00c1 UNA PROGRAMACI\u00d3N MIXTA CON TELEFE\",\"datePublished\":\"2024-01-16T01:50:06+00:00\",\"dateModified\":\"2024-01-16T01:53:15+00:00\",\"mainEntityOfPage\":{\"@id\":\"https:\/\/apuntesdesanluis.com\/index.php\/2024\/01\/15\/desde-el-domingo-san-luis-tendra-una-programacion-mixta-con-telefe\/\"},\"wordCount\":673,\"publisher\":{\"@id\":\"https:\/\/apuntesdesanluis.com\/#\/schema\/person\/b55151d52296fcce64d1a72538a70b90\"},\"image\":{\"@id\":\"https:\/\/apuntesdesanluis.com\/index.php\/2024\/01\/15\/desde-el-domingo-san-luis-tendra-una-programacion-mixta-con-telefe\/#primaryimage\"},\"thumbnailUrl\":\"https:\/\/apuntesdesanluis.com\/wp-content\/uploads\/2024\/01\/masci.png\",\"articleSection\":[\"Ciudad\/Provincia\"],\"inLanguage\":\"es-AR\"},{\"@type\":\"WebPage\",\"@id\":\"https:\/\/apuntesdesanluis.com\/index.php\/2024\/01\/15\/desde-el-domingo-san-luis-tendra-una-programacion-mixta-con-telefe\/\",\"url\":\"https:\/\/apuntesdesanluis.com\/index.php\/2024\/01\/15\/desde-el-domingo-san-luis-tendra-una-programacion-mixta-con-telefe\/\",\"name\":\"DESDE EL DOMINGO, SAN LUIS+ TENDR\u00c1 UNA PROGRAMACI\u00d3N MIXTA CON TELEFE - Apuntes de San Luis\",\"isPartOf\":{\"@id\":\"https:\/\/apuntesdesanluis.com\/#website\"},\"primaryImageOfPage\":{\"@id\":\"https:\/\/apuntesdesanluis.com\/index.php\/2024\/01\/15\/desde-el-domingo-san-luis-tendra-una-programacion-mixta-con-telefe\/#primaryimage\"},\"image\":{\"@id\":\"https:\/\/apuntesdesanluis.com\/index.php\/2024\/01\/15\/desde-el-domingo-san-luis-tendra-una-programacion-mixta-con-telefe\/#primaryimage\"},\"thumbnailUrl\":\"https:\/\/apuntesdesanluis.com\/wp-content\/uploads\/2024\/01\/masci.png\",\"datePublished\":\"2024-01-16T01:50:06+00:00\",\"dateModified\":\"2024-01-16T01:53:15+00:00\",\"breadcrumb\":{\"@id\":\"https:\/\/apuntesdesanluis.com\/index.php\/2024\/01\/15\/desde-el-domingo-san-luis-tendra-una-programacion-mixta-con-telefe\/#breadcrumb\"},\"inLanguage\":\"es-AR\",\"potentialAction\":[{\"@type\":\"ReadAction\",\"target\":[\"https:\/\/apuntesdesanluis.com\/index.php\/2024\/01\/15\/desde-el-domingo-san-luis-tendra-una-programacion-mixta-con-telefe\/\"]}]},{\"@type\":\"ImageObject\",\"inLanguage\":\"es-AR\",\"@id\":\"https:\/\/apuntesdesanluis.com\/index.php\/2024\/01\/15\/desde-el-domingo-san-luis-tendra-una-programacion-mixta-con-telefe\/#primaryimage\",\"url\":\"https:\/\/apuntesdesanluis.com\/wp-content\/uploads\/2024\/01\/masci.png\",\"contentUrl\":\"https:\/\/apuntesdesanluis.com\/wp-content\/uploads\/2024\/01\/masci.png\",\"width\":600,\"height\":337},{\"@type\":\"BreadcrumbList\",\"@id\":\"https:\/\/apuntesdesanluis.com\/index.php\/2024\/01\/15\/desde-el-domingo-san-luis-tendra-una-programacion-mixta-con-telefe\/#breadcrumb\",\"itemListElement\":[{\"@type\":\"ListItem\",\"position\":1,\"name\":\"Inicio\",\"item\":\"https:\/\/apuntesdesanluis.com\/\"},{\"@type\":\"ListItem\",\"position\":2,\"name\":\"DESDE EL DOMINGO, SAN LUIS+ TENDR\u00c1 UNA PROGRAMACI\u00d3N MIXTA CON TELEFE\"}]},{\"@type\":\"WebSite\",\"@id\":\"https:\/\/apuntesdesanluis.com\/#website\",\"url\":\"https:\/\/apuntesdesanluis.com\/\",\"name\":\"Apuntes de San Luis\",\"description\":\"\",\"publisher\":{\"@id\":\"https:\/\/apuntesdesanluis.com\/#\/schema\/person\/b55151d52296fcce64d1a72538a70b90\"},\"potentialAction\":[{\"@type\":\"SearchAction\",\"target\":{\"@type\":\"EntryPoint\",\"urlTemplate\":\"https:\/\/apuntesdesanluis.com\/?s={search_term_string}\"},\"query-input\":{\"@type\":\"PropertyValueSpecification\",\"valueRequired\":true,\"valueName\":\"search_term_string\"}}],\"inLanguage\":\"es-AR\"},{\"@type\":[\"Person\",\"Organization\"],\"@id\":\"https:\/\/apuntesdesanluis.com\/#\/schema\/person\/b55151d52296fcce64d1a72538a70b90\",\"name\":\"apuntesdesanluis.com\",\"image\":{\"@type\":\"ImageObject\",\"inLanguage\":\"es-AR\",\"@id\":\"https:\/\/apuntesdesanluis.com\/#\/schema\/person\/image\/\",\"url\":\"https:\/\/apuntesdesanluis.com\/wp-content\/uploads\/2023\/07\/cropped-apuntesdesanluis.png\",\"contentUrl\":\"https:\/\/apuntesdesanluis.com\/wp-content\/uploads\/2023\/07\/cropped-apuntesdesanluis.png\",\"width\":450,\"height\":112,\"caption\":\"apuntesdesanluis.com\"},\"logo\":{\"@id\":\"https:\/\/apuntesdesanluis.com\/#\/schema\/person\/image\/\"},\"sameAs\":[\"https:\/\/apuntesdesanluis.com\"],\"url\":\"https:\/\/apuntesdesanluis.com\/index.php\/author\/apuntesdesanluis-com\/\"}]}<\/script>\n<!-- \/ Yoast SEO plugin. -->","yoast_head_json":{"title":"DESDE EL DOMINGO, SAN LUIS+ TENDR\u00c1 UNA PROGRAMACI\u00d3N MIXTA CON TELEFE - Apuntes de San Luis","robots":{"index":"index","follow":"follow","max-snippet":"max-snippet:-1","max-image-preview":"max-image-preview:large","max-video-preview":"max-video-preview:-1"},"canonical":"https:\/\/apuntesdesanluis.com\/index.php\/2024\/01\/15\/desde-el-domingo-san-luis-tendra-una-programacion-mixta-con-telefe\/","og_locale":"es_ES","og_type":"article","og_title":"DESDE EL DOMINGO, SAN LUIS+ TENDR\u00c1 UNA PROGRAMACI\u00d3N MIXTA CON TELEFE - Apuntes de San Luis","og_description":"Diego Masci, secretario de Comunicaci\u00f3n de la provincia, inform\u00f3 que se lleg\u00f3 a un acuerdo...","og_url":"https:\/\/apuntesdesanluis.com\/index.php\/2024\/01\/15\/desde-el-domingo-san-luis-tendra-una-programacion-mixta-con-telefe\/","og_site_name":"Apuntes de San Luis","article_published_time":"2024-01-16T01:50:06+00:00","article_modified_time":"2024-01-16T01:53:15+00:00","og_image":[{"width":600,"height":337,"url":"https:\/\/apuntesdesanluis.com\/wp-content\/uploads\/2024\/01\/masci.png","type":"image\/png"}],"author":"apuntesdesanluis.com","twitter_card":"summary_large_image","twitter_misc":{"Escrito por":"apuntesdesanluis.com","Tiempo de lectura":"3 minutos"},"schema":{"@context":"https:\/\/schema.org","@graph":[{"@type":"Article","@id":"https:\/\/apuntesdesanluis.com\/index.php\/2024\/01\/15\/desde-el-domingo-san-luis-tendra-una-programacion-mixta-con-telefe\/#article","isPartOf":{"@id":"https:\/\/apuntesdesanluis.com\/index.php\/2024\/01\/15\/desde-el-domingo-san-luis-tendra-una-programacion-mixta-con-telefe\/"},"author":{"name":"apuntesdesanluis.com","@id":"https:\/\/apuntesdesanluis.com\/#\/schema\/person\/b55151d52296fcce64d1a72538a70b90"},"headline":"DESDE EL DOMINGO, SAN LUIS+ TENDR\u00c1 UNA PROGRAMACI\u00d3N MIXTA CON TELEFE","datePublished":"2024-01-16T01:50:06+00:00","dateModified":"2024-01-16T01:53:15+00:00","mainEntityOfPage":{"@id":"https:\/\/apuntesdesanluis.com\/index.php\/2024\/01\/15\/desde-el-domingo-san-luis-tendra-una-programacion-mixta-con-telefe\/"},"wordCount":673,"publisher":{"@id":"https:\/\/apuntesdesanluis.com\/#\/schema\/person\/b55151d52296fcce64d1a72538a70b90"},"image":{"@id":"https:\/\/apuntesdesanluis.com\/index.php\/2024\/01\/15\/desde-el-domingo-san-luis-tendra-una-programacion-mixta-con-telefe\/#primaryimage"},"thumbnailUrl":"https:\/\/apuntesdesanluis.com\/wp-content\/uploads\/2024\/01\/masci.png","articleSection":["Ciudad\/Provincia"],"inLanguage":"es-AR"},{"@type":"WebPage","@id":"https:\/\/apuntesdesanluis.com\/index.php\/2024\/01\/15\/desde-el-domingo-san-luis-tendra-una-programacion-mixta-con-telefe\/","url":"https:\/\/apuntesdesanluis.com\/index.php\/2024\/01\/15\/desde-el-domingo-san-luis-tendra-una-programacion-mixta-con-telefe\/","name":"DESDE EL DOMINGO, SAN LUIS+ TENDR\u00c1 UNA PROGRAMACI\u00d3N MIXTA CON TELEFE - Apuntes de San Luis","isPartOf":{"@id":"https:\/\/apuntesdesanluis.com\/#website"},"primaryImageOfPage":{"@id":"https:\/\/apuntesdesanluis.com\/index.php\/2024\/01\/15\/desde-el-domingo-san-luis-tendra-una-programacion-mixta-con-telefe\/#primaryimage"},"image":{"@id":"https:\/\/apuntesdesanluis.com\/index.php\/2024\/01\/15\/desde-el-domingo-san-luis-tendra-una-programacion-mixta-con-telefe\/#primaryimage"},"thumbnailUrl":"https:\/\/apuntesdesanluis.com\/wp-content\/uploads\/2024\/01\/masci.png","datePublished":"2024-01-16T01:50:06+00:00","dateModified":"2024-01-16T01:53:15+00:00","breadcrumb":{"@id":"https:\/\/apuntesdesanluis.com\/index.php\/2024\/01\/15\/desde-el-domingo-san-luis-tendra-una-programacion-mixta-con-telefe\/#breadcrumb"},"inLanguage":"es-AR","potentialAction":[{"@type":"ReadAction","target":["https:\/\/apuntesdesanluis.com\/index.php\/2024\/01\/15\/desde-el-domingo-san-luis-tendra-una-programacion-mixta-con-telefe\/"]}]},{"@type":"ImageObject","inLanguage":"es-AR","@id":"https:\/\/apuntesdesanluis.com\/index.php\/2024\/01\/15\/desde-el-domingo-san-luis-tendra-una-programacion-mixta-con-telefe\/#primaryimage","url":"https:\/\/apuntesdesanluis.com\/wp-content\/uploads\/2024\/01\/masci.png","contentUrl":"https:\/\/apuntesdesanluis.com\/wp-content\/uploads\/2024\/01\/masci.png","width":600,"height":337},{"@type":"BreadcrumbList","@id":"https:\/\/apuntesdesanluis.com\/index.php\/2024\/01\/15\/desde-el-domingo-san-luis-tendra-una-programacion-mixta-con-telefe\/#breadcrumb","itemListElement":[{"@type":"ListItem","position":1,"name":"Inicio","item":"https:\/\/apuntesdesanluis.com\/"},{"@type":"ListItem","position":2,"name":"DESDE EL DOMINGO, SAN LUIS+ TENDR\u00c1 UNA PROGRAMACI\u00d3N MIXTA CON TELEFE"}]},{"@type":"WebSite","@id":"https:\/\/apuntesdesanluis.com\/#website","url":"https:\/\/apuntesdesanluis.com\/","name":"Apuntes de San Luis","description":"","publisher":{"@id":"https:\/\/apuntesdesanluis.com\/#\/schema\/person\/b55151d52296fcce64d1a72538a70b90"},"potentialAction":[{"@type":"SearchAction","target":{"@type":"EntryPoint","urlTemplate":"https:\/\/apuntesdesanluis.com\/?s={search_term_string}"},"query-input":{"@type":"PropertyValueSpecification","valueRequired":true,"valueName":"search_term_string"}}],"inLanguage":"es-AR"},{"@type":["Person","Organization"],"@id":"https:\/\/apuntesdesanluis.com\/#\/schema\/person\/b55151d52296fcce64d1a72538a70b90","name":"apuntesdesanluis.com","image":{"@type":"ImageObject","inLanguage":"es-AR","@id":"https:\/\/apuntesdesanluis.com\/#\/schema\/person\/image\/","url":"https:\/\/apuntesdesanluis.com\/wp-content\/uploads\/2023\/07\/cropped-apuntesdesanluis.png","contentUrl":"https:\/\/apuntesdesanluis.com\/wp-content\/uploads\/2023\/07\/cropped-apuntesdesanluis.png","width":450,"height":112,"caption":"apuntesdesanluis.com"},"logo":{"@id":"https:\/\/apuntesdesanluis.com\/#\/schema\/person\/image\/"},"sameAs":["https:\/\/apuntesdesanluis.com"],"url":"https:\/\/apuntesdesanluis.com\/index.php\/author\/apuntesdesanluis-com\/"}]}},"featured_image_urls":{"full":["https:\/\/apuntesdesanluis.com\/wp-content\/uploads\/2024\/01\/masci.png",600,337,false],"thumbnail":["https:\/\/apuntesdesanluis.com\/wp-content\/uploads\/2024\/01\/masci-150x150.png",150,150,true],"medium":["https:\/\/apuntesdesanluis.com\/wp-content\/uploads\/2024\/01\/masci-300x169.png",300,169,true],"medium_large":["https:\/\/apuntesdesanluis.com\/wp-content\/uploads\/2024\/01\/masci.png",600,337,false],"large":["https:\/\/apuntesdesanluis.com\/wp-content\/uploads\/2024\/01\/masci.png",600,337,false],"1536x1536":["https:\/\/apuntesdesanluis.com\/wp-content\/uploads\/2024\/01\/masci.png",600,337,false],"2048x2048":["https:\/\/apuntesdesanluis.com\/wp-content\/uploads\/2024\/01\/masci.png",600,337,false],"newsever-slider-full":["https:\/\/apuntesdesanluis.com\/wp-content\/uploads\/2024\/01\/masci.png",600,337,false],"newsever-featured":["https:\/\/apuntesdesanluis.com\/wp-content\/uploads\/2024\/01\/masci.png",600,337,false],"newsever-medium":["https:\/\/apuntesdesanluis.com\/wp-content\/uploads\/2024\/01\/masci.png",600,337,false]},"author_info":{"display_name":"apuntesdesanluis.com","author_link":"https:\/\/apuntesdesanluis.com\/index.php\/author\/apuntesdesanluis-com\/"},"category_info":"<a href=\"https:\/\/apuntesdesanluis.com\/index.php\/category\/ciudad-provincia\/\" rel=\"category tag\">Ciudad\/Provincia<\/a>","tag_info":"Ciudad\/Provincia","comment_count":"0","_links":{"self":[{"href":"https:\/\/apuntesdesanluis.com\/index.php\/wp-json\/wp\/v2\/posts\/10161","targetHints":{"allow":["GET"]}}],"collection":[{"href":"https:\/\/apuntesdesanluis.com\/index.php\/wp-json\/wp\/v2\/posts"}],"about":[{"href":"https:\/\/apuntesdesanluis.com\/index.php\/wp-json\/wp\/v2\/types\/post"}],"author":[{"embeddable":true,"href":"https:\/\/apuntesdesanluis.com\/index.php\/wp-json\/wp\/v2\/users\/1"}],"replies":[{"embeddable":true,"href":"https:\/\/apuntesdesanluis.com\/index.php\/wp-json\/wp\/v2\/comments?post=10161"}],"version-history":[{"count":2,"href":"https:\/\/apuntesdesanluis.com\/index.php\/wp-json\/wp\/v2\/posts\/10161\/revisions"}],"predecessor-version":[{"id":10165,"href":"https:\/\/apuntesdesanluis.com\/index.php\/wp-json\/wp\/v2\/posts\/10161\/revisions\/10165"}],"wp:featuredmedia":[{"embeddable":true,"href":"https:\/\/apuntesdesanluis.com\/index.php\/wp-json\/wp\/v2\/media\/10163"}],"wp:attachment":[{"href":"https:\/\/apuntesdesanluis.com\/index.php\/wp-json\/wp\/v2\/media?parent=10161"}],"wp:term":[{"taxonomy":"category","embeddable":true,"href":"https:\/\/apuntesdesanluis.com\/index.php\/wp-json\/wp\/v2\/categories?post=10161"},{"taxonomy":"post_tag","embeddable":true,"href":"https:\/\/apuntesdesanluis.com\/index.php\/wp-json\/wp\/v2\/tags?post=10161"}],"curies":[{"name":"wp","href":"https:\/\/api.w.org\/{rel}","templated":true}]}}