{"id":10166,"date":"2024-01-15T23:22:00","date_gmt":"2024-01-16T02:22:00","guid":{"rendered":"https:\/\/apuntesdesanluis.com\/?p=10166"},"modified":"2024-01-15T23:23:48","modified_gmt":"2024-01-16T02:23:48","slug":"el-gobierno-confia-en-obtener-el-aval-legislativo-pero-los-senadores-opositores-no-piensan-igual","status":"publish","type":"post","link":"https:\/\/apuntesdesanluis.com\/index.php\/2024\/01\/15\/el-gobierno-confia-en-obtener-el-aval-legislativo-pero-los-senadores-opositores-no-piensan-igual\/","title":{"rendered":"EL GOBIERNO CONF\u00cdA EN OBTENER EL AVAL LEGISLATIVO, PERO LOS SENADORES OPOSITORES NO PIENSAN IGUAL"},"content":{"rendered":"<h3><strong>Ricardo Endeiza<\/strong>, vicegobernador de San Luis, se mostr\u00f3 optimista en conseguir los votos. \u201cEnviamos un proyecto muy claro, que tiene un destino indiscutido, y realmente no vemos por qu\u00e9 pueda rechazarse cuando es para pagar los salarios de los trabajadores de la Administraci\u00f3n p\u00fablica\u201d, expres\u00f3.<\/h3>\n<h3>Sin embargo, 4 senadores justicialistas presentaron este lunes un pedido de informes referido a este tema, por lo que resurgen dudas en torno de la postura que vayan a adoptar a la hora de tratar este empr\u00e9stito. Anteriormente las diputadas opositoras <strong>Silvia Sosa Araujo<\/strong> y<strong> Fernanda Spinuzza<\/strong> tambi\u00e9n presentaron un pedido de informes para conocer la real situaci\u00f3n econ\u00f3mica en que se encuentra la provincia.<\/h3>\n<h3>Por otro lado, resurgen versiones acerca de que el gobierno analiza la emisi\u00f3n de una cuasimoneda si la oposici\u00f3n le niega el apoyo, tal como pretende hacer la provincia de La Rioja, que ya solicit\u00f3 autorizaci\u00f3n legislativa.<\/h3>\n<h3>El vicegobernador, Ricardo Endeiza, inform\u00f3 que el jueves, a partir de las 11:00, la C\u00e1mara de Senadores comenzar\u00e1 a tratar en sesiones extraordinarias el proyecto de ley que remiti\u00f3 el Poder Ejecutivo por el cual solicita autorizaci\u00f3n para tomar un pr\u00e9stamo que ya tiene arreglado con el Banco de la Naci\u00f3n Argentina, que es adem\u00e1s el agente financiero de la provincia. Luego ese mismo d\u00eda, pero a las 15:00, el tr\u00e1mite deber\u00e1 buscar la aprobaci\u00f3n de la C\u00e1mara de Diputados.<\/h3>\n<h3>El cr\u00e9dito consiste en una n\u00f3mina salarial completa, que permitir\u00eda pagar en tiempo y forma los salarios de enero a fin de mes. Tiene un plazo de devoluci\u00f3n corto, de apenas 15 d\u00edas, pero le otorgar\u00eda al Gobierno el ox\u00edgeno suficiente como para cumplir sus compromisos con los empleados p\u00fablicos. Para su aprobaci\u00f3n se requieren dos tercios de votos positivos, esto es seis senadores y 29 diputados.<\/h3>\n<h3>\u201cSomos optimistas porque entendemos que claramente se trata de una cuesti\u00f3n que casi no merecer\u00eda discusiones. Es otorgar un permiso para un anticipo que va dirigido espec\u00edficamente a salarios de los trabajadores de la administraci\u00f3n por 15 d\u00edas, algo similar a lo que ocurre en otras jurisdicciones y otros organismos p\u00fablicos, como la Universidad de Buenos Aires, por ejemplo\u201d, analiz\u00f3 Endeiza, quien tambi\u00e9n expuso un caso similar en la provincia de Mendoza.<\/h3>\n<p><iframe title=\"Ricardo Endeiza, vicegobernador de la Provincia de San Luis\" width=\"640\" height=\"360\" src=\"https:\/\/www.youtube.com\/embed\/DCPaTRk-FA8?feature=oembed\" frameborder=\"0\" allow=\"accelerometer; autoplay; clipboard-write; encrypted-media; gyroscope; picture-in-picture; web-share\" referrerpolicy=\"strict-origin-when-cross-origin\" allowfullscreen><\/iframe><\/p>\n<h3>Consultado sobre qu\u00e9 pasar\u00eda si la Legislatura no presta el acuerdo, el Vicegobernador aseguro que \u201cla situaci\u00f3n ya ha sido descripta previamente y creemos, y somos optimistas, que hemos hecho un gran esfuerzo y que es dentro del marco de la b\u00fasqueda de consensos que debe darse. Hemos enviado un proyecto muy acotado, muy claro, que tiene destino indiscutido y realmente no vemos por qu\u00e9 pudiera rechazarse. As\u00ed que prefiero ser optimista y entender que los diputados y los senadores van a dejar por un momento de lado peque\u00f1as cuestiones y diferencias que siempre tienen los partidos pol\u00edticos, y van a priorizar el inter\u00e9s de todos los trabajadores de la Administraci\u00f3n p\u00fablica de San Luis para asegurar su derecho a percibir sus salarios en tiempo y forma\u201d.<\/h3>\n<h3>En medio de esta puja, fuentes gubernamentales no desmintieron las informaciones nacionales que dan cuenta que en el entorno del ministro de Hacienda, N\u00e9stor Ord\u00f3\u00f1ez, se baraja como una alternativa (en caso de no conseguir el aval legislativo) la posibilidad de emitir alguna cuasimoneda, como ya tuvo San Luis en el pasado y est\u00e1n considerando algunas provincias como La Rioja.<\/h3>\n<h3><span style=\"color: #3366ff;\">COPIA DE LA NOTA ELEVADA POR SENADORES DEL PJ<\/span><\/h3>\n<p><img fetchpriority=\"high\" decoding=\"async\" class=\"wp-image-10168 aligncenter\" src=\"https:\/\/apuntesdesanluis.com\/wp-content\/uploads\/2024\/01\/nota-senadores-232x300.png\" alt=\"\" width=\"540\" height=\"698\" srcset=\"https:\/\/apuntesdesanluis.com\/wp-content\/uploads\/2024\/01\/nota-senadores-232x300.png 232w, https:\/\/apuntesdesanluis.com\/wp-content\/uploads\/2024\/01\/nota-senadores.png 642w\" sizes=\"(max-width: 540px) 100vw, 540px\" \/><\/p>\n<p>&nbsp;<\/p>\n<p>&nbsp;<\/p>\n<p>&nbsp;<\/p>\n","protected":false},"excerpt":{"rendered":"<p>Ricardo Endeiza, vicegobernador de San Luis, se mostr\u00f3 optimista en conseguir los votos. \u201cEnviamos un&#8230;<\/p>\n","protected":false},"author":1,"featured_media":10167,"comment_status":"closed","ping_status":"closed","sticky":false,"template":"","format":"standard","meta":{"footnotes":""},"categories":[6],"tags":[],"class_list":["post-10166","post","type-post","status-publish","format-standard","has-post-thumbnail","hentry","category-ciudad-provincia"],"yoast_head":"<!-- This site is optimized with the Yoast SEO plugin v26.1.1 - https:\/\/yoast.com\/wordpress\/plugins\/seo\/ -->\n<title>EL GOBIERNO CONF\u00cdA EN OBTENER EL AVAL LEGISLATIVO, PERO LOS SENADORES OPOSITORES NO PIENSAN IGUAL - Apuntes de San Luis<\/title>\n<meta name=\"robots\" content=\"index, follow, max-snippet:-1, max-image-preview:large, max-video-preview:-1\" \/>\n<link rel=\"canonical\" href=\"https:\/\/apuntesdesanluis.com\/index.php\/2024\/01\/15\/el-gobierno-confia-en-obtener-el-aval-legislativo-pero-los-senadores-opositores-no-piensan-igual\/\" \/>\n<meta property=\"og:locale\" content=\"es_ES\" \/>\n<meta property=\"og:type\" content=\"article\" \/>\n<meta property=\"og:title\" content=\"EL GOBIERNO CONF\u00cdA EN OBTENER EL AVAL LEGISLATIVO, PERO LOS SENADORES OPOSITORES NO PIENSAN IGUAL - Apuntes de San Luis\" \/>\n<meta property=\"og:description\" content=\"Ricardo Endeiza, vicegobernador de San Luis, se mostr\u00f3 optimista en conseguir los votos. \u201cEnviamos un...\" \/>\n<meta property=\"og:url\" content=\"https:\/\/apuntesdesanluis.com\/index.php\/2024\/01\/15\/el-gobierno-confia-en-obtener-el-aval-legislativo-pero-los-senadores-opositores-no-piensan-igual\/\" \/>\n<meta property=\"og:site_name\" content=\"Apuntes de San Luis\" \/>\n<meta property=\"article:published_time\" content=\"2024-01-16T02:22:00+00:00\" \/>\n<meta property=\"article:modified_time\" content=\"2024-01-16T02:23:48+00:00\" \/>\n<meta property=\"og:image\" content=\"https:\/\/apuntesdesanluis.com\/wp-content\/uploads\/2024\/01\/ricardo-endeiza.png\" \/>\n\t<meta property=\"og:image:width\" content=\"632\" \/>\n\t<meta property=\"og:image:height\" content=\"401\" \/>\n\t<meta property=\"og:image:type\" content=\"image\/png\" \/>\n<meta name=\"author\" content=\"apuntesdesanluis.com\" \/>\n<meta name=\"twitter:card\" content=\"summary_large_image\" \/>\n<meta name=\"twitter:label1\" content=\"Escrito por\" \/>\n\t<meta name=\"twitter:data1\" content=\"apuntesdesanluis.com\" \/>\n\t<meta name=\"twitter:label2\" content=\"Tiempo de lectura\" \/>\n\t<meta name=\"twitter:data2\" content=\"3 minutos\" \/>\n<script type=\"application\/ld+json\" class=\"yoast-schema-graph\">{\"@context\":\"https:\/\/schema.org\",\"@graph\":[{\"@type\":\"Article\",\"@id\":\"https:\/\/apuntesdesanluis.com\/index.php\/2024\/01\/15\/el-gobierno-confia-en-obtener-el-aval-legislativo-pero-los-senadores-opositores-no-piensan-igual\/#article\",\"isPartOf\":{\"@id\":\"https:\/\/apuntesdesanluis.com\/index.php\/2024\/01\/15\/el-gobierno-confia-en-obtener-el-aval-legislativo-pero-los-senadores-opositores-no-piensan-igual\/\"},\"author\":{\"name\":\"apuntesdesanluis.com\",\"@id\":\"https:\/\/apuntesdesanluis.com\/#\/schema\/person\/b55151d52296fcce64d1a72538a70b90\"},\"headline\":\"EL GOBIERNO CONF\u00cdA EN OBTENER EL AVAL LEGISLATIVO, PERO LOS SENADORES OPOSITORES NO PIENSAN IGUAL\",\"datePublished\":\"2024-01-16T02:22:00+00:00\",\"dateModified\":\"2024-01-16T02:23:48+00:00\",\"mainEntityOfPage\":{\"@id\":\"https:\/\/apuntesdesanluis.com\/index.php\/2024\/01\/15\/el-gobierno-confia-en-obtener-el-aval-legislativo-pero-los-senadores-opositores-no-piensan-igual\/\"},\"wordCount\":626,\"publisher\":{\"@id\":\"https:\/\/apuntesdesanluis.com\/#\/schema\/person\/b55151d52296fcce64d1a72538a70b90\"},\"image\":{\"@id\":\"https:\/\/apuntesdesanluis.com\/index.php\/2024\/01\/15\/el-gobierno-confia-en-obtener-el-aval-legislativo-pero-los-senadores-opositores-no-piensan-igual\/#primaryimage\"},\"thumbnailUrl\":\"https:\/\/apuntesdesanluis.com\/wp-content\/uploads\/2024\/01\/ricardo-endeiza.png\",\"articleSection\":[\"Ciudad\/Provincia\"],\"inLanguage\":\"es-AR\"},{\"@type\":\"WebPage\",\"@id\":\"https:\/\/apuntesdesanluis.com\/index.php\/2024\/01\/15\/el-gobierno-confia-en-obtener-el-aval-legislativo-pero-los-senadores-opositores-no-piensan-igual\/\",\"url\":\"https:\/\/apuntesdesanluis.com\/index.php\/2024\/01\/15\/el-gobierno-confia-en-obtener-el-aval-legislativo-pero-los-senadores-opositores-no-piensan-igual\/\",\"name\":\"EL GOBIERNO CONF\u00cdA EN OBTENER EL AVAL LEGISLATIVO, PERO LOS SENADORES OPOSITORES NO PIENSAN IGUAL - Apuntes de San Luis\",\"isPartOf\":{\"@id\":\"https:\/\/apuntesdesanluis.com\/#website\"},\"primaryImageOfPage\":{\"@id\":\"https:\/\/apuntesdesanluis.com\/index.php\/2024\/01\/15\/el-gobierno-confia-en-obtener-el-aval-legislativo-pero-los-senadores-opositores-no-piensan-igual\/#primaryimage\"},\"image\":{\"@id\":\"https:\/\/apuntesdesanluis.com\/index.php\/2024\/01\/15\/el-gobierno-confia-en-obtener-el-aval-legislativo-pero-los-senadores-opositores-no-piensan-igual\/#primaryimage\"},\"thumbnailUrl\":\"https:\/\/apuntesdesanluis.com\/wp-content\/uploads\/2024\/01\/ricardo-endeiza.png\",\"datePublished\":\"2024-01-16T02:22:00+00:00\",\"dateModified\":\"2024-01-16T02:23:48+00:00\",\"breadcrumb\":{\"@id\":\"https:\/\/apuntesdesanluis.com\/index.php\/2024\/01\/15\/el-gobierno-confia-en-obtener-el-aval-legislativo-pero-los-senadores-opositores-no-piensan-igual\/#breadcrumb\"},\"inLanguage\":\"es-AR\",\"potentialAction\":[{\"@type\":\"ReadAction\",\"target\":[\"https:\/\/apuntesdesanluis.com\/index.php\/2024\/01\/15\/el-gobierno-confia-en-obtener-el-aval-legislativo-pero-los-senadores-opositores-no-piensan-igual\/\"]}]},{\"@type\":\"ImageObject\",\"inLanguage\":\"es-AR\",\"@id\":\"https:\/\/apuntesdesanluis.com\/index.php\/2024\/01\/15\/el-gobierno-confia-en-obtener-el-aval-legislativo-pero-los-senadores-opositores-no-piensan-igual\/#primaryimage\",\"url\":\"https:\/\/apuntesdesanluis.com\/wp-content\/uploads\/2024\/01\/ricardo-endeiza.png\",\"contentUrl\":\"https:\/\/apuntesdesanluis.com\/wp-content\/uploads\/2024\/01\/ricardo-endeiza.png\",\"width\":632,\"height\":401},{\"@type\":\"BreadcrumbList\",\"@id\":\"https:\/\/apuntesdesanluis.com\/index.php\/2024\/01\/15\/el-gobierno-confia-en-obtener-el-aval-legislativo-pero-los-senadores-opositores-no-piensan-igual\/#breadcrumb\",\"itemListElement\":[{\"@type\":\"ListItem\",\"position\":1,\"name\":\"Inicio\",\"item\":\"https:\/\/apuntesdesanluis.com\/\"},{\"@type\":\"ListItem\",\"position\":2,\"name\":\"EL GOBIERNO CONF\u00cdA EN OBTENER EL AVAL LEGISLATIVO, PERO LOS SENADORES OPOSITORES NO PIENSAN IGUAL\"}]},{\"@type\":\"WebSite\",\"@id\":\"https:\/\/apuntesdesanluis.com\/#website\",\"url\":\"https:\/\/apuntesdesanluis.com\/\",\"name\":\"Apuntes de San Luis\",\"description\":\"\",\"publisher\":{\"@id\":\"https:\/\/apuntesdesanluis.com\/#\/schema\/person\/b55151d52296fcce64d1a72538a70b90\"},\"potentialAction\":[{\"@type\":\"SearchAction\",\"target\":{\"@type\":\"EntryPoint\",\"urlTemplate\":\"https:\/\/apuntesdesanluis.com\/?s={search_term_string}\"},\"query-input\":{\"@type\":\"PropertyValueSpecification\",\"valueRequired\":true,\"valueName\":\"search_term_string\"}}],\"inLanguage\":\"es-AR\"},{\"@type\":[\"Person\",\"Organization\"],\"@id\":\"https:\/\/apuntesdesanluis.com\/#\/schema\/person\/b55151d52296fcce64d1a72538a70b90\",\"name\":\"apuntesdesanluis.com\",\"image\":{\"@type\":\"ImageObject\",\"inLanguage\":\"es-AR\",\"@id\":\"https:\/\/apuntesdesanluis.com\/#\/schema\/person\/image\/\",\"url\":\"https:\/\/apuntesdesanluis.com\/wp-content\/uploads\/2023\/07\/cropped-apuntesdesanluis.png\",\"contentUrl\":\"https:\/\/apuntesdesanluis.com\/wp-content\/uploads\/2023\/07\/cropped-apuntesdesanluis.png\",\"width\":450,\"height\":112,\"caption\":\"apuntesdesanluis.com\"},\"logo\":{\"@id\":\"https:\/\/apuntesdesanluis.com\/#\/schema\/person\/image\/\"},\"sameAs\":[\"https:\/\/apuntesdesanluis.com\"],\"url\":\"https:\/\/apuntesdesanluis.com\/index.php\/author\/apuntesdesanluis-com\/\"}]}<\/script>\n<!-- \/ Yoast SEO plugin. -->","yoast_head_json":{"title":"EL GOBIERNO CONF\u00cdA EN OBTENER EL AVAL LEGISLATIVO, PERO LOS SENADORES OPOSITORES NO PIENSAN IGUAL - Apuntes de San Luis","robots":{"index":"index","follow":"follow","max-snippet":"max-snippet:-1","max-image-preview":"max-image-preview:large","max-video-preview":"max-video-preview:-1"},"canonical":"https:\/\/apuntesdesanluis.com\/index.php\/2024\/01\/15\/el-gobierno-confia-en-obtener-el-aval-legislativo-pero-los-senadores-opositores-no-piensan-igual\/","og_locale":"es_ES","og_type":"article","og_title":"EL GOBIERNO CONF\u00cdA EN OBTENER EL AVAL LEGISLATIVO, PERO LOS SENADORES OPOSITORES NO PIENSAN IGUAL - Apuntes de San Luis","og_description":"Ricardo Endeiza, vicegobernador de San Luis, se mostr\u00f3 optimista en conseguir los votos. \u201cEnviamos un...","og_url":"https:\/\/apuntesdesanluis.com\/index.php\/2024\/01\/15\/el-gobierno-confia-en-obtener-el-aval-legislativo-pero-los-senadores-opositores-no-piensan-igual\/","og_site_name":"Apuntes de San Luis","article_published_time":"2024-01-16T02:22:00+00:00","article_modified_time":"2024-01-16T02:23:48+00:00","og_image":[{"width":632,"height":401,"url":"https:\/\/apuntesdesanluis.com\/wp-content\/uploads\/2024\/01\/ricardo-endeiza.png","type":"image\/png"}],"author":"apuntesdesanluis.com","twitter_card":"summary_large_image","twitter_misc":{"Escrito por":"apuntesdesanluis.com","Tiempo de lectura":"3 minutos"},"schema":{"@context":"https:\/\/schema.org","@graph":[{"@type":"Article","@id":"https:\/\/apuntesdesanluis.com\/index.php\/2024\/01\/15\/el-gobierno-confia-en-obtener-el-aval-legislativo-pero-los-senadores-opositores-no-piensan-igual\/#article","isPartOf":{"@id":"https:\/\/apuntesdesanluis.com\/index.php\/2024\/01\/15\/el-gobierno-confia-en-obtener-el-aval-legislativo-pero-los-senadores-opositores-no-piensan-igual\/"},"author":{"name":"apuntesdesanluis.com","@id":"https:\/\/apuntesdesanluis.com\/#\/schema\/person\/b55151d52296fcce64d1a72538a70b90"},"headline":"EL GOBIERNO CONF\u00cdA EN OBTENER EL AVAL LEGISLATIVO, PERO LOS SENADORES OPOSITORES NO PIENSAN IGUAL","datePublished":"2024-01-16T02:22:00+00:00","dateModified":"2024-01-16T02:23:48+00:00","mainEntityOfPage":{"@id":"https:\/\/apuntesdesanluis.com\/index.php\/2024\/01\/15\/el-gobierno-confia-en-obtener-el-aval-legislativo-pero-los-senadores-opositores-no-piensan-igual\/"},"wordCount":626,"publisher":{"@id":"https:\/\/apuntesdesanluis.com\/#\/schema\/person\/b55151d52296fcce64d1a72538a70b90"},"image":{"@id":"https:\/\/apuntesdesanluis.com\/index.php\/2024\/01\/15\/el-gobierno-confia-en-obtener-el-aval-legislativo-pero-los-senadores-opositores-no-piensan-igual\/#primaryimage"},"thumbnailUrl":"https:\/\/apuntesdesanluis.com\/wp-content\/uploads\/2024\/01\/ricardo-endeiza.png","articleSection":["Ciudad\/Provincia"],"inLanguage":"es-AR"},{"@type":"WebPage","@id":"https:\/\/apuntesdesanluis.com\/index.php\/2024\/01\/15\/el-gobierno-confia-en-obtener-el-aval-legislativo-pero-los-senadores-opositores-no-piensan-igual\/","url":"https:\/\/apuntesdesanluis.com\/index.php\/2024\/01\/15\/el-gobierno-confia-en-obtener-el-aval-legislativo-pero-los-senadores-opositores-no-piensan-igual\/","name":"EL GOBIERNO CONF\u00cdA EN OBTENER EL AVAL LEGISLATIVO, PERO LOS SENADORES OPOSITORES NO PIENSAN IGUAL - Apuntes de San Luis","isPartOf":{"@id":"https:\/\/apuntesdesanluis.com\/#website"},"primaryImageOfPage":{"@id":"https:\/\/apuntesdesanluis.com\/index.php\/2024\/01\/15\/el-gobierno-confia-en-obtener-el-aval-legislativo-pero-los-senadores-opositores-no-piensan-igual\/#primaryimage"},"image":{"@id":"https:\/\/apuntesdesanluis.com\/index.php\/2024\/01\/15\/el-gobierno-confia-en-obtener-el-aval-legislativo-pero-los-senadores-opositores-no-piensan-igual\/#primaryimage"},"thumbnailUrl":"https:\/\/apuntesdesanluis.com\/wp-content\/uploads\/2024\/01\/ricardo-endeiza.png","datePublished":"2024-01-16T02:22:00+00:00","dateModified":"2024-01-16T02:23:48+00:00","breadcrumb":{"@id":"https:\/\/apuntesdesanluis.com\/index.php\/2024\/01\/15\/el-gobierno-confia-en-obtener-el-aval-legislativo-pero-los-senadores-opositores-no-piensan-igual\/#breadcrumb"},"inLanguage":"es-AR","potentialAction":[{"@type":"ReadAction","target":["https:\/\/apuntesdesanluis.com\/index.php\/2024\/01\/15\/el-gobierno-confia-en-obtener-el-aval-legislativo-pero-los-senadores-opositores-no-piensan-igual\/"]}]},{"@type":"ImageObject","inLanguage":"es-AR","@id":"https:\/\/apuntesdesanluis.com\/index.php\/2024\/01\/15\/el-gobierno-confia-en-obtener-el-aval-legislativo-pero-los-senadores-opositores-no-piensan-igual\/#primaryimage","url":"https:\/\/apuntesdesanluis.com\/wp-content\/uploads\/2024\/01\/ricardo-endeiza.png","contentUrl":"https:\/\/apuntesdesanluis.com\/wp-content\/uploads\/2024\/01\/ricardo-endeiza.png","width":632,"height":401},{"@type":"BreadcrumbList","@id":"https:\/\/apuntesdesanluis.com\/index.php\/2024\/01\/15\/el-gobierno-confia-en-obtener-el-aval-legislativo-pero-los-senadores-opositores-no-piensan-igual\/#breadcrumb","itemListElement":[{"@type":"ListItem","position":1,"name":"Inicio","item":"https:\/\/apuntesdesanluis.com\/"},{"@type":"ListItem","position":2,"name":"EL GOBIERNO CONF\u00cdA EN OBTENER EL AVAL LEGISLATIVO, PERO LOS SENADORES OPOSITORES NO PIENSAN IGUAL"}]},{"@type":"WebSite","@id":"https:\/\/apuntesdesanluis.com\/#website","url":"https:\/\/apuntesdesanluis.com\/","name":"Apuntes de San Luis","description":"","publisher":{"@id":"https:\/\/apuntesdesanluis.com\/#\/schema\/person\/b55151d52296fcce64d1a72538a70b90"},"potentialAction":[{"@type":"SearchAction","target":{"@type":"EntryPoint","urlTemplate":"https:\/\/apuntesdesanluis.com\/?s={search_term_string}"},"query-input":{"@type":"PropertyValueSpecification","valueRequired":true,"valueName":"search_term_string"}}],"inLanguage":"es-AR"},{"@type":["Person","Organization"],"@id":"https:\/\/apuntesdesanluis.com\/#\/schema\/person\/b55151d52296fcce64d1a72538a70b90","name":"apuntesdesanluis.com","image":{"@type":"ImageObject","inLanguage":"es-AR","@id":"https:\/\/apuntesdesanluis.com\/#\/schema\/person\/image\/","url":"https:\/\/apuntesdesanluis.com\/wp-content\/uploads\/2023\/07\/cropped-apuntesdesanluis.png","contentUrl":"https:\/\/apuntesdesanluis.com\/wp-content\/uploads\/2023\/07\/cropped-apuntesdesanluis.png","width":450,"height":112,"caption":"apuntesdesanluis.com"},"logo":{"@id":"https:\/\/apuntesdesanluis.com\/#\/schema\/person\/image\/"},"sameAs":["https:\/\/apuntesdesanluis.com"],"url":"https:\/\/apuntesdesanluis.com\/index.php\/author\/apuntesdesanluis-com\/"}]}},"featured_image_urls":{"full":["https:\/\/apuntesdesanluis.com\/wp-content\/uploads\/2024\/01\/ricardo-endeiza.png",632,401,false],"thumbnail":["https:\/\/apuntesdesanluis.com\/wp-content\/uploads\/2024\/01\/ricardo-endeiza-150x150.png",150,150,true],"medium":["https:\/\/apuntesdesanluis.com\/wp-content\/uploads\/2024\/01\/ricardo-endeiza-300x190.png",300,190,true],"medium_large":["https:\/\/apuntesdesanluis.com\/wp-content\/uploads\/2024\/01\/ricardo-endeiza.png",632,401,false],"large":["https:\/\/apuntesdesanluis.com\/wp-content\/uploads\/2024\/01\/ricardo-endeiza.png",632,401,false],"1536x1536":["https:\/\/apuntesdesanluis.com\/wp-content\/uploads\/2024\/01\/ricardo-endeiza.png",632,401,false],"2048x2048":["https:\/\/apuntesdesanluis.com\/wp-content\/uploads\/2024\/01\/ricardo-endeiza.png",632,401,false],"newsever-slider-full":["https:\/\/apuntesdesanluis.com\/wp-content\/uploads\/2024\/01\/ricardo-endeiza.png",632,401,false],"newsever-featured":["https:\/\/apuntesdesanluis.com\/wp-content\/uploads\/2024\/01\/ricardo-endeiza.png",632,401,false],"newsever-medium":["https:\/\/apuntesdesanluis.com\/wp-content\/uploads\/2024\/01\/ricardo-endeiza.png",632,401,false]},"author_info":{"display_name":"apuntesdesanluis.com","author_link":"https:\/\/apuntesdesanluis.com\/index.php\/author\/apuntesdesanluis-com\/"},"category_info":"<a href=\"https:\/\/apuntesdesanluis.com\/index.php\/category\/ciudad-provincia\/\" rel=\"category tag\">Ciudad\/Provincia<\/a>","tag_info":"Ciudad\/Provincia","comment_count":"0","_links":{"self":[{"href":"https:\/\/apuntesdesanluis.com\/index.php\/wp-json\/wp\/v2\/posts\/10166","targetHints":{"allow":["GET"]}}],"collection":[{"href":"https:\/\/apuntesdesanluis.com\/index.php\/wp-json\/wp\/v2\/posts"}],"about":[{"href":"https:\/\/apuntesdesanluis.com\/index.php\/wp-json\/wp\/v2\/types\/post"}],"author":[{"embeddable":true,"href":"https:\/\/apuntesdesanluis.com\/index.php\/wp-json\/wp\/v2\/users\/1"}],"replies":[{"embeddable":true,"href":"https:\/\/apuntesdesanluis.com\/index.php\/wp-json\/wp\/v2\/comments?post=10166"}],"version-history":[{"count":3,"href":"https:\/\/apuntesdesanluis.com\/index.php\/wp-json\/wp\/v2\/posts\/10166\/revisions"}],"predecessor-version":[{"id":10171,"href":"https:\/\/apuntesdesanluis.com\/index.php\/wp-json\/wp\/v2\/posts\/10166\/revisions\/10171"}],"wp:featuredmedia":[{"embeddable":true,"href":"https:\/\/apuntesdesanluis.com\/index.php\/wp-json\/wp\/v2\/media\/10167"}],"wp:attachment":[{"href":"https:\/\/apuntesdesanluis.com\/index.php\/wp-json\/wp\/v2\/media?parent=10166"}],"wp:term":[{"taxonomy":"category","embeddable":true,"href":"https:\/\/apuntesdesanluis.com\/index.php\/wp-json\/wp\/v2\/categories?post=10166"},{"taxonomy":"post_tag","embeddable":true,"href":"https:\/\/apuntesdesanluis.com\/index.php\/wp-json\/wp\/v2\/tags?post=10166"}],"curies":[{"name":"wp","href":"https:\/\/api.w.org\/{rel}","templated":true}]}}