{"id":10192,"date":"2024-01-16T14:47:16","date_gmt":"2024-01-16T17:47:16","guid":{"rendered":"https:\/\/apuntesdesanluis.com\/?p=10192"},"modified":"2024-01-16T14:47:16","modified_gmt":"2024-01-16T17:47:16","slug":"comenzo-el-censo-integral-del-parque-automotor-del-gobierno","status":"publish","type":"post","link":"https:\/\/apuntesdesanluis.com\/index.php\/2024\/01\/16\/comenzo-el-censo-integral-del-parque-automotor-del-gobierno\/","title":{"rendered":"COMENZ\u00d3 EL CENSO INTEGRAL DEL PARQUE AUTOMOTOR DEL GOBIERNO"},"content":{"rendered":"<h3>Incluir\u00e1 veh\u00edculos livianos, pesados y maquinaria vial como as\u00ed tambi\u00e9n bicicletas, monopatines, cuatriciclos, areneros, carros remolques, chasis, carretones y grupos electr\u00f3genos. La actividad concluir\u00e1 el 31 de enero.<\/h3>\n<h3>Con el objetivo de precisar datos, diversidad y distribuci\u00f3n de los bienes muebles registrables y no registrables del parque automotor provincial, el Gobierno de San Luis realizar\u00e1 un censo integral entre el 16 y el 31 de enero.<\/h3>\n<h3>\u201cLa obtenci\u00f3n de datos detallados es esencial para llevar a cabo un registro preciso, permitiendo una gesti\u00f3n eficaz que facilite la mejora en la prestaci\u00f3n de los servicios por parte de la Administraci\u00f3n p\u00fablica provincial. Resulta fundamental contar con informaci\u00f3n exhaustiva sobre dichos recursos\u201d, explicaron fuentes de la Direcci\u00f3n de Estad\u00edstica y Censos.<\/h3>\n<h3>El relevamiento abarca dos categor\u00edas principales: veh\u00edculos registrables, que incluye livianos, pesados y maquinaria vial; y veh\u00edculos no registrables, que comprende bicicletas, monopatines, cuatriciclos, areneros, carros remolques, chasis, carretones y grupos electr\u00f3genos. Entre los interrogantes se deber\u00e1 consignar el tipo de rodado, qu\u00e9 entidad tiene su posesi\u00f3n, la finalidad o uso asignado, el estado general y el responsable directo.<\/h3>\n<h3>Cabe se\u00f1alar que la gesti\u00f3n anterior no facilit\u00f3 informaci\u00f3n detallada sobre la composici\u00f3n del parque automotor actual, lo que dificulta, en consecuencia, la evaluaci\u00f3n del estado general, ubicaci\u00f3n f\u00edsica y posibilidades de uso. \u201cEsto se realiza en consonancia con los principios de transparencia, austeridad, eficiencia y optimizaci\u00f3n. Es necesario implementar medidas que garanticen una adecuada administraci\u00f3n de los bienes muebles, asegurando un uso eficiente de los recursos p\u00fablicos\u201d, precisaron.<\/h3>\n<h3><strong>DOS ETAPAS<\/strong><\/h3>\n<h3>El censo tendr\u00e1 dos instancias. La primera, denominada \u2018declarativa\u2019, ser\u00e1 durante 4 d\u00edas a partir de este martes. En ese periodo cada entidad deber\u00e1 declarar los veh\u00edculos identificados o registrados. La segunda fase se desarrollar\u00e1 desde el 24 hasta el 31 de enero y estar\u00e1 destinada a constatar la existencia de los veh\u00edculos sobre la documentaci\u00f3n recolectada en la etapa declarativa y los registros oficiales.<\/h3>\n<h3>Los responsables de la carga de la informaci\u00f3n ser\u00e1n designados por cada ministerio o entidad aut\u00e1rquica del Estado provincial. Asimismo, ser\u00e1n los fedatarios de la veracidad de los datos consignados. La declaraci\u00f3n de los datos requeridos para cada bien ser\u00e1 ingresada a trav\u00e9s de la p\u00e1gina <span style=\"color: #3366ff;\"><a style=\"color: #3366ff;\" href=\"https:\/\/www.sanluis.gov.ar\/\" target=\"_blank\" rel=\"noopener\">www.sanluis.gov.ar<\/a>\u00a0<\/span> en un m\u00f3dulo habilitado para el operativo censal.<\/h3>\n<p>&nbsp;<\/p>\n<p>&nbsp;<\/p>\n<p>&nbsp;<\/p>\n","protected":false},"excerpt":{"rendered":"<p>Incluir\u00e1 veh\u00edculos livianos, pesados y maquinaria vial como as\u00ed tambi\u00e9n bicicletas, monopatines, cuatriciclos, areneros, carros&#8230;<\/p>\n","protected":false},"author":1,"featured_media":10193,"comment_status":"closed","ping_status":"closed","sticky":false,"template":"","format":"standard","meta":{"footnotes":""},"categories":[6],"tags":[],"class_list":["post-10192","post","type-post","status-publish","format-standard","has-post-thumbnail","hentry","category-ciudad-provincia"],"yoast_head":"<!-- This site is optimized with the Yoast SEO plugin v26.1.1 - https:\/\/yoast.com\/wordpress\/plugins\/seo\/ -->\n<title>COMENZ\u00d3 EL CENSO INTEGRAL DEL PARQUE AUTOMOTOR DEL GOBIERNO - Apuntes de San Luis<\/title>\n<meta name=\"robots\" content=\"index, follow, max-snippet:-1, max-image-preview:large, max-video-preview:-1\" \/>\n<link rel=\"canonical\" href=\"https:\/\/apuntesdesanluis.com\/index.php\/2024\/01\/16\/comenzo-el-censo-integral-del-parque-automotor-del-gobierno\/\" \/>\n<meta property=\"og:locale\" content=\"es_ES\" \/>\n<meta property=\"og:type\" content=\"article\" \/>\n<meta property=\"og:title\" content=\"COMENZ\u00d3 EL CENSO INTEGRAL DEL PARQUE AUTOMOTOR DEL GOBIERNO - Apuntes de San Luis\" \/>\n<meta property=\"og:description\" content=\"Incluir\u00e1 veh\u00edculos livianos, pesados y maquinaria vial como as\u00ed tambi\u00e9n bicicletas, monopatines, cuatriciclos, areneros, carros...\" \/>\n<meta property=\"og:url\" content=\"https:\/\/apuntesdesanluis.com\/index.php\/2024\/01\/16\/comenzo-el-censo-integral-del-parque-automotor-del-gobierno\/\" \/>\n<meta property=\"og:site_name\" content=\"Apuntes de San Luis\" \/>\n<meta property=\"article:published_time\" content=\"2024-01-16T17:47:16+00:00\" \/>\n<meta property=\"og:image\" content=\"https:\/\/apuntesdesanluis.com\/wp-content\/uploads\/2024\/01\/ambulancias-y-autos.png\" \/>\n\t<meta property=\"og:image:width\" content=\"600\" \/>\n\t<meta property=\"og:image:height\" content=\"354\" \/>\n\t<meta property=\"og:image:type\" content=\"image\/png\" \/>\n<meta name=\"author\" content=\"apuntesdesanluis.com\" \/>\n<meta name=\"twitter:card\" content=\"summary_large_image\" \/>\n<meta name=\"twitter:label1\" content=\"Escrito por\" \/>\n\t<meta name=\"twitter:data1\" content=\"apuntesdesanluis.com\" \/>\n\t<meta name=\"twitter:label2\" content=\"Tiempo de lectura\" \/>\n\t<meta name=\"twitter:data2\" content=\"2 minutos\" \/>\n<script type=\"application\/ld+json\" class=\"yoast-schema-graph\">{\"@context\":\"https:\/\/schema.org\",\"@graph\":[{\"@type\":\"Article\",\"@id\":\"https:\/\/apuntesdesanluis.com\/index.php\/2024\/01\/16\/comenzo-el-censo-integral-del-parque-automotor-del-gobierno\/#article\",\"isPartOf\":{\"@id\":\"https:\/\/apuntesdesanluis.com\/index.php\/2024\/01\/16\/comenzo-el-censo-integral-del-parque-automotor-del-gobierno\/\"},\"author\":{\"name\":\"apuntesdesanluis.com\",\"@id\":\"https:\/\/apuntesdesanluis.com\/#\/schema\/person\/b55151d52296fcce64d1a72538a70b90\"},\"headline\":\"COMENZ\u00d3 EL CENSO INTEGRAL DEL PARQUE AUTOMOTOR DEL GOBIERNO\",\"datePublished\":\"2024-01-16T17:47:16+00:00\",\"mainEntityOfPage\":{\"@id\":\"https:\/\/apuntesdesanluis.com\/index.php\/2024\/01\/16\/comenzo-el-censo-integral-del-parque-automotor-del-gobierno\/\"},\"wordCount\":417,\"publisher\":{\"@id\":\"https:\/\/apuntesdesanluis.com\/#\/schema\/person\/b55151d52296fcce64d1a72538a70b90\"},\"image\":{\"@id\":\"https:\/\/apuntesdesanluis.com\/index.php\/2024\/01\/16\/comenzo-el-censo-integral-del-parque-automotor-del-gobierno\/#primaryimage\"},\"thumbnailUrl\":\"https:\/\/apuntesdesanluis.com\/wp-content\/uploads\/2024\/01\/ambulancias-y-autos.png\",\"articleSection\":[\"Ciudad\/Provincia\"],\"inLanguage\":\"es-AR\"},{\"@type\":\"WebPage\",\"@id\":\"https:\/\/apuntesdesanluis.com\/index.php\/2024\/01\/16\/comenzo-el-censo-integral-del-parque-automotor-del-gobierno\/\",\"url\":\"https:\/\/apuntesdesanluis.com\/index.php\/2024\/01\/16\/comenzo-el-censo-integral-del-parque-automotor-del-gobierno\/\",\"name\":\"COMENZ\u00d3 EL CENSO INTEGRAL DEL PARQUE AUTOMOTOR DEL GOBIERNO - Apuntes de San Luis\",\"isPartOf\":{\"@id\":\"https:\/\/apuntesdesanluis.com\/#website\"},\"primaryImageOfPage\":{\"@id\":\"https:\/\/apuntesdesanluis.com\/index.php\/2024\/01\/16\/comenzo-el-censo-integral-del-parque-automotor-del-gobierno\/#primaryimage\"},\"image\":{\"@id\":\"https:\/\/apuntesdesanluis.com\/index.php\/2024\/01\/16\/comenzo-el-censo-integral-del-parque-automotor-del-gobierno\/#primaryimage\"},\"thumbnailUrl\":\"https:\/\/apuntesdesanluis.com\/wp-content\/uploads\/2024\/01\/ambulancias-y-autos.png\",\"datePublished\":\"2024-01-16T17:47:16+00:00\",\"breadcrumb\":{\"@id\":\"https:\/\/apuntesdesanluis.com\/index.php\/2024\/01\/16\/comenzo-el-censo-integral-del-parque-automotor-del-gobierno\/#breadcrumb\"},\"inLanguage\":\"es-AR\",\"potentialAction\":[{\"@type\":\"ReadAction\",\"target\":[\"https:\/\/apuntesdesanluis.com\/index.php\/2024\/01\/16\/comenzo-el-censo-integral-del-parque-automotor-del-gobierno\/\"]}]},{\"@type\":\"ImageObject\",\"inLanguage\":\"es-AR\",\"@id\":\"https:\/\/apuntesdesanluis.com\/index.php\/2024\/01\/16\/comenzo-el-censo-integral-del-parque-automotor-del-gobierno\/#primaryimage\",\"url\":\"https:\/\/apuntesdesanluis.com\/wp-content\/uploads\/2024\/01\/ambulancias-y-autos.png\",\"contentUrl\":\"https:\/\/apuntesdesanluis.com\/wp-content\/uploads\/2024\/01\/ambulancias-y-autos.png\",\"width\":600,\"height\":354},{\"@type\":\"BreadcrumbList\",\"@id\":\"https:\/\/apuntesdesanluis.com\/index.php\/2024\/01\/16\/comenzo-el-censo-integral-del-parque-automotor-del-gobierno\/#breadcrumb\",\"itemListElement\":[{\"@type\":\"ListItem\",\"position\":1,\"name\":\"Inicio\",\"item\":\"https:\/\/apuntesdesanluis.com\/\"},{\"@type\":\"ListItem\",\"position\":2,\"name\":\"COMENZ\u00d3 EL CENSO INTEGRAL DEL PARQUE AUTOMOTOR DEL GOBIERNO\"}]},{\"@type\":\"WebSite\",\"@id\":\"https:\/\/apuntesdesanluis.com\/#website\",\"url\":\"https:\/\/apuntesdesanluis.com\/\",\"name\":\"Apuntes de San Luis\",\"description\":\"\",\"publisher\":{\"@id\":\"https:\/\/apuntesdesanluis.com\/#\/schema\/person\/b55151d52296fcce64d1a72538a70b90\"},\"potentialAction\":[{\"@type\":\"SearchAction\",\"target\":{\"@type\":\"EntryPoint\",\"urlTemplate\":\"https:\/\/apuntesdesanluis.com\/?s={search_term_string}\"},\"query-input\":{\"@type\":\"PropertyValueSpecification\",\"valueRequired\":true,\"valueName\":\"search_term_string\"}}],\"inLanguage\":\"es-AR\"},{\"@type\":[\"Person\",\"Organization\"],\"@id\":\"https:\/\/apuntesdesanluis.com\/#\/schema\/person\/b55151d52296fcce64d1a72538a70b90\",\"name\":\"apuntesdesanluis.com\",\"image\":{\"@type\":\"ImageObject\",\"inLanguage\":\"es-AR\",\"@id\":\"https:\/\/apuntesdesanluis.com\/#\/schema\/person\/image\/\",\"url\":\"https:\/\/apuntesdesanluis.com\/wp-content\/uploads\/2023\/07\/cropped-apuntesdesanluis.png\",\"contentUrl\":\"https:\/\/apuntesdesanluis.com\/wp-content\/uploads\/2023\/07\/cropped-apuntesdesanluis.png\",\"width\":450,\"height\":112,\"caption\":\"apuntesdesanluis.com\"},\"logo\":{\"@id\":\"https:\/\/apuntesdesanluis.com\/#\/schema\/person\/image\/\"},\"sameAs\":[\"https:\/\/apuntesdesanluis.com\"],\"url\":\"https:\/\/apuntesdesanluis.com\/index.php\/author\/apuntesdesanluis-com\/\"}]}<\/script>\n<!-- \/ Yoast SEO plugin. -->","yoast_head_json":{"title":"COMENZ\u00d3 EL CENSO INTEGRAL DEL PARQUE AUTOMOTOR DEL GOBIERNO - Apuntes de San Luis","robots":{"index":"index","follow":"follow","max-snippet":"max-snippet:-1","max-image-preview":"max-image-preview:large","max-video-preview":"max-video-preview:-1"},"canonical":"https:\/\/apuntesdesanluis.com\/index.php\/2024\/01\/16\/comenzo-el-censo-integral-del-parque-automotor-del-gobierno\/","og_locale":"es_ES","og_type":"article","og_title":"COMENZ\u00d3 EL CENSO INTEGRAL DEL PARQUE AUTOMOTOR DEL GOBIERNO - Apuntes de San Luis","og_description":"Incluir\u00e1 veh\u00edculos livianos, pesados y maquinaria vial como as\u00ed tambi\u00e9n bicicletas, monopatines, cuatriciclos, areneros, carros...","og_url":"https:\/\/apuntesdesanluis.com\/index.php\/2024\/01\/16\/comenzo-el-censo-integral-del-parque-automotor-del-gobierno\/","og_site_name":"Apuntes de San Luis","article_published_time":"2024-01-16T17:47:16+00:00","og_image":[{"width":600,"height":354,"url":"https:\/\/apuntesdesanluis.com\/wp-content\/uploads\/2024\/01\/ambulancias-y-autos.png","type":"image\/png"}],"author":"apuntesdesanluis.com","twitter_card":"summary_large_image","twitter_misc":{"Escrito por":"apuntesdesanluis.com","Tiempo de lectura":"2 minutos"},"schema":{"@context":"https:\/\/schema.org","@graph":[{"@type":"Article","@id":"https:\/\/apuntesdesanluis.com\/index.php\/2024\/01\/16\/comenzo-el-censo-integral-del-parque-automotor-del-gobierno\/#article","isPartOf":{"@id":"https:\/\/apuntesdesanluis.com\/index.php\/2024\/01\/16\/comenzo-el-censo-integral-del-parque-automotor-del-gobierno\/"},"author":{"name":"apuntesdesanluis.com","@id":"https:\/\/apuntesdesanluis.com\/#\/schema\/person\/b55151d52296fcce64d1a72538a70b90"},"headline":"COMENZ\u00d3 EL CENSO INTEGRAL DEL PARQUE AUTOMOTOR DEL GOBIERNO","datePublished":"2024-01-16T17:47:16+00:00","mainEntityOfPage":{"@id":"https:\/\/apuntesdesanluis.com\/index.php\/2024\/01\/16\/comenzo-el-censo-integral-del-parque-automotor-del-gobierno\/"},"wordCount":417,"publisher":{"@id":"https:\/\/apuntesdesanluis.com\/#\/schema\/person\/b55151d52296fcce64d1a72538a70b90"},"image":{"@id":"https:\/\/apuntesdesanluis.com\/index.php\/2024\/01\/16\/comenzo-el-censo-integral-del-parque-automotor-del-gobierno\/#primaryimage"},"thumbnailUrl":"https:\/\/apuntesdesanluis.com\/wp-content\/uploads\/2024\/01\/ambulancias-y-autos.png","articleSection":["Ciudad\/Provincia"],"inLanguage":"es-AR"},{"@type":"WebPage","@id":"https:\/\/apuntesdesanluis.com\/index.php\/2024\/01\/16\/comenzo-el-censo-integral-del-parque-automotor-del-gobierno\/","url":"https:\/\/apuntesdesanluis.com\/index.php\/2024\/01\/16\/comenzo-el-censo-integral-del-parque-automotor-del-gobierno\/","name":"COMENZ\u00d3 EL CENSO INTEGRAL DEL PARQUE AUTOMOTOR DEL GOBIERNO - Apuntes de San Luis","isPartOf":{"@id":"https:\/\/apuntesdesanluis.com\/#website"},"primaryImageOfPage":{"@id":"https:\/\/apuntesdesanluis.com\/index.php\/2024\/01\/16\/comenzo-el-censo-integral-del-parque-automotor-del-gobierno\/#primaryimage"},"image":{"@id":"https:\/\/apuntesdesanluis.com\/index.php\/2024\/01\/16\/comenzo-el-censo-integral-del-parque-automotor-del-gobierno\/#primaryimage"},"thumbnailUrl":"https:\/\/apuntesdesanluis.com\/wp-content\/uploads\/2024\/01\/ambulancias-y-autos.png","datePublished":"2024-01-16T17:47:16+00:00","breadcrumb":{"@id":"https:\/\/apuntesdesanluis.com\/index.php\/2024\/01\/16\/comenzo-el-censo-integral-del-parque-automotor-del-gobierno\/#breadcrumb"},"inLanguage":"es-AR","potentialAction":[{"@type":"ReadAction","target":["https:\/\/apuntesdesanluis.com\/index.php\/2024\/01\/16\/comenzo-el-censo-integral-del-parque-automotor-del-gobierno\/"]}]},{"@type":"ImageObject","inLanguage":"es-AR","@id":"https:\/\/apuntesdesanluis.com\/index.php\/2024\/01\/16\/comenzo-el-censo-integral-del-parque-automotor-del-gobierno\/#primaryimage","url":"https:\/\/apuntesdesanluis.com\/wp-content\/uploads\/2024\/01\/ambulancias-y-autos.png","contentUrl":"https:\/\/apuntesdesanluis.com\/wp-content\/uploads\/2024\/01\/ambulancias-y-autos.png","width":600,"height":354},{"@type":"BreadcrumbList","@id":"https:\/\/apuntesdesanluis.com\/index.php\/2024\/01\/16\/comenzo-el-censo-integral-del-parque-automotor-del-gobierno\/#breadcrumb","itemListElement":[{"@type":"ListItem","position":1,"name":"Inicio","item":"https:\/\/apuntesdesanluis.com\/"},{"@type":"ListItem","position":2,"name":"COMENZ\u00d3 EL CENSO INTEGRAL DEL PARQUE AUTOMOTOR DEL GOBIERNO"}]},{"@type":"WebSite","@id":"https:\/\/apuntesdesanluis.com\/#website","url":"https:\/\/apuntesdesanluis.com\/","name":"Apuntes de San Luis","description":"","publisher":{"@id":"https:\/\/apuntesdesanluis.com\/#\/schema\/person\/b55151d52296fcce64d1a72538a70b90"},"potentialAction":[{"@type":"SearchAction","target":{"@type":"EntryPoint","urlTemplate":"https:\/\/apuntesdesanluis.com\/?s={search_term_string}"},"query-input":{"@type":"PropertyValueSpecification","valueRequired":true,"valueName":"search_term_string"}}],"inLanguage":"es-AR"},{"@type":["Person","Organization"],"@id":"https:\/\/apuntesdesanluis.com\/#\/schema\/person\/b55151d52296fcce64d1a72538a70b90","name":"apuntesdesanluis.com","image":{"@type":"ImageObject","inLanguage":"es-AR","@id":"https:\/\/apuntesdesanluis.com\/#\/schema\/person\/image\/","url":"https:\/\/apuntesdesanluis.com\/wp-content\/uploads\/2023\/07\/cropped-apuntesdesanluis.png","contentUrl":"https:\/\/apuntesdesanluis.com\/wp-content\/uploads\/2023\/07\/cropped-apuntesdesanluis.png","width":450,"height":112,"caption":"apuntesdesanluis.com"},"logo":{"@id":"https:\/\/apuntesdesanluis.com\/#\/schema\/person\/image\/"},"sameAs":["https:\/\/apuntesdesanluis.com"],"url":"https:\/\/apuntesdesanluis.com\/index.php\/author\/apuntesdesanluis-com\/"}]}},"featured_image_urls":{"full":["https:\/\/apuntesdesanluis.com\/wp-content\/uploads\/2024\/01\/ambulancias-y-autos.png",600,354,false],"thumbnail":["https:\/\/apuntesdesanluis.com\/wp-content\/uploads\/2024\/01\/ambulancias-y-autos-150x150.png",150,150,true],"medium":["https:\/\/apuntesdesanluis.com\/wp-content\/uploads\/2024\/01\/ambulancias-y-autos-300x177.png",300,177,true],"medium_large":["https:\/\/apuntesdesanluis.com\/wp-content\/uploads\/2024\/01\/ambulancias-y-autos.png",600,354,false],"large":["https:\/\/apuntesdesanluis.com\/wp-content\/uploads\/2024\/01\/ambulancias-y-autos.png",600,354,false],"1536x1536":["https:\/\/apuntesdesanluis.com\/wp-content\/uploads\/2024\/01\/ambulancias-y-autos.png",600,354,false],"2048x2048":["https:\/\/apuntesdesanluis.com\/wp-content\/uploads\/2024\/01\/ambulancias-y-autos.png",600,354,false],"newsever-slider-full":["https:\/\/apuntesdesanluis.com\/wp-content\/uploads\/2024\/01\/ambulancias-y-autos.png",600,354,false],"newsever-featured":["https:\/\/apuntesdesanluis.com\/wp-content\/uploads\/2024\/01\/ambulancias-y-autos.png",600,354,false],"newsever-medium":["https:\/\/apuntesdesanluis.com\/wp-content\/uploads\/2024\/01\/ambulancias-y-autos.png",600,354,false]},"author_info":{"display_name":"apuntesdesanluis.com","author_link":"https:\/\/apuntesdesanluis.com\/index.php\/author\/apuntesdesanluis-com\/"},"category_info":"<a href=\"https:\/\/apuntesdesanluis.com\/index.php\/category\/ciudad-provincia\/\" rel=\"category tag\">Ciudad\/Provincia<\/a>","tag_info":"Ciudad\/Provincia","comment_count":"0","_links":{"self":[{"href":"https:\/\/apuntesdesanluis.com\/index.php\/wp-json\/wp\/v2\/posts\/10192","targetHints":{"allow":["GET"]}}],"collection":[{"href":"https:\/\/apuntesdesanluis.com\/index.php\/wp-json\/wp\/v2\/posts"}],"about":[{"href":"https:\/\/apuntesdesanluis.com\/index.php\/wp-json\/wp\/v2\/types\/post"}],"author":[{"embeddable":true,"href":"https:\/\/apuntesdesanluis.com\/index.php\/wp-json\/wp\/v2\/users\/1"}],"replies":[{"embeddable":true,"href":"https:\/\/apuntesdesanluis.com\/index.php\/wp-json\/wp\/v2\/comments?post=10192"}],"version-history":[{"count":1,"href":"https:\/\/apuntesdesanluis.com\/index.php\/wp-json\/wp\/v2\/posts\/10192\/revisions"}],"predecessor-version":[{"id":10194,"href":"https:\/\/apuntesdesanluis.com\/index.php\/wp-json\/wp\/v2\/posts\/10192\/revisions\/10194"}],"wp:featuredmedia":[{"embeddable":true,"href":"https:\/\/apuntesdesanluis.com\/index.php\/wp-json\/wp\/v2\/media\/10193"}],"wp:attachment":[{"href":"https:\/\/apuntesdesanluis.com\/index.php\/wp-json\/wp\/v2\/media?parent=10192"}],"wp:term":[{"taxonomy":"category","embeddable":true,"href":"https:\/\/apuntesdesanluis.com\/index.php\/wp-json\/wp\/v2\/categories?post=10192"},{"taxonomy":"post_tag","embeddable":true,"href":"https:\/\/apuntesdesanluis.com\/index.php\/wp-json\/wp\/v2\/tags?post=10192"}],"curies":[{"name":"wp","href":"https:\/\/api.w.org\/{rel}","templated":true}]}}