{"id":1020,"date":"2023-08-03T22:02:27","date_gmt":"2023-08-04T01:02:27","guid":{"rendered":"https:\/\/apuntesdesanluis.com\/?p=1020"},"modified":"2023-08-03T22:02:49","modified_gmt":"2023-08-04T01:02:49","slug":"fiscalia-presento-pruebas-contundentes-contra-sandoval-a-cuya-defensa-concedieron-ocho-dias-de-prorroga","status":"publish","type":"post","link":"https:\/\/apuntesdesanluis.com\/index.php\/2023\/08\/03\/fiscalia-presento-pruebas-contundentes-contra-sandoval-a-cuya-defensa-concedieron-ocho-dias-de-prorroga\/","title":{"rendered":"FISCAL\u00cdA PRESENT\u00d3 PRUEBAS CONTUNDENTES CONTRA SANDOVAL, A CUYA DEFENSA CONCEDIERON OCHO D\u00cdAS DE PR\u00d3RROGA"},"content":{"rendered":"<h3>El juez de Garant\u00edas N\u00b0 2 de la ciudad de San Luis, <strong>Ariel Parrillis<\/strong>, concedi\u00f3 este jueves al mediod\u00eda, los ocho d\u00edas de pr\u00f3rroga solicitados por la defensa de <strong>Jonathan Werner Sandoval<\/strong>, acusado de atropellar con su camioneta Toyota Hilux a <strong>Roc\u00edo Amancay Pedernera<\/strong>, que circulaba en una motocicleta 110 cent\u00edmetros c\u00fabicos, y provocar su muerte a ra\u00edz de politraumatismos que provoc\u00f3 el impacto. La Fiscal\u00eda calific\u00f3 el hecho como homicidio simple con dolo eventual y solicit\u00f3 120 d\u00edas de prisi\u00f3n preventiva.<\/h3>\n<h3>El pedido de los abogados defensores, <strong>Marcos Ju\u00e1rez<\/strong> y <strong>Ramiro Rubio<\/strong>, se realiz\u00f3 en el marco de la audiencia de formulaci\u00f3n de cargos desarrollada este jueves en la Sala de Oralidad de Tribunales y est\u00e1 amparado en el art\u00edculo 40 de la Constituci\u00f3n Provincial que establece que \u201cel imputado puede pedir por escrito, despu\u00e9s de la indagatoria y antes de la resoluci\u00f3n judicial, la pr\u00f3rroga de su detenci\u00f3n por un plazo m\u00e1ximo de ocho d\u00edas si estima que ello favorece a su defensa\u201d.<\/h3>\n<h3>Los representantes de Sandoval adem\u00e1s solicitaron que se instrumenten los medios necesarios para que su defendido reciba asistencia psicol\u00f3gica. Por esta solicitud, el Juzgado de Garant\u00edas orden\u00f3 que se libre oficio a la Polic\u00eda para que el imputado pueda ser atendido por los profesionales del \u00e1rea.<\/h3>\n<h3>El imputado se abstuvo de declarar ante el juez, sin embargo, al saber que en la sala se encontraban <strong>Mart\u00edn Pedernera<\/strong> y <strong>Gabriela Medero<\/strong>, padre y madre de Roc\u00edo, dijo: <strong>\u201cSoy pap\u00e1, s\u00e9 por lo que est\u00e1n pasando, les pido disculpas, perd\u00f3n\u201d<\/strong>.<\/h3>\n<h3>Los progenitores de la v\u00edctima escucharon el desarrollo de la audiencia junto a sus abogados, <strong>Guillermo S\u00e1nchez Pagano<\/strong> y <strong>Augusto Marturano<\/strong>.<\/h3>\n<h3>El ingeniero agrimensor de 38 a\u00f1os es el \u00fanico imputado en la causa. El hecho ocurri\u00f3 el s\u00e1bado 29 de julio entre las 4:15 y 4:30 de la madrugada. <strong>Roc\u00edo Amancay Pedernera<\/strong>, de 20 a\u00f1os, volv\u00eda de su trabajo en su motocicleta azul marca Keller cuando fue embestida por la camioneta por la Avenida Santos Ortiz, a la altura del Barrio Tibilleti. Ambos rodados transitaban en la misma direcci\u00f3n, de oeste a este.<\/h3>\n<h3>\u201cEl impacto que provoca el rodado que conduc\u00eda Sandoval hizo caer la moto junto a su conductora, arrastrando unos 80 metros a la ciudadana Pedernera sobre la carpeta asf\u00e1ltica, quedando tendida la v\u00edctima en el carril lento de la banquina sur. De forma inmediata, y a toda velocidad, Sandoval se dio a la fuga del lugar por la misma autopista dirigi\u00e9ndose directamente a su casa sita en barrio privado Pancha II, abandonando en el lugar a Pedernera\u201d, dijo Roche.<\/h3>\n<h3>El Fiscal N\u00b0 2 Esteban Roche imput\u00f3 a Sandoval por el delito de homicidio simple con dolo eventual y en su exposici\u00f3n explic\u00f3 el accionar del acusado durante los momentos previos y posteriores al hecho.<\/h3>\n<h3>\u201cEsta Fiscal\u00eda se entrevist\u00f3 con una testigo que nos relat\u00f3 que el 28 de julio a las 22 horas se reuni\u00f3 con un grupo de personas en una casa de la calle Constituci\u00f3n en el que estaba Sandoval y que todos inger\u00edan alcohol. La mujer nos dijo que el imputado, junto a dos personas m\u00e1s, hab\u00eda ingerido una botella de Fernet y que cerca de las 3 de la madrugada la mayor\u00eda del grupo sali\u00f3 de la vivienda y se dirigi\u00f3 al Boliche Comuna, ubicado en el sector sur de la ciudad\u201d, narr\u00f3 el fiscal.<\/h3>\n<h3>Y agreg\u00f3: \u201cOtra testigo declar\u00f3 que Sandoval sigui\u00f3 tomando en el boliche con ella y otros amigos y que se fue del lugar a las 4 de la ma\u00f1ana\u201d.<\/h3>\n<h3>Roche tambi\u00e9n mencion\u00f3 que un empleado de seguridad del barrio privado Pancha II dijo que Sandoval se fue de su casa a las 21 horas y que regres\u00f3 cerca de las 4 de la madrugada a alta velocidad y que le hac\u00eda juego de luces para que le levantara la barrera. \u201cFue en ese momento que el testigo vio que la camioneta ten\u00eda la parte frontal da\u00f1ada. Esto le pareci\u00f3 raro y le pidi\u00f3 a sus compa\u00f1eros que observaran si la camioneta estaba chocada, a lo que sus compa\u00f1eros le dijeron que s\u00ed y que Sandoval la hab\u00eda dejado en la cochera\u201d, dijo el fiscal.<\/h3>\n<h3>Y agreg\u00f3: \u201cEn el segundo allanamiento se secuestraron diferentes autopartes donde se observa el s\u00edmbolo de la marca Toyota. En ese operativo, la polic\u00eda se entrevist\u00f3 con un trabajador de mantenimiento que declar\u00f3 que cuando estaba sacando la basura de la casa de Sandoval se le rompe la bolsa y caen elementos acr\u00edlicos que coinciden con el color de la motocicleta de la v\u00edctima\u201d.<\/h3>\n<h3>En relaci\u00f3n a las evidencias que sustentan la imputaci\u00f3n de cargos, Roche mencion\u00f3 el Informe Policial Homologado (IPH) que elabor\u00f3 la Divisi\u00f3n de Accidentolog\u00eda Vial como aquellas que incorpor\u00f3 la Fiscal\u00eda.<\/h3>\n<h3>Se incorporaron, adem\u00e1s, pericias mec\u00e1nicas, vistas fotogr\u00e1ficas; se efectu\u00f3 una planimetr\u00eda del lugar del hecho, se demostr\u00f3 la existencia de sangre en el lugar del accidente, se incorpor\u00f3 tambi\u00e9n el informe de necropsia y otras actas y documentos\u00a0 relevantes a la investigaci\u00f3n, explic\u00f3 el fiscal.<\/h3>\n<h3>El informe forense que realiz\u00f3 la Doctora del Poder Judicial, Marcela G\u00f3mez, determin\u00f3 que el causal de muerte de la v\u00edctima fue una falla multiorg\u00e1nica provocada por los politraumatismos que sufri\u00f3.<\/h3>\n<h3>Para fundamentar la solicitud de la medida de coerci\u00f3n de prisi\u00f3n preventiva, Roche dijo que existen riesgos procesales de entorpecimiento de la investigaci\u00f3n y peligro de fuga. \u201cEst\u00e1 claro que es necesario el dictado de una medida de coerci\u00f3n que implique la sujeci\u00f3n al proceso del imputado y tambi\u00e9n conforme a resguardar los fines del procedimiento. Entendemos que hay severos indicios de parte del imputado de entorpecer la investigaci\u00f3n\u201d, dijo el fiscal.<\/h3>\n<h3>Y agreg\u00f3: \u201cM\u00e1s all\u00e1 que el imputado tenga un domicilio en la Provincia, hay que saber que es una persona sumamente solvente econ\u00f3micamente y tiene m\u00e1s facilidades para abandonar la ciudad y, eventualmente, el pa\u00eds. No podemos, de forma alguna, justificar la conducta del imputado luego de cometido el hecho, donde atropell\u00f3 a una persona a toda velocidad, en una autopista, la dej\u00f3 tirada a una persona y se fue para su casa. Es clara la conducta de Sandoval de evadir responsabilidades\u201d.<\/h3>\n<h3>La Fiscal\u00eda dijo que tambi\u00e9n hay riesgo de fuga en cuanto a la solidez de la imputaci\u00f3n y la calidad de la evidencia reunida, como as\u00ed tambi\u00e9n respecto al comportamiento del acusado cuando se llevaron adelante actos de procedimiento en el marco de la investigaci\u00f3n.<\/h3>\n<h3>\u201cCuando se hizo el primer allanamiento, Sandoval se hab\u00eda ido de su casa sin informar d\u00f3nde iba a estar. En el segundo allanamiento hizo lo mismo y no le inform\u00f3 a esta Fiscal\u00eda que iba a cambiar de domicilio\u201d, expres\u00f3 Roche.<\/h3>\n<h3>Respecto al entorpecimiento de la investigaci\u00f3n, el fiscal dijo: \u201cRestan muchas evidencias y testigos que esta Fiscal\u00eda y la querella deben investigar, entre los que se encuentran los empleados de Seguridad y Mantenimiento donde vive el imputado y es imposible que no pueda influir de forma negativa a los imputados. Tambi\u00e9n estamos interesados en entrevistar a quien fuere la pareja del imputado, como tambi\u00e9n a los vecinos colindantes de Sandoval y al grupo de amigos que estuvo con el acusado previo al hecho. Todas estas personas son conocidas por Sandoval. Son demasiadas las evidencias por recolectar y si el imputado recupera su libertad es claro que va influir de forma negativa sobre el procedimiento\u201d.<\/h3>\n","protected":false},"excerpt":{"rendered":"<p>El juez de Garant\u00edas N\u00b0 2 de la ciudad de San Luis, Ariel Parrillis, concedi\u00f3&#8230;<\/p>\n","protected":false},"author":1,"featured_media":658,"comment_status":"closed","ping_status":"closed","sticky":false,"template":"","format":"standard","meta":{"footnotes":""},"categories":[6],"tags":[],"class_list":["post-1020","post","type-post","status-publish","format-standard","has-post-thumbnail","hentry","category-ciudad-provincia"],"yoast_head":"<!-- This site is optimized with the Yoast SEO plugin v26.1.1 - https:\/\/yoast.com\/wordpress\/plugins\/seo\/ -->\n<title>FISCAL\u00cdA PRESENT\u00d3 PRUEBAS CONTUNDENTES CONTRA SANDOVAL, A CUYA DEFENSA CONCEDIERON OCHO D\u00cdAS DE PR\u00d3RROGA - Apuntes de San Luis<\/title>\n<meta name=\"robots\" content=\"index, follow, max-snippet:-1, max-image-preview:large, max-video-preview:-1\" \/>\n<link rel=\"canonical\" href=\"https:\/\/apuntesdesanluis.com\/index.php\/2023\/08\/03\/fiscalia-presento-pruebas-contundentes-contra-sandoval-a-cuya-defensa-concedieron-ocho-dias-de-prorroga\/\" \/>\n<meta property=\"og:locale\" content=\"es_ES\" \/>\n<meta property=\"og:type\" content=\"article\" \/>\n<meta property=\"og:title\" content=\"FISCAL\u00cdA PRESENT\u00d3 PRUEBAS CONTUNDENTES CONTRA SANDOVAL, A CUYA DEFENSA CONCEDIERON OCHO D\u00cdAS DE PR\u00d3RROGA - Apuntes de San Luis\" \/>\n<meta property=\"og:description\" content=\"El juez de Garant\u00edas N\u00b0 2 de la ciudad de San Luis, Ariel Parrillis, concedi\u00f3...\" \/>\n<meta property=\"og:url\" content=\"https:\/\/apuntesdesanluis.com\/index.php\/2023\/08\/03\/fiscalia-presento-pruebas-contundentes-contra-sandoval-a-cuya-defensa-concedieron-ocho-dias-de-prorroga\/\" \/>\n<meta property=\"og:site_name\" content=\"Apuntes de San Luis\" \/>\n<meta property=\"article:published_time\" content=\"2023-08-04T01:02:27+00:00\" \/>\n<meta property=\"article:modified_time\" content=\"2023-08-04T01:02:49+00:00\" \/>\n<meta property=\"og:image\" content=\"https:\/\/apuntesdesanluis.com\/wp-content\/uploads\/2023\/07\/accidente-rocio.png\" \/>\n\t<meta property=\"og:image:width\" content=\"695\" \/>\n\t<meta property=\"og:image:height\" content=\"428\" \/>\n\t<meta property=\"og:image:type\" content=\"image\/png\" \/>\n<meta name=\"author\" content=\"apuntesdesanluis.com\" \/>\n<meta name=\"twitter:card\" content=\"summary_large_image\" \/>\n<meta name=\"twitter:label1\" content=\"Escrito por\" \/>\n\t<meta name=\"twitter:data1\" content=\"apuntesdesanluis.com\" \/>\n\t<meta name=\"twitter:label2\" content=\"Tiempo de lectura\" \/>\n\t<meta name=\"twitter:data2\" content=\"6 minutos\" \/>\n<script type=\"application\/ld+json\" class=\"yoast-schema-graph\">{\"@context\":\"https:\/\/schema.org\",\"@graph\":[{\"@type\":\"Article\",\"@id\":\"https:\/\/apuntesdesanluis.com\/index.php\/2023\/08\/03\/fiscalia-presento-pruebas-contundentes-contra-sandoval-a-cuya-defensa-concedieron-ocho-dias-de-prorroga\/#article\",\"isPartOf\":{\"@id\":\"https:\/\/apuntesdesanluis.com\/index.php\/2023\/08\/03\/fiscalia-presento-pruebas-contundentes-contra-sandoval-a-cuya-defensa-concedieron-ocho-dias-de-prorroga\/\"},\"author\":{\"name\":\"apuntesdesanluis.com\",\"@id\":\"https:\/\/apuntesdesanluis.com\/#\/schema\/person\/b55151d52296fcce64d1a72538a70b90\"},\"headline\":\"FISCAL\u00cdA PRESENT\u00d3 PRUEBAS CONTUNDENTES CONTRA SANDOVAL, A CUYA DEFENSA CONCEDIERON OCHO D\u00cdAS DE PR\u00d3RROGA\",\"datePublished\":\"2023-08-04T01:02:27+00:00\",\"dateModified\":\"2023-08-04T01:02:49+00:00\",\"mainEntityOfPage\":{\"@id\":\"https:\/\/apuntesdesanluis.com\/index.php\/2023\/08\/03\/fiscalia-presento-pruebas-contundentes-contra-sandoval-a-cuya-defensa-concedieron-ocho-dias-de-prorroga\/\"},\"wordCount\":1312,\"publisher\":{\"@id\":\"https:\/\/apuntesdesanluis.com\/#\/schema\/person\/b55151d52296fcce64d1a72538a70b90\"},\"image\":{\"@id\":\"https:\/\/apuntesdesanluis.com\/index.php\/2023\/08\/03\/fiscalia-presento-pruebas-contundentes-contra-sandoval-a-cuya-defensa-concedieron-ocho-dias-de-prorroga\/#primaryimage\"},\"thumbnailUrl\":\"https:\/\/apuntesdesanluis.com\/wp-content\/uploads\/2023\/07\/accidente-rocio.png\",\"articleSection\":[\"Ciudad\/Provincia\"],\"inLanguage\":\"es-AR\"},{\"@type\":\"WebPage\",\"@id\":\"https:\/\/apuntesdesanluis.com\/index.php\/2023\/08\/03\/fiscalia-presento-pruebas-contundentes-contra-sandoval-a-cuya-defensa-concedieron-ocho-dias-de-prorroga\/\",\"url\":\"https:\/\/apuntesdesanluis.com\/index.php\/2023\/08\/03\/fiscalia-presento-pruebas-contundentes-contra-sandoval-a-cuya-defensa-concedieron-ocho-dias-de-prorroga\/\",\"name\":\"FISCAL\u00cdA PRESENT\u00d3 PRUEBAS CONTUNDENTES CONTRA SANDOVAL, A CUYA DEFENSA CONCEDIERON OCHO D\u00cdAS DE PR\u00d3RROGA - Apuntes de San Luis\",\"isPartOf\":{\"@id\":\"https:\/\/apuntesdesanluis.com\/#website\"},\"primaryImageOfPage\":{\"@id\":\"https:\/\/apuntesdesanluis.com\/index.php\/2023\/08\/03\/fiscalia-presento-pruebas-contundentes-contra-sandoval-a-cuya-defensa-concedieron-ocho-dias-de-prorroga\/#primaryimage\"},\"image\":{\"@id\":\"https:\/\/apuntesdesanluis.com\/index.php\/2023\/08\/03\/fiscalia-presento-pruebas-contundentes-contra-sandoval-a-cuya-defensa-concedieron-ocho-dias-de-prorroga\/#primaryimage\"},\"thumbnailUrl\":\"https:\/\/apuntesdesanluis.com\/wp-content\/uploads\/2023\/07\/accidente-rocio.png\",\"datePublished\":\"2023-08-04T01:02:27+00:00\",\"dateModified\":\"2023-08-04T01:02:49+00:00\",\"breadcrumb\":{\"@id\":\"https:\/\/apuntesdesanluis.com\/index.php\/2023\/08\/03\/fiscalia-presento-pruebas-contundentes-contra-sandoval-a-cuya-defensa-concedieron-ocho-dias-de-prorroga\/#breadcrumb\"},\"inLanguage\":\"es-AR\",\"potentialAction\":[{\"@type\":\"ReadAction\",\"target\":[\"https:\/\/apuntesdesanluis.com\/index.php\/2023\/08\/03\/fiscalia-presento-pruebas-contundentes-contra-sandoval-a-cuya-defensa-concedieron-ocho-dias-de-prorroga\/\"]}]},{\"@type\":\"ImageObject\",\"inLanguage\":\"es-AR\",\"@id\":\"https:\/\/apuntesdesanluis.com\/index.php\/2023\/08\/03\/fiscalia-presento-pruebas-contundentes-contra-sandoval-a-cuya-defensa-concedieron-ocho-dias-de-prorroga\/#primaryimage\",\"url\":\"https:\/\/apuntesdesanluis.com\/wp-content\/uploads\/2023\/07\/accidente-rocio.png\",\"contentUrl\":\"https:\/\/apuntesdesanluis.com\/wp-content\/uploads\/2023\/07\/accidente-rocio.png\",\"width\":695,\"height\":428},{\"@type\":\"BreadcrumbList\",\"@id\":\"https:\/\/apuntesdesanluis.com\/index.php\/2023\/08\/03\/fiscalia-presento-pruebas-contundentes-contra-sandoval-a-cuya-defensa-concedieron-ocho-dias-de-prorroga\/#breadcrumb\",\"itemListElement\":[{\"@type\":\"ListItem\",\"position\":1,\"name\":\"Inicio\",\"item\":\"https:\/\/apuntesdesanluis.com\/\"},{\"@type\":\"ListItem\",\"position\":2,\"name\":\"FISCAL\u00cdA PRESENT\u00d3 PRUEBAS CONTUNDENTES CONTRA SANDOVAL, A CUYA DEFENSA CONCEDIERON OCHO D\u00cdAS DE PR\u00d3RROGA\"}]},{\"@type\":\"WebSite\",\"@id\":\"https:\/\/apuntesdesanluis.com\/#website\",\"url\":\"https:\/\/apuntesdesanluis.com\/\",\"name\":\"Apuntes de San Luis\",\"description\":\"\",\"publisher\":{\"@id\":\"https:\/\/apuntesdesanluis.com\/#\/schema\/person\/b55151d52296fcce64d1a72538a70b90\"},\"potentialAction\":[{\"@type\":\"SearchAction\",\"target\":{\"@type\":\"EntryPoint\",\"urlTemplate\":\"https:\/\/apuntesdesanluis.com\/?s={search_term_string}\"},\"query-input\":{\"@type\":\"PropertyValueSpecification\",\"valueRequired\":true,\"valueName\":\"search_term_string\"}}],\"inLanguage\":\"es-AR\"},{\"@type\":[\"Person\",\"Organization\"],\"@id\":\"https:\/\/apuntesdesanluis.com\/#\/schema\/person\/b55151d52296fcce64d1a72538a70b90\",\"name\":\"apuntesdesanluis.com\",\"image\":{\"@type\":\"ImageObject\",\"inLanguage\":\"es-AR\",\"@id\":\"https:\/\/apuntesdesanluis.com\/#\/schema\/person\/image\/\",\"url\":\"https:\/\/apuntesdesanluis.com\/wp-content\/uploads\/2023\/07\/cropped-apuntesdesanluis.png\",\"contentUrl\":\"https:\/\/apuntesdesanluis.com\/wp-content\/uploads\/2023\/07\/cropped-apuntesdesanluis.png\",\"width\":450,\"height\":112,\"caption\":\"apuntesdesanluis.com\"},\"logo\":{\"@id\":\"https:\/\/apuntesdesanluis.com\/#\/schema\/person\/image\/\"},\"sameAs\":[\"https:\/\/apuntesdesanluis.com\"],\"url\":\"https:\/\/apuntesdesanluis.com\/index.php\/author\/apuntesdesanluis-com\/\"}]}<\/script>\n<!-- \/ Yoast SEO plugin. -->","yoast_head_json":{"title":"FISCAL\u00cdA PRESENT\u00d3 PRUEBAS CONTUNDENTES CONTRA SANDOVAL, A CUYA DEFENSA CONCEDIERON OCHO D\u00cdAS DE PR\u00d3RROGA - Apuntes de San Luis","robots":{"index":"index","follow":"follow","max-snippet":"max-snippet:-1","max-image-preview":"max-image-preview:large","max-video-preview":"max-video-preview:-1"},"canonical":"https:\/\/apuntesdesanluis.com\/index.php\/2023\/08\/03\/fiscalia-presento-pruebas-contundentes-contra-sandoval-a-cuya-defensa-concedieron-ocho-dias-de-prorroga\/","og_locale":"es_ES","og_type":"article","og_title":"FISCAL\u00cdA PRESENT\u00d3 PRUEBAS CONTUNDENTES CONTRA SANDOVAL, A CUYA DEFENSA CONCEDIERON OCHO D\u00cdAS DE PR\u00d3RROGA - Apuntes de San Luis","og_description":"El juez de Garant\u00edas N\u00b0 2 de la ciudad de San Luis, Ariel Parrillis, concedi\u00f3...","og_url":"https:\/\/apuntesdesanluis.com\/index.php\/2023\/08\/03\/fiscalia-presento-pruebas-contundentes-contra-sandoval-a-cuya-defensa-concedieron-ocho-dias-de-prorroga\/","og_site_name":"Apuntes de San Luis","article_published_time":"2023-08-04T01:02:27+00:00","article_modified_time":"2023-08-04T01:02:49+00:00","og_image":[{"width":695,"height":428,"url":"https:\/\/apuntesdesanluis.com\/wp-content\/uploads\/2023\/07\/accidente-rocio.png","type":"image\/png"}],"author":"apuntesdesanluis.com","twitter_card":"summary_large_image","twitter_misc":{"Escrito por":"apuntesdesanluis.com","Tiempo de lectura":"6 minutos"},"schema":{"@context":"https:\/\/schema.org","@graph":[{"@type":"Article","@id":"https:\/\/apuntesdesanluis.com\/index.php\/2023\/08\/03\/fiscalia-presento-pruebas-contundentes-contra-sandoval-a-cuya-defensa-concedieron-ocho-dias-de-prorroga\/#article","isPartOf":{"@id":"https:\/\/apuntesdesanluis.com\/index.php\/2023\/08\/03\/fiscalia-presento-pruebas-contundentes-contra-sandoval-a-cuya-defensa-concedieron-ocho-dias-de-prorroga\/"},"author":{"name":"apuntesdesanluis.com","@id":"https:\/\/apuntesdesanluis.com\/#\/schema\/person\/b55151d52296fcce64d1a72538a70b90"},"headline":"FISCAL\u00cdA PRESENT\u00d3 PRUEBAS CONTUNDENTES CONTRA SANDOVAL, A CUYA DEFENSA CONCEDIERON OCHO D\u00cdAS DE PR\u00d3RROGA","datePublished":"2023-08-04T01:02:27+00:00","dateModified":"2023-08-04T01:02:49+00:00","mainEntityOfPage":{"@id":"https:\/\/apuntesdesanluis.com\/index.php\/2023\/08\/03\/fiscalia-presento-pruebas-contundentes-contra-sandoval-a-cuya-defensa-concedieron-ocho-dias-de-prorroga\/"},"wordCount":1312,"publisher":{"@id":"https:\/\/apuntesdesanluis.com\/#\/schema\/person\/b55151d52296fcce64d1a72538a70b90"},"image":{"@id":"https:\/\/apuntesdesanluis.com\/index.php\/2023\/08\/03\/fiscalia-presento-pruebas-contundentes-contra-sandoval-a-cuya-defensa-concedieron-ocho-dias-de-prorroga\/#primaryimage"},"thumbnailUrl":"https:\/\/apuntesdesanluis.com\/wp-content\/uploads\/2023\/07\/accidente-rocio.png","articleSection":["Ciudad\/Provincia"],"inLanguage":"es-AR"},{"@type":"WebPage","@id":"https:\/\/apuntesdesanluis.com\/index.php\/2023\/08\/03\/fiscalia-presento-pruebas-contundentes-contra-sandoval-a-cuya-defensa-concedieron-ocho-dias-de-prorroga\/","url":"https:\/\/apuntesdesanluis.com\/index.php\/2023\/08\/03\/fiscalia-presento-pruebas-contundentes-contra-sandoval-a-cuya-defensa-concedieron-ocho-dias-de-prorroga\/","name":"FISCAL\u00cdA PRESENT\u00d3 PRUEBAS CONTUNDENTES CONTRA SANDOVAL, A CUYA DEFENSA CONCEDIERON OCHO D\u00cdAS DE PR\u00d3RROGA - Apuntes de San Luis","isPartOf":{"@id":"https:\/\/apuntesdesanluis.com\/#website"},"primaryImageOfPage":{"@id":"https:\/\/apuntesdesanluis.com\/index.php\/2023\/08\/03\/fiscalia-presento-pruebas-contundentes-contra-sandoval-a-cuya-defensa-concedieron-ocho-dias-de-prorroga\/#primaryimage"},"image":{"@id":"https:\/\/apuntesdesanluis.com\/index.php\/2023\/08\/03\/fiscalia-presento-pruebas-contundentes-contra-sandoval-a-cuya-defensa-concedieron-ocho-dias-de-prorroga\/#primaryimage"},"thumbnailUrl":"https:\/\/apuntesdesanluis.com\/wp-content\/uploads\/2023\/07\/accidente-rocio.png","datePublished":"2023-08-04T01:02:27+00:00","dateModified":"2023-08-04T01:02:49+00:00","breadcrumb":{"@id":"https:\/\/apuntesdesanluis.com\/index.php\/2023\/08\/03\/fiscalia-presento-pruebas-contundentes-contra-sandoval-a-cuya-defensa-concedieron-ocho-dias-de-prorroga\/#breadcrumb"},"inLanguage":"es-AR","potentialAction":[{"@type":"ReadAction","target":["https:\/\/apuntesdesanluis.com\/index.php\/2023\/08\/03\/fiscalia-presento-pruebas-contundentes-contra-sandoval-a-cuya-defensa-concedieron-ocho-dias-de-prorroga\/"]}]},{"@type":"ImageObject","inLanguage":"es-AR","@id":"https:\/\/apuntesdesanluis.com\/index.php\/2023\/08\/03\/fiscalia-presento-pruebas-contundentes-contra-sandoval-a-cuya-defensa-concedieron-ocho-dias-de-prorroga\/#primaryimage","url":"https:\/\/apuntesdesanluis.com\/wp-content\/uploads\/2023\/07\/accidente-rocio.png","contentUrl":"https:\/\/apuntesdesanluis.com\/wp-content\/uploads\/2023\/07\/accidente-rocio.png","width":695,"height":428},{"@type":"BreadcrumbList","@id":"https:\/\/apuntesdesanluis.com\/index.php\/2023\/08\/03\/fiscalia-presento-pruebas-contundentes-contra-sandoval-a-cuya-defensa-concedieron-ocho-dias-de-prorroga\/#breadcrumb","itemListElement":[{"@type":"ListItem","position":1,"name":"Inicio","item":"https:\/\/apuntesdesanluis.com\/"},{"@type":"ListItem","position":2,"name":"FISCAL\u00cdA PRESENT\u00d3 PRUEBAS CONTUNDENTES CONTRA SANDOVAL, A CUYA DEFENSA CONCEDIERON OCHO D\u00cdAS DE PR\u00d3RROGA"}]},{"@type":"WebSite","@id":"https:\/\/apuntesdesanluis.com\/#website","url":"https:\/\/apuntesdesanluis.com\/","name":"Apuntes de San Luis","description":"","publisher":{"@id":"https:\/\/apuntesdesanluis.com\/#\/schema\/person\/b55151d52296fcce64d1a72538a70b90"},"potentialAction":[{"@type":"SearchAction","target":{"@type":"EntryPoint","urlTemplate":"https:\/\/apuntesdesanluis.com\/?s={search_term_string}"},"query-input":{"@type":"PropertyValueSpecification","valueRequired":true,"valueName":"search_term_string"}}],"inLanguage":"es-AR"},{"@type":["Person","Organization"],"@id":"https:\/\/apuntesdesanluis.com\/#\/schema\/person\/b55151d52296fcce64d1a72538a70b90","name":"apuntesdesanluis.com","image":{"@type":"ImageObject","inLanguage":"es-AR","@id":"https:\/\/apuntesdesanluis.com\/#\/schema\/person\/image\/","url":"https:\/\/apuntesdesanluis.com\/wp-content\/uploads\/2023\/07\/cropped-apuntesdesanluis.png","contentUrl":"https:\/\/apuntesdesanluis.com\/wp-content\/uploads\/2023\/07\/cropped-apuntesdesanluis.png","width":450,"height":112,"caption":"apuntesdesanluis.com"},"logo":{"@id":"https:\/\/apuntesdesanluis.com\/#\/schema\/person\/image\/"},"sameAs":["https:\/\/apuntesdesanluis.com"],"url":"https:\/\/apuntesdesanluis.com\/index.php\/author\/apuntesdesanluis-com\/"}]}},"featured_image_urls":{"full":["https:\/\/apuntesdesanluis.com\/wp-content\/uploads\/2023\/07\/accidente-rocio.png",695,428,false],"thumbnail":["https:\/\/apuntesdesanluis.com\/wp-content\/uploads\/2023\/07\/accidente-rocio-150x150.png",150,150,true],"medium":["https:\/\/apuntesdesanluis.com\/wp-content\/uploads\/2023\/07\/accidente-rocio-300x185.png",300,185,true],"medium_large":["https:\/\/apuntesdesanluis.com\/wp-content\/uploads\/2023\/07\/accidente-rocio.png",640,394,false],"large":["https:\/\/apuntesdesanluis.com\/wp-content\/uploads\/2023\/07\/accidente-rocio.png",640,394,false],"1536x1536":["https:\/\/apuntesdesanluis.com\/wp-content\/uploads\/2023\/07\/accidente-rocio.png",695,428,false],"2048x2048":["https:\/\/apuntesdesanluis.com\/wp-content\/uploads\/2023\/07\/accidente-rocio.png",695,428,false],"newsever-slider-full":["https:\/\/apuntesdesanluis.com\/wp-content\/uploads\/2023\/07\/accidente-rocio.png",695,428,false],"newsever-featured":["https:\/\/apuntesdesanluis.com\/wp-content\/uploads\/2023\/07\/accidente-rocio.png",695,428,false],"newsever-medium":["https:\/\/apuntesdesanluis.com\/wp-content\/uploads\/2023\/07\/accidente-rocio.png",695,428,false]},"author_info":{"display_name":"apuntesdesanluis.com","author_link":"https:\/\/apuntesdesanluis.com\/index.php\/author\/apuntesdesanluis-com\/"},"category_info":"<a href=\"https:\/\/apuntesdesanluis.com\/index.php\/category\/ciudad-provincia\/\" rel=\"category tag\">Ciudad\/Provincia<\/a>","tag_info":"Ciudad\/Provincia","comment_count":"0","_links":{"self":[{"href":"https:\/\/apuntesdesanluis.com\/index.php\/wp-json\/wp\/v2\/posts\/1020","targetHints":{"allow":["GET"]}}],"collection":[{"href":"https:\/\/apuntesdesanluis.com\/index.php\/wp-json\/wp\/v2\/posts"}],"about":[{"href":"https:\/\/apuntesdesanluis.com\/index.php\/wp-json\/wp\/v2\/types\/post"}],"author":[{"embeddable":true,"href":"https:\/\/apuntesdesanluis.com\/index.php\/wp-json\/wp\/v2\/users\/1"}],"replies":[{"embeddable":true,"href":"https:\/\/apuntesdesanluis.com\/index.php\/wp-json\/wp\/v2\/comments?post=1020"}],"version-history":[{"count":1,"href":"https:\/\/apuntesdesanluis.com\/index.php\/wp-json\/wp\/v2\/posts\/1020\/revisions"}],"predecessor-version":[{"id":1021,"href":"https:\/\/apuntesdesanluis.com\/index.php\/wp-json\/wp\/v2\/posts\/1020\/revisions\/1021"}],"wp:featuredmedia":[{"embeddable":true,"href":"https:\/\/apuntesdesanluis.com\/index.php\/wp-json\/wp\/v2\/media\/658"}],"wp:attachment":[{"href":"https:\/\/apuntesdesanluis.com\/index.php\/wp-json\/wp\/v2\/media?parent=1020"}],"wp:term":[{"taxonomy":"category","embeddable":true,"href":"https:\/\/apuntesdesanluis.com\/index.php\/wp-json\/wp\/v2\/categories?post=1020"},{"taxonomy":"post_tag","embeddable":true,"href":"https:\/\/apuntesdesanluis.com\/index.php\/wp-json\/wp\/v2\/tags?post=1020"}],"curies":[{"name":"wp","href":"https:\/\/api.w.org\/{rel}","templated":true}]}}