{"id":10212,"date":"2024-01-16T18:56:11","date_gmt":"2024-01-16T21:56:11","guid":{"rendered":"https:\/\/apuntesdesanluis.com\/?p=10212"},"modified":"2024-01-16T18:56:11","modified_gmt":"2024-01-16T21:56:11","slug":"en-davos-caputo-y-posse-se-reunieron-con-la-subdirectora-del-fmi-para-analizar-el-acuerdo","status":"publish","type":"post","link":"https:\/\/apuntesdesanluis.com\/index.php\/2024\/01\/16\/en-davos-caputo-y-posse-se-reunieron-con-la-subdirectora-del-fmi-para-analizar-el-acuerdo\/","title":{"rendered":"EN DAVOS, CAPUTO Y POSSE SE REUNIERON CON LA SUBDIRECTORA DEL FMI PARA ANALIZAR EL ACUERDO"},"content":{"rendered":"<h3>El Jefe de Gabinete, <strong>Nicol\u00e1s Posse<\/strong>, y el ministro de Econom\u00eda, <strong>Luis Caputo<\/strong>, mantuvieron este martes una reuni\u00f3n con la Subdirectora Gerente del Fondo Monetario Internacional (FMI),<strong> Gita Gopinath<\/strong>, en el marco del Foro Econ\u00f3mico Mundial, que se realiza en Davos, Suiza.<\/h3>\n<h3>Durante la reuni\u00f3n, los funcionarios argentinos y del FMI dialogaron sobre el entendimiento (staff level agreement) alcanzado con el organismo, informaron fuentes de la cartera de Econom\u00eda.<\/h3>\n<h3>En los primeros d\u00edas de enero, el FMI lleg\u00f3 a un acuerdo con el Gobierno argentino sobre la s\u00e9ptima revisi\u00f3n en el marco del acuerdo del Programa de Facilidades Extendidas (SAF), lo que le permitir\u00e1 al pa\u00eds tener acceso a un desembolso de US$ 4.700 millones.<\/h3>\n<h3>El staff level agreement deber\u00e1 ser aprobado en las pr\u00f3ximas semanas por el Directorio Ejecutivo del organismo multilateral.<\/h3>\n<h3>En las conversaciones, se acord\u00f3 que Posse y Caputo se reunir\u00e1n este mi\u00e9rcoles con la Directora Gerente del FMI, Kristalina Georgieva. Este encuentro se realizar\u00e1 antes de la audiencia que tiene prevista Georgieva\u00a0 con el presidente argentino, Javier Milei.<\/h3>\n<h3>AGENDA ARGENTINA<\/h3>\n<h3>El mandatario argentino disertar\u00e1 el mi\u00e9rcoles en el panel &#8220;Lograr la seguridad y la cooperaci\u00f3n en un mundo fracturado&#8221;, donde desarrollar\u00e1 ante los l\u00edderes mundiales los principales lineamientos de su plan econ\u00f3mico.<\/h3>\n<h3>Por su parte, Posse y Caputo expondr\u00e1n, tambi\u00e9n el mi\u00e9rcoles, en el panel &#8220;Di\u00e1logo de estrategia pa\u00eds sobre Argentina&#8221;, y luego mantendr\u00e1n reuniones con directivos y representantes de las multinacionales Glencore, MSD Merck, Total Energies, Amazon y Louis Dreyfus Company.<\/h3>\n<h3>Tambi\u00e9n compartir\u00e1n un encuentro con el profesor Klaus Schwab, fundador y presidente del Foro Econ\u00f3mico Mundial, y una reuni\u00f3n oficial con el secretario de Relaciones Exteriores de brit\u00e1nico y ex primer ministro, David Cameron.<\/h3>\n<h3>Caputo participar\u00e1 del panel &#8220;Realismo econ\u00f3mico de LATAM&#8221;, en el que se debatir\u00e1 sobre la deuda en Am\u00e9rica Latina y las consecuentes presiones fiscales, y formar\u00e1 parte de la cena de trabajo &#8220;Accediendo a LATAM&#8221;, en la que se dialogar\u00e1 sobre la agenda del desarrollo, la tecnolog\u00eda y la inteligencia artificial en la regi\u00f3n.<\/h3>\n<h3>Luego, asistir\u00e1 al panel &#8220;Prevenci\u00f3n de fracturas econ\u00f3micas&#8221;, moderado por Georgieva.<\/h3>\n<h3>En una entrevista, Georgieva sostuvo que desde el organismo se observan \u201cprogresos en todos los frentes\u201d de la econom\u00eda argentina desde que asumi\u00f3 el presidente Javier Milei.<\/h3>\n<h3>Consultada por las medidas que tom\u00f3 el presidente argentino, la directora del FMI respondi\u00f3: \u201cHasta ahora, todo bien\u201d.<\/h3>\n<h3>\u201cLo que esta administraci\u00f3n est\u00e1 haciendo es corregir de forma muy agresiva algunas de las deficiencias que todos vemos. En lo fiscal, se gasta m\u00e1s de lo que se puede. Las reservas est\u00e1n vac\u00edas. As\u00ed que estamos viendo progresos en todos estos frentes\u201d, indic\u00f3 a la agencia Bloomberg.<\/h3>\n<h3>Georgieva afirm\u00f3 que al FMI le interesa \u201cprofundamente\u201d que Argentina proteja a la poblaci\u00f3n m\u00e1s vulnerable mientras prosigue con sus \u201creformas muy audaces\u201d.<\/h3>\n","protected":false},"excerpt":{"rendered":"<p>El Jefe de Gabinete, Nicol\u00e1s Posse, y el ministro de Econom\u00eda, Luis Caputo, mantuvieron este&#8230;<\/p>\n","protected":false},"author":1,"featured_media":10213,"comment_status":"closed","ping_status":"closed","sticky":false,"template":"","format":"standard","meta":{"footnotes":""},"categories":[5],"tags":[],"class_list":["post-10212","post","type-post","status-publish","format-standard","has-post-thumbnail","hentry","category-nacionales-internacionales"],"yoast_head":"<!-- This site is optimized with the Yoast SEO plugin v26.1.1 - https:\/\/yoast.com\/wordpress\/plugins\/seo\/ -->\n<title>EN DAVOS, CAPUTO Y POSSE SE REUNIERON CON LA SUBDIRECTORA DEL FMI PARA ANALIZAR EL ACUERDO - Apuntes de San Luis<\/title>\n<meta name=\"robots\" content=\"index, follow, max-snippet:-1, max-image-preview:large, max-video-preview:-1\" \/>\n<link rel=\"canonical\" href=\"https:\/\/apuntesdesanluis.com\/index.php\/2024\/01\/16\/en-davos-caputo-y-posse-se-reunieron-con-la-subdirectora-del-fmi-para-analizar-el-acuerdo\/\" \/>\n<meta property=\"og:locale\" content=\"es_ES\" \/>\n<meta property=\"og:type\" content=\"article\" \/>\n<meta property=\"og:title\" content=\"EN DAVOS, CAPUTO Y POSSE SE REUNIERON CON LA SUBDIRECTORA DEL FMI PARA ANALIZAR EL ACUERDO - Apuntes de San Luis\" \/>\n<meta property=\"og:description\" content=\"El Jefe de Gabinete, Nicol\u00e1s Posse, y el ministro de Econom\u00eda, Luis Caputo, mantuvieron este...\" \/>\n<meta property=\"og:url\" content=\"https:\/\/apuntesdesanluis.com\/index.php\/2024\/01\/16\/en-davos-caputo-y-posse-se-reunieron-con-la-subdirectora-del-fmi-para-analizar-el-acuerdo\/\" \/>\n<meta property=\"og:site_name\" content=\"Apuntes de San Luis\" \/>\n<meta property=\"article:published_time\" content=\"2024-01-16T21:56:11+00:00\" \/>\n<meta property=\"og:image\" content=\"https:\/\/apuntesdesanluis.com\/wp-content\/uploads\/2024\/01\/CAPUTO-FMI.png\" \/>\n\t<meta property=\"og:image:width\" content=\"764\" \/>\n\t<meta property=\"og:image:height\" content=\"435\" \/>\n\t<meta property=\"og:image:type\" content=\"image\/png\" \/>\n<meta name=\"author\" content=\"apuntesdesanluis.com\" \/>\n<meta name=\"twitter:card\" content=\"summary_large_image\" \/>\n<meta name=\"twitter:label1\" content=\"Escrito por\" \/>\n\t<meta name=\"twitter:data1\" content=\"apuntesdesanluis.com\" \/>\n\t<meta name=\"twitter:label2\" content=\"Tiempo de lectura\" \/>\n\t<meta name=\"twitter:data2\" content=\"3 minutos\" \/>\n<script type=\"application\/ld+json\" class=\"yoast-schema-graph\">{\"@context\":\"https:\/\/schema.org\",\"@graph\":[{\"@type\":\"Article\",\"@id\":\"https:\/\/apuntesdesanluis.com\/index.php\/2024\/01\/16\/en-davos-caputo-y-posse-se-reunieron-con-la-subdirectora-del-fmi-para-analizar-el-acuerdo\/#article\",\"isPartOf\":{\"@id\":\"https:\/\/apuntesdesanluis.com\/index.php\/2024\/01\/16\/en-davos-caputo-y-posse-se-reunieron-con-la-subdirectora-del-fmi-para-analizar-el-acuerdo\/\"},\"author\":{\"name\":\"apuntesdesanluis.com\",\"@id\":\"https:\/\/apuntesdesanluis.com\/#\/schema\/person\/b55151d52296fcce64d1a72538a70b90\"},\"headline\":\"EN DAVOS, CAPUTO Y POSSE SE REUNIERON CON LA SUBDIRECTORA DEL FMI PARA ANALIZAR EL ACUERDO\",\"datePublished\":\"2024-01-16T21:56:11+00:00\",\"mainEntityOfPage\":{\"@id\":\"https:\/\/apuntesdesanluis.com\/index.php\/2024\/01\/16\/en-davos-caputo-y-posse-se-reunieron-con-la-subdirectora-del-fmi-para-analizar-el-acuerdo\/\"},\"wordCount\":517,\"publisher\":{\"@id\":\"https:\/\/apuntesdesanluis.com\/#\/schema\/person\/b55151d52296fcce64d1a72538a70b90\"},\"image\":{\"@id\":\"https:\/\/apuntesdesanluis.com\/index.php\/2024\/01\/16\/en-davos-caputo-y-posse-se-reunieron-con-la-subdirectora-del-fmi-para-analizar-el-acuerdo\/#primaryimage\"},\"thumbnailUrl\":\"https:\/\/apuntesdesanluis.com\/wp-content\/uploads\/2024\/01\/CAPUTO-FMI.png\",\"articleSection\":[\"Nacionales\/Internacionales\"],\"inLanguage\":\"es-AR\"},{\"@type\":\"WebPage\",\"@id\":\"https:\/\/apuntesdesanluis.com\/index.php\/2024\/01\/16\/en-davos-caputo-y-posse-se-reunieron-con-la-subdirectora-del-fmi-para-analizar-el-acuerdo\/\",\"url\":\"https:\/\/apuntesdesanluis.com\/index.php\/2024\/01\/16\/en-davos-caputo-y-posse-se-reunieron-con-la-subdirectora-del-fmi-para-analizar-el-acuerdo\/\",\"name\":\"EN DAVOS, CAPUTO Y POSSE SE REUNIERON CON LA SUBDIRECTORA DEL FMI PARA ANALIZAR EL ACUERDO - Apuntes de San Luis\",\"isPartOf\":{\"@id\":\"https:\/\/apuntesdesanluis.com\/#website\"},\"primaryImageOfPage\":{\"@id\":\"https:\/\/apuntesdesanluis.com\/index.php\/2024\/01\/16\/en-davos-caputo-y-posse-se-reunieron-con-la-subdirectora-del-fmi-para-analizar-el-acuerdo\/#primaryimage\"},\"image\":{\"@id\":\"https:\/\/apuntesdesanluis.com\/index.php\/2024\/01\/16\/en-davos-caputo-y-posse-se-reunieron-con-la-subdirectora-del-fmi-para-analizar-el-acuerdo\/#primaryimage\"},\"thumbnailUrl\":\"https:\/\/apuntesdesanluis.com\/wp-content\/uploads\/2024\/01\/CAPUTO-FMI.png\",\"datePublished\":\"2024-01-16T21:56:11+00:00\",\"breadcrumb\":{\"@id\":\"https:\/\/apuntesdesanluis.com\/index.php\/2024\/01\/16\/en-davos-caputo-y-posse-se-reunieron-con-la-subdirectora-del-fmi-para-analizar-el-acuerdo\/#breadcrumb\"},\"inLanguage\":\"es-AR\",\"potentialAction\":[{\"@type\":\"ReadAction\",\"target\":[\"https:\/\/apuntesdesanluis.com\/index.php\/2024\/01\/16\/en-davos-caputo-y-posse-se-reunieron-con-la-subdirectora-del-fmi-para-analizar-el-acuerdo\/\"]}]},{\"@type\":\"ImageObject\",\"inLanguage\":\"es-AR\",\"@id\":\"https:\/\/apuntesdesanluis.com\/index.php\/2024\/01\/16\/en-davos-caputo-y-posse-se-reunieron-con-la-subdirectora-del-fmi-para-analizar-el-acuerdo\/#primaryimage\",\"url\":\"https:\/\/apuntesdesanluis.com\/wp-content\/uploads\/2024\/01\/CAPUTO-FMI.png\",\"contentUrl\":\"https:\/\/apuntesdesanluis.com\/wp-content\/uploads\/2024\/01\/CAPUTO-FMI.png\",\"width\":764,\"height\":435},{\"@type\":\"BreadcrumbList\",\"@id\":\"https:\/\/apuntesdesanluis.com\/index.php\/2024\/01\/16\/en-davos-caputo-y-posse-se-reunieron-con-la-subdirectora-del-fmi-para-analizar-el-acuerdo\/#breadcrumb\",\"itemListElement\":[{\"@type\":\"ListItem\",\"position\":1,\"name\":\"Inicio\",\"item\":\"https:\/\/apuntesdesanluis.com\/\"},{\"@type\":\"ListItem\",\"position\":2,\"name\":\"EN DAVOS, CAPUTO Y POSSE SE REUNIERON CON LA SUBDIRECTORA DEL FMI PARA ANALIZAR EL ACUERDO\"}]},{\"@type\":\"WebSite\",\"@id\":\"https:\/\/apuntesdesanluis.com\/#website\",\"url\":\"https:\/\/apuntesdesanluis.com\/\",\"name\":\"Apuntes de San Luis\",\"description\":\"\",\"publisher\":{\"@id\":\"https:\/\/apuntesdesanluis.com\/#\/schema\/person\/b55151d52296fcce64d1a72538a70b90\"},\"potentialAction\":[{\"@type\":\"SearchAction\",\"target\":{\"@type\":\"EntryPoint\",\"urlTemplate\":\"https:\/\/apuntesdesanluis.com\/?s={search_term_string}\"},\"query-input\":{\"@type\":\"PropertyValueSpecification\",\"valueRequired\":true,\"valueName\":\"search_term_string\"}}],\"inLanguage\":\"es-AR\"},{\"@type\":[\"Person\",\"Organization\"],\"@id\":\"https:\/\/apuntesdesanluis.com\/#\/schema\/person\/b55151d52296fcce64d1a72538a70b90\",\"name\":\"apuntesdesanluis.com\",\"image\":{\"@type\":\"ImageObject\",\"inLanguage\":\"es-AR\",\"@id\":\"https:\/\/apuntesdesanluis.com\/#\/schema\/person\/image\/\",\"url\":\"https:\/\/apuntesdesanluis.com\/wp-content\/uploads\/2023\/07\/cropped-apuntesdesanluis.png\",\"contentUrl\":\"https:\/\/apuntesdesanluis.com\/wp-content\/uploads\/2023\/07\/cropped-apuntesdesanluis.png\",\"width\":450,\"height\":112,\"caption\":\"apuntesdesanluis.com\"},\"logo\":{\"@id\":\"https:\/\/apuntesdesanluis.com\/#\/schema\/person\/image\/\"},\"sameAs\":[\"https:\/\/apuntesdesanluis.com\"],\"url\":\"https:\/\/apuntesdesanluis.com\/index.php\/author\/apuntesdesanluis-com\/\"}]}<\/script>\n<!-- \/ Yoast SEO plugin. -->","yoast_head_json":{"title":"EN DAVOS, CAPUTO Y POSSE SE REUNIERON CON LA SUBDIRECTORA DEL FMI PARA ANALIZAR EL ACUERDO - Apuntes de San Luis","robots":{"index":"index","follow":"follow","max-snippet":"max-snippet:-1","max-image-preview":"max-image-preview:large","max-video-preview":"max-video-preview:-1"},"canonical":"https:\/\/apuntesdesanluis.com\/index.php\/2024\/01\/16\/en-davos-caputo-y-posse-se-reunieron-con-la-subdirectora-del-fmi-para-analizar-el-acuerdo\/","og_locale":"es_ES","og_type":"article","og_title":"EN DAVOS, CAPUTO Y POSSE SE REUNIERON CON LA SUBDIRECTORA DEL FMI PARA ANALIZAR EL ACUERDO - Apuntes de San Luis","og_description":"El Jefe de Gabinete, Nicol\u00e1s Posse, y el ministro de Econom\u00eda, Luis Caputo, mantuvieron este...","og_url":"https:\/\/apuntesdesanluis.com\/index.php\/2024\/01\/16\/en-davos-caputo-y-posse-se-reunieron-con-la-subdirectora-del-fmi-para-analizar-el-acuerdo\/","og_site_name":"Apuntes de San Luis","article_published_time":"2024-01-16T21:56:11+00:00","og_image":[{"width":764,"height":435,"url":"https:\/\/apuntesdesanluis.com\/wp-content\/uploads\/2024\/01\/CAPUTO-FMI.png","type":"image\/png"}],"author":"apuntesdesanluis.com","twitter_card":"summary_large_image","twitter_misc":{"Escrito por":"apuntesdesanluis.com","Tiempo de lectura":"3 minutos"},"schema":{"@context":"https:\/\/schema.org","@graph":[{"@type":"Article","@id":"https:\/\/apuntesdesanluis.com\/index.php\/2024\/01\/16\/en-davos-caputo-y-posse-se-reunieron-con-la-subdirectora-del-fmi-para-analizar-el-acuerdo\/#article","isPartOf":{"@id":"https:\/\/apuntesdesanluis.com\/index.php\/2024\/01\/16\/en-davos-caputo-y-posse-se-reunieron-con-la-subdirectora-del-fmi-para-analizar-el-acuerdo\/"},"author":{"name":"apuntesdesanluis.com","@id":"https:\/\/apuntesdesanluis.com\/#\/schema\/person\/b55151d52296fcce64d1a72538a70b90"},"headline":"EN DAVOS, CAPUTO Y POSSE SE REUNIERON CON LA SUBDIRECTORA DEL FMI PARA ANALIZAR EL ACUERDO","datePublished":"2024-01-16T21:56:11+00:00","mainEntityOfPage":{"@id":"https:\/\/apuntesdesanluis.com\/index.php\/2024\/01\/16\/en-davos-caputo-y-posse-se-reunieron-con-la-subdirectora-del-fmi-para-analizar-el-acuerdo\/"},"wordCount":517,"publisher":{"@id":"https:\/\/apuntesdesanluis.com\/#\/schema\/person\/b55151d52296fcce64d1a72538a70b90"},"image":{"@id":"https:\/\/apuntesdesanluis.com\/index.php\/2024\/01\/16\/en-davos-caputo-y-posse-se-reunieron-con-la-subdirectora-del-fmi-para-analizar-el-acuerdo\/#primaryimage"},"thumbnailUrl":"https:\/\/apuntesdesanluis.com\/wp-content\/uploads\/2024\/01\/CAPUTO-FMI.png","articleSection":["Nacionales\/Internacionales"],"inLanguage":"es-AR"},{"@type":"WebPage","@id":"https:\/\/apuntesdesanluis.com\/index.php\/2024\/01\/16\/en-davos-caputo-y-posse-se-reunieron-con-la-subdirectora-del-fmi-para-analizar-el-acuerdo\/","url":"https:\/\/apuntesdesanluis.com\/index.php\/2024\/01\/16\/en-davos-caputo-y-posse-se-reunieron-con-la-subdirectora-del-fmi-para-analizar-el-acuerdo\/","name":"EN DAVOS, CAPUTO Y POSSE SE REUNIERON CON LA SUBDIRECTORA DEL FMI PARA ANALIZAR EL ACUERDO - Apuntes de San Luis","isPartOf":{"@id":"https:\/\/apuntesdesanluis.com\/#website"},"primaryImageOfPage":{"@id":"https:\/\/apuntesdesanluis.com\/index.php\/2024\/01\/16\/en-davos-caputo-y-posse-se-reunieron-con-la-subdirectora-del-fmi-para-analizar-el-acuerdo\/#primaryimage"},"image":{"@id":"https:\/\/apuntesdesanluis.com\/index.php\/2024\/01\/16\/en-davos-caputo-y-posse-se-reunieron-con-la-subdirectora-del-fmi-para-analizar-el-acuerdo\/#primaryimage"},"thumbnailUrl":"https:\/\/apuntesdesanluis.com\/wp-content\/uploads\/2024\/01\/CAPUTO-FMI.png","datePublished":"2024-01-16T21:56:11+00:00","breadcrumb":{"@id":"https:\/\/apuntesdesanluis.com\/index.php\/2024\/01\/16\/en-davos-caputo-y-posse-se-reunieron-con-la-subdirectora-del-fmi-para-analizar-el-acuerdo\/#breadcrumb"},"inLanguage":"es-AR","potentialAction":[{"@type":"ReadAction","target":["https:\/\/apuntesdesanluis.com\/index.php\/2024\/01\/16\/en-davos-caputo-y-posse-se-reunieron-con-la-subdirectora-del-fmi-para-analizar-el-acuerdo\/"]}]},{"@type":"ImageObject","inLanguage":"es-AR","@id":"https:\/\/apuntesdesanluis.com\/index.php\/2024\/01\/16\/en-davos-caputo-y-posse-se-reunieron-con-la-subdirectora-del-fmi-para-analizar-el-acuerdo\/#primaryimage","url":"https:\/\/apuntesdesanluis.com\/wp-content\/uploads\/2024\/01\/CAPUTO-FMI.png","contentUrl":"https:\/\/apuntesdesanluis.com\/wp-content\/uploads\/2024\/01\/CAPUTO-FMI.png","width":764,"height":435},{"@type":"BreadcrumbList","@id":"https:\/\/apuntesdesanluis.com\/index.php\/2024\/01\/16\/en-davos-caputo-y-posse-se-reunieron-con-la-subdirectora-del-fmi-para-analizar-el-acuerdo\/#breadcrumb","itemListElement":[{"@type":"ListItem","position":1,"name":"Inicio","item":"https:\/\/apuntesdesanluis.com\/"},{"@type":"ListItem","position":2,"name":"EN DAVOS, CAPUTO Y POSSE SE REUNIERON CON LA SUBDIRECTORA DEL FMI PARA ANALIZAR EL ACUERDO"}]},{"@type":"WebSite","@id":"https:\/\/apuntesdesanluis.com\/#website","url":"https:\/\/apuntesdesanluis.com\/","name":"Apuntes de San Luis","description":"","publisher":{"@id":"https:\/\/apuntesdesanluis.com\/#\/schema\/person\/b55151d52296fcce64d1a72538a70b90"},"potentialAction":[{"@type":"SearchAction","target":{"@type":"EntryPoint","urlTemplate":"https:\/\/apuntesdesanluis.com\/?s={search_term_string}"},"query-input":{"@type":"PropertyValueSpecification","valueRequired":true,"valueName":"search_term_string"}}],"inLanguage":"es-AR"},{"@type":["Person","Organization"],"@id":"https:\/\/apuntesdesanluis.com\/#\/schema\/person\/b55151d52296fcce64d1a72538a70b90","name":"apuntesdesanluis.com","image":{"@type":"ImageObject","inLanguage":"es-AR","@id":"https:\/\/apuntesdesanluis.com\/#\/schema\/person\/image\/","url":"https:\/\/apuntesdesanluis.com\/wp-content\/uploads\/2023\/07\/cropped-apuntesdesanluis.png","contentUrl":"https:\/\/apuntesdesanluis.com\/wp-content\/uploads\/2023\/07\/cropped-apuntesdesanluis.png","width":450,"height":112,"caption":"apuntesdesanluis.com"},"logo":{"@id":"https:\/\/apuntesdesanluis.com\/#\/schema\/person\/image\/"},"sameAs":["https:\/\/apuntesdesanluis.com"],"url":"https:\/\/apuntesdesanluis.com\/index.php\/author\/apuntesdesanluis-com\/"}]}},"featured_image_urls":{"full":["https:\/\/apuntesdesanluis.com\/wp-content\/uploads\/2024\/01\/CAPUTO-FMI.png",764,435,false],"thumbnail":["https:\/\/apuntesdesanluis.com\/wp-content\/uploads\/2024\/01\/CAPUTO-FMI-150x150.png",150,150,true],"medium":["https:\/\/apuntesdesanluis.com\/wp-content\/uploads\/2024\/01\/CAPUTO-FMI-300x171.png",300,171,true],"medium_large":["https:\/\/apuntesdesanluis.com\/wp-content\/uploads\/2024\/01\/CAPUTO-FMI.png",640,364,false],"large":["https:\/\/apuntesdesanluis.com\/wp-content\/uploads\/2024\/01\/CAPUTO-FMI.png",640,364,false],"1536x1536":["https:\/\/apuntesdesanluis.com\/wp-content\/uploads\/2024\/01\/CAPUTO-FMI.png",764,435,false],"2048x2048":["https:\/\/apuntesdesanluis.com\/wp-content\/uploads\/2024\/01\/CAPUTO-FMI.png",764,435,false],"newsever-slider-full":["https:\/\/apuntesdesanluis.com\/wp-content\/uploads\/2024\/01\/CAPUTO-FMI.png",764,435,false],"newsever-featured":["https:\/\/apuntesdesanluis.com\/wp-content\/uploads\/2024\/01\/CAPUTO-FMI.png",764,435,false],"newsever-medium":["https:\/\/apuntesdesanluis.com\/wp-content\/uploads\/2024\/01\/CAPUTO-FMI-720x435.png",720,435,true]},"author_info":{"display_name":"apuntesdesanluis.com","author_link":"https:\/\/apuntesdesanluis.com\/index.php\/author\/apuntesdesanluis-com\/"},"category_info":"<a href=\"https:\/\/apuntesdesanluis.com\/index.php\/category\/nacionales-internacionales\/\" rel=\"category tag\">Nacionales\/Internacionales<\/a>","tag_info":"Nacionales\/Internacionales","comment_count":"0","_links":{"self":[{"href":"https:\/\/apuntesdesanluis.com\/index.php\/wp-json\/wp\/v2\/posts\/10212","targetHints":{"allow":["GET"]}}],"collection":[{"href":"https:\/\/apuntesdesanluis.com\/index.php\/wp-json\/wp\/v2\/posts"}],"about":[{"href":"https:\/\/apuntesdesanluis.com\/index.php\/wp-json\/wp\/v2\/types\/post"}],"author":[{"embeddable":true,"href":"https:\/\/apuntesdesanluis.com\/index.php\/wp-json\/wp\/v2\/users\/1"}],"replies":[{"embeddable":true,"href":"https:\/\/apuntesdesanluis.com\/index.php\/wp-json\/wp\/v2\/comments?post=10212"}],"version-history":[{"count":1,"href":"https:\/\/apuntesdesanluis.com\/index.php\/wp-json\/wp\/v2\/posts\/10212\/revisions"}],"predecessor-version":[{"id":10214,"href":"https:\/\/apuntesdesanluis.com\/index.php\/wp-json\/wp\/v2\/posts\/10212\/revisions\/10214"}],"wp:featuredmedia":[{"embeddable":true,"href":"https:\/\/apuntesdesanluis.com\/index.php\/wp-json\/wp\/v2\/media\/10213"}],"wp:attachment":[{"href":"https:\/\/apuntesdesanluis.com\/index.php\/wp-json\/wp\/v2\/media?parent=10212"}],"wp:term":[{"taxonomy":"category","embeddable":true,"href":"https:\/\/apuntesdesanluis.com\/index.php\/wp-json\/wp\/v2\/categories?post=10212"},{"taxonomy":"post_tag","embeddable":true,"href":"https:\/\/apuntesdesanluis.com\/index.php\/wp-json\/wp\/v2\/tags?post=10212"}],"curies":[{"name":"wp","href":"https:\/\/api.w.org\/{rel}","templated":true}]}}