{"id":10215,"date":"2024-01-16T19:01:05","date_gmt":"2024-01-16T22:01:05","guid":{"rendered":"https:\/\/apuntesdesanluis.com\/?p=10215"},"modified":"2024-01-16T19:01:05","modified_gmt":"2024-01-16T22:01:05","slug":"bullrich-le-pidio-a-la-justicia-que-expulse-del-pais-a-los-extranjeros-que-delinquen","status":"publish","type":"post","link":"https:\/\/apuntesdesanluis.com\/index.php\/2024\/01\/16\/bullrich-le-pidio-a-la-justicia-que-expulse-del-pais-a-los-extranjeros-que-delinquen\/","title":{"rendered":"BULLRICH LE PIDI\u00d3 A LA JUSTICIA QUE EXPULSE DEL PA\u00cdS A LOS EXTRANJEROS QUE DELINQUEN"},"content":{"rendered":"<h3>La ministra de Seguridad, <strong>Patricia Bullrich<\/strong>, reclam\u00f3 hoy que la Justicia expulse del pa\u00eds a los extranjeros que comentan delitos en el pa\u00eds y no tengan residencia permanente en Argentina.<\/h3>\n<h3>\u201cEn caso de haber personas que usurpan terrenos que son extranjeros que no tienen domicilio permanente en la Argentina, la Justicia deber\u00eda proceder a echarlos del pa\u00eds de manera inmediata\u201d, asegur\u00f3 Bullrich en declaraciones radiales.<\/h3>\n<h3>En esa l\u00ednea, la integrante del Gabinete del presidente, Javier Milei, argument\u00f3: \u201cEl que viene a usurpar, a matar, debe ser expulsado a menos que haya nacido en Argentina o tenga una residencia permanente. Esa es una medida correctiva que hay que hacer de manera inmediata\u201d.<\/h3>\n<h3>En d\u00edas previos, fueron varios los funcionarios que se manifestaron en el mismo sentido. El primero fue el jefe de Gobierno, <strong>Jorge Macri<\/strong>, quien reclam\u00f3 la reposici\u00f3n de un decreto que se firm\u00f3 en 2017, cuando Bullrich tambi\u00e9n estaba al frente de la cartera de Seguridad.<\/h3>\n<h3>Lo propio hizo el ministro de Seguridad porte\u00f1o, Waldo Wolff, quien respald\u00f3 su reclamo con estad\u00edsticas de la Ciudad.<\/h3>\n<h3>\u201cS\u00f3lo en 2023, en la Ciudad sufrimos m\u00e1s de 4.000 delitos, entre robos, hurtos, narcotr\u00e1fico y violencia de g\u00e9nero, a manos de extranjeros (sin nacionalidad regularizada)\u201d, detall\u00f3 Wolff en la red social X.<\/h3>\n<h3>El ministro del Interior, Guillermo Francos, tambi\u00e9n adhiri\u00f3 al pedido de expulsar a los extranjeros que cometan delitos en la Argentina y consider\u00f3 que deben \u201ccumplir con la pena\u201d que se les imponga, para luego ser \u201cexpulsados del pa\u00eds con prohibici\u00f3n de reingreso\u201d.<\/h3>\n<h3>En enero de 2017, el ex presidente Mauricio Macri firm\u00f3 el Decreto 70, que modific\u00f3 la Ley de Migraciones. La norma que hab\u00eda impuesto el ex mandatario se amparaba en la potestad del Estado para &#8220;decidir los criterios de admisi\u00f3n y expulsi\u00f3n de los no nacionales\u201d.<\/h3>\n<h3>En tanto, cre\u00f3 un \u201cprocedimiento migratorio especial sumar\u00edsimo\u201d para negar el ingreso y expulsar a delincuentes extranjeros con mayor agilidad.<\/h3>\n<h3>Ese decreto fue derogado por el Gobierno de Alberto Fern\u00e1ndez en 2021, quien argument\u00f3 que dicha normativa no trajo mejoras sustanciales en materia migratoria, sino que \u201cagrav\u00f3 exponencialmente la litigiosidad\u201d.<\/h3>\n<p>&nbsp;<\/p>\n<p>&nbsp;<\/p>\n<p>&nbsp;<\/p>\n","protected":false},"excerpt":{"rendered":"<p>La ministra de Seguridad, Patricia Bullrich, reclam\u00f3 hoy que la Justicia expulse del pa\u00eds a&#8230;<\/p>\n","protected":false},"author":1,"featured_media":10216,"comment_status":"closed","ping_status":"closed","sticky":false,"template":"","format":"standard","meta":{"footnotes":""},"categories":[5],"tags":[],"class_list":["post-10215","post","type-post","status-publish","format-standard","has-post-thumbnail","hentry","category-nacionales-internacionales"],"yoast_head":"<!-- This site is optimized with the Yoast SEO plugin v26.1.1 - https:\/\/yoast.com\/wordpress\/plugins\/seo\/ -->\n<title>BULLRICH LE PIDI\u00d3 A LA JUSTICIA QUE EXPULSE DEL PA\u00cdS A LOS EXTRANJEROS QUE DELINQUEN - Apuntes de San Luis<\/title>\n<meta name=\"robots\" content=\"index, follow, max-snippet:-1, max-image-preview:large, max-video-preview:-1\" \/>\n<link rel=\"canonical\" href=\"https:\/\/apuntesdesanluis.com\/index.php\/2024\/01\/16\/bullrich-le-pidio-a-la-justicia-que-expulse-del-pais-a-los-extranjeros-que-delinquen\/\" \/>\n<meta property=\"og:locale\" content=\"es_ES\" \/>\n<meta property=\"og:type\" content=\"article\" \/>\n<meta property=\"og:title\" content=\"BULLRICH LE PIDI\u00d3 A LA JUSTICIA QUE EXPULSE DEL PA\u00cdS A LOS EXTRANJEROS QUE DELINQUEN - Apuntes de San Luis\" \/>\n<meta property=\"og:description\" content=\"La ministra de Seguridad, Patricia Bullrich, reclam\u00f3 hoy que la Justicia expulse del pa\u00eds a...\" \/>\n<meta property=\"og:url\" content=\"https:\/\/apuntesdesanluis.com\/index.php\/2024\/01\/16\/bullrich-le-pidio-a-la-justicia-que-expulse-del-pais-a-los-extranjeros-que-delinquen\/\" \/>\n<meta property=\"og:site_name\" content=\"Apuntes de San Luis\" \/>\n<meta property=\"article:published_time\" content=\"2024-01-16T22:01:05+00:00\" \/>\n<meta property=\"og:image\" content=\"https:\/\/apuntesdesanluis.com\/wp-content\/uploads\/2024\/01\/BULLRICH.png\" \/>\n\t<meta property=\"og:image:width\" content=\"784\" \/>\n\t<meta property=\"og:image:height\" content=\"459\" \/>\n\t<meta property=\"og:image:type\" content=\"image\/png\" \/>\n<meta name=\"author\" content=\"apuntesdesanluis.com\" \/>\n<meta name=\"twitter:card\" content=\"summary_large_image\" \/>\n<meta name=\"twitter:label1\" content=\"Escrito por\" \/>\n\t<meta name=\"twitter:data1\" content=\"apuntesdesanluis.com\" \/>\n\t<meta name=\"twitter:label2\" content=\"Tiempo de lectura\" \/>\n\t<meta name=\"twitter:data2\" content=\"2 minutos\" \/>\n<script type=\"application\/ld+json\" class=\"yoast-schema-graph\">{\"@context\":\"https:\/\/schema.org\",\"@graph\":[{\"@type\":\"Article\",\"@id\":\"https:\/\/apuntesdesanluis.com\/index.php\/2024\/01\/16\/bullrich-le-pidio-a-la-justicia-que-expulse-del-pais-a-los-extranjeros-que-delinquen\/#article\",\"isPartOf\":{\"@id\":\"https:\/\/apuntesdesanluis.com\/index.php\/2024\/01\/16\/bullrich-le-pidio-a-la-justicia-que-expulse-del-pais-a-los-extranjeros-que-delinquen\/\"},\"author\":{\"name\":\"apuntesdesanluis.com\",\"@id\":\"https:\/\/apuntesdesanluis.com\/#\/schema\/person\/b55151d52296fcce64d1a72538a70b90\"},\"headline\":\"BULLRICH LE PIDI\u00d3 A LA JUSTICIA QUE EXPULSE DEL PA\u00cdS A LOS EXTRANJEROS QUE DELINQUEN\",\"datePublished\":\"2024-01-16T22:01:05+00:00\",\"mainEntityOfPage\":{\"@id\":\"https:\/\/apuntesdesanluis.com\/index.php\/2024\/01\/16\/bullrich-le-pidio-a-la-justicia-que-expulse-del-pais-a-los-extranjeros-que-delinquen\/\"},\"wordCount\":383,\"publisher\":{\"@id\":\"https:\/\/apuntesdesanluis.com\/#\/schema\/person\/b55151d52296fcce64d1a72538a70b90\"},\"image\":{\"@id\":\"https:\/\/apuntesdesanluis.com\/index.php\/2024\/01\/16\/bullrich-le-pidio-a-la-justicia-que-expulse-del-pais-a-los-extranjeros-que-delinquen\/#primaryimage\"},\"thumbnailUrl\":\"https:\/\/apuntesdesanluis.com\/wp-content\/uploads\/2024\/01\/BULLRICH.png\",\"articleSection\":[\"Nacionales\/Internacionales\"],\"inLanguage\":\"es-AR\"},{\"@type\":\"WebPage\",\"@id\":\"https:\/\/apuntesdesanluis.com\/index.php\/2024\/01\/16\/bullrich-le-pidio-a-la-justicia-que-expulse-del-pais-a-los-extranjeros-que-delinquen\/\",\"url\":\"https:\/\/apuntesdesanluis.com\/index.php\/2024\/01\/16\/bullrich-le-pidio-a-la-justicia-que-expulse-del-pais-a-los-extranjeros-que-delinquen\/\",\"name\":\"BULLRICH LE PIDI\u00d3 A LA JUSTICIA QUE EXPULSE DEL PA\u00cdS A LOS EXTRANJEROS QUE DELINQUEN - Apuntes de San Luis\",\"isPartOf\":{\"@id\":\"https:\/\/apuntesdesanluis.com\/#website\"},\"primaryImageOfPage\":{\"@id\":\"https:\/\/apuntesdesanluis.com\/index.php\/2024\/01\/16\/bullrich-le-pidio-a-la-justicia-que-expulse-del-pais-a-los-extranjeros-que-delinquen\/#primaryimage\"},\"image\":{\"@id\":\"https:\/\/apuntesdesanluis.com\/index.php\/2024\/01\/16\/bullrich-le-pidio-a-la-justicia-que-expulse-del-pais-a-los-extranjeros-que-delinquen\/#primaryimage\"},\"thumbnailUrl\":\"https:\/\/apuntesdesanluis.com\/wp-content\/uploads\/2024\/01\/BULLRICH.png\",\"datePublished\":\"2024-01-16T22:01:05+00:00\",\"breadcrumb\":{\"@id\":\"https:\/\/apuntesdesanluis.com\/index.php\/2024\/01\/16\/bullrich-le-pidio-a-la-justicia-que-expulse-del-pais-a-los-extranjeros-que-delinquen\/#breadcrumb\"},\"inLanguage\":\"es-AR\",\"potentialAction\":[{\"@type\":\"ReadAction\",\"target\":[\"https:\/\/apuntesdesanluis.com\/index.php\/2024\/01\/16\/bullrich-le-pidio-a-la-justicia-que-expulse-del-pais-a-los-extranjeros-que-delinquen\/\"]}]},{\"@type\":\"ImageObject\",\"inLanguage\":\"es-AR\",\"@id\":\"https:\/\/apuntesdesanluis.com\/index.php\/2024\/01\/16\/bullrich-le-pidio-a-la-justicia-que-expulse-del-pais-a-los-extranjeros-que-delinquen\/#primaryimage\",\"url\":\"https:\/\/apuntesdesanluis.com\/wp-content\/uploads\/2024\/01\/BULLRICH.png\",\"contentUrl\":\"https:\/\/apuntesdesanluis.com\/wp-content\/uploads\/2024\/01\/BULLRICH.png\",\"width\":784,\"height\":459},{\"@type\":\"BreadcrumbList\",\"@id\":\"https:\/\/apuntesdesanluis.com\/index.php\/2024\/01\/16\/bullrich-le-pidio-a-la-justicia-que-expulse-del-pais-a-los-extranjeros-que-delinquen\/#breadcrumb\",\"itemListElement\":[{\"@type\":\"ListItem\",\"position\":1,\"name\":\"Inicio\",\"item\":\"https:\/\/apuntesdesanluis.com\/\"},{\"@type\":\"ListItem\",\"position\":2,\"name\":\"BULLRICH LE PIDI\u00d3 A LA JUSTICIA QUE EXPULSE DEL PA\u00cdS A LOS EXTRANJEROS QUE DELINQUEN\"}]},{\"@type\":\"WebSite\",\"@id\":\"https:\/\/apuntesdesanluis.com\/#website\",\"url\":\"https:\/\/apuntesdesanluis.com\/\",\"name\":\"Apuntes de San Luis\",\"description\":\"\",\"publisher\":{\"@id\":\"https:\/\/apuntesdesanluis.com\/#\/schema\/person\/b55151d52296fcce64d1a72538a70b90\"},\"potentialAction\":[{\"@type\":\"SearchAction\",\"target\":{\"@type\":\"EntryPoint\",\"urlTemplate\":\"https:\/\/apuntesdesanluis.com\/?s={search_term_string}\"},\"query-input\":{\"@type\":\"PropertyValueSpecification\",\"valueRequired\":true,\"valueName\":\"search_term_string\"}}],\"inLanguage\":\"es-AR\"},{\"@type\":[\"Person\",\"Organization\"],\"@id\":\"https:\/\/apuntesdesanluis.com\/#\/schema\/person\/b55151d52296fcce64d1a72538a70b90\",\"name\":\"apuntesdesanluis.com\",\"image\":{\"@type\":\"ImageObject\",\"inLanguage\":\"es-AR\",\"@id\":\"https:\/\/apuntesdesanluis.com\/#\/schema\/person\/image\/\",\"url\":\"https:\/\/apuntesdesanluis.com\/wp-content\/uploads\/2023\/07\/cropped-apuntesdesanluis.png\",\"contentUrl\":\"https:\/\/apuntesdesanluis.com\/wp-content\/uploads\/2023\/07\/cropped-apuntesdesanluis.png\",\"width\":450,\"height\":112,\"caption\":\"apuntesdesanluis.com\"},\"logo\":{\"@id\":\"https:\/\/apuntesdesanluis.com\/#\/schema\/person\/image\/\"},\"sameAs\":[\"https:\/\/apuntesdesanluis.com\"],\"url\":\"https:\/\/apuntesdesanluis.com\/index.php\/author\/apuntesdesanluis-com\/\"}]}<\/script>\n<!-- \/ Yoast SEO plugin. -->","yoast_head_json":{"title":"BULLRICH LE PIDI\u00d3 A LA JUSTICIA QUE EXPULSE DEL PA\u00cdS A LOS EXTRANJEROS QUE DELINQUEN - Apuntes de San Luis","robots":{"index":"index","follow":"follow","max-snippet":"max-snippet:-1","max-image-preview":"max-image-preview:large","max-video-preview":"max-video-preview:-1"},"canonical":"https:\/\/apuntesdesanluis.com\/index.php\/2024\/01\/16\/bullrich-le-pidio-a-la-justicia-que-expulse-del-pais-a-los-extranjeros-que-delinquen\/","og_locale":"es_ES","og_type":"article","og_title":"BULLRICH LE PIDI\u00d3 A LA JUSTICIA QUE EXPULSE DEL PA\u00cdS A LOS EXTRANJEROS QUE DELINQUEN - Apuntes de San Luis","og_description":"La ministra de Seguridad, Patricia Bullrich, reclam\u00f3 hoy que la Justicia expulse del pa\u00eds a...","og_url":"https:\/\/apuntesdesanluis.com\/index.php\/2024\/01\/16\/bullrich-le-pidio-a-la-justicia-que-expulse-del-pais-a-los-extranjeros-que-delinquen\/","og_site_name":"Apuntes de San Luis","article_published_time":"2024-01-16T22:01:05+00:00","og_image":[{"width":784,"height":459,"url":"https:\/\/apuntesdesanluis.com\/wp-content\/uploads\/2024\/01\/BULLRICH.png","type":"image\/png"}],"author":"apuntesdesanluis.com","twitter_card":"summary_large_image","twitter_misc":{"Escrito por":"apuntesdesanluis.com","Tiempo de lectura":"2 minutos"},"schema":{"@context":"https:\/\/schema.org","@graph":[{"@type":"Article","@id":"https:\/\/apuntesdesanluis.com\/index.php\/2024\/01\/16\/bullrich-le-pidio-a-la-justicia-que-expulse-del-pais-a-los-extranjeros-que-delinquen\/#article","isPartOf":{"@id":"https:\/\/apuntesdesanluis.com\/index.php\/2024\/01\/16\/bullrich-le-pidio-a-la-justicia-que-expulse-del-pais-a-los-extranjeros-que-delinquen\/"},"author":{"name":"apuntesdesanluis.com","@id":"https:\/\/apuntesdesanluis.com\/#\/schema\/person\/b55151d52296fcce64d1a72538a70b90"},"headline":"BULLRICH LE PIDI\u00d3 A LA JUSTICIA QUE EXPULSE DEL PA\u00cdS A LOS EXTRANJEROS QUE DELINQUEN","datePublished":"2024-01-16T22:01:05+00:00","mainEntityOfPage":{"@id":"https:\/\/apuntesdesanluis.com\/index.php\/2024\/01\/16\/bullrich-le-pidio-a-la-justicia-que-expulse-del-pais-a-los-extranjeros-que-delinquen\/"},"wordCount":383,"publisher":{"@id":"https:\/\/apuntesdesanluis.com\/#\/schema\/person\/b55151d52296fcce64d1a72538a70b90"},"image":{"@id":"https:\/\/apuntesdesanluis.com\/index.php\/2024\/01\/16\/bullrich-le-pidio-a-la-justicia-que-expulse-del-pais-a-los-extranjeros-que-delinquen\/#primaryimage"},"thumbnailUrl":"https:\/\/apuntesdesanluis.com\/wp-content\/uploads\/2024\/01\/BULLRICH.png","articleSection":["Nacionales\/Internacionales"],"inLanguage":"es-AR"},{"@type":"WebPage","@id":"https:\/\/apuntesdesanluis.com\/index.php\/2024\/01\/16\/bullrich-le-pidio-a-la-justicia-que-expulse-del-pais-a-los-extranjeros-que-delinquen\/","url":"https:\/\/apuntesdesanluis.com\/index.php\/2024\/01\/16\/bullrich-le-pidio-a-la-justicia-que-expulse-del-pais-a-los-extranjeros-que-delinquen\/","name":"BULLRICH LE PIDI\u00d3 A LA JUSTICIA QUE EXPULSE DEL PA\u00cdS A LOS EXTRANJEROS QUE DELINQUEN - Apuntes de San Luis","isPartOf":{"@id":"https:\/\/apuntesdesanluis.com\/#website"},"primaryImageOfPage":{"@id":"https:\/\/apuntesdesanluis.com\/index.php\/2024\/01\/16\/bullrich-le-pidio-a-la-justicia-que-expulse-del-pais-a-los-extranjeros-que-delinquen\/#primaryimage"},"image":{"@id":"https:\/\/apuntesdesanluis.com\/index.php\/2024\/01\/16\/bullrich-le-pidio-a-la-justicia-que-expulse-del-pais-a-los-extranjeros-que-delinquen\/#primaryimage"},"thumbnailUrl":"https:\/\/apuntesdesanluis.com\/wp-content\/uploads\/2024\/01\/BULLRICH.png","datePublished":"2024-01-16T22:01:05+00:00","breadcrumb":{"@id":"https:\/\/apuntesdesanluis.com\/index.php\/2024\/01\/16\/bullrich-le-pidio-a-la-justicia-que-expulse-del-pais-a-los-extranjeros-que-delinquen\/#breadcrumb"},"inLanguage":"es-AR","potentialAction":[{"@type":"ReadAction","target":["https:\/\/apuntesdesanluis.com\/index.php\/2024\/01\/16\/bullrich-le-pidio-a-la-justicia-que-expulse-del-pais-a-los-extranjeros-que-delinquen\/"]}]},{"@type":"ImageObject","inLanguage":"es-AR","@id":"https:\/\/apuntesdesanluis.com\/index.php\/2024\/01\/16\/bullrich-le-pidio-a-la-justicia-que-expulse-del-pais-a-los-extranjeros-que-delinquen\/#primaryimage","url":"https:\/\/apuntesdesanluis.com\/wp-content\/uploads\/2024\/01\/BULLRICH.png","contentUrl":"https:\/\/apuntesdesanluis.com\/wp-content\/uploads\/2024\/01\/BULLRICH.png","width":784,"height":459},{"@type":"BreadcrumbList","@id":"https:\/\/apuntesdesanluis.com\/index.php\/2024\/01\/16\/bullrich-le-pidio-a-la-justicia-que-expulse-del-pais-a-los-extranjeros-que-delinquen\/#breadcrumb","itemListElement":[{"@type":"ListItem","position":1,"name":"Inicio","item":"https:\/\/apuntesdesanluis.com\/"},{"@type":"ListItem","position":2,"name":"BULLRICH LE PIDI\u00d3 A LA JUSTICIA QUE EXPULSE DEL PA\u00cdS A LOS EXTRANJEROS QUE DELINQUEN"}]},{"@type":"WebSite","@id":"https:\/\/apuntesdesanluis.com\/#website","url":"https:\/\/apuntesdesanluis.com\/","name":"Apuntes de San Luis","description":"","publisher":{"@id":"https:\/\/apuntesdesanluis.com\/#\/schema\/person\/b55151d52296fcce64d1a72538a70b90"},"potentialAction":[{"@type":"SearchAction","target":{"@type":"EntryPoint","urlTemplate":"https:\/\/apuntesdesanluis.com\/?s={search_term_string}"},"query-input":{"@type":"PropertyValueSpecification","valueRequired":true,"valueName":"search_term_string"}}],"inLanguage":"es-AR"},{"@type":["Person","Organization"],"@id":"https:\/\/apuntesdesanluis.com\/#\/schema\/person\/b55151d52296fcce64d1a72538a70b90","name":"apuntesdesanluis.com","image":{"@type":"ImageObject","inLanguage":"es-AR","@id":"https:\/\/apuntesdesanluis.com\/#\/schema\/person\/image\/","url":"https:\/\/apuntesdesanluis.com\/wp-content\/uploads\/2023\/07\/cropped-apuntesdesanluis.png","contentUrl":"https:\/\/apuntesdesanluis.com\/wp-content\/uploads\/2023\/07\/cropped-apuntesdesanluis.png","width":450,"height":112,"caption":"apuntesdesanluis.com"},"logo":{"@id":"https:\/\/apuntesdesanluis.com\/#\/schema\/person\/image\/"},"sameAs":["https:\/\/apuntesdesanluis.com"],"url":"https:\/\/apuntesdesanluis.com\/index.php\/author\/apuntesdesanluis-com\/"}]}},"featured_image_urls":{"full":["https:\/\/apuntesdesanluis.com\/wp-content\/uploads\/2024\/01\/BULLRICH.png",784,459,false],"thumbnail":["https:\/\/apuntesdesanluis.com\/wp-content\/uploads\/2024\/01\/BULLRICH-150x150.png",150,150,true],"medium":["https:\/\/apuntesdesanluis.com\/wp-content\/uploads\/2024\/01\/BULLRICH-300x176.png",300,176,true],"medium_large":["https:\/\/apuntesdesanluis.com\/wp-content\/uploads\/2024\/01\/BULLRICH-768x450.png",640,375,true],"large":["https:\/\/apuntesdesanluis.com\/wp-content\/uploads\/2024\/01\/BULLRICH.png",640,375,false],"1536x1536":["https:\/\/apuntesdesanluis.com\/wp-content\/uploads\/2024\/01\/BULLRICH.png",784,459,false],"2048x2048":["https:\/\/apuntesdesanluis.com\/wp-content\/uploads\/2024\/01\/BULLRICH.png",784,459,false],"newsever-slider-full":["https:\/\/apuntesdesanluis.com\/wp-content\/uploads\/2024\/01\/BULLRICH.png",784,459,false],"newsever-featured":["https:\/\/apuntesdesanluis.com\/wp-content\/uploads\/2024\/01\/BULLRICH.png",784,459,false],"newsever-medium":["https:\/\/apuntesdesanluis.com\/wp-content\/uploads\/2024\/01\/BULLRICH-720x459.png",720,459,true]},"author_info":{"display_name":"apuntesdesanluis.com","author_link":"https:\/\/apuntesdesanluis.com\/index.php\/author\/apuntesdesanluis-com\/"},"category_info":"<a href=\"https:\/\/apuntesdesanluis.com\/index.php\/category\/nacionales-internacionales\/\" rel=\"category tag\">Nacionales\/Internacionales<\/a>","tag_info":"Nacionales\/Internacionales","comment_count":"0","_links":{"self":[{"href":"https:\/\/apuntesdesanluis.com\/index.php\/wp-json\/wp\/v2\/posts\/10215","targetHints":{"allow":["GET"]}}],"collection":[{"href":"https:\/\/apuntesdesanluis.com\/index.php\/wp-json\/wp\/v2\/posts"}],"about":[{"href":"https:\/\/apuntesdesanluis.com\/index.php\/wp-json\/wp\/v2\/types\/post"}],"author":[{"embeddable":true,"href":"https:\/\/apuntesdesanluis.com\/index.php\/wp-json\/wp\/v2\/users\/1"}],"replies":[{"embeddable":true,"href":"https:\/\/apuntesdesanluis.com\/index.php\/wp-json\/wp\/v2\/comments?post=10215"}],"version-history":[{"count":1,"href":"https:\/\/apuntesdesanluis.com\/index.php\/wp-json\/wp\/v2\/posts\/10215\/revisions"}],"predecessor-version":[{"id":10217,"href":"https:\/\/apuntesdesanluis.com\/index.php\/wp-json\/wp\/v2\/posts\/10215\/revisions\/10217"}],"wp:featuredmedia":[{"embeddable":true,"href":"https:\/\/apuntesdesanluis.com\/index.php\/wp-json\/wp\/v2\/media\/10216"}],"wp:attachment":[{"href":"https:\/\/apuntesdesanluis.com\/index.php\/wp-json\/wp\/v2\/media?parent=10215"}],"wp:term":[{"taxonomy":"category","embeddable":true,"href":"https:\/\/apuntesdesanluis.com\/index.php\/wp-json\/wp\/v2\/categories?post=10215"},{"taxonomy":"post_tag","embeddable":true,"href":"https:\/\/apuntesdesanluis.com\/index.php\/wp-json\/wp\/v2\/tags?post=10215"}],"curies":[{"name":"wp","href":"https:\/\/api.w.org\/{rel}","templated":true}]}}