{"id":10221,"date":"2024-01-16T10:12:59","date_gmt":"2024-01-16T13:12:59","guid":{"rendered":"https:\/\/apuntesdesanluis.com\/?p=10221"},"modified":"2024-01-16T19:14:45","modified_gmt":"2024-01-16T22:14:45","slug":"tres-meses-de-prision-preventiva-para-el-hombre-que-agredio-a-su-pareja-en-tilisarao","status":"publish","type":"post","link":"https:\/\/apuntesdesanluis.com\/index.php\/2024\/01\/16\/tres-meses-de-prision-preventiva-para-el-hombre-que-agredio-a-su-pareja-en-tilisarao\/","title":{"rendered":"TRES MESES DE PRISI\u00d3N PREVENTIVA PARA EL HOMBRE QUE AGREDI\u00d3 A SU PAREJA EN TILISARAO"},"content":{"rendered":"<h3><strong>M.C.<\/strong>, el hombre de 48 a\u00f1os detenido el pasado 10 de enero por agredir a la mam\u00e1 de su beb\u00e9 en Tilisarao, pasar\u00e1 los pr\u00f3ximos tres meses en prisi\u00f3n preventiva hasta tanto la justicia defina su situaci\u00f3n procesal.<\/h3>\n<h3>As\u00ed lo dispuso el Juez de Garant\u00eda subrogante en feria de la ciudad de San Luis, Marcos Flores Leyes, en la audiencia de formulaci\u00f3n de cargos desarrollada este 15 de enero, luego de que la defensa del imputado solicitara el cese de la pr\u00f3rroga de detenci\u00f3n.<\/h3>\n<h3>En efecto, la Fiscal de Instrucci\u00f3n D\u00e9bora Antonella Roy Gitto, acompa\u00f1ada por su par adjunta, Lucila Giampieri, reiter\u00f3 el pedido de prisi\u00f3n preventiva para M.C. por el t\u00e9rmino de 120 d\u00edas, se\u00f1al\u00e1ndolo como presunto autor del delito de incumplimiento a una orden judicial en concurso real con el delito de privaci\u00f3n ileg\u00edtima de la libertad, y lesiones leves agravadas por ser cometidas en contexto de violencia de g\u00e9nero, en concurso ideal, en perjuicio de su pareja.<\/h3>\n<h3>Entre los fundamentos de su pedido, Roy Gitto sostuvo que la medida de coerci\u00f3n resultaba indispensable para asegurar que el imputado se sometiera al proceso y evitar el entorpecimiento de la investigaci\u00f3n, teniendo en cuenta que ya hab\u00eda desobedecido una orden judicial y que pod\u00eda influir sobre la declaraci\u00f3n de algunos de los testigos.<\/h3>\n<h3>Tambi\u00e9n hizo hincapi\u00e9 en la necesidad de proteger a la v\u00edctima y a sus dos hijas: una de tres meses, fruto de la relaci\u00f3n con el imputado, y otra de cuatro a\u00f1os, hija de una pareja anterior. En ese sentido, pidi\u00f3 al juez que al momento de resolver valorara la situaci\u00f3n de vulnerabilidad en la que se encuentra la joven; los escasos recursos econ\u00f3micos con los que cuenta; el poder de manipulaci\u00f3n que tiene M.C. sobre ella, en parte, por la marcada diferencia de edad que existe entre ambos; el contexto de violencia de g\u00e9nero en el que se enmarca la relaci\u00f3n; y el temor expreso de la v\u00edctima a que el imputado recupere la libertad.<\/h3>\n<h3>Ante la renuncia del abogado defensor que intervino en la primera audiencia, los letrados Francisco Mu\u00f1oz y Mario Aimale asumieron en representaci\u00f3n de M.C.<\/h3>\n<h3>Ambos manifestaron que no existen pruebas para sostener los cargos formulados por la fiscal\u00eda y que la medida de coerci\u00f3n resultaba exagerada. Dijeron que a su defendido se lo estaba acusando de forma apresurada y tergiversada, que no revest\u00eda peligro alguno para la denunciante y su familia, sobre todo teniendo en cuenta que \u00e9l vive en Tilisarao y ella en Villa Mercedes. Adem\u00e1s, afirmaron que el incumplimiento a la prohibici\u00f3n de acercamiento fue mutuo y que las lesiones no estaban probadas.<\/h3>\n<h3>Por todo ello, solicitaron la inmediata libertad de su representado y, como alternativa a la medida de coerci\u00f3n requerida por el Ministerio Fiscal, propusieron que su defendido firme peri\u00f3dicamente el libro de imputados ante la Comisar\u00eda de Tilisarao; realice tratamiento psicol\u00f3gico en el hospital local; y se abstenga de mantener cualquier tipo de contacto con la denunciante y su familia.<\/h3>\n<h3>Tras analizar las presentaciones de las partes, el magistrado Flores Leyes resolvi\u00f3, en primer t\u00e9rmino, tener por formulados los cargos en contra de M.C.<\/h3>\n<h3>Respecto al pedido de prisi\u00f3n preventiva por 120 d\u00edas, consider\u00f3 que las especiales caracter\u00edsticas del hecho dan cuenta de que efectivamente existe un contexto de violencia de g\u00e9nero, y que el extremo de riesgo para la integridad de la v\u00edctima qued\u00f3 cabalmente demostrado en atenci\u00f3n a la medida cautelar tomada anteriormente, esto es, la prohibici\u00f3n de acercamiento dictada en la causa por violencia familiar, la que fue desobedecida por el imputado.<\/h3>\n<h3>En pos de asegurar la celeridad en las etapas del proceso, es decir, el control de acusaci\u00f3n y el eventual juicio oral, el juez dispuso hacer lugar a la medida de coerci\u00f3n por el plazo de 90 d\u00edas, tiempo en el cual, el imputado permanecer\u00e1 alojado en el Servicio Penitenciario Provincial.<\/h3>\n","protected":false},"excerpt":{"rendered":"<p>M.C., el hombre de 48 a\u00f1os detenido el pasado 10 de enero por agredir a&#8230;<\/p>\n","protected":false},"author":1,"featured_media":10222,"comment_status":"closed","ping_status":"closed","sticky":false,"template":"","format":"standard","meta":{"footnotes":""},"categories":[6],"tags":[],"class_list":["post-10221","post","type-post","status-publish","format-standard","has-post-thumbnail","hentry","category-ciudad-provincia"],"yoast_head":"<!-- This site is optimized with the Yoast SEO plugin v26.1.1 - https:\/\/yoast.com\/wordpress\/plugins\/seo\/ -->\n<title>TRES MESES DE PRISI\u00d3N PREVENTIVA PARA EL HOMBRE QUE AGREDI\u00d3 A SU PAREJA EN TILISARAO - Apuntes de San Luis<\/title>\n<meta name=\"robots\" content=\"index, follow, max-snippet:-1, max-image-preview:large, max-video-preview:-1\" \/>\n<link rel=\"canonical\" href=\"https:\/\/apuntesdesanluis.com\/index.php\/2024\/01\/16\/tres-meses-de-prision-preventiva-para-el-hombre-que-agredio-a-su-pareja-en-tilisarao\/\" \/>\n<meta property=\"og:locale\" content=\"es_ES\" \/>\n<meta property=\"og:type\" content=\"article\" \/>\n<meta property=\"og:title\" content=\"TRES MESES DE PRISI\u00d3N PREVENTIVA PARA EL HOMBRE QUE AGREDI\u00d3 A SU PAREJA EN TILISARAO - Apuntes de San Luis\" \/>\n<meta property=\"og:description\" content=\"M.C., el hombre de 48 a\u00f1os detenido el pasado 10 de enero por agredir a...\" \/>\n<meta property=\"og:url\" content=\"https:\/\/apuntesdesanluis.com\/index.php\/2024\/01\/16\/tres-meses-de-prision-preventiva-para-el-hombre-que-agredio-a-su-pareja-en-tilisarao\/\" \/>\n<meta property=\"og:site_name\" content=\"Apuntes de San Luis\" \/>\n<meta property=\"article:published_time\" content=\"2024-01-16T13:12:59+00:00\" \/>\n<meta property=\"article:modified_time\" content=\"2024-01-16T22:14:45+00:00\" \/>\n<meta property=\"og:image\" content=\"https:\/\/apuntesdesanluis.com\/wp-content\/uploads\/2024\/01\/AUDIENCIA.png\" \/>\n\t<meta property=\"og:image:width\" content=\"600\" \/>\n\t<meta property=\"og:image:height\" content=\"345\" \/>\n\t<meta property=\"og:image:type\" content=\"image\/png\" \/>\n<meta name=\"author\" content=\"apuntesdesanluis.com\" \/>\n<meta name=\"twitter:card\" content=\"summary_large_image\" \/>\n<meta name=\"twitter:label1\" content=\"Escrito por\" \/>\n\t<meta name=\"twitter:data1\" content=\"apuntesdesanluis.com\" \/>\n\t<meta name=\"twitter:label2\" content=\"Tiempo de lectura\" \/>\n\t<meta name=\"twitter:data2\" content=\"3 minutos\" \/>\n<script type=\"application\/ld+json\" class=\"yoast-schema-graph\">{\"@context\":\"https:\/\/schema.org\",\"@graph\":[{\"@type\":\"Article\",\"@id\":\"https:\/\/apuntesdesanluis.com\/index.php\/2024\/01\/16\/tres-meses-de-prision-preventiva-para-el-hombre-que-agredio-a-su-pareja-en-tilisarao\/#article\",\"isPartOf\":{\"@id\":\"https:\/\/apuntesdesanluis.com\/index.php\/2024\/01\/16\/tres-meses-de-prision-preventiva-para-el-hombre-que-agredio-a-su-pareja-en-tilisarao\/\"},\"author\":{\"name\":\"apuntesdesanluis.com\",\"@id\":\"https:\/\/apuntesdesanluis.com\/#\/schema\/person\/b55151d52296fcce64d1a72538a70b90\"},\"headline\":\"TRES MESES DE PRISI\u00d3N PREVENTIVA PARA EL HOMBRE QUE AGREDI\u00d3 A SU PAREJA EN TILISARAO\",\"datePublished\":\"2024-01-16T13:12:59+00:00\",\"dateModified\":\"2024-01-16T22:14:45+00:00\",\"mainEntityOfPage\":{\"@id\":\"https:\/\/apuntesdesanluis.com\/index.php\/2024\/01\/16\/tres-meses-de-prision-preventiva-para-el-hombre-que-agredio-a-su-pareja-en-tilisarao\/\"},\"wordCount\":712,\"publisher\":{\"@id\":\"https:\/\/apuntesdesanluis.com\/#\/schema\/person\/b55151d52296fcce64d1a72538a70b90\"},\"image\":{\"@id\":\"https:\/\/apuntesdesanluis.com\/index.php\/2024\/01\/16\/tres-meses-de-prision-preventiva-para-el-hombre-que-agredio-a-su-pareja-en-tilisarao\/#primaryimage\"},\"thumbnailUrl\":\"https:\/\/apuntesdesanluis.com\/wp-content\/uploads\/2024\/01\/AUDIENCIA.png\",\"articleSection\":[\"Ciudad\/Provincia\"],\"inLanguage\":\"es-AR\"},{\"@type\":\"WebPage\",\"@id\":\"https:\/\/apuntesdesanluis.com\/index.php\/2024\/01\/16\/tres-meses-de-prision-preventiva-para-el-hombre-que-agredio-a-su-pareja-en-tilisarao\/\",\"url\":\"https:\/\/apuntesdesanluis.com\/index.php\/2024\/01\/16\/tres-meses-de-prision-preventiva-para-el-hombre-que-agredio-a-su-pareja-en-tilisarao\/\",\"name\":\"TRES MESES DE PRISI\u00d3N PREVENTIVA PARA EL HOMBRE QUE AGREDI\u00d3 A SU PAREJA EN TILISARAO - Apuntes de San Luis\",\"isPartOf\":{\"@id\":\"https:\/\/apuntesdesanluis.com\/#website\"},\"primaryImageOfPage\":{\"@id\":\"https:\/\/apuntesdesanluis.com\/index.php\/2024\/01\/16\/tres-meses-de-prision-preventiva-para-el-hombre-que-agredio-a-su-pareja-en-tilisarao\/#primaryimage\"},\"image\":{\"@id\":\"https:\/\/apuntesdesanluis.com\/index.php\/2024\/01\/16\/tres-meses-de-prision-preventiva-para-el-hombre-que-agredio-a-su-pareja-en-tilisarao\/#primaryimage\"},\"thumbnailUrl\":\"https:\/\/apuntesdesanluis.com\/wp-content\/uploads\/2024\/01\/AUDIENCIA.png\",\"datePublished\":\"2024-01-16T13:12:59+00:00\",\"dateModified\":\"2024-01-16T22:14:45+00:00\",\"breadcrumb\":{\"@id\":\"https:\/\/apuntesdesanluis.com\/index.php\/2024\/01\/16\/tres-meses-de-prision-preventiva-para-el-hombre-que-agredio-a-su-pareja-en-tilisarao\/#breadcrumb\"},\"inLanguage\":\"es-AR\",\"potentialAction\":[{\"@type\":\"ReadAction\",\"target\":[\"https:\/\/apuntesdesanluis.com\/index.php\/2024\/01\/16\/tres-meses-de-prision-preventiva-para-el-hombre-que-agredio-a-su-pareja-en-tilisarao\/\"]}]},{\"@type\":\"ImageObject\",\"inLanguage\":\"es-AR\",\"@id\":\"https:\/\/apuntesdesanluis.com\/index.php\/2024\/01\/16\/tres-meses-de-prision-preventiva-para-el-hombre-que-agredio-a-su-pareja-en-tilisarao\/#primaryimage\",\"url\":\"https:\/\/apuntesdesanluis.com\/wp-content\/uploads\/2024\/01\/AUDIENCIA.png\",\"contentUrl\":\"https:\/\/apuntesdesanluis.com\/wp-content\/uploads\/2024\/01\/AUDIENCIA.png\",\"width\":600,\"height\":345},{\"@type\":\"BreadcrumbList\",\"@id\":\"https:\/\/apuntesdesanluis.com\/index.php\/2024\/01\/16\/tres-meses-de-prision-preventiva-para-el-hombre-que-agredio-a-su-pareja-en-tilisarao\/#breadcrumb\",\"itemListElement\":[{\"@type\":\"ListItem\",\"position\":1,\"name\":\"Inicio\",\"item\":\"https:\/\/apuntesdesanluis.com\/\"},{\"@type\":\"ListItem\",\"position\":2,\"name\":\"TRES MESES DE PRISI\u00d3N PREVENTIVA PARA EL HOMBRE QUE AGREDI\u00d3 A SU PAREJA EN TILISARAO\"}]},{\"@type\":\"WebSite\",\"@id\":\"https:\/\/apuntesdesanluis.com\/#website\",\"url\":\"https:\/\/apuntesdesanluis.com\/\",\"name\":\"Apuntes de San Luis\",\"description\":\"\",\"publisher\":{\"@id\":\"https:\/\/apuntesdesanluis.com\/#\/schema\/person\/b55151d52296fcce64d1a72538a70b90\"},\"potentialAction\":[{\"@type\":\"SearchAction\",\"target\":{\"@type\":\"EntryPoint\",\"urlTemplate\":\"https:\/\/apuntesdesanluis.com\/?s={search_term_string}\"},\"query-input\":{\"@type\":\"PropertyValueSpecification\",\"valueRequired\":true,\"valueName\":\"search_term_string\"}}],\"inLanguage\":\"es-AR\"},{\"@type\":[\"Person\",\"Organization\"],\"@id\":\"https:\/\/apuntesdesanluis.com\/#\/schema\/person\/b55151d52296fcce64d1a72538a70b90\",\"name\":\"apuntesdesanluis.com\",\"image\":{\"@type\":\"ImageObject\",\"inLanguage\":\"es-AR\",\"@id\":\"https:\/\/apuntesdesanluis.com\/#\/schema\/person\/image\/\",\"url\":\"https:\/\/apuntesdesanluis.com\/wp-content\/uploads\/2023\/07\/cropped-apuntesdesanluis.png\",\"contentUrl\":\"https:\/\/apuntesdesanluis.com\/wp-content\/uploads\/2023\/07\/cropped-apuntesdesanluis.png\",\"width\":450,\"height\":112,\"caption\":\"apuntesdesanluis.com\"},\"logo\":{\"@id\":\"https:\/\/apuntesdesanluis.com\/#\/schema\/person\/image\/\"},\"sameAs\":[\"https:\/\/apuntesdesanluis.com\"],\"url\":\"https:\/\/apuntesdesanluis.com\/index.php\/author\/apuntesdesanluis-com\/\"}]}<\/script>\n<!-- \/ Yoast SEO plugin. -->","yoast_head_json":{"title":"TRES MESES DE PRISI\u00d3N PREVENTIVA PARA EL HOMBRE QUE AGREDI\u00d3 A SU PAREJA EN TILISARAO - Apuntes de San Luis","robots":{"index":"index","follow":"follow","max-snippet":"max-snippet:-1","max-image-preview":"max-image-preview:large","max-video-preview":"max-video-preview:-1"},"canonical":"https:\/\/apuntesdesanluis.com\/index.php\/2024\/01\/16\/tres-meses-de-prision-preventiva-para-el-hombre-que-agredio-a-su-pareja-en-tilisarao\/","og_locale":"es_ES","og_type":"article","og_title":"TRES MESES DE PRISI\u00d3N PREVENTIVA PARA EL HOMBRE QUE AGREDI\u00d3 A SU PAREJA EN TILISARAO - Apuntes de San Luis","og_description":"M.C., el hombre de 48 a\u00f1os detenido el pasado 10 de enero por agredir a...","og_url":"https:\/\/apuntesdesanluis.com\/index.php\/2024\/01\/16\/tres-meses-de-prision-preventiva-para-el-hombre-que-agredio-a-su-pareja-en-tilisarao\/","og_site_name":"Apuntes de San Luis","article_published_time":"2024-01-16T13:12:59+00:00","article_modified_time":"2024-01-16T22:14:45+00:00","og_image":[{"width":600,"height":345,"url":"https:\/\/apuntesdesanluis.com\/wp-content\/uploads\/2024\/01\/AUDIENCIA.png","type":"image\/png"}],"author":"apuntesdesanluis.com","twitter_card":"summary_large_image","twitter_misc":{"Escrito por":"apuntesdesanluis.com","Tiempo de lectura":"3 minutos"},"schema":{"@context":"https:\/\/schema.org","@graph":[{"@type":"Article","@id":"https:\/\/apuntesdesanluis.com\/index.php\/2024\/01\/16\/tres-meses-de-prision-preventiva-para-el-hombre-que-agredio-a-su-pareja-en-tilisarao\/#article","isPartOf":{"@id":"https:\/\/apuntesdesanluis.com\/index.php\/2024\/01\/16\/tres-meses-de-prision-preventiva-para-el-hombre-que-agredio-a-su-pareja-en-tilisarao\/"},"author":{"name":"apuntesdesanluis.com","@id":"https:\/\/apuntesdesanluis.com\/#\/schema\/person\/b55151d52296fcce64d1a72538a70b90"},"headline":"TRES MESES DE PRISI\u00d3N PREVENTIVA PARA EL HOMBRE QUE AGREDI\u00d3 A SU PAREJA EN TILISARAO","datePublished":"2024-01-16T13:12:59+00:00","dateModified":"2024-01-16T22:14:45+00:00","mainEntityOfPage":{"@id":"https:\/\/apuntesdesanluis.com\/index.php\/2024\/01\/16\/tres-meses-de-prision-preventiva-para-el-hombre-que-agredio-a-su-pareja-en-tilisarao\/"},"wordCount":712,"publisher":{"@id":"https:\/\/apuntesdesanluis.com\/#\/schema\/person\/b55151d52296fcce64d1a72538a70b90"},"image":{"@id":"https:\/\/apuntesdesanluis.com\/index.php\/2024\/01\/16\/tres-meses-de-prision-preventiva-para-el-hombre-que-agredio-a-su-pareja-en-tilisarao\/#primaryimage"},"thumbnailUrl":"https:\/\/apuntesdesanluis.com\/wp-content\/uploads\/2024\/01\/AUDIENCIA.png","articleSection":["Ciudad\/Provincia"],"inLanguage":"es-AR"},{"@type":"WebPage","@id":"https:\/\/apuntesdesanluis.com\/index.php\/2024\/01\/16\/tres-meses-de-prision-preventiva-para-el-hombre-que-agredio-a-su-pareja-en-tilisarao\/","url":"https:\/\/apuntesdesanluis.com\/index.php\/2024\/01\/16\/tres-meses-de-prision-preventiva-para-el-hombre-que-agredio-a-su-pareja-en-tilisarao\/","name":"TRES MESES DE PRISI\u00d3N PREVENTIVA PARA EL HOMBRE QUE AGREDI\u00d3 A SU PAREJA EN TILISARAO - Apuntes de San Luis","isPartOf":{"@id":"https:\/\/apuntesdesanluis.com\/#website"},"primaryImageOfPage":{"@id":"https:\/\/apuntesdesanluis.com\/index.php\/2024\/01\/16\/tres-meses-de-prision-preventiva-para-el-hombre-que-agredio-a-su-pareja-en-tilisarao\/#primaryimage"},"image":{"@id":"https:\/\/apuntesdesanluis.com\/index.php\/2024\/01\/16\/tres-meses-de-prision-preventiva-para-el-hombre-que-agredio-a-su-pareja-en-tilisarao\/#primaryimage"},"thumbnailUrl":"https:\/\/apuntesdesanluis.com\/wp-content\/uploads\/2024\/01\/AUDIENCIA.png","datePublished":"2024-01-16T13:12:59+00:00","dateModified":"2024-01-16T22:14:45+00:00","breadcrumb":{"@id":"https:\/\/apuntesdesanluis.com\/index.php\/2024\/01\/16\/tres-meses-de-prision-preventiva-para-el-hombre-que-agredio-a-su-pareja-en-tilisarao\/#breadcrumb"},"inLanguage":"es-AR","potentialAction":[{"@type":"ReadAction","target":["https:\/\/apuntesdesanluis.com\/index.php\/2024\/01\/16\/tres-meses-de-prision-preventiva-para-el-hombre-que-agredio-a-su-pareja-en-tilisarao\/"]}]},{"@type":"ImageObject","inLanguage":"es-AR","@id":"https:\/\/apuntesdesanluis.com\/index.php\/2024\/01\/16\/tres-meses-de-prision-preventiva-para-el-hombre-que-agredio-a-su-pareja-en-tilisarao\/#primaryimage","url":"https:\/\/apuntesdesanluis.com\/wp-content\/uploads\/2024\/01\/AUDIENCIA.png","contentUrl":"https:\/\/apuntesdesanluis.com\/wp-content\/uploads\/2024\/01\/AUDIENCIA.png","width":600,"height":345},{"@type":"BreadcrumbList","@id":"https:\/\/apuntesdesanluis.com\/index.php\/2024\/01\/16\/tres-meses-de-prision-preventiva-para-el-hombre-que-agredio-a-su-pareja-en-tilisarao\/#breadcrumb","itemListElement":[{"@type":"ListItem","position":1,"name":"Inicio","item":"https:\/\/apuntesdesanluis.com\/"},{"@type":"ListItem","position":2,"name":"TRES MESES DE PRISI\u00d3N PREVENTIVA PARA EL HOMBRE QUE AGREDI\u00d3 A SU PAREJA EN TILISARAO"}]},{"@type":"WebSite","@id":"https:\/\/apuntesdesanluis.com\/#website","url":"https:\/\/apuntesdesanluis.com\/","name":"Apuntes de San Luis","description":"","publisher":{"@id":"https:\/\/apuntesdesanluis.com\/#\/schema\/person\/b55151d52296fcce64d1a72538a70b90"},"potentialAction":[{"@type":"SearchAction","target":{"@type":"EntryPoint","urlTemplate":"https:\/\/apuntesdesanluis.com\/?s={search_term_string}"},"query-input":{"@type":"PropertyValueSpecification","valueRequired":true,"valueName":"search_term_string"}}],"inLanguage":"es-AR"},{"@type":["Person","Organization"],"@id":"https:\/\/apuntesdesanluis.com\/#\/schema\/person\/b55151d52296fcce64d1a72538a70b90","name":"apuntesdesanluis.com","image":{"@type":"ImageObject","inLanguage":"es-AR","@id":"https:\/\/apuntesdesanluis.com\/#\/schema\/person\/image\/","url":"https:\/\/apuntesdesanluis.com\/wp-content\/uploads\/2023\/07\/cropped-apuntesdesanluis.png","contentUrl":"https:\/\/apuntesdesanluis.com\/wp-content\/uploads\/2023\/07\/cropped-apuntesdesanluis.png","width":450,"height":112,"caption":"apuntesdesanluis.com"},"logo":{"@id":"https:\/\/apuntesdesanluis.com\/#\/schema\/person\/image\/"},"sameAs":["https:\/\/apuntesdesanluis.com"],"url":"https:\/\/apuntesdesanluis.com\/index.php\/author\/apuntesdesanluis-com\/"}]}},"featured_image_urls":{"full":["https:\/\/apuntesdesanluis.com\/wp-content\/uploads\/2024\/01\/AUDIENCIA.png",600,345,false],"thumbnail":["https:\/\/apuntesdesanluis.com\/wp-content\/uploads\/2024\/01\/AUDIENCIA-150x150.png",150,150,true],"medium":["https:\/\/apuntesdesanluis.com\/wp-content\/uploads\/2024\/01\/AUDIENCIA-300x173.png",300,173,true],"medium_large":["https:\/\/apuntesdesanluis.com\/wp-content\/uploads\/2024\/01\/AUDIENCIA.png",600,345,false],"large":["https:\/\/apuntesdesanluis.com\/wp-content\/uploads\/2024\/01\/AUDIENCIA.png",600,345,false],"1536x1536":["https:\/\/apuntesdesanluis.com\/wp-content\/uploads\/2024\/01\/AUDIENCIA.png",600,345,false],"2048x2048":["https:\/\/apuntesdesanluis.com\/wp-content\/uploads\/2024\/01\/AUDIENCIA.png",600,345,false],"newsever-slider-full":["https:\/\/apuntesdesanluis.com\/wp-content\/uploads\/2024\/01\/AUDIENCIA.png",600,345,false],"newsever-featured":["https:\/\/apuntesdesanluis.com\/wp-content\/uploads\/2024\/01\/AUDIENCIA.png",600,345,false],"newsever-medium":["https:\/\/apuntesdesanluis.com\/wp-content\/uploads\/2024\/01\/AUDIENCIA.png",600,345,false]},"author_info":{"display_name":"apuntesdesanluis.com","author_link":"https:\/\/apuntesdesanluis.com\/index.php\/author\/apuntesdesanluis-com\/"},"category_info":"<a href=\"https:\/\/apuntesdesanluis.com\/index.php\/category\/ciudad-provincia\/\" rel=\"category tag\">Ciudad\/Provincia<\/a>","tag_info":"Ciudad\/Provincia","comment_count":"0","_links":{"self":[{"href":"https:\/\/apuntesdesanluis.com\/index.php\/wp-json\/wp\/v2\/posts\/10221","targetHints":{"allow":["GET"]}}],"collection":[{"href":"https:\/\/apuntesdesanluis.com\/index.php\/wp-json\/wp\/v2\/posts"}],"about":[{"href":"https:\/\/apuntesdesanluis.com\/index.php\/wp-json\/wp\/v2\/types\/post"}],"author":[{"embeddable":true,"href":"https:\/\/apuntesdesanluis.com\/index.php\/wp-json\/wp\/v2\/users\/1"}],"replies":[{"embeddable":true,"href":"https:\/\/apuntesdesanluis.com\/index.php\/wp-json\/wp\/v2\/comments?post=10221"}],"version-history":[{"count":1,"href":"https:\/\/apuntesdesanluis.com\/index.php\/wp-json\/wp\/v2\/posts\/10221\/revisions"}],"predecessor-version":[{"id":10223,"href":"https:\/\/apuntesdesanluis.com\/index.php\/wp-json\/wp\/v2\/posts\/10221\/revisions\/10223"}],"wp:featuredmedia":[{"embeddable":true,"href":"https:\/\/apuntesdesanluis.com\/index.php\/wp-json\/wp\/v2\/media\/10222"}],"wp:attachment":[{"href":"https:\/\/apuntesdesanluis.com\/index.php\/wp-json\/wp\/v2\/media?parent=10221"}],"wp:term":[{"taxonomy":"category","embeddable":true,"href":"https:\/\/apuntesdesanluis.com\/index.php\/wp-json\/wp\/v2\/categories?post=10221"},{"taxonomy":"post_tag","embeddable":true,"href":"https:\/\/apuntesdesanluis.com\/index.php\/wp-json\/wp\/v2\/tags?post=10221"}],"curies":[{"name":"wp","href":"https:\/\/api.w.org\/{rel}","templated":true}]}}