{"id":1023,"date":"2023-08-03T22:14:05","date_gmt":"2023-08-04T01:14:05","guid":{"rendered":"https:\/\/apuntesdesanluis.com\/?p=1023"},"modified":"2023-08-03T22:14:05","modified_gmt":"2023-08-04T01:14:05","slug":"molino-fenix-y-casa-de-la-musica-presentaron-programa-para-el-mes-de-las-infancias","status":"publish","type":"post","link":"https:\/\/apuntesdesanluis.com\/index.php\/2023\/08\/03\/molino-fenix-y-casa-de-la-musica-presentaron-programa-para-el-mes-de-las-infancias\/","title":{"rendered":"MOLINO F\u00c9NIX Y CASA DE LA M\u00daSICA PRESENTARON PROGRAMA PARA EL MES DE LAS INFANCIAS"},"content":{"rendered":"<h3>El Gobierno de San Luis, a trav\u00e9s del <strong>Molino F\u00e9nix<\/strong> y <strong>Casa de la M\u00fasica<\/strong>, celebra el mes de agosto con un abanico de actividades para todas las edades y p\u00fablicos, destacando el mes de las infancias.<\/h3>\n<h3>As\u00ed lo anunciaron en rueda de prensa, <strong>Joaqu\u00edn Beltr\u00e1n<\/strong>, Administrador del complejo; <strong>Diego Torres<\/strong>, Coordinador del teatro; <strong>Exequiel Scarel<\/strong>, Coordinador de Casa de la M\u00fasica, junto a integrantes de la Banda Efecto Mercury, <strong>C\u00e9sar Guerberoff<\/strong> y <strong>Maru Abecilla<\/strong>.<\/h3>\n<p><img fetchpriority=\"high\" decoding=\"async\" class=\"wp-image-1025 aligncenter\" src=\"https:\/\/apuntesdesanluis.com\/wp-content\/uploads\/2023\/08\/JOAQUIN-BELTRAN-300x183.png\" alt=\"\" width=\"634\" height=\"387\" srcset=\"https:\/\/apuntesdesanluis.com\/wp-content\/uploads\/2023\/08\/JOAQUIN-BELTRAN-300x183.png 300w, https:\/\/apuntesdesanluis.com\/wp-content\/uploads\/2023\/08\/JOAQUIN-BELTRAN-768x470.png 768w, https:\/\/apuntesdesanluis.com\/wp-content\/uploads\/2023\/08\/JOAQUIN-BELTRAN.png 798w\" sizes=\"(max-width: 634px) 100vw, 634px\" \/><\/p>\n<h3>El viernes 4 de agosto, en la Pared de M\u00e1rmol del Molino, llega \u201cLegado\u201d, una muestra de peinados y shows en vivo para toda la familia desde las 16:00. Por la noche, a las 21:00, la Banda Coral de Villa Mercedes, Efecto Mercury, Homenaje a Queen, se presenta en concierto. El s\u00e1bado 5 a la misma hora ser\u00e1 la segunda, tambi\u00e9n en el teatro del complejo.<\/h3>\n<h3>El domingo 6, en el teatro, la Escuela de Malambo \u201cEl Resero\u201d, realiza el segundo encuentro de danzas a partir de las 18:00. Adem\u00e1s el s\u00e1bado 19, la Academia de Ritmos \u201cStreet Style\u201d llevar\u00e1 a cabo su gala anual, mientras que el domingo 27, la Academia de Danzas Folcl\u00f3ricas \u201cCuna Nativa\u201d realiza una gala.<\/h3>\n<h3><strong>MES DE LAS INFANCIAS<\/strong><\/h3>\n<h3>Para celebrar el d\u00eda de las infancias, el complejo organiza una serie de shows para todo el mes de agosto.<\/h3>\n<h3>El s\u00e1bado 19, en la explanada del complejo con entrada libre y gratuita, llegan dos compa\u00f1\u00edas de destacada presencia en la provincia de San Luis: \u201cLa Familia Von P\u00e9rez\u201d de Merlo y \u201cValle Circo\u201d de Villa Mercedes. El evento iniciar\u00e1 a las 15:00.<\/h3>\n<h3>En tanto, el domingo 27, para cerrar los festejos, se presenta la banda musical nacional \u201cPeque\u00f1o Pez\u201d. Tambi\u00e9n con entrada libre y gratuita en la explanada a las 15:00.<\/h3>\n<h3>Al mismo tiempo los talleres del Molino brindar\u00e1n distintas actividades para los m\u00e1s peque\u00f1os durante ambas jornadas.<\/h3>\n","protected":false},"excerpt":{"rendered":"<p>El Gobierno de San Luis, a trav\u00e9s del Molino F\u00e9nix y Casa de la M\u00fasica,&#8230;<\/p>\n","protected":false},"author":1,"featured_media":1024,"comment_status":"closed","ping_status":"closed","sticky":false,"template":"","format":"standard","meta":{"footnotes":""},"categories":[6],"tags":[],"class_list":["post-1023","post","type-post","status-publish","format-standard","has-post-thumbnail","hentry","category-ciudad-provincia"],"yoast_head":"<!-- This site is optimized with the Yoast SEO plugin v26.1.1 - https:\/\/yoast.com\/wordpress\/plugins\/seo\/ -->\n<title>MOLINO F\u00c9NIX Y CASA DE LA M\u00daSICA PRESENTARON PROGRAMA PARA EL MES DE LAS INFANCIAS - Apuntes de San Luis<\/title>\n<meta name=\"robots\" content=\"index, follow, max-snippet:-1, max-image-preview:large, max-video-preview:-1\" \/>\n<link rel=\"canonical\" href=\"https:\/\/apuntesdesanluis.com\/index.php\/2023\/08\/03\/molino-fenix-y-casa-de-la-musica-presentaron-programa-para-el-mes-de-las-infancias\/\" \/>\n<meta property=\"og:locale\" content=\"es_ES\" \/>\n<meta property=\"og:type\" content=\"article\" \/>\n<meta property=\"og:title\" content=\"MOLINO F\u00c9NIX Y CASA DE LA M\u00daSICA PRESENTARON PROGRAMA PARA EL MES DE LAS INFANCIAS - Apuntes de San Luis\" \/>\n<meta property=\"og:description\" content=\"El Gobierno de San Luis, a trav\u00e9s del Molino F\u00e9nix y Casa de la M\u00fasica,...\" \/>\n<meta property=\"og:url\" content=\"https:\/\/apuntesdesanluis.com\/index.php\/2023\/08\/03\/molino-fenix-y-casa-de-la-musica-presentaron-programa-para-el-mes-de-las-infancias\/\" \/>\n<meta property=\"og:site_name\" content=\"Apuntes de San Luis\" \/>\n<meta property=\"article:published_time\" content=\"2023-08-04T01:14:05+00:00\" \/>\n<meta property=\"og:image\" content=\"https:\/\/apuntesdesanluis.com\/wp-content\/uploads\/2023\/08\/EFECTO-MERCURY-.jpg\" \/>\n\t<meta property=\"og:image:width\" content=\"600\" \/>\n\t<meta property=\"og:image:height\" content=\"405\" \/>\n\t<meta property=\"og:image:type\" content=\"image\/jpeg\" \/>\n<meta name=\"author\" content=\"apuntesdesanluis.com\" \/>\n<meta name=\"twitter:card\" content=\"summary_large_image\" \/>\n<meta name=\"twitter:label1\" content=\"Escrito por\" \/>\n\t<meta name=\"twitter:data1\" content=\"apuntesdesanluis.com\" \/>\n\t<meta name=\"twitter:label2\" content=\"Tiempo de lectura\" \/>\n\t<meta name=\"twitter:data2\" content=\"2 minutos\" \/>\n<script type=\"application\/ld+json\" class=\"yoast-schema-graph\">{\"@context\":\"https:\/\/schema.org\",\"@graph\":[{\"@type\":\"Article\",\"@id\":\"https:\/\/apuntesdesanluis.com\/index.php\/2023\/08\/03\/molino-fenix-y-casa-de-la-musica-presentaron-programa-para-el-mes-de-las-infancias\/#article\",\"isPartOf\":{\"@id\":\"https:\/\/apuntesdesanluis.com\/index.php\/2023\/08\/03\/molino-fenix-y-casa-de-la-musica-presentaron-programa-para-el-mes-de-las-infancias\/\"},\"author\":{\"name\":\"apuntesdesanluis.com\",\"@id\":\"https:\/\/apuntesdesanluis.com\/#\/schema\/person\/b55151d52296fcce64d1a72538a70b90\"},\"headline\":\"MOLINO F\u00c9NIX Y CASA DE LA M\u00daSICA PRESENTARON PROGRAMA PARA EL MES DE LAS INFANCIAS\",\"datePublished\":\"2023-08-04T01:14:05+00:00\",\"mainEntityOfPage\":{\"@id\":\"https:\/\/apuntesdesanluis.com\/index.php\/2023\/08\/03\/molino-fenix-y-casa-de-la-musica-presentaron-programa-para-el-mes-de-las-infancias\/\"},\"wordCount\":336,\"publisher\":{\"@id\":\"https:\/\/apuntesdesanluis.com\/#\/schema\/person\/b55151d52296fcce64d1a72538a70b90\"},\"image\":{\"@id\":\"https:\/\/apuntesdesanluis.com\/index.php\/2023\/08\/03\/molino-fenix-y-casa-de-la-musica-presentaron-programa-para-el-mes-de-las-infancias\/#primaryimage\"},\"thumbnailUrl\":\"https:\/\/apuntesdesanluis.com\/wp-content\/uploads\/2023\/08\/EFECTO-MERCURY-.jpg\",\"articleSection\":[\"Ciudad\/Provincia\"],\"inLanguage\":\"es-AR\"},{\"@type\":\"WebPage\",\"@id\":\"https:\/\/apuntesdesanluis.com\/index.php\/2023\/08\/03\/molino-fenix-y-casa-de-la-musica-presentaron-programa-para-el-mes-de-las-infancias\/\",\"url\":\"https:\/\/apuntesdesanluis.com\/index.php\/2023\/08\/03\/molino-fenix-y-casa-de-la-musica-presentaron-programa-para-el-mes-de-las-infancias\/\",\"name\":\"MOLINO F\u00c9NIX Y CASA DE LA M\u00daSICA PRESENTARON PROGRAMA PARA EL MES DE LAS INFANCIAS - Apuntes de San Luis\",\"isPartOf\":{\"@id\":\"https:\/\/apuntesdesanluis.com\/#website\"},\"primaryImageOfPage\":{\"@id\":\"https:\/\/apuntesdesanluis.com\/index.php\/2023\/08\/03\/molino-fenix-y-casa-de-la-musica-presentaron-programa-para-el-mes-de-las-infancias\/#primaryimage\"},\"image\":{\"@id\":\"https:\/\/apuntesdesanluis.com\/index.php\/2023\/08\/03\/molino-fenix-y-casa-de-la-musica-presentaron-programa-para-el-mes-de-las-infancias\/#primaryimage\"},\"thumbnailUrl\":\"https:\/\/apuntesdesanluis.com\/wp-content\/uploads\/2023\/08\/EFECTO-MERCURY-.jpg\",\"datePublished\":\"2023-08-04T01:14:05+00:00\",\"breadcrumb\":{\"@id\":\"https:\/\/apuntesdesanluis.com\/index.php\/2023\/08\/03\/molino-fenix-y-casa-de-la-musica-presentaron-programa-para-el-mes-de-las-infancias\/#breadcrumb\"},\"inLanguage\":\"es-AR\",\"potentialAction\":[{\"@type\":\"ReadAction\",\"target\":[\"https:\/\/apuntesdesanluis.com\/index.php\/2023\/08\/03\/molino-fenix-y-casa-de-la-musica-presentaron-programa-para-el-mes-de-las-infancias\/\"]}]},{\"@type\":\"ImageObject\",\"inLanguage\":\"es-AR\",\"@id\":\"https:\/\/apuntesdesanluis.com\/index.php\/2023\/08\/03\/molino-fenix-y-casa-de-la-musica-presentaron-programa-para-el-mes-de-las-infancias\/#primaryimage\",\"url\":\"https:\/\/apuntesdesanluis.com\/wp-content\/uploads\/2023\/08\/EFECTO-MERCURY-.jpg\",\"contentUrl\":\"https:\/\/apuntesdesanluis.com\/wp-content\/uploads\/2023\/08\/EFECTO-MERCURY-.jpg\",\"width\":600,\"height\":405},{\"@type\":\"BreadcrumbList\",\"@id\":\"https:\/\/apuntesdesanluis.com\/index.php\/2023\/08\/03\/molino-fenix-y-casa-de-la-musica-presentaron-programa-para-el-mes-de-las-infancias\/#breadcrumb\",\"itemListElement\":[{\"@type\":\"ListItem\",\"position\":1,\"name\":\"Inicio\",\"item\":\"https:\/\/apuntesdesanluis.com\/\"},{\"@type\":\"ListItem\",\"position\":2,\"name\":\"MOLINO F\u00c9NIX Y CASA DE LA M\u00daSICA PRESENTARON PROGRAMA PARA EL MES DE LAS INFANCIAS\"}]},{\"@type\":\"WebSite\",\"@id\":\"https:\/\/apuntesdesanluis.com\/#website\",\"url\":\"https:\/\/apuntesdesanluis.com\/\",\"name\":\"Apuntes de San Luis\",\"description\":\"\",\"publisher\":{\"@id\":\"https:\/\/apuntesdesanluis.com\/#\/schema\/person\/b55151d52296fcce64d1a72538a70b90\"},\"potentialAction\":[{\"@type\":\"SearchAction\",\"target\":{\"@type\":\"EntryPoint\",\"urlTemplate\":\"https:\/\/apuntesdesanluis.com\/?s={search_term_string}\"},\"query-input\":{\"@type\":\"PropertyValueSpecification\",\"valueRequired\":true,\"valueName\":\"search_term_string\"}}],\"inLanguage\":\"es-AR\"},{\"@type\":[\"Person\",\"Organization\"],\"@id\":\"https:\/\/apuntesdesanluis.com\/#\/schema\/person\/b55151d52296fcce64d1a72538a70b90\",\"name\":\"apuntesdesanluis.com\",\"image\":{\"@type\":\"ImageObject\",\"inLanguage\":\"es-AR\",\"@id\":\"https:\/\/apuntesdesanluis.com\/#\/schema\/person\/image\/\",\"url\":\"https:\/\/apuntesdesanluis.com\/wp-content\/uploads\/2023\/07\/cropped-apuntesdesanluis.png\",\"contentUrl\":\"https:\/\/apuntesdesanluis.com\/wp-content\/uploads\/2023\/07\/cropped-apuntesdesanluis.png\",\"width\":450,\"height\":112,\"caption\":\"apuntesdesanluis.com\"},\"logo\":{\"@id\":\"https:\/\/apuntesdesanluis.com\/#\/schema\/person\/image\/\"},\"sameAs\":[\"https:\/\/apuntesdesanluis.com\"],\"url\":\"https:\/\/apuntesdesanluis.com\/index.php\/author\/apuntesdesanluis-com\/\"}]}<\/script>\n<!-- \/ Yoast SEO plugin. -->","yoast_head_json":{"title":"MOLINO F\u00c9NIX Y CASA DE LA M\u00daSICA PRESENTARON PROGRAMA PARA EL MES DE LAS INFANCIAS - Apuntes de San Luis","robots":{"index":"index","follow":"follow","max-snippet":"max-snippet:-1","max-image-preview":"max-image-preview:large","max-video-preview":"max-video-preview:-1"},"canonical":"https:\/\/apuntesdesanluis.com\/index.php\/2023\/08\/03\/molino-fenix-y-casa-de-la-musica-presentaron-programa-para-el-mes-de-las-infancias\/","og_locale":"es_ES","og_type":"article","og_title":"MOLINO F\u00c9NIX Y CASA DE LA M\u00daSICA PRESENTARON PROGRAMA PARA EL MES DE LAS INFANCIAS - Apuntes de San Luis","og_description":"El Gobierno de San Luis, a trav\u00e9s del Molino F\u00e9nix y Casa de la M\u00fasica,...","og_url":"https:\/\/apuntesdesanluis.com\/index.php\/2023\/08\/03\/molino-fenix-y-casa-de-la-musica-presentaron-programa-para-el-mes-de-las-infancias\/","og_site_name":"Apuntes de San Luis","article_published_time":"2023-08-04T01:14:05+00:00","og_image":[{"width":600,"height":405,"url":"https:\/\/apuntesdesanluis.com\/wp-content\/uploads\/2023\/08\/EFECTO-MERCURY-.jpg","type":"image\/jpeg"}],"author":"apuntesdesanluis.com","twitter_card":"summary_large_image","twitter_misc":{"Escrito por":"apuntesdesanluis.com","Tiempo de lectura":"2 minutos"},"schema":{"@context":"https:\/\/schema.org","@graph":[{"@type":"Article","@id":"https:\/\/apuntesdesanluis.com\/index.php\/2023\/08\/03\/molino-fenix-y-casa-de-la-musica-presentaron-programa-para-el-mes-de-las-infancias\/#article","isPartOf":{"@id":"https:\/\/apuntesdesanluis.com\/index.php\/2023\/08\/03\/molino-fenix-y-casa-de-la-musica-presentaron-programa-para-el-mes-de-las-infancias\/"},"author":{"name":"apuntesdesanluis.com","@id":"https:\/\/apuntesdesanluis.com\/#\/schema\/person\/b55151d52296fcce64d1a72538a70b90"},"headline":"MOLINO F\u00c9NIX Y CASA DE LA M\u00daSICA PRESENTARON PROGRAMA PARA EL MES DE LAS INFANCIAS","datePublished":"2023-08-04T01:14:05+00:00","mainEntityOfPage":{"@id":"https:\/\/apuntesdesanluis.com\/index.php\/2023\/08\/03\/molino-fenix-y-casa-de-la-musica-presentaron-programa-para-el-mes-de-las-infancias\/"},"wordCount":336,"publisher":{"@id":"https:\/\/apuntesdesanluis.com\/#\/schema\/person\/b55151d52296fcce64d1a72538a70b90"},"image":{"@id":"https:\/\/apuntesdesanluis.com\/index.php\/2023\/08\/03\/molino-fenix-y-casa-de-la-musica-presentaron-programa-para-el-mes-de-las-infancias\/#primaryimage"},"thumbnailUrl":"https:\/\/apuntesdesanluis.com\/wp-content\/uploads\/2023\/08\/EFECTO-MERCURY-.jpg","articleSection":["Ciudad\/Provincia"],"inLanguage":"es-AR"},{"@type":"WebPage","@id":"https:\/\/apuntesdesanluis.com\/index.php\/2023\/08\/03\/molino-fenix-y-casa-de-la-musica-presentaron-programa-para-el-mes-de-las-infancias\/","url":"https:\/\/apuntesdesanluis.com\/index.php\/2023\/08\/03\/molino-fenix-y-casa-de-la-musica-presentaron-programa-para-el-mes-de-las-infancias\/","name":"MOLINO F\u00c9NIX Y CASA DE LA M\u00daSICA PRESENTARON PROGRAMA PARA EL MES DE LAS INFANCIAS - Apuntes de San Luis","isPartOf":{"@id":"https:\/\/apuntesdesanluis.com\/#website"},"primaryImageOfPage":{"@id":"https:\/\/apuntesdesanluis.com\/index.php\/2023\/08\/03\/molino-fenix-y-casa-de-la-musica-presentaron-programa-para-el-mes-de-las-infancias\/#primaryimage"},"image":{"@id":"https:\/\/apuntesdesanluis.com\/index.php\/2023\/08\/03\/molino-fenix-y-casa-de-la-musica-presentaron-programa-para-el-mes-de-las-infancias\/#primaryimage"},"thumbnailUrl":"https:\/\/apuntesdesanluis.com\/wp-content\/uploads\/2023\/08\/EFECTO-MERCURY-.jpg","datePublished":"2023-08-04T01:14:05+00:00","breadcrumb":{"@id":"https:\/\/apuntesdesanluis.com\/index.php\/2023\/08\/03\/molino-fenix-y-casa-de-la-musica-presentaron-programa-para-el-mes-de-las-infancias\/#breadcrumb"},"inLanguage":"es-AR","potentialAction":[{"@type":"ReadAction","target":["https:\/\/apuntesdesanluis.com\/index.php\/2023\/08\/03\/molino-fenix-y-casa-de-la-musica-presentaron-programa-para-el-mes-de-las-infancias\/"]}]},{"@type":"ImageObject","inLanguage":"es-AR","@id":"https:\/\/apuntesdesanluis.com\/index.php\/2023\/08\/03\/molino-fenix-y-casa-de-la-musica-presentaron-programa-para-el-mes-de-las-infancias\/#primaryimage","url":"https:\/\/apuntesdesanluis.com\/wp-content\/uploads\/2023\/08\/EFECTO-MERCURY-.jpg","contentUrl":"https:\/\/apuntesdesanluis.com\/wp-content\/uploads\/2023\/08\/EFECTO-MERCURY-.jpg","width":600,"height":405},{"@type":"BreadcrumbList","@id":"https:\/\/apuntesdesanluis.com\/index.php\/2023\/08\/03\/molino-fenix-y-casa-de-la-musica-presentaron-programa-para-el-mes-de-las-infancias\/#breadcrumb","itemListElement":[{"@type":"ListItem","position":1,"name":"Inicio","item":"https:\/\/apuntesdesanluis.com\/"},{"@type":"ListItem","position":2,"name":"MOLINO F\u00c9NIX Y CASA DE LA M\u00daSICA PRESENTARON PROGRAMA PARA EL MES DE LAS INFANCIAS"}]},{"@type":"WebSite","@id":"https:\/\/apuntesdesanluis.com\/#website","url":"https:\/\/apuntesdesanluis.com\/","name":"Apuntes de San Luis","description":"","publisher":{"@id":"https:\/\/apuntesdesanluis.com\/#\/schema\/person\/b55151d52296fcce64d1a72538a70b90"},"potentialAction":[{"@type":"SearchAction","target":{"@type":"EntryPoint","urlTemplate":"https:\/\/apuntesdesanluis.com\/?s={search_term_string}"},"query-input":{"@type":"PropertyValueSpecification","valueRequired":true,"valueName":"search_term_string"}}],"inLanguage":"es-AR"},{"@type":["Person","Organization"],"@id":"https:\/\/apuntesdesanluis.com\/#\/schema\/person\/b55151d52296fcce64d1a72538a70b90","name":"apuntesdesanluis.com","image":{"@type":"ImageObject","inLanguage":"es-AR","@id":"https:\/\/apuntesdesanluis.com\/#\/schema\/person\/image\/","url":"https:\/\/apuntesdesanluis.com\/wp-content\/uploads\/2023\/07\/cropped-apuntesdesanluis.png","contentUrl":"https:\/\/apuntesdesanluis.com\/wp-content\/uploads\/2023\/07\/cropped-apuntesdesanluis.png","width":450,"height":112,"caption":"apuntesdesanluis.com"},"logo":{"@id":"https:\/\/apuntesdesanluis.com\/#\/schema\/person\/image\/"},"sameAs":["https:\/\/apuntesdesanluis.com"],"url":"https:\/\/apuntesdesanluis.com\/index.php\/author\/apuntesdesanluis-com\/"}]}},"featured_image_urls":{"full":["https:\/\/apuntesdesanluis.com\/wp-content\/uploads\/2023\/08\/EFECTO-MERCURY-.jpg",600,405,false],"thumbnail":["https:\/\/apuntesdesanluis.com\/wp-content\/uploads\/2023\/08\/EFECTO-MERCURY--150x150.jpg",150,150,true],"medium":["https:\/\/apuntesdesanluis.com\/wp-content\/uploads\/2023\/08\/EFECTO-MERCURY--300x203.jpg",300,203,true],"medium_large":["https:\/\/apuntesdesanluis.com\/wp-content\/uploads\/2023\/08\/EFECTO-MERCURY-.jpg",600,405,false],"large":["https:\/\/apuntesdesanluis.com\/wp-content\/uploads\/2023\/08\/EFECTO-MERCURY-.jpg",600,405,false],"1536x1536":["https:\/\/apuntesdesanluis.com\/wp-content\/uploads\/2023\/08\/EFECTO-MERCURY-.jpg",600,405,false],"2048x2048":["https:\/\/apuntesdesanluis.com\/wp-content\/uploads\/2023\/08\/EFECTO-MERCURY-.jpg",600,405,false],"newsever-slider-full":["https:\/\/apuntesdesanluis.com\/wp-content\/uploads\/2023\/08\/EFECTO-MERCURY-.jpg",600,405,false],"newsever-featured":["https:\/\/apuntesdesanluis.com\/wp-content\/uploads\/2023\/08\/EFECTO-MERCURY-.jpg",600,405,false],"newsever-medium":["https:\/\/apuntesdesanluis.com\/wp-content\/uploads\/2023\/08\/EFECTO-MERCURY-.jpg",600,405,false]},"author_info":{"display_name":"apuntesdesanluis.com","author_link":"https:\/\/apuntesdesanluis.com\/index.php\/author\/apuntesdesanluis-com\/"},"category_info":"<a href=\"https:\/\/apuntesdesanluis.com\/index.php\/category\/ciudad-provincia\/\" rel=\"category tag\">Ciudad\/Provincia<\/a>","tag_info":"Ciudad\/Provincia","comment_count":"0","_links":{"self":[{"href":"https:\/\/apuntesdesanluis.com\/index.php\/wp-json\/wp\/v2\/posts\/1023","targetHints":{"allow":["GET"]}}],"collection":[{"href":"https:\/\/apuntesdesanluis.com\/index.php\/wp-json\/wp\/v2\/posts"}],"about":[{"href":"https:\/\/apuntesdesanluis.com\/index.php\/wp-json\/wp\/v2\/types\/post"}],"author":[{"embeddable":true,"href":"https:\/\/apuntesdesanluis.com\/index.php\/wp-json\/wp\/v2\/users\/1"}],"replies":[{"embeddable":true,"href":"https:\/\/apuntesdesanluis.com\/index.php\/wp-json\/wp\/v2\/comments?post=1023"}],"version-history":[{"count":1,"href":"https:\/\/apuntesdesanluis.com\/index.php\/wp-json\/wp\/v2\/posts\/1023\/revisions"}],"predecessor-version":[{"id":1026,"href":"https:\/\/apuntesdesanluis.com\/index.php\/wp-json\/wp\/v2\/posts\/1023\/revisions\/1026"}],"wp:featuredmedia":[{"embeddable":true,"href":"https:\/\/apuntesdesanluis.com\/index.php\/wp-json\/wp\/v2\/media\/1024"}],"wp:attachment":[{"href":"https:\/\/apuntesdesanluis.com\/index.php\/wp-json\/wp\/v2\/media?parent=1023"}],"wp:term":[{"taxonomy":"category","embeddable":true,"href":"https:\/\/apuntesdesanluis.com\/index.php\/wp-json\/wp\/v2\/categories?post=1023"},{"taxonomy":"post_tag","embeddable":true,"href":"https:\/\/apuntesdesanluis.com\/index.php\/wp-json\/wp\/v2\/tags?post=1023"}],"curies":[{"name":"wp","href":"https:\/\/api.w.org\/{rel}","templated":true}]}}