{"id":10244,"date":"2024-01-17T08:11:19","date_gmt":"2024-01-17T11:11:19","guid":{"rendered":"https:\/\/apuntesdesanluis.com\/?p=10244"},"modified":"2024-01-17T08:12:26","modified_gmt":"2024-01-17T11:12:26","slug":"advertencia-de-javier-milei-a-las-provincias-que-quieren-emitir-una-moneda-propia","status":"publish","type":"post","link":"https:\/\/apuntesdesanluis.com\/index.php\/2024\/01\/17\/advertencia-de-javier-milei-a-las-provincias-que-quieren-emitir-una-moneda-propia\/","title":{"rendered":"ADVERTENCIA DE JAVIER MILEI A LAS PROVINCIAS QUE QUIEREN EMITIR UNA MONEDA PROPIA"},"content":{"rendered":"<h3>Tras el anuncio de La Rioja, el Presidente dijo que no se opondr\u00e1 a que los estados provinciales emitan una cuasimoneda pero adelant\u00f3 que en ning\u00fan caso recibir\u00e1n ayuda de la Naci\u00f3n para rescatarlas. \u201cBienvenidas a la competencia\u201d, se\u00f1al\u00f3<\/h3>\n<h3>A trav\u00e9s de un mensaje en su cuenta de la red social X, muy activa a pesar de encontrarse en el Foro de Davos, el Presidente <strong>Javier Milei<\/strong> fij\u00f3 una posici\u00f3n favorable a que la provincia que as\u00ed lo desee emita una moneda propia, al tiempo que sembr\u00f3 la bienvenida de advertencias. La principal es que quien lo haga no recibir\u00e1 asistencia alguna del Gobierno nacional. Pero adem\u00e1s, levant\u00f3 la vara del desaf\u00edo: afirm\u00f3 que la confianza que despierten esas cuasimonedas ser\u00e1 la se\u00f1al de la eficiencia con la que se ejerce el Gobierno.<\/h3>\n<h3>El tuit de Milei se asoci\u00f3 con la noticia de que el gobierno de La Rioja llam\u00f3 a sesiones extraordinarias a su Legislatura para lanzar un proyecto de moneda propia en respuesta a lo que considera un \u201cabandono\u201d por parte del Gobierno nacional por los recortes presupuestarios.<\/h3>\n<h3>\u201cPensar que en la campa\u00f1a me trataron de loco por postular un esquema en el que hubiera una libre competencia de monedas y ahora la impulsan&#8230;!!! Bienvenidas las monedas provinciales a la competencia, las cuales, les quiero se\u00f1alar, a diferencia de lo que pas\u00f3 en el pasado, de ning\u00fan modo van a ser rescatadas por el Gobierno Nacional\u201d, puntualiz\u00f3 Milei.<\/h3>\n<h3>El Presidente Milei viene de dedicarle una frase fuerte al gobernador Ricardo Quintela, quien ya anunci\u00f3 su proyecto de moneda propia: \u201cSi gasta plata contratando a Lali Esp\u00f3sito y no le paga a la polic\u00eda, no es problema nuestro\u201d.<\/h3>\n<h3>\u201cAl mismo tiempo, la cotizaci\u00f3n que las mismas tengan respecto a la paridad dar\u00e1 una evaluaci\u00f3n de mercado de la calidad del Gobierno que la emite&#8230;!!!\u201d, agreg\u00f3 el Presidente, tras lo cual cerr\u00f3 con su saludo habitual: \u201cPor lo tanto: VIVA LA COMPETENCIA, VIVA LA LIBERTAD CARAJO\u201d.<\/h3>\n<h3><img fetchpriority=\"high\" decoding=\"async\" class=\"wp-image-10245 aligncenter\" src=\"https:\/\/apuntesdesanluis.com\/wp-content\/uploads\/2024\/01\/tuitde-milei-300x235.png\" alt=\"\" width=\"586\" height=\"459\" srcset=\"https:\/\/apuntesdesanluis.com\/wp-content\/uploads\/2024\/01\/tuitde-milei-300x235.png 300w, https:\/\/apuntesdesanluis.com\/wp-content\/uploads\/2024\/01\/tuitde-milei.png 600w\" sizes=\"(max-width: 586px) 100vw, 586px\" \/><\/h3>\n<h3>De ese modo, el Presidente dej\u00f3 en claro que en ning\u00fan caso ayudar\u00e1 a la provincia que decida lanzar una cuasimoneda y que las mismas no debieran cotizar jam\u00e1s por debajo del peso ya que si lo hiciesen evidenciar\u00edan que est\u00e1n perdiendo en una eventual competencia entre el gobierno local y el nacional en la que el mercado decide qui\u00e9n gobierna mejor y genera m\u00e1s confianza.<\/h3>\n<h3>La postura presidencial apareci\u00f3 en pleno conflicto con el gobierno de La Rioja por el recorte de las transferencias discrecionales. Milei viene de dedicarle una frase fuerte al gobernador Ricardo Quintela: \u201cSi gasta plata contratando a Lali Esp\u00f3sito y no le paga a la polic\u00eda, no es problema nuestro\u201d.<\/h3>\n<h3><strong>CUASIMONEDA Y DEMANDA ANTE LA CORTE<\/strong><\/h3>\n<h3>En ese escenario, el mandatario riojano anunci\u00f3 el lanzamiento de una cuasimoneda y una demanda ante la Corte Suprema para reclamar por $9.300 millones que, seg\u00fan entiende, le pertenecen a su provincia y no integran las transferencias discrecionales que Milei aspira a cortar de cuajo. La acci\u00f3n ante el m\u00e1ximo tribunal fue instrumentada con el patrocinio del constitucionalista Andr\u00e9s Gil Dom\u00ednguez y del ex senador nacional Jorge Yoma.<\/h3>\n<h3>La moneda propia de los riojanos, seg\u00fan proyecta Ricardo Quintela, servir\u00e1 para pagar salarios e impuestos dentro de la provincia. Aspira a sellar un acuerdo con la C\u00e1mara de Comercio local para que se utilice a la hora de hacer gastos cotidianos en el circuito econ\u00f3mico de la provincia. Los comerciantes, promete, podr\u00e1n cambiar los bonos por dinero en 48 horas. \u201cEs una locura lo que se hizo, congelar los salarios. Yo no quiero que la gente se muera de hambre\u201d, dijo el gobernador al dar a conocer el proyecto.<\/h3>\n<p><img decoding=\"async\" class=\"wp-image-10052 aligncenter\" src=\"https:\/\/apuntesdesanluis.com\/wp-content\/uploads\/2024\/01\/quintela-300x171.png\" alt=\"\" width=\"584\" height=\"333\" srcset=\"https:\/\/apuntesdesanluis.com\/wp-content\/uploads\/2024\/01\/quintela-300x171.png 300w, https:\/\/apuntesdesanluis.com\/wp-content\/uploads\/2024\/01\/quintela-768x438.png 768w, https:\/\/apuntesdesanluis.com\/wp-content\/uploads\/2024\/01\/quintela.png 778w\" sizes=\"(max-width: 584px) 100vw, 584px\" \/><\/p>\n<h3>Sobre el juicio con el que planea recuperar los $9.300 millones, Yoma destac\u00f3 que \u201cson fondos de La Rioja, no son transferencias discrecionales de la Naci\u00f3n, es la partida presupuestaria que corresponde a La Rioja desde hace 30 a\u00f1os y en la demanda vamos a pedir que se incluya dentro del goteo diario de coparticipaci\u00f3n\u201d.<\/h3>\n<h3>\u201cCuando solucionemos ese desfinanciamiento que desconoce el Presidente (porque no conoce el presupuesto, ya que ayer dijo que La Rioja recibe lo que le pertenece pero \u201ccontrata a Lali Esposito\u201d), seguramente vamos a rescatar los bonos\u201d, dijo Yoma en declaraciones a Canal Net TV.<\/h3>\n<h3>El ex senador nacional record\u00f3 que La Rioja ya emiti\u00f3 bonos provinciales para pagar sueldos no solo en 2001, cuando lo hizo la mayor\u00eda de las provincias, sino tambi\u00e9n en 1989, en otro escenario de conflicto entre la provincia cuyana y el gobierno de Ra\u00fal Alfons\u00edn.<\/h3>\n<h3>\u201cLa primera cuasi moneda la hizo Carlos Menem. Ante el desfinanciamiento de la provincia, la crisis inflacionaria y la necesidad de mejorar los salarios, Menem tom\u00f3 la decisi\u00f3n de crear un bono con la misma nominaci\u00f3n de los australes, que ten\u00eda curso legal en la provincia y fue aceptado por los comerciantes\u201d, se\u00f1al\u00f3 Yoma. En ese caso, el rescate final de esos bonos, seg\u00fan Yoma, fue particular: \u201cLa mitad se la llevaron los turistas como souvenir\u201d.<\/h3>\n<p>&nbsp;<\/p>\n<p>&nbsp;<\/p>\n<p>&nbsp;<\/p>\n<p>&nbsp;<\/p>\n<p>&nbsp;<\/p>\n<p>&nbsp;<\/p>\n<p>&nbsp;<\/p>\n","protected":false},"excerpt":{"rendered":"<p>Tras el anuncio de La Rioja, el Presidente dijo que no se opondr\u00e1 a que&#8230;<\/p>\n","protected":false},"author":1,"featured_media":10246,"comment_status":"closed","ping_status":"closed","sticky":false,"template":"","format":"standard","meta":{"footnotes":""},"categories":[5],"tags":[],"class_list":["post-10244","post","type-post","status-publish","format-standard","has-post-thumbnail","hentry","category-nacionales-internacionales"],"yoast_head":"<!-- This site is optimized with the Yoast SEO plugin v26.1.1 - https:\/\/yoast.com\/wordpress\/plugins\/seo\/ -->\n<title>ADVERTENCIA DE JAVIER MILEI A LAS PROVINCIAS QUE QUIEREN EMITIR UNA MONEDA PROPIA - Apuntes de San Luis<\/title>\n<meta name=\"robots\" content=\"index, follow, max-snippet:-1, max-image-preview:large, max-video-preview:-1\" \/>\n<link rel=\"canonical\" href=\"https:\/\/apuntesdesanluis.com\/index.php\/2024\/01\/17\/advertencia-de-javier-milei-a-las-provincias-que-quieren-emitir-una-moneda-propia\/\" \/>\n<meta property=\"og:locale\" content=\"es_ES\" \/>\n<meta property=\"og:type\" content=\"article\" \/>\n<meta property=\"og:title\" content=\"ADVERTENCIA DE JAVIER MILEI A LAS PROVINCIAS QUE QUIEREN EMITIR UNA MONEDA PROPIA - Apuntes de San Luis\" \/>\n<meta property=\"og:description\" content=\"Tras el anuncio de La Rioja, el Presidente dijo que no se opondr\u00e1 a que...\" \/>\n<meta property=\"og:url\" content=\"https:\/\/apuntesdesanluis.com\/index.php\/2024\/01\/17\/advertencia-de-javier-milei-a-las-provincias-que-quieren-emitir-una-moneda-propia\/\" \/>\n<meta property=\"og:site_name\" content=\"Apuntes de San Luis\" \/>\n<meta property=\"article:published_time\" content=\"2024-01-17T11:11:19+00:00\" \/>\n<meta property=\"article:modified_time\" content=\"2024-01-17T11:12:26+00:00\" \/>\n<meta property=\"og:image\" content=\"https:\/\/apuntesdesanluis.com\/wp-content\/uploads\/2024\/01\/milei-6.png\" \/>\n\t<meta property=\"og:image:width\" content=\"600\" \/>\n\t<meta property=\"og:image:height\" content=\"403\" \/>\n\t<meta property=\"og:image:type\" content=\"image\/png\" \/>\n<meta name=\"author\" content=\"apuntesdesanluis.com\" \/>\n<meta name=\"twitter:card\" content=\"summary_large_image\" \/>\n<meta name=\"twitter:label1\" content=\"Escrito por\" \/>\n\t<meta name=\"twitter:data1\" content=\"apuntesdesanluis.com\" \/>\n\t<meta name=\"twitter:label2\" content=\"Tiempo de lectura\" \/>\n\t<meta name=\"twitter:data2\" content=\"5 minutos\" \/>\n<script type=\"application\/ld+json\" class=\"yoast-schema-graph\">{\"@context\":\"https:\/\/schema.org\",\"@graph\":[{\"@type\":\"Article\",\"@id\":\"https:\/\/apuntesdesanluis.com\/index.php\/2024\/01\/17\/advertencia-de-javier-milei-a-las-provincias-que-quieren-emitir-una-moneda-propia\/#article\",\"isPartOf\":{\"@id\":\"https:\/\/apuntesdesanluis.com\/index.php\/2024\/01\/17\/advertencia-de-javier-milei-a-las-provincias-que-quieren-emitir-una-moneda-propia\/\"},\"author\":{\"name\":\"apuntesdesanluis.com\",\"@id\":\"https:\/\/apuntesdesanluis.com\/#\/schema\/person\/b55151d52296fcce64d1a72538a70b90\"},\"headline\":\"ADVERTENCIA DE JAVIER MILEI A LAS PROVINCIAS QUE QUIEREN EMITIR UNA MONEDA PROPIA\",\"datePublished\":\"2024-01-17T11:11:19+00:00\",\"dateModified\":\"2024-01-17T11:12:26+00:00\",\"mainEntityOfPage\":{\"@id\":\"https:\/\/apuntesdesanluis.com\/index.php\/2024\/01\/17\/advertencia-de-javier-milei-a-las-provincias-que-quieren-emitir-una-moneda-propia\/\"},\"wordCount\":885,\"publisher\":{\"@id\":\"https:\/\/apuntesdesanluis.com\/#\/schema\/person\/b55151d52296fcce64d1a72538a70b90\"},\"image\":{\"@id\":\"https:\/\/apuntesdesanluis.com\/index.php\/2024\/01\/17\/advertencia-de-javier-milei-a-las-provincias-que-quieren-emitir-una-moneda-propia\/#primaryimage\"},\"thumbnailUrl\":\"https:\/\/apuntesdesanluis.com\/wp-content\/uploads\/2024\/01\/milei-6.png\",\"articleSection\":[\"Nacionales\/Internacionales\"],\"inLanguage\":\"es-AR\"},{\"@type\":\"WebPage\",\"@id\":\"https:\/\/apuntesdesanluis.com\/index.php\/2024\/01\/17\/advertencia-de-javier-milei-a-las-provincias-que-quieren-emitir-una-moneda-propia\/\",\"url\":\"https:\/\/apuntesdesanluis.com\/index.php\/2024\/01\/17\/advertencia-de-javier-milei-a-las-provincias-que-quieren-emitir-una-moneda-propia\/\",\"name\":\"ADVERTENCIA DE JAVIER MILEI A LAS PROVINCIAS QUE QUIEREN EMITIR UNA MONEDA PROPIA - Apuntes de San Luis\",\"isPartOf\":{\"@id\":\"https:\/\/apuntesdesanluis.com\/#website\"},\"primaryImageOfPage\":{\"@id\":\"https:\/\/apuntesdesanluis.com\/index.php\/2024\/01\/17\/advertencia-de-javier-milei-a-las-provincias-que-quieren-emitir-una-moneda-propia\/#primaryimage\"},\"image\":{\"@id\":\"https:\/\/apuntesdesanluis.com\/index.php\/2024\/01\/17\/advertencia-de-javier-milei-a-las-provincias-que-quieren-emitir-una-moneda-propia\/#primaryimage\"},\"thumbnailUrl\":\"https:\/\/apuntesdesanluis.com\/wp-content\/uploads\/2024\/01\/milei-6.png\",\"datePublished\":\"2024-01-17T11:11:19+00:00\",\"dateModified\":\"2024-01-17T11:12:26+00:00\",\"breadcrumb\":{\"@id\":\"https:\/\/apuntesdesanluis.com\/index.php\/2024\/01\/17\/advertencia-de-javier-milei-a-las-provincias-que-quieren-emitir-una-moneda-propia\/#breadcrumb\"},\"inLanguage\":\"es-AR\",\"potentialAction\":[{\"@type\":\"ReadAction\",\"target\":[\"https:\/\/apuntesdesanluis.com\/index.php\/2024\/01\/17\/advertencia-de-javier-milei-a-las-provincias-que-quieren-emitir-una-moneda-propia\/\"]}]},{\"@type\":\"ImageObject\",\"inLanguage\":\"es-AR\",\"@id\":\"https:\/\/apuntesdesanluis.com\/index.php\/2024\/01\/17\/advertencia-de-javier-milei-a-las-provincias-que-quieren-emitir-una-moneda-propia\/#primaryimage\",\"url\":\"https:\/\/apuntesdesanluis.com\/wp-content\/uploads\/2024\/01\/milei-6.png\",\"contentUrl\":\"https:\/\/apuntesdesanluis.com\/wp-content\/uploads\/2024\/01\/milei-6.png\",\"width\":600,\"height\":403},{\"@type\":\"BreadcrumbList\",\"@id\":\"https:\/\/apuntesdesanluis.com\/index.php\/2024\/01\/17\/advertencia-de-javier-milei-a-las-provincias-que-quieren-emitir-una-moneda-propia\/#breadcrumb\",\"itemListElement\":[{\"@type\":\"ListItem\",\"position\":1,\"name\":\"Inicio\",\"item\":\"https:\/\/apuntesdesanluis.com\/\"},{\"@type\":\"ListItem\",\"position\":2,\"name\":\"ADVERTENCIA DE JAVIER MILEI A LAS PROVINCIAS QUE QUIEREN EMITIR UNA MONEDA PROPIA\"}]},{\"@type\":\"WebSite\",\"@id\":\"https:\/\/apuntesdesanluis.com\/#website\",\"url\":\"https:\/\/apuntesdesanluis.com\/\",\"name\":\"Apuntes de San Luis\",\"description\":\"\",\"publisher\":{\"@id\":\"https:\/\/apuntesdesanluis.com\/#\/schema\/person\/b55151d52296fcce64d1a72538a70b90\"},\"potentialAction\":[{\"@type\":\"SearchAction\",\"target\":{\"@type\":\"EntryPoint\",\"urlTemplate\":\"https:\/\/apuntesdesanluis.com\/?s={search_term_string}\"},\"query-input\":{\"@type\":\"PropertyValueSpecification\",\"valueRequired\":true,\"valueName\":\"search_term_string\"}}],\"inLanguage\":\"es-AR\"},{\"@type\":[\"Person\",\"Organization\"],\"@id\":\"https:\/\/apuntesdesanluis.com\/#\/schema\/person\/b55151d52296fcce64d1a72538a70b90\",\"name\":\"apuntesdesanluis.com\",\"image\":{\"@type\":\"ImageObject\",\"inLanguage\":\"es-AR\",\"@id\":\"https:\/\/apuntesdesanluis.com\/#\/schema\/person\/image\/\",\"url\":\"https:\/\/apuntesdesanluis.com\/wp-content\/uploads\/2023\/07\/cropped-apuntesdesanluis.png\",\"contentUrl\":\"https:\/\/apuntesdesanluis.com\/wp-content\/uploads\/2023\/07\/cropped-apuntesdesanluis.png\",\"width\":450,\"height\":112,\"caption\":\"apuntesdesanluis.com\"},\"logo\":{\"@id\":\"https:\/\/apuntesdesanluis.com\/#\/schema\/person\/image\/\"},\"sameAs\":[\"https:\/\/apuntesdesanluis.com\"],\"url\":\"https:\/\/apuntesdesanluis.com\/index.php\/author\/apuntesdesanluis-com\/\"}]}<\/script>\n<!-- \/ Yoast SEO plugin. -->","yoast_head_json":{"title":"ADVERTENCIA DE JAVIER MILEI A LAS PROVINCIAS QUE QUIEREN EMITIR UNA MONEDA PROPIA - Apuntes de San Luis","robots":{"index":"index","follow":"follow","max-snippet":"max-snippet:-1","max-image-preview":"max-image-preview:large","max-video-preview":"max-video-preview:-1"},"canonical":"https:\/\/apuntesdesanluis.com\/index.php\/2024\/01\/17\/advertencia-de-javier-milei-a-las-provincias-que-quieren-emitir-una-moneda-propia\/","og_locale":"es_ES","og_type":"article","og_title":"ADVERTENCIA DE JAVIER MILEI A LAS PROVINCIAS QUE QUIEREN EMITIR UNA MONEDA PROPIA - Apuntes de San Luis","og_description":"Tras el anuncio de La Rioja, el Presidente dijo que no se opondr\u00e1 a que...","og_url":"https:\/\/apuntesdesanluis.com\/index.php\/2024\/01\/17\/advertencia-de-javier-milei-a-las-provincias-que-quieren-emitir-una-moneda-propia\/","og_site_name":"Apuntes de San Luis","article_published_time":"2024-01-17T11:11:19+00:00","article_modified_time":"2024-01-17T11:12:26+00:00","og_image":[{"width":600,"height":403,"url":"https:\/\/apuntesdesanluis.com\/wp-content\/uploads\/2024\/01\/milei-6.png","type":"image\/png"}],"author":"apuntesdesanluis.com","twitter_card":"summary_large_image","twitter_misc":{"Escrito por":"apuntesdesanluis.com","Tiempo de lectura":"5 minutos"},"schema":{"@context":"https:\/\/schema.org","@graph":[{"@type":"Article","@id":"https:\/\/apuntesdesanluis.com\/index.php\/2024\/01\/17\/advertencia-de-javier-milei-a-las-provincias-que-quieren-emitir-una-moneda-propia\/#article","isPartOf":{"@id":"https:\/\/apuntesdesanluis.com\/index.php\/2024\/01\/17\/advertencia-de-javier-milei-a-las-provincias-que-quieren-emitir-una-moneda-propia\/"},"author":{"name":"apuntesdesanluis.com","@id":"https:\/\/apuntesdesanluis.com\/#\/schema\/person\/b55151d52296fcce64d1a72538a70b90"},"headline":"ADVERTENCIA DE JAVIER MILEI A LAS PROVINCIAS QUE QUIEREN EMITIR UNA MONEDA PROPIA","datePublished":"2024-01-17T11:11:19+00:00","dateModified":"2024-01-17T11:12:26+00:00","mainEntityOfPage":{"@id":"https:\/\/apuntesdesanluis.com\/index.php\/2024\/01\/17\/advertencia-de-javier-milei-a-las-provincias-que-quieren-emitir-una-moneda-propia\/"},"wordCount":885,"publisher":{"@id":"https:\/\/apuntesdesanluis.com\/#\/schema\/person\/b55151d52296fcce64d1a72538a70b90"},"image":{"@id":"https:\/\/apuntesdesanluis.com\/index.php\/2024\/01\/17\/advertencia-de-javier-milei-a-las-provincias-que-quieren-emitir-una-moneda-propia\/#primaryimage"},"thumbnailUrl":"https:\/\/apuntesdesanluis.com\/wp-content\/uploads\/2024\/01\/milei-6.png","articleSection":["Nacionales\/Internacionales"],"inLanguage":"es-AR"},{"@type":"WebPage","@id":"https:\/\/apuntesdesanluis.com\/index.php\/2024\/01\/17\/advertencia-de-javier-milei-a-las-provincias-que-quieren-emitir-una-moneda-propia\/","url":"https:\/\/apuntesdesanluis.com\/index.php\/2024\/01\/17\/advertencia-de-javier-milei-a-las-provincias-que-quieren-emitir-una-moneda-propia\/","name":"ADVERTENCIA DE JAVIER MILEI A LAS PROVINCIAS QUE QUIEREN EMITIR UNA MONEDA PROPIA - Apuntes de San Luis","isPartOf":{"@id":"https:\/\/apuntesdesanluis.com\/#website"},"primaryImageOfPage":{"@id":"https:\/\/apuntesdesanluis.com\/index.php\/2024\/01\/17\/advertencia-de-javier-milei-a-las-provincias-que-quieren-emitir-una-moneda-propia\/#primaryimage"},"image":{"@id":"https:\/\/apuntesdesanluis.com\/index.php\/2024\/01\/17\/advertencia-de-javier-milei-a-las-provincias-que-quieren-emitir-una-moneda-propia\/#primaryimage"},"thumbnailUrl":"https:\/\/apuntesdesanluis.com\/wp-content\/uploads\/2024\/01\/milei-6.png","datePublished":"2024-01-17T11:11:19+00:00","dateModified":"2024-01-17T11:12:26+00:00","breadcrumb":{"@id":"https:\/\/apuntesdesanluis.com\/index.php\/2024\/01\/17\/advertencia-de-javier-milei-a-las-provincias-que-quieren-emitir-una-moneda-propia\/#breadcrumb"},"inLanguage":"es-AR","potentialAction":[{"@type":"ReadAction","target":["https:\/\/apuntesdesanluis.com\/index.php\/2024\/01\/17\/advertencia-de-javier-milei-a-las-provincias-que-quieren-emitir-una-moneda-propia\/"]}]},{"@type":"ImageObject","inLanguage":"es-AR","@id":"https:\/\/apuntesdesanluis.com\/index.php\/2024\/01\/17\/advertencia-de-javier-milei-a-las-provincias-que-quieren-emitir-una-moneda-propia\/#primaryimage","url":"https:\/\/apuntesdesanluis.com\/wp-content\/uploads\/2024\/01\/milei-6.png","contentUrl":"https:\/\/apuntesdesanluis.com\/wp-content\/uploads\/2024\/01\/milei-6.png","width":600,"height":403},{"@type":"BreadcrumbList","@id":"https:\/\/apuntesdesanluis.com\/index.php\/2024\/01\/17\/advertencia-de-javier-milei-a-las-provincias-que-quieren-emitir-una-moneda-propia\/#breadcrumb","itemListElement":[{"@type":"ListItem","position":1,"name":"Inicio","item":"https:\/\/apuntesdesanluis.com\/"},{"@type":"ListItem","position":2,"name":"ADVERTENCIA DE JAVIER MILEI A LAS PROVINCIAS QUE QUIEREN EMITIR UNA MONEDA PROPIA"}]},{"@type":"WebSite","@id":"https:\/\/apuntesdesanluis.com\/#website","url":"https:\/\/apuntesdesanluis.com\/","name":"Apuntes de San Luis","description":"","publisher":{"@id":"https:\/\/apuntesdesanluis.com\/#\/schema\/person\/b55151d52296fcce64d1a72538a70b90"},"potentialAction":[{"@type":"SearchAction","target":{"@type":"EntryPoint","urlTemplate":"https:\/\/apuntesdesanluis.com\/?s={search_term_string}"},"query-input":{"@type":"PropertyValueSpecification","valueRequired":true,"valueName":"search_term_string"}}],"inLanguage":"es-AR"},{"@type":["Person","Organization"],"@id":"https:\/\/apuntesdesanluis.com\/#\/schema\/person\/b55151d52296fcce64d1a72538a70b90","name":"apuntesdesanluis.com","image":{"@type":"ImageObject","inLanguage":"es-AR","@id":"https:\/\/apuntesdesanluis.com\/#\/schema\/person\/image\/","url":"https:\/\/apuntesdesanluis.com\/wp-content\/uploads\/2023\/07\/cropped-apuntesdesanluis.png","contentUrl":"https:\/\/apuntesdesanluis.com\/wp-content\/uploads\/2023\/07\/cropped-apuntesdesanluis.png","width":450,"height":112,"caption":"apuntesdesanluis.com"},"logo":{"@id":"https:\/\/apuntesdesanluis.com\/#\/schema\/person\/image\/"},"sameAs":["https:\/\/apuntesdesanluis.com"],"url":"https:\/\/apuntesdesanluis.com\/index.php\/author\/apuntesdesanluis-com\/"}]}},"featured_image_urls":{"full":["https:\/\/apuntesdesanluis.com\/wp-content\/uploads\/2024\/01\/milei-6.png",600,403,false],"thumbnail":["https:\/\/apuntesdesanluis.com\/wp-content\/uploads\/2024\/01\/milei-6-150x150.png",150,150,true],"medium":["https:\/\/apuntesdesanluis.com\/wp-content\/uploads\/2024\/01\/milei-6-300x202.png",300,202,true],"medium_large":["https:\/\/apuntesdesanluis.com\/wp-content\/uploads\/2024\/01\/milei-6.png",600,403,false],"large":["https:\/\/apuntesdesanluis.com\/wp-content\/uploads\/2024\/01\/milei-6.png",600,403,false],"1536x1536":["https:\/\/apuntesdesanluis.com\/wp-content\/uploads\/2024\/01\/milei-6.png",600,403,false],"2048x2048":["https:\/\/apuntesdesanluis.com\/wp-content\/uploads\/2024\/01\/milei-6.png",600,403,false],"newsever-slider-full":["https:\/\/apuntesdesanluis.com\/wp-content\/uploads\/2024\/01\/milei-6.png",600,403,false],"newsever-featured":["https:\/\/apuntesdesanluis.com\/wp-content\/uploads\/2024\/01\/milei-6.png",600,403,false],"newsever-medium":["https:\/\/apuntesdesanluis.com\/wp-content\/uploads\/2024\/01\/milei-6.png",600,403,false]},"author_info":{"display_name":"apuntesdesanluis.com","author_link":"https:\/\/apuntesdesanluis.com\/index.php\/author\/apuntesdesanluis-com\/"},"category_info":"<a href=\"https:\/\/apuntesdesanluis.com\/index.php\/category\/nacionales-internacionales\/\" rel=\"category tag\">Nacionales\/Internacionales<\/a>","tag_info":"Nacionales\/Internacionales","comment_count":"0","_links":{"self":[{"href":"https:\/\/apuntesdesanluis.com\/index.php\/wp-json\/wp\/v2\/posts\/10244","targetHints":{"allow":["GET"]}}],"collection":[{"href":"https:\/\/apuntesdesanluis.com\/index.php\/wp-json\/wp\/v2\/posts"}],"about":[{"href":"https:\/\/apuntesdesanluis.com\/index.php\/wp-json\/wp\/v2\/types\/post"}],"author":[{"embeddable":true,"href":"https:\/\/apuntesdesanluis.com\/index.php\/wp-json\/wp\/v2\/users\/1"}],"replies":[{"embeddable":true,"href":"https:\/\/apuntesdesanluis.com\/index.php\/wp-json\/wp\/v2\/comments?post=10244"}],"version-history":[{"count":3,"href":"https:\/\/apuntesdesanluis.com\/index.php\/wp-json\/wp\/v2\/posts\/10244\/revisions"}],"predecessor-version":[{"id":10249,"href":"https:\/\/apuntesdesanluis.com\/index.php\/wp-json\/wp\/v2\/posts\/10244\/revisions\/10249"}],"wp:featuredmedia":[{"embeddable":true,"href":"https:\/\/apuntesdesanluis.com\/index.php\/wp-json\/wp\/v2\/media\/10246"}],"wp:attachment":[{"href":"https:\/\/apuntesdesanluis.com\/index.php\/wp-json\/wp\/v2\/media?parent=10244"}],"wp:term":[{"taxonomy":"category","embeddable":true,"href":"https:\/\/apuntesdesanluis.com\/index.php\/wp-json\/wp\/v2\/categories?post=10244"},{"taxonomy":"post_tag","embeddable":true,"href":"https:\/\/apuntesdesanluis.com\/index.php\/wp-json\/wp\/v2\/tags?post=10244"}],"curies":[{"name":"wp","href":"https:\/\/api.w.org\/{rel}","templated":true}]}}