{"id":10253,"date":"2024-01-17T09:47:58","date_gmt":"2024-01-17T12:47:58","guid":{"rendered":"https:\/\/apuntesdesanluis.com\/?p=10253"},"modified":"2024-01-17T09:49:24","modified_gmt":"2024-01-17T12:49:24","slug":"suspenden-estacionamiento-medido-y-lanzan-operativo-merlo-seguro","status":"publish","type":"post","link":"https:\/\/apuntesdesanluis.com\/index.php\/2024\/01\/17\/suspenden-estacionamiento-medido-y-lanzan-operativo-merlo-seguro\/","title":{"rendered":"SUSPENDEN ESTACIONAMIENTO MEDIDO Y LANZAN OPERATIVO \u201cMERLO SEGURO\u201d"},"content":{"rendered":"<h3>El Secretario de Gobierno y Deporte de la Municipalidad de la Villa de Merlo, <strong>Francisco Oviedo<\/strong>, anunci\u00f3 la suspensi\u00f3n temporal del Estacionamiento Medido en las calles del centro, como parte de las medidas adoptadas por el ejecutivo municipal para reducir el gasto p\u00fablico y colaborar con vecinos y comerciantes respecto a la implementaci\u00f3n del Estacionamiento Medido.<\/h3>\n<h3>Por otro lado, La Polic\u00eda de la Provincia junto a Tr\u00e1nsito Municipal, implementar\u00e1n el operativo <strong>&#8220;Merlo Seguro&#8221;<\/strong>.<\/h3>\n<h3>Este operativo tiene tres objetivos principales y se realiza con el fin de crear conciencia en los habitantes de la ciudad. A fin de hacer un uso seguro de la v\u00eda p\u00fablica y prevenir los accidentes de tr\u00e1nsito. Se realiza de manera articulada entre la Direcci\u00f3n de Tr\u00e1nsito Municipal y la Polic\u00eda de la Provincia de San Luis.<\/h3>\n<h3>En cuando al estacionamiento medido, se trata de un contrato de concesi\u00f3n que hab\u00eda sido promovido en la gesti\u00f3n de Miguel Angel Flores, poco antes de concluir su mandato como Intendente.<\/h3>\n<p><img fetchpriority=\"high\" decoding=\"async\" class=\"wp-image-10255 aligncenter\" src=\"https:\/\/apuntesdesanluis.com\/wp-content\/uploads\/2024\/01\/merlo-estacionamiento-300x180.jpg\" alt=\"\" width=\"618\" height=\"371\" srcset=\"https:\/\/apuntesdesanluis.com\/wp-content\/uploads\/2024\/01\/merlo-estacionamiento-300x180.jpg 300w, https:\/\/apuntesdesanluis.com\/wp-content\/uploads\/2024\/01\/merlo-estacionamiento.jpg 600w\" sizes=\"(max-width: 618px) 100vw, 618px\" \/><\/p>\n<h3>\u201cNosotros creemos que el Estacionamiento Medido y Tarifado ayuda a mejorar la fluidez del tr\u00e1nsito y el orden en las calles del centro, pero la realidad es que el contrato que nos hab\u00edan dejado firmado, poco colabora con estas dos cosas y con la rentabilidad del sistema, de hecho daba p\u00e9rdidas. Es por eso que hemos decidido dejar de implementarlo, hasta tanto la situaci\u00f3n econ\u00f3mica del municipio y de nuestros vecinos, mejore\u201d, explic\u00f3 el Secretario de Gobierno, Francisco Oviedo.<\/h3>\n<h3>\u201cUna vez que la situaci\u00f3n mejore, se retomar\u00e1 el cobro del Estacionamiento Medido en las calles del centro, pero teniendo en cuenta las condiciones que les convengan a todas las partes. El servicio tiene que ser eficiente y rentable para toda la comunidad merlina\u201d, agreg\u00f3.<\/h3>\n<h3>En los eventos de iniciativas de grupos privados, tambi\u00e9n el municipio dejar\u00e1 de participar como auspiciante.<\/h3>\n<h3><strong>OPERATIVO CONJUNTO<\/strong><\/h3>\n<h3>En Argentina, seg\u00fan datos oficiales de la Agencia Nacional de Seguridad Vial (ANSV), en el a\u00f1o 2022 perdieron la vida 3.828 personas y m\u00e1s de 100 mil resultaron lesionadas.<\/h3>\n<h3>Por su parte la Direcci\u00f3n de Estad\u00edsticas e Informaci\u00f3n en Salud (DEIS), dependiente del Ministerio de Salud de la Naci\u00f3n, indic\u00f3 que la tasa de mortalidad en ocupantes de motoveh\u00edculos viene increment\u00e1ndose en los \u00faltimos a\u00f1os.<\/h3>\n<p><img decoding=\"async\" class=\"wp-image-10256 aligncenter\" src=\"https:\/\/apuntesdesanluis.com\/wp-content\/uploads\/2024\/01\/acceso-a-merlo-300x183.png\" alt=\"\" width=\"616\" height=\"376\" srcset=\"https:\/\/apuntesdesanluis.com\/wp-content\/uploads\/2024\/01\/acceso-a-merlo-300x183.png 300w, https:\/\/apuntesdesanluis.com\/wp-content\/uploads\/2024\/01\/acceso-a-merlo.png 595w\" sizes=\"(max-width: 616px) 100vw, 616px\" \/><\/p>\n<h3>La mayor\u00eda de los siniestros viales y sus consecuencias pueden ser evitables si se act\u00faa correctamente sobre sus determinantes. Por lo que desde el Municipio se decide accionar sobre esta preocupante situaci\u00f3n planteando el operativo Merlo Seguro el cual consta de 3 ejes principales:<\/h3>\n<h3>La primera acci\u00f3n del Operativo <strong>\u201cMerlo Seguro\u201d<\/strong> que llevar\u00e1n adelante la Polic\u00eda de la Provincia y el Municipio de Merlo ser\u00e1 de prevenci\u00f3n y concientizaci\u00f3n para los vecinos y turistas, a fin de hacer un uso seguro de la v\u00eda p\u00fablica y prevenir los accidentes de tr\u00e1nsito.<\/h3>\n<h3>La segunda acci\u00f3n a llevar a cabo es tener controles preventivos, en los ingresos a la villa. Estos se har\u00e1n con polic\u00eda, personal de tr\u00e1nsito, personal de Bromatolog\u00eda y la Comisi\u00f3n Nacional de Regulaci\u00f3n del Transporte (CNRT), De esta manera, con un trabajo articulado, se busca cuidar a la poblaci\u00f3n y a los turistas.<\/h3>\n<h3>Esto consta principalmente en controlar los veh\u00edculos que ingresan a la ciudad, control de vendedores ambulantes y manteros, identificar artesanos que no est\u00e9n dentro de los paseos habilitados o est\u00e9n haciendo reventa, identificar cualquier acci\u00f3n sospechosa.<\/h3>\n<h3>La tercera acci\u00f3n se enmarca en que la gesti\u00f3n actual no permitir\u00e1 m\u00e1s el uso de escapes libres o escapes que no sean originales, que atentan contra el ambiente generando contaminaci\u00f3n sonora que molesta no solamente a los vecinos sino a la fauna.<\/h3>\n<h3>Se sancionar\u00e1 de manera efectiva las infracciones graves como transitar sin patente, no tener en regla la titulaci\u00f3n del veh\u00edculo, la falta de espejos en las motocicletas, entre otras.<\/h3>\n<p>&nbsp;<\/p>\n<p>&nbsp;<\/p>\n<p>&nbsp;<\/p>\n","protected":false},"excerpt":{"rendered":"<p>El Secretario de Gobierno y Deporte de la Municipalidad de la Villa de Merlo, Francisco&#8230;<\/p>\n","protected":false},"author":1,"featured_media":10254,"comment_status":"closed","ping_status":"closed","sticky":false,"template":"","format":"standard","meta":{"footnotes":""},"categories":[6],"tags":[],"class_list":["post-10253","post","type-post","status-publish","format-standard","has-post-thumbnail","hentry","category-ciudad-provincia"],"yoast_head":"<!-- This site is optimized with the Yoast SEO plugin v26.1.1 - https:\/\/yoast.com\/wordpress\/plugins\/seo\/ -->\n<title>SUSPENDEN ESTACIONAMIENTO MEDIDO Y LANZAN OPERATIVO \u201cMERLO SEGURO\u201d - Apuntes de San Luis<\/title>\n<meta name=\"robots\" content=\"index, follow, max-snippet:-1, max-image-preview:large, max-video-preview:-1\" \/>\n<link rel=\"canonical\" href=\"https:\/\/apuntesdesanluis.com\/index.php\/2024\/01\/17\/suspenden-estacionamiento-medido-y-lanzan-operativo-merlo-seguro\/\" \/>\n<meta property=\"og:locale\" content=\"es_ES\" \/>\n<meta property=\"og:type\" content=\"article\" \/>\n<meta property=\"og:title\" content=\"SUSPENDEN ESTACIONAMIENTO MEDIDO Y LANZAN OPERATIVO \u201cMERLO SEGURO\u201d - Apuntes de San Luis\" \/>\n<meta property=\"og:description\" content=\"El Secretario de Gobierno y Deporte de la Municipalidad de la Villa de Merlo, Francisco...\" \/>\n<meta property=\"og:url\" content=\"https:\/\/apuntesdesanluis.com\/index.php\/2024\/01\/17\/suspenden-estacionamiento-medido-y-lanzan-operativo-merlo-seguro\/\" \/>\n<meta property=\"og:site_name\" content=\"Apuntes de San Luis\" \/>\n<meta property=\"article:published_time\" content=\"2024-01-17T12:47:58+00:00\" \/>\n<meta property=\"article:modified_time\" content=\"2024-01-17T12:49:24+00:00\" \/>\n<meta property=\"og:image\" content=\"https:\/\/apuntesdesanluis.com\/wp-content\/uploads\/2024\/01\/calles-de-merlo.png\" \/>\n\t<meta property=\"og:image:width\" content=\"852\" \/>\n\t<meta property=\"og:image:height\" content=\"471\" \/>\n\t<meta property=\"og:image:type\" content=\"image\/png\" \/>\n<meta name=\"author\" content=\"apuntesdesanluis.com\" \/>\n<meta name=\"twitter:card\" content=\"summary_large_image\" \/>\n<meta name=\"twitter:label1\" content=\"Escrito por\" \/>\n\t<meta name=\"twitter:data1\" content=\"apuntesdesanluis.com\" \/>\n\t<meta name=\"twitter:label2\" content=\"Tiempo de lectura\" \/>\n\t<meta name=\"twitter:data2\" content=\"4 minutos\" \/>\n<script type=\"application\/ld+json\" class=\"yoast-schema-graph\">{\"@context\":\"https:\/\/schema.org\",\"@graph\":[{\"@type\":\"Article\",\"@id\":\"https:\/\/apuntesdesanluis.com\/index.php\/2024\/01\/17\/suspenden-estacionamiento-medido-y-lanzan-operativo-merlo-seguro\/#article\",\"isPartOf\":{\"@id\":\"https:\/\/apuntesdesanluis.com\/index.php\/2024\/01\/17\/suspenden-estacionamiento-medido-y-lanzan-operativo-merlo-seguro\/\"},\"author\":{\"name\":\"apuntesdesanluis.com\",\"@id\":\"https:\/\/apuntesdesanluis.com\/#\/schema\/person\/b55151d52296fcce64d1a72538a70b90\"},\"headline\":\"SUSPENDEN ESTACIONAMIENTO MEDIDO Y LANZAN OPERATIVO \u201cMERLO SEGURO\u201d\",\"datePublished\":\"2024-01-17T12:47:58+00:00\",\"dateModified\":\"2024-01-17T12:49:24+00:00\",\"mainEntityOfPage\":{\"@id\":\"https:\/\/apuntesdesanluis.com\/index.php\/2024\/01\/17\/suspenden-estacionamiento-medido-y-lanzan-operativo-merlo-seguro\/\"},\"wordCount\":690,\"publisher\":{\"@id\":\"https:\/\/apuntesdesanluis.com\/#\/schema\/person\/b55151d52296fcce64d1a72538a70b90\"},\"image\":{\"@id\":\"https:\/\/apuntesdesanluis.com\/index.php\/2024\/01\/17\/suspenden-estacionamiento-medido-y-lanzan-operativo-merlo-seguro\/#primaryimage\"},\"thumbnailUrl\":\"https:\/\/apuntesdesanluis.com\/wp-content\/uploads\/2024\/01\/calles-de-merlo.png\",\"articleSection\":[\"Ciudad\/Provincia\"],\"inLanguage\":\"es-AR\"},{\"@type\":\"WebPage\",\"@id\":\"https:\/\/apuntesdesanluis.com\/index.php\/2024\/01\/17\/suspenden-estacionamiento-medido-y-lanzan-operativo-merlo-seguro\/\",\"url\":\"https:\/\/apuntesdesanluis.com\/index.php\/2024\/01\/17\/suspenden-estacionamiento-medido-y-lanzan-operativo-merlo-seguro\/\",\"name\":\"SUSPENDEN ESTACIONAMIENTO MEDIDO Y LANZAN OPERATIVO \u201cMERLO SEGURO\u201d - Apuntes de San Luis\",\"isPartOf\":{\"@id\":\"https:\/\/apuntesdesanluis.com\/#website\"},\"primaryImageOfPage\":{\"@id\":\"https:\/\/apuntesdesanluis.com\/index.php\/2024\/01\/17\/suspenden-estacionamiento-medido-y-lanzan-operativo-merlo-seguro\/#primaryimage\"},\"image\":{\"@id\":\"https:\/\/apuntesdesanluis.com\/index.php\/2024\/01\/17\/suspenden-estacionamiento-medido-y-lanzan-operativo-merlo-seguro\/#primaryimage\"},\"thumbnailUrl\":\"https:\/\/apuntesdesanluis.com\/wp-content\/uploads\/2024\/01\/calles-de-merlo.png\",\"datePublished\":\"2024-01-17T12:47:58+00:00\",\"dateModified\":\"2024-01-17T12:49:24+00:00\",\"breadcrumb\":{\"@id\":\"https:\/\/apuntesdesanluis.com\/index.php\/2024\/01\/17\/suspenden-estacionamiento-medido-y-lanzan-operativo-merlo-seguro\/#breadcrumb\"},\"inLanguage\":\"es-AR\",\"potentialAction\":[{\"@type\":\"ReadAction\",\"target\":[\"https:\/\/apuntesdesanluis.com\/index.php\/2024\/01\/17\/suspenden-estacionamiento-medido-y-lanzan-operativo-merlo-seguro\/\"]}]},{\"@type\":\"ImageObject\",\"inLanguage\":\"es-AR\",\"@id\":\"https:\/\/apuntesdesanluis.com\/index.php\/2024\/01\/17\/suspenden-estacionamiento-medido-y-lanzan-operativo-merlo-seguro\/#primaryimage\",\"url\":\"https:\/\/apuntesdesanluis.com\/wp-content\/uploads\/2024\/01\/calles-de-merlo.png\",\"contentUrl\":\"https:\/\/apuntesdesanluis.com\/wp-content\/uploads\/2024\/01\/calles-de-merlo.png\",\"width\":852,\"height\":471},{\"@type\":\"BreadcrumbList\",\"@id\":\"https:\/\/apuntesdesanluis.com\/index.php\/2024\/01\/17\/suspenden-estacionamiento-medido-y-lanzan-operativo-merlo-seguro\/#breadcrumb\",\"itemListElement\":[{\"@type\":\"ListItem\",\"position\":1,\"name\":\"Inicio\",\"item\":\"https:\/\/apuntesdesanluis.com\/\"},{\"@type\":\"ListItem\",\"position\":2,\"name\":\"SUSPENDEN ESTACIONAMIENTO MEDIDO Y LANZAN OPERATIVO \u201cMERLO SEGURO\u201d\"}]},{\"@type\":\"WebSite\",\"@id\":\"https:\/\/apuntesdesanluis.com\/#website\",\"url\":\"https:\/\/apuntesdesanluis.com\/\",\"name\":\"Apuntes de San Luis\",\"description\":\"\",\"publisher\":{\"@id\":\"https:\/\/apuntesdesanluis.com\/#\/schema\/person\/b55151d52296fcce64d1a72538a70b90\"},\"potentialAction\":[{\"@type\":\"SearchAction\",\"target\":{\"@type\":\"EntryPoint\",\"urlTemplate\":\"https:\/\/apuntesdesanluis.com\/?s={search_term_string}\"},\"query-input\":{\"@type\":\"PropertyValueSpecification\",\"valueRequired\":true,\"valueName\":\"search_term_string\"}}],\"inLanguage\":\"es-AR\"},{\"@type\":[\"Person\",\"Organization\"],\"@id\":\"https:\/\/apuntesdesanluis.com\/#\/schema\/person\/b55151d52296fcce64d1a72538a70b90\",\"name\":\"apuntesdesanluis.com\",\"image\":{\"@type\":\"ImageObject\",\"inLanguage\":\"es-AR\",\"@id\":\"https:\/\/apuntesdesanluis.com\/#\/schema\/person\/image\/\",\"url\":\"https:\/\/apuntesdesanluis.com\/wp-content\/uploads\/2023\/07\/cropped-apuntesdesanluis.png\",\"contentUrl\":\"https:\/\/apuntesdesanluis.com\/wp-content\/uploads\/2023\/07\/cropped-apuntesdesanluis.png\",\"width\":450,\"height\":112,\"caption\":\"apuntesdesanluis.com\"},\"logo\":{\"@id\":\"https:\/\/apuntesdesanluis.com\/#\/schema\/person\/image\/\"},\"sameAs\":[\"https:\/\/apuntesdesanluis.com\"],\"url\":\"https:\/\/apuntesdesanluis.com\/index.php\/author\/apuntesdesanluis-com\/\"}]}<\/script>\n<!-- \/ Yoast SEO plugin. -->","yoast_head_json":{"title":"SUSPENDEN ESTACIONAMIENTO MEDIDO Y LANZAN OPERATIVO \u201cMERLO SEGURO\u201d - Apuntes de San Luis","robots":{"index":"index","follow":"follow","max-snippet":"max-snippet:-1","max-image-preview":"max-image-preview:large","max-video-preview":"max-video-preview:-1"},"canonical":"https:\/\/apuntesdesanluis.com\/index.php\/2024\/01\/17\/suspenden-estacionamiento-medido-y-lanzan-operativo-merlo-seguro\/","og_locale":"es_ES","og_type":"article","og_title":"SUSPENDEN ESTACIONAMIENTO MEDIDO Y LANZAN OPERATIVO \u201cMERLO SEGURO\u201d - Apuntes de San Luis","og_description":"El Secretario de Gobierno y Deporte de la Municipalidad de la Villa de Merlo, Francisco...","og_url":"https:\/\/apuntesdesanluis.com\/index.php\/2024\/01\/17\/suspenden-estacionamiento-medido-y-lanzan-operativo-merlo-seguro\/","og_site_name":"Apuntes de San Luis","article_published_time":"2024-01-17T12:47:58+00:00","article_modified_time":"2024-01-17T12:49:24+00:00","og_image":[{"width":852,"height":471,"url":"https:\/\/apuntesdesanluis.com\/wp-content\/uploads\/2024\/01\/calles-de-merlo.png","type":"image\/png"}],"author":"apuntesdesanluis.com","twitter_card":"summary_large_image","twitter_misc":{"Escrito por":"apuntesdesanluis.com","Tiempo de lectura":"4 minutos"},"schema":{"@context":"https:\/\/schema.org","@graph":[{"@type":"Article","@id":"https:\/\/apuntesdesanluis.com\/index.php\/2024\/01\/17\/suspenden-estacionamiento-medido-y-lanzan-operativo-merlo-seguro\/#article","isPartOf":{"@id":"https:\/\/apuntesdesanluis.com\/index.php\/2024\/01\/17\/suspenden-estacionamiento-medido-y-lanzan-operativo-merlo-seguro\/"},"author":{"name":"apuntesdesanluis.com","@id":"https:\/\/apuntesdesanluis.com\/#\/schema\/person\/b55151d52296fcce64d1a72538a70b90"},"headline":"SUSPENDEN ESTACIONAMIENTO MEDIDO Y LANZAN OPERATIVO \u201cMERLO SEGURO\u201d","datePublished":"2024-01-17T12:47:58+00:00","dateModified":"2024-01-17T12:49:24+00:00","mainEntityOfPage":{"@id":"https:\/\/apuntesdesanluis.com\/index.php\/2024\/01\/17\/suspenden-estacionamiento-medido-y-lanzan-operativo-merlo-seguro\/"},"wordCount":690,"publisher":{"@id":"https:\/\/apuntesdesanluis.com\/#\/schema\/person\/b55151d52296fcce64d1a72538a70b90"},"image":{"@id":"https:\/\/apuntesdesanluis.com\/index.php\/2024\/01\/17\/suspenden-estacionamiento-medido-y-lanzan-operativo-merlo-seguro\/#primaryimage"},"thumbnailUrl":"https:\/\/apuntesdesanluis.com\/wp-content\/uploads\/2024\/01\/calles-de-merlo.png","articleSection":["Ciudad\/Provincia"],"inLanguage":"es-AR"},{"@type":"WebPage","@id":"https:\/\/apuntesdesanluis.com\/index.php\/2024\/01\/17\/suspenden-estacionamiento-medido-y-lanzan-operativo-merlo-seguro\/","url":"https:\/\/apuntesdesanluis.com\/index.php\/2024\/01\/17\/suspenden-estacionamiento-medido-y-lanzan-operativo-merlo-seguro\/","name":"SUSPENDEN ESTACIONAMIENTO MEDIDO Y LANZAN OPERATIVO \u201cMERLO SEGURO\u201d - Apuntes de San Luis","isPartOf":{"@id":"https:\/\/apuntesdesanluis.com\/#website"},"primaryImageOfPage":{"@id":"https:\/\/apuntesdesanluis.com\/index.php\/2024\/01\/17\/suspenden-estacionamiento-medido-y-lanzan-operativo-merlo-seguro\/#primaryimage"},"image":{"@id":"https:\/\/apuntesdesanluis.com\/index.php\/2024\/01\/17\/suspenden-estacionamiento-medido-y-lanzan-operativo-merlo-seguro\/#primaryimage"},"thumbnailUrl":"https:\/\/apuntesdesanluis.com\/wp-content\/uploads\/2024\/01\/calles-de-merlo.png","datePublished":"2024-01-17T12:47:58+00:00","dateModified":"2024-01-17T12:49:24+00:00","breadcrumb":{"@id":"https:\/\/apuntesdesanluis.com\/index.php\/2024\/01\/17\/suspenden-estacionamiento-medido-y-lanzan-operativo-merlo-seguro\/#breadcrumb"},"inLanguage":"es-AR","potentialAction":[{"@type":"ReadAction","target":["https:\/\/apuntesdesanluis.com\/index.php\/2024\/01\/17\/suspenden-estacionamiento-medido-y-lanzan-operativo-merlo-seguro\/"]}]},{"@type":"ImageObject","inLanguage":"es-AR","@id":"https:\/\/apuntesdesanluis.com\/index.php\/2024\/01\/17\/suspenden-estacionamiento-medido-y-lanzan-operativo-merlo-seguro\/#primaryimage","url":"https:\/\/apuntesdesanluis.com\/wp-content\/uploads\/2024\/01\/calles-de-merlo.png","contentUrl":"https:\/\/apuntesdesanluis.com\/wp-content\/uploads\/2024\/01\/calles-de-merlo.png","width":852,"height":471},{"@type":"BreadcrumbList","@id":"https:\/\/apuntesdesanluis.com\/index.php\/2024\/01\/17\/suspenden-estacionamiento-medido-y-lanzan-operativo-merlo-seguro\/#breadcrumb","itemListElement":[{"@type":"ListItem","position":1,"name":"Inicio","item":"https:\/\/apuntesdesanluis.com\/"},{"@type":"ListItem","position":2,"name":"SUSPENDEN ESTACIONAMIENTO MEDIDO Y LANZAN OPERATIVO \u201cMERLO SEGURO\u201d"}]},{"@type":"WebSite","@id":"https:\/\/apuntesdesanluis.com\/#website","url":"https:\/\/apuntesdesanluis.com\/","name":"Apuntes de San Luis","description":"","publisher":{"@id":"https:\/\/apuntesdesanluis.com\/#\/schema\/person\/b55151d52296fcce64d1a72538a70b90"},"potentialAction":[{"@type":"SearchAction","target":{"@type":"EntryPoint","urlTemplate":"https:\/\/apuntesdesanluis.com\/?s={search_term_string}"},"query-input":{"@type":"PropertyValueSpecification","valueRequired":true,"valueName":"search_term_string"}}],"inLanguage":"es-AR"},{"@type":["Person","Organization"],"@id":"https:\/\/apuntesdesanluis.com\/#\/schema\/person\/b55151d52296fcce64d1a72538a70b90","name":"apuntesdesanluis.com","image":{"@type":"ImageObject","inLanguage":"es-AR","@id":"https:\/\/apuntesdesanluis.com\/#\/schema\/person\/image\/","url":"https:\/\/apuntesdesanluis.com\/wp-content\/uploads\/2023\/07\/cropped-apuntesdesanluis.png","contentUrl":"https:\/\/apuntesdesanluis.com\/wp-content\/uploads\/2023\/07\/cropped-apuntesdesanluis.png","width":450,"height":112,"caption":"apuntesdesanluis.com"},"logo":{"@id":"https:\/\/apuntesdesanluis.com\/#\/schema\/person\/image\/"},"sameAs":["https:\/\/apuntesdesanluis.com"],"url":"https:\/\/apuntesdesanluis.com\/index.php\/author\/apuntesdesanluis-com\/"}]}},"featured_image_urls":{"full":["https:\/\/apuntesdesanluis.com\/wp-content\/uploads\/2024\/01\/calles-de-merlo.png",852,471,false],"thumbnail":["https:\/\/apuntesdesanluis.com\/wp-content\/uploads\/2024\/01\/calles-de-merlo-150x150.png",150,150,true],"medium":["https:\/\/apuntesdesanluis.com\/wp-content\/uploads\/2024\/01\/calles-de-merlo-300x166.png",300,166,true],"medium_large":["https:\/\/apuntesdesanluis.com\/wp-content\/uploads\/2024\/01\/calles-de-merlo-768x425.png",640,354,true],"large":["https:\/\/apuntesdesanluis.com\/wp-content\/uploads\/2024\/01\/calles-de-merlo.png",640,354,false],"1536x1536":["https:\/\/apuntesdesanluis.com\/wp-content\/uploads\/2024\/01\/calles-de-merlo.png",852,471,false],"2048x2048":["https:\/\/apuntesdesanluis.com\/wp-content\/uploads\/2024\/01\/calles-de-merlo.png",852,471,false],"newsever-slider-full":["https:\/\/apuntesdesanluis.com\/wp-content\/uploads\/2024\/01\/calles-de-merlo.png",852,471,false],"newsever-featured":["https:\/\/apuntesdesanluis.com\/wp-content\/uploads\/2024\/01\/calles-de-merlo.png",852,471,false],"newsever-medium":["https:\/\/apuntesdesanluis.com\/wp-content\/uploads\/2024\/01\/calles-de-merlo-720x471.png",720,471,true]},"author_info":{"display_name":"apuntesdesanluis.com","author_link":"https:\/\/apuntesdesanluis.com\/index.php\/author\/apuntesdesanluis-com\/"},"category_info":"<a href=\"https:\/\/apuntesdesanluis.com\/index.php\/category\/ciudad-provincia\/\" rel=\"category tag\">Ciudad\/Provincia<\/a>","tag_info":"Ciudad\/Provincia","comment_count":"0","_links":{"self":[{"href":"https:\/\/apuntesdesanluis.com\/index.php\/wp-json\/wp\/v2\/posts\/10253","targetHints":{"allow":["GET"]}}],"collection":[{"href":"https:\/\/apuntesdesanluis.com\/index.php\/wp-json\/wp\/v2\/posts"}],"about":[{"href":"https:\/\/apuntesdesanluis.com\/index.php\/wp-json\/wp\/v2\/types\/post"}],"author":[{"embeddable":true,"href":"https:\/\/apuntesdesanluis.com\/index.php\/wp-json\/wp\/v2\/users\/1"}],"replies":[{"embeddable":true,"href":"https:\/\/apuntesdesanluis.com\/index.php\/wp-json\/wp\/v2\/comments?post=10253"}],"version-history":[{"count":3,"href":"https:\/\/apuntesdesanluis.com\/index.php\/wp-json\/wp\/v2\/posts\/10253\/revisions"}],"predecessor-version":[{"id":10259,"href":"https:\/\/apuntesdesanluis.com\/index.php\/wp-json\/wp\/v2\/posts\/10253\/revisions\/10259"}],"wp:featuredmedia":[{"embeddable":true,"href":"https:\/\/apuntesdesanluis.com\/index.php\/wp-json\/wp\/v2\/media\/10254"}],"wp:attachment":[{"href":"https:\/\/apuntesdesanluis.com\/index.php\/wp-json\/wp\/v2\/media?parent=10253"}],"wp:term":[{"taxonomy":"category","embeddable":true,"href":"https:\/\/apuntesdesanluis.com\/index.php\/wp-json\/wp\/v2\/categories?post=10253"},{"taxonomy":"post_tag","embeddable":true,"href":"https:\/\/apuntesdesanluis.com\/index.php\/wp-json\/wp\/v2\/tags?post=10253"}],"curies":[{"name":"wp","href":"https:\/\/api.w.org\/{rel}","templated":true}]}}