{"id":10274,"date":"2024-01-17T18:25:38","date_gmt":"2024-01-17T21:25:38","guid":{"rendered":"https:\/\/apuntesdesanluis.com\/?p=10274"},"modified":"2024-01-17T18:31:23","modified_gmt":"2024-01-17T21:31:23","slug":"invitan-a-adherir-a-una-carta-abierta-a-diputados-nacionales-de-san-luis-en-contra-del-dnu","status":"publish","type":"post","link":"https:\/\/apuntesdesanluis.com\/index.php\/2024\/01\/17\/invitan-a-adherir-a-una-carta-abierta-a-diputados-nacionales-de-san-luis-en-contra-del-dnu\/","title":{"rendered":"INVITAN A ADHERIR A UNA CARTA ABIERTA A LOS DIPUTADOS NACIONALES DE SAN LUIS EN CONTRA DEL DNU"},"content":{"rendered":"<h3>Esta semana comenz\u00f3 a circular un formulario de adhesi\u00f3n para dirigir un pronunciamiento a los legisladores nacionales de San Luis en la C\u00e1mara Baja, que cuestiona duramente el <strong>Decreto de Necesidad y Urgencia<\/strong> que envi\u00f3 el presidente <strong>Javier Milei<\/strong> al Congreso, como tambi\u00e9n la llamada <strong>Ley \u00d3mnibus<\/strong>.<\/h3>\n<h3>La <strong>Carta Abierta<\/strong> intenta convertirse en un mandato para los diputados nacionales <strong>Alberto Arancibia Rodr\u00edguez<\/strong> (PD), <strong>Karina Bachey<\/strong> (PRO), <strong>Carlos D&#8217;alessandro<\/strong> (LLA), <strong>Natalia Zabala Chacur<\/strong> (PJ) y <strong>Ernesto Nader Ali<\/strong> (PJ-pendiente de acreditaci\u00f3n).<\/h3>\n<h3>A continuaci\u00f3n, algunos de los fundamentos de la misiva a la que se puede adherir:<\/h3>\n<h3>\u201cEntendemos que el DNU que deroga o modifica de un plumazo m\u00e1s de 300 leyes, incluyendo art\u00edculos de los C\u00f3digos Penal, y Civil y Comercial, es un abuso del Poder Ejecutivo y un avasallamiento sin precedentes al Poder Legislativo que ustedes integran. Si el DNU se aprobara, \u00bfqu\u00e9 garantiza que dentro de cuatro a\u00f1os otro gobierno, sea del signo pol\u00edtico que sea, y por Decreto cambie un sinn\u00famero de leyes? La independencia de poderes sobre la que se asienta nuestra Rep\u00fablica pasar\u00eda a ser una entelequia&#8230;<\/h3>\n<h3>El DNU presidencial al igual que la megaley est\u00e1n cuestionados por ampl\u00edsimos sectores de la vida nacional y provincial: el sector productivo, pymes, trabajadores estatales, investigadores, artistas, m\u00fasicos, realizadores audiovisuales, docentes, libreros, profesionales y t\u00e9cnicos de la salud;\u00a0 asociaciones civiles, asociaciones de consumidores y de inquilinos, jubilados, periodistas, universitarios, cient\u00edficos, magistrados, colegios de profesionales, asociaciones que trabajan con personas con discapacidad, infancias, adolescencias, mujeres y disidencias, comedores populares, bibliotecas populares, obras sociales, trabajadoras de casas particulares, y un largo etc\u00e9tera. Es llamativo que, salvo funcionarios del propio gobierno, agentes de prensa afines al gobierno y sectores concentrados de la econom\u00eda que claramente se ven favorecidos por los contenidos del DNU y por la Ley \u00d3mnibus, nadie ha salido a defender estas propuestas.<\/h3>\n<h3>Los efectos negativos de estas iniciativas del Ejecutivo son m\u00faltiples, diversos, severos y pretenden formatear un modelo de pa\u00eds en donde el mercado, el disciplinamiento y el individualismo pasan a ser los nuevos dioses ante los cuales hay que postrarse, abandonando las ideas de comunidad, justicia social y solidaridad, ideas de la que un pueblo como el argentino ha sido tributario y ejemplo en Latinoam\u00e9rica y el mundo. Cabe recordar que estas banderas han sido plantadas por sectores sociales, luchas de largos siglos tras la independencia pol\u00edtica y en busca de la ruptura de las cadenas que han atosigado al pueblo argentino durante los siglos XVIII, XIX y XX.<\/h3>\n<h3>En nombre de la libertad se busca avasallar derechos individuales y se recortan derechos, se vende el patrimonio nacional pretendiendo privatizar empresas que son orgullo de un pa\u00eds como ARSAT, INVAP SA,\u00a0 YPF, YMAD, Aerol\u00edneas Argentinas, Banco Naci\u00f3n, y que, adem\u00e1s, no son deficitarias. Se cuestiona sostener ANSES, AYSA, Trenes Argentinos, Casa de la moneda, Polo tecnol\u00f3gico, Radio y TV Argentina, T\u00e9lam entre otras cerca de 40 empresas del Estado que permiten garantizar el desarrollo, la autonom\u00eda y el acceso a derechos constitucionales, es decir, garantizar la construcci\u00f3n de independencia nacional e internacional.<\/h3>\n<h3>Se busca destruir la ciencia nacional desguazando al CONICET, quitando jerarqu\u00eda al Ministerio de Ciencia y Tecnolog\u00eda,\u00a0 diciendo que los cient\u00edficos no producen. En este sentido, el desarrollo de nuestro futuro, nuestra ciencia, nuestra tecnolog\u00eda y nuestras capacidades estrat\u00e9gicas est\u00e1n en peligro. \u00bfNo son YPF, ARSAT, INVAP y otras nombradas anteriormente empresas del Estado fruto del desarrollo de la ciencia argentina? El desarrollo del INTA y la repercusi\u00f3n de este organismo territorial y de conocimiento impacta de forma directa en las cosechas de productores peque\u00f1os, medianos y grandes. Las econom\u00edas regionales se ven acrecentadas con el desarrollo de la ciencia aplicada.<\/h3>\n<h3>Se pretende mercantilizar la educaci\u00f3n, desfinanciando las Universidades P\u00fablicas (en nuestra provincia son tres), sujetando el aumento de su presupuesto a la matr\u00edcula, creando de esa manera carreras de primera y de segunda, haciendo imposible su funcionamiento para poder desarrollar las tareas de docencia, extensi\u00f3n e investigaci\u00f3n. Cabe recordar que ha sido el acceso a la educaci\u00f3n el mayor baluarte de movilidad social en nuestro pa\u00eds, aquello que ha garantizado que a\u00fan hoy j\u00f3venes sean primera generaci\u00f3n de terminalidad del secundario e ingresantes a las universidades.<\/h3>\n<h3>Se criminaliza la protesta defenestrando derechos otorgados por la Constituci\u00f3n Nacional, atacando la libre expresi\u00f3n, el derecho de manifestarse y el acceso a la informaci\u00f3n, por fuera de una perspectiva de Derechos Humanos.<\/h3>\n<h3>Ustedes, como legisladores que representan a una provincia con un poco m\u00e1s de 542.000 personas, no deben estar ajenos a los m\u00faltiples problemas que la aprobaci\u00f3n del DNU y de la Ley \u00d3mnibus, tal cual fue enviada por el Poder Ejecutivo, acarrear\u00edan al pueblo de San Luis.<\/h3>\n<h3>No ignoramos que el Presidente Milei fue electo leg\u00edtimamente con el 55% de los votos, pero de la misma manera no ignoramos que este pueblo tambi\u00e9n vot\u00f3 una composici\u00f3n del Congreso de la Naci\u00f3n que act\u00fae como contralor y freno de aspiraciones que rayan lo autoritario, regresivo y nada federal.<\/h3>\n<h3>Cuando estos d\u00edas aciagos sean un triste recuerdo en la vida democr\u00e1tica de nuestro pa\u00eds, el pueblo de San Luis recordar\u00e1 vuestro comportamiento como Diputadas y Diputados de la Naci\u00f3n, y la Patria sabr\u00e1 si demand\u00e1rselo o no.<\/h3>\n<h3>En el nombre de la gobernabilidad es falaz votar leyes que van en contra del pueblo: la gobernabilidad se logra con m\u00e1s rep\u00fablica y m\u00e1s federalismo, y no entregando la suma del poder.<\/h3>\n<h3>Con la esperanza de ser escuchados, y fieles al compromiso de dar testimonio en momentos dif\u00edciles, como dec\u00eda Rodolfo Walsh, las y los saludamos respetuosamente\u201d.<\/h3>\n<h3>Formulario de adhesi\u00f3n: <span style=\"color: #3366ff;\"><a style=\"color: #3366ff;\" href=\"https:\/\/forms.gle\/rCuRjH32jXubMxGG8\" target=\"_blank\" rel=\"noopener\">https:\/\/forms.gle\/rCuRjH32jXubMxGG8<\/a><\/span><\/h3>\n<p>&nbsp;<\/p>\n<p>&nbsp;<\/p>\n<p>&nbsp;<\/p>\n<p>&nbsp;<\/p>\n<p>&nbsp;<\/p>\n","protected":false},"excerpt":{"rendered":"<p>Esta semana comenz\u00f3 a circular un formulario de adhesi\u00f3n para dirigir un pronunciamiento a los&#8230;<\/p>\n","protected":false},"author":1,"featured_media":10275,"comment_status":"closed","ping_status":"closed","sticky":false,"template":"","format":"standard","meta":{"footnotes":""},"categories":[5],"tags":[],"class_list":["post-10274","post","type-post","status-publish","format-standard","has-post-thumbnail","hentry","category-nacionales-internacionales"],"yoast_head":"<!-- This site is optimized with the Yoast SEO plugin v26.1.1 - https:\/\/yoast.com\/wordpress\/plugins\/seo\/ -->\n<title>INVITAN A ADHERIR A UNA CARTA ABIERTA A LOS DIPUTADOS NACIONALES DE SAN LUIS EN CONTRA DEL DNU - Apuntes de San Luis<\/title>\n<meta name=\"robots\" content=\"index, follow, max-snippet:-1, max-image-preview:large, max-video-preview:-1\" \/>\n<link rel=\"canonical\" href=\"https:\/\/apuntesdesanluis.com\/index.php\/2024\/01\/17\/invitan-a-adherir-a-una-carta-abierta-a-diputados-nacionales-de-san-luis-en-contra-del-dnu\/\" \/>\n<meta property=\"og:locale\" content=\"es_ES\" \/>\n<meta property=\"og:type\" content=\"article\" \/>\n<meta property=\"og:title\" content=\"INVITAN A ADHERIR A UNA CARTA ABIERTA A LOS DIPUTADOS NACIONALES DE SAN LUIS EN CONTRA DEL DNU - Apuntes de San Luis\" \/>\n<meta property=\"og:description\" content=\"Esta semana comenz\u00f3 a circular un formulario de adhesi\u00f3n para dirigir un pronunciamiento a los...\" \/>\n<meta property=\"og:url\" content=\"https:\/\/apuntesdesanluis.com\/index.php\/2024\/01\/17\/invitan-a-adherir-a-una-carta-abierta-a-diputados-nacionales-de-san-luis-en-contra-del-dnu\/\" \/>\n<meta property=\"og:site_name\" content=\"Apuntes de San Luis\" \/>\n<meta property=\"article:published_time\" content=\"2024-01-17T21:25:38+00:00\" \/>\n<meta property=\"article:modified_time\" content=\"2024-01-17T21:31:23+00:00\" \/>\n<meta property=\"og:image\" content=\"https:\/\/apuntesdesanluis.com\/wp-content\/uploads\/2024\/01\/bases.jpg\" \/>\n\t<meta property=\"og:image:width\" content=\"600\" \/>\n\t<meta property=\"og:image:height\" content=\"367\" \/>\n\t<meta property=\"og:image:type\" content=\"image\/jpeg\" \/>\n<meta name=\"author\" content=\"apuntesdesanluis.com\" \/>\n<meta name=\"twitter:card\" content=\"summary_large_image\" \/>\n<meta name=\"twitter:label1\" content=\"Escrito por\" \/>\n\t<meta name=\"twitter:data1\" content=\"apuntesdesanluis.com\" \/>\n\t<meta name=\"twitter:label2\" content=\"Tiempo de lectura\" \/>\n\t<meta name=\"twitter:data2\" content=\"5 minutos\" \/>\n<script type=\"application\/ld+json\" class=\"yoast-schema-graph\">{\"@context\":\"https:\/\/schema.org\",\"@graph\":[{\"@type\":\"Article\",\"@id\":\"https:\/\/apuntesdesanluis.com\/index.php\/2024\/01\/17\/invitan-a-adherir-a-una-carta-abierta-a-diputados-nacionales-de-san-luis-en-contra-del-dnu\/#article\",\"isPartOf\":{\"@id\":\"https:\/\/apuntesdesanluis.com\/index.php\/2024\/01\/17\/invitan-a-adherir-a-una-carta-abierta-a-diputados-nacionales-de-san-luis-en-contra-del-dnu\/\"},\"author\":{\"name\":\"apuntesdesanluis.com\",\"@id\":\"https:\/\/apuntesdesanluis.com\/#\/schema\/person\/b55151d52296fcce64d1a72538a70b90\"},\"headline\":\"INVITAN A ADHERIR A UNA CARTA ABIERTA A LOS DIPUTADOS NACIONALES DE SAN LUIS EN CONTRA DEL DNU\",\"datePublished\":\"2024-01-17T21:25:38+00:00\",\"dateModified\":\"2024-01-17T21:31:23+00:00\",\"mainEntityOfPage\":{\"@id\":\"https:\/\/apuntesdesanluis.com\/index.php\/2024\/01\/17\/invitan-a-adherir-a-una-carta-abierta-a-diputados-nacionales-de-san-luis-en-contra-del-dnu\/\"},\"wordCount\":1020,\"publisher\":{\"@id\":\"https:\/\/apuntesdesanluis.com\/#\/schema\/person\/b55151d52296fcce64d1a72538a70b90\"},\"image\":{\"@id\":\"https:\/\/apuntesdesanluis.com\/index.php\/2024\/01\/17\/invitan-a-adherir-a-una-carta-abierta-a-diputados-nacionales-de-san-luis-en-contra-del-dnu\/#primaryimage\"},\"thumbnailUrl\":\"https:\/\/apuntesdesanluis.com\/wp-content\/uploads\/2024\/01\/bases.jpg\",\"articleSection\":[\"Nacionales\/Internacionales\"],\"inLanguage\":\"es-AR\"},{\"@type\":\"WebPage\",\"@id\":\"https:\/\/apuntesdesanluis.com\/index.php\/2024\/01\/17\/invitan-a-adherir-a-una-carta-abierta-a-diputados-nacionales-de-san-luis-en-contra-del-dnu\/\",\"url\":\"https:\/\/apuntesdesanluis.com\/index.php\/2024\/01\/17\/invitan-a-adherir-a-una-carta-abierta-a-diputados-nacionales-de-san-luis-en-contra-del-dnu\/\",\"name\":\"INVITAN A ADHERIR A UNA CARTA ABIERTA A LOS DIPUTADOS NACIONALES DE SAN LUIS EN CONTRA DEL DNU - Apuntes de San Luis\",\"isPartOf\":{\"@id\":\"https:\/\/apuntesdesanluis.com\/#website\"},\"primaryImageOfPage\":{\"@id\":\"https:\/\/apuntesdesanluis.com\/index.php\/2024\/01\/17\/invitan-a-adherir-a-una-carta-abierta-a-diputados-nacionales-de-san-luis-en-contra-del-dnu\/#primaryimage\"},\"image\":{\"@id\":\"https:\/\/apuntesdesanluis.com\/index.php\/2024\/01\/17\/invitan-a-adherir-a-una-carta-abierta-a-diputados-nacionales-de-san-luis-en-contra-del-dnu\/#primaryimage\"},\"thumbnailUrl\":\"https:\/\/apuntesdesanluis.com\/wp-content\/uploads\/2024\/01\/bases.jpg\",\"datePublished\":\"2024-01-17T21:25:38+00:00\",\"dateModified\":\"2024-01-17T21:31:23+00:00\",\"breadcrumb\":{\"@id\":\"https:\/\/apuntesdesanluis.com\/index.php\/2024\/01\/17\/invitan-a-adherir-a-una-carta-abierta-a-diputados-nacionales-de-san-luis-en-contra-del-dnu\/#breadcrumb\"},\"inLanguage\":\"es-AR\",\"potentialAction\":[{\"@type\":\"ReadAction\",\"target\":[\"https:\/\/apuntesdesanluis.com\/index.php\/2024\/01\/17\/invitan-a-adherir-a-una-carta-abierta-a-diputados-nacionales-de-san-luis-en-contra-del-dnu\/\"]}]},{\"@type\":\"ImageObject\",\"inLanguage\":\"es-AR\",\"@id\":\"https:\/\/apuntesdesanluis.com\/index.php\/2024\/01\/17\/invitan-a-adherir-a-una-carta-abierta-a-diputados-nacionales-de-san-luis-en-contra-del-dnu\/#primaryimage\",\"url\":\"https:\/\/apuntesdesanluis.com\/wp-content\/uploads\/2024\/01\/bases.jpg\",\"contentUrl\":\"https:\/\/apuntesdesanluis.com\/wp-content\/uploads\/2024\/01\/bases.jpg\",\"width\":600,\"height\":367},{\"@type\":\"BreadcrumbList\",\"@id\":\"https:\/\/apuntesdesanluis.com\/index.php\/2024\/01\/17\/invitan-a-adherir-a-una-carta-abierta-a-diputados-nacionales-de-san-luis-en-contra-del-dnu\/#breadcrumb\",\"itemListElement\":[{\"@type\":\"ListItem\",\"position\":1,\"name\":\"Inicio\",\"item\":\"https:\/\/apuntesdesanluis.com\/\"},{\"@type\":\"ListItem\",\"position\":2,\"name\":\"INVITAN A ADHERIR A UNA CARTA ABIERTA A LOS DIPUTADOS NACIONALES DE SAN LUIS EN CONTRA DEL DNU\"}]},{\"@type\":\"WebSite\",\"@id\":\"https:\/\/apuntesdesanluis.com\/#website\",\"url\":\"https:\/\/apuntesdesanluis.com\/\",\"name\":\"Apuntes de San Luis\",\"description\":\"\",\"publisher\":{\"@id\":\"https:\/\/apuntesdesanluis.com\/#\/schema\/person\/b55151d52296fcce64d1a72538a70b90\"},\"potentialAction\":[{\"@type\":\"SearchAction\",\"target\":{\"@type\":\"EntryPoint\",\"urlTemplate\":\"https:\/\/apuntesdesanluis.com\/?s={search_term_string}\"},\"query-input\":{\"@type\":\"PropertyValueSpecification\",\"valueRequired\":true,\"valueName\":\"search_term_string\"}}],\"inLanguage\":\"es-AR\"},{\"@type\":[\"Person\",\"Organization\"],\"@id\":\"https:\/\/apuntesdesanluis.com\/#\/schema\/person\/b55151d52296fcce64d1a72538a70b90\",\"name\":\"apuntesdesanluis.com\",\"image\":{\"@type\":\"ImageObject\",\"inLanguage\":\"es-AR\",\"@id\":\"https:\/\/apuntesdesanluis.com\/#\/schema\/person\/image\/\",\"url\":\"https:\/\/apuntesdesanluis.com\/wp-content\/uploads\/2023\/07\/cropped-apuntesdesanluis.png\",\"contentUrl\":\"https:\/\/apuntesdesanluis.com\/wp-content\/uploads\/2023\/07\/cropped-apuntesdesanluis.png\",\"width\":450,\"height\":112,\"caption\":\"apuntesdesanluis.com\"},\"logo\":{\"@id\":\"https:\/\/apuntesdesanluis.com\/#\/schema\/person\/image\/\"},\"sameAs\":[\"https:\/\/apuntesdesanluis.com\"],\"url\":\"https:\/\/apuntesdesanluis.com\/index.php\/author\/apuntesdesanluis-com\/\"}]}<\/script>\n<!-- \/ Yoast SEO plugin. -->","yoast_head_json":{"title":"INVITAN A ADHERIR A UNA CARTA ABIERTA A LOS DIPUTADOS NACIONALES DE SAN LUIS EN CONTRA DEL DNU - Apuntes de San Luis","robots":{"index":"index","follow":"follow","max-snippet":"max-snippet:-1","max-image-preview":"max-image-preview:large","max-video-preview":"max-video-preview:-1"},"canonical":"https:\/\/apuntesdesanluis.com\/index.php\/2024\/01\/17\/invitan-a-adherir-a-una-carta-abierta-a-diputados-nacionales-de-san-luis-en-contra-del-dnu\/","og_locale":"es_ES","og_type":"article","og_title":"INVITAN A ADHERIR A UNA CARTA ABIERTA A LOS DIPUTADOS NACIONALES DE SAN LUIS EN CONTRA DEL DNU - Apuntes de San Luis","og_description":"Esta semana comenz\u00f3 a circular un formulario de adhesi\u00f3n para dirigir un pronunciamiento a los...","og_url":"https:\/\/apuntesdesanluis.com\/index.php\/2024\/01\/17\/invitan-a-adherir-a-una-carta-abierta-a-diputados-nacionales-de-san-luis-en-contra-del-dnu\/","og_site_name":"Apuntes de San Luis","article_published_time":"2024-01-17T21:25:38+00:00","article_modified_time":"2024-01-17T21:31:23+00:00","og_image":[{"width":600,"height":367,"url":"https:\/\/apuntesdesanluis.com\/wp-content\/uploads\/2024\/01\/bases.jpg","type":"image\/jpeg"}],"author":"apuntesdesanluis.com","twitter_card":"summary_large_image","twitter_misc":{"Escrito por":"apuntesdesanluis.com","Tiempo de lectura":"5 minutos"},"schema":{"@context":"https:\/\/schema.org","@graph":[{"@type":"Article","@id":"https:\/\/apuntesdesanluis.com\/index.php\/2024\/01\/17\/invitan-a-adherir-a-una-carta-abierta-a-diputados-nacionales-de-san-luis-en-contra-del-dnu\/#article","isPartOf":{"@id":"https:\/\/apuntesdesanluis.com\/index.php\/2024\/01\/17\/invitan-a-adherir-a-una-carta-abierta-a-diputados-nacionales-de-san-luis-en-contra-del-dnu\/"},"author":{"name":"apuntesdesanluis.com","@id":"https:\/\/apuntesdesanluis.com\/#\/schema\/person\/b55151d52296fcce64d1a72538a70b90"},"headline":"INVITAN A ADHERIR A UNA CARTA ABIERTA A LOS DIPUTADOS NACIONALES DE SAN LUIS EN CONTRA DEL DNU","datePublished":"2024-01-17T21:25:38+00:00","dateModified":"2024-01-17T21:31:23+00:00","mainEntityOfPage":{"@id":"https:\/\/apuntesdesanluis.com\/index.php\/2024\/01\/17\/invitan-a-adherir-a-una-carta-abierta-a-diputados-nacionales-de-san-luis-en-contra-del-dnu\/"},"wordCount":1020,"publisher":{"@id":"https:\/\/apuntesdesanluis.com\/#\/schema\/person\/b55151d52296fcce64d1a72538a70b90"},"image":{"@id":"https:\/\/apuntesdesanluis.com\/index.php\/2024\/01\/17\/invitan-a-adherir-a-una-carta-abierta-a-diputados-nacionales-de-san-luis-en-contra-del-dnu\/#primaryimage"},"thumbnailUrl":"https:\/\/apuntesdesanluis.com\/wp-content\/uploads\/2024\/01\/bases.jpg","articleSection":["Nacionales\/Internacionales"],"inLanguage":"es-AR"},{"@type":"WebPage","@id":"https:\/\/apuntesdesanluis.com\/index.php\/2024\/01\/17\/invitan-a-adherir-a-una-carta-abierta-a-diputados-nacionales-de-san-luis-en-contra-del-dnu\/","url":"https:\/\/apuntesdesanluis.com\/index.php\/2024\/01\/17\/invitan-a-adherir-a-una-carta-abierta-a-diputados-nacionales-de-san-luis-en-contra-del-dnu\/","name":"INVITAN A ADHERIR A UNA CARTA ABIERTA A LOS DIPUTADOS NACIONALES DE SAN LUIS EN CONTRA DEL DNU - Apuntes de San Luis","isPartOf":{"@id":"https:\/\/apuntesdesanluis.com\/#website"},"primaryImageOfPage":{"@id":"https:\/\/apuntesdesanluis.com\/index.php\/2024\/01\/17\/invitan-a-adherir-a-una-carta-abierta-a-diputados-nacionales-de-san-luis-en-contra-del-dnu\/#primaryimage"},"image":{"@id":"https:\/\/apuntesdesanluis.com\/index.php\/2024\/01\/17\/invitan-a-adherir-a-una-carta-abierta-a-diputados-nacionales-de-san-luis-en-contra-del-dnu\/#primaryimage"},"thumbnailUrl":"https:\/\/apuntesdesanluis.com\/wp-content\/uploads\/2024\/01\/bases.jpg","datePublished":"2024-01-17T21:25:38+00:00","dateModified":"2024-01-17T21:31:23+00:00","breadcrumb":{"@id":"https:\/\/apuntesdesanluis.com\/index.php\/2024\/01\/17\/invitan-a-adherir-a-una-carta-abierta-a-diputados-nacionales-de-san-luis-en-contra-del-dnu\/#breadcrumb"},"inLanguage":"es-AR","potentialAction":[{"@type":"ReadAction","target":["https:\/\/apuntesdesanluis.com\/index.php\/2024\/01\/17\/invitan-a-adherir-a-una-carta-abierta-a-diputados-nacionales-de-san-luis-en-contra-del-dnu\/"]}]},{"@type":"ImageObject","inLanguage":"es-AR","@id":"https:\/\/apuntesdesanluis.com\/index.php\/2024\/01\/17\/invitan-a-adherir-a-una-carta-abierta-a-diputados-nacionales-de-san-luis-en-contra-del-dnu\/#primaryimage","url":"https:\/\/apuntesdesanluis.com\/wp-content\/uploads\/2024\/01\/bases.jpg","contentUrl":"https:\/\/apuntesdesanluis.com\/wp-content\/uploads\/2024\/01\/bases.jpg","width":600,"height":367},{"@type":"BreadcrumbList","@id":"https:\/\/apuntesdesanluis.com\/index.php\/2024\/01\/17\/invitan-a-adherir-a-una-carta-abierta-a-diputados-nacionales-de-san-luis-en-contra-del-dnu\/#breadcrumb","itemListElement":[{"@type":"ListItem","position":1,"name":"Inicio","item":"https:\/\/apuntesdesanluis.com\/"},{"@type":"ListItem","position":2,"name":"INVITAN A ADHERIR A UNA CARTA ABIERTA A LOS DIPUTADOS NACIONALES DE SAN LUIS EN CONTRA DEL DNU"}]},{"@type":"WebSite","@id":"https:\/\/apuntesdesanluis.com\/#website","url":"https:\/\/apuntesdesanluis.com\/","name":"Apuntes de San Luis","description":"","publisher":{"@id":"https:\/\/apuntesdesanluis.com\/#\/schema\/person\/b55151d52296fcce64d1a72538a70b90"},"potentialAction":[{"@type":"SearchAction","target":{"@type":"EntryPoint","urlTemplate":"https:\/\/apuntesdesanluis.com\/?s={search_term_string}"},"query-input":{"@type":"PropertyValueSpecification","valueRequired":true,"valueName":"search_term_string"}}],"inLanguage":"es-AR"},{"@type":["Person","Organization"],"@id":"https:\/\/apuntesdesanluis.com\/#\/schema\/person\/b55151d52296fcce64d1a72538a70b90","name":"apuntesdesanluis.com","image":{"@type":"ImageObject","inLanguage":"es-AR","@id":"https:\/\/apuntesdesanluis.com\/#\/schema\/person\/image\/","url":"https:\/\/apuntesdesanluis.com\/wp-content\/uploads\/2023\/07\/cropped-apuntesdesanluis.png","contentUrl":"https:\/\/apuntesdesanluis.com\/wp-content\/uploads\/2023\/07\/cropped-apuntesdesanluis.png","width":450,"height":112,"caption":"apuntesdesanluis.com"},"logo":{"@id":"https:\/\/apuntesdesanluis.com\/#\/schema\/person\/image\/"},"sameAs":["https:\/\/apuntesdesanluis.com"],"url":"https:\/\/apuntesdesanluis.com\/index.php\/author\/apuntesdesanluis-com\/"}]}},"featured_image_urls":{"full":["https:\/\/apuntesdesanluis.com\/wp-content\/uploads\/2024\/01\/bases.jpg",600,367,false],"thumbnail":["https:\/\/apuntesdesanluis.com\/wp-content\/uploads\/2024\/01\/bases-150x150.jpg",150,150,true],"medium":["https:\/\/apuntesdesanluis.com\/wp-content\/uploads\/2024\/01\/bases-300x184.jpg",300,184,true],"medium_large":["https:\/\/apuntesdesanluis.com\/wp-content\/uploads\/2024\/01\/bases.jpg",600,367,false],"large":["https:\/\/apuntesdesanluis.com\/wp-content\/uploads\/2024\/01\/bases.jpg",600,367,false],"1536x1536":["https:\/\/apuntesdesanluis.com\/wp-content\/uploads\/2024\/01\/bases.jpg",600,367,false],"2048x2048":["https:\/\/apuntesdesanluis.com\/wp-content\/uploads\/2024\/01\/bases.jpg",600,367,false],"newsever-slider-full":["https:\/\/apuntesdesanluis.com\/wp-content\/uploads\/2024\/01\/bases.jpg",600,367,false],"newsever-featured":["https:\/\/apuntesdesanluis.com\/wp-content\/uploads\/2024\/01\/bases.jpg",600,367,false],"newsever-medium":["https:\/\/apuntesdesanluis.com\/wp-content\/uploads\/2024\/01\/bases.jpg",600,367,false]},"author_info":{"display_name":"apuntesdesanluis.com","author_link":"https:\/\/apuntesdesanluis.com\/index.php\/author\/apuntesdesanluis-com\/"},"category_info":"<a href=\"https:\/\/apuntesdesanluis.com\/index.php\/category\/nacionales-internacionales\/\" rel=\"category tag\">Nacionales\/Internacionales<\/a>","tag_info":"Nacionales\/Internacionales","comment_count":"0","_links":{"self":[{"href":"https:\/\/apuntesdesanluis.com\/index.php\/wp-json\/wp\/v2\/posts\/10274","targetHints":{"allow":["GET"]}}],"collection":[{"href":"https:\/\/apuntesdesanluis.com\/index.php\/wp-json\/wp\/v2\/posts"}],"about":[{"href":"https:\/\/apuntesdesanluis.com\/index.php\/wp-json\/wp\/v2\/types\/post"}],"author":[{"embeddable":true,"href":"https:\/\/apuntesdesanluis.com\/index.php\/wp-json\/wp\/v2\/users\/1"}],"replies":[{"embeddable":true,"href":"https:\/\/apuntesdesanluis.com\/index.php\/wp-json\/wp\/v2\/comments?post=10274"}],"version-history":[{"count":6,"href":"https:\/\/apuntesdesanluis.com\/index.php\/wp-json\/wp\/v2\/posts\/10274\/revisions"}],"predecessor-version":[{"id":10281,"href":"https:\/\/apuntesdesanluis.com\/index.php\/wp-json\/wp\/v2\/posts\/10274\/revisions\/10281"}],"wp:featuredmedia":[{"embeddable":true,"href":"https:\/\/apuntesdesanluis.com\/index.php\/wp-json\/wp\/v2\/media\/10275"}],"wp:attachment":[{"href":"https:\/\/apuntesdesanluis.com\/index.php\/wp-json\/wp\/v2\/media?parent=10274"}],"wp:term":[{"taxonomy":"category","embeddable":true,"href":"https:\/\/apuntesdesanluis.com\/index.php\/wp-json\/wp\/v2\/categories?post=10274"},{"taxonomy":"post_tag","embeddable":true,"href":"https:\/\/apuntesdesanluis.com\/index.php\/wp-json\/wp\/v2\/tags?post=10274"}],"curies":[{"name":"wp","href":"https:\/\/api.w.org\/{rel}","templated":true}]}}