{"id":10288,"date":"2024-01-17T19:05:19","date_gmt":"2024-01-17T22:05:19","guid":{"rendered":"https:\/\/apuntesdesanluis.com\/?p=10288"},"modified":"2024-01-17T19:08:44","modified_gmt":"2024-01-17T22:08:44","slug":"a-los-legisladores-les-pido-que-piensen-en-los-empleados-publicos","status":"publish","type":"post","link":"https:\/\/apuntesdesanluis.com\/index.php\/2024\/01\/17\/a-los-legisladores-les-pido-que-piensen-en-los-empleados-publicos\/","title":{"rendered":"\u201cA LOS LEGISLADORES LES PIDO QUE PIENSEN EN LOS EMPLEADOS P\u00daBLICOS\u201d"},"content":{"rendered":"<h3>Durante su visita a los parques industriales, el gobernador <strong>Claudio Poggi<\/strong> fue consultado sobre la transcendental jornada de ma\u00f1ana en la Legislatura provincial, donde el Ejecutivo intentar\u00e1 que diputados y senadores le aprueben la solicitud de una l\u00ednea de asistencia que ya tiene acordada con el Banco Naci\u00f3n para pagar los sueldos de enero sin necesidad de desdoblarlos.<\/h3>\n<p><iframe title=\"Claudio Javier Poggi, Gobernador de la Provincia de San Luis\" width=\"640\" height=\"360\" src=\"https:\/\/www.youtube.com\/embed\/h5Cr4svBfcg?feature=oembed\" frameborder=\"0\" allow=\"accelerometer; autoplay; clipboard-write; encrypted-media; gyroscope; picture-in-picture; web-share\" referrerpolicy=\"strict-origin-when-cross-origin\" allowfullscreen><\/iframe><\/p>\n<h3>\u201cLo que pretendemos que trate (la Legislatura) es un acuerdo con el Banco Naci\u00f3n, que es nuestro agente financiero, sobre una l\u00ednea de asistencia de adelanto de haberes. Es decir, para tener el 100% de los sueldos de enero en las cuentas corrientes de nuestros trabajadores, el banco nos adelanta 20 d\u00edas los recursos. Eso es el cr\u00e9dito, el famoso cr\u00e9dito que se va a tratar el jueves. Yo espero que los legisladores est\u00e9n a la altura de las circunstancias\u201d, expres\u00f3 Poggi, quien les pidi\u00f3 que \u201cno piensen en el gobierno provincial ni en ponerle palos en la rueda, piensen en los empleados p\u00fablicos\u201c.<\/h3>\n<h3>Fue cauto sobre el resultado final de las votaciones, aunque espera una respuesta acorde al dif\u00edcil momento econ\u00f3mico que hered\u00f3 de la gesti\u00f3n anterior, a la que responden muchos de esos legisladores. &#8220;Va a depender de ellos. Vamos a esperar el tratamiento del tema y sabremos si est\u00e1n a la altura de las circunstancias o no&#8221;.<\/h3>\n<h3>Con la inflaci\u00f3n creciendo imparable, otra pregunta apunt\u00f3 a posibles aumentos a los empleados estatales, a lo que el Gobernador respondi\u00f3 que estaba \u201cocupado y preocupado en pagar los salarios. Dependemos de los diputados y senadores de la oposici\u00f3n, de ellos dependen los polic\u00edas de San Luis que tienen que cobrar su salario, que necesitan, merecen y que corresponde pagarles \u00edntegramente a fin de mes. De ellos tambi\u00e9n dependen los docentes, los enfermeros, los m\u00e9dicos, los empleados del Registro Civil, de DOSEP y los que trabajan en cada una de sus localidades\u201c.<\/h3>\n<p>&nbsp;<\/p>\n<h3><span style=\"color: #3366ff;\"><strong>NOTICIA RELACIONADA:<\/strong><\/span><\/h3>\n<p><a href=\"https:\/\/agenciasanluis.com\/2024\/01\/17\/914436-poggi-tenemos-que-volver-a-ser-la-gran-provincia-industrial-que-hemos-sido\/\" target=\"_blank\" rel=\"noopener\"><img fetchpriority=\"high\" decoding=\"async\" class=\"alignnone wp-image-10292\" src=\"https:\/\/apuntesdesanluis.com\/wp-content\/uploads\/2024\/01\/POGGI-VISITA-PARQUES-300x213.png\" alt=\"\" width=\"421\" height=\"299\" srcset=\"https:\/\/apuntesdesanluis.com\/wp-content\/uploads\/2024\/01\/POGGI-VISITA-PARQUES-300x213.png 300w, https:\/\/apuntesdesanluis.com\/wp-content\/uploads\/2024\/01\/POGGI-VISITA-PARQUES.png 600w\" sizes=\"(max-width: 421px) 100vw, 421px\" \/><\/a><\/p>\n<p>&nbsp;<\/p>\n<p>&nbsp;<\/p>\n<p>&nbsp;<\/p>\n","protected":false},"excerpt":{"rendered":"<p>Durante su visita a los parques industriales, el gobernador Claudio Poggi fue consultado sobre la&#8230;<\/p>\n","protected":false},"author":1,"featured_media":10289,"comment_status":"closed","ping_status":"closed","sticky":false,"template":"","format":"standard","meta":{"footnotes":""},"categories":[6],"tags":[],"class_list":["post-10288","post","type-post","status-publish","format-standard","has-post-thumbnail","hentry","category-ciudad-provincia"],"yoast_head":"<!-- This site is optimized with the Yoast SEO plugin v26.1.1 - https:\/\/yoast.com\/wordpress\/plugins\/seo\/ -->\n<title>\u201cA LOS LEGISLADORES LES PIDO QUE PIENSEN EN LOS EMPLEADOS P\u00daBLICOS\u201d - Apuntes de San Luis<\/title>\n<meta name=\"robots\" content=\"index, follow, max-snippet:-1, max-image-preview:large, max-video-preview:-1\" \/>\n<link rel=\"canonical\" href=\"https:\/\/apuntesdesanluis.com\/index.php\/2024\/01\/17\/a-los-legisladores-les-pido-que-piensen-en-los-empleados-publicos\/\" \/>\n<meta property=\"og:locale\" content=\"es_ES\" \/>\n<meta property=\"og:type\" content=\"article\" \/>\n<meta property=\"og:title\" content=\"\u201cA LOS LEGISLADORES LES PIDO QUE PIENSEN EN LOS EMPLEADOS P\u00daBLICOS\u201d - Apuntes de San Luis\" \/>\n<meta property=\"og:description\" content=\"Durante su visita a los parques industriales, el gobernador Claudio Poggi fue consultado sobre la...\" \/>\n<meta property=\"og:url\" content=\"https:\/\/apuntesdesanluis.com\/index.php\/2024\/01\/17\/a-los-legisladores-les-pido-que-piensen-en-los-empleados-publicos\/\" \/>\n<meta property=\"og:site_name\" content=\"Apuntes de San Luis\" \/>\n<meta property=\"article:published_time\" content=\"2024-01-17T22:05:19+00:00\" \/>\n<meta property=\"article:modified_time\" content=\"2024-01-17T22:08:44+00:00\" \/>\n<meta property=\"og:image\" content=\"https:\/\/apuntesdesanluis.com\/wp-content\/uploads\/2024\/01\/POGGI-TROMBOTTO.png\" \/>\n\t<meta property=\"og:image:width\" content=\"600\" \/>\n\t<meta property=\"og:image:height\" content=\"405\" \/>\n\t<meta property=\"og:image:type\" content=\"image\/png\" \/>\n<meta name=\"author\" content=\"apuntesdesanluis.com\" \/>\n<meta name=\"twitter:card\" content=\"summary_large_image\" \/>\n<meta name=\"twitter:label1\" content=\"Escrito por\" \/>\n\t<meta name=\"twitter:data1\" content=\"apuntesdesanluis.com\" \/>\n\t<meta name=\"twitter:label2\" content=\"Tiempo de lectura\" \/>\n\t<meta name=\"twitter:data2\" content=\"2 minutos\" \/>\n<script type=\"application\/ld+json\" class=\"yoast-schema-graph\">{\"@context\":\"https:\/\/schema.org\",\"@graph\":[{\"@type\":\"Article\",\"@id\":\"https:\/\/apuntesdesanluis.com\/index.php\/2024\/01\/17\/a-los-legisladores-les-pido-que-piensen-en-los-empleados-publicos\/#article\",\"isPartOf\":{\"@id\":\"https:\/\/apuntesdesanluis.com\/index.php\/2024\/01\/17\/a-los-legisladores-les-pido-que-piensen-en-los-empleados-publicos\/\"},\"author\":{\"name\":\"apuntesdesanluis.com\",\"@id\":\"https:\/\/apuntesdesanluis.com\/#\/schema\/person\/b55151d52296fcce64d1a72538a70b90\"},\"headline\":\"\u201cA LOS LEGISLADORES LES PIDO QUE PIENSEN EN LOS EMPLEADOS P\u00daBLICOS\u201d\",\"datePublished\":\"2024-01-17T22:05:19+00:00\",\"dateModified\":\"2024-01-17T22:08:44+00:00\",\"mainEntityOfPage\":{\"@id\":\"https:\/\/apuntesdesanluis.com\/index.php\/2024\/01\/17\/a-los-legisladores-les-pido-que-piensen-en-los-empleados-publicos\/\"},\"wordCount\":353,\"publisher\":{\"@id\":\"https:\/\/apuntesdesanluis.com\/#\/schema\/person\/b55151d52296fcce64d1a72538a70b90\"},\"image\":{\"@id\":\"https:\/\/apuntesdesanluis.com\/index.php\/2024\/01\/17\/a-los-legisladores-les-pido-que-piensen-en-los-empleados-publicos\/#primaryimage\"},\"thumbnailUrl\":\"https:\/\/apuntesdesanluis.com\/wp-content\/uploads\/2024\/01\/POGGI-TROMBOTTO.png\",\"articleSection\":[\"Ciudad\/Provincia\"],\"inLanguage\":\"es-AR\"},{\"@type\":\"WebPage\",\"@id\":\"https:\/\/apuntesdesanluis.com\/index.php\/2024\/01\/17\/a-los-legisladores-les-pido-que-piensen-en-los-empleados-publicos\/\",\"url\":\"https:\/\/apuntesdesanluis.com\/index.php\/2024\/01\/17\/a-los-legisladores-les-pido-que-piensen-en-los-empleados-publicos\/\",\"name\":\"\u201cA LOS LEGISLADORES LES PIDO QUE PIENSEN EN LOS EMPLEADOS P\u00daBLICOS\u201d - Apuntes de San Luis\",\"isPartOf\":{\"@id\":\"https:\/\/apuntesdesanluis.com\/#website\"},\"primaryImageOfPage\":{\"@id\":\"https:\/\/apuntesdesanluis.com\/index.php\/2024\/01\/17\/a-los-legisladores-les-pido-que-piensen-en-los-empleados-publicos\/#primaryimage\"},\"image\":{\"@id\":\"https:\/\/apuntesdesanluis.com\/index.php\/2024\/01\/17\/a-los-legisladores-les-pido-que-piensen-en-los-empleados-publicos\/#primaryimage\"},\"thumbnailUrl\":\"https:\/\/apuntesdesanluis.com\/wp-content\/uploads\/2024\/01\/POGGI-TROMBOTTO.png\",\"datePublished\":\"2024-01-17T22:05:19+00:00\",\"dateModified\":\"2024-01-17T22:08:44+00:00\",\"breadcrumb\":{\"@id\":\"https:\/\/apuntesdesanluis.com\/index.php\/2024\/01\/17\/a-los-legisladores-les-pido-que-piensen-en-los-empleados-publicos\/#breadcrumb\"},\"inLanguage\":\"es-AR\",\"potentialAction\":[{\"@type\":\"ReadAction\",\"target\":[\"https:\/\/apuntesdesanluis.com\/index.php\/2024\/01\/17\/a-los-legisladores-les-pido-que-piensen-en-los-empleados-publicos\/\"]}]},{\"@type\":\"ImageObject\",\"inLanguage\":\"es-AR\",\"@id\":\"https:\/\/apuntesdesanluis.com\/index.php\/2024\/01\/17\/a-los-legisladores-les-pido-que-piensen-en-los-empleados-publicos\/#primaryimage\",\"url\":\"https:\/\/apuntesdesanluis.com\/wp-content\/uploads\/2024\/01\/POGGI-TROMBOTTO.png\",\"contentUrl\":\"https:\/\/apuntesdesanluis.com\/wp-content\/uploads\/2024\/01\/POGGI-TROMBOTTO.png\",\"width\":600,\"height\":405},{\"@type\":\"BreadcrumbList\",\"@id\":\"https:\/\/apuntesdesanluis.com\/index.php\/2024\/01\/17\/a-los-legisladores-les-pido-que-piensen-en-los-empleados-publicos\/#breadcrumb\",\"itemListElement\":[{\"@type\":\"ListItem\",\"position\":1,\"name\":\"Inicio\",\"item\":\"https:\/\/apuntesdesanluis.com\/\"},{\"@type\":\"ListItem\",\"position\":2,\"name\":\"\u201cA LOS LEGISLADORES LES PIDO QUE PIENSEN EN LOS EMPLEADOS P\u00daBLICOS\u201d\"}]},{\"@type\":\"WebSite\",\"@id\":\"https:\/\/apuntesdesanluis.com\/#website\",\"url\":\"https:\/\/apuntesdesanluis.com\/\",\"name\":\"Apuntes de San Luis\",\"description\":\"\",\"publisher\":{\"@id\":\"https:\/\/apuntesdesanluis.com\/#\/schema\/person\/b55151d52296fcce64d1a72538a70b90\"},\"potentialAction\":[{\"@type\":\"SearchAction\",\"target\":{\"@type\":\"EntryPoint\",\"urlTemplate\":\"https:\/\/apuntesdesanluis.com\/?s={search_term_string}\"},\"query-input\":{\"@type\":\"PropertyValueSpecification\",\"valueRequired\":true,\"valueName\":\"search_term_string\"}}],\"inLanguage\":\"es-AR\"},{\"@type\":[\"Person\",\"Organization\"],\"@id\":\"https:\/\/apuntesdesanluis.com\/#\/schema\/person\/b55151d52296fcce64d1a72538a70b90\",\"name\":\"apuntesdesanluis.com\",\"image\":{\"@type\":\"ImageObject\",\"inLanguage\":\"es-AR\",\"@id\":\"https:\/\/apuntesdesanluis.com\/#\/schema\/person\/image\/\",\"url\":\"https:\/\/apuntesdesanluis.com\/wp-content\/uploads\/2023\/07\/cropped-apuntesdesanluis.png\",\"contentUrl\":\"https:\/\/apuntesdesanluis.com\/wp-content\/uploads\/2023\/07\/cropped-apuntesdesanluis.png\",\"width\":450,\"height\":112,\"caption\":\"apuntesdesanluis.com\"},\"logo\":{\"@id\":\"https:\/\/apuntesdesanluis.com\/#\/schema\/person\/image\/\"},\"sameAs\":[\"https:\/\/apuntesdesanluis.com\"],\"url\":\"https:\/\/apuntesdesanluis.com\/index.php\/author\/apuntesdesanluis-com\/\"}]}<\/script>\n<!-- \/ Yoast SEO plugin. -->","yoast_head_json":{"title":"\u201cA LOS LEGISLADORES LES PIDO QUE PIENSEN EN LOS EMPLEADOS P\u00daBLICOS\u201d - Apuntes de San Luis","robots":{"index":"index","follow":"follow","max-snippet":"max-snippet:-1","max-image-preview":"max-image-preview:large","max-video-preview":"max-video-preview:-1"},"canonical":"https:\/\/apuntesdesanluis.com\/index.php\/2024\/01\/17\/a-los-legisladores-les-pido-que-piensen-en-los-empleados-publicos\/","og_locale":"es_ES","og_type":"article","og_title":"\u201cA LOS LEGISLADORES LES PIDO QUE PIENSEN EN LOS EMPLEADOS P\u00daBLICOS\u201d - Apuntes de San Luis","og_description":"Durante su visita a los parques industriales, el gobernador Claudio Poggi fue consultado sobre la...","og_url":"https:\/\/apuntesdesanluis.com\/index.php\/2024\/01\/17\/a-los-legisladores-les-pido-que-piensen-en-los-empleados-publicos\/","og_site_name":"Apuntes de San Luis","article_published_time":"2024-01-17T22:05:19+00:00","article_modified_time":"2024-01-17T22:08:44+00:00","og_image":[{"width":600,"height":405,"url":"https:\/\/apuntesdesanluis.com\/wp-content\/uploads\/2024\/01\/POGGI-TROMBOTTO.png","type":"image\/png"}],"author":"apuntesdesanluis.com","twitter_card":"summary_large_image","twitter_misc":{"Escrito por":"apuntesdesanluis.com","Tiempo de lectura":"2 minutos"},"schema":{"@context":"https:\/\/schema.org","@graph":[{"@type":"Article","@id":"https:\/\/apuntesdesanluis.com\/index.php\/2024\/01\/17\/a-los-legisladores-les-pido-que-piensen-en-los-empleados-publicos\/#article","isPartOf":{"@id":"https:\/\/apuntesdesanluis.com\/index.php\/2024\/01\/17\/a-los-legisladores-les-pido-que-piensen-en-los-empleados-publicos\/"},"author":{"name":"apuntesdesanluis.com","@id":"https:\/\/apuntesdesanluis.com\/#\/schema\/person\/b55151d52296fcce64d1a72538a70b90"},"headline":"\u201cA LOS LEGISLADORES LES PIDO QUE PIENSEN EN LOS EMPLEADOS P\u00daBLICOS\u201d","datePublished":"2024-01-17T22:05:19+00:00","dateModified":"2024-01-17T22:08:44+00:00","mainEntityOfPage":{"@id":"https:\/\/apuntesdesanluis.com\/index.php\/2024\/01\/17\/a-los-legisladores-les-pido-que-piensen-en-los-empleados-publicos\/"},"wordCount":353,"publisher":{"@id":"https:\/\/apuntesdesanluis.com\/#\/schema\/person\/b55151d52296fcce64d1a72538a70b90"},"image":{"@id":"https:\/\/apuntesdesanluis.com\/index.php\/2024\/01\/17\/a-los-legisladores-les-pido-que-piensen-en-los-empleados-publicos\/#primaryimage"},"thumbnailUrl":"https:\/\/apuntesdesanluis.com\/wp-content\/uploads\/2024\/01\/POGGI-TROMBOTTO.png","articleSection":["Ciudad\/Provincia"],"inLanguage":"es-AR"},{"@type":"WebPage","@id":"https:\/\/apuntesdesanluis.com\/index.php\/2024\/01\/17\/a-los-legisladores-les-pido-que-piensen-en-los-empleados-publicos\/","url":"https:\/\/apuntesdesanluis.com\/index.php\/2024\/01\/17\/a-los-legisladores-les-pido-que-piensen-en-los-empleados-publicos\/","name":"\u201cA LOS LEGISLADORES LES PIDO QUE PIENSEN EN LOS EMPLEADOS P\u00daBLICOS\u201d - Apuntes de San Luis","isPartOf":{"@id":"https:\/\/apuntesdesanluis.com\/#website"},"primaryImageOfPage":{"@id":"https:\/\/apuntesdesanluis.com\/index.php\/2024\/01\/17\/a-los-legisladores-les-pido-que-piensen-en-los-empleados-publicos\/#primaryimage"},"image":{"@id":"https:\/\/apuntesdesanluis.com\/index.php\/2024\/01\/17\/a-los-legisladores-les-pido-que-piensen-en-los-empleados-publicos\/#primaryimage"},"thumbnailUrl":"https:\/\/apuntesdesanluis.com\/wp-content\/uploads\/2024\/01\/POGGI-TROMBOTTO.png","datePublished":"2024-01-17T22:05:19+00:00","dateModified":"2024-01-17T22:08:44+00:00","breadcrumb":{"@id":"https:\/\/apuntesdesanluis.com\/index.php\/2024\/01\/17\/a-los-legisladores-les-pido-que-piensen-en-los-empleados-publicos\/#breadcrumb"},"inLanguage":"es-AR","potentialAction":[{"@type":"ReadAction","target":["https:\/\/apuntesdesanluis.com\/index.php\/2024\/01\/17\/a-los-legisladores-les-pido-que-piensen-en-los-empleados-publicos\/"]}]},{"@type":"ImageObject","inLanguage":"es-AR","@id":"https:\/\/apuntesdesanluis.com\/index.php\/2024\/01\/17\/a-los-legisladores-les-pido-que-piensen-en-los-empleados-publicos\/#primaryimage","url":"https:\/\/apuntesdesanluis.com\/wp-content\/uploads\/2024\/01\/POGGI-TROMBOTTO.png","contentUrl":"https:\/\/apuntesdesanluis.com\/wp-content\/uploads\/2024\/01\/POGGI-TROMBOTTO.png","width":600,"height":405},{"@type":"BreadcrumbList","@id":"https:\/\/apuntesdesanluis.com\/index.php\/2024\/01\/17\/a-los-legisladores-les-pido-que-piensen-en-los-empleados-publicos\/#breadcrumb","itemListElement":[{"@type":"ListItem","position":1,"name":"Inicio","item":"https:\/\/apuntesdesanluis.com\/"},{"@type":"ListItem","position":2,"name":"\u201cA LOS LEGISLADORES LES PIDO QUE PIENSEN EN LOS EMPLEADOS P\u00daBLICOS\u201d"}]},{"@type":"WebSite","@id":"https:\/\/apuntesdesanluis.com\/#website","url":"https:\/\/apuntesdesanluis.com\/","name":"Apuntes de San Luis","description":"","publisher":{"@id":"https:\/\/apuntesdesanluis.com\/#\/schema\/person\/b55151d52296fcce64d1a72538a70b90"},"potentialAction":[{"@type":"SearchAction","target":{"@type":"EntryPoint","urlTemplate":"https:\/\/apuntesdesanluis.com\/?s={search_term_string}"},"query-input":{"@type":"PropertyValueSpecification","valueRequired":true,"valueName":"search_term_string"}}],"inLanguage":"es-AR"},{"@type":["Person","Organization"],"@id":"https:\/\/apuntesdesanluis.com\/#\/schema\/person\/b55151d52296fcce64d1a72538a70b90","name":"apuntesdesanluis.com","image":{"@type":"ImageObject","inLanguage":"es-AR","@id":"https:\/\/apuntesdesanluis.com\/#\/schema\/person\/image\/","url":"https:\/\/apuntesdesanluis.com\/wp-content\/uploads\/2023\/07\/cropped-apuntesdesanluis.png","contentUrl":"https:\/\/apuntesdesanluis.com\/wp-content\/uploads\/2023\/07\/cropped-apuntesdesanluis.png","width":450,"height":112,"caption":"apuntesdesanluis.com"},"logo":{"@id":"https:\/\/apuntesdesanluis.com\/#\/schema\/person\/image\/"},"sameAs":["https:\/\/apuntesdesanluis.com"],"url":"https:\/\/apuntesdesanluis.com\/index.php\/author\/apuntesdesanluis-com\/"}]}},"featured_image_urls":{"full":["https:\/\/apuntesdesanluis.com\/wp-content\/uploads\/2024\/01\/POGGI-TROMBOTTO.png",600,405,false],"thumbnail":["https:\/\/apuntesdesanluis.com\/wp-content\/uploads\/2024\/01\/POGGI-TROMBOTTO-150x150.png",150,150,true],"medium":["https:\/\/apuntesdesanluis.com\/wp-content\/uploads\/2024\/01\/POGGI-TROMBOTTO-300x203.png",300,203,true],"medium_large":["https:\/\/apuntesdesanluis.com\/wp-content\/uploads\/2024\/01\/POGGI-TROMBOTTO.png",600,405,false],"large":["https:\/\/apuntesdesanluis.com\/wp-content\/uploads\/2024\/01\/POGGI-TROMBOTTO.png",600,405,false],"1536x1536":["https:\/\/apuntesdesanluis.com\/wp-content\/uploads\/2024\/01\/POGGI-TROMBOTTO.png",600,405,false],"2048x2048":["https:\/\/apuntesdesanluis.com\/wp-content\/uploads\/2024\/01\/POGGI-TROMBOTTO.png",600,405,false],"newsever-slider-full":["https:\/\/apuntesdesanluis.com\/wp-content\/uploads\/2024\/01\/POGGI-TROMBOTTO.png",600,405,false],"newsever-featured":["https:\/\/apuntesdesanluis.com\/wp-content\/uploads\/2024\/01\/POGGI-TROMBOTTO.png",600,405,false],"newsever-medium":["https:\/\/apuntesdesanluis.com\/wp-content\/uploads\/2024\/01\/POGGI-TROMBOTTO.png",600,405,false]},"author_info":{"display_name":"apuntesdesanluis.com","author_link":"https:\/\/apuntesdesanluis.com\/index.php\/author\/apuntesdesanluis-com\/"},"category_info":"<a href=\"https:\/\/apuntesdesanluis.com\/index.php\/category\/ciudad-provincia\/\" rel=\"category tag\">Ciudad\/Provincia<\/a>","tag_info":"Ciudad\/Provincia","comment_count":"0","_links":{"self":[{"href":"https:\/\/apuntesdesanluis.com\/index.php\/wp-json\/wp\/v2\/posts\/10288","targetHints":{"allow":["GET"]}}],"collection":[{"href":"https:\/\/apuntesdesanluis.com\/index.php\/wp-json\/wp\/v2\/posts"}],"about":[{"href":"https:\/\/apuntesdesanluis.com\/index.php\/wp-json\/wp\/v2\/types\/post"}],"author":[{"embeddable":true,"href":"https:\/\/apuntesdesanluis.com\/index.php\/wp-json\/wp\/v2\/users\/1"}],"replies":[{"embeddable":true,"href":"https:\/\/apuntesdesanluis.com\/index.php\/wp-json\/wp\/v2\/comments?post=10288"}],"version-history":[{"count":3,"href":"https:\/\/apuntesdesanluis.com\/index.php\/wp-json\/wp\/v2\/posts\/10288\/revisions"}],"predecessor-version":[{"id":10293,"href":"https:\/\/apuntesdesanluis.com\/index.php\/wp-json\/wp\/v2\/posts\/10288\/revisions\/10293"}],"wp:featuredmedia":[{"embeddable":true,"href":"https:\/\/apuntesdesanluis.com\/index.php\/wp-json\/wp\/v2\/media\/10289"}],"wp:attachment":[{"href":"https:\/\/apuntesdesanluis.com\/index.php\/wp-json\/wp\/v2\/media?parent=10288"}],"wp:term":[{"taxonomy":"category","embeddable":true,"href":"https:\/\/apuntesdesanluis.com\/index.php\/wp-json\/wp\/v2\/categories?post=10288"},{"taxonomy":"post_tag","embeddable":true,"href":"https:\/\/apuntesdesanluis.com\/index.php\/wp-json\/wp\/v2\/tags?post=10288"}],"curies":[{"name":"wp","href":"https:\/\/api.w.org\/{rel}","templated":true}]}}