{"id":10299,"date":"2024-01-17T21:52:13","date_gmt":"2024-01-18T00:52:13","guid":{"rendered":"https:\/\/apuntesdesanluis.com\/?p=10299"},"modified":"2024-01-17T21:52:13","modified_gmt":"2024-01-18T00:52:13","slug":"papelon-de-campana-misogino-la-oposicion-critico-el-discurso-de-milei-en-davos","status":"publish","type":"post","link":"https:\/\/apuntesdesanluis.com\/index.php\/2024\/01\/17\/papelon-de-campana-misogino-la-oposicion-critico-el-discurso-de-milei-en-davos\/","title":{"rendered":"&#8220;PAPEL\u00d3N&#8221;, &#8220;DE CAMPA\u00d1A&#8221;, &#8220;MIS\u00d3GINO&#8221;: LA OPOSICI\u00d3N CRITIC\u00d3 EL DISCURSO DE MILEI EN DAVOS"},"content":{"rendered":"<h3>Dirigentes de casi todo el arco opositor salieron hoy en las redes sociales a criticar distintos aspectos del discurso que pronunci\u00f3 el presidente Javier Milei en el Foro Econ\u00f3mico Mundial de Davos.<\/h3>\n<h3>El ex candidato a jefe porte\u00f1o por Uni\u00f3n por la Patria <strong>Leandro Santoro<\/strong>, apel\u00f3 a la iron\u00eda para rechazar el mensaje de Milei, y escribi\u00f3: \u201cExcelente el Presidente luchando contra la Internacional Comunista de Davos!! Otro acierto indiscutido de la diplomacia Argentina que se suma a la acertada decisi\u00f3n de nombrar un secretario de Culto que se destaca por insultar a todas las religiones\u201d.<\/h3>\n<h3>Por su parte, la diputada <strong>Margarita Stolbizer<\/strong>, integrante de Hacemos Coalici\u00f3n Federal, la bancada que lidera Miguel Pichetto, fue m\u00e1s dura y sostuvo: \u201cEl discurso del Presidente en Davos, cargado de soberbia irracional, que no distingue la barricada de campa\u00f1a con la reuni\u00f3n de los l\u00edderes del mundo, que no entiende la democracia y el progreso social, nos averg\u00fcenza como pa\u00eds. Lamentable\u201d.<\/h3>\n<h3>Y agreg\u00f3: \u201cEl hombre que habla as\u00ed en Davos, a contramano del mundo y solo referenciado en s\u00ed mismo y en las fuerzas del cielo, le pide superpoderes al Congreso. No parece sano concederlos. Nos interesa gobernabilidad, que no pierdan los m\u00e1s d\u00e9biles y crear condiciones para crecer. No es as\u00ed\u201d.<\/h3>\n<h3><strong>Sebasti\u00e1n Galmarini<\/strong>, director del Banco Provincia y uno de los dirigentes m\u00e1s cercanos a Sergio Massa, fue unos de los que le sali\u00f3 al cruce. \u201cMe pas\u00f3 que tuve mucha disconformidad y diferencias (u omisiones) con discursos de otros presidentes. Pero nunca, nunca tuve tanta verg\u00fcenza por papelonezco, bruto e irresponsable. Realmente es muy poco serio\u201d, poste\u00f3 l dirigente en su perfil de X.<\/h3>\n<h3><strong>Guillermo Moreno<\/strong>, ex secretario de Comercio Interior durante el kirchnerismo, escribi\u00f3: \u201cMuy grave!!! Este anarcocapitalista que hoy preside la Rep\u00fablica no est\u00e1 ubicado en tiempo y espacio. Vienen momentos dif\u00edciles con este Javier Milei\u201d.<\/h3>\n<h3><strong>Gabriela Cerruti<\/strong>, la portavoz del ex presidente Alberto Fern\u00e1ndez, utiliz\u00f3 un breve mensaje que incluy\u00f3 una chicana a quien ejerce ese cargo en la actualidad, Manuel Adorni, de quien imit\u00f3 su manera de tuitear: \u201cPapel\u00f3n mundial. Fin.\u201d, public\u00f3.<\/h3>\n<h3>El diputado radical Mart\u00edn Tetaz se mostr\u00f3 decepcionado y tuite\u00f3: \u201cEl presidente llev\u00f3 a Davos la misma presentaci\u00f3n que viene haciendo hace a\u00f1os (incluso hay una charla TED que es una r\u00e9plica exacta). Insiste con el mu\u00f1eco de paja del socialismo y perdi\u00f3 una oportunidad \u00fanica para presentar los negocios que Argentina puede ofrecer al mundo\u201d.<\/h3>\n<h3>El diputado de izquierda <strong>Nicol\u00e1s Del Ca\u00f1o<\/strong>, cuestion\u00f3 la defensa que el Presidente hizo del capitalismo: \u201cMilei en Davos habla del socialismo empobrecedor, pero es bajo el capitalismo actual que los 5 hombres m\u00e1s ricos del mundo duplicaron su patrimonio en 3 a\u00f1os, mientras 5000 millones de personas se empobrecieron. Un sistema irracional que merece el basurero de la historia\u201d, public\u00f3.<\/h3>\n<h3>\u201cMilei se toma el trabajito de ir a Davos a defender el patriarcado. Sin miedo al rid\u00edculo, sigue con discursos para la tribuna machirula reaccionaria. Las mujeres le tenemos que responder este #24E masivamente en la calle\u201d, sostuvo la compa\u00f1era de bancada de Del Ca\u00f1o, <strong>Myriam Bregman<\/strong>, en referencia al paro general convocado por la CGT.<\/h3>\n<h3>El canciller durante parte de la gesti\u00f3n de Cristina Kirchner <strong>Jorge Taiana<\/strong>, escribi\u00f3: \u201cEl discurso del Presidente Milei en el Foro de Davos result\u00f3 vergonzoso. Fue mis\u00f3gino, contrario a la Justicia Social, negando el cambio clim\u00e1tico y cuestionando el rol del Estado como regulador de los diversos intereses sectoriales. Y de Malvinas\u2026 nada\u201d.<\/h3>\n<p>&nbsp;<\/p>\n<p>&nbsp;<\/p>\n<p>&nbsp;<\/p>\n<p>&nbsp;<\/p>\n","protected":false},"excerpt":{"rendered":"<p>Dirigentes de casi todo el arco opositor salieron hoy en las redes sociales a criticar&#8230;<\/p>\n","protected":false},"author":1,"featured_media":10300,"comment_status":"closed","ping_status":"closed","sticky":false,"template":"","format":"standard","meta":{"footnotes":""},"categories":[5],"tags":[],"class_list":["post-10299","post","type-post","status-publish","format-standard","has-post-thumbnail","hentry","category-nacionales-internacionales"],"yoast_head":"<!-- This site is optimized with the Yoast SEO plugin v26.1.1 - https:\/\/yoast.com\/wordpress\/plugins\/seo\/ -->\n<title>&quot;PAPEL\u00d3N&quot;, &quot;DE CAMPA\u00d1A&quot;, &quot;MIS\u00d3GINO&quot;: LA OPOSICI\u00d3N CRITIC\u00d3 EL DISCURSO DE MILEI EN DAVOS - Apuntes de San Luis<\/title>\n<meta name=\"robots\" content=\"index, follow, max-snippet:-1, max-image-preview:large, max-video-preview:-1\" \/>\n<link rel=\"canonical\" href=\"https:\/\/apuntesdesanluis.com\/index.php\/2024\/01\/17\/papelon-de-campana-misogino-la-oposicion-critico-el-discurso-de-milei-en-davos\/\" \/>\n<meta property=\"og:locale\" content=\"es_ES\" \/>\n<meta property=\"og:type\" content=\"article\" \/>\n<meta property=\"og:title\" content=\"&quot;PAPEL\u00d3N&quot;, &quot;DE CAMPA\u00d1A&quot;, &quot;MIS\u00d3GINO&quot;: LA OPOSICI\u00d3N CRITIC\u00d3 EL DISCURSO DE MILEI EN DAVOS - Apuntes de San Luis\" \/>\n<meta property=\"og:description\" content=\"Dirigentes de casi todo el arco opositor salieron hoy en las redes sociales a criticar...\" \/>\n<meta property=\"og:url\" content=\"https:\/\/apuntesdesanluis.com\/index.php\/2024\/01\/17\/papelon-de-campana-misogino-la-oposicion-critico-el-discurso-de-milei-en-davos\/\" \/>\n<meta property=\"og:site_name\" content=\"Apuntes de San Luis\" \/>\n<meta property=\"article:published_time\" content=\"2024-01-18T00:52:13+00:00\" \/>\n<meta property=\"og:image\" content=\"https:\/\/apuntesdesanluis.com\/wp-content\/uploads\/2024\/01\/criticas.png\" \/>\n\t<meta property=\"og:image:width\" content=\"584\" \/>\n\t<meta property=\"og:image:height\" content=\"387\" \/>\n\t<meta property=\"og:image:type\" content=\"image\/png\" \/>\n<meta name=\"author\" content=\"apuntesdesanluis.com\" \/>\n<meta name=\"twitter:card\" content=\"summary_large_image\" \/>\n<meta name=\"twitter:label1\" content=\"Escrito por\" \/>\n\t<meta name=\"twitter:data1\" content=\"apuntesdesanluis.com\" \/>\n\t<meta name=\"twitter:label2\" content=\"Tiempo de lectura\" \/>\n\t<meta name=\"twitter:data2\" content=\"3 minutos\" \/>\n<script type=\"application\/ld+json\" class=\"yoast-schema-graph\">{\"@context\":\"https:\/\/schema.org\",\"@graph\":[{\"@type\":\"Article\",\"@id\":\"https:\/\/apuntesdesanluis.com\/index.php\/2024\/01\/17\/papelon-de-campana-misogino-la-oposicion-critico-el-discurso-de-milei-en-davos\/#article\",\"isPartOf\":{\"@id\":\"https:\/\/apuntesdesanluis.com\/index.php\/2024\/01\/17\/papelon-de-campana-misogino-la-oposicion-critico-el-discurso-de-milei-en-davos\/\"},\"author\":{\"name\":\"apuntesdesanluis.com\",\"@id\":\"https:\/\/apuntesdesanluis.com\/#\/schema\/person\/b55151d52296fcce64d1a72538a70b90\"},\"headline\":\"&#8220;PAPEL\u00d3N&#8221;, &#8220;DE CAMPA\u00d1A&#8221;, &#8220;MIS\u00d3GINO&#8221;: LA OPOSICI\u00d3N CRITIC\u00d3 EL DISCURSO DE MILEI EN DAVOS\",\"datePublished\":\"2024-01-18T00:52:13+00:00\",\"mainEntityOfPage\":{\"@id\":\"https:\/\/apuntesdesanluis.com\/index.php\/2024\/01\/17\/papelon-de-campana-misogino-la-oposicion-critico-el-discurso-de-milei-en-davos\/\"},\"wordCount\":625,\"publisher\":{\"@id\":\"https:\/\/apuntesdesanluis.com\/#\/schema\/person\/b55151d52296fcce64d1a72538a70b90\"},\"image\":{\"@id\":\"https:\/\/apuntesdesanluis.com\/index.php\/2024\/01\/17\/papelon-de-campana-misogino-la-oposicion-critico-el-discurso-de-milei-en-davos\/#primaryimage\"},\"thumbnailUrl\":\"https:\/\/apuntesdesanluis.com\/wp-content\/uploads\/2024\/01\/criticas.png\",\"articleSection\":[\"Nacionales\/Internacionales\"],\"inLanguage\":\"es-AR\"},{\"@type\":\"WebPage\",\"@id\":\"https:\/\/apuntesdesanluis.com\/index.php\/2024\/01\/17\/papelon-de-campana-misogino-la-oposicion-critico-el-discurso-de-milei-en-davos\/\",\"url\":\"https:\/\/apuntesdesanluis.com\/index.php\/2024\/01\/17\/papelon-de-campana-misogino-la-oposicion-critico-el-discurso-de-milei-en-davos\/\",\"name\":\"\\\"PAPEL\u00d3N\\\", \\\"DE CAMPA\u00d1A\\\", \\\"MIS\u00d3GINO\\\": LA OPOSICI\u00d3N CRITIC\u00d3 EL DISCURSO DE MILEI EN DAVOS - Apuntes de San Luis\",\"isPartOf\":{\"@id\":\"https:\/\/apuntesdesanluis.com\/#website\"},\"primaryImageOfPage\":{\"@id\":\"https:\/\/apuntesdesanluis.com\/index.php\/2024\/01\/17\/papelon-de-campana-misogino-la-oposicion-critico-el-discurso-de-milei-en-davos\/#primaryimage\"},\"image\":{\"@id\":\"https:\/\/apuntesdesanluis.com\/index.php\/2024\/01\/17\/papelon-de-campana-misogino-la-oposicion-critico-el-discurso-de-milei-en-davos\/#primaryimage\"},\"thumbnailUrl\":\"https:\/\/apuntesdesanluis.com\/wp-content\/uploads\/2024\/01\/criticas.png\",\"datePublished\":\"2024-01-18T00:52:13+00:00\",\"breadcrumb\":{\"@id\":\"https:\/\/apuntesdesanluis.com\/index.php\/2024\/01\/17\/papelon-de-campana-misogino-la-oposicion-critico-el-discurso-de-milei-en-davos\/#breadcrumb\"},\"inLanguage\":\"es-AR\",\"potentialAction\":[{\"@type\":\"ReadAction\",\"target\":[\"https:\/\/apuntesdesanluis.com\/index.php\/2024\/01\/17\/papelon-de-campana-misogino-la-oposicion-critico-el-discurso-de-milei-en-davos\/\"]}]},{\"@type\":\"ImageObject\",\"inLanguage\":\"es-AR\",\"@id\":\"https:\/\/apuntesdesanluis.com\/index.php\/2024\/01\/17\/papelon-de-campana-misogino-la-oposicion-critico-el-discurso-de-milei-en-davos\/#primaryimage\",\"url\":\"https:\/\/apuntesdesanluis.com\/wp-content\/uploads\/2024\/01\/criticas.png\",\"contentUrl\":\"https:\/\/apuntesdesanluis.com\/wp-content\/uploads\/2024\/01\/criticas.png\",\"width\":584,\"height\":387},{\"@type\":\"BreadcrumbList\",\"@id\":\"https:\/\/apuntesdesanluis.com\/index.php\/2024\/01\/17\/papelon-de-campana-misogino-la-oposicion-critico-el-discurso-de-milei-en-davos\/#breadcrumb\",\"itemListElement\":[{\"@type\":\"ListItem\",\"position\":1,\"name\":\"Inicio\",\"item\":\"https:\/\/apuntesdesanluis.com\/\"},{\"@type\":\"ListItem\",\"position\":2,\"name\":\"&#8220;PAPEL\u00d3N&#8221;, &#8220;DE CAMPA\u00d1A&#8221;, &#8220;MIS\u00d3GINO&#8221;: LA OPOSICI\u00d3N CRITIC\u00d3 EL DISCURSO DE MILEI EN DAVOS\"}]},{\"@type\":\"WebSite\",\"@id\":\"https:\/\/apuntesdesanluis.com\/#website\",\"url\":\"https:\/\/apuntesdesanluis.com\/\",\"name\":\"Apuntes de San Luis\",\"description\":\"\",\"publisher\":{\"@id\":\"https:\/\/apuntesdesanluis.com\/#\/schema\/person\/b55151d52296fcce64d1a72538a70b90\"},\"potentialAction\":[{\"@type\":\"SearchAction\",\"target\":{\"@type\":\"EntryPoint\",\"urlTemplate\":\"https:\/\/apuntesdesanluis.com\/?s={search_term_string}\"},\"query-input\":{\"@type\":\"PropertyValueSpecification\",\"valueRequired\":true,\"valueName\":\"search_term_string\"}}],\"inLanguage\":\"es-AR\"},{\"@type\":[\"Person\",\"Organization\"],\"@id\":\"https:\/\/apuntesdesanluis.com\/#\/schema\/person\/b55151d52296fcce64d1a72538a70b90\",\"name\":\"apuntesdesanluis.com\",\"image\":{\"@type\":\"ImageObject\",\"inLanguage\":\"es-AR\",\"@id\":\"https:\/\/apuntesdesanluis.com\/#\/schema\/person\/image\/\",\"url\":\"https:\/\/apuntesdesanluis.com\/wp-content\/uploads\/2023\/07\/cropped-apuntesdesanluis.png\",\"contentUrl\":\"https:\/\/apuntesdesanluis.com\/wp-content\/uploads\/2023\/07\/cropped-apuntesdesanluis.png\",\"width\":450,\"height\":112,\"caption\":\"apuntesdesanluis.com\"},\"logo\":{\"@id\":\"https:\/\/apuntesdesanluis.com\/#\/schema\/person\/image\/\"},\"sameAs\":[\"https:\/\/apuntesdesanluis.com\"],\"url\":\"https:\/\/apuntesdesanluis.com\/index.php\/author\/apuntesdesanluis-com\/\"}]}<\/script>\n<!-- \/ Yoast SEO plugin. -->","yoast_head_json":{"title":"\"PAPEL\u00d3N\", \"DE CAMPA\u00d1A\", \"MIS\u00d3GINO\": LA OPOSICI\u00d3N CRITIC\u00d3 EL DISCURSO DE MILEI EN DAVOS - Apuntes de San Luis","robots":{"index":"index","follow":"follow","max-snippet":"max-snippet:-1","max-image-preview":"max-image-preview:large","max-video-preview":"max-video-preview:-1"},"canonical":"https:\/\/apuntesdesanluis.com\/index.php\/2024\/01\/17\/papelon-de-campana-misogino-la-oposicion-critico-el-discurso-de-milei-en-davos\/","og_locale":"es_ES","og_type":"article","og_title":"\"PAPEL\u00d3N\", \"DE CAMPA\u00d1A\", \"MIS\u00d3GINO\": LA OPOSICI\u00d3N CRITIC\u00d3 EL DISCURSO DE MILEI EN DAVOS - Apuntes de San Luis","og_description":"Dirigentes de casi todo el arco opositor salieron hoy en las redes sociales a criticar...","og_url":"https:\/\/apuntesdesanluis.com\/index.php\/2024\/01\/17\/papelon-de-campana-misogino-la-oposicion-critico-el-discurso-de-milei-en-davos\/","og_site_name":"Apuntes de San Luis","article_published_time":"2024-01-18T00:52:13+00:00","og_image":[{"width":584,"height":387,"url":"https:\/\/apuntesdesanluis.com\/wp-content\/uploads\/2024\/01\/criticas.png","type":"image\/png"}],"author":"apuntesdesanluis.com","twitter_card":"summary_large_image","twitter_misc":{"Escrito por":"apuntesdesanluis.com","Tiempo de lectura":"3 minutos"},"schema":{"@context":"https:\/\/schema.org","@graph":[{"@type":"Article","@id":"https:\/\/apuntesdesanluis.com\/index.php\/2024\/01\/17\/papelon-de-campana-misogino-la-oposicion-critico-el-discurso-de-milei-en-davos\/#article","isPartOf":{"@id":"https:\/\/apuntesdesanluis.com\/index.php\/2024\/01\/17\/papelon-de-campana-misogino-la-oposicion-critico-el-discurso-de-milei-en-davos\/"},"author":{"name":"apuntesdesanluis.com","@id":"https:\/\/apuntesdesanluis.com\/#\/schema\/person\/b55151d52296fcce64d1a72538a70b90"},"headline":"&#8220;PAPEL\u00d3N&#8221;, &#8220;DE CAMPA\u00d1A&#8221;, &#8220;MIS\u00d3GINO&#8221;: LA OPOSICI\u00d3N CRITIC\u00d3 EL DISCURSO DE MILEI EN DAVOS","datePublished":"2024-01-18T00:52:13+00:00","mainEntityOfPage":{"@id":"https:\/\/apuntesdesanluis.com\/index.php\/2024\/01\/17\/papelon-de-campana-misogino-la-oposicion-critico-el-discurso-de-milei-en-davos\/"},"wordCount":625,"publisher":{"@id":"https:\/\/apuntesdesanluis.com\/#\/schema\/person\/b55151d52296fcce64d1a72538a70b90"},"image":{"@id":"https:\/\/apuntesdesanluis.com\/index.php\/2024\/01\/17\/papelon-de-campana-misogino-la-oposicion-critico-el-discurso-de-milei-en-davos\/#primaryimage"},"thumbnailUrl":"https:\/\/apuntesdesanluis.com\/wp-content\/uploads\/2024\/01\/criticas.png","articleSection":["Nacionales\/Internacionales"],"inLanguage":"es-AR"},{"@type":"WebPage","@id":"https:\/\/apuntesdesanluis.com\/index.php\/2024\/01\/17\/papelon-de-campana-misogino-la-oposicion-critico-el-discurso-de-milei-en-davos\/","url":"https:\/\/apuntesdesanluis.com\/index.php\/2024\/01\/17\/papelon-de-campana-misogino-la-oposicion-critico-el-discurso-de-milei-en-davos\/","name":"\"PAPEL\u00d3N\", \"DE CAMPA\u00d1A\", \"MIS\u00d3GINO\": LA OPOSICI\u00d3N CRITIC\u00d3 EL DISCURSO DE MILEI EN DAVOS - Apuntes de San Luis","isPartOf":{"@id":"https:\/\/apuntesdesanluis.com\/#website"},"primaryImageOfPage":{"@id":"https:\/\/apuntesdesanluis.com\/index.php\/2024\/01\/17\/papelon-de-campana-misogino-la-oposicion-critico-el-discurso-de-milei-en-davos\/#primaryimage"},"image":{"@id":"https:\/\/apuntesdesanluis.com\/index.php\/2024\/01\/17\/papelon-de-campana-misogino-la-oposicion-critico-el-discurso-de-milei-en-davos\/#primaryimage"},"thumbnailUrl":"https:\/\/apuntesdesanluis.com\/wp-content\/uploads\/2024\/01\/criticas.png","datePublished":"2024-01-18T00:52:13+00:00","breadcrumb":{"@id":"https:\/\/apuntesdesanluis.com\/index.php\/2024\/01\/17\/papelon-de-campana-misogino-la-oposicion-critico-el-discurso-de-milei-en-davos\/#breadcrumb"},"inLanguage":"es-AR","potentialAction":[{"@type":"ReadAction","target":["https:\/\/apuntesdesanluis.com\/index.php\/2024\/01\/17\/papelon-de-campana-misogino-la-oposicion-critico-el-discurso-de-milei-en-davos\/"]}]},{"@type":"ImageObject","inLanguage":"es-AR","@id":"https:\/\/apuntesdesanluis.com\/index.php\/2024\/01\/17\/papelon-de-campana-misogino-la-oposicion-critico-el-discurso-de-milei-en-davos\/#primaryimage","url":"https:\/\/apuntesdesanluis.com\/wp-content\/uploads\/2024\/01\/criticas.png","contentUrl":"https:\/\/apuntesdesanluis.com\/wp-content\/uploads\/2024\/01\/criticas.png","width":584,"height":387},{"@type":"BreadcrumbList","@id":"https:\/\/apuntesdesanluis.com\/index.php\/2024\/01\/17\/papelon-de-campana-misogino-la-oposicion-critico-el-discurso-de-milei-en-davos\/#breadcrumb","itemListElement":[{"@type":"ListItem","position":1,"name":"Inicio","item":"https:\/\/apuntesdesanluis.com\/"},{"@type":"ListItem","position":2,"name":"&#8220;PAPEL\u00d3N&#8221;, &#8220;DE CAMPA\u00d1A&#8221;, &#8220;MIS\u00d3GINO&#8221;: LA OPOSICI\u00d3N CRITIC\u00d3 EL DISCURSO DE MILEI EN DAVOS"}]},{"@type":"WebSite","@id":"https:\/\/apuntesdesanluis.com\/#website","url":"https:\/\/apuntesdesanluis.com\/","name":"Apuntes de San Luis","description":"","publisher":{"@id":"https:\/\/apuntesdesanluis.com\/#\/schema\/person\/b55151d52296fcce64d1a72538a70b90"},"potentialAction":[{"@type":"SearchAction","target":{"@type":"EntryPoint","urlTemplate":"https:\/\/apuntesdesanluis.com\/?s={search_term_string}"},"query-input":{"@type":"PropertyValueSpecification","valueRequired":true,"valueName":"search_term_string"}}],"inLanguage":"es-AR"},{"@type":["Person","Organization"],"@id":"https:\/\/apuntesdesanluis.com\/#\/schema\/person\/b55151d52296fcce64d1a72538a70b90","name":"apuntesdesanluis.com","image":{"@type":"ImageObject","inLanguage":"es-AR","@id":"https:\/\/apuntesdesanluis.com\/#\/schema\/person\/image\/","url":"https:\/\/apuntesdesanluis.com\/wp-content\/uploads\/2023\/07\/cropped-apuntesdesanluis.png","contentUrl":"https:\/\/apuntesdesanluis.com\/wp-content\/uploads\/2023\/07\/cropped-apuntesdesanluis.png","width":450,"height":112,"caption":"apuntesdesanluis.com"},"logo":{"@id":"https:\/\/apuntesdesanluis.com\/#\/schema\/person\/image\/"},"sameAs":["https:\/\/apuntesdesanluis.com"],"url":"https:\/\/apuntesdesanluis.com\/index.php\/author\/apuntesdesanluis-com\/"}]}},"featured_image_urls":{"full":["https:\/\/apuntesdesanluis.com\/wp-content\/uploads\/2024\/01\/criticas.png",584,387,false],"thumbnail":["https:\/\/apuntesdesanluis.com\/wp-content\/uploads\/2024\/01\/criticas-150x150.png",150,150,true],"medium":["https:\/\/apuntesdesanluis.com\/wp-content\/uploads\/2024\/01\/criticas-300x199.png",300,199,true],"medium_large":["https:\/\/apuntesdesanluis.com\/wp-content\/uploads\/2024\/01\/criticas.png",584,387,false],"large":["https:\/\/apuntesdesanluis.com\/wp-content\/uploads\/2024\/01\/criticas.png",584,387,false],"1536x1536":["https:\/\/apuntesdesanluis.com\/wp-content\/uploads\/2024\/01\/criticas.png",584,387,false],"2048x2048":["https:\/\/apuntesdesanluis.com\/wp-content\/uploads\/2024\/01\/criticas.png",584,387,false],"newsever-slider-full":["https:\/\/apuntesdesanluis.com\/wp-content\/uploads\/2024\/01\/criticas.png",584,387,false],"newsever-featured":["https:\/\/apuntesdesanluis.com\/wp-content\/uploads\/2024\/01\/criticas.png",584,387,false],"newsever-medium":["https:\/\/apuntesdesanluis.com\/wp-content\/uploads\/2024\/01\/criticas.png",584,387,false]},"author_info":{"display_name":"apuntesdesanluis.com","author_link":"https:\/\/apuntesdesanluis.com\/index.php\/author\/apuntesdesanluis-com\/"},"category_info":"<a href=\"https:\/\/apuntesdesanluis.com\/index.php\/category\/nacionales-internacionales\/\" rel=\"category tag\">Nacionales\/Internacionales<\/a>","tag_info":"Nacionales\/Internacionales","comment_count":"0","_links":{"self":[{"href":"https:\/\/apuntesdesanluis.com\/index.php\/wp-json\/wp\/v2\/posts\/10299","targetHints":{"allow":["GET"]}}],"collection":[{"href":"https:\/\/apuntesdesanluis.com\/index.php\/wp-json\/wp\/v2\/posts"}],"about":[{"href":"https:\/\/apuntesdesanluis.com\/index.php\/wp-json\/wp\/v2\/types\/post"}],"author":[{"embeddable":true,"href":"https:\/\/apuntesdesanluis.com\/index.php\/wp-json\/wp\/v2\/users\/1"}],"replies":[{"embeddable":true,"href":"https:\/\/apuntesdesanluis.com\/index.php\/wp-json\/wp\/v2\/comments?post=10299"}],"version-history":[{"count":1,"href":"https:\/\/apuntesdesanluis.com\/index.php\/wp-json\/wp\/v2\/posts\/10299\/revisions"}],"predecessor-version":[{"id":10301,"href":"https:\/\/apuntesdesanluis.com\/index.php\/wp-json\/wp\/v2\/posts\/10299\/revisions\/10301"}],"wp:featuredmedia":[{"embeddable":true,"href":"https:\/\/apuntesdesanluis.com\/index.php\/wp-json\/wp\/v2\/media\/10300"}],"wp:attachment":[{"href":"https:\/\/apuntesdesanluis.com\/index.php\/wp-json\/wp\/v2\/media?parent=10299"}],"wp:term":[{"taxonomy":"category","embeddable":true,"href":"https:\/\/apuntesdesanluis.com\/index.php\/wp-json\/wp\/v2\/categories?post=10299"},{"taxonomy":"post_tag","embeddable":true,"href":"https:\/\/apuntesdesanluis.com\/index.php\/wp-json\/wp\/v2\/tags?post=10299"}],"curies":[{"name":"wp","href":"https:\/\/api.w.org\/{rel}","templated":true}]}}