{"id":1030,"date":"2023-08-04T09:10:00","date_gmt":"2023-08-04T12:10:00","guid":{"rendered":"https:\/\/apuntesdesanluis.com\/?p=1030"},"modified":"2023-08-04T09:10:00","modified_gmt":"2023-08-04T12:10:00","slug":"murio-una-joven-argentina-en-kosovo-tras-caer-de-un-edificio-y-detuvieron-a-su-pareja","status":"publish","type":"post","link":"https:\/\/apuntesdesanluis.com\/index.php\/2023\/08\/04\/murio-una-joven-argentina-en-kosovo-tras-caer-de-un-edificio-y-detuvieron-a-su-pareja\/","title":{"rendered":"MURI\u00d3 UNA JOVEN ARGENTINA EN KOSOVO TRAS CAER DE UN EDIFICIO Y DETUVIERON A SU PAREJA"},"content":{"rendered":"<h3>Una joven argentina muri\u00f3 en la madrugada del martes despu\u00e9s de caer de un sexto piso de un edificio en la Rep\u00fablica de Kosovo. Ante esto, detuvieron a su pareja, ya que creen que la empuj\u00f3 al vac\u00edo.<\/h3>\n<h3>La v\u00edctima fatal fue identificada como <strong>Mar\u00eda Clara Urdangaray<\/strong>, quien ten\u00eda 27 a\u00f1os y estaba en una relaci\u00f3n con un hombre de 31 a\u00f1os de nacionalidad suiza.<\/h3>\n<h3>Urdangaray cay\u00f3 desde un edificio de la localidad de Kosovo Polje, en la capital Pristina. Medios locales informaron que ella y su novio habr\u00edan discutido antes del hecho.<\/h3>\n<h3>La joven debi\u00f3 ser trasladada al Centro Cl\u00ednico de la Universidad de Kosovo, debido a la gravedad de sus heridas, las que finalmente causaron su muerte.<\/h3>\n<h3>El suizo fue detenido por al menos un mes, mientras se investiga el caso. Es considerado por los investigadores como el principal sospechoso de un presunto femicidio.<\/h3>\n<h3>\u201cEs un femicidio, la arrojaron por el balc\u00f3n\u201d, sostuvo el padre de la v\u00edctima en declaraciones televisivas.<\/h3>\n<h3>De acuerdo a lo que cont\u00f3 su padre, la joven era oriunda de La Plata y estaba viviendo en Europa desde el a\u00f1o pasado. Hab\u00eda elegido como destino a Espa\u00f1a, donde conoci\u00f3 a su pareja.<\/h3>\n<h3>Mar\u00eda Clara ten\u00eda como objetivo alcanzar un \u201cfuturo mejor\u201d y por eso se fue del pa\u00eds. Estuvo tres meses en Barcelona y luego se mud\u00f3 con su novio a Suiza.<\/h3>\n<h3><img fetchpriority=\"high\" decoding=\"async\" class=\"wp-image-1031 aligncenter\" src=\"https:\/\/apuntesdesanluis.com\/wp-content\/uploads\/2023\/08\/padre-e-hija-1-300x197.png\" alt=\"\" width=\"533\" height=\"350\" srcset=\"https:\/\/apuntesdesanluis.com\/wp-content\/uploads\/2023\/08\/padre-e-hija-1-300x197.png 300w, https:\/\/apuntesdesanluis.com\/wp-content\/uploads\/2023\/08\/padre-e-hija-1.png 600w\" sizes=\"(max-width: 533px) 100vw, 533px\" \/><\/h3>\n<h4 style=\"text-align: center;\"><em>La joven argentina que muri\u00f3 en Kosovo y su padre.<\/em><\/h4>\n<h3>En los \u00faltimos d\u00edas hab\u00edan emprendido viaje hacia Kosovo para ir al casamiento del hermano del principal sospechoso de la muerte de la argentina. \u201cElla nos mand\u00f3 videos de la fiesta de casamiento en la que estuvo. Se la ve\u00eda bien, feliz\u201d, cont\u00f3 Facundo, el pap\u00e1 de la mujer.<\/h3>\n<h3>La \u00faltima vez que hab\u00eda hablado el padre con su hija fue a trav\u00e9s de unos mensajes. La madre se comunic\u00f3 el domingo pasado.<\/h3>\n<h3>Los pap\u00e1s de la v\u00edctima se enteraron de lo que pas\u00f3 este mi\u00e9rcoles por la tarde. Una amiga de Mar\u00eda Clara que vive en Espa\u00f1a vio las noticias y se los notific\u00f3.<\/h3>\n<h3>Ahora los familiares buscan repatriar a la fallecida \u201clo antes posible\u201d. A\u00fan resta que le realicen la autopsia, se lleven a cabo los tr\u00e1mites legales y las pericias para que se haga efectivo.<\/h3>\n","protected":false},"excerpt":{"rendered":"<p>Una joven argentina muri\u00f3 en la madrugada del martes despu\u00e9s de caer de un sexto&#8230;<\/p>\n","protected":false},"author":1,"featured_media":1032,"comment_status":"closed","ping_status":"closed","sticky":false,"template":"","format":"standard","meta":{"footnotes":""},"categories":[5],"tags":[],"class_list":["post-1030","post","type-post","status-publish","format-standard","has-post-thumbnail","hentry","category-nacionales-internacionales"],"yoast_head":"<!-- This site is optimized with the Yoast SEO plugin v26.1.1 - https:\/\/yoast.com\/wordpress\/plugins\/seo\/ -->\n<title>MURI\u00d3 UNA JOVEN ARGENTINA EN KOSOVO TRAS CAER DE UN EDIFICIO Y DETUVIERON A SU PAREJA - Apuntes de San Luis<\/title>\n<meta name=\"robots\" content=\"index, follow, max-snippet:-1, max-image-preview:large, max-video-preview:-1\" \/>\n<link rel=\"canonical\" href=\"https:\/\/apuntesdesanluis.com\/index.php\/2023\/08\/04\/murio-una-joven-argentina-en-kosovo-tras-caer-de-un-edificio-y-detuvieron-a-su-pareja\/\" \/>\n<meta property=\"og:locale\" content=\"es_ES\" \/>\n<meta property=\"og:type\" content=\"article\" \/>\n<meta property=\"og:title\" content=\"MURI\u00d3 UNA JOVEN ARGENTINA EN KOSOVO TRAS CAER DE UN EDIFICIO Y DETUVIERON A SU PAREJA - Apuntes de San Luis\" \/>\n<meta property=\"og:description\" content=\"Una joven argentina muri\u00f3 en la madrugada del martes despu\u00e9s de caer de un sexto...\" \/>\n<meta property=\"og:url\" content=\"https:\/\/apuntesdesanluis.com\/index.php\/2023\/08\/04\/murio-una-joven-argentina-en-kosovo-tras-caer-de-un-edificio-y-detuvieron-a-su-pareja\/\" \/>\n<meta property=\"og:site_name\" content=\"Apuntes de San Luis\" \/>\n<meta property=\"article:published_time\" content=\"2023-08-04T12:10:00+00:00\" \/>\n<meta property=\"og:image\" content=\"https:\/\/apuntesdesanluis.com\/wp-content\/uploads\/2023\/08\/hermosa.png\" \/>\n\t<meta property=\"og:image:width\" content=\"638\" \/>\n\t<meta property=\"og:image:height\" content=\"414\" \/>\n\t<meta property=\"og:image:type\" content=\"image\/png\" \/>\n<meta name=\"author\" content=\"apuntesdesanluis.com\" \/>\n<meta name=\"twitter:card\" content=\"summary_large_image\" \/>\n<meta name=\"twitter:label1\" content=\"Escrito por\" \/>\n\t<meta name=\"twitter:data1\" content=\"apuntesdesanluis.com\" \/>\n\t<meta name=\"twitter:label2\" content=\"Tiempo de lectura\" \/>\n\t<meta name=\"twitter:data2\" content=\"2 minutos\" \/>\n<script type=\"application\/ld+json\" class=\"yoast-schema-graph\">{\"@context\":\"https:\/\/schema.org\",\"@graph\":[{\"@type\":\"Article\",\"@id\":\"https:\/\/apuntesdesanluis.com\/index.php\/2023\/08\/04\/murio-una-joven-argentina-en-kosovo-tras-caer-de-un-edificio-y-detuvieron-a-su-pareja\/#article\",\"isPartOf\":{\"@id\":\"https:\/\/apuntesdesanluis.com\/index.php\/2023\/08\/04\/murio-una-joven-argentina-en-kosovo-tras-caer-de-un-edificio-y-detuvieron-a-su-pareja\/\"},\"author\":{\"name\":\"apuntesdesanluis.com\",\"@id\":\"https:\/\/apuntesdesanluis.com\/#\/schema\/person\/b55151d52296fcce64d1a72538a70b90\"},\"headline\":\"MURI\u00d3 UNA JOVEN ARGENTINA EN KOSOVO TRAS CAER DE UN EDIFICIO Y DETUVIERON A SU PAREJA\",\"datePublished\":\"2023-08-04T12:10:00+00:00\",\"mainEntityOfPage\":{\"@id\":\"https:\/\/apuntesdesanluis.com\/index.php\/2023\/08\/04\/murio-una-joven-argentina-en-kosovo-tras-caer-de-un-edificio-y-detuvieron-a-su-pareja\/\"},\"wordCount\":421,\"publisher\":{\"@id\":\"https:\/\/apuntesdesanluis.com\/#\/schema\/person\/b55151d52296fcce64d1a72538a70b90\"},\"image\":{\"@id\":\"https:\/\/apuntesdesanluis.com\/index.php\/2023\/08\/04\/murio-una-joven-argentina-en-kosovo-tras-caer-de-un-edificio-y-detuvieron-a-su-pareja\/#primaryimage\"},\"thumbnailUrl\":\"https:\/\/apuntesdesanluis.com\/wp-content\/uploads\/2023\/08\/hermosa.png\",\"articleSection\":[\"Nacionales\/Internacionales\"],\"inLanguage\":\"es-AR\"},{\"@type\":\"WebPage\",\"@id\":\"https:\/\/apuntesdesanluis.com\/index.php\/2023\/08\/04\/murio-una-joven-argentina-en-kosovo-tras-caer-de-un-edificio-y-detuvieron-a-su-pareja\/\",\"url\":\"https:\/\/apuntesdesanluis.com\/index.php\/2023\/08\/04\/murio-una-joven-argentina-en-kosovo-tras-caer-de-un-edificio-y-detuvieron-a-su-pareja\/\",\"name\":\"MURI\u00d3 UNA JOVEN ARGENTINA EN KOSOVO TRAS CAER DE UN EDIFICIO Y DETUVIERON A SU PAREJA - Apuntes de San Luis\",\"isPartOf\":{\"@id\":\"https:\/\/apuntesdesanluis.com\/#website\"},\"primaryImageOfPage\":{\"@id\":\"https:\/\/apuntesdesanluis.com\/index.php\/2023\/08\/04\/murio-una-joven-argentina-en-kosovo-tras-caer-de-un-edificio-y-detuvieron-a-su-pareja\/#primaryimage\"},\"image\":{\"@id\":\"https:\/\/apuntesdesanluis.com\/index.php\/2023\/08\/04\/murio-una-joven-argentina-en-kosovo-tras-caer-de-un-edificio-y-detuvieron-a-su-pareja\/#primaryimage\"},\"thumbnailUrl\":\"https:\/\/apuntesdesanluis.com\/wp-content\/uploads\/2023\/08\/hermosa.png\",\"datePublished\":\"2023-08-04T12:10:00+00:00\",\"breadcrumb\":{\"@id\":\"https:\/\/apuntesdesanluis.com\/index.php\/2023\/08\/04\/murio-una-joven-argentina-en-kosovo-tras-caer-de-un-edificio-y-detuvieron-a-su-pareja\/#breadcrumb\"},\"inLanguage\":\"es-AR\",\"potentialAction\":[{\"@type\":\"ReadAction\",\"target\":[\"https:\/\/apuntesdesanluis.com\/index.php\/2023\/08\/04\/murio-una-joven-argentina-en-kosovo-tras-caer-de-un-edificio-y-detuvieron-a-su-pareja\/\"]}]},{\"@type\":\"ImageObject\",\"inLanguage\":\"es-AR\",\"@id\":\"https:\/\/apuntesdesanluis.com\/index.php\/2023\/08\/04\/murio-una-joven-argentina-en-kosovo-tras-caer-de-un-edificio-y-detuvieron-a-su-pareja\/#primaryimage\",\"url\":\"https:\/\/apuntesdesanluis.com\/wp-content\/uploads\/2023\/08\/hermosa.png\",\"contentUrl\":\"https:\/\/apuntesdesanluis.com\/wp-content\/uploads\/2023\/08\/hermosa.png\",\"width\":638,\"height\":414},{\"@type\":\"BreadcrumbList\",\"@id\":\"https:\/\/apuntesdesanluis.com\/index.php\/2023\/08\/04\/murio-una-joven-argentina-en-kosovo-tras-caer-de-un-edificio-y-detuvieron-a-su-pareja\/#breadcrumb\",\"itemListElement\":[{\"@type\":\"ListItem\",\"position\":1,\"name\":\"Inicio\",\"item\":\"https:\/\/apuntesdesanluis.com\/\"},{\"@type\":\"ListItem\",\"position\":2,\"name\":\"MURI\u00d3 UNA JOVEN ARGENTINA EN KOSOVO TRAS CAER DE UN EDIFICIO Y DETUVIERON A SU PAREJA\"}]},{\"@type\":\"WebSite\",\"@id\":\"https:\/\/apuntesdesanluis.com\/#website\",\"url\":\"https:\/\/apuntesdesanluis.com\/\",\"name\":\"Apuntes de San Luis\",\"description\":\"\",\"publisher\":{\"@id\":\"https:\/\/apuntesdesanluis.com\/#\/schema\/person\/b55151d52296fcce64d1a72538a70b90\"},\"potentialAction\":[{\"@type\":\"SearchAction\",\"target\":{\"@type\":\"EntryPoint\",\"urlTemplate\":\"https:\/\/apuntesdesanluis.com\/?s={search_term_string}\"},\"query-input\":{\"@type\":\"PropertyValueSpecification\",\"valueRequired\":true,\"valueName\":\"search_term_string\"}}],\"inLanguage\":\"es-AR\"},{\"@type\":[\"Person\",\"Organization\"],\"@id\":\"https:\/\/apuntesdesanluis.com\/#\/schema\/person\/b55151d52296fcce64d1a72538a70b90\",\"name\":\"apuntesdesanluis.com\",\"image\":{\"@type\":\"ImageObject\",\"inLanguage\":\"es-AR\",\"@id\":\"https:\/\/apuntesdesanluis.com\/#\/schema\/person\/image\/\",\"url\":\"https:\/\/apuntesdesanluis.com\/wp-content\/uploads\/2023\/07\/cropped-apuntesdesanluis.png\",\"contentUrl\":\"https:\/\/apuntesdesanluis.com\/wp-content\/uploads\/2023\/07\/cropped-apuntesdesanluis.png\",\"width\":450,\"height\":112,\"caption\":\"apuntesdesanluis.com\"},\"logo\":{\"@id\":\"https:\/\/apuntesdesanluis.com\/#\/schema\/person\/image\/\"},\"sameAs\":[\"https:\/\/apuntesdesanluis.com\"],\"url\":\"https:\/\/apuntesdesanluis.com\/index.php\/author\/apuntesdesanluis-com\/\"}]}<\/script>\n<!-- \/ Yoast SEO plugin. -->","yoast_head_json":{"title":"MURI\u00d3 UNA JOVEN ARGENTINA EN KOSOVO TRAS CAER DE UN EDIFICIO Y DETUVIERON A SU PAREJA - Apuntes de San Luis","robots":{"index":"index","follow":"follow","max-snippet":"max-snippet:-1","max-image-preview":"max-image-preview:large","max-video-preview":"max-video-preview:-1"},"canonical":"https:\/\/apuntesdesanluis.com\/index.php\/2023\/08\/04\/murio-una-joven-argentina-en-kosovo-tras-caer-de-un-edificio-y-detuvieron-a-su-pareja\/","og_locale":"es_ES","og_type":"article","og_title":"MURI\u00d3 UNA JOVEN ARGENTINA EN KOSOVO TRAS CAER DE UN EDIFICIO Y DETUVIERON A SU PAREJA - Apuntes de San Luis","og_description":"Una joven argentina muri\u00f3 en la madrugada del martes despu\u00e9s de caer de un sexto...","og_url":"https:\/\/apuntesdesanluis.com\/index.php\/2023\/08\/04\/murio-una-joven-argentina-en-kosovo-tras-caer-de-un-edificio-y-detuvieron-a-su-pareja\/","og_site_name":"Apuntes de San Luis","article_published_time":"2023-08-04T12:10:00+00:00","og_image":[{"width":638,"height":414,"url":"https:\/\/apuntesdesanluis.com\/wp-content\/uploads\/2023\/08\/hermosa.png","type":"image\/png"}],"author":"apuntesdesanluis.com","twitter_card":"summary_large_image","twitter_misc":{"Escrito por":"apuntesdesanluis.com","Tiempo de lectura":"2 minutos"},"schema":{"@context":"https:\/\/schema.org","@graph":[{"@type":"Article","@id":"https:\/\/apuntesdesanluis.com\/index.php\/2023\/08\/04\/murio-una-joven-argentina-en-kosovo-tras-caer-de-un-edificio-y-detuvieron-a-su-pareja\/#article","isPartOf":{"@id":"https:\/\/apuntesdesanluis.com\/index.php\/2023\/08\/04\/murio-una-joven-argentina-en-kosovo-tras-caer-de-un-edificio-y-detuvieron-a-su-pareja\/"},"author":{"name":"apuntesdesanluis.com","@id":"https:\/\/apuntesdesanluis.com\/#\/schema\/person\/b55151d52296fcce64d1a72538a70b90"},"headline":"MURI\u00d3 UNA JOVEN ARGENTINA EN KOSOVO TRAS CAER DE UN EDIFICIO Y DETUVIERON A SU PAREJA","datePublished":"2023-08-04T12:10:00+00:00","mainEntityOfPage":{"@id":"https:\/\/apuntesdesanluis.com\/index.php\/2023\/08\/04\/murio-una-joven-argentina-en-kosovo-tras-caer-de-un-edificio-y-detuvieron-a-su-pareja\/"},"wordCount":421,"publisher":{"@id":"https:\/\/apuntesdesanluis.com\/#\/schema\/person\/b55151d52296fcce64d1a72538a70b90"},"image":{"@id":"https:\/\/apuntesdesanluis.com\/index.php\/2023\/08\/04\/murio-una-joven-argentina-en-kosovo-tras-caer-de-un-edificio-y-detuvieron-a-su-pareja\/#primaryimage"},"thumbnailUrl":"https:\/\/apuntesdesanluis.com\/wp-content\/uploads\/2023\/08\/hermosa.png","articleSection":["Nacionales\/Internacionales"],"inLanguage":"es-AR"},{"@type":"WebPage","@id":"https:\/\/apuntesdesanluis.com\/index.php\/2023\/08\/04\/murio-una-joven-argentina-en-kosovo-tras-caer-de-un-edificio-y-detuvieron-a-su-pareja\/","url":"https:\/\/apuntesdesanluis.com\/index.php\/2023\/08\/04\/murio-una-joven-argentina-en-kosovo-tras-caer-de-un-edificio-y-detuvieron-a-su-pareja\/","name":"MURI\u00d3 UNA JOVEN ARGENTINA EN KOSOVO TRAS CAER DE UN EDIFICIO Y DETUVIERON A SU PAREJA - Apuntes de San Luis","isPartOf":{"@id":"https:\/\/apuntesdesanluis.com\/#website"},"primaryImageOfPage":{"@id":"https:\/\/apuntesdesanluis.com\/index.php\/2023\/08\/04\/murio-una-joven-argentina-en-kosovo-tras-caer-de-un-edificio-y-detuvieron-a-su-pareja\/#primaryimage"},"image":{"@id":"https:\/\/apuntesdesanluis.com\/index.php\/2023\/08\/04\/murio-una-joven-argentina-en-kosovo-tras-caer-de-un-edificio-y-detuvieron-a-su-pareja\/#primaryimage"},"thumbnailUrl":"https:\/\/apuntesdesanluis.com\/wp-content\/uploads\/2023\/08\/hermosa.png","datePublished":"2023-08-04T12:10:00+00:00","breadcrumb":{"@id":"https:\/\/apuntesdesanluis.com\/index.php\/2023\/08\/04\/murio-una-joven-argentina-en-kosovo-tras-caer-de-un-edificio-y-detuvieron-a-su-pareja\/#breadcrumb"},"inLanguage":"es-AR","potentialAction":[{"@type":"ReadAction","target":["https:\/\/apuntesdesanluis.com\/index.php\/2023\/08\/04\/murio-una-joven-argentina-en-kosovo-tras-caer-de-un-edificio-y-detuvieron-a-su-pareja\/"]}]},{"@type":"ImageObject","inLanguage":"es-AR","@id":"https:\/\/apuntesdesanluis.com\/index.php\/2023\/08\/04\/murio-una-joven-argentina-en-kosovo-tras-caer-de-un-edificio-y-detuvieron-a-su-pareja\/#primaryimage","url":"https:\/\/apuntesdesanluis.com\/wp-content\/uploads\/2023\/08\/hermosa.png","contentUrl":"https:\/\/apuntesdesanluis.com\/wp-content\/uploads\/2023\/08\/hermosa.png","width":638,"height":414},{"@type":"BreadcrumbList","@id":"https:\/\/apuntesdesanluis.com\/index.php\/2023\/08\/04\/murio-una-joven-argentina-en-kosovo-tras-caer-de-un-edificio-y-detuvieron-a-su-pareja\/#breadcrumb","itemListElement":[{"@type":"ListItem","position":1,"name":"Inicio","item":"https:\/\/apuntesdesanluis.com\/"},{"@type":"ListItem","position":2,"name":"MURI\u00d3 UNA JOVEN ARGENTINA EN KOSOVO TRAS CAER DE UN EDIFICIO Y DETUVIERON A SU PAREJA"}]},{"@type":"WebSite","@id":"https:\/\/apuntesdesanluis.com\/#website","url":"https:\/\/apuntesdesanluis.com\/","name":"Apuntes de San Luis","description":"","publisher":{"@id":"https:\/\/apuntesdesanluis.com\/#\/schema\/person\/b55151d52296fcce64d1a72538a70b90"},"potentialAction":[{"@type":"SearchAction","target":{"@type":"EntryPoint","urlTemplate":"https:\/\/apuntesdesanluis.com\/?s={search_term_string}"},"query-input":{"@type":"PropertyValueSpecification","valueRequired":true,"valueName":"search_term_string"}}],"inLanguage":"es-AR"},{"@type":["Person","Organization"],"@id":"https:\/\/apuntesdesanluis.com\/#\/schema\/person\/b55151d52296fcce64d1a72538a70b90","name":"apuntesdesanluis.com","image":{"@type":"ImageObject","inLanguage":"es-AR","@id":"https:\/\/apuntesdesanluis.com\/#\/schema\/person\/image\/","url":"https:\/\/apuntesdesanluis.com\/wp-content\/uploads\/2023\/07\/cropped-apuntesdesanluis.png","contentUrl":"https:\/\/apuntesdesanluis.com\/wp-content\/uploads\/2023\/07\/cropped-apuntesdesanluis.png","width":450,"height":112,"caption":"apuntesdesanluis.com"},"logo":{"@id":"https:\/\/apuntesdesanluis.com\/#\/schema\/person\/image\/"},"sameAs":["https:\/\/apuntesdesanluis.com"],"url":"https:\/\/apuntesdesanluis.com\/index.php\/author\/apuntesdesanluis-com\/"}]}},"featured_image_urls":{"full":["https:\/\/apuntesdesanluis.com\/wp-content\/uploads\/2023\/08\/hermosa.png",638,414,false],"thumbnail":["https:\/\/apuntesdesanluis.com\/wp-content\/uploads\/2023\/08\/hermosa-150x150.png",150,150,true],"medium":["https:\/\/apuntesdesanluis.com\/wp-content\/uploads\/2023\/08\/hermosa-300x195.png",300,195,true],"medium_large":["https:\/\/apuntesdesanluis.com\/wp-content\/uploads\/2023\/08\/hermosa.png",638,414,false],"large":["https:\/\/apuntesdesanluis.com\/wp-content\/uploads\/2023\/08\/hermosa.png",638,414,false],"1536x1536":["https:\/\/apuntesdesanluis.com\/wp-content\/uploads\/2023\/08\/hermosa.png",638,414,false],"2048x2048":["https:\/\/apuntesdesanluis.com\/wp-content\/uploads\/2023\/08\/hermosa.png",638,414,false],"newsever-slider-full":["https:\/\/apuntesdesanluis.com\/wp-content\/uploads\/2023\/08\/hermosa.png",638,414,false],"newsever-featured":["https:\/\/apuntesdesanluis.com\/wp-content\/uploads\/2023\/08\/hermosa.png",638,414,false],"newsever-medium":["https:\/\/apuntesdesanluis.com\/wp-content\/uploads\/2023\/08\/hermosa.png",638,414,false]},"author_info":{"display_name":"apuntesdesanluis.com","author_link":"https:\/\/apuntesdesanluis.com\/index.php\/author\/apuntesdesanluis-com\/"},"category_info":"<a href=\"https:\/\/apuntesdesanluis.com\/index.php\/category\/nacionales-internacionales\/\" rel=\"category tag\">Nacionales\/Internacionales<\/a>","tag_info":"Nacionales\/Internacionales","comment_count":"0","_links":{"self":[{"href":"https:\/\/apuntesdesanluis.com\/index.php\/wp-json\/wp\/v2\/posts\/1030","targetHints":{"allow":["GET"]}}],"collection":[{"href":"https:\/\/apuntesdesanluis.com\/index.php\/wp-json\/wp\/v2\/posts"}],"about":[{"href":"https:\/\/apuntesdesanluis.com\/index.php\/wp-json\/wp\/v2\/types\/post"}],"author":[{"embeddable":true,"href":"https:\/\/apuntesdesanluis.com\/index.php\/wp-json\/wp\/v2\/users\/1"}],"replies":[{"embeddable":true,"href":"https:\/\/apuntesdesanluis.com\/index.php\/wp-json\/wp\/v2\/comments?post=1030"}],"version-history":[{"count":1,"href":"https:\/\/apuntesdesanluis.com\/index.php\/wp-json\/wp\/v2\/posts\/1030\/revisions"}],"predecessor-version":[{"id":1033,"href":"https:\/\/apuntesdesanluis.com\/index.php\/wp-json\/wp\/v2\/posts\/1030\/revisions\/1033"}],"wp:featuredmedia":[{"embeddable":true,"href":"https:\/\/apuntesdesanluis.com\/index.php\/wp-json\/wp\/v2\/media\/1032"}],"wp:attachment":[{"href":"https:\/\/apuntesdesanluis.com\/index.php\/wp-json\/wp\/v2\/media?parent=1030"}],"wp:term":[{"taxonomy":"category","embeddable":true,"href":"https:\/\/apuntesdesanluis.com\/index.php\/wp-json\/wp\/v2\/categories?post=1030"},{"taxonomy":"post_tag","embeddable":true,"href":"https:\/\/apuntesdesanluis.com\/index.php\/wp-json\/wp\/v2\/tags?post=1030"}],"curies":[{"name":"wp","href":"https:\/\/api.w.org\/{rel}","templated":true}]}}