{"id":10325,"date":"2024-01-18T18:33:12","date_gmt":"2024-01-18T21:33:12","guid":{"rendered":"https:\/\/apuntesdesanluis.com\/?p=10325"},"modified":"2024-01-18T18:33:48","modified_gmt":"2024-01-18T21:33:48","slug":"confirman-que-descontaran-el-dia-a-los-empleados-estatales-nacionales-que-adhieran-al-paro-del-24","status":"publish","type":"post","link":"https:\/\/apuntesdesanluis.com\/index.php\/2024\/01\/18\/confirman-que-descontaran-el-dia-a-los-empleados-estatales-nacionales-que-adhieran-al-paro-del-24\/","title":{"rendered":"CONFIRMAN QUE DESCONTAR\u00c1N EL D\u00cdA A LOS EMPLEADOS ESTATALES NACIONALES QUE ADHIERAN AL PARO DEL 24"},"content":{"rendered":"<h3>As\u00ed lo inform\u00f3 el vocero presidencial, <strong>Manuel Adorni<\/strong>, durante su conferencia de prensa matutina. Adem\u00e1s, volvi\u00f3 a cruzar a Pablo Moyano.<\/h3>\n<h3>El Gobierno nacional decidi\u00f3 que le descontar\u00e1 el d\u00eda a los empleados estatales que adhieran al paro del pr\u00f3ximo 24 de enero convocado por la Confederaci\u00f3n General del Trabajo (CGT).<\/h3>\n<h3>As\u00ed lo inform\u00f3 el vocero presidencial, Manuel Adorni, durante su conferencia de prensa matutina: \u201cSe ha tomado la decisi\u00f3n de descontar ese d\u00eda a todos los empleados estatales nacional que adhieran a esta medida&#8221;.<\/h3>\n<h3>\u201cEl salario es una contraprestaci\u00f3n y quien no trabaja es razonable que no cobre. Seguimos esperando los argumentos del porqu\u00e9 del paro porque no nos terminan de quedar claro\u201d, agreg\u00f3 Adorni.<\/h3>\n<h3>En esa l\u00ednea ratific\u00f3 el funcionamiento de la l\u00ednea 134 para \u201ctodos aquellos que se sientan extorsionados u obligados en parar puedan hacer la denuncia an\u00f3nima&#8221; en esa l\u00ednea.<\/h3>\n<h3>Adem\u00e1s, el portavoz del presidente Javier Milei volvi\u00f3 a cruzar al dirigente de Camioneros y de la CGT, Pablo Moyano: \u201cEscuch\u00e9 decir al hijo de Hugo Moyano (Pablo) que el pa\u00eds est\u00e1 funcionando\u2026 Hay que ver lo que es para \u00e9l un pa\u00eds funcionando o para qui\u00e9nes funciona\u201d.<\/h3>\n<h3><strong>EL OFICIALISMO BUSCA DICTAMEN<\/strong><\/h3>\n<h3>Ayer, el presidente de la C\u00e1mara de Diputados, Mart\u00edn Menem, admiti\u00f3 que el oficialismo busca obtener dictamen en las pr\u00f3ximas horas y poder sesionar el s\u00e1bado en el recinto la Ley Bases, que se debate en comisiones desde la semana pasada.<\/h3>\n<h3>En este contexto, Adorni indic\u00f3: \u201cNada est\u00e1 descartado. Efectivamente, es intenci\u00f3n de todos los que queremos acelerar el proceso de cambio que se sesione lo antes posible. Es estrictamente materia legislativa en lo que no intervenimos. Veremos si se puede dar o no\u201d.<\/h3>\n<h3><strong>PA\u00d1OS FR\u00cdOS A LA DOLARIZACI\u00d3N<\/strong><\/h3>\n<h3>En una ronda de prensa en el Foro de Davos, el ministro de Econom\u00eda, Luis Caputo, le puso pa\u00f1os fr\u00edos a la dolarizaci\u00f3n \u201cporque todav\u00eda no est\u00e1n las condiciones dadas\u201d.<\/h3>\n<h3>\u201cLa situaci\u00f3n argentina se deterior\u00f3 masivamente en el \u00faltimo cuarto. No hay apuro para esa dolarizaci\u00f3n. La prioridad es estabilizar la econom\u00eda\u201d, sostuvo Caputo.<\/h3>\n<h3>Al ser consultado por el tema, Adorni argument\u00f3 &#8220;Durante meses, Milei habl\u00f3 sobre cu\u00e1l es el fin en materia de dolarizaci\u00f3n. \u00c9l siempre habl\u00f3 de competencias de monedas y ese es nuestro Norte&#8221;.<\/h3>\n<h3>\u201cEste es un camino que va teniendo sus pasos. Hoy, el paso que estamos dando es la Ley Bases. De ley depender\u00e1 cu\u00e1les ser\u00e1n los pasos a seguir. Estamos convencidos de que la ley llegue a buen destino, entendemos que en el plano hipot\u00e9tico de que no llegue a aprobarse, el ajuste tenga que reverse\u201d, explic\u00f3.<\/h3>\n<h3><strong>BALANCE SOBRE LA VISITA DE MILEI A DAVOS<\/strong><\/h3>\n<h3>Sobre la visita del jefe de Estado al Foro Econ\u00f3mico Mundial, Adorni describi\u00f3: &#8220;Habitualmente, los mandatarios argentinos se dedicaban a ir a este tipo de foros a quedar bien o a pasar el momento&#8221;.<\/h3>\n<h3>&#8220;El Presidente ha mostrado cu\u00e1les son sus convicciones y hacia d\u00f3nde pretende que vaya la Argentina, y nos honra que la Argentina vuelva efectivamente a ser un faro del mundo occidental\u201d, a\u00f1adi\u00f3.<\/h3>\n<h3>Para Adorni, &#8220;los mandatarios y los hombres de negocios se mostraron entusiasmados con el proceso de cambio que vive la Argentina, apelando a que la pol\u00edtica local est\u00e9 a la altura de este momento hist\u00f3rico y acompa\u00f1e el camino que se est\u00e1 empezando a trazar\u201d.<\/h3>\n<p>&nbsp;<\/p>\n<p>&nbsp;<\/p>\n<p>&nbsp;<\/p>\n","protected":false},"excerpt":{"rendered":"<p>As\u00ed lo inform\u00f3 el vocero presidencial, Manuel Adorni, durante su conferencia de prensa matutina. Adem\u00e1s,&#8230;<\/p>\n","protected":false},"author":1,"featured_media":10326,"comment_status":"closed","ping_status":"closed","sticky":false,"template":"","format":"standard","meta":{"footnotes":""},"categories":[5],"tags":[],"class_list":["post-10325","post","type-post","status-publish","format-standard","has-post-thumbnail","hentry","category-nacionales-internacionales"],"yoast_head":"<!-- This site is optimized with the Yoast SEO plugin v26.1.1 - https:\/\/yoast.com\/wordpress\/plugins\/seo\/ -->\n<title>CONFIRMAN QUE DESCONTAR\u00c1N EL D\u00cdA A LOS EMPLEADOS ESTATALES NACIONALES QUE ADHIERAN AL PARO DEL 24 - Apuntes de San Luis<\/title>\n<meta name=\"robots\" content=\"index, follow, max-snippet:-1, max-image-preview:large, max-video-preview:-1\" \/>\n<link rel=\"canonical\" href=\"https:\/\/apuntesdesanluis.com\/index.php\/2024\/01\/18\/confirman-que-descontaran-el-dia-a-los-empleados-estatales-nacionales-que-adhieran-al-paro-del-24\/\" \/>\n<meta property=\"og:locale\" content=\"es_ES\" \/>\n<meta property=\"og:type\" content=\"article\" \/>\n<meta property=\"og:title\" content=\"CONFIRMAN QUE DESCONTAR\u00c1N EL D\u00cdA A LOS EMPLEADOS ESTATALES NACIONALES QUE ADHIERAN AL PARO DEL 24 - Apuntes de San Luis\" \/>\n<meta property=\"og:description\" content=\"As\u00ed lo inform\u00f3 el vocero presidencial, Manuel Adorni, durante su conferencia de prensa matutina. Adem\u00e1s,...\" \/>\n<meta property=\"og:url\" content=\"https:\/\/apuntesdesanluis.com\/index.php\/2024\/01\/18\/confirman-que-descontaran-el-dia-a-los-empleados-estatales-nacionales-que-adhieran-al-paro-del-24\/\" \/>\n<meta property=\"og:site_name\" content=\"Apuntes de San Luis\" \/>\n<meta property=\"article:published_time\" content=\"2024-01-18T21:33:12+00:00\" \/>\n<meta property=\"article:modified_time\" content=\"2024-01-18T21:33:48+00:00\" \/>\n<meta property=\"og:image\" content=\"https:\/\/apuntesdesanluis.com\/wp-content\/uploads\/2024\/01\/adorni-2.png\" \/>\n\t<meta property=\"og:image:width\" content=\"721\" \/>\n\t<meta property=\"og:image:height\" content=\"475\" \/>\n\t<meta property=\"og:image:type\" content=\"image\/png\" \/>\n<meta name=\"author\" content=\"apuntesdesanluis.com\" \/>\n<meta name=\"twitter:card\" content=\"summary_large_image\" \/>\n<meta name=\"twitter:label1\" content=\"Escrito por\" \/>\n\t<meta name=\"twitter:data1\" content=\"apuntesdesanluis.com\" \/>\n\t<meta name=\"twitter:label2\" content=\"Tiempo de lectura\" \/>\n\t<meta name=\"twitter:data2\" content=\"3 minutos\" \/>\n<script type=\"application\/ld+json\" class=\"yoast-schema-graph\">{\"@context\":\"https:\/\/schema.org\",\"@graph\":[{\"@type\":\"Article\",\"@id\":\"https:\/\/apuntesdesanluis.com\/index.php\/2024\/01\/18\/confirman-que-descontaran-el-dia-a-los-empleados-estatales-nacionales-que-adhieran-al-paro-del-24\/#article\",\"isPartOf\":{\"@id\":\"https:\/\/apuntesdesanluis.com\/index.php\/2024\/01\/18\/confirman-que-descontaran-el-dia-a-los-empleados-estatales-nacionales-que-adhieran-al-paro-del-24\/\"},\"author\":{\"name\":\"apuntesdesanluis.com\",\"@id\":\"https:\/\/apuntesdesanluis.com\/#\/schema\/person\/b55151d52296fcce64d1a72538a70b90\"},\"headline\":\"CONFIRMAN QUE DESCONTAR\u00c1N EL D\u00cdA A LOS EMPLEADOS ESTATALES NACIONALES QUE ADHIERAN AL PARO DEL 24\",\"datePublished\":\"2024-01-18T21:33:12+00:00\",\"dateModified\":\"2024-01-18T21:33:48+00:00\",\"mainEntityOfPage\":{\"@id\":\"https:\/\/apuntesdesanluis.com\/index.php\/2024\/01\/18\/confirman-que-descontaran-el-dia-a-los-empleados-estatales-nacionales-que-adhieran-al-paro-del-24\/\"},\"wordCount\":610,\"publisher\":{\"@id\":\"https:\/\/apuntesdesanluis.com\/#\/schema\/person\/b55151d52296fcce64d1a72538a70b90\"},\"image\":{\"@id\":\"https:\/\/apuntesdesanluis.com\/index.php\/2024\/01\/18\/confirman-que-descontaran-el-dia-a-los-empleados-estatales-nacionales-que-adhieran-al-paro-del-24\/#primaryimage\"},\"thumbnailUrl\":\"https:\/\/apuntesdesanluis.com\/wp-content\/uploads\/2024\/01\/adorni-2.png\",\"articleSection\":[\"Nacionales\/Internacionales\"],\"inLanguage\":\"es-AR\"},{\"@type\":\"WebPage\",\"@id\":\"https:\/\/apuntesdesanluis.com\/index.php\/2024\/01\/18\/confirman-que-descontaran-el-dia-a-los-empleados-estatales-nacionales-que-adhieran-al-paro-del-24\/\",\"url\":\"https:\/\/apuntesdesanluis.com\/index.php\/2024\/01\/18\/confirman-que-descontaran-el-dia-a-los-empleados-estatales-nacionales-que-adhieran-al-paro-del-24\/\",\"name\":\"CONFIRMAN QUE DESCONTAR\u00c1N EL D\u00cdA A LOS EMPLEADOS ESTATALES NACIONALES QUE ADHIERAN AL PARO DEL 24 - Apuntes de San Luis\",\"isPartOf\":{\"@id\":\"https:\/\/apuntesdesanluis.com\/#website\"},\"primaryImageOfPage\":{\"@id\":\"https:\/\/apuntesdesanluis.com\/index.php\/2024\/01\/18\/confirman-que-descontaran-el-dia-a-los-empleados-estatales-nacionales-que-adhieran-al-paro-del-24\/#primaryimage\"},\"image\":{\"@id\":\"https:\/\/apuntesdesanluis.com\/index.php\/2024\/01\/18\/confirman-que-descontaran-el-dia-a-los-empleados-estatales-nacionales-que-adhieran-al-paro-del-24\/#primaryimage\"},\"thumbnailUrl\":\"https:\/\/apuntesdesanluis.com\/wp-content\/uploads\/2024\/01\/adorni-2.png\",\"datePublished\":\"2024-01-18T21:33:12+00:00\",\"dateModified\":\"2024-01-18T21:33:48+00:00\",\"breadcrumb\":{\"@id\":\"https:\/\/apuntesdesanluis.com\/index.php\/2024\/01\/18\/confirman-que-descontaran-el-dia-a-los-empleados-estatales-nacionales-que-adhieran-al-paro-del-24\/#breadcrumb\"},\"inLanguage\":\"es-AR\",\"potentialAction\":[{\"@type\":\"ReadAction\",\"target\":[\"https:\/\/apuntesdesanluis.com\/index.php\/2024\/01\/18\/confirman-que-descontaran-el-dia-a-los-empleados-estatales-nacionales-que-adhieran-al-paro-del-24\/\"]}]},{\"@type\":\"ImageObject\",\"inLanguage\":\"es-AR\",\"@id\":\"https:\/\/apuntesdesanluis.com\/index.php\/2024\/01\/18\/confirman-que-descontaran-el-dia-a-los-empleados-estatales-nacionales-que-adhieran-al-paro-del-24\/#primaryimage\",\"url\":\"https:\/\/apuntesdesanluis.com\/wp-content\/uploads\/2024\/01\/adorni-2.png\",\"contentUrl\":\"https:\/\/apuntesdesanluis.com\/wp-content\/uploads\/2024\/01\/adorni-2.png\",\"width\":721,\"height\":475},{\"@type\":\"BreadcrumbList\",\"@id\":\"https:\/\/apuntesdesanluis.com\/index.php\/2024\/01\/18\/confirman-que-descontaran-el-dia-a-los-empleados-estatales-nacionales-que-adhieran-al-paro-del-24\/#breadcrumb\",\"itemListElement\":[{\"@type\":\"ListItem\",\"position\":1,\"name\":\"Inicio\",\"item\":\"https:\/\/apuntesdesanluis.com\/\"},{\"@type\":\"ListItem\",\"position\":2,\"name\":\"CONFIRMAN QUE DESCONTAR\u00c1N EL D\u00cdA A LOS EMPLEADOS ESTATALES NACIONALES QUE ADHIERAN AL PARO DEL 24\"}]},{\"@type\":\"WebSite\",\"@id\":\"https:\/\/apuntesdesanluis.com\/#website\",\"url\":\"https:\/\/apuntesdesanluis.com\/\",\"name\":\"Apuntes de San Luis\",\"description\":\"\",\"publisher\":{\"@id\":\"https:\/\/apuntesdesanluis.com\/#\/schema\/person\/b55151d52296fcce64d1a72538a70b90\"},\"potentialAction\":[{\"@type\":\"SearchAction\",\"target\":{\"@type\":\"EntryPoint\",\"urlTemplate\":\"https:\/\/apuntesdesanluis.com\/?s={search_term_string}\"},\"query-input\":{\"@type\":\"PropertyValueSpecification\",\"valueRequired\":true,\"valueName\":\"search_term_string\"}}],\"inLanguage\":\"es-AR\"},{\"@type\":[\"Person\",\"Organization\"],\"@id\":\"https:\/\/apuntesdesanluis.com\/#\/schema\/person\/b55151d52296fcce64d1a72538a70b90\",\"name\":\"apuntesdesanluis.com\",\"image\":{\"@type\":\"ImageObject\",\"inLanguage\":\"es-AR\",\"@id\":\"https:\/\/apuntesdesanluis.com\/#\/schema\/person\/image\/\",\"url\":\"https:\/\/apuntesdesanluis.com\/wp-content\/uploads\/2023\/07\/cropped-apuntesdesanluis.png\",\"contentUrl\":\"https:\/\/apuntesdesanluis.com\/wp-content\/uploads\/2023\/07\/cropped-apuntesdesanluis.png\",\"width\":450,\"height\":112,\"caption\":\"apuntesdesanluis.com\"},\"logo\":{\"@id\":\"https:\/\/apuntesdesanluis.com\/#\/schema\/person\/image\/\"},\"sameAs\":[\"https:\/\/apuntesdesanluis.com\"],\"url\":\"https:\/\/apuntesdesanluis.com\/index.php\/author\/apuntesdesanluis-com\/\"}]}<\/script>\n<!-- \/ Yoast SEO plugin. -->","yoast_head_json":{"title":"CONFIRMAN QUE DESCONTAR\u00c1N EL D\u00cdA A LOS EMPLEADOS ESTATALES NACIONALES QUE ADHIERAN AL PARO DEL 24 - Apuntes de San Luis","robots":{"index":"index","follow":"follow","max-snippet":"max-snippet:-1","max-image-preview":"max-image-preview:large","max-video-preview":"max-video-preview:-1"},"canonical":"https:\/\/apuntesdesanluis.com\/index.php\/2024\/01\/18\/confirman-que-descontaran-el-dia-a-los-empleados-estatales-nacionales-que-adhieran-al-paro-del-24\/","og_locale":"es_ES","og_type":"article","og_title":"CONFIRMAN QUE DESCONTAR\u00c1N EL D\u00cdA A LOS EMPLEADOS ESTATALES NACIONALES QUE ADHIERAN AL PARO DEL 24 - Apuntes de San Luis","og_description":"As\u00ed lo inform\u00f3 el vocero presidencial, Manuel Adorni, durante su conferencia de prensa matutina. Adem\u00e1s,...","og_url":"https:\/\/apuntesdesanluis.com\/index.php\/2024\/01\/18\/confirman-que-descontaran-el-dia-a-los-empleados-estatales-nacionales-que-adhieran-al-paro-del-24\/","og_site_name":"Apuntes de San Luis","article_published_time":"2024-01-18T21:33:12+00:00","article_modified_time":"2024-01-18T21:33:48+00:00","og_image":[{"width":721,"height":475,"url":"https:\/\/apuntesdesanluis.com\/wp-content\/uploads\/2024\/01\/adorni-2.png","type":"image\/png"}],"author":"apuntesdesanluis.com","twitter_card":"summary_large_image","twitter_misc":{"Escrito por":"apuntesdesanluis.com","Tiempo de lectura":"3 minutos"},"schema":{"@context":"https:\/\/schema.org","@graph":[{"@type":"Article","@id":"https:\/\/apuntesdesanluis.com\/index.php\/2024\/01\/18\/confirman-que-descontaran-el-dia-a-los-empleados-estatales-nacionales-que-adhieran-al-paro-del-24\/#article","isPartOf":{"@id":"https:\/\/apuntesdesanluis.com\/index.php\/2024\/01\/18\/confirman-que-descontaran-el-dia-a-los-empleados-estatales-nacionales-que-adhieran-al-paro-del-24\/"},"author":{"name":"apuntesdesanluis.com","@id":"https:\/\/apuntesdesanluis.com\/#\/schema\/person\/b55151d52296fcce64d1a72538a70b90"},"headline":"CONFIRMAN QUE DESCONTAR\u00c1N EL D\u00cdA A LOS EMPLEADOS ESTATALES NACIONALES QUE ADHIERAN AL PARO DEL 24","datePublished":"2024-01-18T21:33:12+00:00","dateModified":"2024-01-18T21:33:48+00:00","mainEntityOfPage":{"@id":"https:\/\/apuntesdesanluis.com\/index.php\/2024\/01\/18\/confirman-que-descontaran-el-dia-a-los-empleados-estatales-nacionales-que-adhieran-al-paro-del-24\/"},"wordCount":610,"publisher":{"@id":"https:\/\/apuntesdesanluis.com\/#\/schema\/person\/b55151d52296fcce64d1a72538a70b90"},"image":{"@id":"https:\/\/apuntesdesanluis.com\/index.php\/2024\/01\/18\/confirman-que-descontaran-el-dia-a-los-empleados-estatales-nacionales-que-adhieran-al-paro-del-24\/#primaryimage"},"thumbnailUrl":"https:\/\/apuntesdesanluis.com\/wp-content\/uploads\/2024\/01\/adorni-2.png","articleSection":["Nacionales\/Internacionales"],"inLanguage":"es-AR"},{"@type":"WebPage","@id":"https:\/\/apuntesdesanluis.com\/index.php\/2024\/01\/18\/confirman-que-descontaran-el-dia-a-los-empleados-estatales-nacionales-que-adhieran-al-paro-del-24\/","url":"https:\/\/apuntesdesanluis.com\/index.php\/2024\/01\/18\/confirman-que-descontaran-el-dia-a-los-empleados-estatales-nacionales-que-adhieran-al-paro-del-24\/","name":"CONFIRMAN QUE DESCONTAR\u00c1N EL D\u00cdA A LOS EMPLEADOS ESTATALES NACIONALES QUE ADHIERAN AL PARO DEL 24 - Apuntes de San Luis","isPartOf":{"@id":"https:\/\/apuntesdesanluis.com\/#website"},"primaryImageOfPage":{"@id":"https:\/\/apuntesdesanluis.com\/index.php\/2024\/01\/18\/confirman-que-descontaran-el-dia-a-los-empleados-estatales-nacionales-que-adhieran-al-paro-del-24\/#primaryimage"},"image":{"@id":"https:\/\/apuntesdesanluis.com\/index.php\/2024\/01\/18\/confirman-que-descontaran-el-dia-a-los-empleados-estatales-nacionales-que-adhieran-al-paro-del-24\/#primaryimage"},"thumbnailUrl":"https:\/\/apuntesdesanluis.com\/wp-content\/uploads\/2024\/01\/adorni-2.png","datePublished":"2024-01-18T21:33:12+00:00","dateModified":"2024-01-18T21:33:48+00:00","breadcrumb":{"@id":"https:\/\/apuntesdesanluis.com\/index.php\/2024\/01\/18\/confirman-que-descontaran-el-dia-a-los-empleados-estatales-nacionales-que-adhieran-al-paro-del-24\/#breadcrumb"},"inLanguage":"es-AR","potentialAction":[{"@type":"ReadAction","target":["https:\/\/apuntesdesanluis.com\/index.php\/2024\/01\/18\/confirman-que-descontaran-el-dia-a-los-empleados-estatales-nacionales-que-adhieran-al-paro-del-24\/"]}]},{"@type":"ImageObject","inLanguage":"es-AR","@id":"https:\/\/apuntesdesanluis.com\/index.php\/2024\/01\/18\/confirman-que-descontaran-el-dia-a-los-empleados-estatales-nacionales-que-adhieran-al-paro-del-24\/#primaryimage","url":"https:\/\/apuntesdesanluis.com\/wp-content\/uploads\/2024\/01\/adorni-2.png","contentUrl":"https:\/\/apuntesdesanluis.com\/wp-content\/uploads\/2024\/01\/adorni-2.png","width":721,"height":475},{"@type":"BreadcrumbList","@id":"https:\/\/apuntesdesanluis.com\/index.php\/2024\/01\/18\/confirman-que-descontaran-el-dia-a-los-empleados-estatales-nacionales-que-adhieran-al-paro-del-24\/#breadcrumb","itemListElement":[{"@type":"ListItem","position":1,"name":"Inicio","item":"https:\/\/apuntesdesanluis.com\/"},{"@type":"ListItem","position":2,"name":"CONFIRMAN QUE DESCONTAR\u00c1N EL D\u00cdA A LOS EMPLEADOS ESTATALES NACIONALES QUE ADHIERAN AL PARO DEL 24"}]},{"@type":"WebSite","@id":"https:\/\/apuntesdesanluis.com\/#website","url":"https:\/\/apuntesdesanluis.com\/","name":"Apuntes de San Luis","description":"","publisher":{"@id":"https:\/\/apuntesdesanluis.com\/#\/schema\/person\/b55151d52296fcce64d1a72538a70b90"},"potentialAction":[{"@type":"SearchAction","target":{"@type":"EntryPoint","urlTemplate":"https:\/\/apuntesdesanluis.com\/?s={search_term_string}"},"query-input":{"@type":"PropertyValueSpecification","valueRequired":true,"valueName":"search_term_string"}}],"inLanguage":"es-AR"},{"@type":["Person","Organization"],"@id":"https:\/\/apuntesdesanluis.com\/#\/schema\/person\/b55151d52296fcce64d1a72538a70b90","name":"apuntesdesanluis.com","image":{"@type":"ImageObject","inLanguage":"es-AR","@id":"https:\/\/apuntesdesanluis.com\/#\/schema\/person\/image\/","url":"https:\/\/apuntesdesanluis.com\/wp-content\/uploads\/2023\/07\/cropped-apuntesdesanluis.png","contentUrl":"https:\/\/apuntesdesanluis.com\/wp-content\/uploads\/2023\/07\/cropped-apuntesdesanluis.png","width":450,"height":112,"caption":"apuntesdesanluis.com"},"logo":{"@id":"https:\/\/apuntesdesanluis.com\/#\/schema\/person\/image\/"},"sameAs":["https:\/\/apuntesdesanluis.com"],"url":"https:\/\/apuntesdesanluis.com\/index.php\/author\/apuntesdesanluis-com\/"}]}},"featured_image_urls":{"full":["https:\/\/apuntesdesanluis.com\/wp-content\/uploads\/2024\/01\/adorni-2.png",721,475,false],"thumbnail":["https:\/\/apuntesdesanluis.com\/wp-content\/uploads\/2024\/01\/adorni-2-150x150.png",150,150,true],"medium":["https:\/\/apuntesdesanluis.com\/wp-content\/uploads\/2024\/01\/adorni-2-300x198.png",300,198,true],"medium_large":["https:\/\/apuntesdesanluis.com\/wp-content\/uploads\/2024\/01\/adorni-2.png",640,422,false],"large":["https:\/\/apuntesdesanluis.com\/wp-content\/uploads\/2024\/01\/adorni-2.png",640,422,false],"1536x1536":["https:\/\/apuntesdesanluis.com\/wp-content\/uploads\/2024\/01\/adorni-2.png",721,475,false],"2048x2048":["https:\/\/apuntesdesanluis.com\/wp-content\/uploads\/2024\/01\/adorni-2.png",721,475,false],"newsever-slider-full":["https:\/\/apuntesdesanluis.com\/wp-content\/uploads\/2024\/01\/adorni-2.png",721,475,false],"newsever-featured":["https:\/\/apuntesdesanluis.com\/wp-content\/uploads\/2024\/01\/adorni-2.png",721,475,false],"newsever-medium":["https:\/\/apuntesdesanluis.com\/wp-content\/uploads\/2024\/01\/adorni-2.png",720,474,false]},"author_info":{"display_name":"apuntesdesanluis.com","author_link":"https:\/\/apuntesdesanluis.com\/index.php\/author\/apuntesdesanluis-com\/"},"category_info":"<a href=\"https:\/\/apuntesdesanluis.com\/index.php\/category\/nacionales-internacionales\/\" rel=\"category tag\">Nacionales\/Internacionales<\/a>","tag_info":"Nacionales\/Internacionales","comment_count":"0","_links":{"self":[{"href":"https:\/\/apuntesdesanluis.com\/index.php\/wp-json\/wp\/v2\/posts\/10325","targetHints":{"allow":["GET"]}}],"collection":[{"href":"https:\/\/apuntesdesanluis.com\/index.php\/wp-json\/wp\/v2\/posts"}],"about":[{"href":"https:\/\/apuntesdesanluis.com\/index.php\/wp-json\/wp\/v2\/types\/post"}],"author":[{"embeddable":true,"href":"https:\/\/apuntesdesanluis.com\/index.php\/wp-json\/wp\/v2\/users\/1"}],"replies":[{"embeddable":true,"href":"https:\/\/apuntesdesanluis.com\/index.php\/wp-json\/wp\/v2\/comments?post=10325"}],"version-history":[{"count":3,"href":"https:\/\/apuntesdesanluis.com\/index.php\/wp-json\/wp\/v2\/posts\/10325\/revisions"}],"predecessor-version":[{"id":10329,"href":"https:\/\/apuntesdesanluis.com\/index.php\/wp-json\/wp\/v2\/posts\/10325\/revisions\/10329"}],"wp:featuredmedia":[{"embeddable":true,"href":"https:\/\/apuntesdesanluis.com\/index.php\/wp-json\/wp\/v2\/media\/10326"}],"wp:attachment":[{"href":"https:\/\/apuntesdesanluis.com\/index.php\/wp-json\/wp\/v2\/media?parent=10325"}],"wp:term":[{"taxonomy":"category","embeddable":true,"href":"https:\/\/apuntesdesanluis.com\/index.php\/wp-json\/wp\/v2\/categories?post=10325"},{"taxonomy":"post_tag","embeddable":true,"href":"https:\/\/apuntesdesanluis.com\/index.php\/wp-json\/wp\/v2\/tags?post=10325"}],"curies":[{"name":"wp","href":"https:\/\/api.w.org\/{rel}","templated":true}]}}