{"id":10346,"date":"2024-01-18T19:23:50","date_gmt":"2024-01-18T22:23:50","guid":{"rendered":"https:\/\/apuntesdesanluis.com\/?p=10346"},"modified":"2024-01-18T19:23:50","modified_gmt":"2024-01-18T22:23:50","slug":"la-justicia-mantiene-la-suspension-de-la-reforma-laboral-y-el-gobierno-se-enreda-en-un-laberinto-judicial","status":"publish","type":"post","link":"https:\/\/apuntesdesanluis.com\/index.php\/2024\/01\/18\/la-justicia-mantiene-la-suspension-de-la-reforma-laboral-y-el-gobierno-se-enreda-en-un-laberinto-judicial\/","title":{"rendered":"LA JUSTICIA MANTIENE LA SUSPENSI\u00d3N DE LA REFORMA LABORAL Y EL GOBIERNO SE ENREDA EN UN LABERINTO JUDICIAL"},"content":{"rendered":"<h3>La <strong>C\u00e1mara de Apelaciones del Fuero Laboral<\/strong>, en feria, acept\u00f3 el recurso extraordinario presentado por el Gobierno. Lo que significa que los art\u00edculos de la reforma laboral seguir\u00e1n suspendidos hasta que los trate la <strong>Corte Suprema<\/strong>.<\/h3>\n<h3>El Gobierno, mediante la Procuraci\u00f3n del Tesoro, hab\u00eda presentado d\u00edas atr\u00e1s un planteo en el que rechazaba la suspensi\u00f3n del cap\u00edtulo laboral del DNU de desregulaci\u00f3n econ\u00f3mica de Javier Milei con un pedido para que se le conceda un recurso extraordinario. El Gobierno logr\u00f3 que la C\u00e1mara le conceda esa herramienta que mete a la Corte en la discusi\u00f3n, pero no logr\u00f3 que se revoque la cautelar que mantiene suspendida las medidas.<\/h3>\n<h3>&#8220;Desde el punto de vista formal, el recurso debe ser concedido, pues ha sido interpuesto en tiempo y forma, y existe cuesti\u00f3n federal por cuanto la validez y legitimidad de un decreto de necesidad y urgencia \u2013es decir una figura aceptada por nuestra Constituci\u00f3n Nacional&#8221;, dice la resoluci\u00f3n de la C\u00e1mara de Apelaciones integrada por los jueces de feria Carlos Pose y Alejandro Sudera.<\/h3>\n<h3>Para ambos camaristas, &#8220;existen razones de gravedad institucional que legitiman la intervenci\u00f3n del Superior por encontrarse afectado el funcionamiento de las instituciones jur\u00eddicas y la eficacia de un medio t\u00e9cnico que permite al Poder Ejecutivo emitir mandas de car\u00e1cter legislativo que tienen eficacia inmediata salvo que sean dejadas sin efecto por el Congreso de la Naci\u00f3n&#8221;.<\/h3>\n<h3><strong>LA EXPECTATIVA, AHORA EN LA CORTE<\/strong><\/h3>\n<h3>As\u00ed las cosas, ahora la definici\u00f3n pasa a estar en manos de la Corte Suprema, que ya tiene presentada una acci\u00f3n de amparo promovida por el Gobierno de La Rioja que ser\u00e1 tratada una vez que termine la feria. Pero con la decisi\u00f3n de este jueves, la Corte podr\u00eda pronunciarse en los pr\u00f3ximos d\u00edas, aun durante la feria.<\/h3>\n<p><img fetchpriority=\"high\" decoding=\"async\" class=\"wp-image-9265 aligncenter\" src=\"https:\/\/apuntesdesanluis.com\/wp-content\/uploads\/2023\/12\/CORTE-SUPREMA-300x170.png\" alt=\"\" width=\"598\" height=\"339\" srcset=\"https:\/\/apuntesdesanluis.com\/wp-content\/uploads\/2023\/12\/CORTE-SUPREMA-300x170.png 300w, https:\/\/apuntesdesanluis.com\/wp-content\/uploads\/2023\/12\/CORTE-SUPREMA.png 600w\" sizes=\"(max-width: 598px) 100vw, 598px\" \/><\/p>\n<h3>El M\u00e1ximo Tribunal podr\u00eda tratar los planteos suspensivos pronunci\u00e1ndose a favor o en contra de la suspensi\u00f3n del cap\u00edtulo laboral o bien definir que ser\u00e1 tratado despu\u00e9s de la feria en sinton\u00eda con el caso La Rioja.<\/h3>\n<h3>En su planteo el Gobierno hab\u00eda cuestionado la sentencia que dej\u00f3 sin efecto el cap\u00edtulo laboral del DNU al sostener que la resoluci\u00f3n que lo defini\u00f3 &#8220;importa una grave afectaci\u00f3n al &#8216;principio de divisi\u00f3n de poderes'&#8221;.<\/h3>\n<h3>Ello, &#8220;puesto que se entromete en competencias propias de los restantes Poderes del Estado y, principalmente, impide que el Estado vele por los derechos e intereses la poblaci\u00f3n argentina, lo que implica la violaci\u00f3n de las cl\u00e1usulas constitucionales dispuestas en los art\u00edculos&#8221;.<\/h3>\n<h3>&#8220;La sentencia suspendi\u00f3 los efectos de una norma que tiene jerarqu\u00eda de ley, en desmedro de la poblaci\u00f3n argentina, en un marco que adquiere especial relevancia en raz\u00f3n de la crisis econ\u00f3mica que atraviesa el pa\u00eds. Constituye, una clara intromisi\u00f3n en las facultades de los restantes poderes, pues adem\u00e1s de suspender los efectos de la norma sin justificativo alguno para ello -porque la actora no acredit\u00f3 cu\u00e1l es el supuesto perjuicio- la C\u00e1mara omiti\u00f3 que el DNU se encuentra bajo el control del Honorable Congreso de la Naci\u00f3n (cfr. Ley 26.122) \u00f3rgano que en definitiva se expedir\u00e1 sobre las razones de necesidad y urgencia, as\u00ed como la validez o no de la norma, sin perjuicio de que el DNU se encuentra en debate ante el plenario de la C\u00e1mara de Diputados&#8221;, dice un fragmento de la presentaci\u00f3n.<\/h3>\n<p>&nbsp;<\/p>\n<p>&nbsp;<\/p>\n<p>&nbsp;<\/p>\n","protected":false},"excerpt":{"rendered":"<p>La C\u00e1mara de Apelaciones del Fuero Laboral, en feria, acept\u00f3 el recurso extraordinario presentado por&#8230;<\/p>\n","protected":false},"author":1,"featured_media":10347,"comment_status":"closed","ping_status":"closed","sticky":false,"template":"","format":"standard","meta":{"footnotes":""},"categories":[5],"tags":[],"class_list":["post-10346","post","type-post","status-publish","format-standard","has-post-thumbnail","hentry","category-nacionales-internacionales"],"yoast_head":"<!-- This site is optimized with the Yoast SEO plugin v26.1.1 - https:\/\/yoast.com\/wordpress\/plugins\/seo\/ -->\n<title>LA JUSTICIA MANTIENE LA SUSPENSI\u00d3N DE LA REFORMA LABORAL Y EL GOBIERNO SE ENREDA EN UN LABERINTO JUDICIAL - Apuntes de San Luis<\/title>\n<meta name=\"robots\" content=\"index, follow, max-snippet:-1, max-image-preview:large, max-video-preview:-1\" \/>\n<link rel=\"canonical\" href=\"https:\/\/apuntesdesanluis.com\/index.php\/2024\/01\/18\/la-justicia-mantiene-la-suspension-de-la-reforma-laboral-y-el-gobierno-se-enreda-en-un-laberinto-judicial\/\" \/>\n<meta property=\"og:locale\" content=\"es_ES\" \/>\n<meta property=\"og:type\" content=\"article\" \/>\n<meta property=\"og:title\" content=\"LA JUSTICIA MANTIENE LA SUSPENSI\u00d3N DE LA REFORMA LABORAL Y EL GOBIERNO SE ENREDA EN UN LABERINTO JUDICIAL - Apuntes de San Luis\" \/>\n<meta property=\"og:description\" content=\"La C\u00e1mara de Apelaciones del Fuero Laboral, en feria, acept\u00f3 el recurso extraordinario presentado por...\" \/>\n<meta property=\"og:url\" content=\"https:\/\/apuntesdesanluis.com\/index.php\/2024\/01\/18\/la-justicia-mantiene-la-suspension-de-la-reforma-laboral-y-el-gobierno-se-enreda-en-un-laberinto-judicial\/\" \/>\n<meta property=\"og:site_name\" content=\"Apuntes de San Luis\" \/>\n<meta property=\"article:published_time\" content=\"2024-01-18T22:23:50+00:00\" \/>\n<meta property=\"og:image\" content=\"https:\/\/apuntesdesanluis.com\/wp-content\/uploads\/2024\/01\/MILEI-7.png\" \/>\n\t<meta property=\"og:image:width\" content=\"702\" \/>\n\t<meta property=\"og:image:height\" content=\"434\" \/>\n\t<meta property=\"og:image:type\" content=\"image\/png\" \/>\n<meta name=\"author\" content=\"apuntesdesanluis.com\" \/>\n<meta name=\"twitter:card\" content=\"summary_large_image\" \/>\n<meta name=\"twitter:label1\" content=\"Escrito por\" \/>\n\t<meta name=\"twitter:data1\" content=\"apuntesdesanluis.com\" \/>\n\t<meta name=\"twitter:label2\" content=\"Tiempo de lectura\" \/>\n\t<meta name=\"twitter:data2\" content=\"3 minutos\" \/>\n<script type=\"application\/ld+json\" class=\"yoast-schema-graph\">{\"@context\":\"https:\/\/schema.org\",\"@graph\":[{\"@type\":\"Article\",\"@id\":\"https:\/\/apuntesdesanluis.com\/index.php\/2024\/01\/18\/la-justicia-mantiene-la-suspension-de-la-reforma-laboral-y-el-gobierno-se-enreda-en-un-laberinto-judicial\/#article\",\"isPartOf\":{\"@id\":\"https:\/\/apuntesdesanluis.com\/index.php\/2024\/01\/18\/la-justicia-mantiene-la-suspension-de-la-reforma-laboral-y-el-gobierno-se-enreda-en-un-laberinto-judicial\/\"},\"author\":{\"name\":\"apuntesdesanluis.com\",\"@id\":\"https:\/\/apuntesdesanluis.com\/#\/schema\/person\/b55151d52296fcce64d1a72538a70b90\"},\"headline\":\"LA JUSTICIA MANTIENE LA SUSPENSI\u00d3N DE LA REFORMA LABORAL Y EL GOBIERNO SE ENREDA EN UN LABERINTO JUDICIAL\",\"datePublished\":\"2024-01-18T22:23:50+00:00\",\"mainEntityOfPage\":{\"@id\":\"https:\/\/apuntesdesanluis.com\/index.php\/2024\/01\/18\/la-justicia-mantiene-la-suspension-de-la-reforma-laboral-y-el-gobierno-se-enreda-en-un-laberinto-judicial\/\"},\"wordCount\":621,\"publisher\":{\"@id\":\"https:\/\/apuntesdesanluis.com\/#\/schema\/person\/b55151d52296fcce64d1a72538a70b90\"},\"image\":{\"@id\":\"https:\/\/apuntesdesanluis.com\/index.php\/2024\/01\/18\/la-justicia-mantiene-la-suspension-de-la-reforma-laboral-y-el-gobierno-se-enreda-en-un-laberinto-judicial\/#primaryimage\"},\"thumbnailUrl\":\"https:\/\/apuntesdesanluis.com\/wp-content\/uploads\/2024\/01\/MILEI-7.png\",\"articleSection\":[\"Nacionales\/Internacionales\"],\"inLanguage\":\"es-AR\"},{\"@type\":\"WebPage\",\"@id\":\"https:\/\/apuntesdesanluis.com\/index.php\/2024\/01\/18\/la-justicia-mantiene-la-suspension-de-la-reforma-laboral-y-el-gobierno-se-enreda-en-un-laberinto-judicial\/\",\"url\":\"https:\/\/apuntesdesanluis.com\/index.php\/2024\/01\/18\/la-justicia-mantiene-la-suspension-de-la-reforma-laboral-y-el-gobierno-se-enreda-en-un-laberinto-judicial\/\",\"name\":\"LA JUSTICIA MANTIENE LA SUSPENSI\u00d3N DE LA REFORMA LABORAL Y EL GOBIERNO SE ENREDA EN UN LABERINTO JUDICIAL - Apuntes de San Luis\",\"isPartOf\":{\"@id\":\"https:\/\/apuntesdesanluis.com\/#website\"},\"primaryImageOfPage\":{\"@id\":\"https:\/\/apuntesdesanluis.com\/index.php\/2024\/01\/18\/la-justicia-mantiene-la-suspension-de-la-reforma-laboral-y-el-gobierno-se-enreda-en-un-laberinto-judicial\/#primaryimage\"},\"image\":{\"@id\":\"https:\/\/apuntesdesanluis.com\/index.php\/2024\/01\/18\/la-justicia-mantiene-la-suspension-de-la-reforma-laboral-y-el-gobierno-se-enreda-en-un-laberinto-judicial\/#primaryimage\"},\"thumbnailUrl\":\"https:\/\/apuntesdesanluis.com\/wp-content\/uploads\/2024\/01\/MILEI-7.png\",\"datePublished\":\"2024-01-18T22:23:50+00:00\",\"breadcrumb\":{\"@id\":\"https:\/\/apuntesdesanluis.com\/index.php\/2024\/01\/18\/la-justicia-mantiene-la-suspension-de-la-reforma-laboral-y-el-gobierno-se-enreda-en-un-laberinto-judicial\/#breadcrumb\"},\"inLanguage\":\"es-AR\",\"potentialAction\":[{\"@type\":\"ReadAction\",\"target\":[\"https:\/\/apuntesdesanluis.com\/index.php\/2024\/01\/18\/la-justicia-mantiene-la-suspension-de-la-reforma-laboral-y-el-gobierno-se-enreda-en-un-laberinto-judicial\/\"]}]},{\"@type\":\"ImageObject\",\"inLanguage\":\"es-AR\",\"@id\":\"https:\/\/apuntesdesanluis.com\/index.php\/2024\/01\/18\/la-justicia-mantiene-la-suspension-de-la-reforma-laboral-y-el-gobierno-se-enreda-en-un-laberinto-judicial\/#primaryimage\",\"url\":\"https:\/\/apuntesdesanluis.com\/wp-content\/uploads\/2024\/01\/MILEI-7.png\",\"contentUrl\":\"https:\/\/apuntesdesanluis.com\/wp-content\/uploads\/2024\/01\/MILEI-7.png\",\"width\":702,\"height\":434},{\"@type\":\"BreadcrumbList\",\"@id\":\"https:\/\/apuntesdesanluis.com\/index.php\/2024\/01\/18\/la-justicia-mantiene-la-suspension-de-la-reforma-laboral-y-el-gobierno-se-enreda-en-un-laberinto-judicial\/#breadcrumb\",\"itemListElement\":[{\"@type\":\"ListItem\",\"position\":1,\"name\":\"Inicio\",\"item\":\"https:\/\/apuntesdesanluis.com\/\"},{\"@type\":\"ListItem\",\"position\":2,\"name\":\"LA JUSTICIA MANTIENE LA SUSPENSI\u00d3N DE LA REFORMA LABORAL Y EL GOBIERNO SE ENREDA EN UN LABERINTO JUDICIAL\"}]},{\"@type\":\"WebSite\",\"@id\":\"https:\/\/apuntesdesanluis.com\/#website\",\"url\":\"https:\/\/apuntesdesanluis.com\/\",\"name\":\"Apuntes de San Luis\",\"description\":\"\",\"publisher\":{\"@id\":\"https:\/\/apuntesdesanluis.com\/#\/schema\/person\/b55151d52296fcce64d1a72538a70b90\"},\"potentialAction\":[{\"@type\":\"SearchAction\",\"target\":{\"@type\":\"EntryPoint\",\"urlTemplate\":\"https:\/\/apuntesdesanluis.com\/?s={search_term_string}\"},\"query-input\":{\"@type\":\"PropertyValueSpecification\",\"valueRequired\":true,\"valueName\":\"search_term_string\"}}],\"inLanguage\":\"es-AR\"},{\"@type\":[\"Person\",\"Organization\"],\"@id\":\"https:\/\/apuntesdesanluis.com\/#\/schema\/person\/b55151d52296fcce64d1a72538a70b90\",\"name\":\"apuntesdesanluis.com\",\"image\":{\"@type\":\"ImageObject\",\"inLanguage\":\"es-AR\",\"@id\":\"https:\/\/apuntesdesanluis.com\/#\/schema\/person\/image\/\",\"url\":\"https:\/\/apuntesdesanluis.com\/wp-content\/uploads\/2023\/07\/cropped-apuntesdesanluis.png\",\"contentUrl\":\"https:\/\/apuntesdesanluis.com\/wp-content\/uploads\/2023\/07\/cropped-apuntesdesanluis.png\",\"width\":450,\"height\":112,\"caption\":\"apuntesdesanluis.com\"},\"logo\":{\"@id\":\"https:\/\/apuntesdesanluis.com\/#\/schema\/person\/image\/\"},\"sameAs\":[\"https:\/\/apuntesdesanluis.com\"],\"url\":\"https:\/\/apuntesdesanluis.com\/index.php\/author\/apuntesdesanluis-com\/\"}]}<\/script>\n<!-- \/ Yoast SEO plugin. -->","yoast_head_json":{"title":"LA JUSTICIA MANTIENE LA SUSPENSI\u00d3N DE LA REFORMA LABORAL Y EL GOBIERNO SE ENREDA EN UN LABERINTO JUDICIAL - Apuntes de San Luis","robots":{"index":"index","follow":"follow","max-snippet":"max-snippet:-1","max-image-preview":"max-image-preview:large","max-video-preview":"max-video-preview:-1"},"canonical":"https:\/\/apuntesdesanluis.com\/index.php\/2024\/01\/18\/la-justicia-mantiene-la-suspension-de-la-reforma-laboral-y-el-gobierno-se-enreda-en-un-laberinto-judicial\/","og_locale":"es_ES","og_type":"article","og_title":"LA JUSTICIA MANTIENE LA SUSPENSI\u00d3N DE LA REFORMA LABORAL Y EL GOBIERNO SE ENREDA EN UN LABERINTO JUDICIAL - Apuntes de San Luis","og_description":"La C\u00e1mara de Apelaciones del Fuero Laboral, en feria, acept\u00f3 el recurso extraordinario presentado por...","og_url":"https:\/\/apuntesdesanluis.com\/index.php\/2024\/01\/18\/la-justicia-mantiene-la-suspension-de-la-reforma-laboral-y-el-gobierno-se-enreda-en-un-laberinto-judicial\/","og_site_name":"Apuntes de San Luis","article_published_time":"2024-01-18T22:23:50+00:00","og_image":[{"width":702,"height":434,"url":"https:\/\/apuntesdesanluis.com\/wp-content\/uploads\/2024\/01\/MILEI-7.png","type":"image\/png"}],"author":"apuntesdesanluis.com","twitter_card":"summary_large_image","twitter_misc":{"Escrito por":"apuntesdesanluis.com","Tiempo de lectura":"3 minutos"},"schema":{"@context":"https:\/\/schema.org","@graph":[{"@type":"Article","@id":"https:\/\/apuntesdesanluis.com\/index.php\/2024\/01\/18\/la-justicia-mantiene-la-suspension-de-la-reforma-laboral-y-el-gobierno-se-enreda-en-un-laberinto-judicial\/#article","isPartOf":{"@id":"https:\/\/apuntesdesanluis.com\/index.php\/2024\/01\/18\/la-justicia-mantiene-la-suspension-de-la-reforma-laboral-y-el-gobierno-se-enreda-en-un-laberinto-judicial\/"},"author":{"name":"apuntesdesanluis.com","@id":"https:\/\/apuntesdesanluis.com\/#\/schema\/person\/b55151d52296fcce64d1a72538a70b90"},"headline":"LA JUSTICIA MANTIENE LA SUSPENSI\u00d3N DE LA REFORMA LABORAL Y EL GOBIERNO SE ENREDA EN UN LABERINTO JUDICIAL","datePublished":"2024-01-18T22:23:50+00:00","mainEntityOfPage":{"@id":"https:\/\/apuntesdesanluis.com\/index.php\/2024\/01\/18\/la-justicia-mantiene-la-suspension-de-la-reforma-laboral-y-el-gobierno-se-enreda-en-un-laberinto-judicial\/"},"wordCount":621,"publisher":{"@id":"https:\/\/apuntesdesanluis.com\/#\/schema\/person\/b55151d52296fcce64d1a72538a70b90"},"image":{"@id":"https:\/\/apuntesdesanluis.com\/index.php\/2024\/01\/18\/la-justicia-mantiene-la-suspension-de-la-reforma-laboral-y-el-gobierno-se-enreda-en-un-laberinto-judicial\/#primaryimage"},"thumbnailUrl":"https:\/\/apuntesdesanluis.com\/wp-content\/uploads\/2024\/01\/MILEI-7.png","articleSection":["Nacionales\/Internacionales"],"inLanguage":"es-AR"},{"@type":"WebPage","@id":"https:\/\/apuntesdesanluis.com\/index.php\/2024\/01\/18\/la-justicia-mantiene-la-suspension-de-la-reforma-laboral-y-el-gobierno-se-enreda-en-un-laberinto-judicial\/","url":"https:\/\/apuntesdesanluis.com\/index.php\/2024\/01\/18\/la-justicia-mantiene-la-suspension-de-la-reforma-laboral-y-el-gobierno-se-enreda-en-un-laberinto-judicial\/","name":"LA JUSTICIA MANTIENE LA SUSPENSI\u00d3N DE LA REFORMA LABORAL Y EL GOBIERNO SE ENREDA EN UN LABERINTO JUDICIAL - Apuntes de San Luis","isPartOf":{"@id":"https:\/\/apuntesdesanluis.com\/#website"},"primaryImageOfPage":{"@id":"https:\/\/apuntesdesanluis.com\/index.php\/2024\/01\/18\/la-justicia-mantiene-la-suspension-de-la-reforma-laboral-y-el-gobierno-se-enreda-en-un-laberinto-judicial\/#primaryimage"},"image":{"@id":"https:\/\/apuntesdesanluis.com\/index.php\/2024\/01\/18\/la-justicia-mantiene-la-suspension-de-la-reforma-laboral-y-el-gobierno-se-enreda-en-un-laberinto-judicial\/#primaryimage"},"thumbnailUrl":"https:\/\/apuntesdesanluis.com\/wp-content\/uploads\/2024\/01\/MILEI-7.png","datePublished":"2024-01-18T22:23:50+00:00","breadcrumb":{"@id":"https:\/\/apuntesdesanluis.com\/index.php\/2024\/01\/18\/la-justicia-mantiene-la-suspension-de-la-reforma-laboral-y-el-gobierno-se-enreda-en-un-laberinto-judicial\/#breadcrumb"},"inLanguage":"es-AR","potentialAction":[{"@type":"ReadAction","target":["https:\/\/apuntesdesanluis.com\/index.php\/2024\/01\/18\/la-justicia-mantiene-la-suspension-de-la-reforma-laboral-y-el-gobierno-se-enreda-en-un-laberinto-judicial\/"]}]},{"@type":"ImageObject","inLanguage":"es-AR","@id":"https:\/\/apuntesdesanluis.com\/index.php\/2024\/01\/18\/la-justicia-mantiene-la-suspension-de-la-reforma-laboral-y-el-gobierno-se-enreda-en-un-laberinto-judicial\/#primaryimage","url":"https:\/\/apuntesdesanluis.com\/wp-content\/uploads\/2024\/01\/MILEI-7.png","contentUrl":"https:\/\/apuntesdesanluis.com\/wp-content\/uploads\/2024\/01\/MILEI-7.png","width":702,"height":434},{"@type":"BreadcrumbList","@id":"https:\/\/apuntesdesanluis.com\/index.php\/2024\/01\/18\/la-justicia-mantiene-la-suspension-de-la-reforma-laboral-y-el-gobierno-se-enreda-en-un-laberinto-judicial\/#breadcrumb","itemListElement":[{"@type":"ListItem","position":1,"name":"Inicio","item":"https:\/\/apuntesdesanluis.com\/"},{"@type":"ListItem","position":2,"name":"LA JUSTICIA MANTIENE LA SUSPENSI\u00d3N DE LA REFORMA LABORAL Y EL GOBIERNO SE ENREDA EN UN LABERINTO JUDICIAL"}]},{"@type":"WebSite","@id":"https:\/\/apuntesdesanluis.com\/#website","url":"https:\/\/apuntesdesanluis.com\/","name":"Apuntes de San Luis","description":"","publisher":{"@id":"https:\/\/apuntesdesanluis.com\/#\/schema\/person\/b55151d52296fcce64d1a72538a70b90"},"potentialAction":[{"@type":"SearchAction","target":{"@type":"EntryPoint","urlTemplate":"https:\/\/apuntesdesanluis.com\/?s={search_term_string}"},"query-input":{"@type":"PropertyValueSpecification","valueRequired":true,"valueName":"search_term_string"}}],"inLanguage":"es-AR"},{"@type":["Person","Organization"],"@id":"https:\/\/apuntesdesanluis.com\/#\/schema\/person\/b55151d52296fcce64d1a72538a70b90","name":"apuntesdesanluis.com","image":{"@type":"ImageObject","inLanguage":"es-AR","@id":"https:\/\/apuntesdesanluis.com\/#\/schema\/person\/image\/","url":"https:\/\/apuntesdesanluis.com\/wp-content\/uploads\/2023\/07\/cropped-apuntesdesanluis.png","contentUrl":"https:\/\/apuntesdesanluis.com\/wp-content\/uploads\/2023\/07\/cropped-apuntesdesanluis.png","width":450,"height":112,"caption":"apuntesdesanluis.com"},"logo":{"@id":"https:\/\/apuntesdesanluis.com\/#\/schema\/person\/image\/"},"sameAs":["https:\/\/apuntesdesanluis.com"],"url":"https:\/\/apuntesdesanluis.com\/index.php\/author\/apuntesdesanluis-com\/"}]}},"featured_image_urls":{"full":["https:\/\/apuntesdesanluis.com\/wp-content\/uploads\/2024\/01\/MILEI-7.png",702,434,false],"thumbnail":["https:\/\/apuntesdesanluis.com\/wp-content\/uploads\/2024\/01\/MILEI-7-150x150.png",150,150,true],"medium":["https:\/\/apuntesdesanluis.com\/wp-content\/uploads\/2024\/01\/MILEI-7-300x185.png",300,185,true],"medium_large":["https:\/\/apuntesdesanluis.com\/wp-content\/uploads\/2024\/01\/MILEI-7.png",640,396,false],"large":["https:\/\/apuntesdesanluis.com\/wp-content\/uploads\/2024\/01\/MILEI-7.png",640,396,false],"1536x1536":["https:\/\/apuntesdesanluis.com\/wp-content\/uploads\/2024\/01\/MILEI-7.png",702,434,false],"2048x2048":["https:\/\/apuntesdesanluis.com\/wp-content\/uploads\/2024\/01\/MILEI-7.png",702,434,false],"newsever-slider-full":["https:\/\/apuntesdesanluis.com\/wp-content\/uploads\/2024\/01\/MILEI-7.png",702,434,false],"newsever-featured":["https:\/\/apuntesdesanluis.com\/wp-content\/uploads\/2024\/01\/MILEI-7.png",702,434,false],"newsever-medium":["https:\/\/apuntesdesanluis.com\/wp-content\/uploads\/2024\/01\/MILEI-7.png",702,434,false]},"author_info":{"display_name":"apuntesdesanluis.com","author_link":"https:\/\/apuntesdesanluis.com\/index.php\/author\/apuntesdesanluis-com\/"},"category_info":"<a href=\"https:\/\/apuntesdesanluis.com\/index.php\/category\/nacionales-internacionales\/\" rel=\"category tag\">Nacionales\/Internacionales<\/a>","tag_info":"Nacionales\/Internacionales","comment_count":"0","_links":{"self":[{"href":"https:\/\/apuntesdesanluis.com\/index.php\/wp-json\/wp\/v2\/posts\/10346","targetHints":{"allow":["GET"]}}],"collection":[{"href":"https:\/\/apuntesdesanluis.com\/index.php\/wp-json\/wp\/v2\/posts"}],"about":[{"href":"https:\/\/apuntesdesanluis.com\/index.php\/wp-json\/wp\/v2\/types\/post"}],"author":[{"embeddable":true,"href":"https:\/\/apuntesdesanluis.com\/index.php\/wp-json\/wp\/v2\/users\/1"}],"replies":[{"embeddable":true,"href":"https:\/\/apuntesdesanluis.com\/index.php\/wp-json\/wp\/v2\/comments?post=10346"}],"version-history":[{"count":1,"href":"https:\/\/apuntesdesanluis.com\/index.php\/wp-json\/wp\/v2\/posts\/10346\/revisions"}],"predecessor-version":[{"id":10348,"href":"https:\/\/apuntesdesanluis.com\/index.php\/wp-json\/wp\/v2\/posts\/10346\/revisions\/10348"}],"wp:featuredmedia":[{"embeddable":true,"href":"https:\/\/apuntesdesanluis.com\/index.php\/wp-json\/wp\/v2\/media\/10347"}],"wp:attachment":[{"href":"https:\/\/apuntesdesanluis.com\/index.php\/wp-json\/wp\/v2\/media?parent=10346"}],"wp:term":[{"taxonomy":"category","embeddable":true,"href":"https:\/\/apuntesdesanluis.com\/index.php\/wp-json\/wp\/v2\/categories?post=10346"},{"taxonomy":"post_tag","embeddable":true,"href":"https:\/\/apuntesdesanluis.com\/index.php\/wp-json\/wp\/v2\/tags?post=10346"}],"curies":[{"name":"wp","href":"https:\/\/api.w.org\/{rel}","templated":true}]}}