{"id":10357,"date":"2024-01-18T19:55:10","date_gmt":"2024-01-18T22:55:10","guid":{"rendered":"https:\/\/apuntesdesanluis.com\/?p=10357"},"modified":"2024-01-18T19:55:10","modified_gmt":"2024-01-18T22:55:10","slug":"la-defensoria-del-pueblo-de-la-nacion-se-pronuncio-contra-los-aumentos-de-las-prepagas","status":"publish","type":"post","link":"https:\/\/apuntesdesanluis.com\/index.php\/2024\/01\/18\/la-defensoria-del-pueblo-de-la-nacion-se-pronuncio-contra-los-aumentos-de-las-prepagas\/","title":{"rendered":"LA DEFENSOR\u00cdA DEL PUEBLO DE LA NACI\u00d3N SE PRONUNCI\u00d3 CONTRA LOS AUMENTOS DE LAS PREPAGAS"},"content":{"rendered":"<h3>El pronunciamiento del ente se produjo luego de que las principales empresas del sector anunciaron subas muy elevadas y coordinadas en las cuotas los meses de enero y febrero. Algunos de sus directivos llegaron a admitir que est\u00e1n dispuestos a perder afiliados en caso de que no puedan las cuotas.<\/h3>\n<h3>La <strong>Defensor\u00eda del Pueblo de la Naci\u00f3n<\/strong> (DPNA) expres\u00f3 este jueves su preocupaci\u00f3n por los \u00faltimos aumentos que han impuesto de manera coordinada las empresas de medicina prepaga y advirti\u00f3 que &#8220;este panorama pone en riesgo el acceso a la atenci\u00f3n m\u00e9dica&#8221;, especialmente a los jubilados.<\/h3>\n<h3>El organismo puso como ejemplo la situaci\u00f3n de las personas adultas mayores, quienes, &#8220;con una jubilaci\u00f3n insuficiente y sin posibilidad de elegir otra alternativa prestacional, est\u00e1n siendo indirectamente obligados a salir del sistema&#8221;.<\/h3>\n<h3><strong>LOS ARGUMENTOS<\/strong><\/h3>\n<h3>&#8220;Es en ese estadio de la vida cuando m\u00e1s atenci\u00f3n requieren del mismo pues, por lo general, todos requerimos ese auxilio en el nacimiento\/ni\u00f1ez y en la \u00faltima etapa de la vida; o sea, durante la mayor parte de la vida el sistema es poco requerido y consecuentemente no le ocasiona gastos al prestador, tan solo los administrativos para percibir la mensualidad que debe hacerse indefectiblemente&#8221;, subray\u00f3 la Defensor\u00eda.<\/h3>\n<h3>Seguidamente, advirti\u00f3 que &#8220;si cuando generalmente se requieren los servicios m\u00e9dicos en esa adultez se aumenta el valor de la cuota por la sola voluntad unilateral del prestador y ante un p\u00fablico cautivo o por ingresar el usuario en aquella franja etaria, cabe concluir que los anteriores pagos sin requerir servicio alguno o m\u00ednimos -efectuados adem\u00e1s sobre el mayor per\u00edodo de su vida- ser\u00edan pagos sin causa&#8221;.<\/h3>\n<h3>Las principales empresas del sector anunciaron aumentos muy elevados y coordinados aumentos en enero y febrero y algunos de sus directivos llegaron a admitir que est\u00e1n dispuestos a perder afiliados en caso de que no puedan las cuotas.<\/h3>\n<h3><strong>CRISIS EN EL SECTOR<\/strong><\/h3>\n<h3>Lo hicieron a pesar de las m\u00faltiples quejas de sus afiliados por las demoras en las concesiones de los turnos para atender diferentes problemas de salud y de las p\u00fablicas demandas de los profesionales de la medicina por los bajos honorarios que perciben por sus prestaciones.<\/h3>\n<h3>Frente a esta situaci\u00f3n, la dependencia nacional plante\u00f3 la posibilidad de instrumentar &#8220;una posible soluci\u00f3n con el solo fin de evitar perjuicios a la poblaci\u00f3n que fuere afectada o pudiera serlo en lo sucesivo&#8221;.<\/h3>\n<h3>&#8220;Este panorama pone en riesgo el acceso a la atenci\u00f3n m\u00e9dica, un derecho fundamental que deber\u00eda garantizarse a todos los habitantes, especialmente a aquellos quienes han contratado este tipo de seguros&#8221;, manifest\u00f3 la Defensor\u00eda en un comunicado.<\/h3>\n<h3>El organismo record\u00f3 los &#8220;numerosos pronunciamientos de la Justicia Federal, de la Superintendencia de Servicios de Salud (SSS) y de esta instituci\u00f3n nacional de Derechos Humanos donde se ha dicho que los incrementos de cuota en raz\u00f3n de la edad son arbitrarios y que, en raz\u00f3n de ello, deb\u00edan dejarse sin efecto con reintegro a los usuarios de los importes abonados&#8221;.<\/h3>\n<h3><strong>PROPUESTA DE LA DPNA<\/strong><\/h3>\n<h3>Por \u00faltimo, y &#8220;para evitar estos perjuicios&#8221;, la Defensor\u00eda esboz\u00f3 &#8220;una suerte de compatibilizaci\u00f3n entre las necesidades de la poblaci\u00f3n afectada y cautiva, y la autonom\u00eda de la voluntad para contratar&#8221;.<\/h3>\n<h3>Sugiri\u00f3 &#8220;mantener el r\u00e9gimen vigente -antes de los \u00faltimos aumentos aplicados por las empresas- con aprobaci\u00f3n de la SSS para los sectores ya inscriptos en el subsistema o el de los adultos mayores; y el de la plena libertad de contrataci\u00f3n para los nuevos afiliados quienes tendr\u00e1n m\u00e1s libertad para aceptar, rechazar o requerir modificaciones al contrato&#8221;.<\/h3>\n<h3>&#8220;S\u00f3lo en este supuesto podr\u00e1 haber competencia ya que los adultos mayores se encuentran en una situaci\u00f3n de total indefensi\u00f3n ante los requerimientos del prestador por tratarse de un p\u00fablico cautivo desde que ninguna otra prestadora los absorbe como ha acontecido hasta la actualidad&#8221;, consider\u00f3 la Defensor\u00eda.<\/h3>\n<p>&nbsp;<\/p>\n<p>&nbsp;<\/p>\n<p>&nbsp;<\/p>\n","protected":false},"excerpt":{"rendered":"<p>El pronunciamiento del ente se produjo luego de que las principales empresas del sector anunciaron&#8230;<\/p>\n","protected":false},"author":1,"featured_media":10358,"comment_status":"closed","ping_status":"closed","sticky":false,"template":"","format":"standard","meta":{"footnotes":""},"categories":[5],"tags":[],"class_list":["post-10357","post","type-post","status-publish","format-standard","has-post-thumbnail","hentry","category-nacionales-internacionales"],"yoast_head":"<!-- This site is optimized with the Yoast SEO plugin v26.1.1 - https:\/\/yoast.com\/wordpress\/plugins\/seo\/ -->\n<title>LA DEFENSOR\u00cdA DEL PUEBLO DE LA NACI\u00d3N SE PRONUNCI\u00d3 CONTRA LOS AUMENTOS DE LAS PREPAGAS - Apuntes de San Luis<\/title>\n<meta name=\"robots\" content=\"index, follow, max-snippet:-1, max-image-preview:large, max-video-preview:-1\" \/>\n<link rel=\"canonical\" href=\"https:\/\/apuntesdesanluis.com\/index.php\/2024\/01\/18\/la-defensoria-del-pueblo-de-la-nacion-se-pronuncio-contra-los-aumentos-de-las-prepagas\/\" \/>\n<meta property=\"og:locale\" content=\"es_ES\" \/>\n<meta property=\"og:type\" content=\"article\" \/>\n<meta property=\"og:title\" content=\"LA DEFENSOR\u00cdA DEL PUEBLO DE LA NACI\u00d3N SE PRONUNCI\u00d3 CONTRA LOS AUMENTOS DE LAS PREPAGAS - Apuntes de San Luis\" \/>\n<meta property=\"og:description\" content=\"El pronunciamiento del ente se produjo luego de que las principales empresas del sector anunciaron...\" \/>\n<meta property=\"og:url\" content=\"https:\/\/apuntesdesanluis.com\/index.php\/2024\/01\/18\/la-defensoria-del-pueblo-de-la-nacion-se-pronuncio-contra-los-aumentos-de-las-prepagas\/\" \/>\n<meta property=\"og:site_name\" content=\"Apuntes de San Luis\" \/>\n<meta property=\"article:published_time\" content=\"2024-01-18T22:55:10+00:00\" \/>\n<meta property=\"og:image\" content=\"https:\/\/apuntesdesanluis.com\/wp-content\/uploads\/2024\/01\/MEDICO.png\" \/>\n\t<meta property=\"og:image:width\" content=\"674\" \/>\n\t<meta property=\"og:image:height\" content=\"425\" \/>\n\t<meta property=\"og:image:type\" content=\"image\/png\" \/>\n<meta name=\"author\" content=\"apuntesdesanluis.com\" \/>\n<meta name=\"twitter:card\" content=\"summary_large_image\" \/>\n<meta name=\"twitter:label1\" content=\"Escrito por\" \/>\n\t<meta name=\"twitter:data1\" content=\"apuntesdesanluis.com\" \/>\n\t<meta name=\"twitter:label2\" content=\"Tiempo de lectura\" \/>\n\t<meta name=\"twitter:data2\" content=\"3 minutos\" \/>\n<script type=\"application\/ld+json\" class=\"yoast-schema-graph\">{\"@context\":\"https:\/\/schema.org\",\"@graph\":[{\"@type\":\"Article\",\"@id\":\"https:\/\/apuntesdesanluis.com\/index.php\/2024\/01\/18\/la-defensoria-del-pueblo-de-la-nacion-se-pronuncio-contra-los-aumentos-de-las-prepagas\/#article\",\"isPartOf\":{\"@id\":\"https:\/\/apuntesdesanluis.com\/index.php\/2024\/01\/18\/la-defensoria-del-pueblo-de-la-nacion-se-pronuncio-contra-los-aumentos-de-las-prepagas\/\"},\"author\":{\"name\":\"apuntesdesanluis.com\",\"@id\":\"https:\/\/apuntesdesanluis.com\/#\/schema\/person\/b55151d52296fcce64d1a72538a70b90\"},\"headline\":\"LA DEFENSOR\u00cdA DEL PUEBLO DE LA NACI\u00d3N SE PRONUNCI\u00d3 CONTRA LOS AUMENTOS DE LAS PREPAGAS\",\"datePublished\":\"2024-01-18T22:55:10+00:00\",\"mainEntityOfPage\":{\"@id\":\"https:\/\/apuntesdesanluis.com\/index.php\/2024\/01\/18\/la-defensoria-del-pueblo-de-la-nacion-se-pronuncio-contra-los-aumentos-de-las-prepagas\/\"},\"wordCount\":694,\"publisher\":{\"@id\":\"https:\/\/apuntesdesanluis.com\/#\/schema\/person\/b55151d52296fcce64d1a72538a70b90\"},\"image\":{\"@id\":\"https:\/\/apuntesdesanluis.com\/index.php\/2024\/01\/18\/la-defensoria-del-pueblo-de-la-nacion-se-pronuncio-contra-los-aumentos-de-las-prepagas\/#primaryimage\"},\"thumbnailUrl\":\"https:\/\/apuntesdesanluis.com\/wp-content\/uploads\/2024\/01\/MEDICO.png\",\"articleSection\":[\"Nacionales\/Internacionales\"],\"inLanguage\":\"es-AR\"},{\"@type\":\"WebPage\",\"@id\":\"https:\/\/apuntesdesanluis.com\/index.php\/2024\/01\/18\/la-defensoria-del-pueblo-de-la-nacion-se-pronuncio-contra-los-aumentos-de-las-prepagas\/\",\"url\":\"https:\/\/apuntesdesanluis.com\/index.php\/2024\/01\/18\/la-defensoria-del-pueblo-de-la-nacion-se-pronuncio-contra-los-aumentos-de-las-prepagas\/\",\"name\":\"LA DEFENSOR\u00cdA DEL PUEBLO DE LA NACI\u00d3N SE PRONUNCI\u00d3 CONTRA LOS AUMENTOS DE LAS PREPAGAS - Apuntes de San Luis\",\"isPartOf\":{\"@id\":\"https:\/\/apuntesdesanluis.com\/#website\"},\"primaryImageOfPage\":{\"@id\":\"https:\/\/apuntesdesanluis.com\/index.php\/2024\/01\/18\/la-defensoria-del-pueblo-de-la-nacion-se-pronuncio-contra-los-aumentos-de-las-prepagas\/#primaryimage\"},\"image\":{\"@id\":\"https:\/\/apuntesdesanluis.com\/index.php\/2024\/01\/18\/la-defensoria-del-pueblo-de-la-nacion-se-pronuncio-contra-los-aumentos-de-las-prepagas\/#primaryimage\"},\"thumbnailUrl\":\"https:\/\/apuntesdesanluis.com\/wp-content\/uploads\/2024\/01\/MEDICO.png\",\"datePublished\":\"2024-01-18T22:55:10+00:00\",\"breadcrumb\":{\"@id\":\"https:\/\/apuntesdesanluis.com\/index.php\/2024\/01\/18\/la-defensoria-del-pueblo-de-la-nacion-se-pronuncio-contra-los-aumentos-de-las-prepagas\/#breadcrumb\"},\"inLanguage\":\"es-AR\",\"potentialAction\":[{\"@type\":\"ReadAction\",\"target\":[\"https:\/\/apuntesdesanluis.com\/index.php\/2024\/01\/18\/la-defensoria-del-pueblo-de-la-nacion-se-pronuncio-contra-los-aumentos-de-las-prepagas\/\"]}]},{\"@type\":\"ImageObject\",\"inLanguage\":\"es-AR\",\"@id\":\"https:\/\/apuntesdesanluis.com\/index.php\/2024\/01\/18\/la-defensoria-del-pueblo-de-la-nacion-se-pronuncio-contra-los-aumentos-de-las-prepagas\/#primaryimage\",\"url\":\"https:\/\/apuntesdesanluis.com\/wp-content\/uploads\/2024\/01\/MEDICO.png\",\"contentUrl\":\"https:\/\/apuntesdesanluis.com\/wp-content\/uploads\/2024\/01\/MEDICO.png\",\"width\":674,\"height\":425},{\"@type\":\"BreadcrumbList\",\"@id\":\"https:\/\/apuntesdesanluis.com\/index.php\/2024\/01\/18\/la-defensoria-del-pueblo-de-la-nacion-se-pronuncio-contra-los-aumentos-de-las-prepagas\/#breadcrumb\",\"itemListElement\":[{\"@type\":\"ListItem\",\"position\":1,\"name\":\"Inicio\",\"item\":\"https:\/\/apuntesdesanluis.com\/\"},{\"@type\":\"ListItem\",\"position\":2,\"name\":\"LA DEFENSOR\u00cdA DEL PUEBLO DE LA NACI\u00d3N SE PRONUNCI\u00d3 CONTRA LOS AUMENTOS DE LAS PREPAGAS\"}]},{\"@type\":\"WebSite\",\"@id\":\"https:\/\/apuntesdesanluis.com\/#website\",\"url\":\"https:\/\/apuntesdesanluis.com\/\",\"name\":\"Apuntes de San Luis\",\"description\":\"\",\"publisher\":{\"@id\":\"https:\/\/apuntesdesanluis.com\/#\/schema\/person\/b55151d52296fcce64d1a72538a70b90\"},\"potentialAction\":[{\"@type\":\"SearchAction\",\"target\":{\"@type\":\"EntryPoint\",\"urlTemplate\":\"https:\/\/apuntesdesanluis.com\/?s={search_term_string}\"},\"query-input\":{\"@type\":\"PropertyValueSpecification\",\"valueRequired\":true,\"valueName\":\"search_term_string\"}}],\"inLanguage\":\"es-AR\"},{\"@type\":[\"Person\",\"Organization\"],\"@id\":\"https:\/\/apuntesdesanluis.com\/#\/schema\/person\/b55151d52296fcce64d1a72538a70b90\",\"name\":\"apuntesdesanluis.com\",\"image\":{\"@type\":\"ImageObject\",\"inLanguage\":\"es-AR\",\"@id\":\"https:\/\/apuntesdesanluis.com\/#\/schema\/person\/image\/\",\"url\":\"https:\/\/apuntesdesanluis.com\/wp-content\/uploads\/2023\/07\/cropped-apuntesdesanluis.png\",\"contentUrl\":\"https:\/\/apuntesdesanluis.com\/wp-content\/uploads\/2023\/07\/cropped-apuntesdesanluis.png\",\"width\":450,\"height\":112,\"caption\":\"apuntesdesanluis.com\"},\"logo\":{\"@id\":\"https:\/\/apuntesdesanluis.com\/#\/schema\/person\/image\/\"},\"sameAs\":[\"https:\/\/apuntesdesanluis.com\"],\"url\":\"https:\/\/apuntesdesanluis.com\/index.php\/author\/apuntesdesanluis-com\/\"}]}<\/script>\n<!-- \/ Yoast SEO plugin. -->","yoast_head_json":{"title":"LA DEFENSOR\u00cdA DEL PUEBLO DE LA NACI\u00d3N SE PRONUNCI\u00d3 CONTRA LOS AUMENTOS DE LAS PREPAGAS - Apuntes de San Luis","robots":{"index":"index","follow":"follow","max-snippet":"max-snippet:-1","max-image-preview":"max-image-preview:large","max-video-preview":"max-video-preview:-1"},"canonical":"https:\/\/apuntesdesanluis.com\/index.php\/2024\/01\/18\/la-defensoria-del-pueblo-de-la-nacion-se-pronuncio-contra-los-aumentos-de-las-prepagas\/","og_locale":"es_ES","og_type":"article","og_title":"LA DEFENSOR\u00cdA DEL PUEBLO DE LA NACI\u00d3N SE PRONUNCI\u00d3 CONTRA LOS AUMENTOS DE LAS PREPAGAS - Apuntes de San Luis","og_description":"El pronunciamiento del ente se produjo luego de que las principales empresas del sector anunciaron...","og_url":"https:\/\/apuntesdesanluis.com\/index.php\/2024\/01\/18\/la-defensoria-del-pueblo-de-la-nacion-se-pronuncio-contra-los-aumentos-de-las-prepagas\/","og_site_name":"Apuntes de San Luis","article_published_time":"2024-01-18T22:55:10+00:00","og_image":[{"width":674,"height":425,"url":"https:\/\/apuntesdesanluis.com\/wp-content\/uploads\/2024\/01\/MEDICO.png","type":"image\/png"}],"author":"apuntesdesanluis.com","twitter_card":"summary_large_image","twitter_misc":{"Escrito por":"apuntesdesanluis.com","Tiempo de lectura":"3 minutos"},"schema":{"@context":"https:\/\/schema.org","@graph":[{"@type":"Article","@id":"https:\/\/apuntesdesanluis.com\/index.php\/2024\/01\/18\/la-defensoria-del-pueblo-de-la-nacion-se-pronuncio-contra-los-aumentos-de-las-prepagas\/#article","isPartOf":{"@id":"https:\/\/apuntesdesanluis.com\/index.php\/2024\/01\/18\/la-defensoria-del-pueblo-de-la-nacion-se-pronuncio-contra-los-aumentos-de-las-prepagas\/"},"author":{"name":"apuntesdesanluis.com","@id":"https:\/\/apuntesdesanluis.com\/#\/schema\/person\/b55151d52296fcce64d1a72538a70b90"},"headline":"LA DEFENSOR\u00cdA DEL PUEBLO DE LA NACI\u00d3N SE PRONUNCI\u00d3 CONTRA LOS AUMENTOS DE LAS PREPAGAS","datePublished":"2024-01-18T22:55:10+00:00","mainEntityOfPage":{"@id":"https:\/\/apuntesdesanluis.com\/index.php\/2024\/01\/18\/la-defensoria-del-pueblo-de-la-nacion-se-pronuncio-contra-los-aumentos-de-las-prepagas\/"},"wordCount":694,"publisher":{"@id":"https:\/\/apuntesdesanluis.com\/#\/schema\/person\/b55151d52296fcce64d1a72538a70b90"},"image":{"@id":"https:\/\/apuntesdesanluis.com\/index.php\/2024\/01\/18\/la-defensoria-del-pueblo-de-la-nacion-se-pronuncio-contra-los-aumentos-de-las-prepagas\/#primaryimage"},"thumbnailUrl":"https:\/\/apuntesdesanluis.com\/wp-content\/uploads\/2024\/01\/MEDICO.png","articleSection":["Nacionales\/Internacionales"],"inLanguage":"es-AR"},{"@type":"WebPage","@id":"https:\/\/apuntesdesanluis.com\/index.php\/2024\/01\/18\/la-defensoria-del-pueblo-de-la-nacion-se-pronuncio-contra-los-aumentos-de-las-prepagas\/","url":"https:\/\/apuntesdesanluis.com\/index.php\/2024\/01\/18\/la-defensoria-del-pueblo-de-la-nacion-se-pronuncio-contra-los-aumentos-de-las-prepagas\/","name":"LA DEFENSOR\u00cdA DEL PUEBLO DE LA NACI\u00d3N SE PRONUNCI\u00d3 CONTRA LOS AUMENTOS DE LAS PREPAGAS - Apuntes de San Luis","isPartOf":{"@id":"https:\/\/apuntesdesanluis.com\/#website"},"primaryImageOfPage":{"@id":"https:\/\/apuntesdesanluis.com\/index.php\/2024\/01\/18\/la-defensoria-del-pueblo-de-la-nacion-se-pronuncio-contra-los-aumentos-de-las-prepagas\/#primaryimage"},"image":{"@id":"https:\/\/apuntesdesanluis.com\/index.php\/2024\/01\/18\/la-defensoria-del-pueblo-de-la-nacion-se-pronuncio-contra-los-aumentos-de-las-prepagas\/#primaryimage"},"thumbnailUrl":"https:\/\/apuntesdesanluis.com\/wp-content\/uploads\/2024\/01\/MEDICO.png","datePublished":"2024-01-18T22:55:10+00:00","breadcrumb":{"@id":"https:\/\/apuntesdesanluis.com\/index.php\/2024\/01\/18\/la-defensoria-del-pueblo-de-la-nacion-se-pronuncio-contra-los-aumentos-de-las-prepagas\/#breadcrumb"},"inLanguage":"es-AR","potentialAction":[{"@type":"ReadAction","target":["https:\/\/apuntesdesanluis.com\/index.php\/2024\/01\/18\/la-defensoria-del-pueblo-de-la-nacion-se-pronuncio-contra-los-aumentos-de-las-prepagas\/"]}]},{"@type":"ImageObject","inLanguage":"es-AR","@id":"https:\/\/apuntesdesanluis.com\/index.php\/2024\/01\/18\/la-defensoria-del-pueblo-de-la-nacion-se-pronuncio-contra-los-aumentos-de-las-prepagas\/#primaryimage","url":"https:\/\/apuntesdesanluis.com\/wp-content\/uploads\/2024\/01\/MEDICO.png","contentUrl":"https:\/\/apuntesdesanluis.com\/wp-content\/uploads\/2024\/01\/MEDICO.png","width":674,"height":425},{"@type":"BreadcrumbList","@id":"https:\/\/apuntesdesanluis.com\/index.php\/2024\/01\/18\/la-defensoria-del-pueblo-de-la-nacion-se-pronuncio-contra-los-aumentos-de-las-prepagas\/#breadcrumb","itemListElement":[{"@type":"ListItem","position":1,"name":"Inicio","item":"https:\/\/apuntesdesanluis.com\/"},{"@type":"ListItem","position":2,"name":"LA DEFENSOR\u00cdA DEL PUEBLO DE LA NACI\u00d3N SE PRONUNCI\u00d3 CONTRA LOS AUMENTOS DE LAS PREPAGAS"}]},{"@type":"WebSite","@id":"https:\/\/apuntesdesanluis.com\/#website","url":"https:\/\/apuntesdesanluis.com\/","name":"Apuntes de San Luis","description":"","publisher":{"@id":"https:\/\/apuntesdesanluis.com\/#\/schema\/person\/b55151d52296fcce64d1a72538a70b90"},"potentialAction":[{"@type":"SearchAction","target":{"@type":"EntryPoint","urlTemplate":"https:\/\/apuntesdesanluis.com\/?s={search_term_string}"},"query-input":{"@type":"PropertyValueSpecification","valueRequired":true,"valueName":"search_term_string"}}],"inLanguage":"es-AR"},{"@type":["Person","Organization"],"@id":"https:\/\/apuntesdesanluis.com\/#\/schema\/person\/b55151d52296fcce64d1a72538a70b90","name":"apuntesdesanluis.com","image":{"@type":"ImageObject","inLanguage":"es-AR","@id":"https:\/\/apuntesdesanluis.com\/#\/schema\/person\/image\/","url":"https:\/\/apuntesdesanluis.com\/wp-content\/uploads\/2023\/07\/cropped-apuntesdesanluis.png","contentUrl":"https:\/\/apuntesdesanluis.com\/wp-content\/uploads\/2023\/07\/cropped-apuntesdesanluis.png","width":450,"height":112,"caption":"apuntesdesanluis.com"},"logo":{"@id":"https:\/\/apuntesdesanluis.com\/#\/schema\/person\/image\/"},"sameAs":["https:\/\/apuntesdesanluis.com"],"url":"https:\/\/apuntesdesanluis.com\/index.php\/author\/apuntesdesanluis-com\/"}]}},"featured_image_urls":{"full":["https:\/\/apuntesdesanluis.com\/wp-content\/uploads\/2024\/01\/MEDICO.png",674,425,false],"thumbnail":["https:\/\/apuntesdesanluis.com\/wp-content\/uploads\/2024\/01\/MEDICO-150x150.png",150,150,true],"medium":["https:\/\/apuntesdesanluis.com\/wp-content\/uploads\/2024\/01\/MEDICO-300x189.png",300,189,true],"medium_large":["https:\/\/apuntesdesanluis.com\/wp-content\/uploads\/2024\/01\/MEDICO.png",640,404,false],"large":["https:\/\/apuntesdesanluis.com\/wp-content\/uploads\/2024\/01\/MEDICO.png",640,404,false],"1536x1536":["https:\/\/apuntesdesanluis.com\/wp-content\/uploads\/2024\/01\/MEDICO.png",674,425,false],"2048x2048":["https:\/\/apuntesdesanluis.com\/wp-content\/uploads\/2024\/01\/MEDICO.png",674,425,false],"newsever-slider-full":["https:\/\/apuntesdesanluis.com\/wp-content\/uploads\/2024\/01\/MEDICO.png",674,425,false],"newsever-featured":["https:\/\/apuntesdesanluis.com\/wp-content\/uploads\/2024\/01\/MEDICO.png",674,425,false],"newsever-medium":["https:\/\/apuntesdesanluis.com\/wp-content\/uploads\/2024\/01\/MEDICO.png",674,425,false]},"author_info":{"display_name":"apuntesdesanluis.com","author_link":"https:\/\/apuntesdesanluis.com\/index.php\/author\/apuntesdesanluis-com\/"},"category_info":"<a href=\"https:\/\/apuntesdesanluis.com\/index.php\/category\/nacionales-internacionales\/\" rel=\"category tag\">Nacionales\/Internacionales<\/a>","tag_info":"Nacionales\/Internacionales","comment_count":"0","_links":{"self":[{"href":"https:\/\/apuntesdesanluis.com\/index.php\/wp-json\/wp\/v2\/posts\/10357","targetHints":{"allow":["GET"]}}],"collection":[{"href":"https:\/\/apuntesdesanluis.com\/index.php\/wp-json\/wp\/v2\/posts"}],"about":[{"href":"https:\/\/apuntesdesanluis.com\/index.php\/wp-json\/wp\/v2\/types\/post"}],"author":[{"embeddable":true,"href":"https:\/\/apuntesdesanluis.com\/index.php\/wp-json\/wp\/v2\/users\/1"}],"replies":[{"embeddable":true,"href":"https:\/\/apuntesdesanluis.com\/index.php\/wp-json\/wp\/v2\/comments?post=10357"}],"version-history":[{"count":1,"href":"https:\/\/apuntesdesanluis.com\/index.php\/wp-json\/wp\/v2\/posts\/10357\/revisions"}],"predecessor-version":[{"id":10359,"href":"https:\/\/apuntesdesanluis.com\/index.php\/wp-json\/wp\/v2\/posts\/10357\/revisions\/10359"}],"wp:featuredmedia":[{"embeddable":true,"href":"https:\/\/apuntesdesanluis.com\/index.php\/wp-json\/wp\/v2\/media\/10358"}],"wp:attachment":[{"href":"https:\/\/apuntesdesanluis.com\/index.php\/wp-json\/wp\/v2\/media?parent=10357"}],"wp:term":[{"taxonomy":"category","embeddable":true,"href":"https:\/\/apuntesdesanluis.com\/index.php\/wp-json\/wp\/v2\/categories?post=10357"},{"taxonomy":"post_tag","embeddable":true,"href":"https:\/\/apuntesdesanluis.com\/index.php\/wp-json\/wp\/v2\/tags?post=10357"}],"curies":[{"name":"wp","href":"https:\/\/api.w.org\/{rel}","templated":true}]}}