{"id":10360,"date":"2024-01-18T20:00:58","date_gmt":"2024-01-18T23:00:58","guid":{"rendered":"https:\/\/apuntesdesanluis.com\/?p=10360"},"modified":"2024-01-18T20:00:58","modified_gmt":"2024-01-18T23:00:58","slug":"el-gobierno-accedio-a-retrasar-la-sesion-al-jueves-que-viene-y-buscaran-dictaminar-el-martes","status":"publish","type":"post","link":"https:\/\/apuntesdesanluis.com\/index.php\/2024\/01\/18\/el-gobierno-accedio-a-retrasar-la-sesion-al-jueves-que-viene-y-buscaran-dictaminar-el-martes\/","title":{"rendered":"EL GOBIERNO ACCEDI\u00d3 A RETRASAR LA SESI\u00d3N AL JUEVES QUE VIENE Y BUSCAR\u00c1N DICTAMINAR EL MARTES"},"content":{"rendered":"<h3>El ministro de Interior, <strong>Guillermo Francos<\/strong>, lleg\u00f3 al Palacio Legislativo pasadas las 18 con el nuevo texto corregido de la \u201cLey de Bases\u201d bajo el brazo y se meti\u00f3 r\u00e1pidamente en el despacho del presidente de la C\u00e1mara baja, <strong>Mart\u00edn Menem<\/strong>, para recibir uno a uno a los l\u00edderes de los bloques \u201cdialoguistas\u201d que exig\u00edan cambios al articulado.<\/h3>\n<h3>Tras una charla cara a cara entre Francos y Menem, se sum\u00f3 Santiago Caputo, estrecho colaborador del presidente Javier Milei, seguido del presidente del bloque del PRO, <strong>Cristian Ritondo<\/strong> y la diputada nacional del mismo partido <strong>Mar\u00eda Eugenia Vidal<\/strong>.<\/h3>\n<h3>De esa primera reuni\u00f3n surgi\u00f3 que la idea que empujaba el riojano de sesionar este mismo s\u00e1bado pasa a archivo y concentrar\u00e1n esfuerzos en dictaminar el martes que viene y abrir el recinto el jueves para votar el proyecto \u00f3mnibus.<\/h3>\n<h3>\u201cLas conversaciones avanzan. El balance es positivo. Tenemos que estudiar la contrapropuesta que nos trajeron\u201d, se\u00f1alaron fuentes del PRO.<\/h3>\n<h3>El siguiente en ingresar al despacho de Menem fue el jefe del bloque radical, Rodrigo de Loredo, quien lidia con una interna agrietada dentro de su bloque, con un sector m\u00e1s propenso a acompa\u00f1ar y otro con ganas de romper.<\/h3>\n<h3>Luego se sumaron el presidente del bloque de La Libertad Avanza, Oscar Zago, y el diputado libertario Oscar D\u00b4Alessandro.<\/h3>\n<h3>Con el PRO m\u00e1s cerca de acompa\u00f1ar el dictamen del oficialismo pese a algunos dudas con ciertos art\u00edculos, la UCR, Hacemos Coalici\u00f3n Federal e Innovaci\u00f3n Federal tomaron la iniciativa para condicionar su apoyo a la remoci\u00f3n de cinco puntos del proyecto con los que a priori no van a aceptar.<\/h3>\n<h3>\u201cNo hay posibilidades materiales de que ma\u00f1ana haya un dictamen serio\u201d, sostuvo, desconfiado, un importante l\u00edder de este conglomerado opositor.<\/h3>\n<h3>En ese sentido, se encontraban esta tarde ultimando su propio dictamen los diputados nacionales Oscar Agost Carre\u00f1o (Cambio Federal), Paula Oliveto (Coalici\u00f3n C\u00edvica), Mariela Coletta (UCR) y el asesor y ex diputado Fernando S\u00e1nchez.<\/h3>\n<h3>Este dictamen alternativo incorpora \u00fanicamente los temas econ\u00f3micos, fiscales y energ\u00e9ticos, otorgando facultades delegadas al Poder Ejecutivo por solamente un a\u00f1o y no dos a\u00f1os (y otros dos prorrogables) como pretende el Gobierno.<\/h3>\n<h3>Este proyecto opositor, adem\u00e1s, reduce las al\u00edcuotas de derechos de exportaci\u00f3n, incorpora una f\u00f3rmula de movilidad atada a la inflaci\u00f3n como la que implement\u00f3 el Gobierno de Cambiemos, y supedita las privatizaciones de empresas p\u00fablicas al env\u00edo del pliego de t\u00e9rminos y condiciones al Congreso nacional.<\/h3>\n<h3>Sobre este punto, dejan afuera del paquete de 41 privatizaciones que pretende el Gobierno las siguientes empresas p\u00fablicas: YPF, Banco Naci\u00f3n, ARSAT, YMAD y Nucleoel\u00e9ctrica, por lo que avalan la conversi\u00f3n de la naturaleza jur\u00eddica de las restantes 35 compa\u00f1\u00edas estatales sujetas a privatizaci\u00f3n.<\/h3>\n<h3>En tanto, acompa\u00f1an la eliminaci\u00f3n de la &#8220;ley Guzm\u00e1n&#8221; que obligaba a pedir autorizaci\u00f3n al Congreso para el endeudamiento, aunque sujetan estas operaciones de toma de cr\u00e9dito al control de la comisi\u00f3n bicameral Permanente de Seguimiento y Control de la Gesti\u00f3n de Contrataci\u00f3n y de Pago de la Deuda Exterior de la Naci\u00f3n.<\/h3>\n<h3>\u201cNo le vamos a pedir lo que no le pedimos al Gobierno de Macri\u201d, justificaron altas fuentes de Hacemos Coalici\u00f3n Federal a las que NA tuvo acceso.<\/h3>\n<h3>Por otra parte, el dictamen de este sector de la oposici\u00f3n dialoguista autoriza el traspaso al Tesoro del paquete accionario del Fondo de Garant\u00edas de Sustentabilidad de ANSES, aunque especifica que esos recursos se utilicen para la cancelaci\u00f3n de deudas de las provincias.<\/h3>\n<p>&nbsp;<\/p>\n<p>&nbsp;<\/p>\n<p>&nbsp;<\/p>\n","protected":false},"excerpt":{"rendered":"<p>El ministro de Interior, Guillermo Francos, lleg\u00f3 al Palacio Legislativo pasadas las 18 con el&#8230;<\/p>\n","protected":false},"author":1,"featured_media":10361,"comment_status":"closed","ping_status":"closed","sticky":false,"template":"","format":"standard","meta":{"footnotes":""},"categories":[5],"tags":[],"class_list":["post-10360","post","type-post","status-publish","format-standard","has-post-thumbnail","hentry","category-nacionales-internacionales"],"yoast_head":"<!-- This site is optimized with the Yoast SEO plugin v26.1.1 - https:\/\/yoast.com\/wordpress\/plugins\/seo\/ -->\n<title>EL GOBIERNO ACCEDI\u00d3 A RETRASAR LA SESI\u00d3N AL JUEVES QUE VIENE Y BUSCAR\u00c1N DICTAMINAR EL MARTES - Apuntes de San Luis<\/title>\n<meta name=\"robots\" content=\"index, follow, max-snippet:-1, max-image-preview:large, max-video-preview:-1\" \/>\n<link rel=\"canonical\" href=\"https:\/\/apuntesdesanluis.com\/index.php\/2024\/01\/18\/el-gobierno-accedio-a-retrasar-la-sesion-al-jueves-que-viene-y-buscaran-dictaminar-el-martes\/\" \/>\n<meta property=\"og:locale\" content=\"es_ES\" \/>\n<meta property=\"og:type\" content=\"article\" \/>\n<meta property=\"og:title\" content=\"EL GOBIERNO ACCEDI\u00d3 A RETRASAR LA SESI\u00d3N AL JUEVES QUE VIENE Y BUSCAR\u00c1N DICTAMINAR EL MARTES - Apuntes de San Luis\" \/>\n<meta property=\"og:description\" content=\"El ministro de Interior, Guillermo Francos, lleg\u00f3 al Palacio Legislativo pasadas las 18 con el...\" \/>\n<meta property=\"og:url\" content=\"https:\/\/apuntesdesanluis.com\/index.php\/2024\/01\/18\/el-gobierno-accedio-a-retrasar-la-sesion-al-jueves-que-viene-y-buscaran-dictaminar-el-martes\/\" \/>\n<meta property=\"og:site_name\" content=\"Apuntes de San Luis\" \/>\n<meta property=\"article:published_time\" content=\"2024-01-18T23:00:58+00:00\" \/>\n<meta property=\"og:image\" content=\"https:\/\/apuntesdesanluis.com\/wp-content\/uploads\/2024\/01\/MENEN-Y-FRANCOS.png\" \/>\n\t<meta property=\"og:image:width\" content=\"521\" \/>\n\t<meta property=\"og:image:height\" content=\"346\" \/>\n\t<meta property=\"og:image:type\" content=\"image\/png\" \/>\n<meta name=\"author\" content=\"apuntesdesanluis.com\" \/>\n<meta name=\"twitter:card\" content=\"summary_large_image\" \/>\n<meta name=\"twitter:label1\" content=\"Escrito por\" \/>\n\t<meta name=\"twitter:data1\" content=\"apuntesdesanluis.com\" \/>\n\t<meta name=\"twitter:label2\" content=\"Tiempo de lectura\" \/>\n\t<meta name=\"twitter:data2\" content=\"3 minutos\" \/>\n<script type=\"application\/ld+json\" class=\"yoast-schema-graph\">{\"@context\":\"https:\/\/schema.org\",\"@graph\":[{\"@type\":\"Article\",\"@id\":\"https:\/\/apuntesdesanluis.com\/index.php\/2024\/01\/18\/el-gobierno-accedio-a-retrasar-la-sesion-al-jueves-que-viene-y-buscaran-dictaminar-el-martes\/#article\",\"isPartOf\":{\"@id\":\"https:\/\/apuntesdesanluis.com\/index.php\/2024\/01\/18\/el-gobierno-accedio-a-retrasar-la-sesion-al-jueves-que-viene-y-buscaran-dictaminar-el-martes\/\"},\"author\":{\"name\":\"apuntesdesanluis.com\",\"@id\":\"https:\/\/apuntesdesanluis.com\/#\/schema\/person\/b55151d52296fcce64d1a72538a70b90\"},\"headline\":\"EL GOBIERNO ACCEDI\u00d3 A RETRASAR LA SESI\u00d3N AL JUEVES QUE VIENE Y BUSCAR\u00c1N DICTAMINAR EL MARTES\",\"datePublished\":\"2024-01-18T23:00:58+00:00\",\"mainEntityOfPage\":{\"@id\":\"https:\/\/apuntesdesanluis.com\/index.php\/2024\/01\/18\/el-gobierno-accedio-a-retrasar-la-sesion-al-jueves-que-viene-y-buscaran-dictaminar-el-martes\/\"},\"wordCount\":640,\"publisher\":{\"@id\":\"https:\/\/apuntesdesanluis.com\/#\/schema\/person\/b55151d52296fcce64d1a72538a70b90\"},\"image\":{\"@id\":\"https:\/\/apuntesdesanluis.com\/index.php\/2024\/01\/18\/el-gobierno-accedio-a-retrasar-la-sesion-al-jueves-que-viene-y-buscaran-dictaminar-el-martes\/#primaryimage\"},\"thumbnailUrl\":\"https:\/\/apuntesdesanluis.com\/wp-content\/uploads\/2024\/01\/MENEN-Y-FRANCOS.png\",\"articleSection\":[\"Nacionales\/Internacionales\"],\"inLanguage\":\"es-AR\"},{\"@type\":\"WebPage\",\"@id\":\"https:\/\/apuntesdesanluis.com\/index.php\/2024\/01\/18\/el-gobierno-accedio-a-retrasar-la-sesion-al-jueves-que-viene-y-buscaran-dictaminar-el-martes\/\",\"url\":\"https:\/\/apuntesdesanluis.com\/index.php\/2024\/01\/18\/el-gobierno-accedio-a-retrasar-la-sesion-al-jueves-que-viene-y-buscaran-dictaminar-el-martes\/\",\"name\":\"EL GOBIERNO ACCEDI\u00d3 A RETRASAR LA SESI\u00d3N AL JUEVES QUE VIENE Y BUSCAR\u00c1N DICTAMINAR EL MARTES - Apuntes de San Luis\",\"isPartOf\":{\"@id\":\"https:\/\/apuntesdesanluis.com\/#website\"},\"primaryImageOfPage\":{\"@id\":\"https:\/\/apuntesdesanluis.com\/index.php\/2024\/01\/18\/el-gobierno-accedio-a-retrasar-la-sesion-al-jueves-que-viene-y-buscaran-dictaminar-el-martes\/#primaryimage\"},\"image\":{\"@id\":\"https:\/\/apuntesdesanluis.com\/index.php\/2024\/01\/18\/el-gobierno-accedio-a-retrasar-la-sesion-al-jueves-que-viene-y-buscaran-dictaminar-el-martes\/#primaryimage\"},\"thumbnailUrl\":\"https:\/\/apuntesdesanluis.com\/wp-content\/uploads\/2024\/01\/MENEN-Y-FRANCOS.png\",\"datePublished\":\"2024-01-18T23:00:58+00:00\",\"breadcrumb\":{\"@id\":\"https:\/\/apuntesdesanluis.com\/index.php\/2024\/01\/18\/el-gobierno-accedio-a-retrasar-la-sesion-al-jueves-que-viene-y-buscaran-dictaminar-el-martes\/#breadcrumb\"},\"inLanguage\":\"es-AR\",\"potentialAction\":[{\"@type\":\"ReadAction\",\"target\":[\"https:\/\/apuntesdesanluis.com\/index.php\/2024\/01\/18\/el-gobierno-accedio-a-retrasar-la-sesion-al-jueves-que-viene-y-buscaran-dictaminar-el-martes\/\"]}]},{\"@type\":\"ImageObject\",\"inLanguage\":\"es-AR\",\"@id\":\"https:\/\/apuntesdesanluis.com\/index.php\/2024\/01\/18\/el-gobierno-accedio-a-retrasar-la-sesion-al-jueves-que-viene-y-buscaran-dictaminar-el-martes\/#primaryimage\",\"url\":\"https:\/\/apuntesdesanluis.com\/wp-content\/uploads\/2024\/01\/MENEN-Y-FRANCOS.png\",\"contentUrl\":\"https:\/\/apuntesdesanluis.com\/wp-content\/uploads\/2024\/01\/MENEN-Y-FRANCOS.png\",\"width\":521,\"height\":346},{\"@type\":\"BreadcrumbList\",\"@id\":\"https:\/\/apuntesdesanluis.com\/index.php\/2024\/01\/18\/el-gobierno-accedio-a-retrasar-la-sesion-al-jueves-que-viene-y-buscaran-dictaminar-el-martes\/#breadcrumb\",\"itemListElement\":[{\"@type\":\"ListItem\",\"position\":1,\"name\":\"Inicio\",\"item\":\"https:\/\/apuntesdesanluis.com\/\"},{\"@type\":\"ListItem\",\"position\":2,\"name\":\"EL GOBIERNO ACCEDI\u00d3 A RETRASAR LA SESI\u00d3N AL JUEVES QUE VIENE Y BUSCAR\u00c1N DICTAMINAR EL MARTES\"}]},{\"@type\":\"WebSite\",\"@id\":\"https:\/\/apuntesdesanluis.com\/#website\",\"url\":\"https:\/\/apuntesdesanluis.com\/\",\"name\":\"Apuntes de San Luis\",\"description\":\"\",\"publisher\":{\"@id\":\"https:\/\/apuntesdesanluis.com\/#\/schema\/person\/b55151d52296fcce64d1a72538a70b90\"},\"potentialAction\":[{\"@type\":\"SearchAction\",\"target\":{\"@type\":\"EntryPoint\",\"urlTemplate\":\"https:\/\/apuntesdesanluis.com\/?s={search_term_string}\"},\"query-input\":{\"@type\":\"PropertyValueSpecification\",\"valueRequired\":true,\"valueName\":\"search_term_string\"}}],\"inLanguage\":\"es-AR\"},{\"@type\":[\"Person\",\"Organization\"],\"@id\":\"https:\/\/apuntesdesanluis.com\/#\/schema\/person\/b55151d52296fcce64d1a72538a70b90\",\"name\":\"apuntesdesanluis.com\",\"image\":{\"@type\":\"ImageObject\",\"inLanguage\":\"es-AR\",\"@id\":\"https:\/\/apuntesdesanluis.com\/#\/schema\/person\/image\/\",\"url\":\"https:\/\/apuntesdesanluis.com\/wp-content\/uploads\/2023\/07\/cropped-apuntesdesanluis.png\",\"contentUrl\":\"https:\/\/apuntesdesanluis.com\/wp-content\/uploads\/2023\/07\/cropped-apuntesdesanluis.png\",\"width\":450,\"height\":112,\"caption\":\"apuntesdesanluis.com\"},\"logo\":{\"@id\":\"https:\/\/apuntesdesanluis.com\/#\/schema\/person\/image\/\"},\"sameAs\":[\"https:\/\/apuntesdesanluis.com\"],\"url\":\"https:\/\/apuntesdesanluis.com\/index.php\/author\/apuntesdesanluis-com\/\"}]}<\/script>\n<!-- \/ Yoast SEO plugin. -->","yoast_head_json":{"title":"EL GOBIERNO ACCEDI\u00d3 A RETRASAR LA SESI\u00d3N AL JUEVES QUE VIENE Y BUSCAR\u00c1N DICTAMINAR EL MARTES - Apuntes de San Luis","robots":{"index":"index","follow":"follow","max-snippet":"max-snippet:-1","max-image-preview":"max-image-preview:large","max-video-preview":"max-video-preview:-1"},"canonical":"https:\/\/apuntesdesanluis.com\/index.php\/2024\/01\/18\/el-gobierno-accedio-a-retrasar-la-sesion-al-jueves-que-viene-y-buscaran-dictaminar-el-martes\/","og_locale":"es_ES","og_type":"article","og_title":"EL GOBIERNO ACCEDI\u00d3 A RETRASAR LA SESI\u00d3N AL JUEVES QUE VIENE Y BUSCAR\u00c1N DICTAMINAR EL MARTES - Apuntes de San Luis","og_description":"El ministro de Interior, Guillermo Francos, lleg\u00f3 al Palacio Legislativo pasadas las 18 con el...","og_url":"https:\/\/apuntesdesanluis.com\/index.php\/2024\/01\/18\/el-gobierno-accedio-a-retrasar-la-sesion-al-jueves-que-viene-y-buscaran-dictaminar-el-martes\/","og_site_name":"Apuntes de San Luis","article_published_time":"2024-01-18T23:00:58+00:00","og_image":[{"width":521,"height":346,"url":"https:\/\/apuntesdesanluis.com\/wp-content\/uploads\/2024\/01\/MENEN-Y-FRANCOS.png","type":"image\/png"}],"author":"apuntesdesanluis.com","twitter_card":"summary_large_image","twitter_misc":{"Escrito por":"apuntesdesanluis.com","Tiempo de lectura":"3 minutos"},"schema":{"@context":"https:\/\/schema.org","@graph":[{"@type":"Article","@id":"https:\/\/apuntesdesanluis.com\/index.php\/2024\/01\/18\/el-gobierno-accedio-a-retrasar-la-sesion-al-jueves-que-viene-y-buscaran-dictaminar-el-martes\/#article","isPartOf":{"@id":"https:\/\/apuntesdesanluis.com\/index.php\/2024\/01\/18\/el-gobierno-accedio-a-retrasar-la-sesion-al-jueves-que-viene-y-buscaran-dictaminar-el-martes\/"},"author":{"name":"apuntesdesanluis.com","@id":"https:\/\/apuntesdesanluis.com\/#\/schema\/person\/b55151d52296fcce64d1a72538a70b90"},"headline":"EL GOBIERNO ACCEDI\u00d3 A RETRASAR LA SESI\u00d3N AL JUEVES QUE VIENE Y BUSCAR\u00c1N DICTAMINAR EL MARTES","datePublished":"2024-01-18T23:00:58+00:00","mainEntityOfPage":{"@id":"https:\/\/apuntesdesanluis.com\/index.php\/2024\/01\/18\/el-gobierno-accedio-a-retrasar-la-sesion-al-jueves-que-viene-y-buscaran-dictaminar-el-martes\/"},"wordCount":640,"publisher":{"@id":"https:\/\/apuntesdesanluis.com\/#\/schema\/person\/b55151d52296fcce64d1a72538a70b90"},"image":{"@id":"https:\/\/apuntesdesanluis.com\/index.php\/2024\/01\/18\/el-gobierno-accedio-a-retrasar-la-sesion-al-jueves-que-viene-y-buscaran-dictaminar-el-martes\/#primaryimage"},"thumbnailUrl":"https:\/\/apuntesdesanluis.com\/wp-content\/uploads\/2024\/01\/MENEN-Y-FRANCOS.png","articleSection":["Nacionales\/Internacionales"],"inLanguage":"es-AR"},{"@type":"WebPage","@id":"https:\/\/apuntesdesanluis.com\/index.php\/2024\/01\/18\/el-gobierno-accedio-a-retrasar-la-sesion-al-jueves-que-viene-y-buscaran-dictaminar-el-martes\/","url":"https:\/\/apuntesdesanluis.com\/index.php\/2024\/01\/18\/el-gobierno-accedio-a-retrasar-la-sesion-al-jueves-que-viene-y-buscaran-dictaminar-el-martes\/","name":"EL GOBIERNO ACCEDI\u00d3 A RETRASAR LA SESI\u00d3N AL JUEVES QUE VIENE Y BUSCAR\u00c1N DICTAMINAR EL MARTES - Apuntes de San Luis","isPartOf":{"@id":"https:\/\/apuntesdesanluis.com\/#website"},"primaryImageOfPage":{"@id":"https:\/\/apuntesdesanluis.com\/index.php\/2024\/01\/18\/el-gobierno-accedio-a-retrasar-la-sesion-al-jueves-que-viene-y-buscaran-dictaminar-el-martes\/#primaryimage"},"image":{"@id":"https:\/\/apuntesdesanluis.com\/index.php\/2024\/01\/18\/el-gobierno-accedio-a-retrasar-la-sesion-al-jueves-que-viene-y-buscaran-dictaminar-el-martes\/#primaryimage"},"thumbnailUrl":"https:\/\/apuntesdesanluis.com\/wp-content\/uploads\/2024\/01\/MENEN-Y-FRANCOS.png","datePublished":"2024-01-18T23:00:58+00:00","breadcrumb":{"@id":"https:\/\/apuntesdesanluis.com\/index.php\/2024\/01\/18\/el-gobierno-accedio-a-retrasar-la-sesion-al-jueves-que-viene-y-buscaran-dictaminar-el-martes\/#breadcrumb"},"inLanguage":"es-AR","potentialAction":[{"@type":"ReadAction","target":["https:\/\/apuntesdesanluis.com\/index.php\/2024\/01\/18\/el-gobierno-accedio-a-retrasar-la-sesion-al-jueves-que-viene-y-buscaran-dictaminar-el-martes\/"]}]},{"@type":"ImageObject","inLanguage":"es-AR","@id":"https:\/\/apuntesdesanluis.com\/index.php\/2024\/01\/18\/el-gobierno-accedio-a-retrasar-la-sesion-al-jueves-que-viene-y-buscaran-dictaminar-el-martes\/#primaryimage","url":"https:\/\/apuntesdesanluis.com\/wp-content\/uploads\/2024\/01\/MENEN-Y-FRANCOS.png","contentUrl":"https:\/\/apuntesdesanluis.com\/wp-content\/uploads\/2024\/01\/MENEN-Y-FRANCOS.png","width":521,"height":346},{"@type":"BreadcrumbList","@id":"https:\/\/apuntesdesanluis.com\/index.php\/2024\/01\/18\/el-gobierno-accedio-a-retrasar-la-sesion-al-jueves-que-viene-y-buscaran-dictaminar-el-martes\/#breadcrumb","itemListElement":[{"@type":"ListItem","position":1,"name":"Inicio","item":"https:\/\/apuntesdesanluis.com\/"},{"@type":"ListItem","position":2,"name":"EL GOBIERNO ACCEDI\u00d3 A RETRASAR LA SESI\u00d3N AL JUEVES QUE VIENE Y BUSCAR\u00c1N DICTAMINAR EL MARTES"}]},{"@type":"WebSite","@id":"https:\/\/apuntesdesanluis.com\/#website","url":"https:\/\/apuntesdesanluis.com\/","name":"Apuntes de San Luis","description":"","publisher":{"@id":"https:\/\/apuntesdesanluis.com\/#\/schema\/person\/b55151d52296fcce64d1a72538a70b90"},"potentialAction":[{"@type":"SearchAction","target":{"@type":"EntryPoint","urlTemplate":"https:\/\/apuntesdesanluis.com\/?s={search_term_string}"},"query-input":{"@type":"PropertyValueSpecification","valueRequired":true,"valueName":"search_term_string"}}],"inLanguage":"es-AR"},{"@type":["Person","Organization"],"@id":"https:\/\/apuntesdesanluis.com\/#\/schema\/person\/b55151d52296fcce64d1a72538a70b90","name":"apuntesdesanluis.com","image":{"@type":"ImageObject","inLanguage":"es-AR","@id":"https:\/\/apuntesdesanluis.com\/#\/schema\/person\/image\/","url":"https:\/\/apuntesdesanluis.com\/wp-content\/uploads\/2023\/07\/cropped-apuntesdesanluis.png","contentUrl":"https:\/\/apuntesdesanluis.com\/wp-content\/uploads\/2023\/07\/cropped-apuntesdesanluis.png","width":450,"height":112,"caption":"apuntesdesanluis.com"},"logo":{"@id":"https:\/\/apuntesdesanluis.com\/#\/schema\/person\/image\/"},"sameAs":["https:\/\/apuntesdesanluis.com"],"url":"https:\/\/apuntesdesanluis.com\/index.php\/author\/apuntesdesanluis-com\/"}]}},"featured_image_urls":{"full":["https:\/\/apuntesdesanluis.com\/wp-content\/uploads\/2024\/01\/MENEN-Y-FRANCOS.png",521,346,false],"thumbnail":["https:\/\/apuntesdesanluis.com\/wp-content\/uploads\/2024\/01\/MENEN-Y-FRANCOS-150x150.png",150,150,true],"medium":["https:\/\/apuntesdesanluis.com\/wp-content\/uploads\/2024\/01\/MENEN-Y-FRANCOS-300x199.png",300,199,true],"medium_large":["https:\/\/apuntesdesanluis.com\/wp-content\/uploads\/2024\/01\/MENEN-Y-FRANCOS.png",521,346,false],"large":["https:\/\/apuntesdesanluis.com\/wp-content\/uploads\/2024\/01\/MENEN-Y-FRANCOS.png",521,346,false],"1536x1536":["https:\/\/apuntesdesanluis.com\/wp-content\/uploads\/2024\/01\/MENEN-Y-FRANCOS.png",521,346,false],"2048x2048":["https:\/\/apuntesdesanluis.com\/wp-content\/uploads\/2024\/01\/MENEN-Y-FRANCOS.png",521,346,false],"newsever-slider-full":["https:\/\/apuntesdesanluis.com\/wp-content\/uploads\/2024\/01\/MENEN-Y-FRANCOS.png",521,346,false],"newsever-featured":["https:\/\/apuntesdesanluis.com\/wp-content\/uploads\/2024\/01\/MENEN-Y-FRANCOS.png",521,346,false],"newsever-medium":["https:\/\/apuntesdesanluis.com\/wp-content\/uploads\/2024\/01\/MENEN-Y-FRANCOS.png",521,346,false]},"author_info":{"display_name":"apuntesdesanluis.com","author_link":"https:\/\/apuntesdesanluis.com\/index.php\/author\/apuntesdesanluis-com\/"},"category_info":"<a href=\"https:\/\/apuntesdesanluis.com\/index.php\/category\/nacionales-internacionales\/\" rel=\"category tag\">Nacionales\/Internacionales<\/a>","tag_info":"Nacionales\/Internacionales","comment_count":"0","_links":{"self":[{"href":"https:\/\/apuntesdesanluis.com\/index.php\/wp-json\/wp\/v2\/posts\/10360","targetHints":{"allow":["GET"]}}],"collection":[{"href":"https:\/\/apuntesdesanluis.com\/index.php\/wp-json\/wp\/v2\/posts"}],"about":[{"href":"https:\/\/apuntesdesanluis.com\/index.php\/wp-json\/wp\/v2\/types\/post"}],"author":[{"embeddable":true,"href":"https:\/\/apuntesdesanluis.com\/index.php\/wp-json\/wp\/v2\/users\/1"}],"replies":[{"embeddable":true,"href":"https:\/\/apuntesdesanluis.com\/index.php\/wp-json\/wp\/v2\/comments?post=10360"}],"version-history":[{"count":1,"href":"https:\/\/apuntesdesanluis.com\/index.php\/wp-json\/wp\/v2\/posts\/10360\/revisions"}],"predecessor-version":[{"id":10362,"href":"https:\/\/apuntesdesanluis.com\/index.php\/wp-json\/wp\/v2\/posts\/10360\/revisions\/10362"}],"wp:featuredmedia":[{"embeddable":true,"href":"https:\/\/apuntesdesanluis.com\/index.php\/wp-json\/wp\/v2\/media\/10361"}],"wp:attachment":[{"href":"https:\/\/apuntesdesanluis.com\/index.php\/wp-json\/wp\/v2\/media?parent=10360"}],"wp:term":[{"taxonomy":"category","embeddable":true,"href":"https:\/\/apuntesdesanluis.com\/index.php\/wp-json\/wp\/v2\/categories?post=10360"},{"taxonomy":"post_tag","embeddable":true,"href":"https:\/\/apuntesdesanluis.com\/index.php\/wp-json\/wp\/v2\/tags?post=10360"}],"curies":[{"name":"wp","href":"https:\/\/api.w.org\/{rel}","templated":true}]}}