{"id":10393,"date":"2024-01-19T21:48:08","date_gmt":"2024-01-20T00:48:08","guid":{"rendered":"https:\/\/apuntesdesanluis.com\/?p=10393"},"modified":"2024-01-19T21:48:08","modified_gmt":"2024-01-20T00:48:08","slug":"el-gobierno-extendio-las-extraordinarias-hasta-el-15-de-febrero-para-poder-aprobar-la-ley-omnibus","status":"publish","type":"post","link":"https:\/\/apuntesdesanluis.com\/index.php\/2024\/01\/19\/el-gobierno-extendio-las-extraordinarias-hasta-el-15-de-febrero-para-poder-aprobar-la-ley-omnibus\/","title":{"rendered":"EL GOBIERNO EXTENDI\u00d3 LAS EXTRAORDINARIAS HASTA EL 15 DE FEBRERO PARA PODER APROBAR LA LEY \u00d3MNIBUS"},"content":{"rendered":"<h3>El presidente <strong>Javier Milei<\/strong> envi\u00f3 al Congreso el mensaje de extensi\u00f3n del per\u00edodo de sesiones extraordinarias, que ahora ser\u00e1 hasta el pr\u00f3ximo 15 de febrero.<\/h3>\n<h3>As\u00ed lo supo Noticias Argentinas de fuentes legislativas, que confirmaron tambi\u00e9n la ampliaci\u00f3n de la lista de temas que podr\u00e1n abordarse en ese per\u00edodo.<\/h3>\n<h3>La extensi\u00f3n de las extraordinarias muestra que el Gobierno ya abandon\u00f3 la idea de aprobar la ley \u00f3mnibus en el plazo vigente de sesiones, hasta el 31 de enero.<\/h3>\n<h3>Teniendo en cuenta que con el principio de acuerdo con bloques de la oposici\u00f3n reci\u00e9n la ley \u00f3mnibus podr\u00eda llegar al recinto de Diputados la pr\u00f3xima semana (martes o jueves), ser\u00eda imposible que el Senado pudiera tratarla antes de fin de mes, ya que en la C\u00e1mara alta deben pasar siete d\u00edas desde la firma de un dictamen para que llegue a discutirse en el pleno.<\/h3>\n<h3>Por esa raz\u00f3n y con la expectativa de entablar acuerdos que puedan motorizar la aprobaci\u00f3n, el oficialismo cedi\u00f3 ante el pedido de la oposici\u00f3n de extender el plazo de sesiones extraordinarias.<\/h3>\n<h3>En la pr\u00f3rroga firmada por el presidente Javier Milei, que este viernes regres\u00f3 al pa\u00eds tras su visita a Suiza para participar del foro de Davos, se ampli\u00f3 el temario y se incluyeron tres proyectos.<\/h3>\n<h3>El primero es el que autoriza la entrada de tropas extranjeras al territorio nacional para participar en el ejercicio \u201cAdiestramiento Combinado para la Defensa de los Recursos Pesqueros Argentinos\u201d, que se llevar\u00e1 a cabo entre la Prefectura Naval de la Rep\u00fablica Argentina y el guardacostas USCG James de la Guardia Costera de los Estados Unidos durante el mes de abril de 2024.<\/h3>\n<h3>El segundo es el proyecto de ley por el que se sustituye el Cap\u00edtulo II \u2013Defensa Nacional- del T\u00edtulo IV \u2013Seguridad y Defensa- del Proyecto de Ley de Bases y Puntos de Partida para la Libertad de los Argentinos, comunicado por Mensaje N\u00b0 7 del 27 de diciembre de 2023.<\/h3>\n<h3>El \u00faltimo una modificatoria del C\u00f3digo Penal y de la Ley N\u00b0 25.246 respecto de la Prevenci\u00f3n y Represi\u00f3n del Lavado de Activos, la Financiaci\u00f3n del Terrorismo y el Financiamiento de la Proliferaci\u00f3n de Armas de Destrucci\u00f3n Masiva (Msje. 28\/2022 Exp. Senado 3-CD-2023).<\/h3>\n<p>&nbsp;<\/p>\n<p>&nbsp;<\/p>\n<p>&nbsp;<\/p>\n","protected":false},"excerpt":{"rendered":"<p>El presidente Javier Milei envi\u00f3 al Congreso el mensaje de extensi\u00f3n del per\u00edodo de sesiones&#8230;<\/p>\n","protected":false},"author":1,"featured_media":10394,"comment_status":"closed","ping_status":"closed","sticky":false,"template":"","format":"standard","meta":{"footnotes":""},"categories":[5],"tags":[],"class_list":["post-10393","post","type-post","status-publish","format-standard","has-post-thumbnail","hentry","category-nacionales-internacionales"],"yoast_head":"<!-- This site is optimized with the Yoast SEO plugin v26.1.1 - https:\/\/yoast.com\/wordpress\/plugins\/seo\/ -->\n<title>EL GOBIERNO EXTENDI\u00d3 LAS EXTRAORDINARIAS HASTA EL 15 DE FEBRERO PARA PODER APROBAR LA LEY \u00d3MNIBUS - Apuntes de San Luis<\/title>\n<meta name=\"robots\" content=\"index, follow, max-snippet:-1, max-image-preview:large, max-video-preview:-1\" \/>\n<link rel=\"canonical\" href=\"https:\/\/apuntesdesanluis.com\/index.php\/2024\/01\/19\/el-gobierno-extendio-las-extraordinarias-hasta-el-15-de-febrero-para-poder-aprobar-la-ley-omnibus\/\" \/>\n<meta property=\"og:locale\" content=\"es_ES\" \/>\n<meta property=\"og:type\" content=\"article\" \/>\n<meta property=\"og:title\" content=\"EL GOBIERNO EXTENDI\u00d3 LAS EXTRAORDINARIAS HASTA EL 15 DE FEBRERO PARA PODER APROBAR LA LEY \u00d3MNIBUS - Apuntes de San Luis\" \/>\n<meta property=\"og:description\" content=\"El presidente Javier Milei envi\u00f3 al Congreso el mensaje de extensi\u00f3n del per\u00edodo de sesiones...\" \/>\n<meta property=\"og:url\" content=\"https:\/\/apuntesdesanluis.com\/index.php\/2024\/01\/19\/el-gobierno-extendio-las-extraordinarias-hasta-el-15-de-febrero-para-poder-aprobar-la-ley-omnibus\/\" \/>\n<meta property=\"og:site_name\" content=\"Apuntes de San Luis\" \/>\n<meta property=\"article:published_time\" content=\"2024-01-20T00:48:08+00:00\" \/>\n<meta property=\"og:image\" content=\"https:\/\/apuntesdesanluis.com\/wp-content\/uploads\/2024\/01\/CONGRESO.png\" \/>\n\t<meta property=\"og:image:width\" content=\"702\" \/>\n\t<meta property=\"og:image:height\" content=\"432\" \/>\n\t<meta property=\"og:image:type\" content=\"image\/png\" \/>\n<meta name=\"author\" content=\"apuntesdesanluis.com\" \/>\n<meta name=\"twitter:card\" content=\"summary_large_image\" \/>\n<meta name=\"twitter:label1\" content=\"Escrito por\" \/>\n\t<meta name=\"twitter:data1\" content=\"apuntesdesanluis.com\" \/>\n\t<meta name=\"twitter:label2\" content=\"Tiempo de lectura\" \/>\n\t<meta name=\"twitter:data2\" content=\"2 minutos\" \/>\n<script type=\"application\/ld+json\" class=\"yoast-schema-graph\">{\"@context\":\"https:\/\/schema.org\",\"@graph\":[{\"@type\":\"Article\",\"@id\":\"https:\/\/apuntesdesanluis.com\/index.php\/2024\/01\/19\/el-gobierno-extendio-las-extraordinarias-hasta-el-15-de-febrero-para-poder-aprobar-la-ley-omnibus\/#article\",\"isPartOf\":{\"@id\":\"https:\/\/apuntesdesanluis.com\/index.php\/2024\/01\/19\/el-gobierno-extendio-las-extraordinarias-hasta-el-15-de-febrero-para-poder-aprobar-la-ley-omnibus\/\"},\"author\":{\"name\":\"apuntesdesanluis.com\",\"@id\":\"https:\/\/apuntesdesanluis.com\/#\/schema\/person\/b55151d52296fcce64d1a72538a70b90\"},\"headline\":\"EL GOBIERNO EXTENDI\u00d3 LAS EXTRAORDINARIAS HASTA EL 15 DE FEBRERO PARA PODER APROBAR LA LEY \u00d3MNIBUS\",\"datePublished\":\"2024-01-20T00:48:08+00:00\",\"mainEntityOfPage\":{\"@id\":\"https:\/\/apuntesdesanluis.com\/index.php\/2024\/01\/19\/el-gobierno-extendio-las-extraordinarias-hasta-el-15-de-febrero-para-poder-aprobar-la-ley-omnibus\/\"},\"wordCount\":404,\"publisher\":{\"@id\":\"https:\/\/apuntesdesanluis.com\/#\/schema\/person\/b55151d52296fcce64d1a72538a70b90\"},\"image\":{\"@id\":\"https:\/\/apuntesdesanluis.com\/index.php\/2024\/01\/19\/el-gobierno-extendio-las-extraordinarias-hasta-el-15-de-febrero-para-poder-aprobar-la-ley-omnibus\/#primaryimage\"},\"thumbnailUrl\":\"https:\/\/apuntesdesanluis.com\/wp-content\/uploads\/2024\/01\/CONGRESO.png\",\"articleSection\":[\"Nacionales\/Internacionales\"],\"inLanguage\":\"es-AR\"},{\"@type\":\"WebPage\",\"@id\":\"https:\/\/apuntesdesanluis.com\/index.php\/2024\/01\/19\/el-gobierno-extendio-las-extraordinarias-hasta-el-15-de-febrero-para-poder-aprobar-la-ley-omnibus\/\",\"url\":\"https:\/\/apuntesdesanluis.com\/index.php\/2024\/01\/19\/el-gobierno-extendio-las-extraordinarias-hasta-el-15-de-febrero-para-poder-aprobar-la-ley-omnibus\/\",\"name\":\"EL GOBIERNO EXTENDI\u00d3 LAS EXTRAORDINARIAS HASTA EL 15 DE FEBRERO PARA PODER APROBAR LA LEY \u00d3MNIBUS - Apuntes de San Luis\",\"isPartOf\":{\"@id\":\"https:\/\/apuntesdesanluis.com\/#website\"},\"primaryImageOfPage\":{\"@id\":\"https:\/\/apuntesdesanluis.com\/index.php\/2024\/01\/19\/el-gobierno-extendio-las-extraordinarias-hasta-el-15-de-febrero-para-poder-aprobar-la-ley-omnibus\/#primaryimage\"},\"image\":{\"@id\":\"https:\/\/apuntesdesanluis.com\/index.php\/2024\/01\/19\/el-gobierno-extendio-las-extraordinarias-hasta-el-15-de-febrero-para-poder-aprobar-la-ley-omnibus\/#primaryimage\"},\"thumbnailUrl\":\"https:\/\/apuntesdesanluis.com\/wp-content\/uploads\/2024\/01\/CONGRESO.png\",\"datePublished\":\"2024-01-20T00:48:08+00:00\",\"breadcrumb\":{\"@id\":\"https:\/\/apuntesdesanluis.com\/index.php\/2024\/01\/19\/el-gobierno-extendio-las-extraordinarias-hasta-el-15-de-febrero-para-poder-aprobar-la-ley-omnibus\/#breadcrumb\"},\"inLanguage\":\"es-AR\",\"potentialAction\":[{\"@type\":\"ReadAction\",\"target\":[\"https:\/\/apuntesdesanluis.com\/index.php\/2024\/01\/19\/el-gobierno-extendio-las-extraordinarias-hasta-el-15-de-febrero-para-poder-aprobar-la-ley-omnibus\/\"]}]},{\"@type\":\"ImageObject\",\"inLanguage\":\"es-AR\",\"@id\":\"https:\/\/apuntesdesanluis.com\/index.php\/2024\/01\/19\/el-gobierno-extendio-las-extraordinarias-hasta-el-15-de-febrero-para-poder-aprobar-la-ley-omnibus\/#primaryimage\",\"url\":\"https:\/\/apuntesdesanluis.com\/wp-content\/uploads\/2024\/01\/CONGRESO.png\",\"contentUrl\":\"https:\/\/apuntesdesanluis.com\/wp-content\/uploads\/2024\/01\/CONGRESO.png\",\"width\":702,\"height\":432},{\"@type\":\"BreadcrumbList\",\"@id\":\"https:\/\/apuntesdesanluis.com\/index.php\/2024\/01\/19\/el-gobierno-extendio-las-extraordinarias-hasta-el-15-de-febrero-para-poder-aprobar-la-ley-omnibus\/#breadcrumb\",\"itemListElement\":[{\"@type\":\"ListItem\",\"position\":1,\"name\":\"Inicio\",\"item\":\"https:\/\/apuntesdesanluis.com\/\"},{\"@type\":\"ListItem\",\"position\":2,\"name\":\"EL GOBIERNO EXTENDI\u00d3 LAS EXTRAORDINARIAS HASTA EL 15 DE FEBRERO PARA PODER APROBAR LA LEY \u00d3MNIBUS\"}]},{\"@type\":\"WebSite\",\"@id\":\"https:\/\/apuntesdesanluis.com\/#website\",\"url\":\"https:\/\/apuntesdesanluis.com\/\",\"name\":\"Apuntes de San Luis\",\"description\":\"\",\"publisher\":{\"@id\":\"https:\/\/apuntesdesanluis.com\/#\/schema\/person\/b55151d52296fcce64d1a72538a70b90\"},\"potentialAction\":[{\"@type\":\"SearchAction\",\"target\":{\"@type\":\"EntryPoint\",\"urlTemplate\":\"https:\/\/apuntesdesanluis.com\/?s={search_term_string}\"},\"query-input\":{\"@type\":\"PropertyValueSpecification\",\"valueRequired\":true,\"valueName\":\"search_term_string\"}}],\"inLanguage\":\"es-AR\"},{\"@type\":[\"Person\",\"Organization\"],\"@id\":\"https:\/\/apuntesdesanluis.com\/#\/schema\/person\/b55151d52296fcce64d1a72538a70b90\",\"name\":\"apuntesdesanluis.com\",\"image\":{\"@type\":\"ImageObject\",\"inLanguage\":\"es-AR\",\"@id\":\"https:\/\/apuntesdesanluis.com\/#\/schema\/person\/image\/\",\"url\":\"https:\/\/apuntesdesanluis.com\/wp-content\/uploads\/2023\/07\/cropped-apuntesdesanluis.png\",\"contentUrl\":\"https:\/\/apuntesdesanluis.com\/wp-content\/uploads\/2023\/07\/cropped-apuntesdesanluis.png\",\"width\":450,\"height\":112,\"caption\":\"apuntesdesanluis.com\"},\"logo\":{\"@id\":\"https:\/\/apuntesdesanluis.com\/#\/schema\/person\/image\/\"},\"sameAs\":[\"https:\/\/apuntesdesanluis.com\"],\"url\":\"https:\/\/apuntesdesanluis.com\/index.php\/author\/apuntesdesanluis-com\/\"}]}<\/script>\n<!-- \/ Yoast SEO plugin. -->","yoast_head_json":{"title":"EL GOBIERNO EXTENDI\u00d3 LAS EXTRAORDINARIAS HASTA EL 15 DE FEBRERO PARA PODER APROBAR LA LEY \u00d3MNIBUS - Apuntes de San Luis","robots":{"index":"index","follow":"follow","max-snippet":"max-snippet:-1","max-image-preview":"max-image-preview:large","max-video-preview":"max-video-preview:-1"},"canonical":"https:\/\/apuntesdesanluis.com\/index.php\/2024\/01\/19\/el-gobierno-extendio-las-extraordinarias-hasta-el-15-de-febrero-para-poder-aprobar-la-ley-omnibus\/","og_locale":"es_ES","og_type":"article","og_title":"EL GOBIERNO EXTENDI\u00d3 LAS EXTRAORDINARIAS HASTA EL 15 DE FEBRERO PARA PODER APROBAR LA LEY \u00d3MNIBUS - Apuntes de San Luis","og_description":"El presidente Javier Milei envi\u00f3 al Congreso el mensaje de extensi\u00f3n del per\u00edodo de sesiones...","og_url":"https:\/\/apuntesdesanluis.com\/index.php\/2024\/01\/19\/el-gobierno-extendio-las-extraordinarias-hasta-el-15-de-febrero-para-poder-aprobar-la-ley-omnibus\/","og_site_name":"Apuntes de San Luis","article_published_time":"2024-01-20T00:48:08+00:00","og_image":[{"width":702,"height":432,"url":"https:\/\/apuntesdesanluis.com\/wp-content\/uploads\/2024\/01\/CONGRESO.png","type":"image\/png"}],"author":"apuntesdesanluis.com","twitter_card":"summary_large_image","twitter_misc":{"Escrito por":"apuntesdesanluis.com","Tiempo de lectura":"2 minutos"},"schema":{"@context":"https:\/\/schema.org","@graph":[{"@type":"Article","@id":"https:\/\/apuntesdesanluis.com\/index.php\/2024\/01\/19\/el-gobierno-extendio-las-extraordinarias-hasta-el-15-de-febrero-para-poder-aprobar-la-ley-omnibus\/#article","isPartOf":{"@id":"https:\/\/apuntesdesanluis.com\/index.php\/2024\/01\/19\/el-gobierno-extendio-las-extraordinarias-hasta-el-15-de-febrero-para-poder-aprobar-la-ley-omnibus\/"},"author":{"name":"apuntesdesanluis.com","@id":"https:\/\/apuntesdesanluis.com\/#\/schema\/person\/b55151d52296fcce64d1a72538a70b90"},"headline":"EL GOBIERNO EXTENDI\u00d3 LAS EXTRAORDINARIAS HASTA EL 15 DE FEBRERO PARA PODER APROBAR LA LEY \u00d3MNIBUS","datePublished":"2024-01-20T00:48:08+00:00","mainEntityOfPage":{"@id":"https:\/\/apuntesdesanluis.com\/index.php\/2024\/01\/19\/el-gobierno-extendio-las-extraordinarias-hasta-el-15-de-febrero-para-poder-aprobar-la-ley-omnibus\/"},"wordCount":404,"publisher":{"@id":"https:\/\/apuntesdesanluis.com\/#\/schema\/person\/b55151d52296fcce64d1a72538a70b90"},"image":{"@id":"https:\/\/apuntesdesanluis.com\/index.php\/2024\/01\/19\/el-gobierno-extendio-las-extraordinarias-hasta-el-15-de-febrero-para-poder-aprobar-la-ley-omnibus\/#primaryimage"},"thumbnailUrl":"https:\/\/apuntesdesanluis.com\/wp-content\/uploads\/2024\/01\/CONGRESO.png","articleSection":["Nacionales\/Internacionales"],"inLanguage":"es-AR"},{"@type":"WebPage","@id":"https:\/\/apuntesdesanluis.com\/index.php\/2024\/01\/19\/el-gobierno-extendio-las-extraordinarias-hasta-el-15-de-febrero-para-poder-aprobar-la-ley-omnibus\/","url":"https:\/\/apuntesdesanluis.com\/index.php\/2024\/01\/19\/el-gobierno-extendio-las-extraordinarias-hasta-el-15-de-febrero-para-poder-aprobar-la-ley-omnibus\/","name":"EL GOBIERNO EXTENDI\u00d3 LAS EXTRAORDINARIAS HASTA EL 15 DE FEBRERO PARA PODER APROBAR LA LEY \u00d3MNIBUS - Apuntes de San Luis","isPartOf":{"@id":"https:\/\/apuntesdesanluis.com\/#website"},"primaryImageOfPage":{"@id":"https:\/\/apuntesdesanluis.com\/index.php\/2024\/01\/19\/el-gobierno-extendio-las-extraordinarias-hasta-el-15-de-febrero-para-poder-aprobar-la-ley-omnibus\/#primaryimage"},"image":{"@id":"https:\/\/apuntesdesanluis.com\/index.php\/2024\/01\/19\/el-gobierno-extendio-las-extraordinarias-hasta-el-15-de-febrero-para-poder-aprobar-la-ley-omnibus\/#primaryimage"},"thumbnailUrl":"https:\/\/apuntesdesanluis.com\/wp-content\/uploads\/2024\/01\/CONGRESO.png","datePublished":"2024-01-20T00:48:08+00:00","breadcrumb":{"@id":"https:\/\/apuntesdesanluis.com\/index.php\/2024\/01\/19\/el-gobierno-extendio-las-extraordinarias-hasta-el-15-de-febrero-para-poder-aprobar-la-ley-omnibus\/#breadcrumb"},"inLanguage":"es-AR","potentialAction":[{"@type":"ReadAction","target":["https:\/\/apuntesdesanluis.com\/index.php\/2024\/01\/19\/el-gobierno-extendio-las-extraordinarias-hasta-el-15-de-febrero-para-poder-aprobar-la-ley-omnibus\/"]}]},{"@type":"ImageObject","inLanguage":"es-AR","@id":"https:\/\/apuntesdesanluis.com\/index.php\/2024\/01\/19\/el-gobierno-extendio-las-extraordinarias-hasta-el-15-de-febrero-para-poder-aprobar-la-ley-omnibus\/#primaryimage","url":"https:\/\/apuntesdesanluis.com\/wp-content\/uploads\/2024\/01\/CONGRESO.png","contentUrl":"https:\/\/apuntesdesanluis.com\/wp-content\/uploads\/2024\/01\/CONGRESO.png","width":702,"height":432},{"@type":"BreadcrumbList","@id":"https:\/\/apuntesdesanluis.com\/index.php\/2024\/01\/19\/el-gobierno-extendio-las-extraordinarias-hasta-el-15-de-febrero-para-poder-aprobar-la-ley-omnibus\/#breadcrumb","itemListElement":[{"@type":"ListItem","position":1,"name":"Inicio","item":"https:\/\/apuntesdesanluis.com\/"},{"@type":"ListItem","position":2,"name":"EL GOBIERNO EXTENDI\u00d3 LAS EXTRAORDINARIAS HASTA EL 15 DE FEBRERO PARA PODER APROBAR LA LEY \u00d3MNIBUS"}]},{"@type":"WebSite","@id":"https:\/\/apuntesdesanluis.com\/#website","url":"https:\/\/apuntesdesanluis.com\/","name":"Apuntes de San Luis","description":"","publisher":{"@id":"https:\/\/apuntesdesanluis.com\/#\/schema\/person\/b55151d52296fcce64d1a72538a70b90"},"potentialAction":[{"@type":"SearchAction","target":{"@type":"EntryPoint","urlTemplate":"https:\/\/apuntesdesanluis.com\/?s={search_term_string}"},"query-input":{"@type":"PropertyValueSpecification","valueRequired":true,"valueName":"search_term_string"}}],"inLanguage":"es-AR"},{"@type":["Person","Organization"],"@id":"https:\/\/apuntesdesanluis.com\/#\/schema\/person\/b55151d52296fcce64d1a72538a70b90","name":"apuntesdesanluis.com","image":{"@type":"ImageObject","inLanguage":"es-AR","@id":"https:\/\/apuntesdesanluis.com\/#\/schema\/person\/image\/","url":"https:\/\/apuntesdesanluis.com\/wp-content\/uploads\/2023\/07\/cropped-apuntesdesanluis.png","contentUrl":"https:\/\/apuntesdesanluis.com\/wp-content\/uploads\/2023\/07\/cropped-apuntesdesanluis.png","width":450,"height":112,"caption":"apuntesdesanluis.com"},"logo":{"@id":"https:\/\/apuntesdesanluis.com\/#\/schema\/person\/image\/"},"sameAs":["https:\/\/apuntesdesanluis.com"],"url":"https:\/\/apuntesdesanluis.com\/index.php\/author\/apuntesdesanluis-com\/"}]}},"featured_image_urls":{"full":["https:\/\/apuntesdesanluis.com\/wp-content\/uploads\/2024\/01\/CONGRESO.png",702,432,false],"thumbnail":["https:\/\/apuntesdesanluis.com\/wp-content\/uploads\/2024\/01\/CONGRESO-150x150.png",150,150,true],"medium":["https:\/\/apuntesdesanluis.com\/wp-content\/uploads\/2024\/01\/CONGRESO-300x185.png",300,185,true],"medium_large":["https:\/\/apuntesdesanluis.com\/wp-content\/uploads\/2024\/01\/CONGRESO.png",640,394,false],"large":["https:\/\/apuntesdesanluis.com\/wp-content\/uploads\/2024\/01\/CONGRESO.png",640,394,false],"1536x1536":["https:\/\/apuntesdesanluis.com\/wp-content\/uploads\/2024\/01\/CONGRESO.png",702,432,false],"2048x2048":["https:\/\/apuntesdesanluis.com\/wp-content\/uploads\/2024\/01\/CONGRESO.png",702,432,false],"newsever-slider-full":["https:\/\/apuntesdesanluis.com\/wp-content\/uploads\/2024\/01\/CONGRESO.png",702,432,false],"newsever-featured":["https:\/\/apuntesdesanluis.com\/wp-content\/uploads\/2024\/01\/CONGRESO.png",702,432,false],"newsever-medium":["https:\/\/apuntesdesanluis.com\/wp-content\/uploads\/2024\/01\/CONGRESO.png",702,432,false]},"author_info":{"display_name":"apuntesdesanluis.com","author_link":"https:\/\/apuntesdesanluis.com\/index.php\/author\/apuntesdesanluis-com\/"},"category_info":"<a href=\"https:\/\/apuntesdesanluis.com\/index.php\/category\/nacionales-internacionales\/\" rel=\"category tag\">Nacionales\/Internacionales<\/a>","tag_info":"Nacionales\/Internacionales","comment_count":"0","_links":{"self":[{"href":"https:\/\/apuntesdesanluis.com\/index.php\/wp-json\/wp\/v2\/posts\/10393","targetHints":{"allow":["GET"]}}],"collection":[{"href":"https:\/\/apuntesdesanluis.com\/index.php\/wp-json\/wp\/v2\/posts"}],"about":[{"href":"https:\/\/apuntesdesanluis.com\/index.php\/wp-json\/wp\/v2\/types\/post"}],"author":[{"embeddable":true,"href":"https:\/\/apuntesdesanluis.com\/index.php\/wp-json\/wp\/v2\/users\/1"}],"replies":[{"embeddable":true,"href":"https:\/\/apuntesdesanluis.com\/index.php\/wp-json\/wp\/v2\/comments?post=10393"}],"version-history":[{"count":1,"href":"https:\/\/apuntesdesanluis.com\/index.php\/wp-json\/wp\/v2\/posts\/10393\/revisions"}],"predecessor-version":[{"id":10395,"href":"https:\/\/apuntesdesanluis.com\/index.php\/wp-json\/wp\/v2\/posts\/10393\/revisions\/10395"}],"wp:featuredmedia":[{"embeddable":true,"href":"https:\/\/apuntesdesanluis.com\/index.php\/wp-json\/wp\/v2\/media\/10394"}],"wp:attachment":[{"href":"https:\/\/apuntesdesanluis.com\/index.php\/wp-json\/wp\/v2\/media?parent=10393"}],"wp:term":[{"taxonomy":"category","embeddable":true,"href":"https:\/\/apuntesdesanluis.com\/index.php\/wp-json\/wp\/v2\/categories?post=10393"},{"taxonomy":"post_tag","embeddable":true,"href":"https:\/\/apuntesdesanluis.com\/index.php\/wp-json\/wp\/v2\/tags?post=10393"}],"curies":[{"name":"wp","href":"https:\/\/api.w.org\/{rel}","templated":true}]}}