{"id":10416,"date":"2024-01-19T22:21:54","date_gmt":"2024-01-20T01:21:54","guid":{"rendered":"https:\/\/apuntesdesanluis.com\/?p=10416"},"modified":"2024-01-19T22:21:54","modified_gmt":"2024-01-20T01:21:54","slug":"reconocieron-a-un-policia-por-salvarle-la-vida-a-un-bebe-en-villa-mercedes","status":"publish","type":"post","link":"https:\/\/apuntesdesanluis.com\/index.php\/2024\/01\/19\/reconocieron-a-un-policia-por-salvarle-la-vida-a-un-bebe-en-villa-mercedes\/","title":{"rendered":"RECONOCIERON A UN POLIC\u00cdA POR SALVARLE LA VIDA A UN BEB\u00c9 EN VILLA MERCEDES"},"content":{"rendered":"<h3>Al cabo <strong>Jorge Quiroga<\/strong> le otorgaron una distinci\u00f3n tras asistir al peque\u00f1o <strong>Tadeo<\/strong>, de apenas un a\u00f1o, quien arrib\u00f3 a la dependencia sin signos vitales y en condici\u00f3n cr\u00edtica. El efectivo tuvo la destreza y la habilidad para reanimarlo y mantenerlo con vida hasta la llegada de personal de Salud.<\/h3>\n<h3>El cabo Jorge Quiroga cumple funciones como jefe de guardia en la Divisi\u00f3n de Respuesta Inmediata Motorizada (DRIM), dependiente de la Unidad Regional N\u00b02, en la localidad de Villa Mercedes. Este jueves, la ministro de Seguridad, <strong>Nancy Sosa<\/strong>, y el jefe de la Polic\u00eda, comisario general (RV) <strong>Pablo Vieytes<\/strong>, le otorgaron una menci\u00f3n especial al efectivo por su celeridad, eficiencia y solidaridad en el duro momento que le toc\u00f3 vivir tras la llegada de un ni\u00f1o de un a\u00f1o, desvanecido y en peligro.<\/h3>\n<p><img fetchpriority=\"high\" decoding=\"async\" class=\"wp-image-10418 aligncenter\" src=\"https:\/\/apuntesdesanluis.com\/wp-content\/uploads\/2024\/01\/CABO-300x223.png\" alt=\"\" width=\"603\" height=\"448\" srcset=\"https:\/\/apuntesdesanluis.com\/wp-content\/uploads\/2024\/01\/CABO-300x223.png 300w, https:\/\/apuntesdesanluis.com\/wp-content\/uploads\/2024\/01\/CABO.png 623w\" sizes=\"(max-width: 603px) 100vw, 603px\" \/><\/p>\n<h3>El hecho que desemboc\u00f3 en el reconocimiento sucedi\u00f3 el 16 de enero, cerca de las 21:00, cuando Luc\u00eda acudi\u00f3 a la dependencia policial con su hijo Tadeo, solicitando ayuda porque el peque\u00f1o estaba descompensado y sin signos vitales. Seg\u00fan cont\u00f3 la mam\u00e1 a los oficiales, el beb\u00e9 jugaba con una pelota en su casa cuando se golpe\u00f3 con el suelo y entr\u00f3 en convulsi\u00f3n, perdi\u00f3 la capacidad de respirar y se desmay\u00f3.<\/h3>\n<h3>Quiroga fue quien recibi\u00f3 al ni\u00f1o y, tras practicarle distintas maniobras, pudo reanimarlo y contenerlo, al igual que a su mam\u00e1, hasta que lleg\u00f3 la ambulancia. \u201cFue un momento dif\u00edcil porque tambi\u00e9n soy pap\u00e1, pero por suerte sali\u00f3 todo bien\u201d, destac\u00f3 el oficial.<\/h3>\n<h3><strong>Luc\u00eda<\/strong>, en declaraciones para el canal San Luis+, asegur\u00f3 que \u201cel polic\u00eda le salv\u00f3 la vida a mi hijo. No lleg\u00e1bamos al hospital. Gracias a \u00e9l lo tengo conmigo\u201d.<\/h3>\n<h3>Por su parte, el jefe de la Polic\u00eda expres\u00f3 su reflexi\u00f3n sobre el acontecimiento: \u201cEl cabo Quiroga auxili\u00f3 a un menor de un a\u00f1o en estado cr\u00edtico. Esas cosas son dignas de destacar. Le inform\u00e9 a la se\u00f1ora Ministro de esta situaci\u00f3n, porque esos son los valores y principios que hay que realzar, ponerlo en conocimiento y reconocerlo\u201d.<\/h3>\n<p>&nbsp;<\/p>\n<p>&nbsp;<\/p>\n<p>&nbsp;<\/p>\n","protected":false},"excerpt":{"rendered":"<p>Al cabo Jorge Quiroga le otorgaron una distinci\u00f3n tras asistir al peque\u00f1o Tadeo, de apenas&#8230;<\/p>\n","protected":false},"author":1,"featured_media":10417,"comment_status":"closed","ping_status":"closed","sticky":false,"template":"","format":"standard","meta":{"footnotes":""},"categories":[6],"tags":[],"class_list":["post-10416","post","type-post","status-publish","format-standard","has-post-thumbnail","hentry","category-ciudad-provincia"],"yoast_head":"<!-- This site is optimized with the Yoast SEO plugin v26.1.1 - https:\/\/yoast.com\/wordpress\/plugins\/seo\/ -->\n<title>RECONOCIERON A UN POLIC\u00cdA POR SALVARLE LA VIDA A UN BEB\u00c9 EN VILLA MERCEDES - Apuntes de San Luis<\/title>\n<meta name=\"robots\" content=\"index, follow, max-snippet:-1, max-image-preview:large, max-video-preview:-1\" \/>\n<link rel=\"canonical\" href=\"https:\/\/apuntesdesanluis.com\/index.php\/2024\/01\/19\/reconocieron-a-un-policia-por-salvarle-la-vida-a-un-bebe-en-villa-mercedes\/\" \/>\n<meta property=\"og:locale\" content=\"es_ES\" \/>\n<meta property=\"og:type\" content=\"article\" \/>\n<meta property=\"og:title\" content=\"RECONOCIERON A UN POLIC\u00cdA POR SALVARLE LA VIDA A UN BEB\u00c9 EN VILLA MERCEDES - Apuntes de San Luis\" \/>\n<meta property=\"og:description\" content=\"Al cabo Jorge Quiroga le otorgaron una distinci\u00f3n tras asistir al peque\u00f1o Tadeo, de apenas...\" \/>\n<meta property=\"og:url\" content=\"https:\/\/apuntesdesanluis.com\/index.php\/2024\/01\/19\/reconocieron-a-un-policia-por-salvarle-la-vida-a-un-bebe-en-villa-mercedes\/\" \/>\n<meta property=\"og:site_name\" content=\"Apuntes de San Luis\" \/>\n<meta property=\"article:published_time\" content=\"2024-01-20T01:21:54+00:00\" \/>\n<meta property=\"og:image\" content=\"https:\/\/apuntesdesanluis.com\/wp-content\/uploads\/2024\/01\/RECONOCIMIENTO.png\" \/>\n\t<meta property=\"og:image:width\" content=\"682\" \/>\n\t<meta property=\"og:image:height\" content=\"423\" \/>\n\t<meta property=\"og:image:type\" content=\"image\/png\" \/>\n<meta name=\"author\" content=\"apuntesdesanluis.com\" \/>\n<meta name=\"twitter:card\" content=\"summary_large_image\" \/>\n<meta name=\"twitter:label1\" content=\"Escrito por\" \/>\n\t<meta name=\"twitter:data1\" content=\"apuntesdesanluis.com\" \/>\n\t<meta name=\"twitter:label2\" content=\"Tiempo de lectura\" \/>\n\t<meta name=\"twitter:data2\" content=\"2 minutos\" \/>\n<script type=\"application\/ld+json\" class=\"yoast-schema-graph\">{\"@context\":\"https:\/\/schema.org\",\"@graph\":[{\"@type\":\"Article\",\"@id\":\"https:\/\/apuntesdesanluis.com\/index.php\/2024\/01\/19\/reconocieron-a-un-policia-por-salvarle-la-vida-a-un-bebe-en-villa-mercedes\/#article\",\"isPartOf\":{\"@id\":\"https:\/\/apuntesdesanluis.com\/index.php\/2024\/01\/19\/reconocieron-a-un-policia-por-salvarle-la-vida-a-un-bebe-en-villa-mercedes\/\"},\"author\":{\"name\":\"apuntesdesanluis.com\",\"@id\":\"https:\/\/apuntesdesanluis.com\/#\/schema\/person\/b55151d52296fcce64d1a72538a70b90\"},\"headline\":\"RECONOCIERON A UN POLIC\u00cdA POR SALVARLE LA VIDA A UN BEB\u00c9 EN VILLA MERCEDES\",\"datePublished\":\"2024-01-20T01:21:54+00:00\",\"mainEntityOfPage\":{\"@id\":\"https:\/\/apuntesdesanluis.com\/index.php\/2024\/01\/19\/reconocieron-a-un-policia-por-salvarle-la-vida-a-un-bebe-en-villa-mercedes\/\"},\"wordCount\":377,\"publisher\":{\"@id\":\"https:\/\/apuntesdesanluis.com\/#\/schema\/person\/b55151d52296fcce64d1a72538a70b90\"},\"image\":{\"@id\":\"https:\/\/apuntesdesanluis.com\/index.php\/2024\/01\/19\/reconocieron-a-un-policia-por-salvarle-la-vida-a-un-bebe-en-villa-mercedes\/#primaryimage\"},\"thumbnailUrl\":\"https:\/\/apuntesdesanluis.com\/wp-content\/uploads\/2024\/01\/RECONOCIMIENTO.png\",\"articleSection\":[\"Ciudad\/Provincia\"],\"inLanguage\":\"es-AR\"},{\"@type\":\"WebPage\",\"@id\":\"https:\/\/apuntesdesanluis.com\/index.php\/2024\/01\/19\/reconocieron-a-un-policia-por-salvarle-la-vida-a-un-bebe-en-villa-mercedes\/\",\"url\":\"https:\/\/apuntesdesanluis.com\/index.php\/2024\/01\/19\/reconocieron-a-un-policia-por-salvarle-la-vida-a-un-bebe-en-villa-mercedes\/\",\"name\":\"RECONOCIERON A UN POLIC\u00cdA POR SALVARLE LA VIDA A UN BEB\u00c9 EN VILLA MERCEDES - Apuntes de San Luis\",\"isPartOf\":{\"@id\":\"https:\/\/apuntesdesanluis.com\/#website\"},\"primaryImageOfPage\":{\"@id\":\"https:\/\/apuntesdesanluis.com\/index.php\/2024\/01\/19\/reconocieron-a-un-policia-por-salvarle-la-vida-a-un-bebe-en-villa-mercedes\/#primaryimage\"},\"image\":{\"@id\":\"https:\/\/apuntesdesanluis.com\/index.php\/2024\/01\/19\/reconocieron-a-un-policia-por-salvarle-la-vida-a-un-bebe-en-villa-mercedes\/#primaryimage\"},\"thumbnailUrl\":\"https:\/\/apuntesdesanluis.com\/wp-content\/uploads\/2024\/01\/RECONOCIMIENTO.png\",\"datePublished\":\"2024-01-20T01:21:54+00:00\",\"breadcrumb\":{\"@id\":\"https:\/\/apuntesdesanluis.com\/index.php\/2024\/01\/19\/reconocieron-a-un-policia-por-salvarle-la-vida-a-un-bebe-en-villa-mercedes\/#breadcrumb\"},\"inLanguage\":\"es-AR\",\"potentialAction\":[{\"@type\":\"ReadAction\",\"target\":[\"https:\/\/apuntesdesanluis.com\/index.php\/2024\/01\/19\/reconocieron-a-un-policia-por-salvarle-la-vida-a-un-bebe-en-villa-mercedes\/\"]}]},{\"@type\":\"ImageObject\",\"inLanguage\":\"es-AR\",\"@id\":\"https:\/\/apuntesdesanluis.com\/index.php\/2024\/01\/19\/reconocieron-a-un-policia-por-salvarle-la-vida-a-un-bebe-en-villa-mercedes\/#primaryimage\",\"url\":\"https:\/\/apuntesdesanluis.com\/wp-content\/uploads\/2024\/01\/RECONOCIMIENTO.png\",\"contentUrl\":\"https:\/\/apuntesdesanluis.com\/wp-content\/uploads\/2024\/01\/RECONOCIMIENTO.png\",\"width\":682,\"height\":423},{\"@type\":\"BreadcrumbList\",\"@id\":\"https:\/\/apuntesdesanluis.com\/index.php\/2024\/01\/19\/reconocieron-a-un-policia-por-salvarle-la-vida-a-un-bebe-en-villa-mercedes\/#breadcrumb\",\"itemListElement\":[{\"@type\":\"ListItem\",\"position\":1,\"name\":\"Inicio\",\"item\":\"https:\/\/apuntesdesanluis.com\/\"},{\"@type\":\"ListItem\",\"position\":2,\"name\":\"RECONOCIERON A UN POLIC\u00cdA POR SALVARLE LA VIDA A UN BEB\u00c9 EN VILLA MERCEDES\"}]},{\"@type\":\"WebSite\",\"@id\":\"https:\/\/apuntesdesanluis.com\/#website\",\"url\":\"https:\/\/apuntesdesanluis.com\/\",\"name\":\"Apuntes de San Luis\",\"description\":\"\",\"publisher\":{\"@id\":\"https:\/\/apuntesdesanluis.com\/#\/schema\/person\/b55151d52296fcce64d1a72538a70b90\"},\"potentialAction\":[{\"@type\":\"SearchAction\",\"target\":{\"@type\":\"EntryPoint\",\"urlTemplate\":\"https:\/\/apuntesdesanluis.com\/?s={search_term_string}\"},\"query-input\":{\"@type\":\"PropertyValueSpecification\",\"valueRequired\":true,\"valueName\":\"search_term_string\"}}],\"inLanguage\":\"es-AR\"},{\"@type\":[\"Person\",\"Organization\"],\"@id\":\"https:\/\/apuntesdesanluis.com\/#\/schema\/person\/b55151d52296fcce64d1a72538a70b90\",\"name\":\"apuntesdesanluis.com\",\"image\":{\"@type\":\"ImageObject\",\"inLanguage\":\"es-AR\",\"@id\":\"https:\/\/apuntesdesanluis.com\/#\/schema\/person\/image\/\",\"url\":\"https:\/\/apuntesdesanluis.com\/wp-content\/uploads\/2023\/07\/cropped-apuntesdesanluis.png\",\"contentUrl\":\"https:\/\/apuntesdesanluis.com\/wp-content\/uploads\/2023\/07\/cropped-apuntesdesanluis.png\",\"width\":450,\"height\":112,\"caption\":\"apuntesdesanluis.com\"},\"logo\":{\"@id\":\"https:\/\/apuntesdesanluis.com\/#\/schema\/person\/image\/\"},\"sameAs\":[\"https:\/\/apuntesdesanluis.com\"],\"url\":\"https:\/\/apuntesdesanluis.com\/index.php\/author\/apuntesdesanluis-com\/\"}]}<\/script>\n<!-- \/ Yoast SEO plugin. -->","yoast_head_json":{"title":"RECONOCIERON A UN POLIC\u00cdA POR SALVARLE LA VIDA A UN BEB\u00c9 EN VILLA MERCEDES - Apuntes de San Luis","robots":{"index":"index","follow":"follow","max-snippet":"max-snippet:-1","max-image-preview":"max-image-preview:large","max-video-preview":"max-video-preview:-1"},"canonical":"https:\/\/apuntesdesanluis.com\/index.php\/2024\/01\/19\/reconocieron-a-un-policia-por-salvarle-la-vida-a-un-bebe-en-villa-mercedes\/","og_locale":"es_ES","og_type":"article","og_title":"RECONOCIERON A UN POLIC\u00cdA POR SALVARLE LA VIDA A UN BEB\u00c9 EN VILLA MERCEDES - Apuntes de San Luis","og_description":"Al cabo Jorge Quiroga le otorgaron una distinci\u00f3n tras asistir al peque\u00f1o Tadeo, de apenas...","og_url":"https:\/\/apuntesdesanluis.com\/index.php\/2024\/01\/19\/reconocieron-a-un-policia-por-salvarle-la-vida-a-un-bebe-en-villa-mercedes\/","og_site_name":"Apuntes de San Luis","article_published_time":"2024-01-20T01:21:54+00:00","og_image":[{"width":682,"height":423,"url":"https:\/\/apuntesdesanluis.com\/wp-content\/uploads\/2024\/01\/RECONOCIMIENTO.png","type":"image\/png"}],"author":"apuntesdesanluis.com","twitter_card":"summary_large_image","twitter_misc":{"Escrito por":"apuntesdesanluis.com","Tiempo de lectura":"2 minutos"},"schema":{"@context":"https:\/\/schema.org","@graph":[{"@type":"Article","@id":"https:\/\/apuntesdesanluis.com\/index.php\/2024\/01\/19\/reconocieron-a-un-policia-por-salvarle-la-vida-a-un-bebe-en-villa-mercedes\/#article","isPartOf":{"@id":"https:\/\/apuntesdesanluis.com\/index.php\/2024\/01\/19\/reconocieron-a-un-policia-por-salvarle-la-vida-a-un-bebe-en-villa-mercedes\/"},"author":{"name":"apuntesdesanluis.com","@id":"https:\/\/apuntesdesanluis.com\/#\/schema\/person\/b55151d52296fcce64d1a72538a70b90"},"headline":"RECONOCIERON A UN POLIC\u00cdA POR SALVARLE LA VIDA A UN BEB\u00c9 EN VILLA MERCEDES","datePublished":"2024-01-20T01:21:54+00:00","mainEntityOfPage":{"@id":"https:\/\/apuntesdesanluis.com\/index.php\/2024\/01\/19\/reconocieron-a-un-policia-por-salvarle-la-vida-a-un-bebe-en-villa-mercedes\/"},"wordCount":377,"publisher":{"@id":"https:\/\/apuntesdesanluis.com\/#\/schema\/person\/b55151d52296fcce64d1a72538a70b90"},"image":{"@id":"https:\/\/apuntesdesanluis.com\/index.php\/2024\/01\/19\/reconocieron-a-un-policia-por-salvarle-la-vida-a-un-bebe-en-villa-mercedes\/#primaryimage"},"thumbnailUrl":"https:\/\/apuntesdesanluis.com\/wp-content\/uploads\/2024\/01\/RECONOCIMIENTO.png","articleSection":["Ciudad\/Provincia"],"inLanguage":"es-AR"},{"@type":"WebPage","@id":"https:\/\/apuntesdesanluis.com\/index.php\/2024\/01\/19\/reconocieron-a-un-policia-por-salvarle-la-vida-a-un-bebe-en-villa-mercedes\/","url":"https:\/\/apuntesdesanluis.com\/index.php\/2024\/01\/19\/reconocieron-a-un-policia-por-salvarle-la-vida-a-un-bebe-en-villa-mercedes\/","name":"RECONOCIERON A UN POLIC\u00cdA POR SALVARLE LA VIDA A UN BEB\u00c9 EN VILLA MERCEDES - Apuntes de San Luis","isPartOf":{"@id":"https:\/\/apuntesdesanluis.com\/#website"},"primaryImageOfPage":{"@id":"https:\/\/apuntesdesanluis.com\/index.php\/2024\/01\/19\/reconocieron-a-un-policia-por-salvarle-la-vida-a-un-bebe-en-villa-mercedes\/#primaryimage"},"image":{"@id":"https:\/\/apuntesdesanluis.com\/index.php\/2024\/01\/19\/reconocieron-a-un-policia-por-salvarle-la-vida-a-un-bebe-en-villa-mercedes\/#primaryimage"},"thumbnailUrl":"https:\/\/apuntesdesanluis.com\/wp-content\/uploads\/2024\/01\/RECONOCIMIENTO.png","datePublished":"2024-01-20T01:21:54+00:00","breadcrumb":{"@id":"https:\/\/apuntesdesanluis.com\/index.php\/2024\/01\/19\/reconocieron-a-un-policia-por-salvarle-la-vida-a-un-bebe-en-villa-mercedes\/#breadcrumb"},"inLanguage":"es-AR","potentialAction":[{"@type":"ReadAction","target":["https:\/\/apuntesdesanluis.com\/index.php\/2024\/01\/19\/reconocieron-a-un-policia-por-salvarle-la-vida-a-un-bebe-en-villa-mercedes\/"]}]},{"@type":"ImageObject","inLanguage":"es-AR","@id":"https:\/\/apuntesdesanluis.com\/index.php\/2024\/01\/19\/reconocieron-a-un-policia-por-salvarle-la-vida-a-un-bebe-en-villa-mercedes\/#primaryimage","url":"https:\/\/apuntesdesanluis.com\/wp-content\/uploads\/2024\/01\/RECONOCIMIENTO.png","contentUrl":"https:\/\/apuntesdesanluis.com\/wp-content\/uploads\/2024\/01\/RECONOCIMIENTO.png","width":682,"height":423},{"@type":"BreadcrumbList","@id":"https:\/\/apuntesdesanluis.com\/index.php\/2024\/01\/19\/reconocieron-a-un-policia-por-salvarle-la-vida-a-un-bebe-en-villa-mercedes\/#breadcrumb","itemListElement":[{"@type":"ListItem","position":1,"name":"Inicio","item":"https:\/\/apuntesdesanluis.com\/"},{"@type":"ListItem","position":2,"name":"RECONOCIERON A UN POLIC\u00cdA POR SALVARLE LA VIDA A UN BEB\u00c9 EN VILLA MERCEDES"}]},{"@type":"WebSite","@id":"https:\/\/apuntesdesanluis.com\/#website","url":"https:\/\/apuntesdesanluis.com\/","name":"Apuntes de San Luis","description":"","publisher":{"@id":"https:\/\/apuntesdesanluis.com\/#\/schema\/person\/b55151d52296fcce64d1a72538a70b90"},"potentialAction":[{"@type":"SearchAction","target":{"@type":"EntryPoint","urlTemplate":"https:\/\/apuntesdesanluis.com\/?s={search_term_string}"},"query-input":{"@type":"PropertyValueSpecification","valueRequired":true,"valueName":"search_term_string"}}],"inLanguage":"es-AR"},{"@type":["Person","Organization"],"@id":"https:\/\/apuntesdesanluis.com\/#\/schema\/person\/b55151d52296fcce64d1a72538a70b90","name":"apuntesdesanluis.com","image":{"@type":"ImageObject","inLanguage":"es-AR","@id":"https:\/\/apuntesdesanluis.com\/#\/schema\/person\/image\/","url":"https:\/\/apuntesdesanluis.com\/wp-content\/uploads\/2023\/07\/cropped-apuntesdesanluis.png","contentUrl":"https:\/\/apuntesdesanluis.com\/wp-content\/uploads\/2023\/07\/cropped-apuntesdesanluis.png","width":450,"height":112,"caption":"apuntesdesanluis.com"},"logo":{"@id":"https:\/\/apuntesdesanluis.com\/#\/schema\/person\/image\/"},"sameAs":["https:\/\/apuntesdesanluis.com"],"url":"https:\/\/apuntesdesanluis.com\/index.php\/author\/apuntesdesanluis-com\/"}]}},"featured_image_urls":{"full":["https:\/\/apuntesdesanluis.com\/wp-content\/uploads\/2024\/01\/RECONOCIMIENTO.png",682,423,false],"thumbnail":["https:\/\/apuntesdesanluis.com\/wp-content\/uploads\/2024\/01\/RECONOCIMIENTO-150x150.png",150,150,true],"medium":["https:\/\/apuntesdesanluis.com\/wp-content\/uploads\/2024\/01\/RECONOCIMIENTO-300x186.png",300,186,true],"medium_large":["https:\/\/apuntesdesanluis.com\/wp-content\/uploads\/2024\/01\/RECONOCIMIENTO.png",640,397,false],"large":["https:\/\/apuntesdesanluis.com\/wp-content\/uploads\/2024\/01\/RECONOCIMIENTO.png",640,397,false],"1536x1536":["https:\/\/apuntesdesanluis.com\/wp-content\/uploads\/2024\/01\/RECONOCIMIENTO.png",682,423,false],"2048x2048":["https:\/\/apuntesdesanluis.com\/wp-content\/uploads\/2024\/01\/RECONOCIMIENTO.png",682,423,false],"newsever-slider-full":["https:\/\/apuntesdesanluis.com\/wp-content\/uploads\/2024\/01\/RECONOCIMIENTO.png",682,423,false],"newsever-featured":["https:\/\/apuntesdesanluis.com\/wp-content\/uploads\/2024\/01\/RECONOCIMIENTO.png",682,423,false],"newsever-medium":["https:\/\/apuntesdesanluis.com\/wp-content\/uploads\/2024\/01\/RECONOCIMIENTO.png",682,423,false]},"author_info":{"display_name":"apuntesdesanluis.com","author_link":"https:\/\/apuntesdesanluis.com\/index.php\/author\/apuntesdesanluis-com\/"},"category_info":"<a href=\"https:\/\/apuntesdesanluis.com\/index.php\/category\/ciudad-provincia\/\" rel=\"category tag\">Ciudad\/Provincia<\/a>","tag_info":"Ciudad\/Provincia","comment_count":"0","_links":{"self":[{"href":"https:\/\/apuntesdesanluis.com\/index.php\/wp-json\/wp\/v2\/posts\/10416","targetHints":{"allow":["GET"]}}],"collection":[{"href":"https:\/\/apuntesdesanluis.com\/index.php\/wp-json\/wp\/v2\/posts"}],"about":[{"href":"https:\/\/apuntesdesanluis.com\/index.php\/wp-json\/wp\/v2\/types\/post"}],"author":[{"embeddable":true,"href":"https:\/\/apuntesdesanluis.com\/index.php\/wp-json\/wp\/v2\/users\/1"}],"replies":[{"embeddable":true,"href":"https:\/\/apuntesdesanluis.com\/index.php\/wp-json\/wp\/v2\/comments?post=10416"}],"version-history":[{"count":1,"href":"https:\/\/apuntesdesanluis.com\/index.php\/wp-json\/wp\/v2\/posts\/10416\/revisions"}],"predecessor-version":[{"id":10419,"href":"https:\/\/apuntesdesanluis.com\/index.php\/wp-json\/wp\/v2\/posts\/10416\/revisions\/10419"}],"wp:featuredmedia":[{"embeddable":true,"href":"https:\/\/apuntesdesanluis.com\/index.php\/wp-json\/wp\/v2\/media\/10417"}],"wp:attachment":[{"href":"https:\/\/apuntesdesanluis.com\/index.php\/wp-json\/wp\/v2\/media?parent=10416"}],"wp:term":[{"taxonomy":"category","embeddable":true,"href":"https:\/\/apuntesdesanluis.com\/index.php\/wp-json\/wp\/v2\/categories?post=10416"},{"taxonomy":"post_tag","embeddable":true,"href":"https:\/\/apuntesdesanluis.com\/index.php\/wp-json\/wp\/v2\/tags?post=10416"}],"curies":[{"name":"wp","href":"https:\/\/api.w.org\/{rel}","templated":true}]}}