{"id":10426,"date":"2024-01-19T22:43:13","date_gmt":"2024-01-20T01:43:13","guid":{"rendered":"https:\/\/apuntesdesanluis.com\/?p=10426"},"modified":"2024-01-19T23:44:15","modified_gmt":"2024-01-20T02:44:15","slug":"durisimo-rechazo-de-la-convencion-nacional-de-la-ucr-a-la-ley-omnibus-improvisada-y-poco-democratica","status":"publish","type":"post","link":"https:\/\/apuntesdesanluis.com\/index.php\/2024\/01\/19\/durisimo-rechazo-de-la-convencion-nacional-de-la-ucr-a-la-ley-omnibus-improvisada-y-poco-democratica\/","title":{"rendered":"DUR\u00cdSIMO RECHAZO DE UN SECTOR DE LA CONVENCI\u00d3N NACIONAL DE LA UCR A LA LEY \u00d3MNIBUS: &#8220;IMPROVISADA Y POCO DEMOCR\u00c1TICA&#8221;"},"content":{"rendered":"<h3>Los convencionales fueron convocados por <strong>Gast\u00f3n Manes<\/strong>. Un sector del \u00f3rgano partidario pidi\u00f3 a los diputados radicales que vayan con dictamen propio y advirti\u00f3 su rechazo &#8220;al fondo y la forma&#8221; del proyecto de <strong>Javier Milei<\/strong>.<\/h3>\n<h3><span style=\"color: #000000;\"><strong>Apuntes de San Luis<\/strong> <\/span>pudo establecer, <a href=\"https:\/\/www.lapoliticaonline.com\/politica\/se-reunio-la-convencion-de-la-ucr-y-pidio-a-sus-diputados-que-saquen-dictamen-propio-de-la-ley-omnibus\/\" target=\"_blank\" rel=\"noopener\"><span style=\"color: #3366ff;\">m\u00e1s all\u00e1 de la informaci\u00f3n de La Pol\u00edtica Online<\/span><\/a>, que no se trata de la Convenci\u00f3n Nacional de la UCR, sino de la Comisi\u00f3n Federal que se reuni\u00f3 de urgencia este viernes convocada por su presidente, Gast\u00f3n Manes, y emiti\u00f3 un dur\u00edsimo comunicado que en los hechos implica retirar a los legisladores radicales de la negociaci\u00f3n de la ley \u00f3mnibus con el gobierno de Milei.<\/h3>\n<p><img fetchpriority=\"high\" decoding=\"async\" class=\"wp-image-10434 aligncenter\" src=\"https:\/\/apuntesdesanluis.com\/wp-content\/uploads\/2024\/01\/sector-radical-300x181.png\" alt=\"\" width=\"643\" height=\"388\" srcset=\"https:\/\/apuntesdesanluis.com\/wp-content\/uploads\/2024\/01\/sector-radical-300x181.png 300w, https:\/\/apuntesdesanluis.com\/wp-content\/uploads\/2024\/01\/sector-radical.png 625w\" sizes=\"(max-width: 643px) 100vw, 643px\" \/><\/p>\n<h3>En el texto los radicales tratan a la iniciativa de Milei de &#8220;improvisada y poco democr\u00e1tica&#8221; y advierten que la UCR est\u00e1 en contra del &#8220;fondo y la forma&#8221; de la ley \u00f3mnibus.<\/h3>\n<h3>&#8220;Comprendemos el momento dificil\u00edsimo que vive nuestro pa\u00eds, consecuencia del p\u00e9simo gobierno que concluy\u00f3 en 2023, pero no queremos que estos se agraven a partir de iniciativas improvisadas y poco democr\u00e1ticas que quiere llevar adelante el nuevo gobierno&#8221;, advierte el texto, que especifica que se oponen puntualmente a los trazos centrales de la iniciativa como &#8220;las facultades delegadas, la derogaci\u00f3n de la f\u00f3rmula jubilatoria, la suba de las retenciones a las econom\u00edas regionales, las privatizaciones&#8221;, entre otras.<\/h3>\n<h3>La convenci\u00f3n encarg\u00f3 adem\u00e1s a sus diputados que elaboren un dictamen propio, &#8220;aut\u00f3nomo del proyecto&#8221; de ley \u00f3mnibus que envi\u00f3 Milei y &#8220;ligado a los prop\u00f3sitos e ideales del radicalismo&#8221;.<\/h3>\n<h3>La jugada va en la misma direcci\u00f3n que la definici\u00f3n que tomaron los legisladores cordobeses y los socialistas, tal como inform\u00f3 LPO. De esta manera, los planes del oficialismo se complican todav\u00eda m\u00e1s: sin el apoyo de los 34 radicales y los 8 integrantes de la bancada de Miguel Pichetto que eligieron la misma hoja de ruta, peligra la ley.<\/h3>\n<h3>La reuni\u00f3n hab\u00eda sido organizada para que los dirigentes del partido radical tomaran conocimiento del avance de las negociaciones. Por eso, el jefe de bloque, Rodrigo de Loredo, cont\u00f3 los detalles de las conversaciones que mantiene con el asesor libertario Santiago Caputo.<\/h3>\n<h3>Como anticip\u00f3 LPO, De Loredo est\u00e1 en una situaci\u00f3n complicad\u00edsima porque por su creciente cercan\u00eda a Santiago Caputo empuja un acuerdo, que hasta ahora genera fuertes resistencias en el radicalismo.<\/h3>\n<h3>De hecho, en la reuni\u00f3n habl\u00f3 el ex ministro y presidente del Colegio de Abogados, Ricardo Gil Lavedra, que asesora a la CGT en su estrategia judicial para bloquear el DNU, el otro gran instrumento que lanz\u00f3 Milei.<\/h3>\n<p><img decoding=\"async\" class=\"wp-image-10427 aligncenter\" src=\"https:\/\/apuntesdesanluis.com\/wp-content\/uploads\/2024\/01\/ucr-300x182.png\" alt=\"\" width=\"648\" height=\"393\" srcset=\"https:\/\/apuntesdesanluis.com\/wp-content\/uploads\/2024\/01\/ucr-300x182.png 300w, https:\/\/apuntesdesanluis.com\/wp-content\/uploads\/2024\/01\/ucr.png 631w\" sizes=\"(max-width: 648px) 100vw, 648px\" \/><\/p>\n<h3><strong>N\u00daMEROS<\/strong><\/h3>\n<h3>El comunicado de este sector de la <strong>Convenci\u00f3n Nacional de la UCR\u00a0<\/strong>despierta las alertas en\u00a0<strong>La Libertad Avanza<\/strong>. Sin el radicalismo, el oficialismo debe sacar calculadora: con el apoyo del\u00a0<strong>PRO y Hacemos Coalici\u00f3n Federal\u00a0<\/strong>llega a 98 bancas y si suma a posibles aliados alcanza los 107 votos, cuando se precisan 129 para aprobar el proyecto. El bloque de\u00a0<strong>Innovaci\u00f3n Federal\u00a0<\/strong>ya anunci\u00f3 que no acompa\u00f1ar\u00eda al paquete completo pero est\u00e1 dispuesto a debatir ley por ley. Actualmente, los bloques de\u00a0<strong>Diputados\u00a0<\/strong>est\u00e1n conformados por:<\/h3>\n<ul>\n<li aria-level=\"1\">\n<h3><strong>Uni\u00f3n por la Patria<\/strong>: 102 diputados.<\/h3>\n<\/li>\n<li aria-level=\"1\">\n<h3><strong>La Libertad Avanza:\u00a0<\/strong>38 diputados.<\/h3>\n<\/li>\n<li aria-level=\"1\">\n<h3><strong>PRO<\/strong>: 37 diputados.<\/h3>\n<\/li>\n<li aria-level=\"1\">\n<h3><strong>Uni\u00f3n C\u00edvica Radical<\/strong>: 34 diputados.<\/h3>\n<\/li>\n<li aria-level=\"1\">\n<h3><strong>Hacemos Coalici\u00f3n Federal<\/strong>: 23 diputados.<\/h3>\n<\/li>\n<li aria-level=\"1\">\n<h3><strong>Innovaci\u00f3n Federal<\/strong>: 9 diputados.<\/h3>\n<\/li>\n<li aria-level=\"1\">\n<h3><strong>Frente de Izquierda<\/strong>: 5 diputados.<\/h3>\n<\/li>\n<li aria-level=\"1\">\n<h3><strong>Por Santa Cruz<\/strong>: 2 diputados.<\/h3>\n<\/li>\n<li aria-level=\"1\">\n<h3><strong>Producci\u00f3n y Trabajo\u00a0<\/strong>(San Juan): 2 diputados.<\/h3>\n<\/li>\n<li aria-level=\"1\">\n<h3><strong>Buenos Aires Libre<\/strong>: 2 diputadas.<\/h3>\n<\/li>\n<li aria-level=\"1\">\n<h3><strong>Avanza Libertad<\/strong>: 1 diputado.<\/h3>\n<\/li>\n<li aria-level=\"1\">\n<h3><strong>Creo<\/strong>: 1 diputada.<\/h3>\n<\/li>\n<li aria-level=\"1\">\n<h3><strong>La Uni\u00f3n Mendocina<\/strong>: 1 diputado.<\/h3>\n<\/li>\n<\/ul>\n<h4><em><span style=\"color: #000000;\"><strong>(Fuente: La Pol\u00edtica Online)<\/strong><\/span><\/em><\/h4>\n<p>&nbsp;<\/p>\n<p>&nbsp;<\/p>\n<p>&nbsp;<\/p>\n","protected":false},"excerpt":{"rendered":"<p>Los convencionales fueron convocados por Gast\u00f3n Manes. Un sector del \u00f3rgano partidario pidi\u00f3 a los&#8230;<\/p>\n","protected":false},"author":1,"featured_media":10428,"comment_status":"closed","ping_status":"closed","sticky":false,"template":"","format":"standard","meta":{"footnotes":""},"categories":[5],"tags":[],"class_list":["post-10426","post","type-post","status-publish","format-standard","has-post-thumbnail","hentry","category-nacionales-internacionales"],"yoast_head":"<!-- This site is optimized with the Yoast SEO plugin v26.1.1 - https:\/\/yoast.com\/wordpress\/plugins\/seo\/ -->\n<title>DUR\u00cdSIMO RECHAZO DE UN SECTOR DE LA CONVENCI\u00d3N NACIONAL DE LA UCR A LA LEY \u00d3MNIBUS: &quot;IMPROVISADA Y POCO DEMOCR\u00c1TICA&quot; - Apuntes de San Luis<\/title>\n<meta name=\"robots\" content=\"index, follow, max-snippet:-1, max-image-preview:large, max-video-preview:-1\" \/>\n<link rel=\"canonical\" href=\"https:\/\/apuntesdesanluis.com\/index.php\/2024\/01\/19\/durisimo-rechazo-de-la-convencion-nacional-de-la-ucr-a-la-ley-omnibus-improvisada-y-poco-democratica\/\" \/>\n<meta property=\"og:locale\" content=\"es_ES\" \/>\n<meta property=\"og:type\" content=\"article\" \/>\n<meta property=\"og:title\" content=\"DUR\u00cdSIMO RECHAZO DE UN SECTOR DE LA CONVENCI\u00d3N NACIONAL DE LA UCR A LA LEY \u00d3MNIBUS: &quot;IMPROVISADA Y POCO DEMOCR\u00c1TICA&quot; - Apuntes de San Luis\" \/>\n<meta property=\"og:description\" content=\"Los convencionales fueron convocados por Gast\u00f3n Manes. Un sector del \u00f3rgano partidario pidi\u00f3 a los...\" \/>\n<meta property=\"og:url\" content=\"https:\/\/apuntesdesanluis.com\/index.php\/2024\/01\/19\/durisimo-rechazo-de-la-convencion-nacional-de-la-ucr-a-la-ley-omnibus-improvisada-y-poco-democratica\/\" \/>\n<meta property=\"og:site_name\" content=\"Apuntes de San Luis\" \/>\n<meta property=\"article:published_time\" content=\"2024-01-20T01:43:13+00:00\" \/>\n<meta property=\"article:modified_time\" content=\"2024-01-20T02:44:15+00:00\" \/>\n<meta property=\"og:image\" content=\"https:\/\/apuntesdesanluis.com\/wp-content\/uploads\/2024\/01\/convencion-radical.png\" \/>\n\t<meta property=\"og:image:width\" content=\"654\" \/>\n\t<meta property=\"og:image:height\" content=\"423\" \/>\n\t<meta property=\"og:image:type\" content=\"image\/png\" \/>\n<meta name=\"author\" content=\"apuntesdesanluis.com\" \/>\n<meta name=\"twitter:card\" content=\"summary_large_image\" \/>\n<meta name=\"twitter:label1\" content=\"Escrito por\" \/>\n\t<meta name=\"twitter:data1\" content=\"apuntesdesanluis.com\" \/>\n\t<meta name=\"twitter:label2\" content=\"Tiempo de lectura\" \/>\n\t<meta name=\"twitter:data2\" content=\"4 minutos\" \/>\n<script type=\"application\/ld+json\" class=\"yoast-schema-graph\">{\"@context\":\"https:\/\/schema.org\",\"@graph\":[{\"@type\":\"Article\",\"@id\":\"https:\/\/apuntesdesanluis.com\/index.php\/2024\/01\/19\/durisimo-rechazo-de-la-convencion-nacional-de-la-ucr-a-la-ley-omnibus-improvisada-y-poco-democratica\/#article\",\"isPartOf\":{\"@id\":\"https:\/\/apuntesdesanluis.com\/index.php\/2024\/01\/19\/durisimo-rechazo-de-la-convencion-nacional-de-la-ucr-a-la-ley-omnibus-improvisada-y-poco-democratica\/\"},\"author\":{\"name\":\"apuntesdesanluis.com\",\"@id\":\"https:\/\/apuntesdesanluis.com\/#\/schema\/person\/b55151d52296fcce64d1a72538a70b90\"},\"headline\":\"DUR\u00cdSIMO RECHAZO DE UN SECTOR DE LA CONVENCI\u00d3N NACIONAL DE LA UCR A LA LEY \u00d3MNIBUS: &#8220;IMPROVISADA Y POCO DEMOCR\u00c1TICA&#8221;\",\"datePublished\":\"2024-01-20T01:43:13+00:00\",\"dateModified\":\"2024-01-20T02:44:15+00:00\",\"mainEntityOfPage\":{\"@id\":\"https:\/\/apuntesdesanluis.com\/index.php\/2024\/01\/19\/durisimo-rechazo-de-la-convencion-nacional-de-la-ucr-a-la-ley-omnibus-improvisada-y-poco-democratica\/\"},\"wordCount\":624,\"publisher\":{\"@id\":\"https:\/\/apuntesdesanluis.com\/#\/schema\/person\/b55151d52296fcce64d1a72538a70b90\"},\"image\":{\"@id\":\"https:\/\/apuntesdesanluis.com\/index.php\/2024\/01\/19\/durisimo-rechazo-de-la-convencion-nacional-de-la-ucr-a-la-ley-omnibus-improvisada-y-poco-democratica\/#primaryimage\"},\"thumbnailUrl\":\"https:\/\/apuntesdesanluis.com\/wp-content\/uploads\/2024\/01\/convencion-radical.png\",\"articleSection\":[\"Nacionales\/Internacionales\"],\"inLanguage\":\"es-AR\"},{\"@type\":\"WebPage\",\"@id\":\"https:\/\/apuntesdesanluis.com\/index.php\/2024\/01\/19\/durisimo-rechazo-de-la-convencion-nacional-de-la-ucr-a-la-ley-omnibus-improvisada-y-poco-democratica\/\",\"url\":\"https:\/\/apuntesdesanluis.com\/index.php\/2024\/01\/19\/durisimo-rechazo-de-la-convencion-nacional-de-la-ucr-a-la-ley-omnibus-improvisada-y-poco-democratica\/\",\"name\":\"DUR\u00cdSIMO RECHAZO DE UN SECTOR DE LA CONVENCI\u00d3N NACIONAL DE LA UCR A LA LEY \u00d3MNIBUS: \\\"IMPROVISADA Y POCO DEMOCR\u00c1TICA\\\" - Apuntes de San Luis\",\"isPartOf\":{\"@id\":\"https:\/\/apuntesdesanluis.com\/#website\"},\"primaryImageOfPage\":{\"@id\":\"https:\/\/apuntesdesanluis.com\/index.php\/2024\/01\/19\/durisimo-rechazo-de-la-convencion-nacional-de-la-ucr-a-la-ley-omnibus-improvisada-y-poco-democratica\/#primaryimage\"},\"image\":{\"@id\":\"https:\/\/apuntesdesanluis.com\/index.php\/2024\/01\/19\/durisimo-rechazo-de-la-convencion-nacional-de-la-ucr-a-la-ley-omnibus-improvisada-y-poco-democratica\/#primaryimage\"},\"thumbnailUrl\":\"https:\/\/apuntesdesanluis.com\/wp-content\/uploads\/2024\/01\/convencion-radical.png\",\"datePublished\":\"2024-01-20T01:43:13+00:00\",\"dateModified\":\"2024-01-20T02:44:15+00:00\",\"breadcrumb\":{\"@id\":\"https:\/\/apuntesdesanluis.com\/index.php\/2024\/01\/19\/durisimo-rechazo-de-la-convencion-nacional-de-la-ucr-a-la-ley-omnibus-improvisada-y-poco-democratica\/#breadcrumb\"},\"inLanguage\":\"es-AR\",\"potentialAction\":[{\"@type\":\"ReadAction\",\"target\":[\"https:\/\/apuntesdesanluis.com\/index.php\/2024\/01\/19\/durisimo-rechazo-de-la-convencion-nacional-de-la-ucr-a-la-ley-omnibus-improvisada-y-poco-democratica\/\"]}]},{\"@type\":\"ImageObject\",\"inLanguage\":\"es-AR\",\"@id\":\"https:\/\/apuntesdesanluis.com\/index.php\/2024\/01\/19\/durisimo-rechazo-de-la-convencion-nacional-de-la-ucr-a-la-ley-omnibus-improvisada-y-poco-democratica\/#primaryimage\",\"url\":\"https:\/\/apuntesdesanluis.com\/wp-content\/uploads\/2024\/01\/convencion-radical.png\",\"contentUrl\":\"https:\/\/apuntesdesanluis.com\/wp-content\/uploads\/2024\/01\/convencion-radical.png\",\"width\":654,\"height\":423},{\"@type\":\"BreadcrumbList\",\"@id\":\"https:\/\/apuntesdesanluis.com\/index.php\/2024\/01\/19\/durisimo-rechazo-de-la-convencion-nacional-de-la-ucr-a-la-ley-omnibus-improvisada-y-poco-democratica\/#breadcrumb\",\"itemListElement\":[{\"@type\":\"ListItem\",\"position\":1,\"name\":\"Inicio\",\"item\":\"https:\/\/apuntesdesanluis.com\/\"},{\"@type\":\"ListItem\",\"position\":2,\"name\":\"DUR\u00cdSIMO RECHAZO DE UN SECTOR DE LA CONVENCI\u00d3N NACIONAL DE LA UCR A LA LEY \u00d3MNIBUS: &#8220;IMPROVISADA Y POCO DEMOCR\u00c1TICA&#8221;\"}]},{\"@type\":\"WebSite\",\"@id\":\"https:\/\/apuntesdesanluis.com\/#website\",\"url\":\"https:\/\/apuntesdesanluis.com\/\",\"name\":\"Apuntes de San Luis\",\"description\":\"\",\"publisher\":{\"@id\":\"https:\/\/apuntesdesanluis.com\/#\/schema\/person\/b55151d52296fcce64d1a72538a70b90\"},\"potentialAction\":[{\"@type\":\"SearchAction\",\"target\":{\"@type\":\"EntryPoint\",\"urlTemplate\":\"https:\/\/apuntesdesanluis.com\/?s={search_term_string}\"},\"query-input\":{\"@type\":\"PropertyValueSpecification\",\"valueRequired\":true,\"valueName\":\"search_term_string\"}}],\"inLanguage\":\"es-AR\"},{\"@type\":[\"Person\",\"Organization\"],\"@id\":\"https:\/\/apuntesdesanluis.com\/#\/schema\/person\/b55151d52296fcce64d1a72538a70b90\",\"name\":\"apuntesdesanluis.com\",\"image\":{\"@type\":\"ImageObject\",\"inLanguage\":\"es-AR\",\"@id\":\"https:\/\/apuntesdesanluis.com\/#\/schema\/person\/image\/\",\"url\":\"https:\/\/apuntesdesanluis.com\/wp-content\/uploads\/2023\/07\/cropped-apuntesdesanluis.png\",\"contentUrl\":\"https:\/\/apuntesdesanluis.com\/wp-content\/uploads\/2023\/07\/cropped-apuntesdesanluis.png\",\"width\":450,\"height\":112,\"caption\":\"apuntesdesanluis.com\"},\"logo\":{\"@id\":\"https:\/\/apuntesdesanluis.com\/#\/schema\/person\/image\/\"},\"sameAs\":[\"https:\/\/apuntesdesanluis.com\"],\"url\":\"https:\/\/apuntesdesanluis.com\/index.php\/author\/apuntesdesanluis-com\/\"}]}<\/script>\n<!-- \/ Yoast SEO plugin. -->","yoast_head_json":{"title":"DUR\u00cdSIMO RECHAZO DE UN SECTOR DE LA CONVENCI\u00d3N NACIONAL DE LA UCR A LA LEY \u00d3MNIBUS: \"IMPROVISADA Y POCO DEMOCR\u00c1TICA\" - Apuntes de San Luis","robots":{"index":"index","follow":"follow","max-snippet":"max-snippet:-1","max-image-preview":"max-image-preview:large","max-video-preview":"max-video-preview:-1"},"canonical":"https:\/\/apuntesdesanluis.com\/index.php\/2024\/01\/19\/durisimo-rechazo-de-la-convencion-nacional-de-la-ucr-a-la-ley-omnibus-improvisada-y-poco-democratica\/","og_locale":"es_ES","og_type":"article","og_title":"DUR\u00cdSIMO RECHAZO DE UN SECTOR DE LA CONVENCI\u00d3N NACIONAL DE LA UCR A LA LEY \u00d3MNIBUS: \"IMPROVISADA Y POCO DEMOCR\u00c1TICA\" - Apuntes de San Luis","og_description":"Los convencionales fueron convocados por Gast\u00f3n Manes. Un sector del \u00f3rgano partidario pidi\u00f3 a los...","og_url":"https:\/\/apuntesdesanluis.com\/index.php\/2024\/01\/19\/durisimo-rechazo-de-la-convencion-nacional-de-la-ucr-a-la-ley-omnibus-improvisada-y-poco-democratica\/","og_site_name":"Apuntes de San Luis","article_published_time":"2024-01-20T01:43:13+00:00","article_modified_time":"2024-01-20T02:44:15+00:00","og_image":[{"width":654,"height":423,"url":"https:\/\/apuntesdesanluis.com\/wp-content\/uploads\/2024\/01\/convencion-radical.png","type":"image\/png"}],"author":"apuntesdesanluis.com","twitter_card":"summary_large_image","twitter_misc":{"Escrito por":"apuntesdesanluis.com","Tiempo de lectura":"4 minutos"},"schema":{"@context":"https:\/\/schema.org","@graph":[{"@type":"Article","@id":"https:\/\/apuntesdesanluis.com\/index.php\/2024\/01\/19\/durisimo-rechazo-de-la-convencion-nacional-de-la-ucr-a-la-ley-omnibus-improvisada-y-poco-democratica\/#article","isPartOf":{"@id":"https:\/\/apuntesdesanluis.com\/index.php\/2024\/01\/19\/durisimo-rechazo-de-la-convencion-nacional-de-la-ucr-a-la-ley-omnibus-improvisada-y-poco-democratica\/"},"author":{"name":"apuntesdesanluis.com","@id":"https:\/\/apuntesdesanluis.com\/#\/schema\/person\/b55151d52296fcce64d1a72538a70b90"},"headline":"DUR\u00cdSIMO RECHAZO DE UN SECTOR DE LA CONVENCI\u00d3N NACIONAL DE LA UCR A LA LEY \u00d3MNIBUS: &#8220;IMPROVISADA Y POCO DEMOCR\u00c1TICA&#8221;","datePublished":"2024-01-20T01:43:13+00:00","dateModified":"2024-01-20T02:44:15+00:00","mainEntityOfPage":{"@id":"https:\/\/apuntesdesanluis.com\/index.php\/2024\/01\/19\/durisimo-rechazo-de-la-convencion-nacional-de-la-ucr-a-la-ley-omnibus-improvisada-y-poco-democratica\/"},"wordCount":624,"publisher":{"@id":"https:\/\/apuntesdesanluis.com\/#\/schema\/person\/b55151d52296fcce64d1a72538a70b90"},"image":{"@id":"https:\/\/apuntesdesanluis.com\/index.php\/2024\/01\/19\/durisimo-rechazo-de-la-convencion-nacional-de-la-ucr-a-la-ley-omnibus-improvisada-y-poco-democratica\/#primaryimage"},"thumbnailUrl":"https:\/\/apuntesdesanluis.com\/wp-content\/uploads\/2024\/01\/convencion-radical.png","articleSection":["Nacionales\/Internacionales"],"inLanguage":"es-AR"},{"@type":"WebPage","@id":"https:\/\/apuntesdesanluis.com\/index.php\/2024\/01\/19\/durisimo-rechazo-de-la-convencion-nacional-de-la-ucr-a-la-ley-omnibus-improvisada-y-poco-democratica\/","url":"https:\/\/apuntesdesanluis.com\/index.php\/2024\/01\/19\/durisimo-rechazo-de-la-convencion-nacional-de-la-ucr-a-la-ley-omnibus-improvisada-y-poco-democratica\/","name":"DUR\u00cdSIMO RECHAZO DE UN SECTOR DE LA CONVENCI\u00d3N NACIONAL DE LA UCR A LA LEY \u00d3MNIBUS: \"IMPROVISADA Y POCO DEMOCR\u00c1TICA\" - Apuntes de San Luis","isPartOf":{"@id":"https:\/\/apuntesdesanluis.com\/#website"},"primaryImageOfPage":{"@id":"https:\/\/apuntesdesanluis.com\/index.php\/2024\/01\/19\/durisimo-rechazo-de-la-convencion-nacional-de-la-ucr-a-la-ley-omnibus-improvisada-y-poco-democratica\/#primaryimage"},"image":{"@id":"https:\/\/apuntesdesanluis.com\/index.php\/2024\/01\/19\/durisimo-rechazo-de-la-convencion-nacional-de-la-ucr-a-la-ley-omnibus-improvisada-y-poco-democratica\/#primaryimage"},"thumbnailUrl":"https:\/\/apuntesdesanluis.com\/wp-content\/uploads\/2024\/01\/convencion-radical.png","datePublished":"2024-01-20T01:43:13+00:00","dateModified":"2024-01-20T02:44:15+00:00","breadcrumb":{"@id":"https:\/\/apuntesdesanluis.com\/index.php\/2024\/01\/19\/durisimo-rechazo-de-la-convencion-nacional-de-la-ucr-a-la-ley-omnibus-improvisada-y-poco-democratica\/#breadcrumb"},"inLanguage":"es-AR","potentialAction":[{"@type":"ReadAction","target":["https:\/\/apuntesdesanluis.com\/index.php\/2024\/01\/19\/durisimo-rechazo-de-la-convencion-nacional-de-la-ucr-a-la-ley-omnibus-improvisada-y-poco-democratica\/"]}]},{"@type":"ImageObject","inLanguage":"es-AR","@id":"https:\/\/apuntesdesanluis.com\/index.php\/2024\/01\/19\/durisimo-rechazo-de-la-convencion-nacional-de-la-ucr-a-la-ley-omnibus-improvisada-y-poco-democratica\/#primaryimage","url":"https:\/\/apuntesdesanluis.com\/wp-content\/uploads\/2024\/01\/convencion-radical.png","contentUrl":"https:\/\/apuntesdesanluis.com\/wp-content\/uploads\/2024\/01\/convencion-radical.png","width":654,"height":423},{"@type":"BreadcrumbList","@id":"https:\/\/apuntesdesanluis.com\/index.php\/2024\/01\/19\/durisimo-rechazo-de-la-convencion-nacional-de-la-ucr-a-la-ley-omnibus-improvisada-y-poco-democratica\/#breadcrumb","itemListElement":[{"@type":"ListItem","position":1,"name":"Inicio","item":"https:\/\/apuntesdesanluis.com\/"},{"@type":"ListItem","position":2,"name":"DUR\u00cdSIMO RECHAZO DE UN SECTOR DE LA CONVENCI\u00d3N NACIONAL DE LA UCR A LA LEY \u00d3MNIBUS: &#8220;IMPROVISADA Y POCO DEMOCR\u00c1TICA&#8221;"}]},{"@type":"WebSite","@id":"https:\/\/apuntesdesanluis.com\/#website","url":"https:\/\/apuntesdesanluis.com\/","name":"Apuntes de San Luis","description":"","publisher":{"@id":"https:\/\/apuntesdesanluis.com\/#\/schema\/person\/b55151d52296fcce64d1a72538a70b90"},"potentialAction":[{"@type":"SearchAction","target":{"@type":"EntryPoint","urlTemplate":"https:\/\/apuntesdesanluis.com\/?s={search_term_string}"},"query-input":{"@type":"PropertyValueSpecification","valueRequired":true,"valueName":"search_term_string"}}],"inLanguage":"es-AR"},{"@type":["Person","Organization"],"@id":"https:\/\/apuntesdesanluis.com\/#\/schema\/person\/b55151d52296fcce64d1a72538a70b90","name":"apuntesdesanluis.com","image":{"@type":"ImageObject","inLanguage":"es-AR","@id":"https:\/\/apuntesdesanluis.com\/#\/schema\/person\/image\/","url":"https:\/\/apuntesdesanluis.com\/wp-content\/uploads\/2023\/07\/cropped-apuntesdesanluis.png","contentUrl":"https:\/\/apuntesdesanluis.com\/wp-content\/uploads\/2023\/07\/cropped-apuntesdesanluis.png","width":450,"height":112,"caption":"apuntesdesanluis.com"},"logo":{"@id":"https:\/\/apuntesdesanluis.com\/#\/schema\/person\/image\/"},"sameAs":["https:\/\/apuntesdesanluis.com"],"url":"https:\/\/apuntesdesanluis.com\/index.php\/author\/apuntesdesanluis-com\/"}]}},"featured_image_urls":{"full":["https:\/\/apuntesdesanluis.com\/wp-content\/uploads\/2024\/01\/convencion-radical.png",654,423,false],"thumbnail":["https:\/\/apuntesdesanluis.com\/wp-content\/uploads\/2024\/01\/convencion-radical-150x150.png",150,150,true],"medium":["https:\/\/apuntesdesanluis.com\/wp-content\/uploads\/2024\/01\/convencion-radical-300x194.png",300,194,true],"medium_large":["https:\/\/apuntesdesanluis.com\/wp-content\/uploads\/2024\/01\/convencion-radical.png",640,414,false],"large":["https:\/\/apuntesdesanluis.com\/wp-content\/uploads\/2024\/01\/convencion-radical.png",640,414,false],"1536x1536":["https:\/\/apuntesdesanluis.com\/wp-content\/uploads\/2024\/01\/convencion-radical.png",654,423,false],"2048x2048":["https:\/\/apuntesdesanluis.com\/wp-content\/uploads\/2024\/01\/convencion-radical.png",654,423,false],"newsever-slider-full":["https:\/\/apuntesdesanluis.com\/wp-content\/uploads\/2024\/01\/convencion-radical.png",654,423,false],"newsever-featured":["https:\/\/apuntesdesanluis.com\/wp-content\/uploads\/2024\/01\/convencion-radical.png",654,423,false],"newsever-medium":["https:\/\/apuntesdesanluis.com\/wp-content\/uploads\/2024\/01\/convencion-radical.png",654,423,false]},"author_info":{"display_name":"apuntesdesanluis.com","author_link":"https:\/\/apuntesdesanluis.com\/index.php\/author\/apuntesdesanluis-com\/"},"category_info":"<a href=\"https:\/\/apuntesdesanluis.com\/index.php\/category\/nacionales-internacionales\/\" rel=\"category tag\">Nacionales\/Internacionales<\/a>","tag_info":"Nacionales\/Internacionales","comment_count":"0","_links":{"self":[{"href":"https:\/\/apuntesdesanluis.com\/index.php\/wp-json\/wp\/v2\/posts\/10426","targetHints":{"allow":["GET"]}}],"collection":[{"href":"https:\/\/apuntesdesanluis.com\/index.php\/wp-json\/wp\/v2\/posts"}],"about":[{"href":"https:\/\/apuntesdesanluis.com\/index.php\/wp-json\/wp\/v2\/types\/post"}],"author":[{"embeddable":true,"href":"https:\/\/apuntesdesanluis.com\/index.php\/wp-json\/wp\/v2\/users\/1"}],"replies":[{"embeddable":true,"href":"https:\/\/apuntesdesanluis.com\/index.php\/wp-json\/wp\/v2\/comments?post=10426"}],"version-history":[{"count":8,"href":"https:\/\/apuntesdesanluis.com\/index.php\/wp-json\/wp\/v2\/posts\/10426\/revisions"}],"predecessor-version":[{"id":10438,"href":"https:\/\/apuntesdesanluis.com\/index.php\/wp-json\/wp\/v2\/posts\/10426\/revisions\/10438"}],"wp:featuredmedia":[{"embeddable":true,"href":"https:\/\/apuntesdesanluis.com\/index.php\/wp-json\/wp\/v2\/media\/10428"}],"wp:attachment":[{"href":"https:\/\/apuntesdesanluis.com\/index.php\/wp-json\/wp\/v2\/media?parent=10426"}],"wp:term":[{"taxonomy":"category","embeddable":true,"href":"https:\/\/apuntesdesanluis.com\/index.php\/wp-json\/wp\/v2\/categories?post=10426"},{"taxonomy":"post_tag","embeddable":true,"href":"https:\/\/apuntesdesanluis.com\/index.php\/wp-json\/wp\/v2\/tags?post=10426"}],"curies":[{"name":"wp","href":"https:\/\/api.w.org\/{rel}","templated":true}]}}