{"id":10453,"date":"2024-01-20T12:24:44","date_gmt":"2024-01-20T15:24:44","guid":{"rendered":"https:\/\/apuntesdesanluis.com\/?p=10453"},"modified":"2024-01-20T12:24:44","modified_gmt":"2024-01-20T15:24:44","slug":"acusaron-a-alec-baldwin-de-homicidio-involuntario-tras-la-muerte-en-el-rodaje-de-rust","status":"publish","type":"post","link":"https:\/\/apuntesdesanluis.com\/index.php\/2024\/01\/20\/acusaron-a-alec-baldwin-de-homicidio-involuntario-tras-la-muerte-en-el-rodaje-de-rust\/","title":{"rendered":"ACUSARON A ALEC BALDWIN DE HOMICIDIO INVOLUNTARIO TRAS LA MUERTE EN EL RODAJE DE &#8216;RUST&#8217;"},"content":{"rendered":"<h3>En 2021 el actor mat\u00f3 accidentalmente de un balazo a una integrante del staff.<\/h3>\n<h3>El actor <strong>Alec Baldwin<\/strong> fue acusado el viernes por un gran jurado de Nuevo M\u00e9xico con nuevos cargos de homicidio involuntario, relacionados con la muerte a tiros de la directora de fotograf\u00eda <strong>Halyna Hutchins<\/strong>, en 2021, durante el rodaje de la pel\u00edcula &#8220;Rust&#8221;.<\/h3>\n<p><img fetchpriority=\"high\" decoding=\"async\" class=\"wp-image-10454 aligncenter\" src=\"https:\/\/apuntesdesanluis.com\/wp-content\/uploads\/2024\/01\/dos-300x174.webp\" alt=\"\" width=\"626\" height=\"363\" srcset=\"https:\/\/apuntesdesanluis.com\/wp-content\/uploads\/2024\/01\/dos-300x174.webp 300w, https:\/\/apuntesdesanluis.com\/wp-content\/uploads\/2024\/01\/dos.webp 640w\" sizes=\"(max-width: 626px) 100vw, 626px\" \/><\/p>\n<h3>En abril de este a\u00f1o, la fiscal\u00eda hab\u00eda desestimado los cargos anteriores contra el actor.<\/h3>\n<h3>La acusaci\u00f3n de este viernes se dio tras una prueba forense, que concluy\u00f3 que Baldwin tuvo que apretar el gatillo de un rev\u00f3lver que estaba utilizando en un ensayo para disparar la bala que mat\u00f3 a Hutchins.<\/h3>\n<h3>La resoluci\u00f3n fue la misma que una prueba anterior del FBI sobre el arma de fuego.<\/h3>\n","protected":false},"excerpt":{"rendered":"<p>En 2021 el actor mat\u00f3 accidentalmente de un balazo a una integrante del staff. El&#8230;<\/p>\n","protected":false},"author":1,"featured_media":10455,"comment_status":"closed","ping_status":"closed","sticky":false,"template":"","format":"standard","meta":{"footnotes":""},"categories":[5],"tags":[],"class_list":["post-10453","post","type-post","status-publish","format-standard","has-post-thumbnail","hentry","category-nacionales-internacionales"],"yoast_head":"<!-- This site is optimized with the Yoast SEO plugin v26.1.1 - https:\/\/yoast.com\/wordpress\/plugins\/seo\/ -->\n<title>ACUSARON A ALEC BALDWIN DE HOMICIDIO INVOLUNTARIO TRAS LA MUERTE EN EL RODAJE DE &#039;RUST&#039; - Apuntes de San Luis<\/title>\n<meta name=\"robots\" content=\"index, follow, max-snippet:-1, max-image-preview:large, max-video-preview:-1\" \/>\n<link rel=\"canonical\" href=\"https:\/\/apuntesdesanluis.com\/index.php\/2024\/01\/20\/acusaron-a-alec-baldwin-de-homicidio-involuntario-tras-la-muerte-en-el-rodaje-de-rust\/\" \/>\n<meta property=\"og:locale\" content=\"es_ES\" \/>\n<meta property=\"og:type\" content=\"article\" \/>\n<meta property=\"og:title\" content=\"ACUSARON A ALEC BALDWIN DE HOMICIDIO INVOLUNTARIO TRAS LA MUERTE EN EL RODAJE DE &#039;RUST&#039; - Apuntes de San Luis\" \/>\n<meta property=\"og:description\" content=\"En 2021 el actor mat\u00f3 accidentalmente de un balazo a una integrante del staff. El...\" \/>\n<meta property=\"og:url\" content=\"https:\/\/apuntesdesanluis.com\/index.php\/2024\/01\/20\/acusaron-a-alec-baldwin-de-homicidio-involuntario-tras-la-muerte-en-el-rodaje-de-rust\/\" \/>\n<meta property=\"og:site_name\" content=\"Apuntes de San Luis\" \/>\n<meta property=\"article:published_time\" content=\"2024-01-20T15:24:44+00:00\" \/>\n<meta property=\"og:image\" content=\"https:\/\/apuntesdesanluis.com\/wp-content\/uploads\/2024\/01\/dos-de-tapa.webp\" \/>\n\t<meta property=\"og:image:width\" content=\"640\" \/>\n\t<meta property=\"og:image:height\" content=\"374\" \/>\n\t<meta property=\"og:image:type\" content=\"image\/webp\" \/>\n<meta name=\"author\" content=\"apuntesdesanluis.com\" \/>\n<meta name=\"twitter:card\" content=\"summary_large_image\" \/>\n<meta name=\"twitter:label1\" content=\"Escrito por\" \/>\n\t<meta name=\"twitter:data1\" content=\"apuntesdesanluis.com\" \/>\n\t<meta name=\"twitter:label2\" content=\"Tiempo de lectura\" \/>\n\t<meta name=\"twitter:data2\" content=\"1 minuto\" \/>\n<script type=\"application\/ld+json\" class=\"yoast-schema-graph\">{\"@context\":\"https:\/\/schema.org\",\"@graph\":[{\"@type\":\"Article\",\"@id\":\"https:\/\/apuntesdesanluis.com\/index.php\/2024\/01\/20\/acusaron-a-alec-baldwin-de-homicidio-involuntario-tras-la-muerte-en-el-rodaje-de-rust\/#article\",\"isPartOf\":{\"@id\":\"https:\/\/apuntesdesanluis.com\/index.php\/2024\/01\/20\/acusaron-a-alec-baldwin-de-homicidio-involuntario-tras-la-muerte-en-el-rodaje-de-rust\/\"},\"author\":{\"name\":\"apuntesdesanluis.com\",\"@id\":\"https:\/\/apuntesdesanluis.com\/#\/schema\/person\/b55151d52296fcce64d1a72538a70b90\"},\"headline\":\"ACUSARON A ALEC BALDWIN DE HOMICIDIO INVOLUNTARIO TRAS LA MUERTE EN EL RODAJE DE &#8216;RUST&#8217;\",\"datePublished\":\"2024-01-20T15:24:44+00:00\",\"mainEntityOfPage\":{\"@id\":\"https:\/\/apuntesdesanluis.com\/index.php\/2024\/01\/20\/acusaron-a-alec-baldwin-de-homicidio-involuntario-tras-la-muerte-en-el-rodaje-de-rust\/\"},\"wordCount\":147,\"publisher\":{\"@id\":\"https:\/\/apuntesdesanluis.com\/#\/schema\/person\/b55151d52296fcce64d1a72538a70b90\"},\"image\":{\"@id\":\"https:\/\/apuntesdesanluis.com\/index.php\/2024\/01\/20\/acusaron-a-alec-baldwin-de-homicidio-involuntario-tras-la-muerte-en-el-rodaje-de-rust\/#primaryimage\"},\"thumbnailUrl\":\"https:\/\/apuntesdesanluis.com\/wp-content\/uploads\/2024\/01\/dos-de-tapa.webp\",\"articleSection\":[\"Nacionales\/Internacionales\"],\"inLanguage\":\"es-AR\"},{\"@type\":\"WebPage\",\"@id\":\"https:\/\/apuntesdesanluis.com\/index.php\/2024\/01\/20\/acusaron-a-alec-baldwin-de-homicidio-involuntario-tras-la-muerte-en-el-rodaje-de-rust\/\",\"url\":\"https:\/\/apuntesdesanluis.com\/index.php\/2024\/01\/20\/acusaron-a-alec-baldwin-de-homicidio-involuntario-tras-la-muerte-en-el-rodaje-de-rust\/\",\"name\":\"ACUSARON A ALEC BALDWIN DE HOMICIDIO INVOLUNTARIO TRAS LA MUERTE EN EL RODAJE DE 'RUST' - Apuntes de San Luis\",\"isPartOf\":{\"@id\":\"https:\/\/apuntesdesanluis.com\/#website\"},\"primaryImageOfPage\":{\"@id\":\"https:\/\/apuntesdesanluis.com\/index.php\/2024\/01\/20\/acusaron-a-alec-baldwin-de-homicidio-involuntario-tras-la-muerte-en-el-rodaje-de-rust\/#primaryimage\"},\"image\":{\"@id\":\"https:\/\/apuntesdesanluis.com\/index.php\/2024\/01\/20\/acusaron-a-alec-baldwin-de-homicidio-involuntario-tras-la-muerte-en-el-rodaje-de-rust\/#primaryimage\"},\"thumbnailUrl\":\"https:\/\/apuntesdesanluis.com\/wp-content\/uploads\/2024\/01\/dos-de-tapa.webp\",\"datePublished\":\"2024-01-20T15:24:44+00:00\",\"breadcrumb\":{\"@id\":\"https:\/\/apuntesdesanluis.com\/index.php\/2024\/01\/20\/acusaron-a-alec-baldwin-de-homicidio-involuntario-tras-la-muerte-en-el-rodaje-de-rust\/#breadcrumb\"},\"inLanguage\":\"es-AR\",\"potentialAction\":[{\"@type\":\"ReadAction\",\"target\":[\"https:\/\/apuntesdesanluis.com\/index.php\/2024\/01\/20\/acusaron-a-alec-baldwin-de-homicidio-involuntario-tras-la-muerte-en-el-rodaje-de-rust\/\"]}]},{\"@type\":\"ImageObject\",\"inLanguage\":\"es-AR\",\"@id\":\"https:\/\/apuntesdesanluis.com\/index.php\/2024\/01\/20\/acusaron-a-alec-baldwin-de-homicidio-involuntario-tras-la-muerte-en-el-rodaje-de-rust\/#primaryimage\",\"url\":\"https:\/\/apuntesdesanluis.com\/wp-content\/uploads\/2024\/01\/dos-de-tapa.webp\",\"contentUrl\":\"https:\/\/apuntesdesanluis.com\/wp-content\/uploads\/2024\/01\/dos-de-tapa.webp\",\"width\":640,\"height\":374},{\"@type\":\"BreadcrumbList\",\"@id\":\"https:\/\/apuntesdesanluis.com\/index.php\/2024\/01\/20\/acusaron-a-alec-baldwin-de-homicidio-involuntario-tras-la-muerte-en-el-rodaje-de-rust\/#breadcrumb\",\"itemListElement\":[{\"@type\":\"ListItem\",\"position\":1,\"name\":\"Inicio\",\"item\":\"https:\/\/apuntesdesanluis.com\/\"},{\"@type\":\"ListItem\",\"position\":2,\"name\":\"ACUSARON A ALEC BALDWIN DE HOMICIDIO INVOLUNTARIO TRAS LA MUERTE EN EL RODAJE DE &#8216;RUST&#8217;\"}]},{\"@type\":\"WebSite\",\"@id\":\"https:\/\/apuntesdesanluis.com\/#website\",\"url\":\"https:\/\/apuntesdesanluis.com\/\",\"name\":\"Apuntes de San Luis\",\"description\":\"\",\"publisher\":{\"@id\":\"https:\/\/apuntesdesanluis.com\/#\/schema\/person\/b55151d52296fcce64d1a72538a70b90\"},\"potentialAction\":[{\"@type\":\"SearchAction\",\"target\":{\"@type\":\"EntryPoint\",\"urlTemplate\":\"https:\/\/apuntesdesanluis.com\/?s={search_term_string}\"},\"query-input\":{\"@type\":\"PropertyValueSpecification\",\"valueRequired\":true,\"valueName\":\"search_term_string\"}}],\"inLanguage\":\"es-AR\"},{\"@type\":[\"Person\",\"Organization\"],\"@id\":\"https:\/\/apuntesdesanluis.com\/#\/schema\/person\/b55151d52296fcce64d1a72538a70b90\",\"name\":\"apuntesdesanluis.com\",\"image\":{\"@type\":\"ImageObject\",\"inLanguage\":\"es-AR\",\"@id\":\"https:\/\/apuntesdesanluis.com\/#\/schema\/person\/image\/\",\"url\":\"https:\/\/apuntesdesanluis.com\/wp-content\/uploads\/2023\/07\/cropped-apuntesdesanluis.png\",\"contentUrl\":\"https:\/\/apuntesdesanluis.com\/wp-content\/uploads\/2023\/07\/cropped-apuntesdesanluis.png\",\"width\":450,\"height\":112,\"caption\":\"apuntesdesanluis.com\"},\"logo\":{\"@id\":\"https:\/\/apuntesdesanluis.com\/#\/schema\/person\/image\/\"},\"sameAs\":[\"https:\/\/apuntesdesanluis.com\"],\"url\":\"https:\/\/apuntesdesanluis.com\/index.php\/author\/apuntesdesanluis-com\/\"}]}<\/script>\n<!-- \/ Yoast SEO plugin. -->","yoast_head_json":{"title":"ACUSARON A ALEC BALDWIN DE HOMICIDIO INVOLUNTARIO TRAS LA MUERTE EN EL RODAJE DE 'RUST' - Apuntes de San Luis","robots":{"index":"index","follow":"follow","max-snippet":"max-snippet:-1","max-image-preview":"max-image-preview:large","max-video-preview":"max-video-preview:-1"},"canonical":"https:\/\/apuntesdesanluis.com\/index.php\/2024\/01\/20\/acusaron-a-alec-baldwin-de-homicidio-involuntario-tras-la-muerte-en-el-rodaje-de-rust\/","og_locale":"es_ES","og_type":"article","og_title":"ACUSARON A ALEC BALDWIN DE HOMICIDIO INVOLUNTARIO TRAS LA MUERTE EN EL RODAJE DE 'RUST' - Apuntes de San Luis","og_description":"En 2021 el actor mat\u00f3 accidentalmente de un balazo a una integrante del staff. El...","og_url":"https:\/\/apuntesdesanluis.com\/index.php\/2024\/01\/20\/acusaron-a-alec-baldwin-de-homicidio-involuntario-tras-la-muerte-en-el-rodaje-de-rust\/","og_site_name":"Apuntes de San Luis","article_published_time":"2024-01-20T15:24:44+00:00","og_image":[{"width":640,"height":374,"url":"https:\/\/apuntesdesanluis.com\/wp-content\/uploads\/2024\/01\/dos-de-tapa.webp","type":"image\/webp"}],"author":"apuntesdesanluis.com","twitter_card":"summary_large_image","twitter_misc":{"Escrito por":"apuntesdesanluis.com","Tiempo de lectura":"1 minuto"},"schema":{"@context":"https:\/\/schema.org","@graph":[{"@type":"Article","@id":"https:\/\/apuntesdesanluis.com\/index.php\/2024\/01\/20\/acusaron-a-alec-baldwin-de-homicidio-involuntario-tras-la-muerte-en-el-rodaje-de-rust\/#article","isPartOf":{"@id":"https:\/\/apuntesdesanluis.com\/index.php\/2024\/01\/20\/acusaron-a-alec-baldwin-de-homicidio-involuntario-tras-la-muerte-en-el-rodaje-de-rust\/"},"author":{"name":"apuntesdesanluis.com","@id":"https:\/\/apuntesdesanluis.com\/#\/schema\/person\/b55151d52296fcce64d1a72538a70b90"},"headline":"ACUSARON A ALEC BALDWIN DE HOMICIDIO INVOLUNTARIO TRAS LA MUERTE EN EL RODAJE DE &#8216;RUST&#8217;","datePublished":"2024-01-20T15:24:44+00:00","mainEntityOfPage":{"@id":"https:\/\/apuntesdesanluis.com\/index.php\/2024\/01\/20\/acusaron-a-alec-baldwin-de-homicidio-involuntario-tras-la-muerte-en-el-rodaje-de-rust\/"},"wordCount":147,"publisher":{"@id":"https:\/\/apuntesdesanluis.com\/#\/schema\/person\/b55151d52296fcce64d1a72538a70b90"},"image":{"@id":"https:\/\/apuntesdesanluis.com\/index.php\/2024\/01\/20\/acusaron-a-alec-baldwin-de-homicidio-involuntario-tras-la-muerte-en-el-rodaje-de-rust\/#primaryimage"},"thumbnailUrl":"https:\/\/apuntesdesanluis.com\/wp-content\/uploads\/2024\/01\/dos-de-tapa.webp","articleSection":["Nacionales\/Internacionales"],"inLanguage":"es-AR"},{"@type":"WebPage","@id":"https:\/\/apuntesdesanluis.com\/index.php\/2024\/01\/20\/acusaron-a-alec-baldwin-de-homicidio-involuntario-tras-la-muerte-en-el-rodaje-de-rust\/","url":"https:\/\/apuntesdesanluis.com\/index.php\/2024\/01\/20\/acusaron-a-alec-baldwin-de-homicidio-involuntario-tras-la-muerte-en-el-rodaje-de-rust\/","name":"ACUSARON A ALEC BALDWIN DE HOMICIDIO INVOLUNTARIO TRAS LA MUERTE EN EL RODAJE DE 'RUST' - Apuntes de San Luis","isPartOf":{"@id":"https:\/\/apuntesdesanluis.com\/#website"},"primaryImageOfPage":{"@id":"https:\/\/apuntesdesanluis.com\/index.php\/2024\/01\/20\/acusaron-a-alec-baldwin-de-homicidio-involuntario-tras-la-muerte-en-el-rodaje-de-rust\/#primaryimage"},"image":{"@id":"https:\/\/apuntesdesanluis.com\/index.php\/2024\/01\/20\/acusaron-a-alec-baldwin-de-homicidio-involuntario-tras-la-muerte-en-el-rodaje-de-rust\/#primaryimage"},"thumbnailUrl":"https:\/\/apuntesdesanluis.com\/wp-content\/uploads\/2024\/01\/dos-de-tapa.webp","datePublished":"2024-01-20T15:24:44+00:00","breadcrumb":{"@id":"https:\/\/apuntesdesanluis.com\/index.php\/2024\/01\/20\/acusaron-a-alec-baldwin-de-homicidio-involuntario-tras-la-muerte-en-el-rodaje-de-rust\/#breadcrumb"},"inLanguage":"es-AR","potentialAction":[{"@type":"ReadAction","target":["https:\/\/apuntesdesanluis.com\/index.php\/2024\/01\/20\/acusaron-a-alec-baldwin-de-homicidio-involuntario-tras-la-muerte-en-el-rodaje-de-rust\/"]}]},{"@type":"ImageObject","inLanguage":"es-AR","@id":"https:\/\/apuntesdesanluis.com\/index.php\/2024\/01\/20\/acusaron-a-alec-baldwin-de-homicidio-involuntario-tras-la-muerte-en-el-rodaje-de-rust\/#primaryimage","url":"https:\/\/apuntesdesanluis.com\/wp-content\/uploads\/2024\/01\/dos-de-tapa.webp","contentUrl":"https:\/\/apuntesdesanluis.com\/wp-content\/uploads\/2024\/01\/dos-de-tapa.webp","width":640,"height":374},{"@type":"BreadcrumbList","@id":"https:\/\/apuntesdesanluis.com\/index.php\/2024\/01\/20\/acusaron-a-alec-baldwin-de-homicidio-involuntario-tras-la-muerte-en-el-rodaje-de-rust\/#breadcrumb","itemListElement":[{"@type":"ListItem","position":1,"name":"Inicio","item":"https:\/\/apuntesdesanluis.com\/"},{"@type":"ListItem","position":2,"name":"ACUSARON A ALEC BALDWIN DE HOMICIDIO INVOLUNTARIO TRAS LA MUERTE EN EL RODAJE DE &#8216;RUST&#8217;"}]},{"@type":"WebSite","@id":"https:\/\/apuntesdesanluis.com\/#website","url":"https:\/\/apuntesdesanluis.com\/","name":"Apuntes de San Luis","description":"","publisher":{"@id":"https:\/\/apuntesdesanluis.com\/#\/schema\/person\/b55151d52296fcce64d1a72538a70b90"},"potentialAction":[{"@type":"SearchAction","target":{"@type":"EntryPoint","urlTemplate":"https:\/\/apuntesdesanluis.com\/?s={search_term_string}"},"query-input":{"@type":"PropertyValueSpecification","valueRequired":true,"valueName":"search_term_string"}}],"inLanguage":"es-AR"},{"@type":["Person","Organization"],"@id":"https:\/\/apuntesdesanluis.com\/#\/schema\/person\/b55151d52296fcce64d1a72538a70b90","name":"apuntesdesanluis.com","image":{"@type":"ImageObject","inLanguage":"es-AR","@id":"https:\/\/apuntesdesanluis.com\/#\/schema\/person\/image\/","url":"https:\/\/apuntesdesanluis.com\/wp-content\/uploads\/2023\/07\/cropped-apuntesdesanluis.png","contentUrl":"https:\/\/apuntesdesanluis.com\/wp-content\/uploads\/2023\/07\/cropped-apuntesdesanluis.png","width":450,"height":112,"caption":"apuntesdesanluis.com"},"logo":{"@id":"https:\/\/apuntesdesanluis.com\/#\/schema\/person\/image\/"},"sameAs":["https:\/\/apuntesdesanluis.com"],"url":"https:\/\/apuntesdesanluis.com\/index.php\/author\/apuntesdesanluis-com\/"}]}},"featured_image_urls":{"full":["https:\/\/apuntesdesanluis.com\/wp-content\/uploads\/2024\/01\/dos-de-tapa.webp",640,374,false],"thumbnail":["https:\/\/apuntesdesanluis.com\/wp-content\/uploads\/2024\/01\/dos-de-tapa-150x150.webp",150,150,true],"medium":["https:\/\/apuntesdesanluis.com\/wp-content\/uploads\/2024\/01\/dos-de-tapa-300x175.webp",300,175,true],"medium_large":["https:\/\/apuntesdesanluis.com\/wp-content\/uploads\/2024\/01\/dos-de-tapa.webp",640,374,false],"large":["https:\/\/apuntesdesanluis.com\/wp-content\/uploads\/2024\/01\/dos-de-tapa.webp",640,374,false],"1536x1536":["https:\/\/apuntesdesanluis.com\/wp-content\/uploads\/2024\/01\/dos-de-tapa.webp",640,374,false],"2048x2048":["https:\/\/apuntesdesanluis.com\/wp-content\/uploads\/2024\/01\/dos-de-tapa.webp",640,374,false],"newsever-slider-full":["https:\/\/apuntesdesanluis.com\/wp-content\/uploads\/2024\/01\/dos-de-tapa.webp",640,374,false],"newsever-featured":["https:\/\/apuntesdesanluis.com\/wp-content\/uploads\/2024\/01\/dos-de-tapa.webp",640,374,false],"newsever-medium":["https:\/\/apuntesdesanluis.com\/wp-content\/uploads\/2024\/01\/dos-de-tapa.webp",640,374,false]},"author_info":{"display_name":"apuntesdesanluis.com","author_link":"https:\/\/apuntesdesanluis.com\/index.php\/author\/apuntesdesanluis-com\/"},"category_info":"<a href=\"https:\/\/apuntesdesanluis.com\/index.php\/category\/nacionales-internacionales\/\" rel=\"category tag\">Nacionales\/Internacionales<\/a>","tag_info":"Nacionales\/Internacionales","comment_count":"0","_links":{"self":[{"href":"https:\/\/apuntesdesanluis.com\/index.php\/wp-json\/wp\/v2\/posts\/10453","targetHints":{"allow":["GET"]}}],"collection":[{"href":"https:\/\/apuntesdesanluis.com\/index.php\/wp-json\/wp\/v2\/posts"}],"about":[{"href":"https:\/\/apuntesdesanluis.com\/index.php\/wp-json\/wp\/v2\/types\/post"}],"author":[{"embeddable":true,"href":"https:\/\/apuntesdesanluis.com\/index.php\/wp-json\/wp\/v2\/users\/1"}],"replies":[{"embeddable":true,"href":"https:\/\/apuntesdesanluis.com\/index.php\/wp-json\/wp\/v2\/comments?post=10453"}],"version-history":[{"count":1,"href":"https:\/\/apuntesdesanluis.com\/index.php\/wp-json\/wp\/v2\/posts\/10453\/revisions"}],"predecessor-version":[{"id":10456,"href":"https:\/\/apuntesdesanluis.com\/index.php\/wp-json\/wp\/v2\/posts\/10453\/revisions\/10456"}],"wp:featuredmedia":[{"embeddable":true,"href":"https:\/\/apuntesdesanluis.com\/index.php\/wp-json\/wp\/v2\/media\/10455"}],"wp:attachment":[{"href":"https:\/\/apuntesdesanluis.com\/index.php\/wp-json\/wp\/v2\/media?parent=10453"}],"wp:term":[{"taxonomy":"category","embeddable":true,"href":"https:\/\/apuntesdesanluis.com\/index.php\/wp-json\/wp\/v2\/categories?post=10453"},{"taxonomy":"post_tag","embeddable":true,"href":"https:\/\/apuntesdesanluis.com\/index.php\/wp-json\/wp\/v2\/tags?post=10453"}],"curies":[{"name":"wp","href":"https:\/\/api.w.org\/{rel}","templated":true}]}}