{"id":10462,"date":"2024-01-20T17:08:59","date_gmt":"2024-01-20T20:08:59","guid":{"rendered":"https:\/\/apuntesdesanluis.com\/?p=10462"},"modified":"2024-01-20T17:08:59","modified_gmt":"2024-01-20T20:08:59","slug":"ong-participaron-masivamente-de-la-presentacion-del-programa-de-fortalecimiento-institucional","status":"publish","type":"post","link":"https:\/\/apuntesdesanluis.com\/index.php\/2024\/01\/20\/ong-participaron-masivamente-de-la-presentacion-del-programa-de-fortalecimiento-institucional\/","title":{"rendered":"ONG PARTICIPARON MASIVAMENTE DE LA PRESENTACI\u00d3N DEL PROGRAMA DE FORTALECIMIENTO INSTITUCIONAL"},"content":{"rendered":"<h3>Dirigentes de alrededor de 500 asociaciones; cooperadoras; clubes sociales y deportivos; agrupaciones gauchas; centros vecinales, culturales y de jubilados, fueron parte de la acto en el que las autoridades explicaron las etapas de la iniciativa destinada a consolidar a las entidades del tercer sector.<\/h3>\n<h3>\u201cNuestra vocaci\u00f3n es que ustedes sean instituciones fuertes\u201d, les dijo el gobernador, Claudio Poggi.<\/h3>\n<h3>A la cabeza de este programa estar\u00e1 la directora provincial de Constituci\u00f3n y Fiscalizaci\u00f3n de Personas Jur\u00eddicas, Lorena Dom\u00ednguez. Estim\u00f3, con gran satisfacci\u00f3n, que en el Sal\u00f3n Blanco hab\u00eda representantes de al menos 500 entidades de distintas ciudades y localidades.<\/h3>\n<h3>\u201cQueremos fortalecer a las organizaciones, formarlas institucionalmente, capacitarlas. Hoy lanzamos la primera etapa o eje, que es el reempadronamiento de todas las asociaciones civiles de la provincia y las fundaciones, algo que es obligatorio y se extender\u00e1 hasta el 22 de abril. Luego comenzamos con la segunda etapa, que es la regularizaci\u00f3n de las ONG que est\u00e9n en estado irregular ante Personas Jur\u00eddicas. Es transversal y trabajaremos en ello todo el a\u00f1o. La tercera etapa o el tercer eje inicia el 23 de febrero y es la capacitaci\u00f3n por departamentos. Y el cuarto eje es el cofinanciamiento de los proyectos\u201d, resumi\u00f3 Dom\u00ednguez.<\/h3>\n<h3><img fetchpriority=\"high\" decoding=\"async\" class=\"wp-image-10463 aligncenter\" src=\"https:\/\/apuntesdesanluis.com\/wp-content\/uploads\/2024\/01\/PUBLICO-300x156.png\" alt=\"\" width=\"621\" height=\"323\" srcset=\"https:\/\/apuntesdesanluis.com\/wp-content\/uploads\/2024\/01\/PUBLICO-300x156.png 300w, https:\/\/apuntesdesanluis.com\/wp-content\/uploads\/2024\/01\/PUBLICO.png 600w\" sizes=\"(max-width: 621px) 100vw, 621px\" \/><\/h3>\n<h3>La directora detall\u00f3 que las capacitaciones comenzar\u00e1n en Uni\u00f3n y que abarcar\u00e1n a los nueve departamentos de la provincia. Tienen programadas un total de 54 capacitaciones (seis por departamento), que finalizar\u00e1n en agosto. Ser\u00e1n dos presenciales y cuatro virtuales, mediante una plataforma similar a Classroom. Las tem\u00e1ticas que abordar\u00e1n ser\u00e1n todo lo vinculado al ciclo interno y din\u00e1micas de las entidades y la formulaci\u00f3n y gesti\u00f3n de proyectos sociales. Luego, con ese bagaje, las entidades presentar\u00e1n formalmente sus iniciativas. Las entidades que aspiren a acceder al co-financiamiento tienen como requisito obligatorio que su presidente, secretario y tesorero realicen las capacitaciones. El Gobernador prometi\u00f3 participar de ellas.<\/h3>\n<h3><strong>ENDEIZA<\/strong><\/h3>\n<h3>La direcci\u00f3n de Constituci\u00f3n y Fiscalizaci\u00f3n de Personas Jur\u00eddicas depende del ministerio de Gobierno. Por ello, otro de los oradores fue el ministro de esa cartera, Facundo Endeiza. \u201cCon el lanzamiento de este programa pretendemos dar inicio a una serie de actividades para que, en conjunto, ciudadanos y Gobierno, produzcamos un cambio social positivo. Es fundamental el encuentro entre el sector p\u00fablico y el privado\u201d, consider\u00f3.<\/h3>\n<h3>Destac\u00f3 que hay una decisi\u00f3n pol\u00edtica del Gobernador que, sumada al trabajo de Personas Jur\u00eddicas y a ciudadanos organizados y con gran vocaci\u00f3n de servicio, brindan su tiempo y trabajo para generar y desarrollar una mejor comunidad.<\/h3>\n<h3>\u201cHoy m\u00e1s que nunca, necesitamos crear una matriz cultural en la que prevalezca la iniciativa de los emprendedores. Por eso es muy importante que ustedes est\u00e9n ac\u00e1, que participen. Pretendemos y aspiramos a que las organizaciones sociales sean sanas, fuertes, que motoricen una jerarquizaci\u00f3n de las entidades de la comunidad. Cuando un chico, un joven se acerca a un club, un vecino a una asociaci\u00f3n, un abuelo a un centro de jubilados, lo hacen con gran expectativa. Tenemos que lograr que se integren, que se acerquen, que se identifiquen. Sabemos que se produce una gran evoluci\u00f3n en ellos, en ustedes y en toda la comunidad. Este plan indica un camino que queremos recorrer juntos hacia un noble horizonte, y en este desaf\u00edo los invitamos principalmente a ustedes que son los protagonistas\u201d, cerr\u00f3 el ministro Endeiza.<\/h3>\n<h3><strong>POGGI<\/strong><\/h3>\n<h3>\u201cCada uno de ustedes representa a un sector de la comunidad, una tem\u00e1tica, un abordaje. Es muy importante, con una mirada desde el Estado, trabajar en conjunto, porque en muchas circunstancias llegan a lugares donde el Estado no llega\u201d, expres\u00f3 el gobernador, Claudio Poggi, en el cierre del acto.<\/h3>\n<h3>Dijo que, con el encuentro de este s\u00e1bado, comenz\u00f3 una nueva etapa para las ONG. \u201cEn el v\u00ednculo del Estado con ustedes hay dos modelos: darles bola o no. No darles bola es no participar, mantenerlas como instituciones d\u00e9biles, intervenidas pol\u00edticamente. Mantenerlas desorganizadas. Eso no va m\u00e1s. Pidi\u00e9ndole un papelito todos los d\u00edas, lo que les implicaba que ten\u00edan que viajar 200 kil\u00f3metros para cumplir, con la angustia que eso significa cuando el papelito no es el que ten\u00edan que traer porque les informaron mal. Esa es una forma de tratarlas que rigi\u00f3 hasta el 10 de diciembre, el 11 de diciembre cambi\u00f3 todo. Nuestra vocaci\u00f3n es que ustedes sean instituciones s\u00f3lidas, fuertes\u201d, les dijo el Gobernador a los cientos de dirigentes presentes.<\/h3>\n<h3><strong>REEMPADRONAMIENTO<\/strong><\/h3>\n<h3>Las organizaciones, cooperativas, clubes, asociaciones y fundaciones que existen en la provincia deben realizar, a partir de este s\u00e1bado 20 de enero y hasta el 22 de abril de este a\u00f1o, un reempadronamiento, que le permitir\u00e1 al Gobierno provincial tener un claro panorama de cu\u00e1ntas entidades conforman el tercer sector en San Luis.<\/h3>\n<h3>El reempadronamiento es obligatorio para todas las ONG de la provincia. Desde el ministerio de Gobierno explicaron que se har\u00e1 exclusivamente de modo digital, a trav\u00e9s de un formulario disponible en la p\u00e1gina oficial del Gobierno de San Luis. <a href=\"https:\/\/www.sanluis.gov.ar\/\">https:\/\/www.sanluis.gov.ar\/<\/a><\/h3>\n<h3><\/h3>\n<h3>Al ingresar al link, a la derecha, aparece un banner que dice \u2018Reempadronamiento de Personas Jur\u00eddicas\u2019. Al hacer clik en \u2018Comenzar\u2019 se desplegar\u00e1 el formulario a completar, que es muy sencillo.<\/h3>\n<h3><a href=\"https:\/\/programainformatico3.sanluis.gob.ar\/ords\/r\/pinfo\/reempadronamiento-obligatorio-de-personas-juridicas\/home?session=4324736570076\">https:\/\/programainformatico3.sanluis.gob.ar\/ords\/r\/pinfo\/reempadronamiento-obligatorio-de-personas-juridicas\/home?session=4324736570076<\/a><\/h3>\n<p>&nbsp;<\/p>\n<p>&nbsp;<\/p>\n<p>&nbsp;<\/p>\n<p>&nbsp;<\/p>\n","protected":false},"excerpt":{"rendered":"<p>Dirigentes de alrededor de 500 asociaciones; cooperadoras; clubes sociales y deportivos; agrupaciones gauchas; centros vecinales,&#8230;<\/p>\n","protected":false},"author":1,"featured_media":10464,"comment_status":"closed","ping_status":"closed","sticky":false,"template":"","format":"standard","meta":{"footnotes":""},"categories":[6],"tags":[],"class_list":["post-10462","post","type-post","status-publish","format-standard","has-post-thumbnail","hentry","category-ciudad-provincia"],"yoast_head":"<!-- This site is optimized with the Yoast SEO plugin v26.1.1 - https:\/\/yoast.com\/wordpress\/plugins\/seo\/ -->\n<title>ONG PARTICIPARON MASIVAMENTE DE LA PRESENTACI\u00d3N DEL PROGRAMA DE FORTALECIMIENTO INSTITUCIONAL - Apuntes de San Luis<\/title>\n<meta name=\"robots\" content=\"index, follow, max-snippet:-1, max-image-preview:large, max-video-preview:-1\" \/>\n<link rel=\"canonical\" href=\"https:\/\/apuntesdesanluis.com\/index.php\/2024\/01\/20\/ong-participaron-masivamente-de-la-presentacion-del-programa-de-fortalecimiento-institucional\/\" \/>\n<meta property=\"og:locale\" content=\"es_ES\" \/>\n<meta property=\"og:type\" content=\"article\" \/>\n<meta property=\"og:title\" content=\"ONG PARTICIPARON MASIVAMENTE DE LA PRESENTACI\u00d3N DEL PROGRAMA DE FORTALECIMIENTO INSTITUCIONAL - Apuntes de San Luis\" \/>\n<meta property=\"og:description\" content=\"Dirigentes de alrededor de 500 asociaciones; cooperadoras; clubes sociales y deportivos; agrupaciones gauchas; centros vecinales,...\" \/>\n<meta property=\"og:url\" content=\"https:\/\/apuntesdesanluis.com\/index.php\/2024\/01\/20\/ong-participaron-masivamente-de-la-presentacion-del-programa-de-fortalecimiento-institucional\/\" \/>\n<meta property=\"og:site_name\" content=\"Apuntes de San Luis\" \/>\n<meta property=\"article:published_time\" content=\"2024-01-20T20:08:59+00:00\" \/>\n<meta property=\"og:image\" content=\"https:\/\/apuntesdesanluis.com\/wp-content\/uploads\/2024\/01\/POGGI-6.png\" \/>\n\t<meta property=\"og:image:width\" content=\"600\" \/>\n\t<meta property=\"og:image:height\" content=\"376\" \/>\n\t<meta property=\"og:image:type\" content=\"image\/png\" \/>\n<meta name=\"author\" content=\"apuntesdesanluis.com\" \/>\n<meta name=\"twitter:card\" content=\"summary_large_image\" \/>\n<meta name=\"twitter:label1\" content=\"Escrito por\" \/>\n\t<meta name=\"twitter:data1\" content=\"apuntesdesanluis.com\" \/>\n\t<meta name=\"twitter:label2\" content=\"Tiempo de lectura\" \/>\n\t<meta name=\"twitter:data2\" content=\"5 minutos\" \/>\n<script type=\"application\/ld+json\" class=\"yoast-schema-graph\">{\"@context\":\"https:\/\/schema.org\",\"@graph\":[{\"@type\":\"Article\",\"@id\":\"https:\/\/apuntesdesanluis.com\/index.php\/2024\/01\/20\/ong-participaron-masivamente-de-la-presentacion-del-programa-de-fortalecimiento-institucional\/#article\",\"isPartOf\":{\"@id\":\"https:\/\/apuntesdesanluis.com\/index.php\/2024\/01\/20\/ong-participaron-masivamente-de-la-presentacion-del-programa-de-fortalecimiento-institucional\/\"},\"author\":{\"name\":\"apuntesdesanluis.com\",\"@id\":\"https:\/\/apuntesdesanluis.com\/#\/schema\/person\/b55151d52296fcce64d1a72538a70b90\"},\"headline\":\"ONG PARTICIPARON MASIVAMENTE DE LA PRESENTACI\u00d3N DEL PROGRAMA DE FORTALECIMIENTO INSTITUCIONAL\",\"datePublished\":\"2024-01-20T20:08:59+00:00\",\"mainEntityOfPage\":{\"@id\":\"https:\/\/apuntesdesanluis.com\/index.php\/2024\/01\/20\/ong-participaron-masivamente-de-la-presentacion-del-programa-de-fortalecimiento-institucional\/\"},\"wordCount\":924,\"publisher\":{\"@id\":\"https:\/\/apuntesdesanluis.com\/#\/schema\/person\/b55151d52296fcce64d1a72538a70b90\"},\"image\":{\"@id\":\"https:\/\/apuntesdesanluis.com\/index.php\/2024\/01\/20\/ong-participaron-masivamente-de-la-presentacion-del-programa-de-fortalecimiento-institucional\/#primaryimage\"},\"thumbnailUrl\":\"https:\/\/apuntesdesanluis.com\/wp-content\/uploads\/2024\/01\/POGGI-6.png\",\"articleSection\":[\"Ciudad\/Provincia\"],\"inLanguage\":\"es-AR\"},{\"@type\":\"WebPage\",\"@id\":\"https:\/\/apuntesdesanluis.com\/index.php\/2024\/01\/20\/ong-participaron-masivamente-de-la-presentacion-del-programa-de-fortalecimiento-institucional\/\",\"url\":\"https:\/\/apuntesdesanluis.com\/index.php\/2024\/01\/20\/ong-participaron-masivamente-de-la-presentacion-del-programa-de-fortalecimiento-institucional\/\",\"name\":\"ONG PARTICIPARON MASIVAMENTE DE LA PRESENTACI\u00d3N DEL PROGRAMA DE FORTALECIMIENTO INSTITUCIONAL - Apuntes de San Luis\",\"isPartOf\":{\"@id\":\"https:\/\/apuntesdesanluis.com\/#website\"},\"primaryImageOfPage\":{\"@id\":\"https:\/\/apuntesdesanluis.com\/index.php\/2024\/01\/20\/ong-participaron-masivamente-de-la-presentacion-del-programa-de-fortalecimiento-institucional\/#primaryimage\"},\"image\":{\"@id\":\"https:\/\/apuntesdesanluis.com\/index.php\/2024\/01\/20\/ong-participaron-masivamente-de-la-presentacion-del-programa-de-fortalecimiento-institucional\/#primaryimage\"},\"thumbnailUrl\":\"https:\/\/apuntesdesanluis.com\/wp-content\/uploads\/2024\/01\/POGGI-6.png\",\"datePublished\":\"2024-01-20T20:08:59+00:00\",\"breadcrumb\":{\"@id\":\"https:\/\/apuntesdesanluis.com\/index.php\/2024\/01\/20\/ong-participaron-masivamente-de-la-presentacion-del-programa-de-fortalecimiento-institucional\/#breadcrumb\"},\"inLanguage\":\"es-AR\",\"potentialAction\":[{\"@type\":\"ReadAction\",\"target\":[\"https:\/\/apuntesdesanluis.com\/index.php\/2024\/01\/20\/ong-participaron-masivamente-de-la-presentacion-del-programa-de-fortalecimiento-institucional\/\"]}]},{\"@type\":\"ImageObject\",\"inLanguage\":\"es-AR\",\"@id\":\"https:\/\/apuntesdesanluis.com\/index.php\/2024\/01\/20\/ong-participaron-masivamente-de-la-presentacion-del-programa-de-fortalecimiento-institucional\/#primaryimage\",\"url\":\"https:\/\/apuntesdesanluis.com\/wp-content\/uploads\/2024\/01\/POGGI-6.png\",\"contentUrl\":\"https:\/\/apuntesdesanluis.com\/wp-content\/uploads\/2024\/01\/POGGI-6.png\",\"width\":600,\"height\":376},{\"@type\":\"BreadcrumbList\",\"@id\":\"https:\/\/apuntesdesanluis.com\/index.php\/2024\/01\/20\/ong-participaron-masivamente-de-la-presentacion-del-programa-de-fortalecimiento-institucional\/#breadcrumb\",\"itemListElement\":[{\"@type\":\"ListItem\",\"position\":1,\"name\":\"Inicio\",\"item\":\"https:\/\/apuntesdesanluis.com\/\"},{\"@type\":\"ListItem\",\"position\":2,\"name\":\"ONG PARTICIPARON MASIVAMENTE DE LA PRESENTACI\u00d3N DEL PROGRAMA DE FORTALECIMIENTO INSTITUCIONAL\"}]},{\"@type\":\"WebSite\",\"@id\":\"https:\/\/apuntesdesanluis.com\/#website\",\"url\":\"https:\/\/apuntesdesanluis.com\/\",\"name\":\"Apuntes de San Luis\",\"description\":\"\",\"publisher\":{\"@id\":\"https:\/\/apuntesdesanluis.com\/#\/schema\/person\/b55151d52296fcce64d1a72538a70b90\"},\"potentialAction\":[{\"@type\":\"SearchAction\",\"target\":{\"@type\":\"EntryPoint\",\"urlTemplate\":\"https:\/\/apuntesdesanluis.com\/?s={search_term_string}\"},\"query-input\":{\"@type\":\"PropertyValueSpecification\",\"valueRequired\":true,\"valueName\":\"search_term_string\"}}],\"inLanguage\":\"es-AR\"},{\"@type\":[\"Person\",\"Organization\"],\"@id\":\"https:\/\/apuntesdesanluis.com\/#\/schema\/person\/b55151d52296fcce64d1a72538a70b90\",\"name\":\"apuntesdesanluis.com\",\"image\":{\"@type\":\"ImageObject\",\"inLanguage\":\"es-AR\",\"@id\":\"https:\/\/apuntesdesanluis.com\/#\/schema\/person\/image\/\",\"url\":\"https:\/\/apuntesdesanluis.com\/wp-content\/uploads\/2023\/07\/cropped-apuntesdesanluis.png\",\"contentUrl\":\"https:\/\/apuntesdesanluis.com\/wp-content\/uploads\/2023\/07\/cropped-apuntesdesanluis.png\",\"width\":450,\"height\":112,\"caption\":\"apuntesdesanluis.com\"},\"logo\":{\"@id\":\"https:\/\/apuntesdesanluis.com\/#\/schema\/person\/image\/\"},\"sameAs\":[\"https:\/\/apuntesdesanluis.com\"],\"url\":\"https:\/\/apuntesdesanluis.com\/index.php\/author\/apuntesdesanluis-com\/\"}]}<\/script>\n<!-- \/ Yoast SEO plugin. -->","yoast_head_json":{"title":"ONG PARTICIPARON MASIVAMENTE DE LA PRESENTACI\u00d3N DEL PROGRAMA DE FORTALECIMIENTO INSTITUCIONAL - Apuntes de San Luis","robots":{"index":"index","follow":"follow","max-snippet":"max-snippet:-1","max-image-preview":"max-image-preview:large","max-video-preview":"max-video-preview:-1"},"canonical":"https:\/\/apuntesdesanluis.com\/index.php\/2024\/01\/20\/ong-participaron-masivamente-de-la-presentacion-del-programa-de-fortalecimiento-institucional\/","og_locale":"es_ES","og_type":"article","og_title":"ONG PARTICIPARON MASIVAMENTE DE LA PRESENTACI\u00d3N DEL PROGRAMA DE FORTALECIMIENTO INSTITUCIONAL - Apuntes de San Luis","og_description":"Dirigentes de alrededor de 500 asociaciones; cooperadoras; clubes sociales y deportivos; agrupaciones gauchas; centros vecinales,...","og_url":"https:\/\/apuntesdesanluis.com\/index.php\/2024\/01\/20\/ong-participaron-masivamente-de-la-presentacion-del-programa-de-fortalecimiento-institucional\/","og_site_name":"Apuntes de San Luis","article_published_time":"2024-01-20T20:08:59+00:00","og_image":[{"width":600,"height":376,"url":"https:\/\/apuntesdesanluis.com\/wp-content\/uploads\/2024\/01\/POGGI-6.png","type":"image\/png"}],"author":"apuntesdesanluis.com","twitter_card":"summary_large_image","twitter_misc":{"Escrito por":"apuntesdesanluis.com","Tiempo de lectura":"5 minutos"},"schema":{"@context":"https:\/\/schema.org","@graph":[{"@type":"Article","@id":"https:\/\/apuntesdesanluis.com\/index.php\/2024\/01\/20\/ong-participaron-masivamente-de-la-presentacion-del-programa-de-fortalecimiento-institucional\/#article","isPartOf":{"@id":"https:\/\/apuntesdesanluis.com\/index.php\/2024\/01\/20\/ong-participaron-masivamente-de-la-presentacion-del-programa-de-fortalecimiento-institucional\/"},"author":{"name":"apuntesdesanluis.com","@id":"https:\/\/apuntesdesanluis.com\/#\/schema\/person\/b55151d52296fcce64d1a72538a70b90"},"headline":"ONG PARTICIPARON MASIVAMENTE DE LA PRESENTACI\u00d3N DEL PROGRAMA DE FORTALECIMIENTO INSTITUCIONAL","datePublished":"2024-01-20T20:08:59+00:00","mainEntityOfPage":{"@id":"https:\/\/apuntesdesanluis.com\/index.php\/2024\/01\/20\/ong-participaron-masivamente-de-la-presentacion-del-programa-de-fortalecimiento-institucional\/"},"wordCount":924,"publisher":{"@id":"https:\/\/apuntesdesanluis.com\/#\/schema\/person\/b55151d52296fcce64d1a72538a70b90"},"image":{"@id":"https:\/\/apuntesdesanluis.com\/index.php\/2024\/01\/20\/ong-participaron-masivamente-de-la-presentacion-del-programa-de-fortalecimiento-institucional\/#primaryimage"},"thumbnailUrl":"https:\/\/apuntesdesanluis.com\/wp-content\/uploads\/2024\/01\/POGGI-6.png","articleSection":["Ciudad\/Provincia"],"inLanguage":"es-AR"},{"@type":"WebPage","@id":"https:\/\/apuntesdesanluis.com\/index.php\/2024\/01\/20\/ong-participaron-masivamente-de-la-presentacion-del-programa-de-fortalecimiento-institucional\/","url":"https:\/\/apuntesdesanluis.com\/index.php\/2024\/01\/20\/ong-participaron-masivamente-de-la-presentacion-del-programa-de-fortalecimiento-institucional\/","name":"ONG PARTICIPARON MASIVAMENTE DE LA PRESENTACI\u00d3N DEL PROGRAMA DE FORTALECIMIENTO INSTITUCIONAL - Apuntes de San Luis","isPartOf":{"@id":"https:\/\/apuntesdesanluis.com\/#website"},"primaryImageOfPage":{"@id":"https:\/\/apuntesdesanluis.com\/index.php\/2024\/01\/20\/ong-participaron-masivamente-de-la-presentacion-del-programa-de-fortalecimiento-institucional\/#primaryimage"},"image":{"@id":"https:\/\/apuntesdesanluis.com\/index.php\/2024\/01\/20\/ong-participaron-masivamente-de-la-presentacion-del-programa-de-fortalecimiento-institucional\/#primaryimage"},"thumbnailUrl":"https:\/\/apuntesdesanluis.com\/wp-content\/uploads\/2024\/01\/POGGI-6.png","datePublished":"2024-01-20T20:08:59+00:00","breadcrumb":{"@id":"https:\/\/apuntesdesanluis.com\/index.php\/2024\/01\/20\/ong-participaron-masivamente-de-la-presentacion-del-programa-de-fortalecimiento-institucional\/#breadcrumb"},"inLanguage":"es-AR","potentialAction":[{"@type":"ReadAction","target":["https:\/\/apuntesdesanluis.com\/index.php\/2024\/01\/20\/ong-participaron-masivamente-de-la-presentacion-del-programa-de-fortalecimiento-institucional\/"]}]},{"@type":"ImageObject","inLanguage":"es-AR","@id":"https:\/\/apuntesdesanluis.com\/index.php\/2024\/01\/20\/ong-participaron-masivamente-de-la-presentacion-del-programa-de-fortalecimiento-institucional\/#primaryimage","url":"https:\/\/apuntesdesanluis.com\/wp-content\/uploads\/2024\/01\/POGGI-6.png","contentUrl":"https:\/\/apuntesdesanluis.com\/wp-content\/uploads\/2024\/01\/POGGI-6.png","width":600,"height":376},{"@type":"BreadcrumbList","@id":"https:\/\/apuntesdesanluis.com\/index.php\/2024\/01\/20\/ong-participaron-masivamente-de-la-presentacion-del-programa-de-fortalecimiento-institucional\/#breadcrumb","itemListElement":[{"@type":"ListItem","position":1,"name":"Inicio","item":"https:\/\/apuntesdesanluis.com\/"},{"@type":"ListItem","position":2,"name":"ONG PARTICIPARON MASIVAMENTE DE LA PRESENTACI\u00d3N DEL PROGRAMA DE FORTALECIMIENTO INSTITUCIONAL"}]},{"@type":"WebSite","@id":"https:\/\/apuntesdesanluis.com\/#website","url":"https:\/\/apuntesdesanluis.com\/","name":"Apuntes de San Luis","description":"","publisher":{"@id":"https:\/\/apuntesdesanluis.com\/#\/schema\/person\/b55151d52296fcce64d1a72538a70b90"},"potentialAction":[{"@type":"SearchAction","target":{"@type":"EntryPoint","urlTemplate":"https:\/\/apuntesdesanluis.com\/?s={search_term_string}"},"query-input":{"@type":"PropertyValueSpecification","valueRequired":true,"valueName":"search_term_string"}}],"inLanguage":"es-AR"},{"@type":["Person","Organization"],"@id":"https:\/\/apuntesdesanluis.com\/#\/schema\/person\/b55151d52296fcce64d1a72538a70b90","name":"apuntesdesanluis.com","image":{"@type":"ImageObject","inLanguage":"es-AR","@id":"https:\/\/apuntesdesanluis.com\/#\/schema\/person\/image\/","url":"https:\/\/apuntesdesanluis.com\/wp-content\/uploads\/2023\/07\/cropped-apuntesdesanluis.png","contentUrl":"https:\/\/apuntesdesanluis.com\/wp-content\/uploads\/2023\/07\/cropped-apuntesdesanluis.png","width":450,"height":112,"caption":"apuntesdesanluis.com"},"logo":{"@id":"https:\/\/apuntesdesanluis.com\/#\/schema\/person\/image\/"},"sameAs":["https:\/\/apuntesdesanluis.com"],"url":"https:\/\/apuntesdesanluis.com\/index.php\/author\/apuntesdesanluis-com\/"}]}},"featured_image_urls":{"full":["https:\/\/apuntesdesanluis.com\/wp-content\/uploads\/2024\/01\/POGGI-6.png",600,376,false],"thumbnail":["https:\/\/apuntesdesanluis.com\/wp-content\/uploads\/2024\/01\/POGGI-6-150x150.png",150,150,true],"medium":["https:\/\/apuntesdesanluis.com\/wp-content\/uploads\/2024\/01\/POGGI-6-300x188.png",300,188,true],"medium_large":["https:\/\/apuntesdesanluis.com\/wp-content\/uploads\/2024\/01\/POGGI-6.png",600,376,false],"large":["https:\/\/apuntesdesanluis.com\/wp-content\/uploads\/2024\/01\/POGGI-6.png",600,376,false],"1536x1536":["https:\/\/apuntesdesanluis.com\/wp-content\/uploads\/2024\/01\/POGGI-6.png",600,376,false],"2048x2048":["https:\/\/apuntesdesanluis.com\/wp-content\/uploads\/2024\/01\/POGGI-6.png",600,376,false],"newsever-slider-full":["https:\/\/apuntesdesanluis.com\/wp-content\/uploads\/2024\/01\/POGGI-6.png",600,376,false],"newsever-featured":["https:\/\/apuntesdesanluis.com\/wp-content\/uploads\/2024\/01\/POGGI-6.png",600,376,false],"newsever-medium":["https:\/\/apuntesdesanluis.com\/wp-content\/uploads\/2024\/01\/POGGI-6.png",600,376,false]},"author_info":{"display_name":"apuntesdesanluis.com","author_link":"https:\/\/apuntesdesanluis.com\/index.php\/author\/apuntesdesanluis-com\/"},"category_info":"<a href=\"https:\/\/apuntesdesanluis.com\/index.php\/category\/ciudad-provincia\/\" rel=\"category tag\">Ciudad\/Provincia<\/a>","tag_info":"Ciudad\/Provincia","comment_count":"0","_links":{"self":[{"href":"https:\/\/apuntesdesanluis.com\/index.php\/wp-json\/wp\/v2\/posts\/10462","targetHints":{"allow":["GET"]}}],"collection":[{"href":"https:\/\/apuntesdesanluis.com\/index.php\/wp-json\/wp\/v2\/posts"}],"about":[{"href":"https:\/\/apuntesdesanluis.com\/index.php\/wp-json\/wp\/v2\/types\/post"}],"author":[{"embeddable":true,"href":"https:\/\/apuntesdesanluis.com\/index.php\/wp-json\/wp\/v2\/users\/1"}],"replies":[{"embeddable":true,"href":"https:\/\/apuntesdesanluis.com\/index.php\/wp-json\/wp\/v2\/comments?post=10462"}],"version-history":[{"count":1,"href":"https:\/\/apuntesdesanluis.com\/index.php\/wp-json\/wp\/v2\/posts\/10462\/revisions"}],"predecessor-version":[{"id":10465,"href":"https:\/\/apuntesdesanluis.com\/index.php\/wp-json\/wp\/v2\/posts\/10462\/revisions\/10465"}],"wp:featuredmedia":[{"embeddable":true,"href":"https:\/\/apuntesdesanluis.com\/index.php\/wp-json\/wp\/v2\/media\/10464"}],"wp:attachment":[{"href":"https:\/\/apuntesdesanluis.com\/index.php\/wp-json\/wp\/v2\/media?parent=10462"}],"wp:term":[{"taxonomy":"category","embeddable":true,"href":"https:\/\/apuntesdesanluis.com\/index.php\/wp-json\/wp\/v2\/categories?post=10462"},{"taxonomy":"post_tag","embeddable":true,"href":"https:\/\/apuntesdesanluis.com\/index.php\/wp-json\/wp\/v2\/tags?post=10462"}],"curies":[{"name":"wp","href":"https:\/\/api.w.org\/{rel}","templated":true}]}}