{"id":10466,"date":"2024-01-20T22:17:12","date_gmt":"2024-01-21T01:17:12","guid":{"rendered":"https:\/\/apuntesdesanluis.com\/?p=10466"},"modified":"2024-01-20T22:21:14","modified_gmt":"2024-01-21T01:21:14","slug":"el-gobernador-escucho-los-pesares-y-demandas-del-sector-de-la-discapacidad","status":"publish","type":"post","link":"https:\/\/apuntesdesanluis.com\/index.php\/2024\/01\/20\/el-gobernador-escucho-los-pesares-y-demandas-del-sector-de-la-discapacidad\/","title":{"rendered":"EL GOBERNADOR ESCUCH\u00d3 LOS PESARES Y DEMANDAS DEL SECTOR DE LA DISCAPACIDAD"},"content":{"rendered":"<h3>El gobernador, Claudio Poggi, escuch\u00f3 de primera mano de parte de representantes de unas 50 organizaciones los problemas que atraviesan para atender una demanda creciente, entre los que est\u00e1n los bajos aranceles que pagan las obras sociales, las dificultades para conseguir transporte y la falta de acompa\u00f1antes terap\u00e9uticos en los colegios.<\/h3>\n<h3>El mandatario estuvo acompa\u00f1ado por el titular de la Secretar\u00eda de Personas con Discapacidad, <strong>Luis Giraudo<\/strong>, y personal de su cartera, durante la reuni\u00f3n que se realiz\u00f3 en la tarde del s\u00e1bado en Terrazas del Portezuelo.<\/h3>\n<h3><img fetchpriority=\"high\" decoding=\"async\" class=\"wp-image-10468 aligncenter\" src=\"https:\/\/apuntesdesanluis.com\/wp-content\/uploads\/2024\/01\/GIRAUDO-Y-POGGI-300x170.png\" alt=\"\" width=\"706\" height=\"400\" srcset=\"https:\/\/apuntesdesanluis.com\/wp-content\/uploads\/2024\/01\/GIRAUDO-Y-POGGI-300x170.png 300w, https:\/\/apuntesdesanluis.com\/wp-content\/uploads\/2024\/01\/GIRAUDO-Y-POGGI.png 600w\" sizes=\"(max-width: 706px) 100vw, 706px\" \/><\/h3>\n<h3>La primera reacci\u00f3n de padres, docentes y directivos de entidades dedicadas a atender la discapacidad fue de sorpresa. Hac\u00eda mucho que un gobernador no se sentaba mano a mano con ellos, a escucharlos sin interrumpir, anotando prolijamente cada pedido, cada queja, cada ruego. Porque no se trata de simples profesionales dedicados a una tarea enorme como es la de tratar de mejorarles la calidad de vida a chicos y grandes con problemas que van del autismo al retraso madurativo, de la discapacidad motora a los problemas mentales profundos. Son padres angustiados, maestros que se entregan en cuerpo y alma, directivos que hacen malabares porque la plata no alcanza y entonces no saben si van a poder comenzar el a\u00f1o con los centros de d\u00eda abiertos.<\/h3>\n<h3>Entonces, Claudio Poggi, record\u00f3 que fue en 2012, cuando tuvo su primera oportunidad de dirigir los destinos de San Luis, quien cre\u00f3 el Consejo Provincial de Discapacidad, un ente fundamental que la gesti\u00f3n que dej\u00f3 el poder en diciembre fue desinflando hasta dejarla morir. Ahora el Primer mandatario se mostr\u00f3 decidido a reflotarla \u201ccon la ayuda de todos ustedes\u201d, le dijo al nutrido auditorio que llen\u00f3 el Sal\u00f3n Blanco, deseoso de contarle sus pesares y sus alegr\u00edas con una cercan\u00eda que no conoc\u00edan, ni imaginaban.<\/h3>\n<h3><img decoding=\"async\" class=\"wp-image-10469 aligncenter\" src=\"https:\/\/apuntesdesanluis.com\/wp-content\/uploads\/2024\/01\/ENC-300x197.png\" alt=\"\" width=\"713\" height=\"468\" srcset=\"https:\/\/apuntesdesanluis.com\/wp-content\/uploads\/2024\/01\/ENC-300x197.png 300w, https:\/\/apuntesdesanluis.com\/wp-content\/uploads\/2024\/01\/ENC.png 505w\" sizes=\"(max-width: 713px) 100vw, 713px\" \/><\/h3>\n<h3>Entonces el desfile de personas que tom\u00f3 el micr\u00f3fono y tuvo sus tres minutos estipulados se acerc\u00f3 a las 50. Y pas\u00f3 <strong>Mar\u00eda Bel\u00e9n Concia<\/strong>, del Ceatri, una kinesi\u00f3loga que pint\u00f3 el panorama desolador del interior provincial. \u201cNo hay profesionales y es muy caro para esas familias venir a tratarlos a la capital. Tenemos que derivarlos a tiempo y que Dosep tenga un c\u00f3digo de estimulaci\u00f3n temprana\u201d, pidi\u00f3. Las quejas por la atenci\u00f3n de la obra social estatal, inflada de manera irresponsable por el gobierno anterior al triplicar el tama\u00f1o del Estado, se iban a repetir durante la tarde.<\/h3>\n<h3><strong>Pamela Guardia<\/strong>, del Centro Integral Terap\u00e9utico, alert\u00f3 sobre \u201cprestar atenci\u00f3n a los procesos de integraci\u00f3n educativa, porque hay profesionales sin formaci\u00f3n pedag\u00f3gica. Y no se abren cargos de profesores de educaci\u00f3n especial, adem\u00e1s de que los sueldos de los acompa\u00f1antes terap\u00e9uticos son insuficientes\u201d. A su turno, la representante de la Fundaci\u00f3n Pappo Balagu\u00e9, donde est\u00e1n armando una ludoteca, pidi\u00f3 apoyo del Estado, \u201cpero no traducido en plata, sino en capacitaciones. Nosotros si cont\u00e1ramos con beneficiarios del Plan de Inclusi\u00f3n podr\u00edamos crecer de manera instant\u00e1nea\u201d, dijo.<\/h3>\n<h3>Como estas profesionales, muchas adem\u00e1s mam\u00e1s de chicos y grandes con discapacidad, fueron las que contaron sus historias de luchas, fracasos y satisfacciones. Hablaron de que la inclusi\u00f3n educativa se debe trasladar al secundario; del desfasaje en los pagos de las obras sociales, lo que hace deficitaria la atenci\u00f3n debido a la inflaci\u00f3n que no da respiro; el baj\u00edsimo arancel que autorizan esas obras sociales para el transporte; del bullying que tiene a San Luis como una de las provincias donde el flagelo pega duro; de la accesibilidad que va m\u00e1s all\u00e1 de una rampa y deber\u00eda incluir la capacitaci\u00f3n docente; de que salud y discapacidad deben ir de la mano, por ejemplo, en materia de psicopedagog\u00eda, una especialidad que se asocia m\u00e1s a la educaci\u00f3n.<\/h3>\n<h3>As\u00ed pasaron las tres horas de confesiones, pedidos y agradecimientos, que luego pasar\u00e1n a las oficinas correspondientes para que la burocracia vaya retrocediendo a manos de pol\u00edticas p\u00fablicas de corto y largo plazo, para que la discapacidad, que en San Luis tiene rango ministerial, lo que es toda una rareza, tenga la contenci\u00f3n que quienes la sufren merecen.<\/h3>\n<h3><strong>COMPROMISO<\/strong><\/h3>\n<h3>\u201cNo pude pasar una mejor tarde de s\u00e1bado que junto a ustedes, porque yo tengo vocaci\u00f3n de servicio, aprend\u00ed a escuchar, a empatizar. Es la mejor forma de definir una pol\u00edtica p\u00fablica\u201d, les dijo el gobernador, Claudio Poggi, cuando le toc\u00f3 cerrar el encuentro realizado en Terrazas del Portezuelo.<\/h3>\n<h3>Esa pol\u00edtica p\u00fablica a la que se refiri\u00f3 es una dedicada exclusivamente a la discapacidad: \u201cLo voy a hacer de la mano de ustedes, que conocen los problemas del d\u00eda a d\u00eda. Vamos a perforar la burocracia para resolverlos, lo vamos a hacer en materia de salud, de educaci\u00f3n, de seguridad, de deporte, de trabajo y de todo tipo de barreras que nos traben\u201d, les prometi\u00f3.<\/h3>\n<p><img decoding=\"async\" class=\"wp-image-10470 aligncenter\" src=\"https:\/\/apuntesdesanluis.com\/wp-content\/uploads\/2024\/01\/SALUDO-300x211.png\" alt=\"\" width=\"691\" height=\"486\" srcset=\"https:\/\/apuntesdesanluis.com\/wp-content\/uploads\/2024\/01\/SALUDO-300x211.png 300w, https:\/\/apuntesdesanluis.com\/wp-content\/uploads\/2024\/01\/SALUDO.png 481w\" sizes=\"(max-width: 691px) 100vw, 691px\" \/><\/p>\n<h3>Y no le esquiv\u00f3 el bulto a las quejas que una gran mayor\u00eda tuvo sobre la relaci\u00f3n con Dosep. \u201cLamentablemente hoy en San Luis somos \u2018Dosep dependientes\u2019, debido a que se triplic\u00f3 el tama\u00f1o del Estado en los \u00faltimos ocho a\u00f1os. Con ese tema me voy a meter en profundidad, pero sobre todo tiene que crecer el sector privado, que es el que da trabajo genuino y aporta a otras obras sociales\u201d, asegur\u00f3 Poggi, quien termin\u00f3 con uno de sus famosos \u2018Nunca M\u00e1s\u2019.<\/h3>\n<h3>\u201cNunca m\u00e1s la pol\u00edtica partidaria en materia de discapacidad, nunca m\u00e1s un intendente, un concejal o un legislador pidiendo algo a cambio de ayudarlos. Si les aparece alguno, me lo dicen y se va de la funci\u00f3n p\u00fablica\u201d.<\/h3>\n<p>&nbsp;<\/p>\n<p>&nbsp;<\/p>\n<p>&nbsp;<\/p>\n","protected":false},"excerpt":{"rendered":"<p>El gobernador, Claudio Poggi, escuch\u00f3 de primera mano de parte de representantes de unas 50&#8230;<\/p>\n","protected":false},"author":1,"featured_media":10467,"comment_status":"closed","ping_status":"closed","sticky":false,"template":"","format":"standard","meta":{"footnotes":""},"categories":[6],"tags":[],"class_list":["post-10466","post","type-post","status-publish","format-standard","has-post-thumbnail","hentry","category-ciudad-provincia"],"yoast_head":"<!-- This site is optimized with the Yoast SEO plugin v26.1.1 - https:\/\/yoast.com\/wordpress\/plugins\/seo\/ -->\n<title>EL GOBERNADOR ESCUCH\u00d3 LOS PESARES Y DEMANDAS DEL SECTOR DE LA DISCAPACIDAD - Apuntes de San Luis<\/title>\n<meta name=\"robots\" content=\"index, follow, max-snippet:-1, max-image-preview:large, max-video-preview:-1\" \/>\n<link rel=\"canonical\" href=\"https:\/\/apuntesdesanluis.com\/index.php\/2024\/01\/20\/el-gobernador-escucho-los-pesares-y-demandas-del-sector-de-la-discapacidad\/\" \/>\n<meta property=\"og:locale\" content=\"es_ES\" \/>\n<meta property=\"og:type\" content=\"article\" \/>\n<meta property=\"og:title\" content=\"EL GOBERNADOR ESCUCH\u00d3 LOS PESARES Y DEMANDAS DEL SECTOR DE LA DISCAPACIDAD - Apuntes de San Luis\" \/>\n<meta property=\"og:description\" content=\"El gobernador, Claudio Poggi, escuch\u00f3 de primera mano de parte de representantes de unas 50...\" \/>\n<meta property=\"og:url\" content=\"https:\/\/apuntesdesanluis.com\/index.php\/2024\/01\/20\/el-gobernador-escucho-los-pesares-y-demandas-del-sector-de-la-discapacidad\/\" \/>\n<meta property=\"og:site_name\" content=\"Apuntes de San Luis\" \/>\n<meta property=\"article:published_time\" content=\"2024-01-21T01:17:12+00:00\" \/>\n<meta property=\"article:modified_time\" content=\"2024-01-21T01:21:14+00:00\" \/>\n<meta property=\"og:image\" content=\"https:\/\/apuntesdesanluis.com\/wp-content\/uploads\/2024\/01\/ENCUENTRO-CON-DISCAPACIDAD.png\" \/>\n\t<meta property=\"og:image:width\" content=\"600\" \/>\n\t<meta property=\"og:image:height\" content=\"393\" \/>\n\t<meta property=\"og:image:type\" content=\"image\/png\" \/>\n<meta name=\"author\" content=\"apuntesdesanluis.com\" \/>\n<meta name=\"twitter:card\" content=\"summary_large_image\" \/>\n<meta name=\"twitter:label1\" content=\"Escrito por\" \/>\n\t<meta name=\"twitter:data1\" content=\"apuntesdesanluis.com\" \/>\n\t<meta name=\"twitter:label2\" content=\"Tiempo de lectura\" \/>\n\t<meta name=\"twitter:data2\" content=\"5 minutos\" \/>\n<script type=\"application\/ld+json\" class=\"yoast-schema-graph\">{\"@context\":\"https:\/\/schema.org\",\"@graph\":[{\"@type\":\"Article\",\"@id\":\"https:\/\/apuntesdesanluis.com\/index.php\/2024\/01\/20\/el-gobernador-escucho-los-pesares-y-demandas-del-sector-de-la-discapacidad\/#article\",\"isPartOf\":{\"@id\":\"https:\/\/apuntesdesanluis.com\/index.php\/2024\/01\/20\/el-gobernador-escucho-los-pesares-y-demandas-del-sector-de-la-discapacidad\/\"},\"author\":{\"name\":\"apuntesdesanluis.com\",\"@id\":\"https:\/\/apuntesdesanluis.com\/#\/schema\/person\/b55151d52296fcce64d1a72538a70b90\"},\"headline\":\"EL GOBERNADOR ESCUCH\u00d3 LOS PESARES Y DEMANDAS DEL SECTOR DE LA DISCAPACIDAD\",\"datePublished\":\"2024-01-21T01:17:12+00:00\",\"dateModified\":\"2024-01-21T01:21:14+00:00\",\"mainEntityOfPage\":{\"@id\":\"https:\/\/apuntesdesanluis.com\/index.php\/2024\/01\/20\/el-gobernador-escucho-los-pesares-y-demandas-del-sector-de-la-discapacidad\/\"},\"wordCount\":988,\"publisher\":{\"@id\":\"https:\/\/apuntesdesanluis.com\/#\/schema\/person\/b55151d52296fcce64d1a72538a70b90\"},\"image\":{\"@id\":\"https:\/\/apuntesdesanluis.com\/index.php\/2024\/01\/20\/el-gobernador-escucho-los-pesares-y-demandas-del-sector-de-la-discapacidad\/#primaryimage\"},\"thumbnailUrl\":\"https:\/\/apuntesdesanluis.com\/wp-content\/uploads\/2024\/01\/ENCUENTRO-CON-DISCAPACIDAD.png\",\"articleSection\":[\"Ciudad\/Provincia\"],\"inLanguage\":\"es-AR\"},{\"@type\":\"WebPage\",\"@id\":\"https:\/\/apuntesdesanluis.com\/index.php\/2024\/01\/20\/el-gobernador-escucho-los-pesares-y-demandas-del-sector-de-la-discapacidad\/\",\"url\":\"https:\/\/apuntesdesanluis.com\/index.php\/2024\/01\/20\/el-gobernador-escucho-los-pesares-y-demandas-del-sector-de-la-discapacidad\/\",\"name\":\"EL GOBERNADOR ESCUCH\u00d3 LOS PESARES Y DEMANDAS DEL SECTOR DE LA DISCAPACIDAD - Apuntes de San Luis\",\"isPartOf\":{\"@id\":\"https:\/\/apuntesdesanluis.com\/#website\"},\"primaryImageOfPage\":{\"@id\":\"https:\/\/apuntesdesanluis.com\/index.php\/2024\/01\/20\/el-gobernador-escucho-los-pesares-y-demandas-del-sector-de-la-discapacidad\/#primaryimage\"},\"image\":{\"@id\":\"https:\/\/apuntesdesanluis.com\/index.php\/2024\/01\/20\/el-gobernador-escucho-los-pesares-y-demandas-del-sector-de-la-discapacidad\/#primaryimage\"},\"thumbnailUrl\":\"https:\/\/apuntesdesanluis.com\/wp-content\/uploads\/2024\/01\/ENCUENTRO-CON-DISCAPACIDAD.png\",\"datePublished\":\"2024-01-21T01:17:12+00:00\",\"dateModified\":\"2024-01-21T01:21:14+00:00\",\"breadcrumb\":{\"@id\":\"https:\/\/apuntesdesanluis.com\/index.php\/2024\/01\/20\/el-gobernador-escucho-los-pesares-y-demandas-del-sector-de-la-discapacidad\/#breadcrumb\"},\"inLanguage\":\"es-AR\",\"potentialAction\":[{\"@type\":\"ReadAction\",\"target\":[\"https:\/\/apuntesdesanluis.com\/index.php\/2024\/01\/20\/el-gobernador-escucho-los-pesares-y-demandas-del-sector-de-la-discapacidad\/\"]}]},{\"@type\":\"ImageObject\",\"inLanguage\":\"es-AR\",\"@id\":\"https:\/\/apuntesdesanluis.com\/index.php\/2024\/01\/20\/el-gobernador-escucho-los-pesares-y-demandas-del-sector-de-la-discapacidad\/#primaryimage\",\"url\":\"https:\/\/apuntesdesanluis.com\/wp-content\/uploads\/2024\/01\/ENCUENTRO-CON-DISCAPACIDAD.png\",\"contentUrl\":\"https:\/\/apuntesdesanluis.com\/wp-content\/uploads\/2024\/01\/ENCUENTRO-CON-DISCAPACIDAD.png\",\"width\":600,\"height\":393},{\"@type\":\"BreadcrumbList\",\"@id\":\"https:\/\/apuntesdesanluis.com\/index.php\/2024\/01\/20\/el-gobernador-escucho-los-pesares-y-demandas-del-sector-de-la-discapacidad\/#breadcrumb\",\"itemListElement\":[{\"@type\":\"ListItem\",\"position\":1,\"name\":\"Inicio\",\"item\":\"https:\/\/apuntesdesanluis.com\/\"},{\"@type\":\"ListItem\",\"position\":2,\"name\":\"EL GOBERNADOR ESCUCH\u00d3 LOS PESARES Y DEMANDAS DEL SECTOR DE LA DISCAPACIDAD\"}]},{\"@type\":\"WebSite\",\"@id\":\"https:\/\/apuntesdesanluis.com\/#website\",\"url\":\"https:\/\/apuntesdesanluis.com\/\",\"name\":\"Apuntes de San Luis\",\"description\":\"\",\"publisher\":{\"@id\":\"https:\/\/apuntesdesanluis.com\/#\/schema\/person\/b55151d52296fcce64d1a72538a70b90\"},\"potentialAction\":[{\"@type\":\"SearchAction\",\"target\":{\"@type\":\"EntryPoint\",\"urlTemplate\":\"https:\/\/apuntesdesanluis.com\/?s={search_term_string}\"},\"query-input\":{\"@type\":\"PropertyValueSpecification\",\"valueRequired\":true,\"valueName\":\"search_term_string\"}}],\"inLanguage\":\"es-AR\"},{\"@type\":[\"Person\",\"Organization\"],\"@id\":\"https:\/\/apuntesdesanluis.com\/#\/schema\/person\/b55151d52296fcce64d1a72538a70b90\",\"name\":\"apuntesdesanluis.com\",\"image\":{\"@type\":\"ImageObject\",\"inLanguage\":\"es-AR\",\"@id\":\"https:\/\/apuntesdesanluis.com\/#\/schema\/person\/image\/\",\"url\":\"https:\/\/apuntesdesanluis.com\/wp-content\/uploads\/2023\/07\/cropped-apuntesdesanluis.png\",\"contentUrl\":\"https:\/\/apuntesdesanluis.com\/wp-content\/uploads\/2023\/07\/cropped-apuntesdesanluis.png\",\"width\":450,\"height\":112,\"caption\":\"apuntesdesanluis.com\"},\"logo\":{\"@id\":\"https:\/\/apuntesdesanluis.com\/#\/schema\/person\/image\/\"},\"sameAs\":[\"https:\/\/apuntesdesanluis.com\"],\"url\":\"https:\/\/apuntesdesanluis.com\/index.php\/author\/apuntesdesanluis-com\/\"}]}<\/script>\n<!-- \/ Yoast SEO plugin. -->","yoast_head_json":{"title":"EL GOBERNADOR ESCUCH\u00d3 LOS PESARES Y DEMANDAS DEL SECTOR DE LA DISCAPACIDAD - Apuntes de San Luis","robots":{"index":"index","follow":"follow","max-snippet":"max-snippet:-1","max-image-preview":"max-image-preview:large","max-video-preview":"max-video-preview:-1"},"canonical":"https:\/\/apuntesdesanluis.com\/index.php\/2024\/01\/20\/el-gobernador-escucho-los-pesares-y-demandas-del-sector-de-la-discapacidad\/","og_locale":"es_ES","og_type":"article","og_title":"EL GOBERNADOR ESCUCH\u00d3 LOS PESARES Y DEMANDAS DEL SECTOR DE LA DISCAPACIDAD - Apuntes de San Luis","og_description":"El gobernador, Claudio Poggi, escuch\u00f3 de primera mano de parte de representantes de unas 50...","og_url":"https:\/\/apuntesdesanluis.com\/index.php\/2024\/01\/20\/el-gobernador-escucho-los-pesares-y-demandas-del-sector-de-la-discapacidad\/","og_site_name":"Apuntes de San Luis","article_published_time":"2024-01-21T01:17:12+00:00","article_modified_time":"2024-01-21T01:21:14+00:00","og_image":[{"width":600,"height":393,"url":"https:\/\/apuntesdesanluis.com\/wp-content\/uploads\/2024\/01\/ENCUENTRO-CON-DISCAPACIDAD.png","type":"image\/png"}],"author":"apuntesdesanluis.com","twitter_card":"summary_large_image","twitter_misc":{"Escrito por":"apuntesdesanluis.com","Tiempo de lectura":"5 minutos"},"schema":{"@context":"https:\/\/schema.org","@graph":[{"@type":"Article","@id":"https:\/\/apuntesdesanluis.com\/index.php\/2024\/01\/20\/el-gobernador-escucho-los-pesares-y-demandas-del-sector-de-la-discapacidad\/#article","isPartOf":{"@id":"https:\/\/apuntesdesanluis.com\/index.php\/2024\/01\/20\/el-gobernador-escucho-los-pesares-y-demandas-del-sector-de-la-discapacidad\/"},"author":{"name":"apuntesdesanluis.com","@id":"https:\/\/apuntesdesanluis.com\/#\/schema\/person\/b55151d52296fcce64d1a72538a70b90"},"headline":"EL GOBERNADOR ESCUCH\u00d3 LOS PESARES Y DEMANDAS DEL SECTOR DE LA DISCAPACIDAD","datePublished":"2024-01-21T01:17:12+00:00","dateModified":"2024-01-21T01:21:14+00:00","mainEntityOfPage":{"@id":"https:\/\/apuntesdesanluis.com\/index.php\/2024\/01\/20\/el-gobernador-escucho-los-pesares-y-demandas-del-sector-de-la-discapacidad\/"},"wordCount":988,"publisher":{"@id":"https:\/\/apuntesdesanluis.com\/#\/schema\/person\/b55151d52296fcce64d1a72538a70b90"},"image":{"@id":"https:\/\/apuntesdesanluis.com\/index.php\/2024\/01\/20\/el-gobernador-escucho-los-pesares-y-demandas-del-sector-de-la-discapacidad\/#primaryimage"},"thumbnailUrl":"https:\/\/apuntesdesanluis.com\/wp-content\/uploads\/2024\/01\/ENCUENTRO-CON-DISCAPACIDAD.png","articleSection":["Ciudad\/Provincia"],"inLanguage":"es-AR"},{"@type":"WebPage","@id":"https:\/\/apuntesdesanluis.com\/index.php\/2024\/01\/20\/el-gobernador-escucho-los-pesares-y-demandas-del-sector-de-la-discapacidad\/","url":"https:\/\/apuntesdesanluis.com\/index.php\/2024\/01\/20\/el-gobernador-escucho-los-pesares-y-demandas-del-sector-de-la-discapacidad\/","name":"EL GOBERNADOR ESCUCH\u00d3 LOS PESARES Y DEMANDAS DEL SECTOR DE LA DISCAPACIDAD - Apuntes de San Luis","isPartOf":{"@id":"https:\/\/apuntesdesanluis.com\/#website"},"primaryImageOfPage":{"@id":"https:\/\/apuntesdesanluis.com\/index.php\/2024\/01\/20\/el-gobernador-escucho-los-pesares-y-demandas-del-sector-de-la-discapacidad\/#primaryimage"},"image":{"@id":"https:\/\/apuntesdesanluis.com\/index.php\/2024\/01\/20\/el-gobernador-escucho-los-pesares-y-demandas-del-sector-de-la-discapacidad\/#primaryimage"},"thumbnailUrl":"https:\/\/apuntesdesanluis.com\/wp-content\/uploads\/2024\/01\/ENCUENTRO-CON-DISCAPACIDAD.png","datePublished":"2024-01-21T01:17:12+00:00","dateModified":"2024-01-21T01:21:14+00:00","breadcrumb":{"@id":"https:\/\/apuntesdesanluis.com\/index.php\/2024\/01\/20\/el-gobernador-escucho-los-pesares-y-demandas-del-sector-de-la-discapacidad\/#breadcrumb"},"inLanguage":"es-AR","potentialAction":[{"@type":"ReadAction","target":["https:\/\/apuntesdesanluis.com\/index.php\/2024\/01\/20\/el-gobernador-escucho-los-pesares-y-demandas-del-sector-de-la-discapacidad\/"]}]},{"@type":"ImageObject","inLanguage":"es-AR","@id":"https:\/\/apuntesdesanluis.com\/index.php\/2024\/01\/20\/el-gobernador-escucho-los-pesares-y-demandas-del-sector-de-la-discapacidad\/#primaryimage","url":"https:\/\/apuntesdesanluis.com\/wp-content\/uploads\/2024\/01\/ENCUENTRO-CON-DISCAPACIDAD.png","contentUrl":"https:\/\/apuntesdesanluis.com\/wp-content\/uploads\/2024\/01\/ENCUENTRO-CON-DISCAPACIDAD.png","width":600,"height":393},{"@type":"BreadcrumbList","@id":"https:\/\/apuntesdesanluis.com\/index.php\/2024\/01\/20\/el-gobernador-escucho-los-pesares-y-demandas-del-sector-de-la-discapacidad\/#breadcrumb","itemListElement":[{"@type":"ListItem","position":1,"name":"Inicio","item":"https:\/\/apuntesdesanluis.com\/"},{"@type":"ListItem","position":2,"name":"EL GOBERNADOR ESCUCH\u00d3 LOS PESARES Y DEMANDAS DEL SECTOR DE LA DISCAPACIDAD"}]},{"@type":"WebSite","@id":"https:\/\/apuntesdesanluis.com\/#website","url":"https:\/\/apuntesdesanluis.com\/","name":"Apuntes de San Luis","description":"","publisher":{"@id":"https:\/\/apuntesdesanluis.com\/#\/schema\/person\/b55151d52296fcce64d1a72538a70b90"},"potentialAction":[{"@type":"SearchAction","target":{"@type":"EntryPoint","urlTemplate":"https:\/\/apuntesdesanluis.com\/?s={search_term_string}"},"query-input":{"@type":"PropertyValueSpecification","valueRequired":true,"valueName":"search_term_string"}}],"inLanguage":"es-AR"},{"@type":["Person","Organization"],"@id":"https:\/\/apuntesdesanluis.com\/#\/schema\/person\/b55151d52296fcce64d1a72538a70b90","name":"apuntesdesanluis.com","image":{"@type":"ImageObject","inLanguage":"es-AR","@id":"https:\/\/apuntesdesanluis.com\/#\/schema\/person\/image\/","url":"https:\/\/apuntesdesanluis.com\/wp-content\/uploads\/2023\/07\/cropped-apuntesdesanluis.png","contentUrl":"https:\/\/apuntesdesanluis.com\/wp-content\/uploads\/2023\/07\/cropped-apuntesdesanluis.png","width":450,"height":112,"caption":"apuntesdesanluis.com"},"logo":{"@id":"https:\/\/apuntesdesanluis.com\/#\/schema\/person\/image\/"},"sameAs":["https:\/\/apuntesdesanluis.com"],"url":"https:\/\/apuntesdesanluis.com\/index.php\/author\/apuntesdesanluis-com\/"}]}},"featured_image_urls":{"full":["https:\/\/apuntesdesanluis.com\/wp-content\/uploads\/2024\/01\/ENCUENTRO-CON-DISCAPACIDAD.png",600,393,false],"thumbnail":["https:\/\/apuntesdesanluis.com\/wp-content\/uploads\/2024\/01\/ENCUENTRO-CON-DISCAPACIDAD-150x150.png",150,150,true],"medium":["https:\/\/apuntesdesanluis.com\/wp-content\/uploads\/2024\/01\/ENCUENTRO-CON-DISCAPACIDAD-300x197.png",300,197,true],"medium_large":["https:\/\/apuntesdesanluis.com\/wp-content\/uploads\/2024\/01\/ENCUENTRO-CON-DISCAPACIDAD.png",600,393,false],"large":["https:\/\/apuntesdesanluis.com\/wp-content\/uploads\/2024\/01\/ENCUENTRO-CON-DISCAPACIDAD.png",600,393,false],"1536x1536":["https:\/\/apuntesdesanluis.com\/wp-content\/uploads\/2024\/01\/ENCUENTRO-CON-DISCAPACIDAD.png",600,393,false],"2048x2048":["https:\/\/apuntesdesanluis.com\/wp-content\/uploads\/2024\/01\/ENCUENTRO-CON-DISCAPACIDAD.png",600,393,false],"newsever-slider-full":["https:\/\/apuntesdesanluis.com\/wp-content\/uploads\/2024\/01\/ENCUENTRO-CON-DISCAPACIDAD.png",600,393,false],"newsever-featured":["https:\/\/apuntesdesanluis.com\/wp-content\/uploads\/2024\/01\/ENCUENTRO-CON-DISCAPACIDAD.png",600,393,false],"newsever-medium":["https:\/\/apuntesdesanluis.com\/wp-content\/uploads\/2024\/01\/ENCUENTRO-CON-DISCAPACIDAD.png",600,393,false]},"author_info":{"display_name":"apuntesdesanluis.com","author_link":"https:\/\/apuntesdesanluis.com\/index.php\/author\/apuntesdesanluis-com\/"},"category_info":"<a href=\"https:\/\/apuntesdesanluis.com\/index.php\/category\/ciudad-provincia\/\" rel=\"category tag\">Ciudad\/Provincia<\/a>","tag_info":"Ciudad\/Provincia","comment_count":"0","_links":{"self":[{"href":"https:\/\/apuntesdesanluis.com\/index.php\/wp-json\/wp\/v2\/posts\/10466","targetHints":{"allow":["GET"]}}],"collection":[{"href":"https:\/\/apuntesdesanluis.com\/index.php\/wp-json\/wp\/v2\/posts"}],"about":[{"href":"https:\/\/apuntesdesanluis.com\/index.php\/wp-json\/wp\/v2\/types\/post"}],"author":[{"embeddable":true,"href":"https:\/\/apuntesdesanluis.com\/index.php\/wp-json\/wp\/v2\/users\/1"}],"replies":[{"embeddable":true,"href":"https:\/\/apuntesdesanluis.com\/index.php\/wp-json\/wp\/v2\/comments?post=10466"}],"version-history":[{"count":5,"href":"https:\/\/apuntesdesanluis.com\/index.php\/wp-json\/wp\/v2\/posts\/10466\/revisions"}],"predecessor-version":[{"id":10475,"href":"https:\/\/apuntesdesanluis.com\/index.php\/wp-json\/wp\/v2\/posts\/10466\/revisions\/10475"}],"wp:featuredmedia":[{"embeddable":true,"href":"https:\/\/apuntesdesanluis.com\/index.php\/wp-json\/wp\/v2\/media\/10467"}],"wp:attachment":[{"href":"https:\/\/apuntesdesanluis.com\/index.php\/wp-json\/wp\/v2\/media?parent=10466"}],"wp:term":[{"taxonomy":"category","embeddable":true,"href":"https:\/\/apuntesdesanluis.com\/index.php\/wp-json\/wp\/v2\/categories?post=10466"},{"taxonomy":"post_tag","embeddable":true,"href":"https:\/\/apuntesdesanluis.com\/index.php\/wp-json\/wp\/v2\/tags?post=10466"}],"curies":[{"name":"wp","href":"https:\/\/api.w.org\/{rel}","templated":true}]}}