{"id":1047,"date":"2023-08-03T22:48:01","date_gmt":"2023-08-04T01:48:01","guid":{"rendered":"https:\/\/apuntesdesanluis.com\/?p=1047"},"modified":"2023-08-04T17:50:08","modified_gmt":"2023-08-04T20:50:08","slug":"1047","status":"publish","type":"post","link":"https:\/\/apuntesdesanluis.com\/index.php\/2023\/08\/03\/1047\/","title":{"rendered":"NODOCENTES DE LA UNSL PODR\u00c1N CULMINAR EL SECUNDARIO"},"content":{"rendered":"<h3><b>El Ministerio de Educaci\u00f3n present\u00f3 su oferta de terminalidad educativa. El objetivo es que los trabajadores de la casa de altos estudios puedan culminar la secundaria a trav\u00e9s de las distintas propuestas de terminalidad educativa que lleva adelante el Gobierno de San Luis.<\/b><\/h3>\n<h3><img fetchpriority=\"high\" decoding=\"async\" class=\"aligncenter size-full wp-image-889113\" src=\"http:\/\/agenciasanluis.com\/wp-content\/uploads\/2023\/08\/FOTO-PRINCIPAL-Nota-Terminalidad-secundario-en-UNSL.jpg\" sizes=\"(max-width: 740px) 100vw, 740px\" srcset=\"https:\/\/agenciasanluis.com\/wp-content\/uploads\/2023\/08\/FOTO-PRINCIPAL-Nota-Terminalidad-secundario-en-UNSL.jpg 740w, https:\/\/agenciasanluis.com\/wp-content\/uploads\/2023\/08\/FOTO-PRINCIPAL-Nota-Terminalidad-secundario-en-UNSL-300x203.jpg 300w, https:\/\/agenciasanluis.com\/wp-content\/uploads\/2023\/08\/FOTO-PRINCIPAL-Nota-Terminalidad-secundario-en-UNSL-630x426.jpg 630w\" alt=\"\" width=\"740\" height=\"500\" \/><\/h3>\n<h3>Este jueves, en la <strong>Universidad Nacional de San Luis<\/strong> (UNSL), integrantes del Gobierno provincial realizaron la presentaci\u00f3n de la oferta educativa de terminalidad del secundario ante personal no docente de la casa de altos estudios, con el fin de que cuenten con esta oportunidad para culminar sus estudios de ense\u00f1anza media.<\/h3>\n<h3>La actividad fue encabezada por el jefe del Programa Gesti\u00f3n Calidad Educativa, <strong>Diego Troentle<\/strong>, y la jefa del Subprograma Modalidad Educativa Innovadora e Inclusiva, <strong>M\u00f3nica Mazzina<\/strong>, quienes estuvieron acompa\u00f1ados por la directora del Colegio para Adultos N\u00ba 3 \u201cTom\u00e1s Baras\u201d, <strong>Andrea Gonz\u00e1lez<\/strong>; y los referentes de las Escuelas P\u00fablicas Digitales de Adultos (EPDA) de la Universidad de La Punta (ULP), <strong>Juan Manuel G\u00f3mez<\/strong> y <strong>Bel\u00e9n Here\u00f1u<\/strong>.<\/h3>\n<h3>En la ocasi\u00f3n, los integrantes del Gobierno de San Luis mantuvieron una reuni\u00f3n con el vicerrector de la UNSL, <strong>H\u00e9ctor Flores<\/strong>, y el secretario de Log\u00edstica y Servicios, <strong>Guillermo Lehne<\/strong>. <strong>\u201cHab\u00eda una necesidad planteada, nos pusimos a trabajar y fuimos a pedir ayuda donde pod\u00eda estar la soluci\u00f3n y que son los que saben, que es el Ministerio de Educaci\u00f3n de San Luis\u201d<\/strong>, cont\u00f3 el vicerrector Flores.<\/h3>\n<h3>Y agreg\u00f3: \u201cTuvimos la suerte de encontrar unos interlocutores v\u00e1lidos que nos entendieron y que ten\u00edan las herramientas para darnos una respuesta. As\u00ed que a partir de una charla con la ministra <strong>Mar\u00eda Eugenia Cantaloube<\/strong>, a quien agradezco much\u00edsimo porque hemos trabajado mucho con ella y todo su equipo y bueno, hoy estamos por dar inicio a esta propuesta\u201d.<\/h3>\n<h3>\u201cEsto tiene que ver con la igualdad de oportunidades y entiendo que es una de las pol\u00edticas sociales m\u00e1s importantes que puede tener cualquier gesti\u00f3n. Uno genera las oportunidades, pero hay mucho entusiasmo de lo que hemos podido captar en los pasillos, conversando con la gente interesada\u201d, concluy\u00f3 el vicerrector de la UNSL.<\/h3>\n<h3>Por su parte, la jefa del Subprograma Modalidad Educativa Innovadora e Inclusiva, M\u00f3nica Mazzina, coment\u00f3: \u201cDesde el Ministerio de Educaci\u00f3n planteamos\u00a0<strong>dos propuestas<\/strong>. Una es el ingreso a la modalidad de\u00a0<strong>Educaci\u00f3n Permanente de J\u00f3venes y Adultos (EPJA), en escuelas nocturnas<\/strong>. La educaci\u00f3n es modular y nosotros le llamamos 70-30 porque es el 70% presencial y el 30% no presencial en las aulas, pero s\u00ed trabajando por fuera del establecimiento educativo\u201d.<\/h3>\n<h3>\u201c<strong>La otra oferta tiene que ver con la escuela p\u00fablica digital de adultos de la ULP<\/strong>, o sea que son aulas virtuales donde los alumnos ingresan, tambi\u00e9n tienen presencialidad y no presencialidad. Son dos propuestas que pueden llegar a ser interesantes para que los estudiantes, el personal no docente que no ha finalizado la escolaridad secundaria, pueda acceder f\u00e1cilmente\u201d, indic\u00f3 Mazzina.<\/h3>\n<h3>Adem\u00e1s, afirm\u00f3: \u201c<strong>La duraci\u00f3n en general son tres a\u00f1os, porque son dos a\u00f1os b\u00e1sicos con cuatro m\u00f3dulos y un a\u00f1o orientado con dos m\u00f3dulos<\/strong>. O sea, son seis m\u00f3dulos que deben aprobar.\u00a0<strong>Si alguno presenta un certificado anal\u00edtico incompleto<\/strong>\u00a0que ha hecho el ciclo b\u00e1sico de nivel secundario, esa persona no va a empezar en primer a\u00f1o sino que\u00a0<strong>va a empezar en segundo y en dos a\u00f1os termina<\/strong>. En este momento tenemos vacantes en la escuela \u2018Tom\u00e1s Baras\u2019, que funciona de 19:30 a 23:00 en Presidente Per\u00f3n y Pringles\u201d.<\/h3>\n<h3>Luego del encuentro entre las autoridades, la actividad continu\u00f3 en el Microcine de la UNSL, donde se hizo la presentaci\u00f3n de esta oferta educativa de terminalidad del secundario ante personal no docente, quienes se mostraron muy interesados con la propuesta y realizaron diversas consultas con respecto a la metodolog\u00eda de estudio.<\/h3>\n","protected":false},"excerpt":{"rendered":"<p>El Ministerio de Educaci\u00f3n present\u00f3 su oferta de terminalidad educativa. El objetivo es que los&#8230;<\/p>\n","protected":false},"author":1,"featured_media":1048,"comment_status":"closed","ping_status":"closed","sticky":false,"template":"","format":"standard","meta":{"footnotes":""},"categories":[6],"tags":[],"class_list":["post-1047","post","type-post","status-publish","format-standard","has-post-thumbnail","hentry","category-ciudad-provincia"],"yoast_head":"<!-- This site is optimized with the Yoast SEO plugin v26.1.1 - https:\/\/yoast.com\/wordpress\/plugins\/seo\/ -->\n<title>NODOCENTES DE LA UNSL PODR\u00c1N CULMINAR EL SECUNDARIO - Apuntes de San Luis<\/title>\n<meta name=\"robots\" content=\"index, follow, max-snippet:-1, max-image-preview:large, max-video-preview:-1\" \/>\n<link rel=\"canonical\" href=\"https:\/\/apuntesdesanluis.com\/index.php\/2023\/08\/03\/1047\/\" \/>\n<meta property=\"og:locale\" content=\"es_ES\" \/>\n<meta property=\"og:type\" content=\"article\" \/>\n<meta property=\"og:title\" content=\"NODOCENTES DE LA UNSL PODR\u00c1N CULMINAR EL SECUNDARIO - Apuntes de San Luis\" \/>\n<meta property=\"og:description\" content=\"El Ministerio de Educaci\u00f3n present\u00f3 su oferta de terminalidad educativa. El objetivo es que los...\" \/>\n<meta property=\"og:url\" content=\"https:\/\/apuntesdesanluis.com\/index.php\/2023\/08\/03\/1047\/\" \/>\n<meta property=\"og:site_name\" content=\"Apuntes de San Luis\" \/>\n<meta property=\"article:published_time\" content=\"2023-08-04T01:48:01+00:00\" \/>\n<meta property=\"article:modified_time\" content=\"2023-08-04T20:50:08+00:00\" \/>\n<meta property=\"og:image\" content=\"https:\/\/apuntesdesanluis.com\/wp-content\/uploads\/2023\/08\/flores.png\" \/>\n\t<meta property=\"og:image:width\" content=\"720\" \/>\n\t<meta property=\"og:image:height\" content=\"396\" \/>\n\t<meta property=\"og:image:type\" content=\"image\/png\" \/>\n<meta name=\"author\" content=\"apuntesdesanluis.com\" \/>\n<meta name=\"twitter:card\" content=\"summary_large_image\" \/>\n<meta name=\"twitter:label1\" content=\"Escrito por\" \/>\n\t<meta name=\"twitter:data1\" content=\"apuntesdesanluis.com\" \/>\n\t<meta name=\"twitter:label2\" content=\"Tiempo de lectura\" \/>\n\t<meta name=\"twitter:data2\" content=\"4 minutos\" \/>\n<script type=\"application\/ld+json\" class=\"yoast-schema-graph\">{\"@context\":\"https:\/\/schema.org\",\"@graph\":[{\"@type\":\"Article\",\"@id\":\"https:\/\/apuntesdesanluis.com\/index.php\/2023\/08\/03\/1047\/#article\",\"isPartOf\":{\"@id\":\"https:\/\/apuntesdesanluis.com\/index.php\/2023\/08\/03\/1047\/\"},\"author\":{\"name\":\"apuntesdesanluis.com\",\"@id\":\"https:\/\/apuntesdesanluis.com\/#\/schema\/person\/b55151d52296fcce64d1a72538a70b90\"},\"headline\":\"NODOCENTES DE LA UNSL PODR\u00c1N CULMINAR EL SECUNDARIO\",\"datePublished\":\"2023-08-04T01:48:01+00:00\",\"dateModified\":\"2023-08-04T20:50:08+00:00\",\"mainEntityOfPage\":{\"@id\":\"https:\/\/apuntesdesanluis.com\/index.php\/2023\/08\/03\/1047\/\"},\"wordCount\":669,\"publisher\":{\"@id\":\"https:\/\/apuntesdesanluis.com\/#\/schema\/person\/b55151d52296fcce64d1a72538a70b90\"},\"image\":{\"@id\":\"https:\/\/apuntesdesanluis.com\/index.php\/2023\/08\/03\/1047\/#primaryimage\"},\"thumbnailUrl\":\"https:\/\/apuntesdesanluis.com\/wp-content\/uploads\/2023\/08\/flores.png\",\"articleSection\":[\"Ciudad\/Provincia\"],\"inLanguage\":\"es-AR\"},{\"@type\":\"WebPage\",\"@id\":\"https:\/\/apuntesdesanluis.com\/index.php\/2023\/08\/03\/1047\/\",\"url\":\"https:\/\/apuntesdesanluis.com\/index.php\/2023\/08\/03\/1047\/\",\"name\":\"NODOCENTES DE LA UNSL PODR\u00c1N CULMINAR EL SECUNDARIO - Apuntes de San Luis\",\"isPartOf\":{\"@id\":\"https:\/\/apuntesdesanluis.com\/#website\"},\"primaryImageOfPage\":{\"@id\":\"https:\/\/apuntesdesanluis.com\/index.php\/2023\/08\/03\/1047\/#primaryimage\"},\"image\":{\"@id\":\"https:\/\/apuntesdesanluis.com\/index.php\/2023\/08\/03\/1047\/#primaryimage\"},\"thumbnailUrl\":\"https:\/\/apuntesdesanluis.com\/wp-content\/uploads\/2023\/08\/flores.png\",\"datePublished\":\"2023-08-04T01:48:01+00:00\",\"dateModified\":\"2023-08-04T20:50:08+00:00\",\"breadcrumb\":{\"@id\":\"https:\/\/apuntesdesanluis.com\/index.php\/2023\/08\/03\/1047\/#breadcrumb\"},\"inLanguage\":\"es-AR\",\"potentialAction\":[{\"@type\":\"ReadAction\",\"target\":[\"https:\/\/apuntesdesanluis.com\/index.php\/2023\/08\/03\/1047\/\"]}]},{\"@type\":\"ImageObject\",\"inLanguage\":\"es-AR\",\"@id\":\"https:\/\/apuntesdesanluis.com\/index.php\/2023\/08\/03\/1047\/#primaryimage\",\"url\":\"https:\/\/apuntesdesanluis.com\/wp-content\/uploads\/2023\/08\/flores.png\",\"contentUrl\":\"https:\/\/apuntesdesanluis.com\/wp-content\/uploads\/2023\/08\/flores.png\",\"width\":720,\"height\":396},{\"@type\":\"BreadcrumbList\",\"@id\":\"https:\/\/apuntesdesanluis.com\/index.php\/2023\/08\/03\/1047\/#breadcrumb\",\"itemListElement\":[{\"@type\":\"ListItem\",\"position\":1,\"name\":\"Inicio\",\"item\":\"https:\/\/apuntesdesanluis.com\/\"},{\"@type\":\"ListItem\",\"position\":2,\"name\":\"NODOCENTES DE LA UNSL PODR\u00c1N CULMINAR EL SECUNDARIO\"}]},{\"@type\":\"WebSite\",\"@id\":\"https:\/\/apuntesdesanluis.com\/#website\",\"url\":\"https:\/\/apuntesdesanluis.com\/\",\"name\":\"Apuntes de San Luis\",\"description\":\"\",\"publisher\":{\"@id\":\"https:\/\/apuntesdesanluis.com\/#\/schema\/person\/b55151d52296fcce64d1a72538a70b90\"},\"potentialAction\":[{\"@type\":\"SearchAction\",\"target\":{\"@type\":\"EntryPoint\",\"urlTemplate\":\"https:\/\/apuntesdesanluis.com\/?s={search_term_string}\"},\"query-input\":{\"@type\":\"PropertyValueSpecification\",\"valueRequired\":true,\"valueName\":\"search_term_string\"}}],\"inLanguage\":\"es-AR\"},{\"@type\":[\"Person\",\"Organization\"],\"@id\":\"https:\/\/apuntesdesanluis.com\/#\/schema\/person\/b55151d52296fcce64d1a72538a70b90\",\"name\":\"apuntesdesanluis.com\",\"image\":{\"@type\":\"ImageObject\",\"inLanguage\":\"es-AR\",\"@id\":\"https:\/\/apuntesdesanluis.com\/#\/schema\/person\/image\/\",\"url\":\"https:\/\/apuntesdesanluis.com\/wp-content\/uploads\/2023\/07\/cropped-apuntesdesanluis.png\",\"contentUrl\":\"https:\/\/apuntesdesanluis.com\/wp-content\/uploads\/2023\/07\/cropped-apuntesdesanluis.png\",\"width\":450,\"height\":112,\"caption\":\"apuntesdesanluis.com\"},\"logo\":{\"@id\":\"https:\/\/apuntesdesanluis.com\/#\/schema\/person\/image\/\"},\"sameAs\":[\"https:\/\/apuntesdesanluis.com\"],\"url\":\"https:\/\/apuntesdesanluis.com\/index.php\/author\/apuntesdesanluis-com\/\"}]}<\/script>\n<!-- \/ Yoast SEO plugin. -->","yoast_head_json":{"title":"NODOCENTES DE LA UNSL PODR\u00c1N CULMINAR EL SECUNDARIO - Apuntes de San Luis","robots":{"index":"index","follow":"follow","max-snippet":"max-snippet:-1","max-image-preview":"max-image-preview:large","max-video-preview":"max-video-preview:-1"},"canonical":"https:\/\/apuntesdesanluis.com\/index.php\/2023\/08\/03\/1047\/","og_locale":"es_ES","og_type":"article","og_title":"NODOCENTES DE LA UNSL PODR\u00c1N CULMINAR EL SECUNDARIO - Apuntes de San Luis","og_description":"El Ministerio de Educaci\u00f3n present\u00f3 su oferta de terminalidad educativa. El objetivo es que los...","og_url":"https:\/\/apuntesdesanluis.com\/index.php\/2023\/08\/03\/1047\/","og_site_name":"Apuntes de San Luis","article_published_time":"2023-08-04T01:48:01+00:00","article_modified_time":"2023-08-04T20:50:08+00:00","og_image":[{"width":720,"height":396,"url":"https:\/\/apuntesdesanluis.com\/wp-content\/uploads\/2023\/08\/flores.png","type":"image\/png"}],"author":"apuntesdesanluis.com","twitter_card":"summary_large_image","twitter_misc":{"Escrito por":"apuntesdesanluis.com","Tiempo de lectura":"4 minutos"},"schema":{"@context":"https:\/\/schema.org","@graph":[{"@type":"Article","@id":"https:\/\/apuntesdesanluis.com\/index.php\/2023\/08\/03\/1047\/#article","isPartOf":{"@id":"https:\/\/apuntesdesanluis.com\/index.php\/2023\/08\/03\/1047\/"},"author":{"name":"apuntesdesanluis.com","@id":"https:\/\/apuntesdesanluis.com\/#\/schema\/person\/b55151d52296fcce64d1a72538a70b90"},"headline":"NODOCENTES DE LA UNSL PODR\u00c1N CULMINAR EL SECUNDARIO","datePublished":"2023-08-04T01:48:01+00:00","dateModified":"2023-08-04T20:50:08+00:00","mainEntityOfPage":{"@id":"https:\/\/apuntesdesanluis.com\/index.php\/2023\/08\/03\/1047\/"},"wordCount":669,"publisher":{"@id":"https:\/\/apuntesdesanluis.com\/#\/schema\/person\/b55151d52296fcce64d1a72538a70b90"},"image":{"@id":"https:\/\/apuntesdesanluis.com\/index.php\/2023\/08\/03\/1047\/#primaryimage"},"thumbnailUrl":"https:\/\/apuntesdesanluis.com\/wp-content\/uploads\/2023\/08\/flores.png","articleSection":["Ciudad\/Provincia"],"inLanguage":"es-AR"},{"@type":"WebPage","@id":"https:\/\/apuntesdesanluis.com\/index.php\/2023\/08\/03\/1047\/","url":"https:\/\/apuntesdesanluis.com\/index.php\/2023\/08\/03\/1047\/","name":"NODOCENTES DE LA UNSL PODR\u00c1N CULMINAR EL SECUNDARIO - Apuntes de San Luis","isPartOf":{"@id":"https:\/\/apuntesdesanluis.com\/#website"},"primaryImageOfPage":{"@id":"https:\/\/apuntesdesanluis.com\/index.php\/2023\/08\/03\/1047\/#primaryimage"},"image":{"@id":"https:\/\/apuntesdesanluis.com\/index.php\/2023\/08\/03\/1047\/#primaryimage"},"thumbnailUrl":"https:\/\/apuntesdesanluis.com\/wp-content\/uploads\/2023\/08\/flores.png","datePublished":"2023-08-04T01:48:01+00:00","dateModified":"2023-08-04T20:50:08+00:00","breadcrumb":{"@id":"https:\/\/apuntesdesanluis.com\/index.php\/2023\/08\/03\/1047\/#breadcrumb"},"inLanguage":"es-AR","potentialAction":[{"@type":"ReadAction","target":["https:\/\/apuntesdesanluis.com\/index.php\/2023\/08\/03\/1047\/"]}]},{"@type":"ImageObject","inLanguage":"es-AR","@id":"https:\/\/apuntesdesanluis.com\/index.php\/2023\/08\/03\/1047\/#primaryimage","url":"https:\/\/apuntesdesanluis.com\/wp-content\/uploads\/2023\/08\/flores.png","contentUrl":"https:\/\/apuntesdesanluis.com\/wp-content\/uploads\/2023\/08\/flores.png","width":720,"height":396},{"@type":"BreadcrumbList","@id":"https:\/\/apuntesdesanluis.com\/index.php\/2023\/08\/03\/1047\/#breadcrumb","itemListElement":[{"@type":"ListItem","position":1,"name":"Inicio","item":"https:\/\/apuntesdesanluis.com\/"},{"@type":"ListItem","position":2,"name":"NODOCENTES DE LA UNSL PODR\u00c1N CULMINAR EL SECUNDARIO"}]},{"@type":"WebSite","@id":"https:\/\/apuntesdesanluis.com\/#website","url":"https:\/\/apuntesdesanluis.com\/","name":"Apuntes de San Luis","description":"","publisher":{"@id":"https:\/\/apuntesdesanluis.com\/#\/schema\/person\/b55151d52296fcce64d1a72538a70b90"},"potentialAction":[{"@type":"SearchAction","target":{"@type":"EntryPoint","urlTemplate":"https:\/\/apuntesdesanluis.com\/?s={search_term_string}"},"query-input":{"@type":"PropertyValueSpecification","valueRequired":true,"valueName":"search_term_string"}}],"inLanguage":"es-AR"},{"@type":["Person","Organization"],"@id":"https:\/\/apuntesdesanluis.com\/#\/schema\/person\/b55151d52296fcce64d1a72538a70b90","name":"apuntesdesanluis.com","image":{"@type":"ImageObject","inLanguage":"es-AR","@id":"https:\/\/apuntesdesanluis.com\/#\/schema\/person\/image\/","url":"https:\/\/apuntesdesanluis.com\/wp-content\/uploads\/2023\/07\/cropped-apuntesdesanluis.png","contentUrl":"https:\/\/apuntesdesanluis.com\/wp-content\/uploads\/2023\/07\/cropped-apuntesdesanluis.png","width":450,"height":112,"caption":"apuntesdesanluis.com"},"logo":{"@id":"https:\/\/apuntesdesanluis.com\/#\/schema\/person\/image\/"},"sameAs":["https:\/\/apuntesdesanluis.com"],"url":"https:\/\/apuntesdesanluis.com\/index.php\/author\/apuntesdesanluis-com\/"}]}},"featured_image_urls":{"full":["https:\/\/apuntesdesanluis.com\/wp-content\/uploads\/2023\/08\/flores.png",720,396,false],"thumbnail":["https:\/\/apuntesdesanluis.com\/wp-content\/uploads\/2023\/08\/flores-150x150.png",150,150,true],"medium":["https:\/\/apuntesdesanluis.com\/wp-content\/uploads\/2023\/08\/flores-300x165.png",300,165,true],"medium_large":["https:\/\/apuntesdesanluis.com\/wp-content\/uploads\/2023\/08\/flores.png",640,352,false],"large":["https:\/\/apuntesdesanluis.com\/wp-content\/uploads\/2023\/08\/flores.png",640,352,false],"1536x1536":["https:\/\/apuntesdesanluis.com\/wp-content\/uploads\/2023\/08\/flores.png",720,396,false],"2048x2048":["https:\/\/apuntesdesanluis.com\/wp-content\/uploads\/2023\/08\/flores.png",720,396,false],"newsever-slider-full":["https:\/\/apuntesdesanluis.com\/wp-content\/uploads\/2023\/08\/flores.png",720,396,false],"newsever-featured":["https:\/\/apuntesdesanluis.com\/wp-content\/uploads\/2023\/08\/flores.png",720,396,false],"newsever-medium":["https:\/\/apuntesdesanluis.com\/wp-content\/uploads\/2023\/08\/flores.png",720,396,false]},"author_info":{"display_name":"apuntesdesanluis.com","author_link":"https:\/\/apuntesdesanluis.com\/index.php\/author\/apuntesdesanluis-com\/"},"category_info":"<a href=\"https:\/\/apuntesdesanluis.com\/index.php\/category\/ciudad-provincia\/\" rel=\"category tag\">Ciudad\/Provincia<\/a>","tag_info":"Ciudad\/Provincia","comment_count":"0","_links":{"self":[{"href":"https:\/\/apuntesdesanluis.com\/index.php\/wp-json\/wp\/v2\/posts\/1047","targetHints":{"allow":["GET"]}}],"collection":[{"href":"https:\/\/apuntesdesanluis.com\/index.php\/wp-json\/wp\/v2\/posts"}],"about":[{"href":"https:\/\/apuntesdesanluis.com\/index.php\/wp-json\/wp\/v2\/types\/post"}],"author":[{"embeddable":true,"href":"https:\/\/apuntesdesanluis.com\/index.php\/wp-json\/wp\/v2\/users\/1"}],"replies":[{"embeddable":true,"href":"https:\/\/apuntesdesanluis.com\/index.php\/wp-json\/wp\/v2\/comments?post=1047"}],"version-history":[{"count":3,"href":"https:\/\/apuntesdesanluis.com\/index.php\/wp-json\/wp\/v2\/posts\/1047\/revisions"}],"predecessor-version":[{"id":1051,"href":"https:\/\/apuntesdesanluis.com\/index.php\/wp-json\/wp\/v2\/posts\/1047\/revisions\/1051"}],"wp:featuredmedia":[{"embeddable":true,"href":"https:\/\/apuntesdesanluis.com\/index.php\/wp-json\/wp\/v2\/media\/1048"}],"wp:attachment":[{"href":"https:\/\/apuntesdesanluis.com\/index.php\/wp-json\/wp\/v2\/media?parent=1047"}],"wp:term":[{"taxonomy":"category","embeddable":true,"href":"https:\/\/apuntesdesanluis.com\/index.php\/wp-json\/wp\/v2\/categories?post=1047"},{"taxonomy":"post_tag","embeddable":true,"href":"https:\/\/apuntesdesanluis.com\/index.php\/wp-json\/wp\/v2\/tags?post=1047"}],"curies":[{"name":"wp","href":"https:\/\/api.w.org\/{rel}","templated":true}]}}