{"id":10476,"date":"2024-01-21T10:26:27","date_gmt":"2024-01-21T13:26:27","guid":{"rendered":"https:\/\/apuntesdesanluis.com\/?p=10476"},"modified":"2024-01-21T10:26:27","modified_gmt":"2024-01-21T13:26:27","slug":"preocupantes-senales-de-violencia-politica-en-una-tensa-coyuntura","status":"publish","type":"post","link":"https:\/\/apuntesdesanluis.com\/index.php\/2024\/01\/21\/preocupantes-senales-de-violencia-politica-en-una-tensa-coyuntura\/","title":{"rendered":"PREOCUPANTES SE\u00d1ALES DE VIOLENCIA POL\u00cdTICA EN UNA TENSA COYUNTURA"},"content":{"rendered":"<h3>Por <span style=\"color: #000000;\"><strong><em>Eduardo Gargiulo<\/em><\/strong><\/span><\/h3>\n<h3>El pa\u00eds y nuestra provincia se encuentran atravesados por situaciones de m\u00e1xima confrontaci\u00f3n pol\u00edtica, cuyo paralelismo llama la atenci\u00f3n y, al mismo tiempo, preocupa.<\/h3>\n<h3>En las \u00faltimas horas pudo conocerse que el auto particular del senador del Departamento Belgrano, <strong>Juan Carlos Garc\u00eda<\/strong>, sufri\u00f3 un serio atentado.<\/h3>\n<h3>D\u00edas despu\u00e9s de la frustrada sesi\u00f3n de la C\u00e1mara Alta, en la que no se pudo tratar el pedido del gobierno para endeudarse con el Banco Naci\u00f3n, y del \u201cpersonalizado\u201d discurso del gobernador <strong>Claudio Poggi<\/strong>, el autom\u00f3vil del jefe del bloque de senadores de la oposici\u00f3n apareci\u00f3 seriamente da\u00f1ado, con sus vidrios rotos y las cubiertas tajeadas.<\/h3>\n<p><img fetchpriority=\"high\" decoding=\"async\" class=\"wp-image-10477 aligncenter\" src=\"https:\/\/apuntesdesanluis.com\/wp-content\/uploads\/2024\/01\/automde-garca-300x165.png\" alt=\"\" width=\"565\" height=\"311\" srcset=\"https:\/\/apuntesdesanluis.com\/wp-content\/uploads\/2024\/01\/automde-garca-300x165.png 300w, https:\/\/apuntesdesanluis.com\/wp-content\/uploads\/2024\/01\/automde-garca.png 463w\" sizes=\"(max-width: 565px) 100vw, 565px\" \/><\/p>\n<h3>Se encontraba estacionado frente a su vivienda particular, en Los Manantiales. Claramente no fue un hecho policial, porque no fue un intento de robo.<\/h3>\n<h3>Desde la oposici\u00f3n lo interpretan como una \u201cadvertencia\u201d por su oposici\u00f3n al anticipo financiero que hubiera permitido abonar completos los salarios de enero a los empleados estatales. Desde el oficialismo no existieron declaraciones ni expresiones de repudio o de solidaridad.<\/h3>\n<h3>Por su lado, y a pocos d\u00edas del paro general convocado por la Confederaci\u00f3n General del Trabajo (CGT) para el mi\u00e9rcoles 24, el secretario general de la central obrera, <strong>H\u00e9ctor Daer<\/strong>, afirm\u00f3 que la huelga es \u201cinamovible\u201d y lanz\u00f3 cr\u00edticas hacia los bloques \u201cdialoguistas\u201d que negocian con La Libertad Avanza (LLA) para llegar a un acuerdo sobre la ley \u00f3mnibus enviada al Congreso por el presidente Javier Milei.<\/h3>\n<h3><strong>\u201cLos dialoguistas no van a poder caminar por la calle si van y entregan el Banco Central.<\/strong> Porque el Banco Central no es un tema de los trabajadores, es el que gener\u00f3 la posibilidad de desarrollo de todo el pa\u00eds, del interior\u201d, sostuvo respecto a la posibilidad de que la entidad quede dentro del listado de empresas a privatizar.<\/h3>\n<p><img decoding=\"async\" class=\"wp-image-10478 aligncenter\" src=\"https:\/\/apuntesdesanluis.com\/wp-content\/uploads\/2024\/01\/daer-300x187.png\" alt=\"\" width=\"560\" height=\"349\" srcset=\"https:\/\/apuntesdesanluis.com\/wp-content\/uploads\/2024\/01\/daer-300x187.png 300w, https:\/\/apuntesdesanluis.com\/wp-content\/uploads\/2024\/01\/daer.png 559w\" sizes=\"(max-width: 560px) 100vw, 560px\" \/><\/p>\n<h3>\u00bfC\u00f3mo deben tomarse sus palabras, que a pocos llam\u00f3 la atenci\u00f3n? \u00bfLos van a escrachar o tal vez los muelan a trompadas, seg\u00fan sea como voten?<\/h3>\n<h3>Dos hechos puntuales. Se\u00f1ales preocupantes que evidencian horizontes para nada alentadores, si los principales actores pol\u00edticos no encuentran canales de di\u00e1logo que encaucen las diferencias a trav\u00e9s del debate y la b\u00fasqueda de consensos.<\/h3>\n<p>&nbsp;<\/p>\n<p>&nbsp;<\/p>\n<p>&nbsp;<\/p>\n","protected":false},"excerpt":{"rendered":"<p>Por Eduardo Gargiulo El pa\u00eds y nuestra provincia se encuentran atravesados por situaciones de m\u00e1xima&#8230;<\/p>\n","protected":false},"author":1,"featured_media":10479,"comment_status":"closed","ping_status":"closed","sticky":false,"template":"","format":"standard","meta":{"footnotes":""},"categories":[9],"tags":[],"class_list":["post-10476","post","type-post","status-publish","format-standard","has-post-thumbnail","hentry","category-opinion"],"yoast_head":"<!-- This site is optimized with the Yoast SEO plugin v26.1.1 - https:\/\/yoast.com\/wordpress\/plugins\/seo\/ -->\n<title>PREOCUPANTES SE\u00d1ALES DE VIOLENCIA POL\u00cdTICA EN UNA TENSA COYUNTURA - Apuntes de San Luis<\/title>\n<meta name=\"robots\" content=\"index, follow, max-snippet:-1, max-image-preview:large, max-video-preview:-1\" \/>\n<link rel=\"canonical\" href=\"https:\/\/apuntesdesanluis.com\/index.php\/2024\/01\/21\/preocupantes-senales-de-violencia-politica-en-una-tensa-coyuntura\/\" \/>\n<meta property=\"og:locale\" content=\"es_ES\" \/>\n<meta property=\"og:type\" content=\"article\" \/>\n<meta property=\"og:title\" content=\"PREOCUPANTES SE\u00d1ALES DE VIOLENCIA POL\u00cdTICA EN UNA TENSA COYUNTURA - Apuntes de San Luis\" \/>\n<meta property=\"og:description\" content=\"Por Eduardo Gargiulo El pa\u00eds y nuestra provincia se encuentran atravesados por situaciones de m\u00e1xima...\" \/>\n<meta property=\"og:url\" content=\"https:\/\/apuntesdesanluis.com\/index.php\/2024\/01\/21\/preocupantes-senales-de-violencia-politica-en-una-tensa-coyuntura\/\" \/>\n<meta property=\"og:site_name\" content=\"Apuntes de San Luis\" \/>\n<meta property=\"article:published_time\" content=\"2024-01-21T13:26:27+00:00\" \/>\n<meta property=\"og:image\" content=\"https:\/\/apuntesdesanluis.com\/wp-content\/uploads\/2024\/01\/auto-2.png\" \/>\n\t<meta property=\"og:image:width\" content=\"618\" \/>\n\t<meta property=\"og:image:height\" content=\"320\" \/>\n\t<meta property=\"og:image:type\" content=\"image\/png\" \/>\n<meta name=\"author\" content=\"apuntesdesanluis.com\" \/>\n<meta name=\"twitter:card\" content=\"summary_large_image\" \/>\n<meta name=\"twitter:label1\" content=\"Escrito por\" \/>\n\t<meta name=\"twitter:data1\" content=\"apuntesdesanluis.com\" \/>\n\t<meta name=\"twitter:label2\" content=\"Tiempo de lectura\" \/>\n\t<meta name=\"twitter:data2\" content=\"3 minutos\" \/>\n<script type=\"application\/ld+json\" class=\"yoast-schema-graph\">{\"@context\":\"https:\/\/schema.org\",\"@graph\":[{\"@type\":\"Article\",\"@id\":\"https:\/\/apuntesdesanluis.com\/index.php\/2024\/01\/21\/preocupantes-senales-de-violencia-politica-en-una-tensa-coyuntura\/#article\",\"isPartOf\":{\"@id\":\"https:\/\/apuntesdesanluis.com\/index.php\/2024\/01\/21\/preocupantes-senales-de-violencia-politica-en-una-tensa-coyuntura\/\"},\"author\":{\"name\":\"apuntesdesanluis.com\",\"@id\":\"https:\/\/apuntesdesanluis.com\/#\/schema\/person\/b55151d52296fcce64d1a72538a70b90\"},\"headline\":\"PREOCUPANTES SE\u00d1ALES DE VIOLENCIA POL\u00cdTICA EN UNA TENSA COYUNTURA\",\"datePublished\":\"2024-01-21T13:26:27+00:00\",\"mainEntityOfPage\":{\"@id\":\"https:\/\/apuntesdesanluis.com\/index.php\/2024\/01\/21\/preocupantes-senales-de-violencia-politica-en-una-tensa-coyuntura\/\"},\"wordCount\":400,\"publisher\":{\"@id\":\"https:\/\/apuntesdesanluis.com\/#\/schema\/person\/b55151d52296fcce64d1a72538a70b90\"},\"image\":{\"@id\":\"https:\/\/apuntesdesanluis.com\/index.php\/2024\/01\/21\/preocupantes-senales-de-violencia-politica-en-una-tensa-coyuntura\/#primaryimage\"},\"thumbnailUrl\":\"https:\/\/apuntesdesanluis.com\/wp-content\/uploads\/2024\/01\/auto-2.png\",\"articleSection\":[\"Opini\u00f3n\"],\"inLanguage\":\"es-AR\"},{\"@type\":\"WebPage\",\"@id\":\"https:\/\/apuntesdesanluis.com\/index.php\/2024\/01\/21\/preocupantes-senales-de-violencia-politica-en-una-tensa-coyuntura\/\",\"url\":\"https:\/\/apuntesdesanluis.com\/index.php\/2024\/01\/21\/preocupantes-senales-de-violencia-politica-en-una-tensa-coyuntura\/\",\"name\":\"PREOCUPANTES SE\u00d1ALES DE VIOLENCIA POL\u00cdTICA EN UNA TENSA COYUNTURA - Apuntes de San Luis\",\"isPartOf\":{\"@id\":\"https:\/\/apuntesdesanluis.com\/#website\"},\"primaryImageOfPage\":{\"@id\":\"https:\/\/apuntesdesanluis.com\/index.php\/2024\/01\/21\/preocupantes-senales-de-violencia-politica-en-una-tensa-coyuntura\/#primaryimage\"},\"image\":{\"@id\":\"https:\/\/apuntesdesanluis.com\/index.php\/2024\/01\/21\/preocupantes-senales-de-violencia-politica-en-una-tensa-coyuntura\/#primaryimage\"},\"thumbnailUrl\":\"https:\/\/apuntesdesanluis.com\/wp-content\/uploads\/2024\/01\/auto-2.png\",\"datePublished\":\"2024-01-21T13:26:27+00:00\",\"breadcrumb\":{\"@id\":\"https:\/\/apuntesdesanluis.com\/index.php\/2024\/01\/21\/preocupantes-senales-de-violencia-politica-en-una-tensa-coyuntura\/#breadcrumb\"},\"inLanguage\":\"es-AR\",\"potentialAction\":[{\"@type\":\"ReadAction\",\"target\":[\"https:\/\/apuntesdesanluis.com\/index.php\/2024\/01\/21\/preocupantes-senales-de-violencia-politica-en-una-tensa-coyuntura\/\"]}]},{\"@type\":\"ImageObject\",\"inLanguage\":\"es-AR\",\"@id\":\"https:\/\/apuntesdesanluis.com\/index.php\/2024\/01\/21\/preocupantes-senales-de-violencia-politica-en-una-tensa-coyuntura\/#primaryimage\",\"url\":\"https:\/\/apuntesdesanluis.com\/wp-content\/uploads\/2024\/01\/auto-2.png\",\"contentUrl\":\"https:\/\/apuntesdesanluis.com\/wp-content\/uploads\/2024\/01\/auto-2.png\",\"width\":618,\"height\":320},{\"@type\":\"BreadcrumbList\",\"@id\":\"https:\/\/apuntesdesanluis.com\/index.php\/2024\/01\/21\/preocupantes-senales-de-violencia-politica-en-una-tensa-coyuntura\/#breadcrumb\",\"itemListElement\":[{\"@type\":\"ListItem\",\"position\":1,\"name\":\"Inicio\",\"item\":\"https:\/\/apuntesdesanluis.com\/\"},{\"@type\":\"ListItem\",\"position\":2,\"name\":\"PREOCUPANTES SE\u00d1ALES DE VIOLENCIA POL\u00cdTICA EN UNA TENSA COYUNTURA\"}]},{\"@type\":\"WebSite\",\"@id\":\"https:\/\/apuntesdesanluis.com\/#website\",\"url\":\"https:\/\/apuntesdesanluis.com\/\",\"name\":\"Apuntes de San Luis\",\"description\":\"\",\"publisher\":{\"@id\":\"https:\/\/apuntesdesanluis.com\/#\/schema\/person\/b55151d52296fcce64d1a72538a70b90\"},\"potentialAction\":[{\"@type\":\"SearchAction\",\"target\":{\"@type\":\"EntryPoint\",\"urlTemplate\":\"https:\/\/apuntesdesanluis.com\/?s={search_term_string}\"},\"query-input\":{\"@type\":\"PropertyValueSpecification\",\"valueRequired\":true,\"valueName\":\"search_term_string\"}}],\"inLanguage\":\"es-AR\"},{\"@type\":[\"Person\",\"Organization\"],\"@id\":\"https:\/\/apuntesdesanluis.com\/#\/schema\/person\/b55151d52296fcce64d1a72538a70b90\",\"name\":\"apuntesdesanluis.com\",\"image\":{\"@type\":\"ImageObject\",\"inLanguage\":\"es-AR\",\"@id\":\"https:\/\/apuntesdesanluis.com\/#\/schema\/person\/image\/\",\"url\":\"https:\/\/apuntesdesanluis.com\/wp-content\/uploads\/2023\/07\/cropped-apuntesdesanluis.png\",\"contentUrl\":\"https:\/\/apuntesdesanluis.com\/wp-content\/uploads\/2023\/07\/cropped-apuntesdesanluis.png\",\"width\":450,\"height\":112,\"caption\":\"apuntesdesanluis.com\"},\"logo\":{\"@id\":\"https:\/\/apuntesdesanluis.com\/#\/schema\/person\/image\/\"},\"sameAs\":[\"https:\/\/apuntesdesanluis.com\"],\"url\":\"https:\/\/apuntesdesanluis.com\/index.php\/author\/apuntesdesanluis-com\/\"}]}<\/script>\n<!-- \/ Yoast SEO plugin. -->","yoast_head_json":{"title":"PREOCUPANTES SE\u00d1ALES DE VIOLENCIA POL\u00cdTICA EN UNA TENSA COYUNTURA - Apuntes de San Luis","robots":{"index":"index","follow":"follow","max-snippet":"max-snippet:-1","max-image-preview":"max-image-preview:large","max-video-preview":"max-video-preview:-1"},"canonical":"https:\/\/apuntesdesanluis.com\/index.php\/2024\/01\/21\/preocupantes-senales-de-violencia-politica-en-una-tensa-coyuntura\/","og_locale":"es_ES","og_type":"article","og_title":"PREOCUPANTES SE\u00d1ALES DE VIOLENCIA POL\u00cdTICA EN UNA TENSA COYUNTURA - Apuntes de San Luis","og_description":"Por Eduardo Gargiulo El pa\u00eds y nuestra provincia se encuentran atravesados por situaciones de m\u00e1xima...","og_url":"https:\/\/apuntesdesanluis.com\/index.php\/2024\/01\/21\/preocupantes-senales-de-violencia-politica-en-una-tensa-coyuntura\/","og_site_name":"Apuntes de San Luis","article_published_time":"2024-01-21T13:26:27+00:00","og_image":[{"width":618,"height":320,"url":"https:\/\/apuntesdesanluis.com\/wp-content\/uploads\/2024\/01\/auto-2.png","type":"image\/png"}],"author":"apuntesdesanluis.com","twitter_card":"summary_large_image","twitter_misc":{"Escrito por":"apuntesdesanluis.com","Tiempo de lectura":"3 minutos"},"schema":{"@context":"https:\/\/schema.org","@graph":[{"@type":"Article","@id":"https:\/\/apuntesdesanluis.com\/index.php\/2024\/01\/21\/preocupantes-senales-de-violencia-politica-en-una-tensa-coyuntura\/#article","isPartOf":{"@id":"https:\/\/apuntesdesanluis.com\/index.php\/2024\/01\/21\/preocupantes-senales-de-violencia-politica-en-una-tensa-coyuntura\/"},"author":{"name":"apuntesdesanluis.com","@id":"https:\/\/apuntesdesanluis.com\/#\/schema\/person\/b55151d52296fcce64d1a72538a70b90"},"headline":"PREOCUPANTES SE\u00d1ALES DE VIOLENCIA POL\u00cdTICA EN UNA TENSA COYUNTURA","datePublished":"2024-01-21T13:26:27+00:00","mainEntityOfPage":{"@id":"https:\/\/apuntesdesanluis.com\/index.php\/2024\/01\/21\/preocupantes-senales-de-violencia-politica-en-una-tensa-coyuntura\/"},"wordCount":400,"publisher":{"@id":"https:\/\/apuntesdesanluis.com\/#\/schema\/person\/b55151d52296fcce64d1a72538a70b90"},"image":{"@id":"https:\/\/apuntesdesanluis.com\/index.php\/2024\/01\/21\/preocupantes-senales-de-violencia-politica-en-una-tensa-coyuntura\/#primaryimage"},"thumbnailUrl":"https:\/\/apuntesdesanluis.com\/wp-content\/uploads\/2024\/01\/auto-2.png","articleSection":["Opini\u00f3n"],"inLanguage":"es-AR"},{"@type":"WebPage","@id":"https:\/\/apuntesdesanluis.com\/index.php\/2024\/01\/21\/preocupantes-senales-de-violencia-politica-en-una-tensa-coyuntura\/","url":"https:\/\/apuntesdesanluis.com\/index.php\/2024\/01\/21\/preocupantes-senales-de-violencia-politica-en-una-tensa-coyuntura\/","name":"PREOCUPANTES SE\u00d1ALES DE VIOLENCIA POL\u00cdTICA EN UNA TENSA COYUNTURA - Apuntes de San Luis","isPartOf":{"@id":"https:\/\/apuntesdesanluis.com\/#website"},"primaryImageOfPage":{"@id":"https:\/\/apuntesdesanluis.com\/index.php\/2024\/01\/21\/preocupantes-senales-de-violencia-politica-en-una-tensa-coyuntura\/#primaryimage"},"image":{"@id":"https:\/\/apuntesdesanluis.com\/index.php\/2024\/01\/21\/preocupantes-senales-de-violencia-politica-en-una-tensa-coyuntura\/#primaryimage"},"thumbnailUrl":"https:\/\/apuntesdesanluis.com\/wp-content\/uploads\/2024\/01\/auto-2.png","datePublished":"2024-01-21T13:26:27+00:00","breadcrumb":{"@id":"https:\/\/apuntesdesanluis.com\/index.php\/2024\/01\/21\/preocupantes-senales-de-violencia-politica-en-una-tensa-coyuntura\/#breadcrumb"},"inLanguage":"es-AR","potentialAction":[{"@type":"ReadAction","target":["https:\/\/apuntesdesanluis.com\/index.php\/2024\/01\/21\/preocupantes-senales-de-violencia-politica-en-una-tensa-coyuntura\/"]}]},{"@type":"ImageObject","inLanguage":"es-AR","@id":"https:\/\/apuntesdesanluis.com\/index.php\/2024\/01\/21\/preocupantes-senales-de-violencia-politica-en-una-tensa-coyuntura\/#primaryimage","url":"https:\/\/apuntesdesanluis.com\/wp-content\/uploads\/2024\/01\/auto-2.png","contentUrl":"https:\/\/apuntesdesanluis.com\/wp-content\/uploads\/2024\/01\/auto-2.png","width":618,"height":320},{"@type":"BreadcrumbList","@id":"https:\/\/apuntesdesanluis.com\/index.php\/2024\/01\/21\/preocupantes-senales-de-violencia-politica-en-una-tensa-coyuntura\/#breadcrumb","itemListElement":[{"@type":"ListItem","position":1,"name":"Inicio","item":"https:\/\/apuntesdesanluis.com\/"},{"@type":"ListItem","position":2,"name":"PREOCUPANTES SE\u00d1ALES DE VIOLENCIA POL\u00cdTICA EN UNA TENSA COYUNTURA"}]},{"@type":"WebSite","@id":"https:\/\/apuntesdesanluis.com\/#website","url":"https:\/\/apuntesdesanluis.com\/","name":"Apuntes de San Luis","description":"","publisher":{"@id":"https:\/\/apuntesdesanluis.com\/#\/schema\/person\/b55151d52296fcce64d1a72538a70b90"},"potentialAction":[{"@type":"SearchAction","target":{"@type":"EntryPoint","urlTemplate":"https:\/\/apuntesdesanluis.com\/?s={search_term_string}"},"query-input":{"@type":"PropertyValueSpecification","valueRequired":true,"valueName":"search_term_string"}}],"inLanguage":"es-AR"},{"@type":["Person","Organization"],"@id":"https:\/\/apuntesdesanluis.com\/#\/schema\/person\/b55151d52296fcce64d1a72538a70b90","name":"apuntesdesanluis.com","image":{"@type":"ImageObject","inLanguage":"es-AR","@id":"https:\/\/apuntesdesanluis.com\/#\/schema\/person\/image\/","url":"https:\/\/apuntesdesanluis.com\/wp-content\/uploads\/2023\/07\/cropped-apuntesdesanluis.png","contentUrl":"https:\/\/apuntesdesanluis.com\/wp-content\/uploads\/2023\/07\/cropped-apuntesdesanluis.png","width":450,"height":112,"caption":"apuntesdesanluis.com"},"logo":{"@id":"https:\/\/apuntesdesanluis.com\/#\/schema\/person\/image\/"},"sameAs":["https:\/\/apuntesdesanluis.com"],"url":"https:\/\/apuntesdesanluis.com\/index.php\/author\/apuntesdesanluis-com\/"}]}},"featured_image_urls":{"full":["https:\/\/apuntesdesanluis.com\/wp-content\/uploads\/2024\/01\/auto-2.png",618,320,false],"thumbnail":["https:\/\/apuntesdesanluis.com\/wp-content\/uploads\/2024\/01\/auto-2-150x150.png",150,150,true],"medium":["https:\/\/apuntesdesanluis.com\/wp-content\/uploads\/2024\/01\/auto-2-300x155.png",300,155,true],"medium_large":["https:\/\/apuntesdesanluis.com\/wp-content\/uploads\/2024\/01\/auto-2.png",618,320,false],"large":["https:\/\/apuntesdesanluis.com\/wp-content\/uploads\/2024\/01\/auto-2.png",618,320,false],"1536x1536":["https:\/\/apuntesdesanluis.com\/wp-content\/uploads\/2024\/01\/auto-2.png",618,320,false],"2048x2048":["https:\/\/apuntesdesanluis.com\/wp-content\/uploads\/2024\/01\/auto-2.png",618,320,false],"newsever-slider-full":["https:\/\/apuntesdesanluis.com\/wp-content\/uploads\/2024\/01\/auto-2.png",618,320,false],"newsever-featured":["https:\/\/apuntesdesanluis.com\/wp-content\/uploads\/2024\/01\/auto-2.png",618,320,false],"newsever-medium":["https:\/\/apuntesdesanluis.com\/wp-content\/uploads\/2024\/01\/auto-2.png",618,320,false]},"author_info":{"display_name":"apuntesdesanluis.com","author_link":"https:\/\/apuntesdesanluis.com\/index.php\/author\/apuntesdesanluis-com\/"},"category_info":"<a href=\"https:\/\/apuntesdesanluis.com\/index.php\/category\/opinion\/\" rel=\"category tag\">Opini\u00f3n<\/a>","tag_info":"Opini\u00f3n","comment_count":"0","_links":{"self":[{"href":"https:\/\/apuntesdesanluis.com\/index.php\/wp-json\/wp\/v2\/posts\/10476","targetHints":{"allow":["GET"]}}],"collection":[{"href":"https:\/\/apuntesdesanluis.com\/index.php\/wp-json\/wp\/v2\/posts"}],"about":[{"href":"https:\/\/apuntesdesanluis.com\/index.php\/wp-json\/wp\/v2\/types\/post"}],"author":[{"embeddable":true,"href":"https:\/\/apuntesdesanluis.com\/index.php\/wp-json\/wp\/v2\/users\/1"}],"replies":[{"embeddable":true,"href":"https:\/\/apuntesdesanluis.com\/index.php\/wp-json\/wp\/v2\/comments?post=10476"}],"version-history":[{"count":1,"href":"https:\/\/apuntesdesanluis.com\/index.php\/wp-json\/wp\/v2\/posts\/10476\/revisions"}],"predecessor-version":[{"id":10480,"href":"https:\/\/apuntesdesanluis.com\/index.php\/wp-json\/wp\/v2\/posts\/10476\/revisions\/10480"}],"wp:featuredmedia":[{"embeddable":true,"href":"https:\/\/apuntesdesanluis.com\/index.php\/wp-json\/wp\/v2\/media\/10479"}],"wp:attachment":[{"href":"https:\/\/apuntesdesanluis.com\/index.php\/wp-json\/wp\/v2\/media?parent=10476"}],"wp:term":[{"taxonomy":"category","embeddable":true,"href":"https:\/\/apuntesdesanluis.com\/index.php\/wp-json\/wp\/v2\/categories?post=10476"},{"taxonomy":"post_tag","embeddable":true,"href":"https:\/\/apuntesdesanluis.com\/index.php\/wp-json\/wp\/v2\/tags?post=10476"}],"curies":[{"name":"wp","href":"https:\/\/api.w.org\/{rel}","templated":true}]}}