{"id":10486,"date":"2024-01-23T00:55:05","date_gmt":"2024-01-23T03:55:05","guid":{"rendered":"https:\/\/apuntesdesanluis.com\/?p=10486"},"modified":"2024-01-23T00:57:03","modified_gmt":"2024-01-23T03:57:03","slug":"caso-abel-ortiz-el-juez-dio-a-conocer-los-fundamentos-de-la-excarcelacion-de-espinosa","status":"publish","type":"post","link":"https:\/\/apuntesdesanluis.com\/index.php\/2024\/01\/23\/caso-abel-ortiz-el-juez-dio-a-conocer-los-fundamentos-de-la-excarcelacion-de-espinosa\/","title":{"rendered":"CASO ABEL ORTIZ: EL JUEZ DI\u00d3 A CONOCER LOS FUNDAMENTOS DE LA EXCARCELACI\u00d3N DE ESPINOSA"},"content":{"rendered":"<h3>Mediante un comunicado, el Juez de Garant\u00eda en feria de la Segunda Circunscripci\u00f3n Judicial, <strong>Mat\u00edas Farinazzo Tempestini<\/strong>, detall\u00f3 los motivos para conceder la libertad a la ex pareja del hombre de Villa Mercedes desaparecido en septiembre de 2014.<\/h3>\n<h3>El pasado viernes 19 de enero, el Juez de Garant\u00eda en feria de la Segunda Circunscripci\u00f3n Judicial, Mat\u00edas Farinazzo Tempestini, dict\u00f3 la excarcelaci\u00f3n de <strong>Alejandra Espinosa<\/strong>, imputada por la desaparici\u00f3n de Abel Ortiz en septiembre de 2014 en Villa Mercedes.<\/h3>\n<h3>La medida fue solicitada por la defensa de Espinosa, <strong>Dr. Valent\u00edn Rivadera<\/strong>, quien argument\u00f3 que no subsist\u00edan las razones por las que, en su momento, se dispuso la prisi\u00f3n preventiva de su defendida y que no exist\u00edan riesgos procesales para concederle la libertad hasta tanto se resolviera su situaci\u00f3n procesal de manera definitiva.<\/h3>\n<h3>Luego de analizar las constancias de la causa, el magistrado no observ\u00f3 conductas que permitieran concluir la existencia de peligro de fuga o entorpecimiento, motivo por el cual, hizo lugar al cese de la medida de coerci\u00f3n, imponi\u00e9ndole a la imputada las siguientes reglas: prohibici\u00f3n de salir de la provincia sin orden judicial; obligaci\u00f3n de presentarse peri\u00f3dicamente ante el tribunal de juicio a firmar el libro de imputados; fijar domicilio; y prohibici\u00f3n de acercamiento hacia un grupo determinado de personas.<\/h3>\n<h3>Mediante un comunicado, el juez detall\u00f3 los fundamentos de su decisi\u00f3n:<\/h3>\n<h3>\u201cLa causa me es remitida desde el Colegio de Jueces, donde se halla radicada, a efectos de tratar un pedido de excarcelaci\u00f3n interpuesto por la defensa de la Sra. Espinosa. Cabe resaltar que ni en esta causa ni en ninguna relacionada a la misma, yo he intervenido con anterioridad, con lo que mi abordaje fue casi con la objetividad y distancia propia de un Juez de Garant\u00eda -digo casi, porque oficiando como juez del sistema anterior ten\u00eda acceso al expediente- y dirigido a resolver si exist\u00edan o subsist\u00edan elementos de riesgo procesal que justificaran el mantenimiento de la prisi\u00f3n cautelar que ven\u00eda sufriendo la Sra. Espinosa.<\/h3>\n<h3>Si bien el sistema procesal anterior era predominantemente escrito, y contaba con la presentaci\u00f3n por escrito de la defensa como con la vista de la fiscal\u00eda; dispuse la realizaci\u00f3n de una audiencia oral a efectos de que las partes, de considerarlo, pudieran ampliar sus argumentos y as\u00ed contar con informaci\u00f3n de mayor calidad a efectos de resolver, independientemente de las propias valoraciones que pudiera hacer sobre las constancias del expediente y, por sobre todo, a efectos de darle la oportunidad a la Sra. Espinosa de ser o\u00edda.<\/h3>\n<h3>A la audiencia del d\u00eda 19-01-2024 asisti\u00f3 el Dr. Valent\u00edn Rivadera, abogado de la Sra. Espinosa; el Dr. N\u00e9stor Armando Lucero, Fiscal de Juicio; y la imputada, presente de manera remota desde el Servicio Penitenciario Provincial.<\/h3>\n<h3>En primer lugar, aleg\u00f3 la defensa sobre su pretensi\u00f3n excarcelatoria, sosteniendo que no subsist\u00edan las razones por las que en su momento se dispuso la prisi\u00f3n preventiva, que no exist\u00edan riesgos procesales, ofreciendo -en su caso- distintas alternativas como sustituci\u00f3n por fianza o prisi\u00f3n domiciliaria.<\/h3>\n<h3>A su turno, tom\u00f3 la palabra la fiscal\u00eda, quien sostuvo la existencia de riesgo procesal en la especie de peligro de entorpecimiento para la investigaci\u00f3n, la falta de apego a la norma demostrada en las distintas causas seguidas en contra de la Sra. Espinosa, la trascendencia de la presente causa, y que Abel Ortiz no ha aparecido.<\/h3>\n<h3>En respuesta, la defensa se refiri\u00f3 al desenlace de las distintas causas seguidas en contra de la Sra. Espinosa y, respecto a la causa por la desaparici\u00f3n de Abel Ortiz, record\u00f3 que en la misma se dict\u00f3 la falta de m\u00e9rito, sumando argumentaciones sobre el arraigo de su defendida.<\/h3>\n<h3>Es de destacar la labor de las partes, tanto de la fiscal\u00eda como de la defensa, en el sostenimiento de sus posiciones y calidad del litigio.<\/h3>\n<h3>Habiendo o\u00eddo a las partes y, luego de escuchar a la Sra. Espinosa, dispuse el pase a resolver y comenc\u00e9 mis consideraciones al respecto.<\/h3>\n<h3>En primer lugar, e independientemente de que el presente incidente se me remiti\u00f3 bajo la car\u00e1tula de \u201cincidente de excarcelaci\u00f3n\u201d, atento a la excepcionalidad que todo encarcelamiento cautelar implica; correspond\u00eda realizar un an\u00e1lisis amplio sobre la existencia o no de supuestos de procedencia de una prisi\u00f3n preventiva, tales como los riesgos procesales (peligro de fuga y de entorpecimiento de la investigaci\u00f3n), y la posibilidad de que los mismos no puedan ser cautelados con una medida eficaz pero menos restrictiva de derechos, bajo el principio de m\u00e1xima necesidad.<\/h3>\n<h3>Luego considerar que, si bien operativos desde la incorporaci\u00f3n de los tratados internacionales sobre Derechos Humanos a nuestra Constituci\u00f3n Nacional desde el a\u00f1o 1994; la reglamentaci\u00f3n que ha efectuado el legislador provincial en la \u00faltima reforma procesal penal sobre derechos esenciales de las personas -tales como la presunci\u00f3n de inocencia, la libertad, derecho de defensa y debido proceso- no genera en la presente causa un doble est\u00e1ndar, debido a la vigencia y aplicaci\u00f3n del procedimiento penal anterior; existe un principio de progresividad en el reconocimiento de derechos que nos obliga a reconocer la dimensi\u00f3n, efectos y ejercicio de derechos en la mayor amplitud posible, sea cual sea el sistema procesal que la persona imputada adopte.<\/h3>\n<h3>De este modo, pas\u00e9 a considerar las razones por las que el juez de instrucci\u00f3n dispuso originalmente la prisi\u00f3n preventiva de la Sra. Espinosa, y encontr\u00e9 que la misma se fund\u00f3 en la escala penal contenida en el delito atribuido, la seriedad del hecho que se investigaba y la eventual severidad de la pena privativa de la libertad asignada al mismo, que hac\u00edan presumir que la imputada pretender\u00eda evadir el accionar de la justicia y obstaculizar la investigaci\u00f3n, todo ello fundado normativamente en el art\u00edculo 218 inciso 4 y 510 del C\u00f3digo Procesal Criminal de la provincia.<\/h3>\n<h3>Ahora bien, esa es la manera en que por imperio del art\u00edculo 218 inciso 4 se dispuso y se dispon\u00edan prisiones preventivas, art\u00edculo que si bien no lo declar\u00e9 en este caso, considero inconstitucional, y as\u00ed lo he declarado en otra oportunidad, porque era una norma de mandato al juez para convertir detenciones en prisiones preventivas s\u00f3lo basadas en las penas previstas para los delitos imputados, violando de esta manera el principio de que la libertad durante el proceso es la regla (art\u00edculo 9.3 del Pacto Internacional de Derechos Civiles y Pol\u00edticos, y art\u00edculo 9 de nuestro nuevo ordenamiento procesal penal) y el principio de acto, porque independientemente del proceder de la persona, se derivaba una presunci\u00f3n de que intentar\u00eda evadir o entorpecer el proceso, por la sola circunstancia de que estaba siendo investigada por determinado delito. Tal es as\u00ed que, en el Auto de prisi\u00f3n preventiva, se observa que no existe una sola consideraci\u00f3n de en qu\u00e9 conducta de la imputada se sustenta tal afirmaci\u00f3n. Y esto no es una cr\u00edtica contra el juez que dispuso la privaci\u00f3n, ese era el mandato del viejo C\u00f3digo y la forma en que la mayor\u00eda de los jueces -sino todos- dispon\u00edan las prisiones preventivas.<\/h3>\n<h3>Luego de analizar las constancias de la causa, no observo la existencia de conductas que permitan concluir la existencia de peligro de fuga o entorpecimiento, que el juez que dispuso la preventiva tampoco las refiri\u00f3, con lo que entiendo que tampoco las observ\u00f3, y s\u00f3lo se bas\u00f3 en cuestiones de naturaleza sustantiva -como la pena en expectativa-, cuestiones que a la luz de los nuevos est\u00e1ndares -aclaro que para m\u00ed no son nuevos y est\u00e1n vigentes desde el a\u00f1o 1994-, de la nueva reglamentaci\u00f3n efectuada por el legislador provincial, no son suficientes para disponer una prisi\u00f3n preventiva y, por ende, tampoco para mantenerla.<\/h3>\n<h3>En cuanto a las consideraciones efectuadas por la fiscal\u00eda para fundar su oposici\u00f3n al pedido de excarcelaci\u00f3n, debo referir que nada se expres\u00f3 respecto al riesgo de fuga, lo que considero acertado porque tampoco lo observ\u00e9, y respecto al riesgo de entorpecimiento alegado por la fiscal\u00eda, consider\u00e9 que el mismo no era tal, toda vez que la investigaci\u00f3n en contra de la Sra. Espinosa hab\u00eda concluido con la presentaci\u00f3n de la acusaci\u00f3n en su contra, que todas las medidas de instrucci\u00f3n y recolecci\u00f3n de datos o informaci\u00f3n como prueba de cargo es propiamente \u201cprueba\u201d en el sistema procesal anterior, cuya incorporaci\u00f3n se har\u00e1 en el juicio oral bajo esa calidad y podr\u00e1 fundar, en su caso, una hipot\u00e9tica sentencia, por lo que no existe posibilidad material de que la Sra. Espinosa pueda afectar de alguna manera esa prueba que se encuentra al resguardo en la Fiscal\u00eda o Colegio de Jueces.<\/h3>\n<h3>Que respecto a la alegaci\u00f3n por parte de la Fiscal\u00eda de que Abel Ortiz no ha aparecido, para justificar riesgo de entorpecimiento; a la Sra. Espinosa se le dict\u00f3 una falta de m\u00e9rito probatorio por ese hecho, tal como lo refiri\u00f3 la defensa.<\/h3>\n<h3>Que, sumado a lo expuesto, una \u00faltima consideraci\u00f3n fue por el tiempo que la Sra. Espinosa llevaba privada de su libertad, privaci\u00f3n que comenz\u00f3 el 07-02-2022 y que, en 18 d\u00edas cumplir\u00eda el plazo m\u00e1ximo de dos a\u00f1os previsto por Ley (Art\u00edculo 210 del nuevo C\u00f3digo Procesal Penal de la provincia) para que una persona est\u00e9 privada cautelarmente de su libertad. Teniendo en cuenta que quedaban diez d\u00edas de feria judicial, y en los ocho d\u00edas restantes era imposible estimar que se realizar\u00eda un juicio oral -para el que todav\u00eda no se ha fijado fecha-; mantener esos 18 d\u00edas de privaci\u00f3n resultaba irrazonable.<\/h3>\n<h3>En funci\u00f3n de las consideraciones expuestas, por no hallarse acreditado en la causa riesgo procesal que justifique mantener la medida de prisi\u00f3n preventiva, y el tiempo transcurrido de privaci\u00f3n de la libertad, dispuse el CESE\u00a0 de la prisi\u00f3n preventiva que ven\u00eda sufriendo la Sra. Espinosa, bajo las siguientes reglas: prohibici\u00f3n de salir de la provincia sin orden judicial; obligaci\u00f3n de presentarse peri\u00f3dicamente ante el tribunal de juicio a firmar; fijar domicilio -el que fij\u00f3 en la audiencia-; y prohibici\u00f3n de acercamiento a un grupo determinado de personas\u201d.<\/h3>\n<h3><\/h3>\n<h3><\/h3>\n","protected":false},"excerpt":{"rendered":"<p>Mediante un comunicado, el Juez de Garant\u00eda en feria de la Segunda Circunscripci\u00f3n Judicial, Mat\u00edas&#8230;<\/p>\n","protected":false},"author":1,"featured_media":10487,"comment_status":"closed","ping_status":"closed","sticky":false,"template":"","format":"standard","meta":{"footnotes":""},"categories":[6],"tags":[],"class_list":["post-10486","post","type-post","status-publish","format-standard","has-post-thumbnail","hentry","category-ciudad-provincia"],"yoast_head":"<!-- This site is optimized with the Yoast SEO plugin v26.1.1 - https:\/\/yoast.com\/wordpress\/plugins\/seo\/ -->\n<title>CASO ABEL ORTIZ: EL JUEZ DI\u00d3 A CONOCER LOS FUNDAMENTOS DE LA EXCARCELACI\u00d3N DE ESPINOSA - Apuntes de San Luis<\/title>\n<meta name=\"robots\" content=\"index, follow, max-snippet:-1, max-image-preview:large, max-video-preview:-1\" \/>\n<link rel=\"canonical\" href=\"https:\/\/apuntesdesanluis.com\/index.php\/2024\/01\/23\/caso-abel-ortiz-el-juez-dio-a-conocer-los-fundamentos-de-la-excarcelacion-de-espinosa\/\" \/>\n<meta property=\"og:locale\" content=\"es_ES\" \/>\n<meta property=\"og:type\" content=\"article\" \/>\n<meta property=\"og:title\" content=\"CASO ABEL ORTIZ: EL JUEZ DI\u00d3 A CONOCER LOS FUNDAMENTOS DE LA EXCARCELACI\u00d3N DE ESPINOSA - Apuntes de San Luis\" \/>\n<meta property=\"og:description\" content=\"Mediante un comunicado, el Juez de Garant\u00eda en feria de la Segunda Circunscripci\u00f3n Judicial, Mat\u00edas...\" \/>\n<meta property=\"og:url\" content=\"https:\/\/apuntesdesanluis.com\/index.php\/2024\/01\/23\/caso-abel-ortiz-el-juez-dio-a-conocer-los-fundamentos-de-la-excarcelacion-de-espinosa\/\" \/>\n<meta property=\"og:site_name\" content=\"Apuntes de San Luis\" \/>\n<meta property=\"article:published_time\" content=\"2024-01-23T03:55:05+00:00\" \/>\n<meta property=\"article:modified_time\" content=\"2024-01-23T03:57:03+00:00\" \/>\n<meta property=\"og:image\" content=\"https:\/\/apuntesdesanluis.com\/wp-content\/uploads\/2024\/01\/espinoza-1.png\" \/>\n\t<meta property=\"og:image:width\" content=\"534\" \/>\n\t<meta property=\"og:image:height\" content=\"311\" \/>\n\t<meta property=\"og:image:type\" content=\"image\/png\" \/>\n<meta name=\"author\" content=\"apuntesdesanluis.com\" \/>\n<meta name=\"twitter:card\" content=\"summary_large_image\" \/>\n<meta name=\"twitter:label1\" content=\"Escrito por\" \/>\n\t<meta name=\"twitter:data1\" content=\"apuntesdesanluis.com\" \/>\n\t<meta name=\"twitter:label2\" content=\"Tiempo de lectura\" \/>\n\t<meta name=\"twitter:data2\" content=\"8 minutos\" \/>\n<script type=\"application\/ld+json\" class=\"yoast-schema-graph\">{\"@context\":\"https:\/\/schema.org\",\"@graph\":[{\"@type\":\"Article\",\"@id\":\"https:\/\/apuntesdesanluis.com\/index.php\/2024\/01\/23\/caso-abel-ortiz-el-juez-dio-a-conocer-los-fundamentos-de-la-excarcelacion-de-espinosa\/#article\",\"isPartOf\":{\"@id\":\"https:\/\/apuntesdesanluis.com\/index.php\/2024\/01\/23\/caso-abel-ortiz-el-juez-dio-a-conocer-los-fundamentos-de-la-excarcelacion-de-espinosa\/\"},\"author\":{\"name\":\"apuntesdesanluis.com\",\"@id\":\"https:\/\/apuntesdesanluis.com\/#\/schema\/person\/b55151d52296fcce64d1a72538a70b90\"},\"headline\":\"CASO ABEL ORTIZ: EL JUEZ DI\u00d3 A CONOCER LOS FUNDAMENTOS DE LA EXCARCELACI\u00d3N DE ESPINOSA\",\"datePublished\":\"2024-01-23T03:55:05+00:00\",\"dateModified\":\"2024-01-23T03:57:03+00:00\",\"mainEntityOfPage\":{\"@id\":\"https:\/\/apuntesdesanluis.com\/index.php\/2024\/01\/23\/caso-abel-ortiz-el-juez-dio-a-conocer-los-fundamentos-de-la-excarcelacion-de-espinosa\/\"},\"wordCount\":1775,\"publisher\":{\"@id\":\"https:\/\/apuntesdesanluis.com\/#\/schema\/person\/b55151d52296fcce64d1a72538a70b90\"},\"image\":{\"@id\":\"https:\/\/apuntesdesanluis.com\/index.php\/2024\/01\/23\/caso-abel-ortiz-el-juez-dio-a-conocer-los-fundamentos-de-la-excarcelacion-de-espinosa\/#primaryimage\"},\"thumbnailUrl\":\"https:\/\/apuntesdesanluis.com\/wp-content\/uploads\/2024\/01\/espinoza-1.png\",\"articleSection\":[\"Ciudad\/Provincia\"],\"inLanguage\":\"es-AR\"},{\"@type\":\"WebPage\",\"@id\":\"https:\/\/apuntesdesanluis.com\/index.php\/2024\/01\/23\/caso-abel-ortiz-el-juez-dio-a-conocer-los-fundamentos-de-la-excarcelacion-de-espinosa\/\",\"url\":\"https:\/\/apuntesdesanluis.com\/index.php\/2024\/01\/23\/caso-abel-ortiz-el-juez-dio-a-conocer-los-fundamentos-de-la-excarcelacion-de-espinosa\/\",\"name\":\"CASO ABEL ORTIZ: EL JUEZ DI\u00d3 A CONOCER LOS FUNDAMENTOS DE LA EXCARCELACI\u00d3N DE ESPINOSA - Apuntes de San Luis\",\"isPartOf\":{\"@id\":\"https:\/\/apuntesdesanluis.com\/#website\"},\"primaryImageOfPage\":{\"@id\":\"https:\/\/apuntesdesanluis.com\/index.php\/2024\/01\/23\/caso-abel-ortiz-el-juez-dio-a-conocer-los-fundamentos-de-la-excarcelacion-de-espinosa\/#primaryimage\"},\"image\":{\"@id\":\"https:\/\/apuntesdesanluis.com\/index.php\/2024\/01\/23\/caso-abel-ortiz-el-juez-dio-a-conocer-los-fundamentos-de-la-excarcelacion-de-espinosa\/#primaryimage\"},\"thumbnailUrl\":\"https:\/\/apuntesdesanluis.com\/wp-content\/uploads\/2024\/01\/espinoza-1.png\",\"datePublished\":\"2024-01-23T03:55:05+00:00\",\"dateModified\":\"2024-01-23T03:57:03+00:00\",\"breadcrumb\":{\"@id\":\"https:\/\/apuntesdesanluis.com\/index.php\/2024\/01\/23\/caso-abel-ortiz-el-juez-dio-a-conocer-los-fundamentos-de-la-excarcelacion-de-espinosa\/#breadcrumb\"},\"inLanguage\":\"es-AR\",\"potentialAction\":[{\"@type\":\"ReadAction\",\"target\":[\"https:\/\/apuntesdesanluis.com\/index.php\/2024\/01\/23\/caso-abel-ortiz-el-juez-dio-a-conocer-los-fundamentos-de-la-excarcelacion-de-espinosa\/\"]}]},{\"@type\":\"ImageObject\",\"inLanguage\":\"es-AR\",\"@id\":\"https:\/\/apuntesdesanluis.com\/index.php\/2024\/01\/23\/caso-abel-ortiz-el-juez-dio-a-conocer-los-fundamentos-de-la-excarcelacion-de-espinosa\/#primaryimage\",\"url\":\"https:\/\/apuntesdesanluis.com\/wp-content\/uploads\/2024\/01\/espinoza-1.png\",\"contentUrl\":\"https:\/\/apuntesdesanluis.com\/wp-content\/uploads\/2024\/01\/espinoza-1.png\",\"width\":534,\"height\":311},{\"@type\":\"BreadcrumbList\",\"@id\":\"https:\/\/apuntesdesanluis.com\/index.php\/2024\/01\/23\/caso-abel-ortiz-el-juez-dio-a-conocer-los-fundamentos-de-la-excarcelacion-de-espinosa\/#breadcrumb\",\"itemListElement\":[{\"@type\":\"ListItem\",\"position\":1,\"name\":\"Inicio\",\"item\":\"https:\/\/apuntesdesanluis.com\/\"},{\"@type\":\"ListItem\",\"position\":2,\"name\":\"CASO ABEL ORTIZ: EL JUEZ DI\u00d3 A CONOCER LOS FUNDAMENTOS DE LA EXCARCELACI\u00d3N DE ESPINOSA\"}]},{\"@type\":\"WebSite\",\"@id\":\"https:\/\/apuntesdesanluis.com\/#website\",\"url\":\"https:\/\/apuntesdesanluis.com\/\",\"name\":\"Apuntes de San Luis\",\"description\":\"\",\"publisher\":{\"@id\":\"https:\/\/apuntesdesanluis.com\/#\/schema\/person\/b55151d52296fcce64d1a72538a70b90\"},\"potentialAction\":[{\"@type\":\"SearchAction\",\"target\":{\"@type\":\"EntryPoint\",\"urlTemplate\":\"https:\/\/apuntesdesanluis.com\/?s={search_term_string}\"},\"query-input\":{\"@type\":\"PropertyValueSpecification\",\"valueRequired\":true,\"valueName\":\"search_term_string\"}}],\"inLanguage\":\"es-AR\"},{\"@type\":[\"Person\",\"Organization\"],\"@id\":\"https:\/\/apuntesdesanluis.com\/#\/schema\/person\/b55151d52296fcce64d1a72538a70b90\",\"name\":\"apuntesdesanluis.com\",\"image\":{\"@type\":\"ImageObject\",\"inLanguage\":\"es-AR\",\"@id\":\"https:\/\/apuntesdesanluis.com\/#\/schema\/person\/image\/\",\"url\":\"https:\/\/apuntesdesanluis.com\/wp-content\/uploads\/2023\/07\/cropped-apuntesdesanluis.png\",\"contentUrl\":\"https:\/\/apuntesdesanluis.com\/wp-content\/uploads\/2023\/07\/cropped-apuntesdesanluis.png\",\"width\":450,\"height\":112,\"caption\":\"apuntesdesanluis.com\"},\"logo\":{\"@id\":\"https:\/\/apuntesdesanluis.com\/#\/schema\/person\/image\/\"},\"sameAs\":[\"https:\/\/apuntesdesanluis.com\"],\"url\":\"https:\/\/apuntesdesanluis.com\/index.php\/author\/apuntesdesanluis-com\/\"}]}<\/script>\n<!-- \/ Yoast SEO plugin. -->","yoast_head_json":{"title":"CASO ABEL ORTIZ: EL JUEZ DI\u00d3 A CONOCER LOS FUNDAMENTOS DE LA EXCARCELACI\u00d3N DE ESPINOSA - Apuntes de San Luis","robots":{"index":"index","follow":"follow","max-snippet":"max-snippet:-1","max-image-preview":"max-image-preview:large","max-video-preview":"max-video-preview:-1"},"canonical":"https:\/\/apuntesdesanluis.com\/index.php\/2024\/01\/23\/caso-abel-ortiz-el-juez-dio-a-conocer-los-fundamentos-de-la-excarcelacion-de-espinosa\/","og_locale":"es_ES","og_type":"article","og_title":"CASO ABEL ORTIZ: EL JUEZ DI\u00d3 A CONOCER LOS FUNDAMENTOS DE LA EXCARCELACI\u00d3N DE ESPINOSA - Apuntes de San Luis","og_description":"Mediante un comunicado, el Juez de Garant\u00eda en feria de la Segunda Circunscripci\u00f3n Judicial, Mat\u00edas...","og_url":"https:\/\/apuntesdesanluis.com\/index.php\/2024\/01\/23\/caso-abel-ortiz-el-juez-dio-a-conocer-los-fundamentos-de-la-excarcelacion-de-espinosa\/","og_site_name":"Apuntes de San Luis","article_published_time":"2024-01-23T03:55:05+00:00","article_modified_time":"2024-01-23T03:57:03+00:00","og_image":[{"width":534,"height":311,"url":"https:\/\/apuntesdesanluis.com\/wp-content\/uploads\/2024\/01\/espinoza-1.png","type":"image\/png"}],"author":"apuntesdesanluis.com","twitter_card":"summary_large_image","twitter_misc":{"Escrito por":"apuntesdesanluis.com","Tiempo de lectura":"8 minutos"},"schema":{"@context":"https:\/\/schema.org","@graph":[{"@type":"Article","@id":"https:\/\/apuntesdesanluis.com\/index.php\/2024\/01\/23\/caso-abel-ortiz-el-juez-dio-a-conocer-los-fundamentos-de-la-excarcelacion-de-espinosa\/#article","isPartOf":{"@id":"https:\/\/apuntesdesanluis.com\/index.php\/2024\/01\/23\/caso-abel-ortiz-el-juez-dio-a-conocer-los-fundamentos-de-la-excarcelacion-de-espinosa\/"},"author":{"name":"apuntesdesanluis.com","@id":"https:\/\/apuntesdesanluis.com\/#\/schema\/person\/b55151d52296fcce64d1a72538a70b90"},"headline":"CASO ABEL ORTIZ: EL JUEZ DI\u00d3 A CONOCER LOS FUNDAMENTOS DE LA EXCARCELACI\u00d3N DE ESPINOSA","datePublished":"2024-01-23T03:55:05+00:00","dateModified":"2024-01-23T03:57:03+00:00","mainEntityOfPage":{"@id":"https:\/\/apuntesdesanluis.com\/index.php\/2024\/01\/23\/caso-abel-ortiz-el-juez-dio-a-conocer-los-fundamentos-de-la-excarcelacion-de-espinosa\/"},"wordCount":1775,"publisher":{"@id":"https:\/\/apuntesdesanluis.com\/#\/schema\/person\/b55151d52296fcce64d1a72538a70b90"},"image":{"@id":"https:\/\/apuntesdesanluis.com\/index.php\/2024\/01\/23\/caso-abel-ortiz-el-juez-dio-a-conocer-los-fundamentos-de-la-excarcelacion-de-espinosa\/#primaryimage"},"thumbnailUrl":"https:\/\/apuntesdesanluis.com\/wp-content\/uploads\/2024\/01\/espinoza-1.png","articleSection":["Ciudad\/Provincia"],"inLanguage":"es-AR"},{"@type":"WebPage","@id":"https:\/\/apuntesdesanluis.com\/index.php\/2024\/01\/23\/caso-abel-ortiz-el-juez-dio-a-conocer-los-fundamentos-de-la-excarcelacion-de-espinosa\/","url":"https:\/\/apuntesdesanluis.com\/index.php\/2024\/01\/23\/caso-abel-ortiz-el-juez-dio-a-conocer-los-fundamentos-de-la-excarcelacion-de-espinosa\/","name":"CASO ABEL ORTIZ: EL JUEZ DI\u00d3 A CONOCER LOS FUNDAMENTOS DE LA EXCARCELACI\u00d3N DE ESPINOSA - Apuntes de San Luis","isPartOf":{"@id":"https:\/\/apuntesdesanluis.com\/#website"},"primaryImageOfPage":{"@id":"https:\/\/apuntesdesanluis.com\/index.php\/2024\/01\/23\/caso-abel-ortiz-el-juez-dio-a-conocer-los-fundamentos-de-la-excarcelacion-de-espinosa\/#primaryimage"},"image":{"@id":"https:\/\/apuntesdesanluis.com\/index.php\/2024\/01\/23\/caso-abel-ortiz-el-juez-dio-a-conocer-los-fundamentos-de-la-excarcelacion-de-espinosa\/#primaryimage"},"thumbnailUrl":"https:\/\/apuntesdesanluis.com\/wp-content\/uploads\/2024\/01\/espinoza-1.png","datePublished":"2024-01-23T03:55:05+00:00","dateModified":"2024-01-23T03:57:03+00:00","breadcrumb":{"@id":"https:\/\/apuntesdesanluis.com\/index.php\/2024\/01\/23\/caso-abel-ortiz-el-juez-dio-a-conocer-los-fundamentos-de-la-excarcelacion-de-espinosa\/#breadcrumb"},"inLanguage":"es-AR","potentialAction":[{"@type":"ReadAction","target":["https:\/\/apuntesdesanluis.com\/index.php\/2024\/01\/23\/caso-abel-ortiz-el-juez-dio-a-conocer-los-fundamentos-de-la-excarcelacion-de-espinosa\/"]}]},{"@type":"ImageObject","inLanguage":"es-AR","@id":"https:\/\/apuntesdesanluis.com\/index.php\/2024\/01\/23\/caso-abel-ortiz-el-juez-dio-a-conocer-los-fundamentos-de-la-excarcelacion-de-espinosa\/#primaryimage","url":"https:\/\/apuntesdesanluis.com\/wp-content\/uploads\/2024\/01\/espinoza-1.png","contentUrl":"https:\/\/apuntesdesanluis.com\/wp-content\/uploads\/2024\/01\/espinoza-1.png","width":534,"height":311},{"@type":"BreadcrumbList","@id":"https:\/\/apuntesdesanluis.com\/index.php\/2024\/01\/23\/caso-abel-ortiz-el-juez-dio-a-conocer-los-fundamentos-de-la-excarcelacion-de-espinosa\/#breadcrumb","itemListElement":[{"@type":"ListItem","position":1,"name":"Inicio","item":"https:\/\/apuntesdesanluis.com\/"},{"@type":"ListItem","position":2,"name":"CASO ABEL ORTIZ: EL JUEZ DI\u00d3 A CONOCER LOS FUNDAMENTOS DE LA EXCARCELACI\u00d3N DE ESPINOSA"}]},{"@type":"WebSite","@id":"https:\/\/apuntesdesanluis.com\/#website","url":"https:\/\/apuntesdesanluis.com\/","name":"Apuntes de San Luis","description":"","publisher":{"@id":"https:\/\/apuntesdesanluis.com\/#\/schema\/person\/b55151d52296fcce64d1a72538a70b90"},"potentialAction":[{"@type":"SearchAction","target":{"@type":"EntryPoint","urlTemplate":"https:\/\/apuntesdesanluis.com\/?s={search_term_string}"},"query-input":{"@type":"PropertyValueSpecification","valueRequired":true,"valueName":"search_term_string"}}],"inLanguage":"es-AR"},{"@type":["Person","Organization"],"@id":"https:\/\/apuntesdesanluis.com\/#\/schema\/person\/b55151d52296fcce64d1a72538a70b90","name":"apuntesdesanluis.com","image":{"@type":"ImageObject","inLanguage":"es-AR","@id":"https:\/\/apuntesdesanluis.com\/#\/schema\/person\/image\/","url":"https:\/\/apuntesdesanluis.com\/wp-content\/uploads\/2023\/07\/cropped-apuntesdesanluis.png","contentUrl":"https:\/\/apuntesdesanluis.com\/wp-content\/uploads\/2023\/07\/cropped-apuntesdesanluis.png","width":450,"height":112,"caption":"apuntesdesanluis.com"},"logo":{"@id":"https:\/\/apuntesdesanluis.com\/#\/schema\/person\/image\/"},"sameAs":["https:\/\/apuntesdesanluis.com"],"url":"https:\/\/apuntesdesanluis.com\/index.php\/author\/apuntesdesanluis-com\/"}]}},"featured_image_urls":{"full":["https:\/\/apuntesdesanluis.com\/wp-content\/uploads\/2024\/01\/espinoza-1.png",534,311,false],"thumbnail":["https:\/\/apuntesdesanluis.com\/wp-content\/uploads\/2024\/01\/espinoza-1-150x150.png",150,150,true],"medium":["https:\/\/apuntesdesanluis.com\/wp-content\/uploads\/2024\/01\/espinoza-1-300x175.png",300,175,true],"medium_large":["https:\/\/apuntesdesanluis.com\/wp-content\/uploads\/2024\/01\/espinoza-1.png",534,311,false],"large":["https:\/\/apuntesdesanluis.com\/wp-content\/uploads\/2024\/01\/espinoza-1.png",534,311,false],"1536x1536":["https:\/\/apuntesdesanluis.com\/wp-content\/uploads\/2024\/01\/espinoza-1.png",534,311,false],"2048x2048":["https:\/\/apuntesdesanluis.com\/wp-content\/uploads\/2024\/01\/espinoza-1.png",534,311,false],"newsever-slider-full":["https:\/\/apuntesdesanluis.com\/wp-content\/uploads\/2024\/01\/espinoza-1.png",534,311,false],"newsever-featured":["https:\/\/apuntesdesanluis.com\/wp-content\/uploads\/2024\/01\/espinoza-1.png",534,311,false],"newsever-medium":["https:\/\/apuntesdesanluis.com\/wp-content\/uploads\/2024\/01\/espinoza-1.png",534,311,false]},"author_info":{"display_name":"apuntesdesanluis.com","author_link":"https:\/\/apuntesdesanluis.com\/index.php\/author\/apuntesdesanluis-com\/"},"category_info":"<a href=\"https:\/\/apuntesdesanluis.com\/index.php\/category\/ciudad-provincia\/\" rel=\"category tag\">Ciudad\/Provincia<\/a>","tag_info":"Ciudad\/Provincia","comment_count":"0","_links":{"self":[{"href":"https:\/\/apuntesdesanluis.com\/index.php\/wp-json\/wp\/v2\/posts\/10486","targetHints":{"allow":["GET"]}}],"collection":[{"href":"https:\/\/apuntesdesanluis.com\/index.php\/wp-json\/wp\/v2\/posts"}],"about":[{"href":"https:\/\/apuntesdesanluis.com\/index.php\/wp-json\/wp\/v2\/types\/post"}],"author":[{"embeddable":true,"href":"https:\/\/apuntesdesanluis.com\/index.php\/wp-json\/wp\/v2\/users\/1"}],"replies":[{"embeddable":true,"href":"https:\/\/apuntesdesanluis.com\/index.php\/wp-json\/wp\/v2\/comments?post=10486"}],"version-history":[{"count":1,"href":"https:\/\/apuntesdesanluis.com\/index.php\/wp-json\/wp\/v2\/posts\/10486\/revisions"}],"predecessor-version":[{"id":10488,"href":"https:\/\/apuntesdesanluis.com\/index.php\/wp-json\/wp\/v2\/posts\/10486\/revisions\/10488"}],"wp:featuredmedia":[{"embeddable":true,"href":"https:\/\/apuntesdesanluis.com\/index.php\/wp-json\/wp\/v2\/media\/10487"}],"wp:attachment":[{"href":"https:\/\/apuntesdesanluis.com\/index.php\/wp-json\/wp\/v2\/media?parent=10486"}],"wp:term":[{"taxonomy":"category","embeddable":true,"href":"https:\/\/apuntesdesanluis.com\/index.php\/wp-json\/wp\/v2\/categories?post=10486"},{"taxonomy":"post_tag","embeddable":true,"href":"https:\/\/apuntesdesanluis.com\/index.php\/wp-json\/wp\/v2\/tags?post=10486"}],"curies":[{"name":"wp","href":"https:\/\/api.w.org\/{rel}","templated":true}]}}