{"id":10489,"date":"2024-01-22T01:11:46","date_gmt":"2024-01-22T04:11:46","guid":{"rendered":"https:\/\/apuntesdesanluis.com\/?p=10489"},"modified":"2024-01-23T01:13:28","modified_gmt":"2024-01-23T04:13:28","slug":"la-upro-abrio-preinscripciones-y-su-curso-sera-nivelatorio-y-no-eliminatorio","status":"publish","type":"post","link":"https:\/\/apuntesdesanluis.com\/index.php\/2024\/01\/22\/la-upro-abrio-preinscripciones-y-su-curso-sera-nivelatorio-y-no-eliminatorio\/","title":{"rendered":"LA UPRO ABRI\u00d3 PREINSCRIPCIONES Y SU CURSO SER\u00c1 NIVELATORIO \u201cY NO ELIMINATORIO\u201d"},"content":{"rendered":"<h3>La Universidad Provincial de Oficio (UPrO) ya anota a los aspirantes a cursar durante el primer semestre de 2024 en las 11 sedes distribuidas por San Luis.<\/h3>\n<h3>Los interesados en seguir las carreras que dicta la Universidad Provincial de Oficios (UPrO), ya pueden anotarse para cursar en el primer semestre de este a\u00f1o. As\u00ed lo inform\u00f3 el rector <strong>Rudy C\u00e1mer<\/strong>a en conferencia de prensa, invitando a los interesados a inscribirse online en la web <a href=\"https:\/\/www.uprosanluis.edu.ar\/\" target=\"_blank\" rel=\"noopener\"><span style=\"color: #3366ff;\">www.uprosanluis.edu.ar<\/span><\/a> desde este 22 de enero hasta el viernes 26.<\/h3>\n<p><img fetchpriority=\"high\" decoding=\"async\" class=\"wp-image-10490 aligncenter\" src=\"https:\/\/apuntesdesanluis.com\/wp-content\/uploads\/2024\/01\/CAMERA-300x196.png\" alt=\"\" width=\"582\" height=\"380\" srcset=\"https:\/\/apuntesdesanluis.com\/wp-content\/uploads\/2024\/01\/CAMERA-300x196.png 300w, https:\/\/apuntesdesanluis.com\/wp-content\/uploads\/2024\/01\/CAMERA.png 600w\" sizes=\"(max-width: 582px) 100vw, 582px\" \/><\/p>\n<h3>C\u00e1mera explic\u00f3 que se mantuvo la oferta acad\u00e9mica previa para que los alumnos puedan continuar sus estudios, aunque se rotaron algunos cursos entre sedes para variar las propuestas seg\u00fan las necesidades regionales.<\/h3>\n<h3>El rector tambi\u00e9n anticip\u00f3 que a mitad de a\u00f1o se redefinir\u00e1 la oferta formativa en conjunto con el ministerio de Desarrollo Productivo para alinearse con los requerimientos del sector productivo de cada zona.<\/h3>\n<h3>Otro cambio es que el cursillo de ingreso pasar\u00e1 a ser nivelatorio y no eliminatorio, para garantizar el acceso de todos los interesados en formarse.<\/h3>\n<h3>\u201cLa UPrO ser\u00e1 gratuita, abierta e inclusiva\u201d, remarc\u00f3 C\u00e1mera.<\/h3>\n","protected":false},"excerpt":{"rendered":"<p>La Universidad Provincial de Oficio (UPrO) ya anota a los aspirantes a cursar durante el&#8230;<\/p>\n","protected":false},"author":1,"featured_media":420,"comment_status":"closed","ping_status":"closed","sticky":false,"template":"","format":"standard","meta":{"footnotes":""},"categories":[6],"tags":[],"class_list":["post-10489","post","type-post","status-publish","format-standard","has-post-thumbnail","hentry","category-ciudad-provincia"],"yoast_head":"<!-- This site is optimized with the Yoast SEO plugin v26.1.1 - https:\/\/yoast.com\/wordpress\/plugins\/seo\/ -->\n<title>LA UPRO ABRI\u00d3 PREINSCRIPCIONES Y SU CURSO SER\u00c1 NIVELATORIO \u201cY NO ELIMINATORIO\u201d - Apuntes de San Luis<\/title>\n<meta name=\"robots\" content=\"index, follow, max-snippet:-1, max-image-preview:large, max-video-preview:-1\" \/>\n<link rel=\"canonical\" href=\"https:\/\/apuntesdesanluis.com\/index.php\/2024\/01\/22\/la-upro-abrio-preinscripciones-y-su-curso-sera-nivelatorio-y-no-eliminatorio\/\" \/>\n<meta property=\"og:locale\" content=\"es_ES\" \/>\n<meta property=\"og:type\" content=\"article\" \/>\n<meta property=\"og:title\" content=\"LA UPRO ABRI\u00d3 PREINSCRIPCIONES Y SU CURSO SER\u00c1 NIVELATORIO \u201cY NO ELIMINATORIO\u201d - Apuntes de San Luis\" \/>\n<meta property=\"og:description\" content=\"La Universidad Provincial de Oficio (UPrO) ya anota a los aspirantes a cursar durante el...\" \/>\n<meta property=\"og:url\" content=\"https:\/\/apuntesdesanluis.com\/index.php\/2024\/01\/22\/la-upro-abrio-preinscripciones-y-su-curso-sera-nivelatorio-y-no-eliminatorio\/\" \/>\n<meta property=\"og:site_name\" content=\"Apuntes de San Luis\" \/>\n<meta property=\"article:published_time\" content=\"2024-01-22T04:11:46+00:00\" \/>\n<meta property=\"article:modified_time\" content=\"2024-01-23T04:13:28+00:00\" \/>\n<meta property=\"og:image\" content=\"https:\/\/apuntesdesanluis.com\/wp-content\/uploads\/2023\/07\/upro.png\" \/>\n\t<meta property=\"og:image:width\" content=\"600\" \/>\n\t<meta property=\"og:image:height\" content=\"396\" \/>\n\t<meta property=\"og:image:type\" content=\"image\/png\" \/>\n<meta name=\"author\" content=\"apuntesdesanluis.com\" \/>\n<meta name=\"twitter:card\" content=\"summary_large_image\" \/>\n<meta name=\"twitter:label1\" content=\"Escrito por\" \/>\n\t<meta name=\"twitter:data1\" content=\"apuntesdesanluis.com\" \/>\n\t<meta name=\"twitter:label2\" content=\"Tiempo de lectura\" \/>\n\t<meta name=\"twitter:data2\" content=\"2 minutos\" \/>\n<script type=\"application\/ld+json\" class=\"yoast-schema-graph\">{\"@context\":\"https:\/\/schema.org\",\"@graph\":[{\"@type\":\"Article\",\"@id\":\"https:\/\/apuntesdesanluis.com\/index.php\/2024\/01\/22\/la-upro-abrio-preinscripciones-y-su-curso-sera-nivelatorio-y-no-eliminatorio\/#article\",\"isPartOf\":{\"@id\":\"https:\/\/apuntesdesanluis.com\/index.php\/2024\/01\/22\/la-upro-abrio-preinscripciones-y-su-curso-sera-nivelatorio-y-no-eliminatorio\/\"},\"author\":{\"name\":\"apuntesdesanluis.com\",\"@id\":\"https:\/\/apuntesdesanluis.com\/#\/schema\/person\/b55151d52296fcce64d1a72538a70b90\"},\"headline\":\"LA UPRO ABRI\u00d3 PREINSCRIPCIONES Y SU CURSO SER\u00c1 NIVELATORIO \u201cY NO ELIMINATORIO\u201d\",\"datePublished\":\"2024-01-22T04:11:46+00:00\",\"dateModified\":\"2024-01-23T04:13:28+00:00\",\"mainEntityOfPage\":{\"@id\":\"https:\/\/apuntesdesanluis.com\/index.php\/2024\/01\/22\/la-upro-abrio-preinscripciones-y-su-curso-sera-nivelatorio-y-no-eliminatorio\/\"},\"wordCount\":202,\"publisher\":{\"@id\":\"https:\/\/apuntesdesanluis.com\/#\/schema\/person\/b55151d52296fcce64d1a72538a70b90\"},\"image\":{\"@id\":\"https:\/\/apuntesdesanluis.com\/index.php\/2024\/01\/22\/la-upro-abrio-preinscripciones-y-su-curso-sera-nivelatorio-y-no-eliminatorio\/#primaryimage\"},\"thumbnailUrl\":\"https:\/\/apuntesdesanluis.com\/wp-content\/uploads\/2023\/07\/upro.png\",\"articleSection\":[\"Ciudad\/Provincia\"],\"inLanguage\":\"es-AR\"},{\"@type\":\"WebPage\",\"@id\":\"https:\/\/apuntesdesanluis.com\/index.php\/2024\/01\/22\/la-upro-abrio-preinscripciones-y-su-curso-sera-nivelatorio-y-no-eliminatorio\/\",\"url\":\"https:\/\/apuntesdesanluis.com\/index.php\/2024\/01\/22\/la-upro-abrio-preinscripciones-y-su-curso-sera-nivelatorio-y-no-eliminatorio\/\",\"name\":\"LA UPRO ABRI\u00d3 PREINSCRIPCIONES Y SU CURSO SER\u00c1 NIVELATORIO \u201cY NO ELIMINATORIO\u201d - Apuntes de San Luis\",\"isPartOf\":{\"@id\":\"https:\/\/apuntesdesanluis.com\/#website\"},\"primaryImageOfPage\":{\"@id\":\"https:\/\/apuntesdesanluis.com\/index.php\/2024\/01\/22\/la-upro-abrio-preinscripciones-y-su-curso-sera-nivelatorio-y-no-eliminatorio\/#primaryimage\"},\"image\":{\"@id\":\"https:\/\/apuntesdesanluis.com\/index.php\/2024\/01\/22\/la-upro-abrio-preinscripciones-y-su-curso-sera-nivelatorio-y-no-eliminatorio\/#primaryimage\"},\"thumbnailUrl\":\"https:\/\/apuntesdesanluis.com\/wp-content\/uploads\/2023\/07\/upro.png\",\"datePublished\":\"2024-01-22T04:11:46+00:00\",\"dateModified\":\"2024-01-23T04:13:28+00:00\",\"breadcrumb\":{\"@id\":\"https:\/\/apuntesdesanluis.com\/index.php\/2024\/01\/22\/la-upro-abrio-preinscripciones-y-su-curso-sera-nivelatorio-y-no-eliminatorio\/#breadcrumb\"},\"inLanguage\":\"es-AR\",\"potentialAction\":[{\"@type\":\"ReadAction\",\"target\":[\"https:\/\/apuntesdesanluis.com\/index.php\/2024\/01\/22\/la-upro-abrio-preinscripciones-y-su-curso-sera-nivelatorio-y-no-eliminatorio\/\"]}]},{\"@type\":\"ImageObject\",\"inLanguage\":\"es-AR\",\"@id\":\"https:\/\/apuntesdesanluis.com\/index.php\/2024\/01\/22\/la-upro-abrio-preinscripciones-y-su-curso-sera-nivelatorio-y-no-eliminatorio\/#primaryimage\",\"url\":\"https:\/\/apuntesdesanluis.com\/wp-content\/uploads\/2023\/07\/upro.png\",\"contentUrl\":\"https:\/\/apuntesdesanluis.com\/wp-content\/uploads\/2023\/07\/upro.png\",\"width\":600,\"height\":396},{\"@type\":\"BreadcrumbList\",\"@id\":\"https:\/\/apuntesdesanluis.com\/index.php\/2024\/01\/22\/la-upro-abrio-preinscripciones-y-su-curso-sera-nivelatorio-y-no-eliminatorio\/#breadcrumb\",\"itemListElement\":[{\"@type\":\"ListItem\",\"position\":1,\"name\":\"Inicio\",\"item\":\"https:\/\/apuntesdesanluis.com\/\"},{\"@type\":\"ListItem\",\"position\":2,\"name\":\"LA UPRO ABRI\u00d3 PREINSCRIPCIONES Y SU CURSO SER\u00c1 NIVELATORIO \u201cY NO ELIMINATORIO\u201d\"}]},{\"@type\":\"WebSite\",\"@id\":\"https:\/\/apuntesdesanluis.com\/#website\",\"url\":\"https:\/\/apuntesdesanluis.com\/\",\"name\":\"Apuntes de San Luis\",\"description\":\"\",\"publisher\":{\"@id\":\"https:\/\/apuntesdesanluis.com\/#\/schema\/person\/b55151d52296fcce64d1a72538a70b90\"},\"potentialAction\":[{\"@type\":\"SearchAction\",\"target\":{\"@type\":\"EntryPoint\",\"urlTemplate\":\"https:\/\/apuntesdesanluis.com\/?s={search_term_string}\"},\"query-input\":{\"@type\":\"PropertyValueSpecification\",\"valueRequired\":true,\"valueName\":\"search_term_string\"}}],\"inLanguage\":\"es-AR\"},{\"@type\":[\"Person\",\"Organization\"],\"@id\":\"https:\/\/apuntesdesanluis.com\/#\/schema\/person\/b55151d52296fcce64d1a72538a70b90\",\"name\":\"apuntesdesanluis.com\",\"image\":{\"@type\":\"ImageObject\",\"inLanguage\":\"es-AR\",\"@id\":\"https:\/\/apuntesdesanluis.com\/#\/schema\/person\/image\/\",\"url\":\"https:\/\/apuntesdesanluis.com\/wp-content\/uploads\/2023\/07\/cropped-apuntesdesanluis.png\",\"contentUrl\":\"https:\/\/apuntesdesanluis.com\/wp-content\/uploads\/2023\/07\/cropped-apuntesdesanluis.png\",\"width\":450,\"height\":112,\"caption\":\"apuntesdesanluis.com\"},\"logo\":{\"@id\":\"https:\/\/apuntesdesanluis.com\/#\/schema\/person\/image\/\"},\"sameAs\":[\"https:\/\/apuntesdesanluis.com\"],\"url\":\"https:\/\/apuntesdesanluis.com\/index.php\/author\/apuntesdesanluis-com\/\"}]}<\/script>\n<!-- \/ Yoast SEO plugin. -->","yoast_head_json":{"title":"LA UPRO ABRI\u00d3 PREINSCRIPCIONES Y SU CURSO SER\u00c1 NIVELATORIO \u201cY NO ELIMINATORIO\u201d - Apuntes de San Luis","robots":{"index":"index","follow":"follow","max-snippet":"max-snippet:-1","max-image-preview":"max-image-preview:large","max-video-preview":"max-video-preview:-1"},"canonical":"https:\/\/apuntesdesanluis.com\/index.php\/2024\/01\/22\/la-upro-abrio-preinscripciones-y-su-curso-sera-nivelatorio-y-no-eliminatorio\/","og_locale":"es_ES","og_type":"article","og_title":"LA UPRO ABRI\u00d3 PREINSCRIPCIONES Y SU CURSO SER\u00c1 NIVELATORIO \u201cY NO ELIMINATORIO\u201d - Apuntes de San Luis","og_description":"La Universidad Provincial de Oficio (UPrO) ya anota a los aspirantes a cursar durante el...","og_url":"https:\/\/apuntesdesanluis.com\/index.php\/2024\/01\/22\/la-upro-abrio-preinscripciones-y-su-curso-sera-nivelatorio-y-no-eliminatorio\/","og_site_name":"Apuntes de San Luis","article_published_time":"2024-01-22T04:11:46+00:00","article_modified_time":"2024-01-23T04:13:28+00:00","og_image":[{"width":600,"height":396,"url":"https:\/\/apuntesdesanluis.com\/wp-content\/uploads\/2023\/07\/upro.png","type":"image\/png"}],"author":"apuntesdesanluis.com","twitter_card":"summary_large_image","twitter_misc":{"Escrito por":"apuntesdesanluis.com","Tiempo de lectura":"2 minutos"},"schema":{"@context":"https:\/\/schema.org","@graph":[{"@type":"Article","@id":"https:\/\/apuntesdesanluis.com\/index.php\/2024\/01\/22\/la-upro-abrio-preinscripciones-y-su-curso-sera-nivelatorio-y-no-eliminatorio\/#article","isPartOf":{"@id":"https:\/\/apuntesdesanluis.com\/index.php\/2024\/01\/22\/la-upro-abrio-preinscripciones-y-su-curso-sera-nivelatorio-y-no-eliminatorio\/"},"author":{"name":"apuntesdesanluis.com","@id":"https:\/\/apuntesdesanluis.com\/#\/schema\/person\/b55151d52296fcce64d1a72538a70b90"},"headline":"LA UPRO ABRI\u00d3 PREINSCRIPCIONES Y SU CURSO SER\u00c1 NIVELATORIO \u201cY NO ELIMINATORIO\u201d","datePublished":"2024-01-22T04:11:46+00:00","dateModified":"2024-01-23T04:13:28+00:00","mainEntityOfPage":{"@id":"https:\/\/apuntesdesanluis.com\/index.php\/2024\/01\/22\/la-upro-abrio-preinscripciones-y-su-curso-sera-nivelatorio-y-no-eliminatorio\/"},"wordCount":202,"publisher":{"@id":"https:\/\/apuntesdesanluis.com\/#\/schema\/person\/b55151d52296fcce64d1a72538a70b90"},"image":{"@id":"https:\/\/apuntesdesanluis.com\/index.php\/2024\/01\/22\/la-upro-abrio-preinscripciones-y-su-curso-sera-nivelatorio-y-no-eliminatorio\/#primaryimage"},"thumbnailUrl":"https:\/\/apuntesdesanluis.com\/wp-content\/uploads\/2023\/07\/upro.png","articleSection":["Ciudad\/Provincia"],"inLanguage":"es-AR"},{"@type":"WebPage","@id":"https:\/\/apuntesdesanluis.com\/index.php\/2024\/01\/22\/la-upro-abrio-preinscripciones-y-su-curso-sera-nivelatorio-y-no-eliminatorio\/","url":"https:\/\/apuntesdesanluis.com\/index.php\/2024\/01\/22\/la-upro-abrio-preinscripciones-y-su-curso-sera-nivelatorio-y-no-eliminatorio\/","name":"LA UPRO ABRI\u00d3 PREINSCRIPCIONES Y SU CURSO SER\u00c1 NIVELATORIO \u201cY NO ELIMINATORIO\u201d - Apuntes de San Luis","isPartOf":{"@id":"https:\/\/apuntesdesanluis.com\/#website"},"primaryImageOfPage":{"@id":"https:\/\/apuntesdesanluis.com\/index.php\/2024\/01\/22\/la-upro-abrio-preinscripciones-y-su-curso-sera-nivelatorio-y-no-eliminatorio\/#primaryimage"},"image":{"@id":"https:\/\/apuntesdesanluis.com\/index.php\/2024\/01\/22\/la-upro-abrio-preinscripciones-y-su-curso-sera-nivelatorio-y-no-eliminatorio\/#primaryimage"},"thumbnailUrl":"https:\/\/apuntesdesanluis.com\/wp-content\/uploads\/2023\/07\/upro.png","datePublished":"2024-01-22T04:11:46+00:00","dateModified":"2024-01-23T04:13:28+00:00","breadcrumb":{"@id":"https:\/\/apuntesdesanluis.com\/index.php\/2024\/01\/22\/la-upro-abrio-preinscripciones-y-su-curso-sera-nivelatorio-y-no-eliminatorio\/#breadcrumb"},"inLanguage":"es-AR","potentialAction":[{"@type":"ReadAction","target":["https:\/\/apuntesdesanluis.com\/index.php\/2024\/01\/22\/la-upro-abrio-preinscripciones-y-su-curso-sera-nivelatorio-y-no-eliminatorio\/"]}]},{"@type":"ImageObject","inLanguage":"es-AR","@id":"https:\/\/apuntesdesanluis.com\/index.php\/2024\/01\/22\/la-upro-abrio-preinscripciones-y-su-curso-sera-nivelatorio-y-no-eliminatorio\/#primaryimage","url":"https:\/\/apuntesdesanluis.com\/wp-content\/uploads\/2023\/07\/upro.png","contentUrl":"https:\/\/apuntesdesanluis.com\/wp-content\/uploads\/2023\/07\/upro.png","width":600,"height":396},{"@type":"BreadcrumbList","@id":"https:\/\/apuntesdesanluis.com\/index.php\/2024\/01\/22\/la-upro-abrio-preinscripciones-y-su-curso-sera-nivelatorio-y-no-eliminatorio\/#breadcrumb","itemListElement":[{"@type":"ListItem","position":1,"name":"Inicio","item":"https:\/\/apuntesdesanluis.com\/"},{"@type":"ListItem","position":2,"name":"LA UPRO ABRI\u00d3 PREINSCRIPCIONES Y SU CURSO SER\u00c1 NIVELATORIO \u201cY NO ELIMINATORIO\u201d"}]},{"@type":"WebSite","@id":"https:\/\/apuntesdesanluis.com\/#website","url":"https:\/\/apuntesdesanluis.com\/","name":"Apuntes de San Luis","description":"","publisher":{"@id":"https:\/\/apuntesdesanluis.com\/#\/schema\/person\/b55151d52296fcce64d1a72538a70b90"},"potentialAction":[{"@type":"SearchAction","target":{"@type":"EntryPoint","urlTemplate":"https:\/\/apuntesdesanluis.com\/?s={search_term_string}"},"query-input":{"@type":"PropertyValueSpecification","valueRequired":true,"valueName":"search_term_string"}}],"inLanguage":"es-AR"},{"@type":["Person","Organization"],"@id":"https:\/\/apuntesdesanluis.com\/#\/schema\/person\/b55151d52296fcce64d1a72538a70b90","name":"apuntesdesanluis.com","image":{"@type":"ImageObject","inLanguage":"es-AR","@id":"https:\/\/apuntesdesanluis.com\/#\/schema\/person\/image\/","url":"https:\/\/apuntesdesanluis.com\/wp-content\/uploads\/2023\/07\/cropped-apuntesdesanluis.png","contentUrl":"https:\/\/apuntesdesanluis.com\/wp-content\/uploads\/2023\/07\/cropped-apuntesdesanluis.png","width":450,"height":112,"caption":"apuntesdesanluis.com"},"logo":{"@id":"https:\/\/apuntesdesanluis.com\/#\/schema\/person\/image\/"},"sameAs":["https:\/\/apuntesdesanluis.com"],"url":"https:\/\/apuntesdesanluis.com\/index.php\/author\/apuntesdesanluis-com\/"}]}},"featured_image_urls":{"full":["https:\/\/apuntesdesanluis.com\/wp-content\/uploads\/2023\/07\/upro.png",600,396,false],"thumbnail":["https:\/\/apuntesdesanluis.com\/wp-content\/uploads\/2023\/07\/upro-150x150.png",150,150,true],"medium":["https:\/\/apuntesdesanluis.com\/wp-content\/uploads\/2023\/07\/upro-300x198.png",300,198,true],"medium_large":["https:\/\/apuntesdesanluis.com\/wp-content\/uploads\/2023\/07\/upro.png",600,396,false],"large":["https:\/\/apuntesdesanluis.com\/wp-content\/uploads\/2023\/07\/upro.png",600,396,false],"1536x1536":["https:\/\/apuntesdesanluis.com\/wp-content\/uploads\/2023\/07\/upro.png",600,396,false],"2048x2048":["https:\/\/apuntesdesanluis.com\/wp-content\/uploads\/2023\/07\/upro.png",600,396,false],"newsever-slider-full":["https:\/\/apuntesdesanluis.com\/wp-content\/uploads\/2023\/07\/upro.png",600,396,false],"newsever-featured":["https:\/\/apuntesdesanluis.com\/wp-content\/uploads\/2023\/07\/upro.png",600,396,false],"newsever-medium":["https:\/\/apuntesdesanluis.com\/wp-content\/uploads\/2023\/07\/upro.png",600,396,false]},"author_info":{"display_name":"apuntesdesanluis.com","author_link":"https:\/\/apuntesdesanluis.com\/index.php\/author\/apuntesdesanluis-com\/"},"category_info":"<a href=\"https:\/\/apuntesdesanluis.com\/index.php\/category\/ciudad-provincia\/\" rel=\"category tag\">Ciudad\/Provincia<\/a>","tag_info":"Ciudad\/Provincia","comment_count":"0","_links":{"self":[{"href":"https:\/\/apuntesdesanluis.com\/index.php\/wp-json\/wp\/v2\/posts\/10489","targetHints":{"allow":["GET"]}}],"collection":[{"href":"https:\/\/apuntesdesanluis.com\/index.php\/wp-json\/wp\/v2\/posts"}],"about":[{"href":"https:\/\/apuntesdesanluis.com\/index.php\/wp-json\/wp\/v2\/types\/post"}],"author":[{"embeddable":true,"href":"https:\/\/apuntesdesanluis.com\/index.php\/wp-json\/wp\/v2\/users\/1"}],"replies":[{"embeddable":true,"href":"https:\/\/apuntesdesanluis.com\/index.php\/wp-json\/wp\/v2\/comments?post=10489"}],"version-history":[{"count":1,"href":"https:\/\/apuntesdesanluis.com\/index.php\/wp-json\/wp\/v2\/posts\/10489\/revisions"}],"predecessor-version":[{"id":10491,"href":"https:\/\/apuntesdesanluis.com\/index.php\/wp-json\/wp\/v2\/posts\/10489\/revisions\/10491"}],"wp:featuredmedia":[{"embeddable":true,"href":"https:\/\/apuntesdesanluis.com\/index.php\/wp-json\/wp\/v2\/media\/420"}],"wp:attachment":[{"href":"https:\/\/apuntesdesanluis.com\/index.php\/wp-json\/wp\/v2\/media?parent=10489"}],"wp:term":[{"taxonomy":"category","embeddable":true,"href":"https:\/\/apuntesdesanluis.com\/index.php\/wp-json\/wp\/v2\/categories?post=10489"},{"taxonomy":"post_tag","embeddable":true,"href":"https:\/\/apuntesdesanluis.com\/index.php\/wp-json\/wp\/v2\/tags?post=10489"}],"curies":[{"name":"wp","href":"https:\/\/api.w.org\/{rel}","templated":true}]}}