{"id":10495,"date":"2024-01-23T01:42:26","date_gmt":"2024-01-23T04:42:26","guid":{"rendered":"https:\/\/apuntesdesanluis.com\/?p=10495"},"modified":"2024-01-23T08:55:55","modified_gmt":"2024-01-23T11:55:55","slug":"video-del-asesinato-de-umma-la-hija-del-custodio-de-bullrich-un-hecho-que-ha-conmocionado-al-pais","status":"publish","type":"post","link":"https:\/\/apuntesdesanluis.com\/index.php\/2024\/01\/23\/video-del-asesinato-de-umma-la-hija-del-custodio-de-bullrich-un-hecho-que-ha-conmocionado-al-pais\/","title":{"rendered":"VIDEO DEL ASESINATO DE UMMA, LA HIJA DEL CUSTODIO DE BULLRICH: DETUVIERON A UN SOSPECHOSO"},"content":{"rendered":"<h3>El asesinato de <strong>Umma<\/strong>, la hija de 9 a\u00f1os del custodio de la ministra de Seguridad, <strong>Patricia Bullrich<\/strong>, conmocion\u00f3 al pa\u00eds. Mientras la investigaci\u00f3n avanza para atrapar a los responsables, se dieron a conocer las im\u00e1genes del momento del crimen atroz.<\/h3>\n<h3>Ahora, se conoci\u00f3 que uno de los sospechosos del crimen<b>\u00a0<\/b>fue detenido. Seg\u00fan confirmaron fuentes de la fuerza de seguridad bonaerense se trata de un sujeto de 22 a\u00f1os.<\/h3>\n<h3>A trav\u00e9s de las c\u00e1maras de seguridad de la zona se puede ver c\u00f3mo el efectivo de la Polic\u00eda, padre de la v\u00edctima, estaba sacando su veh\u00edculo del garage de su casa en el partido bonaerense de Lomas de Zamora.<\/h3>\n<p><iframe title=\"\ud83d\udea8 Este es el asesino de Umma, la nena de 9 a\u00f1os asesinada en un intento de robo\" width=\"640\" height=\"360\" src=\"https:\/\/www.youtube.com\/embed\/IV5wDFrCvz4?start=2&#038;feature=oembed\" frameborder=\"0\" allow=\"accelerometer; autoplay; clipboard-write; encrypted-media; gyroscope; picture-in-picture; web-share\" referrerpolicy=\"strict-origin-when-cross-origin\" allowfullscreen><\/iframe><\/p>\n<h3>Entonces, otro auto, que ven\u00eda de cometer un robo, se frena frente a su domicilio y de \u00e9l bajan los delincuentes, quienes quer\u00edan sacarle el veh\u00edculo. En esa acci\u00f3n, dispararon y una de las balas impact\u00f3 en la cabeza de la ni\u00f1a, quien se encontraba en el asiento trasero.<\/h3>\n<h3>Mientras esto suced\u00eda, el hombre aceler\u00f3, se corri\u00f3 de la escena y a los pocos metros fren\u00f3 para asistir a su hija, antes de llevarla al hospital. Los asesinos se fugaron y son buscados intensamente. Cuando se difundi\u00f3 el video, todav\u00eda la nena se encontraba grave.<\/h3>\n<h3>Umma fue internada en estado cr\u00edtico en el hospital Churruca, pero no logr\u00f3 resistir y falleci\u00f3 este lunes al mediod\u00eda.<\/h3>\n<h3>La confirmaci\u00f3n de la muerte de la ni\u00f1a se conoci\u00f3 a trav\u00e9s de Patricia Bullrich,quien lament\u00f3 el asesinato de Umma, a trav\u00e9s de su cuenta de X, antes Twitter<\/h3>\n<h3>\u201cAsesinaron a Umma. Estos criminales no tienen perd\u00f3n. Los vamos a buscar hasta encontrarlos. Estamos junto a sus padres, Mar\u00eda Eugenia y Eduardo, en este terrible momento y profundo dolor\u201d, expres\u00f3.<\/h3>\n<p><img fetchpriority=\"high\" decoding=\"async\" class=\"wp-image-10500 aligncenter\" src=\"https:\/\/apuntesdesanluis.com\/wp-content\/uploads\/2024\/01\/dos-sospechosos.png\" alt=\"\" width=\"586\" height=\"324\" \/><\/p>\n<h3>Seg\u00fan trascendi\u00f3 durante la jornada\u00a0<a href=\"https:\/\/www.lavoz.com.ar\/sucesos\/crimen-de-umma-identificaron-a-dos-sospechosos-del-asesinato-de-la-nina-de-9-anos\/\" target=\"_blank\" rel=\"noopener\" data-mrf-link=\"https:\/\/www.lavoz.com.ar\/sucesos\/crimen-de-umma-identificaron-a-dos-sospechosos-del-asesinato-de-la-nina-de-9-anos\/\"><b>fueron identificados dos de los cuatro sospechosos: Alan Lionel Vergara y Ulises Mart\u00edn Aguirre<\/b><\/a>.<\/h3>\n<h3>Por otro lado, el Toyota Corolla negro en el que se movilizaban fue encontrado esta tarde y est\u00e1 siendo peritado por la Polic\u00eda Cient\u00edfica. El auto era robado y lo dejaron en Villa Fiorito.<\/h3>\n<p>&nbsp;<\/p>\n<p>&nbsp;<\/p>\n<p>&nbsp;<\/p>\n","protected":false},"excerpt":{"rendered":"<p>El asesinato de Umma, la hija de 9 a\u00f1os del custodio de la ministra de&#8230;<\/p>\n","protected":false},"author":1,"featured_media":10499,"comment_status":"closed","ping_status":"closed","sticky":false,"template":"","format":"standard","meta":{"footnotes":""},"categories":[5],"tags":[],"class_list":["post-10495","post","type-post","status-publish","format-standard","has-post-thumbnail","hentry","category-nacionales-internacionales"],"yoast_head":"<!-- This site is optimized with the Yoast SEO plugin v26.1.1 - https:\/\/yoast.com\/wordpress\/plugins\/seo\/ -->\n<title>VIDEO DEL ASESINATO DE UMMA, LA HIJA DEL CUSTODIO DE BULLRICH: DETUVIERON A UN SOSPECHOSO - Apuntes de San Luis<\/title>\n<meta name=\"robots\" content=\"index, follow, max-snippet:-1, max-image-preview:large, max-video-preview:-1\" \/>\n<link rel=\"canonical\" href=\"https:\/\/apuntesdesanluis.com\/index.php\/2024\/01\/23\/video-del-asesinato-de-umma-la-hija-del-custodio-de-bullrich-un-hecho-que-ha-conmocionado-al-pais\/\" \/>\n<meta property=\"og:locale\" content=\"es_ES\" \/>\n<meta property=\"og:type\" content=\"article\" \/>\n<meta property=\"og:title\" content=\"VIDEO DEL ASESINATO DE UMMA, LA HIJA DEL CUSTODIO DE BULLRICH: DETUVIERON A UN SOSPECHOSO - Apuntes de San Luis\" \/>\n<meta property=\"og:description\" content=\"El asesinato de Umma, la hija de 9 a\u00f1os del custodio de la ministra de...\" \/>\n<meta property=\"og:url\" content=\"https:\/\/apuntesdesanluis.com\/index.php\/2024\/01\/23\/video-del-asesinato-de-umma-la-hija-del-custodio-de-bullrich-un-hecho-que-ha-conmocionado-al-pais\/\" \/>\n<meta property=\"og:site_name\" content=\"Apuntes de San Luis\" \/>\n<meta property=\"article:published_time\" content=\"2024-01-23T04:42:26+00:00\" \/>\n<meta property=\"article:modified_time\" content=\"2024-01-23T11:55:55+00:00\" \/>\n<meta property=\"og:image\" content=\"https:\/\/apuntesdesanluis.com\/wp-content\/uploads\/2024\/01\/autos.png\" \/>\n\t<meta property=\"og:image:width\" content=\"600\" \/>\n\t<meta property=\"og:image:height\" content=\"342\" \/>\n\t<meta property=\"og:image:type\" content=\"image\/png\" \/>\n<meta name=\"author\" content=\"apuntesdesanluis.com\" \/>\n<meta name=\"twitter:card\" content=\"summary_large_image\" \/>\n<meta name=\"twitter:label1\" content=\"Escrito por\" \/>\n\t<meta name=\"twitter:data1\" content=\"apuntesdesanluis.com\" \/>\n\t<meta name=\"twitter:label2\" content=\"Tiempo de lectura\" \/>\n\t<meta name=\"twitter:data2\" content=\"2 minutos\" \/>\n<script type=\"application\/ld+json\" class=\"yoast-schema-graph\">{\"@context\":\"https:\/\/schema.org\",\"@graph\":[{\"@type\":\"Article\",\"@id\":\"https:\/\/apuntesdesanluis.com\/index.php\/2024\/01\/23\/video-del-asesinato-de-umma-la-hija-del-custodio-de-bullrich-un-hecho-que-ha-conmocionado-al-pais\/#article\",\"isPartOf\":{\"@id\":\"https:\/\/apuntesdesanluis.com\/index.php\/2024\/01\/23\/video-del-asesinato-de-umma-la-hija-del-custodio-de-bullrich-un-hecho-que-ha-conmocionado-al-pais\/\"},\"author\":{\"name\":\"apuntesdesanluis.com\",\"@id\":\"https:\/\/apuntesdesanluis.com\/#\/schema\/person\/b55151d52296fcce64d1a72538a70b90\"},\"headline\":\"VIDEO DEL ASESINATO DE UMMA, LA HIJA DEL CUSTODIO DE BULLRICH: DETUVIERON A UN SOSPECHOSO\",\"datePublished\":\"2024-01-23T04:42:26+00:00\",\"dateModified\":\"2024-01-23T11:55:55+00:00\",\"mainEntityOfPage\":{\"@id\":\"https:\/\/apuntesdesanluis.com\/index.php\/2024\/01\/23\/video-del-asesinato-de-umma-la-hija-del-custodio-de-bullrich-un-hecho-que-ha-conmocionado-al-pais\/\"},\"wordCount\":394,\"publisher\":{\"@id\":\"https:\/\/apuntesdesanluis.com\/#\/schema\/person\/b55151d52296fcce64d1a72538a70b90\"},\"image\":{\"@id\":\"https:\/\/apuntesdesanluis.com\/index.php\/2024\/01\/23\/video-del-asesinato-de-umma-la-hija-del-custodio-de-bullrich-un-hecho-que-ha-conmocionado-al-pais\/#primaryimage\"},\"thumbnailUrl\":\"https:\/\/apuntesdesanluis.com\/wp-content\/uploads\/2024\/01\/autos.png\",\"articleSection\":[\"Nacionales\/Internacionales\"],\"inLanguage\":\"es-AR\"},{\"@type\":\"WebPage\",\"@id\":\"https:\/\/apuntesdesanluis.com\/index.php\/2024\/01\/23\/video-del-asesinato-de-umma-la-hija-del-custodio-de-bullrich-un-hecho-que-ha-conmocionado-al-pais\/\",\"url\":\"https:\/\/apuntesdesanluis.com\/index.php\/2024\/01\/23\/video-del-asesinato-de-umma-la-hija-del-custodio-de-bullrich-un-hecho-que-ha-conmocionado-al-pais\/\",\"name\":\"VIDEO DEL ASESINATO DE UMMA, LA HIJA DEL CUSTODIO DE BULLRICH: DETUVIERON A UN SOSPECHOSO - Apuntes de San Luis\",\"isPartOf\":{\"@id\":\"https:\/\/apuntesdesanluis.com\/#website\"},\"primaryImageOfPage\":{\"@id\":\"https:\/\/apuntesdesanluis.com\/index.php\/2024\/01\/23\/video-del-asesinato-de-umma-la-hija-del-custodio-de-bullrich-un-hecho-que-ha-conmocionado-al-pais\/#primaryimage\"},\"image\":{\"@id\":\"https:\/\/apuntesdesanluis.com\/index.php\/2024\/01\/23\/video-del-asesinato-de-umma-la-hija-del-custodio-de-bullrich-un-hecho-que-ha-conmocionado-al-pais\/#primaryimage\"},\"thumbnailUrl\":\"https:\/\/apuntesdesanluis.com\/wp-content\/uploads\/2024\/01\/autos.png\",\"datePublished\":\"2024-01-23T04:42:26+00:00\",\"dateModified\":\"2024-01-23T11:55:55+00:00\",\"breadcrumb\":{\"@id\":\"https:\/\/apuntesdesanluis.com\/index.php\/2024\/01\/23\/video-del-asesinato-de-umma-la-hija-del-custodio-de-bullrich-un-hecho-que-ha-conmocionado-al-pais\/#breadcrumb\"},\"inLanguage\":\"es-AR\",\"potentialAction\":[{\"@type\":\"ReadAction\",\"target\":[\"https:\/\/apuntesdesanluis.com\/index.php\/2024\/01\/23\/video-del-asesinato-de-umma-la-hija-del-custodio-de-bullrich-un-hecho-que-ha-conmocionado-al-pais\/\"]}]},{\"@type\":\"ImageObject\",\"inLanguage\":\"es-AR\",\"@id\":\"https:\/\/apuntesdesanluis.com\/index.php\/2024\/01\/23\/video-del-asesinato-de-umma-la-hija-del-custodio-de-bullrich-un-hecho-que-ha-conmocionado-al-pais\/#primaryimage\",\"url\":\"https:\/\/apuntesdesanluis.com\/wp-content\/uploads\/2024\/01\/autos.png\",\"contentUrl\":\"https:\/\/apuntesdesanluis.com\/wp-content\/uploads\/2024\/01\/autos.png\",\"width\":600,\"height\":342},{\"@type\":\"BreadcrumbList\",\"@id\":\"https:\/\/apuntesdesanluis.com\/index.php\/2024\/01\/23\/video-del-asesinato-de-umma-la-hija-del-custodio-de-bullrich-un-hecho-que-ha-conmocionado-al-pais\/#breadcrumb\",\"itemListElement\":[{\"@type\":\"ListItem\",\"position\":1,\"name\":\"Inicio\",\"item\":\"https:\/\/apuntesdesanluis.com\/\"},{\"@type\":\"ListItem\",\"position\":2,\"name\":\"VIDEO DEL ASESINATO DE UMMA, LA HIJA DEL CUSTODIO DE BULLRICH: DETUVIERON A UN SOSPECHOSO\"}]},{\"@type\":\"WebSite\",\"@id\":\"https:\/\/apuntesdesanluis.com\/#website\",\"url\":\"https:\/\/apuntesdesanluis.com\/\",\"name\":\"Apuntes de San Luis\",\"description\":\"\",\"publisher\":{\"@id\":\"https:\/\/apuntesdesanluis.com\/#\/schema\/person\/b55151d52296fcce64d1a72538a70b90\"},\"potentialAction\":[{\"@type\":\"SearchAction\",\"target\":{\"@type\":\"EntryPoint\",\"urlTemplate\":\"https:\/\/apuntesdesanluis.com\/?s={search_term_string}\"},\"query-input\":{\"@type\":\"PropertyValueSpecification\",\"valueRequired\":true,\"valueName\":\"search_term_string\"}}],\"inLanguage\":\"es-AR\"},{\"@type\":[\"Person\",\"Organization\"],\"@id\":\"https:\/\/apuntesdesanluis.com\/#\/schema\/person\/b55151d52296fcce64d1a72538a70b90\",\"name\":\"apuntesdesanluis.com\",\"image\":{\"@type\":\"ImageObject\",\"inLanguage\":\"es-AR\",\"@id\":\"https:\/\/apuntesdesanluis.com\/#\/schema\/person\/image\/\",\"url\":\"https:\/\/apuntesdesanluis.com\/wp-content\/uploads\/2023\/07\/cropped-apuntesdesanluis.png\",\"contentUrl\":\"https:\/\/apuntesdesanluis.com\/wp-content\/uploads\/2023\/07\/cropped-apuntesdesanluis.png\",\"width\":450,\"height\":112,\"caption\":\"apuntesdesanluis.com\"},\"logo\":{\"@id\":\"https:\/\/apuntesdesanluis.com\/#\/schema\/person\/image\/\"},\"sameAs\":[\"https:\/\/apuntesdesanluis.com\"],\"url\":\"https:\/\/apuntesdesanluis.com\/index.php\/author\/apuntesdesanluis-com\/\"}]}<\/script>\n<!-- \/ Yoast SEO plugin. -->","yoast_head_json":{"title":"VIDEO DEL ASESINATO DE UMMA, LA HIJA DEL CUSTODIO DE BULLRICH: DETUVIERON A UN SOSPECHOSO - Apuntes de San Luis","robots":{"index":"index","follow":"follow","max-snippet":"max-snippet:-1","max-image-preview":"max-image-preview:large","max-video-preview":"max-video-preview:-1"},"canonical":"https:\/\/apuntesdesanluis.com\/index.php\/2024\/01\/23\/video-del-asesinato-de-umma-la-hija-del-custodio-de-bullrich-un-hecho-que-ha-conmocionado-al-pais\/","og_locale":"es_ES","og_type":"article","og_title":"VIDEO DEL ASESINATO DE UMMA, LA HIJA DEL CUSTODIO DE BULLRICH: DETUVIERON A UN SOSPECHOSO - Apuntes de San Luis","og_description":"El asesinato de Umma, la hija de 9 a\u00f1os del custodio de la ministra de...","og_url":"https:\/\/apuntesdesanluis.com\/index.php\/2024\/01\/23\/video-del-asesinato-de-umma-la-hija-del-custodio-de-bullrich-un-hecho-que-ha-conmocionado-al-pais\/","og_site_name":"Apuntes de San Luis","article_published_time":"2024-01-23T04:42:26+00:00","article_modified_time":"2024-01-23T11:55:55+00:00","og_image":[{"width":600,"height":342,"url":"https:\/\/apuntesdesanluis.com\/wp-content\/uploads\/2024\/01\/autos.png","type":"image\/png"}],"author":"apuntesdesanluis.com","twitter_card":"summary_large_image","twitter_misc":{"Escrito por":"apuntesdesanluis.com","Tiempo de lectura":"2 minutos"},"schema":{"@context":"https:\/\/schema.org","@graph":[{"@type":"Article","@id":"https:\/\/apuntesdesanluis.com\/index.php\/2024\/01\/23\/video-del-asesinato-de-umma-la-hija-del-custodio-de-bullrich-un-hecho-que-ha-conmocionado-al-pais\/#article","isPartOf":{"@id":"https:\/\/apuntesdesanluis.com\/index.php\/2024\/01\/23\/video-del-asesinato-de-umma-la-hija-del-custodio-de-bullrich-un-hecho-que-ha-conmocionado-al-pais\/"},"author":{"name":"apuntesdesanluis.com","@id":"https:\/\/apuntesdesanluis.com\/#\/schema\/person\/b55151d52296fcce64d1a72538a70b90"},"headline":"VIDEO DEL ASESINATO DE UMMA, LA HIJA DEL CUSTODIO DE BULLRICH: DETUVIERON A UN SOSPECHOSO","datePublished":"2024-01-23T04:42:26+00:00","dateModified":"2024-01-23T11:55:55+00:00","mainEntityOfPage":{"@id":"https:\/\/apuntesdesanluis.com\/index.php\/2024\/01\/23\/video-del-asesinato-de-umma-la-hija-del-custodio-de-bullrich-un-hecho-que-ha-conmocionado-al-pais\/"},"wordCount":394,"publisher":{"@id":"https:\/\/apuntesdesanluis.com\/#\/schema\/person\/b55151d52296fcce64d1a72538a70b90"},"image":{"@id":"https:\/\/apuntesdesanluis.com\/index.php\/2024\/01\/23\/video-del-asesinato-de-umma-la-hija-del-custodio-de-bullrich-un-hecho-que-ha-conmocionado-al-pais\/#primaryimage"},"thumbnailUrl":"https:\/\/apuntesdesanluis.com\/wp-content\/uploads\/2024\/01\/autos.png","articleSection":["Nacionales\/Internacionales"],"inLanguage":"es-AR"},{"@type":"WebPage","@id":"https:\/\/apuntesdesanluis.com\/index.php\/2024\/01\/23\/video-del-asesinato-de-umma-la-hija-del-custodio-de-bullrich-un-hecho-que-ha-conmocionado-al-pais\/","url":"https:\/\/apuntesdesanluis.com\/index.php\/2024\/01\/23\/video-del-asesinato-de-umma-la-hija-del-custodio-de-bullrich-un-hecho-que-ha-conmocionado-al-pais\/","name":"VIDEO DEL ASESINATO DE UMMA, LA HIJA DEL CUSTODIO DE BULLRICH: DETUVIERON A UN SOSPECHOSO - Apuntes de San Luis","isPartOf":{"@id":"https:\/\/apuntesdesanluis.com\/#website"},"primaryImageOfPage":{"@id":"https:\/\/apuntesdesanluis.com\/index.php\/2024\/01\/23\/video-del-asesinato-de-umma-la-hija-del-custodio-de-bullrich-un-hecho-que-ha-conmocionado-al-pais\/#primaryimage"},"image":{"@id":"https:\/\/apuntesdesanluis.com\/index.php\/2024\/01\/23\/video-del-asesinato-de-umma-la-hija-del-custodio-de-bullrich-un-hecho-que-ha-conmocionado-al-pais\/#primaryimage"},"thumbnailUrl":"https:\/\/apuntesdesanluis.com\/wp-content\/uploads\/2024\/01\/autos.png","datePublished":"2024-01-23T04:42:26+00:00","dateModified":"2024-01-23T11:55:55+00:00","breadcrumb":{"@id":"https:\/\/apuntesdesanluis.com\/index.php\/2024\/01\/23\/video-del-asesinato-de-umma-la-hija-del-custodio-de-bullrich-un-hecho-que-ha-conmocionado-al-pais\/#breadcrumb"},"inLanguage":"es-AR","potentialAction":[{"@type":"ReadAction","target":["https:\/\/apuntesdesanluis.com\/index.php\/2024\/01\/23\/video-del-asesinato-de-umma-la-hija-del-custodio-de-bullrich-un-hecho-que-ha-conmocionado-al-pais\/"]}]},{"@type":"ImageObject","inLanguage":"es-AR","@id":"https:\/\/apuntesdesanluis.com\/index.php\/2024\/01\/23\/video-del-asesinato-de-umma-la-hija-del-custodio-de-bullrich-un-hecho-que-ha-conmocionado-al-pais\/#primaryimage","url":"https:\/\/apuntesdesanluis.com\/wp-content\/uploads\/2024\/01\/autos.png","contentUrl":"https:\/\/apuntesdesanluis.com\/wp-content\/uploads\/2024\/01\/autos.png","width":600,"height":342},{"@type":"BreadcrumbList","@id":"https:\/\/apuntesdesanluis.com\/index.php\/2024\/01\/23\/video-del-asesinato-de-umma-la-hija-del-custodio-de-bullrich-un-hecho-que-ha-conmocionado-al-pais\/#breadcrumb","itemListElement":[{"@type":"ListItem","position":1,"name":"Inicio","item":"https:\/\/apuntesdesanluis.com\/"},{"@type":"ListItem","position":2,"name":"VIDEO DEL ASESINATO DE UMMA, LA HIJA DEL CUSTODIO DE BULLRICH: DETUVIERON A UN SOSPECHOSO"}]},{"@type":"WebSite","@id":"https:\/\/apuntesdesanluis.com\/#website","url":"https:\/\/apuntesdesanluis.com\/","name":"Apuntes de San Luis","description":"","publisher":{"@id":"https:\/\/apuntesdesanluis.com\/#\/schema\/person\/b55151d52296fcce64d1a72538a70b90"},"potentialAction":[{"@type":"SearchAction","target":{"@type":"EntryPoint","urlTemplate":"https:\/\/apuntesdesanluis.com\/?s={search_term_string}"},"query-input":{"@type":"PropertyValueSpecification","valueRequired":true,"valueName":"search_term_string"}}],"inLanguage":"es-AR"},{"@type":["Person","Organization"],"@id":"https:\/\/apuntesdesanluis.com\/#\/schema\/person\/b55151d52296fcce64d1a72538a70b90","name":"apuntesdesanluis.com","image":{"@type":"ImageObject","inLanguage":"es-AR","@id":"https:\/\/apuntesdesanluis.com\/#\/schema\/person\/image\/","url":"https:\/\/apuntesdesanluis.com\/wp-content\/uploads\/2023\/07\/cropped-apuntesdesanluis.png","contentUrl":"https:\/\/apuntesdesanluis.com\/wp-content\/uploads\/2023\/07\/cropped-apuntesdesanluis.png","width":450,"height":112,"caption":"apuntesdesanluis.com"},"logo":{"@id":"https:\/\/apuntesdesanluis.com\/#\/schema\/person\/image\/"},"sameAs":["https:\/\/apuntesdesanluis.com"],"url":"https:\/\/apuntesdesanluis.com\/index.php\/author\/apuntesdesanluis-com\/"}]}},"featured_image_urls":{"full":["https:\/\/apuntesdesanluis.com\/wp-content\/uploads\/2024\/01\/autos.png",600,342,false],"thumbnail":["https:\/\/apuntesdesanluis.com\/wp-content\/uploads\/2024\/01\/autos-150x150.png",150,150,true],"medium":["https:\/\/apuntesdesanluis.com\/wp-content\/uploads\/2024\/01\/autos-300x171.png",300,171,true],"medium_large":["https:\/\/apuntesdesanluis.com\/wp-content\/uploads\/2024\/01\/autos.png",600,342,false],"large":["https:\/\/apuntesdesanluis.com\/wp-content\/uploads\/2024\/01\/autos.png",600,342,false],"1536x1536":["https:\/\/apuntesdesanluis.com\/wp-content\/uploads\/2024\/01\/autos.png",600,342,false],"2048x2048":["https:\/\/apuntesdesanluis.com\/wp-content\/uploads\/2024\/01\/autos.png",600,342,false],"newsever-slider-full":["https:\/\/apuntesdesanluis.com\/wp-content\/uploads\/2024\/01\/autos.png",600,342,false],"newsever-featured":["https:\/\/apuntesdesanluis.com\/wp-content\/uploads\/2024\/01\/autos.png",600,342,false],"newsever-medium":["https:\/\/apuntesdesanluis.com\/wp-content\/uploads\/2024\/01\/autos.png",600,342,false]},"author_info":{"display_name":"apuntesdesanluis.com","author_link":"https:\/\/apuntesdesanluis.com\/index.php\/author\/apuntesdesanluis-com\/"},"category_info":"<a href=\"https:\/\/apuntesdesanluis.com\/index.php\/category\/nacionales-internacionales\/\" rel=\"category tag\">Nacionales\/Internacionales<\/a>","tag_info":"Nacionales\/Internacionales","comment_count":"0","_links":{"self":[{"href":"https:\/\/apuntesdesanluis.com\/index.php\/wp-json\/wp\/v2\/posts\/10495","targetHints":{"allow":["GET"]}}],"collection":[{"href":"https:\/\/apuntesdesanluis.com\/index.php\/wp-json\/wp\/v2\/posts"}],"about":[{"href":"https:\/\/apuntesdesanluis.com\/index.php\/wp-json\/wp\/v2\/types\/post"}],"author":[{"embeddable":true,"href":"https:\/\/apuntesdesanluis.com\/index.php\/wp-json\/wp\/v2\/users\/1"}],"replies":[{"embeddable":true,"href":"https:\/\/apuntesdesanluis.com\/index.php\/wp-json\/wp\/v2\/comments?post=10495"}],"version-history":[{"count":5,"href":"https:\/\/apuntesdesanluis.com\/index.php\/wp-json\/wp\/v2\/posts\/10495\/revisions"}],"predecessor-version":[{"id":10502,"href":"https:\/\/apuntesdesanluis.com\/index.php\/wp-json\/wp\/v2\/posts\/10495\/revisions\/10502"}],"wp:featuredmedia":[{"embeddable":true,"href":"https:\/\/apuntesdesanluis.com\/index.php\/wp-json\/wp\/v2\/media\/10499"}],"wp:attachment":[{"href":"https:\/\/apuntesdesanluis.com\/index.php\/wp-json\/wp\/v2\/media?parent=10495"}],"wp:term":[{"taxonomy":"category","embeddable":true,"href":"https:\/\/apuntesdesanluis.com\/index.php\/wp-json\/wp\/v2\/categories?post=10495"},{"taxonomy":"post_tag","embeddable":true,"href":"https:\/\/apuntesdesanluis.com\/index.php\/wp-json\/wp\/v2\/tags?post=10495"}],"curies":[{"name":"wp","href":"https:\/\/api.w.org\/{rel}","templated":true}]}}