{"id":10510,"date":"2024-01-22T09:16:19","date_gmt":"2024-01-22T12:16:19","guid":{"rendered":"https:\/\/apuntesdesanluis.com\/?p=10510"},"modified":"2024-01-23T09:20:05","modified_gmt":"2024-01-23T12:20:05","slug":"despues-de-43-dias-aparecio-el-colectivo-de-san-luis-futbol-club","status":"publish","type":"post","link":"https:\/\/apuntesdesanluis.com\/index.php\/2024\/01\/22\/despues-de-43-dias-aparecio-el-colectivo-de-san-luis-futbol-club\/","title":{"rendered":"DESPU\u00c9S DE 43 D\u00cdAS APARECI\u00d3 EL COLECTIVO DE SAN LUIS F\u00daTBOL CLUB"},"content":{"rendered":"<h3>El rodado fue encontrado en un galp\u00f3n privado, ubicado en la zona norte de la ciudad. All\u00ed, el escribano de Gobierno, <strong>Juan Jos\u00e9 Laborda Ibarra<\/strong>, en compa\u00f1\u00eda de los interventores de San Luis F\u00fatbol Club, verificaron que se tratar\u00eda del colectivo que la exsecretaria de Deporte y presidenta de la Asociaci\u00f3n Civil, Cintia Ram\u00edrez, compr\u00f3 con dineros del Estado.<\/h3>\n<h3>El hallazgo se produce luego de recibirse este lunes una carta de la exfuncionaria, donde detallaba el lugar en donde estaba resguardado el colectivo. Conocida esta informaci\u00f3n, de inmediato se procedi\u00f3 a constatar la veracidad del dato proporcionado.<\/h3>\n<h3>Pasadas las 18:00, trabajadores del lugar, abrieron los portones para permitir el acceso de las autoridades. Junto a Laborda Ibarra, se encontraban los recientemente nombrados interventores, <strong>Natalia Sarmiento, Gerardo Quiroga y Pablo Kowaliszyn.<\/strong><\/h3>\n<h3><img fetchpriority=\"high\" decoding=\"async\" class=\"wp-image-10512 aligncenter\" src=\"https:\/\/apuntesdesanluis.com\/wp-content\/uploads\/2024\/01\/COLECTIVO-300x171.png\" alt=\"\" width=\"612\" height=\"349\" srcset=\"https:\/\/apuntesdesanluis.com\/wp-content\/uploads\/2024\/01\/COLECTIVO-300x171.png 300w, https:\/\/apuntesdesanluis.com\/wp-content\/uploads\/2024\/01\/COLECTIVO.png 600w\" sizes=\"(max-width: 612px) 100vw, 612px\" \/><\/h3>\n<h3>El rodado estaba dentro de un galp\u00f3n perteneciente a la empresa Daymar Tour, ubicado en Sarmiento entre Tucum\u00e1n y Av. Centenario. Sobre uno de los costados, se encontr\u00f3 estacionado al colectivo marca Volvo, Modelo 450. Se procedi\u00f3 a tomar constancia de lo encontrado y en las pr\u00f3ximas horas se recibir\u00e1 el resto de la documentaci\u00f3n del m\u00f3vil.<\/h3>\n<h3>La entrega del colectivo significa un aliciente en las gestiones que se realizan de cara a la normalizaci\u00f3n del club, que espera poder competir en la m\u00e1xima categor\u00eda del f\u00fatbol argentino.<\/h3>\n<p>&nbsp;<\/p>\n<p>&nbsp;<\/p>\n<p>&nbsp;<\/p>\n","protected":false},"excerpt":{"rendered":"<p>El rodado fue encontrado en un galp\u00f3n privado, ubicado en la zona norte de la&#8230;<\/p>\n","protected":false},"author":1,"featured_media":10511,"comment_status":"closed","ping_status":"closed","sticky":false,"template":"","format":"standard","meta":{"footnotes":""},"categories":[6],"tags":[],"class_list":["post-10510","post","type-post","status-publish","format-standard","has-post-thumbnail","hentry","category-ciudad-provincia"],"yoast_head":"<!-- This site is optimized with the Yoast SEO plugin v26.1.1 - https:\/\/yoast.com\/wordpress\/plugins\/seo\/ -->\n<title>DESPU\u00c9S DE 43 D\u00cdAS APARECI\u00d3 EL COLECTIVO DE SAN LUIS F\u00daTBOL CLUB - Apuntes de San Luis<\/title>\n<meta name=\"robots\" content=\"index, follow, max-snippet:-1, max-image-preview:large, max-video-preview:-1\" \/>\n<link rel=\"canonical\" href=\"https:\/\/apuntesdesanluis.com\/index.php\/2024\/01\/22\/despues-de-43-dias-aparecio-el-colectivo-de-san-luis-futbol-club\/\" \/>\n<meta property=\"og:locale\" content=\"es_ES\" \/>\n<meta property=\"og:type\" content=\"article\" \/>\n<meta property=\"og:title\" content=\"DESPU\u00c9S DE 43 D\u00cdAS APARECI\u00d3 EL COLECTIVO DE SAN LUIS F\u00daTBOL CLUB - Apuntes de San Luis\" \/>\n<meta property=\"og:description\" content=\"El rodado fue encontrado en un galp\u00f3n privado, ubicado en la zona norte de la...\" \/>\n<meta property=\"og:url\" content=\"https:\/\/apuntesdesanluis.com\/index.php\/2024\/01\/22\/despues-de-43-dias-aparecio-el-colectivo-de-san-luis-futbol-club\/\" \/>\n<meta property=\"og:site_name\" content=\"Apuntes de San Luis\" \/>\n<meta property=\"article:published_time\" content=\"2024-01-22T12:16:19+00:00\" \/>\n<meta property=\"article:modified_time\" content=\"2024-01-23T12:20:05+00:00\" \/>\n<meta property=\"og:image\" content=\"https:\/\/apuntesdesanluis.com\/wp-content\/uploads\/2024\/01\/BONDI.png\" \/>\n\t<meta property=\"og:image:width\" content=\"600\" \/>\n\t<meta property=\"og:image:height\" content=\"400\" \/>\n\t<meta property=\"og:image:type\" content=\"image\/png\" \/>\n<meta name=\"author\" content=\"apuntesdesanluis.com\" \/>\n<meta name=\"twitter:card\" content=\"summary_large_image\" \/>\n<meta name=\"twitter:label1\" content=\"Escrito por\" \/>\n\t<meta name=\"twitter:data1\" content=\"apuntesdesanluis.com\" \/>\n\t<meta name=\"twitter:label2\" content=\"Tiempo de lectura\" \/>\n\t<meta name=\"twitter:data2\" content=\"2 minutos\" \/>\n<script type=\"application\/ld+json\" class=\"yoast-schema-graph\">{\"@context\":\"https:\/\/schema.org\",\"@graph\":[{\"@type\":\"Article\",\"@id\":\"https:\/\/apuntesdesanluis.com\/index.php\/2024\/01\/22\/despues-de-43-dias-aparecio-el-colectivo-de-san-luis-futbol-club\/#article\",\"isPartOf\":{\"@id\":\"https:\/\/apuntesdesanluis.com\/index.php\/2024\/01\/22\/despues-de-43-dias-aparecio-el-colectivo-de-san-luis-futbol-club\/\"},\"author\":{\"name\":\"apuntesdesanluis.com\",\"@id\":\"https:\/\/apuntesdesanluis.com\/#\/schema\/person\/b55151d52296fcce64d1a72538a70b90\"},\"headline\":\"DESPU\u00c9S DE 43 D\u00cdAS APARECI\u00d3 EL COLECTIVO DE SAN LUIS F\u00daTBOL CLUB\",\"datePublished\":\"2024-01-22T12:16:19+00:00\",\"dateModified\":\"2024-01-23T12:20:05+00:00\",\"mainEntityOfPage\":{\"@id\":\"https:\/\/apuntesdesanluis.com\/index.php\/2024\/01\/22\/despues-de-43-dias-aparecio-el-colectivo-de-san-luis-futbol-club\/\"},\"wordCount\":249,\"publisher\":{\"@id\":\"https:\/\/apuntesdesanluis.com\/#\/schema\/person\/b55151d52296fcce64d1a72538a70b90\"},\"image\":{\"@id\":\"https:\/\/apuntesdesanluis.com\/index.php\/2024\/01\/22\/despues-de-43-dias-aparecio-el-colectivo-de-san-luis-futbol-club\/#primaryimage\"},\"thumbnailUrl\":\"https:\/\/apuntesdesanluis.com\/wp-content\/uploads\/2024\/01\/BONDI.png\",\"articleSection\":[\"Ciudad\/Provincia\"],\"inLanguage\":\"es-AR\"},{\"@type\":\"WebPage\",\"@id\":\"https:\/\/apuntesdesanluis.com\/index.php\/2024\/01\/22\/despues-de-43-dias-aparecio-el-colectivo-de-san-luis-futbol-club\/\",\"url\":\"https:\/\/apuntesdesanluis.com\/index.php\/2024\/01\/22\/despues-de-43-dias-aparecio-el-colectivo-de-san-luis-futbol-club\/\",\"name\":\"DESPU\u00c9S DE 43 D\u00cdAS APARECI\u00d3 EL COLECTIVO DE SAN LUIS F\u00daTBOL CLUB - Apuntes de San Luis\",\"isPartOf\":{\"@id\":\"https:\/\/apuntesdesanluis.com\/#website\"},\"primaryImageOfPage\":{\"@id\":\"https:\/\/apuntesdesanluis.com\/index.php\/2024\/01\/22\/despues-de-43-dias-aparecio-el-colectivo-de-san-luis-futbol-club\/#primaryimage\"},\"image\":{\"@id\":\"https:\/\/apuntesdesanluis.com\/index.php\/2024\/01\/22\/despues-de-43-dias-aparecio-el-colectivo-de-san-luis-futbol-club\/#primaryimage\"},\"thumbnailUrl\":\"https:\/\/apuntesdesanluis.com\/wp-content\/uploads\/2024\/01\/BONDI.png\",\"datePublished\":\"2024-01-22T12:16:19+00:00\",\"dateModified\":\"2024-01-23T12:20:05+00:00\",\"breadcrumb\":{\"@id\":\"https:\/\/apuntesdesanluis.com\/index.php\/2024\/01\/22\/despues-de-43-dias-aparecio-el-colectivo-de-san-luis-futbol-club\/#breadcrumb\"},\"inLanguage\":\"es-AR\",\"potentialAction\":[{\"@type\":\"ReadAction\",\"target\":[\"https:\/\/apuntesdesanluis.com\/index.php\/2024\/01\/22\/despues-de-43-dias-aparecio-el-colectivo-de-san-luis-futbol-club\/\"]}]},{\"@type\":\"ImageObject\",\"inLanguage\":\"es-AR\",\"@id\":\"https:\/\/apuntesdesanluis.com\/index.php\/2024\/01\/22\/despues-de-43-dias-aparecio-el-colectivo-de-san-luis-futbol-club\/#primaryimage\",\"url\":\"https:\/\/apuntesdesanluis.com\/wp-content\/uploads\/2024\/01\/BONDI.png\",\"contentUrl\":\"https:\/\/apuntesdesanluis.com\/wp-content\/uploads\/2024\/01\/BONDI.png\",\"width\":600,\"height\":400},{\"@type\":\"BreadcrumbList\",\"@id\":\"https:\/\/apuntesdesanluis.com\/index.php\/2024\/01\/22\/despues-de-43-dias-aparecio-el-colectivo-de-san-luis-futbol-club\/#breadcrumb\",\"itemListElement\":[{\"@type\":\"ListItem\",\"position\":1,\"name\":\"Inicio\",\"item\":\"https:\/\/apuntesdesanluis.com\/\"},{\"@type\":\"ListItem\",\"position\":2,\"name\":\"DESPU\u00c9S DE 43 D\u00cdAS APARECI\u00d3 EL COLECTIVO DE SAN LUIS F\u00daTBOL CLUB\"}]},{\"@type\":\"WebSite\",\"@id\":\"https:\/\/apuntesdesanluis.com\/#website\",\"url\":\"https:\/\/apuntesdesanluis.com\/\",\"name\":\"Apuntes de San Luis\",\"description\":\"\",\"publisher\":{\"@id\":\"https:\/\/apuntesdesanluis.com\/#\/schema\/person\/b55151d52296fcce64d1a72538a70b90\"},\"potentialAction\":[{\"@type\":\"SearchAction\",\"target\":{\"@type\":\"EntryPoint\",\"urlTemplate\":\"https:\/\/apuntesdesanluis.com\/?s={search_term_string}\"},\"query-input\":{\"@type\":\"PropertyValueSpecification\",\"valueRequired\":true,\"valueName\":\"search_term_string\"}}],\"inLanguage\":\"es-AR\"},{\"@type\":[\"Person\",\"Organization\"],\"@id\":\"https:\/\/apuntesdesanluis.com\/#\/schema\/person\/b55151d52296fcce64d1a72538a70b90\",\"name\":\"apuntesdesanluis.com\",\"image\":{\"@type\":\"ImageObject\",\"inLanguage\":\"es-AR\",\"@id\":\"https:\/\/apuntesdesanluis.com\/#\/schema\/person\/image\/\",\"url\":\"https:\/\/apuntesdesanluis.com\/wp-content\/uploads\/2023\/07\/cropped-apuntesdesanluis.png\",\"contentUrl\":\"https:\/\/apuntesdesanluis.com\/wp-content\/uploads\/2023\/07\/cropped-apuntesdesanluis.png\",\"width\":450,\"height\":112,\"caption\":\"apuntesdesanluis.com\"},\"logo\":{\"@id\":\"https:\/\/apuntesdesanluis.com\/#\/schema\/person\/image\/\"},\"sameAs\":[\"https:\/\/apuntesdesanluis.com\"],\"url\":\"https:\/\/apuntesdesanluis.com\/index.php\/author\/apuntesdesanluis-com\/\"}]}<\/script>\n<!-- \/ Yoast SEO plugin. -->","yoast_head_json":{"title":"DESPU\u00c9S DE 43 D\u00cdAS APARECI\u00d3 EL COLECTIVO DE SAN LUIS F\u00daTBOL CLUB - Apuntes de San Luis","robots":{"index":"index","follow":"follow","max-snippet":"max-snippet:-1","max-image-preview":"max-image-preview:large","max-video-preview":"max-video-preview:-1"},"canonical":"https:\/\/apuntesdesanluis.com\/index.php\/2024\/01\/22\/despues-de-43-dias-aparecio-el-colectivo-de-san-luis-futbol-club\/","og_locale":"es_ES","og_type":"article","og_title":"DESPU\u00c9S DE 43 D\u00cdAS APARECI\u00d3 EL COLECTIVO DE SAN LUIS F\u00daTBOL CLUB - Apuntes de San Luis","og_description":"El rodado fue encontrado en un galp\u00f3n privado, ubicado en la zona norte de la...","og_url":"https:\/\/apuntesdesanluis.com\/index.php\/2024\/01\/22\/despues-de-43-dias-aparecio-el-colectivo-de-san-luis-futbol-club\/","og_site_name":"Apuntes de San Luis","article_published_time":"2024-01-22T12:16:19+00:00","article_modified_time":"2024-01-23T12:20:05+00:00","og_image":[{"width":600,"height":400,"url":"https:\/\/apuntesdesanluis.com\/wp-content\/uploads\/2024\/01\/BONDI.png","type":"image\/png"}],"author":"apuntesdesanluis.com","twitter_card":"summary_large_image","twitter_misc":{"Escrito por":"apuntesdesanluis.com","Tiempo de lectura":"2 minutos"},"schema":{"@context":"https:\/\/schema.org","@graph":[{"@type":"Article","@id":"https:\/\/apuntesdesanluis.com\/index.php\/2024\/01\/22\/despues-de-43-dias-aparecio-el-colectivo-de-san-luis-futbol-club\/#article","isPartOf":{"@id":"https:\/\/apuntesdesanluis.com\/index.php\/2024\/01\/22\/despues-de-43-dias-aparecio-el-colectivo-de-san-luis-futbol-club\/"},"author":{"name":"apuntesdesanluis.com","@id":"https:\/\/apuntesdesanluis.com\/#\/schema\/person\/b55151d52296fcce64d1a72538a70b90"},"headline":"DESPU\u00c9S DE 43 D\u00cdAS APARECI\u00d3 EL COLECTIVO DE SAN LUIS F\u00daTBOL CLUB","datePublished":"2024-01-22T12:16:19+00:00","dateModified":"2024-01-23T12:20:05+00:00","mainEntityOfPage":{"@id":"https:\/\/apuntesdesanluis.com\/index.php\/2024\/01\/22\/despues-de-43-dias-aparecio-el-colectivo-de-san-luis-futbol-club\/"},"wordCount":249,"publisher":{"@id":"https:\/\/apuntesdesanluis.com\/#\/schema\/person\/b55151d52296fcce64d1a72538a70b90"},"image":{"@id":"https:\/\/apuntesdesanluis.com\/index.php\/2024\/01\/22\/despues-de-43-dias-aparecio-el-colectivo-de-san-luis-futbol-club\/#primaryimage"},"thumbnailUrl":"https:\/\/apuntesdesanluis.com\/wp-content\/uploads\/2024\/01\/BONDI.png","articleSection":["Ciudad\/Provincia"],"inLanguage":"es-AR"},{"@type":"WebPage","@id":"https:\/\/apuntesdesanluis.com\/index.php\/2024\/01\/22\/despues-de-43-dias-aparecio-el-colectivo-de-san-luis-futbol-club\/","url":"https:\/\/apuntesdesanluis.com\/index.php\/2024\/01\/22\/despues-de-43-dias-aparecio-el-colectivo-de-san-luis-futbol-club\/","name":"DESPU\u00c9S DE 43 D\u00cdAS APARECI\u00d3 EL COLECTIVO DE SAN LUIS F\u00daTBOL CLUB - Apuntes de San Luis","isPartOf":{"@id":"https:\/\/apuntesdesanluis.com\/#website"},"primaryImageOfPage":{"@id":"https:\/\/apuntesdesanluis.com\/index.php\/2024\/01\/22\/despues-de-43-dias-aparecio-el-colectivo-de-san-luis-futbol-club\/#primaryimage"},"image":{"@id":"https:\/\/apuntesdesanluis.com\/index.php\/2024\/01\/22\/despues-de-43-dias-aparecio-el-colectivo-de-san-luis-futbol-club\/#primaryimage"},"thumbnailUrl":"https:\/\/apuntesdesanluis.com\/wp-content\/uploads\/2024\/01\/BONDI.png","datePublished":"2024-01-22T12:16:19+00:00","dateModified":"2024-01-23T12:20:05+00:00","breadcrumb":{"@id":"https:\/\/apuntesdesanluis.com\/index.php\/2024\/01\/22\/despues-de-43-dias-aparecio-el-colectivo-de-san-luis-futbol-club\/#breadcrumb"},"inLanguage":"es-AR","potentialAction":[{"@type":"ReadAction","target":["https:\/\/apuntesdesanluis.com\/index.php\/2024\/01\/22\/despues-de-43-dias-aparecio-el-colectivo-de-san-luis-futbol-club\/"]}]},{"@type":"ImageObject","inLanguage":"es-AR","@id":"https:\/\/apuntesdesanluis.com\/index.php\/2024\/01\/22\/despues-de-43-dias-aparecio-el-colectivo-de-san-luis-futbol-club\/#primaryimage","url":"https:\/\/apuntesdesanluis.com\/wp-content\/uploads\/2024\/01\/BONDI.png","contentUrl":"https:\/\/apuntesdesanluis.com\/wp-content\/uploads\/2024\/01\/BONDI.png","width":600,"height":400},{"@type":"BreadcrumbList","@id":"https:\/\/apuntesdesanluis.com\/index.php\/2024\/01\/22\/despues-de-43-dias-aparecio-el-colectivo-de-san-luis-futbol-club\/#breadcrumb","itemListElement":[{"@type":"ListItem","position":1,"name":"Inicio","item":"https:\/\/apuntesdesanluis.com\/"},{"@type":"ListItem","position":2,"name":"DESPU\u00c9S DE 43 D\u00cdAS APARECI\u00d3 EL COLECTIVO DE SAN LUIS F\u00daTBOL CLUB"}]},{"@type":"WebSite","@id":"https:\/\/apuntesdesanluis.com\/#website","url":"https:\/\/apuntesdesanluis.com\/","name":"Apuntes de San Luis","description":"","publisher":{"@id":"https:\/\/apuntesdesanluis.com\/#\/schema\/person\/b55151d52296fcce64d1a72538a70b90"},"potentialAction":[{"@type":"SearchAction","target":{"@type":"EntryPoint","urlTemplate":"https:\/\/apuntesdesanluis.com\/?s={search_term_string}"},"query-input":{"@type":"PropertyValueSpecification","valueRequired":true,"valueName":"search_term_string"}}],"inLanguage":"es-AR"},{"@type":["Person","Organization"],"@id":"https:\/\/apuntesdesanluis.com\/#\/schema\/person\/b55151d52296fcce64d1a72538a70b90","name":"apuntesdesanluis.com","image":{"@type":"ImageObject","inLanguage":"es-AR","@id":"https:\/\/apuntesdesanluis.com\/#\/schema\/person\/image\/","url":"https:\/\/apuntesdesanluis.com\/wp-content\/uploads\/2023\/07\/cropped-apuntesdesanluis.png","contentUrl":"https:\/\/apuntesdesanluis.com\/wp-content\/uploads\/2023\/07\/cropped-apuntesdesanluis.png","width":450,"height":112,"caption":"apuntesdesanluis.com"},"logo":{"@id":"https:\/\/apuntesdesanluis.com\/#\/schema\/person\/image\/"},"sameAs":["https:\/\/apuntesdesanluis.com"],"url":"https:\/\/apuntesdesanluis.com\/index.php\/author\/apuntesdesanluis-com\/"}]}},"featured_image_urls":{"full":["https:\/\/apuntesdesanluis.com\/wp-content\/uploads\/2024\/01\/BONDI.png",600,400,false],"thumbnail":["https:\/\/apuntesdesanluis.com\/wp-content\/uploads\/2024\/01\/BONDI-150x150.png",150,150,true],"medium":["https:\/\/apuntesdesanluis.com\/wp-content\/uploads\/2024\/01\/BONDI-300x200.png",300,200,true],"medium_large":["https:\/\/apuntesdesanluis.com\/wp-content\/uploads\/2024\/01\/BONDI.png",600,400,false],"large":["https:\/\/apuntesdesanluis.com\/wp-content\/uploads\/2024\/01\/BONDI.png",600,400,false],"1536x1536":["https:\/\/apuntesdesanluis.com\/wp-content\/uploads\/2024\/01\/BONDI.png",600,400,false],"2048x2048":["https:\/\/apuntesdesanluis.com\/wp-content\/uploads\/2024\/01\/BONDI.png",600,400,false],"newsever-slider-full":["https:\/\/apuntesdesanluis.com\/wp-content\/uploads\/2024\/01\/BONDI.png",600,400,false],"newsever-featured":["https:\/\/apuntesdesanluis.com\/wp-content\/uploads\/2024\/01\/BONDI.png",600,400,false],"newsever-medium":["https:\/\/apuntesdesanluis.com\/wp-content\/uploads\/2024\/01\/BONDI.png",600,400,false]},"author_info":{"display_name":"apuntesdesanluis.com","author_link":"https:\/\/apuntesdesanluis.com\/index.php\/author\/apuntesdesanluis-com\/"},"category_info":"<a href=\"https:\/\/apuntesdesanluis.com\/index.php\/category\/ciudad-provincia\/\" rel=\"category tag\">Ciudad\/Provincia<\/a>","tag_info":"Ciudad\/Provincia","comment_count":"0","_links":{"self":[{"href":"https:\/\/apuntesdesanluis.com\/index.php\/wp-json\/wp\/v2\/posts\/10510","targetHints":{"allow":["GET"]}}],"collection":[{"href":"https:\/\/apuntesdesanluis.com\/index.php\/wp-json\/wp\/v2\/posts"}],"about":[{"href":"https:\/\/apuntesdesanluis.com\/index.php\/wp-json\/wp\/v2\/types\/post"}],"author":[{"embeddable":true,"href":"https:\/\/apuntesdesanluis.com\/index.php\/wp-json\/wp\/v2\/users\/1"}],"replies":[{"embeddable":true,"href":"https:\/\/apuntesdesanluis.com\/index.php\/wp-json\/wp\/v2\/comments?post=10510"}],"version-history":[{"count":1,"href":"https:\/\/apuntesdesanluis.com\/index.php\/wp-json\/wp\/v2\/posts\/10510\/revisions"}],"predecessor-version":[{"id":10513,"href":"https:\/\/apuntesdesanluis.com\/index.php\/wp-json\/wp\/v2\/posts\/10510\/revisions\/10513"}],"wp:featuredmedia":[{"embeddable":true,"href":"https:\/\/apuntesdesanluis.com\/index.php\/wp-json\/wp\/v2\/media\/10511"}],"wp:attachment":[{"href":"https:\/\/apuntesdesanluis.com\/index.php\/wp-json\/wp\/v2\/media?parent=10510"}],"wp:term":[{"taxonomy":"category","embeddable":true,"href":"https:\/\/apuntesdesanluis.com\/index.php\/wp-json\/wp\/v2\/categories?post=10510"},{"taxonomy":"post_tag","embeddable":true,"href":"https:\/\/apuntesdesanluis.com\/index.php\/wp-json\/wp\/v2\/tags?post=10510"}],"curies":[{"name":"wp","href":"https:\/\/api.w.org\/{rel}","templated":true}]}}