{"id":10533,"date":"2024-01-23T19:45:01","date_gmt":"2024-01-23T22:45:01","guid":{"rendered":"https:\/\/apuntesdesanluis.com\/?p=10533"},"modified":"2024-01-23T19:45:01","modified_gmt":"2024-01-23T22:45:01","slug":"conadu-convoco-al-paro-y-movilizacion-y-reclama-urgente-recomposicion-salarial","status":"publish","type":"post","link":"https:\/\/apuntesdesanluis.com\/index.php\/2024\/01\/23\/conadu-convoco-al-paro-y-movilizacion-y-reclama-urgente-recomposicion-salarial\/","title":{"rendered":"CONADU CONVOC\u00d3 AL PARO Y MOVILIZACI\u00d3N Y RECLAMA URGENTE RECOMPOSICI\u00d3N SALARIAL"},"content":{"rendered":"<h3>As\u00ed lo confirm\u00f3 el Secretario General de la <strong>Asociaci\u00f3n Gremial de Docentes e Investigadores<\/strong> (ADOI) de la Universidad Nacional de Villa Mercedes, <strong>Ing. Arnoldo Pucci<\/strong>, quien particip\u00f3 de las deliberaciones que tuvieron lugar en el plenario nacional de la Federaci\u00f3n Nacional de Docentes Universitarios (CONADU).<\/h3>\n<h3>Reunidos en Plenario, los Secretarios y las Secretarias Generales de los gremios de ADIUNQ, ADUNOBA, COAD, ADUNA, AFUDI, SIDIUNLAR, ADUC, SIDIU, SIDUNCU, ADUFOR, <strong>ADOI<\/strong>, SIDIUNT, ADUNTREF, ADUNMa, FEDUBA, SUDHUR, ADUM, ADAI, ADUNSADA y AGDU consensuaron hoy las siguientes resoluciones:<\/h3>\n<h3>\u201cFrente a la grave p\u00e9rdida de poder adquisitivo del salario, provocada por la mega devaluaci\u00f3n y la desregulaci\u00f3n de todo control de precios con la que el actual gobierno ha iniciado r\u00e1pidamente su pol\u00edtica de \u201ctierra arrasada\u201d, reclamamos la urgente convocatoria a la paritaria nacional de la docencia universitaria y exigimos una recomposici\u00f3n salarial que repare el deterioro de nuestros ingresos. Advertimos que de no obtener pronta y satisfactoria respuesta a este reclamo, el gobierno estar\u00e1 comprometiendo el normal inicio del ciclo lectivo 2024. La Federaci\u00f3n continuar\u00e1 evaluando esta situaci\u00f3n a trav\u00e9s de sus cuerpos org\u00e1nicos.<\/h3>\n<h3>Reafirmamos la participaci\u00f3n de CONADU con sus sindicatos de base en el Paro General con movilizaciones en todo el pa\u00eds, en el marco de la convocatoria realizada por las centrales sindicales para este 24 de enero, como expresi\u00f3n multisectorial del rechazo a la pol\u00edtica de ajuste y a las iniciativas del gobierno nacional contenidas en el DNU 70\/2024 y en el proyecto de Ley \u00d3mnibus, as\u00ed como a la pretensi\u00f3n inconstitucional de reprimir la protesta con la aplicaci\u00f3n del protocolo del Ministerio de Seguridad.<\/h3>\n<h3>Rechazamos el DNU 70 y el Proyecto \u00d3mnibus en su totalidad, porque constituyen un proyecto de conculcaci\u00f3n autoritaria de la institucionalidad democr\u00e1tica y de la soberan\u00eda, de supresi\u00f3n de derechos fundamentales, de destrucci\u00f3n de la producci\u00f3n y el trabajo, de entrega de nuestros recursos y capacidades construidas, y de sometimiento de la organizaci\u00f3n y la movilizaci\u00f3n popular. No hay negociaci\u00f3n que haga admisible ese proyecto.<\/h3>\n<h3>En ese marco, advertimos que las modificaciones propuestas a la Ley de Educaci\u00f3n Superior se dirigen especialmente a suprimir la responsabilidad estatal para asegurar el derecho a la educaci\u00f3n superior establecida por la reforma Puiggr\u00f3s del a\u00f1o 2015, lesionando los principios fundamentales de la gratuidad, el ingreso irrestricto y la autonom\u00eda, para generar condiciones que en un contexto de ajuste presupuestario s\u00f3lo pueden favorecer la sujeci\u00f3n de nuestro sistema universitario al proceso global de mercantilizaci\u00f3n de la educaci\u00f3n y el conocimiento.<\/h3>\n<h3>Se\u00f1alamos, asimismo, que las modificaciones recientemente incorporadas en el proyecto no alteran esta apreciaci\u00f3n, y que la propuesta de incorporar al CIN en la definici\u00f3n de criterios para la asignaci\u00f3n de los aportes del Estado nacional a las universidades s\u00f3lo constituye una invitaci\u00f3n a participar de la distribuci\u00f3n de la miseria.<\/h3>\n<h3>Todas las reformas propuestas en la Ley \u00d3mnibus para la universidad deben evaluarse en el marco de un ajuste que ya comenz\u00f3, porque la inflaci\u00f3n est\u00e1 provocando tambi\u00e9n la licuaci\u00f3n del presupuesto universitario, prorrogado para este a\u00f1o a valores de 2023. Ese presupuesto no alcanzar\u00e1 a cubrir las necesidades para el funcionamiento de las instituciones m\u00e1s all\u00e1 del mes de mayo o junio.<\/h3>\n<h3>Las pol\u00edticas que repudiamos pretenden hacer de Argentina un pa\u00eds en el que las grandes fortunas puedan acrecentarse infinitamente y sin obst\u00e1culos: sin legislaci\u00f3n que proteja los derechos de quienes trabajan y sin organizaciones que representen sus demandas.<\/h3>\n<h3>Un pa\u00eds en el que el Estado s\u00f3lo tenga por funci\u00f3n defender las apetencias de los poderosos, que abra las fronteras al capital extranjero y al poder financiero internacional. Un pa\u00eds sin educaci\u00f3n y cultura, sin ciencias, sin memoria, sin solidaridad, sin capacidad de imaginar y desear un futuro diferente, y sin voluntad de luchar por eso. Un pa\u00eds ordenado sobre la grieta de la desigualdad y la crueldad. En el pa\u00eds que sue\u00f1a Milei no hay lugar para la universidad p\u00fablica.<\/h3>\n<h3>El 24 de enero, en todo el pa\u00eds, sumamos nuestra presencia y nuestra voz al movimiento popular, para ponerle freno al DNU y a la Ley \u00d3mnibus. Porque LA PATRIA NO SE VENDE\u201d.<\/h3>\n<p>&nbsp;<\/p>\n<p>&nbsp;<\/p>\n<p>&nbsp;<\/p>\n","protected":false},"excerpt":{"rendered":"<p>As\u00ed lo confirm\u00f3 el Secretario General de la Asociaci\u00f3n Gremial de Docentes e Investigadores (ADOI)&#8230;<\/p>\n","protected":false},"author":1,"featured_media":10534,"comment_status":"closed","ping_status":"closed","sticky":false,"template":"","format":"standard","meta":{"footnotes":""},"categories":[5],"tags":[],"class_list":["post-10533","post","type-post","status-publish","format-standard","has-post-thumbnail","hentry","category-nacionales-internacionales"],"yoast_head":"<!-- This site is optimized with the Yoast SEO plugin v26.1.1 - https:\/\/yoast.com\/wordpress\/plugins\/seo\/ -->\n<title>CONADU CONVOC\u00d3 AL PARO Y MOVILIZACI\u00d3N Y RECLAMA URGENTE RECOMPOSICI\u00d3N SALARIAL - Apuntes de San Luis<\/title>\n<meta name=\"robots\" content=\"index, follow, max-snippet:-1, max-image-preview:large, max-video-preview:-1\" \/>\n<link rel=\"canonical\" href=\"https:\/\/apuntesdesanluis.com\/index.php\/2024\/01\/23\/conadu-convoco-al-paro-y-movilizacion-y-reclama-urgente-recomposicion-salarial\/\" \/>\n<meta property=\"og:locale\" content=\"es_ES\" \/>\n<meta property=\"og:type\" content=\"article\" \/>\n<meta property=\"og:title\" content=\"CONADU CONVOC\u00d3 AL PARO Y MOVILIZACI\u00d3N Y RECLAMA URGENTE RECOMPOSICI\u00d3N SALARIAL - Apuntes de San Luis\" \/>\n<meta property=\"og:description\" content=\"As\u00ed lo confirm\u00f3 el Secretario General de la Asociaci\u00f3n Gremial de Docentes e Investigadores (ADOI)...\" \/>\n<meta property=\"og:url\" content=\"https:\/\/apuntesdesanluis.com\/index.php\/2024\/01\/23\/conadu-convoco-al-paro-y-movilizacion-y-reclama-urgente-recomposicion-salarial\/\" \/>\n<meta property=\"og:site_name\" content=\"Apuntes de San Luis\" \/>\n<meta property=\"article:published_time\" content=\"2024-01-23T22:45:01+00:00\" \/>\n<meta property=\"og:image\" content=\"https:\/\/apuntesdesanluis.com\/wp-content\/uploads\/2024\/01\/conadu.png\" \/>\n\t<meta property=\"og:image:width\" content=\"600\" \/>\n\t<meta property=\"og:image:height\" content=\"350\" \/>\n\t<meta property=\"og:image:type\" content=\"image\/png\" \/>\n<meta name=\"author\" content=\"apuntesdesanluis.com\" \/>\n<meta name=\"twitter:card\" content=\"summary_large_image\" \/>\n<meta name=\"twitter:label1\" content=\"Escrito por\" \/>\n\t<meta name=\"twitter:data1\" content=\"apuntesdesanluis.com\" \/>\n\t<meta name=\"twitter:label2\" content=\"Tiempo de lectura\" \/>\n\t<meta name=\"twitter:data2\" content=\"4 minutos\" \/>\n<script type=\"application\/ld+json\" class=\"yoast-schema-graph\">{\"@context\":\"https:\/\/schema.org\",\"@graph\":[{\"@type\":\"Article\",\"@id\":\"https:\/\/apuntesdesanluis.com\/index.php\/2024\/01\/23\/conadu-convoco-al-paro-y-movilizacion-y-reclama-urgente-recomposicion-salarial\/#article\",\"isPartOf\":{\"@id\":\"https:\/\/apuntesdesanluis.com\/index.php\/2024\/01\/23\/conadu-convoco-al-paro-y-movilizacion-y-reclama-urgente-recomposicion-salarial\/\"},\"author\":{\"name\":\"apuntesdesanluis.com\",\"@id\":\"https:\/\/apuntesdesanluis.com\/#\/schema\/person\/b55151d52296fcce64d1a72538a70b90\"},\"headline\":\"CONADU CONVOC\u00d3 AL PARO Y MOVILIZACI\u00d3N Y RECLAMA URGENTE RECOMPOSICI\u00d3N SALARIAL\",\"datePublished\":\"2024-01-23T22:45:01+00:00\",\"mainEntityOfPage\":{\"@id\":\"https:\/\/apuntesdesanluis.com\/index.php\/2024\/01\/23\/conadu-convoco-al-paro-y-movilizacion-y-reclama-urgente-recomposicion-salarial\/\"},\"wordCount\":748,\"publisher\":{\"@id\":\"https:\/\/apuntesdesanluis.com\/#\/schema\/person\/b55151d52296fcce64d1a72538a70b90\"},\"image\":{\"@id\":\"https:\/\/apuntesdesanluis.com\/index.php\/2024\/01\/23\/conadu-convoco-al-paro-y-movilizacion-y-reclama-urgente-recomposicion-salarial\/#primaryimage\"},\"thumbnailUrl\":\"https:\/\/apuntesdesanluis.com\/wp-content\/uploads\/2024\/01\/conadu.png\",\"articleSection\":[\"Nacionales\/Internacionales\"],\"inLanguage\":\"es-AR\"},{\"@type\":\"WebPage\",\"@id\":\"https:\/\/apuntesdesanluis.com\/index.php\/2024\/01\/23\/conadu-convoco-al-paro-y-movilizacion-y-reclama-urgente-recomposicion-salarial\/\",\"url\":\"https:\/\/apuntesdesanluis.com\/index.php\/2024\/01\/23\/conadu-convoco-al-paro-y-movilizacion-y-reclama-urgente-recomposicion-salarial\/\",\"name\":\"CONADU CONVOC\u00d3 AL PARO Y MOVILIZACI\u00d3N Y RECLAMA URGENTE RECOMPOSICI\u00d3N SALARIAL - Apuntes de San Luis\",\"isPartOf\":{\"@id\":\"https:\/\/apuntesdesanluis.com\/#website\"},\"primaryImageOfPage\":{\"@id\":\"https:\/\/apuntesdesanluis.com\/index.php\/2024\/01\/23\/conadu-convoco-al-paro-y-movilizacion-y-reclama-urgente-recomposicion-salarial\/#primaryimage\"},\"image\":{\"@id\":\"https:\/\/apuntesdesanluis.com\/index.php\/2024\/01\/23\/conadu-convoco-al-paro-y-movilizacion-y-reclama-urgente-recomposicion-salarial\/#primaryimage\"},\"thumbnailUrl\":\"https:\/\/apuntesdesanluis.com\/wp-content\/uploads\/2024\/01\/conadu.png\",\"datePublished\":\"2024-01-23T22:45:01+00:00\",\"breadcrumb\":{\"@id\":\"https:\/\/apuntesdesanluis.com\/index.php\/2024\/01\/23\/conadu-convoco-al-paro-y-movilizacion-y-reclama-urgente-recomposicion-salarial\/#breadcrumb\"},\"inLanguage\":\"es-AR\",\"potentialAction\":[{\"@type\":\"ReadAction\",\"target\":[\"https:\/\/apuntesdesanluis.com\/index.php\/2024\/01\/23\/conadu-convoco-al-paro-y-movilizacion-y-reclama-urgente-recomposicion-salarial\/\"]}]},{\"@type\":\"ImageObject\",\"inLanguage\":\"es-AR\",\"@id\":\"https:\/\/apuntesdesanluis.com\/index.php\/2024\/01\/23\/conadu-convoco-al-paro-y-movilizacion-y-reclama-urgente-recomposicion-salarial\/#primaryimage\",\"url\":\"https:\/\/apuntesdesanluis.com\/wp-content\/uploads\/2024\/01\/conadu.png\",\"contentUrl\":\"https:\/\/apuntesdesanluis.com\/wp-content\/uploads\/2024\/01\/conadu.png\",\"width\":600,\"height\":350},{\"@type\":\"BreadcrumbList\",\"@id\":\"https:\/\/apuntesdesanluis.com\/index.php\/2024\/01\/23\/conadu-convoco-al-paro-y-movilizacion-y-reclama-urgente-recomposicion-salarial\/#breadcrumb\",\"itemListElement\":[{\"@type\":\"ListItem\",\"position\":1,\"name\":\"Inicio\",\"item\":\"https:\/\/apuntesdesanluis.com\/\"},{\"@type\":\"ListItem\",\"position\":2,\"name\":\"CONADU CONVOC\u00d3 AL PARO Y MOVILIZACI\u00d3N Y RECLAMA URGENTE RECOMPOSICI\u00d3N SALARIAL\"}]},{\"@type\":\"WebSite\",\"@id\":\"https:\/\/apuntesdesanluis.com\/#website\",\"url\":\"https:\/\/apuntesdesanluis.com\/\",\"name\":\"Apuntes de San Luis\",\"description\":\"\",\"publisher\":{\"@id\":\"https:\/\/apuntesdesanluis.com\/#\/schema\/person\/b55151d52296fcce64d1a72538a70b90\"},\"potentialAction\":[{\"@type\":\"SearchAction\",\"target\":{\"@type\":\"EntryPoint\",\"urlTemplate\":\"https:\/\/apuntesdesanluis.com\/?s={search_term_string}\"},\"query-input\":{\"@type\":\"PropertyValueSpecification\",\"valueRequired\":true,\"valueName\":\"search_term_string\"}}],\"inLanguage\":\"es-AR\"},{\"@type\":[\"Person\",\"Organization\"],\"@id\":\"https:\/\/apuntesdesanluis.com\/#\/schema\/person\/b55151d52296fcce64d1a72538a70b90\",\"name\":\"apuntesdesanluis.com\",\"image\":{\"@type\":\"ImageObject\",\"inLanguage\":\"es-AR\",\"@id\":\"https:\/\/apuntesdesanluis.com\/#\/schema\/person\/image\/\",\"url\":\"https:\/\/apuntesdesanluis.com\/wp-content\/uploads\/2023\/07\/cropped-apuntesdesanluis.png\",\"contentUrl\":\"https:\/\/apuntesdesanluis.com\/wp-content\/uploads\/2023\/07\/cropped-apuntesdesanluis.png\",\"width\":450,\"height\":112,\"caption\":\"apuntesdesanluis.com\"},\"logo\":{\"@id\":\"https:\/\/apuntesdesanluis.com\/#\/schema\/person\/image\/\"},\"sameAs\":[\"https:\/\/apuntesdesanluis.com\"],\"url\":\"https:\/\/apuntesdesanluis.com\/index.php\/author\/apuntesdesanluis-com\/\"}]}<\/script>\n<!-- \/ Yoast SEO plugin. -->","yoast_head_json":{"title":"CONADU CONVOC\u00d3 AL PARO Y MOVILIZACI\u00d3N Y RECLAMA URGENTE RECOMPOSICI\u00d3N SALARIAL - Apuntes de San Luis","robots":{"index":"index","follow":"follow","max-snippet":"max-snippet:-1","max-image-preview":"max-image-preview:large","max-video-preview":"max-video-preview:-1"},"canonical":"https:\/\/apuntesdesanluis.com\/index.php\/2024\/01\/23\/conadu-convoco-al-paro-y-movilizacion-y-reclama-urgente-recomposicion-salarial\/","og_locale":"es_ES","og_type":"article","og_title":"CONADU CONVOC\u00d3 AL PARO Y MOVILIZACI\u00d3N Y RECLAMA URGENTE RECOMPOSICI\u00d3N SALARIAL - Apuntes de San Luis","og_description":"As\u00ed lo confirm\u00f3 el Secretario General de la Asociaci\u00f3n Gremial de Docentes e Investigadores (ADOI)...","og_url":"https:\/\/apuntesdesanluis.com\/index.php\/2024\/01\/23\/conadu-convoco-al-paro-y-movilizacion-y-reclama-urgente-recomposicion-salarial\/","og_site_name":"Apuntes de San Luis","article_published_time":"2024-01-23T22:45:01+00:00","og_image":[{"width":600,"height":350,"url":"https:\/\/apuntesdesanluis.com\/wp-content\/uploads\/2024\/01\/conadu.png","type":"image\/png"}],"author":"apuntesdesanluis.com","twitter_card":"summary_large_image","twitter_misc":{"Escrito por":"apuntesdesanluis.com","Tiempo de lectura":"4 minutos"},"schema":{"@context":"https:\/\/schema.org","@graph":[{"@type":"Article","@id":"https:\/\/apuntesdesanluis.com\/index.php\/2024\/01\/23\/conadu-convoco-al-paro-y-movilizacion-y-reclama-urgente-recomposicion-salarial\/#article","isPartOf":{"@id":"https:\/\/apuntesdesanluis.com\/index.php\/2024\/01\/23\/conadu-convoco-al-paro-y-movilizacion-y-reclama-urgente-recomposicion-salarial\/"},"author":{"name":"apuntesdesanluis.com","@id":"https:\/\/apuntesdesanluis.com\/#\/schema\/person\/b55151d52296fcce64d1a72538a70b90"},"headline":"CONADU CONVOC\u00d3 AL PARO Y MOVILIZACI\u00d3N Y RECLAMA URGENTE RECOMPOSICI\u00d3N SALARIAL","datePublished":"2024-01-23T22:45:01+00:00","mainEntityOfPage":{"@id":"https:\/\/apuntesdesanluis.com\/index.php\/2024\/01\/23\/conadu-convoco-al-paro-y-movilizacion-y-reclama-urgente-recomposicion-salarial\/"},"wordCount":748,"publisher":{"@id":"https:\/\/apuntesdesanluis.com\/#\/schema\/person\/b55151d52296fcce64d1a72538a70b90"},"image":{"@id":"https:\/\/apuntesdesanluis.com\/index.php\/2024\/01\/23\/conadu-convoco-al-paro-y-movilizacion-y-reclama-urgente-recomposicion-salarial\/#primaryimage"},"thumbnailUrl":"https:\/\/apuntesdesanluis.com\/wp-content\/uploads\/2024\/01\/conadu.png","articleSection":["Nacionales\/Internacionales"],"inLanguage":"es-AR"},{"@type":"WebPage","@id":"https:\/\/apuntesdesanluis.com\/index.php\/2024\/01\/23\/conadu-convoco-al-paro-y-movilizacion-y-reclama-urgente-recomposicion-salarial\/","url":"https:\/\/apuntesdesanluis.com\/index.php\/2024\/01\/23\/conadu-convoco-al-paro-y-movilizacion-y-reclama-urgente-recomposicion-salarial\/","name":"CONADU CONVOC\u00d3 AL PARO Y MOVILIZACI\u00d3N Y RECLAMA URGENTE RECOMPOSICI\u00d3N SALARIAL - Apuntes de San Luis","isPartOf":{"@id":"https:\/\/apuntesdesanluis.com\/#website"},"primaryImageOfPage":{"@id":"https:\/\/apuntesdesanluis.com\/index.php\/2024\/01\/23\/conadu-convoco-al-paro-y-movilizacion-y-reclama-urgente-recomposicion-salarial\/#primaryimage"},"image":{"@id":"https:\/\/apuntesdesanluis.com\/index.php\/2024\/01\/23\/conadu-convoco-al-paro-y-movilizacion-y-reclama-urgente-recomposicion-salarial\/#primaryimage"},"thumbnailUrl":"https:\/\/apuntesdesanluis.com\/wp-content\/uploads\/2024\/01\/conadu.png","datePublished":"2024-01-23T22:45:01+00:00","breadcrumb":{"@id":"https:\/\/apuntesdesanluis.com\/index.php\/2024\/01\/23\/conadu-convoco-al-paro-y-movilizacion-y-reclama-urgente-recomposicion-salarial\/#breadcrumb"},"inLanguage":"es-AR","potentialAction":[{"@type":"ReadAction","target":["https:\/\/apuntesdesanluis.com\/index.php\/2024\/01\/23\/conadu-convoco-al-paro-y-movilizacion-y-reclama-urgente-recomposicion-salarial\/"]}]},{"@type":"ImageObject","inLanguage":"es-AR","@id":"https:\/\/apuntesdesanluis.com\/index.php\/2024\/01\/23\/conadu-convoco-al-paro-y-movilizacion-y-reclama-urgente-recomposicion-salarial\/#primaryimage","url":"https:\/\/apuntesdesanluis.com\/wp-content\/uploads\/2024\/01\/conadu.png","contentUrl":"https:\/\/apuntesdesanluis.com\/wp-content\/uploads\/2024\/01\/conadu.png","width":600,"height":350},{"@type":"BreadcrumbList","@id":"https:\/\/apuntesdesanluis.com\/index.php\/2024\/01\/23\/conadu-convoco-al-paro-y-movilizacion-y-reclama-urgente-recomposicion-salarial\/#breadcrumb","itemListElement":[{"@type":"ListItem","position":1,"name":"Inicio","item":"https:\/\/apuntesdesanluis.com\/"},{"@type":"ListItem","position":2,"name":"CONADU CONVOC\u00d3 AL PARO Y MOVILIZACI\u00d3N Y RECLAMA URGENTE RECOMPOSICI\u00d3N SALARIAL"}]},{"@type":"WebSite","@id":"https:\/\/apuntesdesanluis.com\/#website","url":"https:\/\/apuntesdesanluis.com\/","name":"Apuntes de San Luis","description":"","publisher":{"@id":"https:\/\/apuntesdesanluis.com\/#\/schema\/person\/b55151d52296fcce64d1a72538a70b90"},"potentialAction":[{"@type":"SearchAction","target":{"@type":"EntryPoint","urlTemplate":"https:\/\/apuntesdesanluis.com\/?s={search_term_string}"},"query-input":{"@type":"PropertyValueSpecification","valueRequired":true,"valueName":"search_term_string"}}],"inLanguage":"es-AR"},{"@type":["Person","Organization"],"@id":"https:\/\/apuntesdesanluis.com\/#\/schema\/person\/b55151d52296fcce64d1a72538a70b90","name":"apuntesdesanluis.com","image":{"@type":"ImageObject","inLanguage":"es-AR","@id":"https:\/\/apuntesdesanluis.com\/#\/schema\/person\/image\/","url":"https:\/\/apuntesdesanluis.com\/wp-content\/uploads\/2023\/07\/cropped-apuntesdesanluis.png","contentUrl":"https:\/\/apuntesdesanluis.com\/wp-content\/uploads\/2023\/07\/cropped-apuntesdesanluis.png","width":450,"height":112,"caption":"apuntesdesanluis.com"},"logo":{"@id":"https:\/\/apuntesdesanluis.com\/#\/schema\/person\/image\/"},"sameAs":["https:\/\/apuntesdesanluis.com"],"url":"https:\/\/apuntesdesanluis.com\/index.php\/author\/apuntesdesanluis-com\/"}]}},"featured_image_urls":{"full":["https:\/\/apuntesdesanluis.com\/wp-content\/uploads\/2024\/01\/conadu.png",600,350,false],"thumbnail":["https:\/\/apuntesdesanluis.com\/wp-content\/uploads\/2024\/01\/conadu-150x150.png",150,150,true],"medium":["https:\/\/apuntesdesanluis.com\/wp-content\/uploads\/2024\/01\/conadu-300x175.png",300,175,true],"medium_large":["https:\/\/apuntesdesanluis.com\/wp-content\/uploads\/2024\/01\/conadu.png",600,350,false],"large":["https:\/\/apuntesdesanluis.com\/wp-content\/uploads\/2024\/01\/conadu.png",600,350,false],"1536x1536":["https:\/\/apuntesdesanluis.com\/wp-content\/uploads\/2024\/01\/conadu.png",600,350,false],"2048x2048":["https:\/\/apuntesdesanluis.com\/wp-content\/uploads\/2024\/01\/conadu.png",600,350,false],"newsever-slider-full":["https:\/\/apuntesdesanluis.com\/wp-content\/uploads\/2024\/01\/conadu.png",600,350,false],"newsever-featured":["https:\/\/apuntesdesanluis.com\/wp-content\/uploads\/2024\/01\/conadu.png",600,350,false],"newsever-medium":["https:\/\/apuntesdesanluis.com\/wp-content\/uploads\/2024\/01\/conadu.png",600,350,false]},"author_info":{"display_name":"apuntesdesanluis.com","author_link":"https:\/\/apuntesdesanluis.com\/index.php\/author\/apuntesdesanluis-com\/"},"category_info":"<a href=\"https:\/\/apuntesdesanluis.com\/index.php\/category\/nacionales-internacionales\/\" rel=\"category tag\">Nacionales\/Internacionales<\/a>","tag_info":"Nacionales\/Internacionales","comment_count":"0","_links":{"self":[{"href":"https:\/\/apuntesdesanluis.com\/index.php\/wp-json\/wp\/v2\/posts\/10533","targetHints":{"allow":["GET"]}}],"collection":[{"href":"https:\/\/apuntesdesanluis.com\/index.php\/wp-json\/wp\/v2\/posts"}],"about":[{"href":"https:\/\/apuntesdesanluis.com\/index.php\/wp-json\/wp\/v2\/types\/post"}],"author":[{"embeddable":true,"href":"https:\/\/apuntesdesanluis.com\/index.php\/wp-json\/wp\/v2\/users\/1"}],"replies":[{"embeddable":true,"href":"https:\/\/apuntesdesanluis.com\/index.php\/wp-json\/wp\/v2\/comments?post=10533"}],"version-history":[{"count":1,"href":"https:\/\/apuntesdesanluis.com\/index.php\/wp-json\/wp\/v2\/posts\/10533\/revisions"}],"predecessor-version":[{"id":10535,"href":"https:\/\/apuntesdesanluis.com\/index.php\/wp-json\/wp\/v2\/posts\/10533\/revisions\/10535"}],"wp:featuredmedia":[{"embeddable":true,"href":"https:\/\/apuntesdesanluis.com\/index.php\/wp-json\/wp\/v2\/media\/10534"}],"wp:attachment":[{"href":"https:\/\/apuntesdesanluis.com\/index.php\/wp-json\/wp\/v2\/media?parent=10533"}],"wp:term":[{"taxonomy":"category","embeddable":true,"href":"https:\/\/apuntesdesanluis.com\/index.php\/wp-json\/wp\/v2\/categories?post=10533"},{"taxonomy":"post_tag","embeddable":true,"href":"https:\/\/apuntesdesanluis.com\/index.php\/wp-json\/wp\/v2\/tags?post=10533"}],"curies":[{"name":"wp","href":"https:\/\/api.w.org\/{rel}","templated":true}]}}