{"id":10536,"date":"2024-01-23T19:59:37","date_gmt":"2024-01-23T22:59:37","guid":{"rendered":"https:\/\/apuntesdesanluis.com\/?p=10536"},"modified":"2024-01-23T20:09:57","modified_gmt":"2024-01-23T23:09:57","slug":"no-se-debe-legitimar-el-avasallamiento-juridico-y-el-totalitarismo","status":"publish","type":"post","link":"https:\/\/apuntesdesanluis.com\/index.php\/2024\/01\/23\/no-se-debe-legitimar-el-avasallamiento-juridico-y-el-totalitarismo\/","title":{"rendered":"\u201cNO SE DEBE LEGITIMAR EL AVASALLAMIENTO JUR\u00cdDICO Y EL TOTALITARISMO&#8221;"},"content":{"rendered":"<h3>As\u00ed se titula el documento que hizo p\u00fablico la CGT local, al expresar su adhesi\u00f3n a la medida de protesta que se realizar\u00e1 contra el gobierno nacional y hacer llegar su posici\u00f3n a los legisladores nacionales de San Luis.<\/h3>\n<h3>La <span style=\"color: #000000;\"><strong>Confederaci\u00f3n General del Trabajo<\/strong> (CGT Regional Villa Mercedes)<\/span> consider\u00f3 que el Decreto de Necesidad y Urgencia (DNU), dictado el 20 de diciembre pasado por <strong>Javier Milei<\/strong>, y la llamada Ley \u00d3mnibus para la \u201cdesregulaci\u00f3n econ\u00f3mica del pa\u00eds\u201d, representan un &#8220;<strong>peligroso intento presidencial por arrogarse la suma del poder p\u00fablico&#8221;<\/strong>.<\/h3>\n<h3>La entidad gremial emiti\u00f3 un dur\u00edsimo pronunciamiento en la v\u00edspera del paro general de este mi\u00e9rcoles, el cual hizo llegar a los legisladores nacionales que representan a la provincia de San Luis: los diputados nacionales: <strong>Natalia Zabala Chacur, Karina Bachey, Carlos D\u2019alessandro, Alberto Arancibia Rodr\u00edguez, Ernesto Nader Ali<\/strong> (electo). Y a los senadores nacionales: <strong>Bartolo Abdala, Ivana Arrascaeta<\/strong> y <strong>Fernando Salino.<\/strong><\/h3>\n<h3>El comunicado lo firman los Secretarios Generales de la CGT local, <strong>An\u00edbal G\u00f3mez<\/strong> (ATSA), <strong>Carlos Garmendia<\/strong> (Luz y Fuerza), <strong>V\u00edctor G\u00f3mez<\/strong> (UOM) y <strong>Jorge Lazarini<\/strong> (UDA) y agrega en forma textual:<\/h3>\n<h3>Se persigue a trav\u00e9s de un decreto de m\u00e1s de 80 p\u00e1ginas y 366 art\u00edculos, derogar unas 300 normas vigentes, incluyendo \u2014de modo ins\u00f3lito\u2014 a m\u00e1s de 40 leyes. El decreto pretende ponerse por encima, por ejemplo, de la Constituci\u00f3n Nacional, el C\u00f3digo Penal y el C\u00f3digo Civil de la Naci\u00f3n, modificar la Ley de Contrato de Trabajo, anular la Ley de Alquileres, la Ley de Movilidad Jubilatoria, la Ley de Pesca, la Ley de Tierras, la Ley de Hidrocarburos y cambiar las regulaciones de la sanidad privada, del sector aerocomercial, de las empresas del Estado y de los medios de comunicaci\u00f3n, entre tantos otros rubros.<\/h3>\n<h3>Adem\u00e1s, muchos cap\u00edtulos del DNU tratan sobre cuestiones locales, lo que lleva a la violaci\u00f3n del r\u00e9gimen establecido en art\u00edculo 1\u00b0 de nuestra Constituci\u00f3n. Esto es, el <strong>federalismo<\/strong>.<\/h3>\n<h3>No caben dudas que <strong>las cuestionadas regulaciones que se quieren pulverizar, son precisamente aquellas que protegen a los m\u00e1s d\u00e9biles de la sociedad<\/strong>. Por el contrario, la liberaci\u00f3n de la econom\u00eda favorece \u00fanicamente a los empresarios, en detrimento del pueblo.<\/h3>\n<h3>En este sentido<strong>, la \u201cmodernizaci\u00f3n\u201d del r\u00e9gimen de trabajo incluye reformas que claramente facilitan el despido<\/strong>. Por ejemplo, se reduce la base de las indemnizaciones y ampl\u00eda el per\u00edodo de prueba de los trabajadores de tres a ocho meses. Adem\u00e1s, permite el despido si el empleado protesta, cercenando el derecho leg\u00edtimo de huelga y recortando derechos laborales.<\/h3>\n<h3>Por otro lado, se pretende restablecer el piso del <strong>Impuesto a las Ganancias<\/strong>, cuando ya nadie discute que el salario es una retribuci\u00f3n al esfuerzo del trabajador, no una renta extraordinaria.<\/h3>\n<h3>Con el pretexto de achicar el Estado, <strong>se impulsa la privatizaci\u00f3n de organismos y empresas que no son deficitarias o que tienen directa relaci\u00f3n con el desarrollo nacional y la soberan\u00eda<\/strong> (Banco Naci\u00f3n, YPF, Aerol\u00edneas Argentinas, etc.) o con la <strong>ciencia y la investigaci\u00f3n<\/strong> (Conicet, Arsat, INTA, etc.). Al mismo tiempo, <strong>se desfinancia a las universidades y se plantea una pseudo privatizaci\u00f3n de la educaci\u00f3n<\/strong>.<\/h3>\n<h3>El presidente Milei argumenta que estamos al borde del abismo y que lo avala la legitimidad popular. Sobre esto \u00faltimo, vale decir que eso <strong>de ning\u00fan modo habilita otorgarle un cheque en blanco para atropellar las instituciones y las leyes<\/strong>. Porque el resultado ser\u00e1, precisamente, poner en duda la propia seguridad jur\u00eddica que dice querer proteger para atraer inversiones.<\/h3>\n<h3>Sobre lo segundo, <strong>la \u00fanica urgencia real es atender las consecuencias del brutal ajuste provocado por la devaluaci\u00f3n dispuesta por el mismo gobierno, que empobreci\u00f3 los ingresos de los trabajadores<\/strong>. Devaluaci\u00f3n que fue la tercera m\u00e1s grande de la historia argentina.<\/h3>\n<h3>Seg\u00fan un informe del Centro Estrat\u00e9gico Latinoamericano de Geopol\u00edtica (CELAG), la <strong>suba del 118% del d\u00f3lar mayorista<\/strong> (de $366 a $800, el 13\/12) <strong>signific\u00f3 casi el doble de la devaluaci\u00f3n de Eduardo Duhalde en 2002.<\/strong> Por encima solo quedaron las de la hiperinflaci\u00f3n, ambas en el &#8217;89.<\/h3>\n<h3>Otra medida brutal fue autorizar en diciembre el <strong>aumento del<\/strong> <strong>27% en los combustibles<\/strong>, entre otros, que impact\u00f3 sobre los precios. No casualmente tuvimos un <strong>25,5% de inflaci\u00f3n<\/strong>, la m\u00e1s alta de las \u00faltimas d\u00e9cadas, que para el presidente, sin embargo, fue un \u201c\u00e9xito tremendo\u201d.<\/h3>\n<h3>La <strong>CGT Regional Villa Mercedes<\/strong> <strong>reclama a los legisladores nacionales que representan a nuestra provincia, la<\/strong> <strong>DEFENSA IRRESTRICTA A LOS DERECHOS INALTERABLES DE LA SOCIEDAD, PONER UN FRENO A LOS DESBORDES TOTALITARIOS DEL EJECUTIVO NACIONAL Y ACTUAR CON VALENT\u00cdA Y VERDADERO SENTIDO PATRI\u00d3TICO<\/strong>.<\/h3>\n","protected":false},"excerpt":{"rendered":"<p>As\u00ed se titula el documento que hizo p\u00fablico la CGT local, al expresar su adhesi\u00f3n&#8230;<\/p>\n","protected":false},"author":1,"featured_media":10537,"comment_status":"closed","ping_status":"closed","sticky":false,"template":"","format":"standard","meta":{"footnotes":""},"categories":[6],"tags":[],"class_list":["post-10536","post","type-post","status-publish","format-standard","has-post-thumbnail","hentry","category-ciudad-provincia"],"yoast_head":"<!-- This site is optimized with the Yoast SEO plugin v26.1.1 - https:\/\/yoast.com\/wordpress\/plugins\/seo\/ -->\n<title>\u201cNO SE DEBE LEGITIMAR EL AVASALLAMIENTO JUR\u00cdDICO Y EL TOTALITARISMO&quot; - Apuntes de San Luis<\/title>\n<meta name=\"robots\" content=\"index, follow, max-snippet:-1, max-image-preview:large, max-video-preview:-1\" \/>\n<link rel=\"canonical\" href=\"https:\/\/apuntesdesanluis.com\/index.php\/2024\/01\/23\/no-se-debe-legitimar-el-avasallamiento-juridico-y-el-totalitarismo\/\" \/>\n<meta property=\"og:locale\" content=\"es_ES\" \/>\n<meta property=\"og:type\" content=\"article\" \/>\n<meta property=\"og:title\" content=\"\u201cNO SE DEBE LEGITIMAR EL AVASALLAMIENTO JUR\u00cdDICO Y EL TOTALITARISMO&quot; - Apuntes de San Luis\" \/>\n<meta property=\"og:description\" content=\"As\u00ed se titula el documento que hizo p\u00fablico la CGT local, al expresar su adhesi\u00f3n...\" \/>\n<meta property=\"og:url\" content=\"https:\/\/apuntesdesanluis.com\/index.php\/2024\/01\/23\/no-se-debe-legitimar-el-avasallamiento-juridico-y-el-totalitarismo\/\" \/>\n<meta property=\"og:site_name\" content=\"Apuntes de San Luis\" \/>\n<meta property=\"article:published_time\" content=\"2024-01-23T22:59:37+00:00\" \/>\n<meta property=\"article:modified_time\" content=\"2024-01-23T23:09:57+00:00\" \/>\n<meta property=\"og:image\" content=\"https:\/\/apuntesdesanluis.com\/wp-content\/uploads\/2024\/01\/cgt.png\" \/>\n\t<meta property=\"og:image:width\" content=\"600\" \/>\n\t<meta property=\"og:image:height\" content=\"356\" \/>\n\t<meta property=\"og:image:type\" content=\"image\/png\" \/>\n<meta name=\"author\" content=\"apuntesdesanluis.com\" \/>\n<meta name=\"twitter:card\" content=\"summary_large_image\" \/>\n<meta name=\"twitter:label1\" content=\"Escrito por\" \/>\n\t<meta name=\"twitter:data1\" content=\"apuntesdesanluis.com\" \/>\n\t<meta name=\"twitter:label2\" content=\"Tiempo de lectura\" \/>\n\t<meta name=\"twitter:data2\" content=\"4 minutos\" \/>\n<script type=\"application\/ld+json\" class=\"yoast-schema-graph\">{\"@context\":\"https:\/\/schema.org\",\"@graph\":[{\"@type\":\"Article\",\"@id\":\"https:\/\/apuntesdesanluis.com\/index.php\/2024\/01\/23\/no-se-debe-legitimar-el-avasallamiento-juridico-y-el-totalitarismo\/#article\",\"isPartOf\":{\"@id\":\"https:\/\/apuntesdesanluis.com\/index.php\/2024\/01\/23\/no-se-debe-legitimar-el-avasallamiento-juridico-y-el-totalitarismo\/\"},\"author\":{\"name\":\"apuntesdesanluis.com\",\"@id\":\"https:\/\/apuntesdesanluis.com\/#\/schema\/person\/b55151d52296fcce64d1a72538a70b90\"},\"headline\":\"\u201cNO SE DEBE LEGITIMAR EL AVASALLAMIENTO JUR\u00cdDICO Y EL TOTALITARISMO&#8221;\",\"datePublished\":\"2024-01-23T22:59:37+00:00\",\"dateModified\":\"2024-01-23T23:09:57+00:00\",\"mainEntityOfPage\":{\"@id\":\"https:\/\/apuntesdesanluis.com\/index.php\/2024\/01\/23\/no-se-debe-legitimar-el-avasallamiento-juridico-y-el-totalitarismo\/\"},\"wordCount\":810,\"publisher\":{\"@id\":\"https:\/\/apuntesdesanluis.com\/#\/schema\/person\/b55151d52296fcce64d1a72538a70b90\"},\"image\":{\"@id\":\"https:\/\/apuntesdesanluis.com\/index.php\/2024\/01\/23\/no-se-debe-legitimar-el-avasallamiento-juridico-y-el-totalitarismo\/#primaryimage\"},\"thumbnailUrl\":\"https:\/\/apuntesdesanluis.com\/wp-content\/uploads\/2024\/01\/cgt.png\",\"articleSection\":[\"Ciudad\/Provincia\"],\"inLanguage\":\"es-AR\"},{\"@type\":\"WebPage\",\"@id\":\"https:\/\/apuntesdesanluis.com\/index.php\/2024\/01\/23\/no-se-debe-legitimar-el-avasallamiento-juridico-y-el-totalitarismo\/\",\"url\":\"https:\/\/apuntesdesanluis.com\/index.php\/2024\/01\/23\/no-se-debe-legitimar-el-avasallamiento-juridico-y-el-totalitarismo\/\",\"name\":\"\u201cNO SE DEBE LEGITIMAR EL AVASALLAMIENTO JUR\u00cdDICO Y EL TOTALITARISMO\\\" - Apuntes de San Luis\",\"isPartOf\":{\"@id\":\"https:\/\/apuntesdesanluis.com\/#website\"},\"primaryImageOfPage\":{\"@id\":\"https:\/\/apuntesdesanluis.com\/index.php\/2024\/01\/23\/no-se-debe-legitimar-el-avasallamiento-juridico-y-el-totalitarismo\/#primaryimage\"},\"image\":{\"@id\":\"https:\/\/apuntesdesanluis.com\/index.php\/2024\/01\/23\/no-se-debe-legitimar-el-avasallamiento-juridico-y-el-totalitarismo\/#primaryimage\"},\"thumbnailUrl\":\"https:\/\/apuntesdesanluis.com\/wp-content\/uploads\/2024\/01\/cgt.png\",\"datePublished\":\"2024-01-23T22:59:37+00:00\",\"dateModified\":\"2024-01-23T23:09:57+00:00\",\"breadcrumb\":{\"@id\":\"https:\/\/apuntesdesanluis.com\/index.php\/2024\/01\/23\/no-se-debe-legitimar-el-avasallamiento-juridico-y-el-totalitarismo\/#breadcrumb\"},\"inLanguage\":\"es-AR\",\"potentialAction\":[{\"@type\":\"ReadAction\",\"target\":[\"https:\/\/apuntesdesanluis.com\/index.php\/2024\/01\/23\/no-se-debe-legitimar-el-avasallamiento-juridico-y-el-totalitarismo\/\"]}]},{\"@type\":\"ImageObject\",\"inLanguage\":\"es-AR\",\"@id\":\"https:\/\/apuntesdesanluis.com\/index.php\/2024\/01\/23\/no-se-debe-legitimar-el-avasallamiento-juridico-y-el-totalitarismo\/#primaryimage\",\"url\":\"https:\/\/apuntesdesanluis.com\/wp-content\/uploads\/2024\/01\/cgt.png\",\"contentUrl\":\"https:\/\/apuntesdesanluis.com\/wp-content\/uploads\/2024\/01\/cgt.png\",\"width\":600,\"height\":356},{\"@type\":\"BreadcrumbList\",\"@id\":\"https:\/\/apuntesdesanluis.com\/index.php\/2024\/01\/23\/no-se-debe-legitimar-el-avasallamiento-juridico-y-el-totalitarismo\/#breadcrumb\",\"itemListElement\":[{\"@type\":\"ListItem\",\"position\":1,\"name\":\"Inicio\",\"item\":\"https:\/\/apuntesdesanluis.com\/\"},{\"@type\":\"ListItem\",\"position\":2,\"name\":\"\u201cNO SE DEBE LEGITIMAR EL AVASALLAMIENTO JUR\u00cdDICO Y EL TOTALITARISMO&#8221;\"}]},{\"@type\":\"WebSite\",\"@id\":\"https:\/\/apuntesdesanluis.com\/#website\",\"url\":\"https:\/\/apuntesdesanluis.com\/\",\"name\":\"Apuntes de San Luis\",\"description\":\"\",\"publisher\":{\"@id\":\"https:\/\/apuntesdesanluis.com\/#\/schema\/person\/b55151d52296fcce64d1a72538a70b90\"},\"potentialAction\":[{\"@type\":\"SearchAction\",\"target\":{\"@type\":\"EntryPoint\",\"urlTemplate\":\"https:\/\/apuntesdesanluis.com\/?s={search_term_string}\"},\"query-input\":{\"@type\":\"PropertyValueSpecification\",\"valueRequired\":true,\"valueName\":\"search_term_string\"}}],\"inLanguage\":\"es-AR\"},{\"@type\":[\"Person\",\"Organization\"],\"@id\":\"https:\/\/apuntesdesanluis.com\/#\/schema\/person\/b55151d52296fcce64d1a72538a70b90\",\"name\":\"apuntesdesanluis.com\",\"image\":{\"@type\":\"ImageObject\",\"inLanguage\":\"es-AR\",\"@id\":\"https:\/\/apuntesdesanluis.com\/#\/schema\/person\/image\/\",\"url\":\"https:\/\/apuntesdesanluis.com\/wp-content\/uploads\/2023\/07\/cropped-apuntesdesanluis.png\",\"contentUrl\":\"https:\/\/apuntesdesanluis.com\/wp-content\/uploads\/2023\/07\/cropped-apuntesdesanluis.png\",\"width\":450,\"height\":112,\"caption\":\"apuntesdesanluis.com\"},\"logo\":{\"@id\":\"https:\/\/apuntesdesanluis.com\/#\/schema\/person\/image\/\"},\"sameAs\":[\"https:\/\/apuntesdesanluis.com\"],\"url\":\"https:\/\/apuntesdesanluis.com\/index.php\/author\/apuntesdesanluis-com\/\"}]}<\/script>\n<!-- \/ Yoast SEO plugin. -->","yoast_head_json":{"title":"\u201cNO SE DEBE LEGITIMAR EL AVASALLAMIENTO JUR\u00cdDICO Y EL TOTALITARISMO\" - Apuntes de San Luis","robots":{"index":"index","follow":"follow","max-snippet":"max-snippet:-1","max-image-preview":"max-image-preview:large","max-video-preview":"max-video-preview:-1"},"canonical":"https:\/\/apuntesdesanluis.com\/index.php\/2024\/01\/23\/no-se-debe-legitimar-el-avasallamiento-juridico-y-el-totalitarismo\/","og_locale":"es_ES","og_type":"article","og_title":"\u201cNO SE DEBE LEGITIMAR EL AVASALLAMIENTO JUR\u00cdDICO Y EL TOTALITARISMO\" - Apuntes de San Luis","og_description":"As\u00ed se titula el documento que hizo p\u00fablico la CGT local, al expresar su adhesi\u00f3n...","og_url":"https:\/\/apuntesdesanluis.com\/index.php\/2024\/01\/23\/no-se-debe-legitimar-el-avasallamiento-juridico-y-el-totalitarismo\/","og_site_name":"Apuntes de San Luis","article_published_time":"2024-01-23T22:59:37+00:00","article_modified_time":"2024-01-23T23:09:57+00:00","og_image":[{"width":600,"height":356,"url":"https:\/\/apuntesdesanluis.com\/wp-content\/uploads\/2024\/01\/cgt.png","type":"image\/png"}],"author":"apuntesdesanluis.com","twitter_card":"summary_large_image","twitter_misc":{"Escrito por":"apuntesdesanluis.com","Tiempo de lectura":"4 minutos"},"schema":{"@context":"https:\/\/schema.org","@graph":[{"@type":"Article","@id":"https:\/\/apuntesdesanluis.com\/index.php\/2024\/01\/23\/no-se-debe-legitimar-el-avasallamiento-juridico-y-el-totalitarismo\/#article","isPartOf":{"@id":"https:\/\/apuntesdesanluis.com\/index.php\/2024\/01\/23\/no-se-debe-legitimar-el-avasallamiento-juridico-y-el-totalitarismo\/"},"author":{"name":"apuntesdesanluis.com","@id":"https:\/\/apuntesdesanluis.com\/#\/schema\/person\/b55151d52296fcce64d1a72538a70b90"},"headline":"\u201cNO SE DEBE LEGITIMAR EL AVASALLAMIENTO JUR\u00cdDICO Y EL TOTALITARISMO&#8221;","datePublished":"2024-01-23T22:59:37+00:00","dateModified":"2024-01-23T23:09:57+00:00","mainEntityOfPage":{"@id":"https:\/\/apuntesdesanluis.com\/index.php\/2024\/01\/23\/no-se-debe-legitimar-el-avasallamiento-juridico-y-el-totalitarismo\/"},"wordCount":810,"publisher":{"@id":"https:\/\/apuntesdesanluis.com\/#\/schema\/person\/b55151d52296fcce64d1a72538a70b90"},"image":{"@id":"https:\/\/apuntesdesanluis.com\/index.php\/2024\/01\/23\/no-se-debe-legitimar-el-avasallamiento-juridico-y-el-totalitarismo\/#primaryimage"},"thumbnailUrl":"https:\/\/apuntesdesanluis.com\/wp-content\/uploads\/2024\/01\/cgt.png","articleSection":["Ciudad\/Provincia"],"inLanguage":"es-AR"},{"@type":"WebPage","@id":"https:\/\/apuntesdesanluis.com\/index.php\/2024\/01\/23\/no-se-debe-legitimar-el-avasallamiento-juridico-y-el-totalitarismo\/","url":"https:\/\/apuntesdesanluis.com\/index.php\/2024\/01\/23\/no-se-debe-legitimar-el-avasallamiento-juridico-y-el-totalitarismo\/","name":"\u201cNO SE DEBE LEGITIMAR EL AVASALLAMIENTO JUR\u00cdDICO Y EL TOTALITARISMO\" - Apuntes de San Luis","isPartOf":{"@id":"https:\/\/apuntesdesanluis.com\/#website"},"primaryImageOfPage":{"@id":"https:\/\/apuntesdesanluis.com\/index.php\/2024\/01\/23\/no-se-debe-legitimar-el-avasallamiento-juridico-y-el-totalitarismo\/#primaryimage"},"image":{"@id":"https:\/\/apuntesdesanluis.com\/index.php\/2024\/01\/23\/no-se-debe-legitimar-el-avasallamiento-juridico-y-el-totalitarismo\/#primaryimage"},"thumbnailUrl":"https:\/\/apuntesdesanluis.com\/wp-content\/uploads\/2024\/01\/cgt.png","datePublished":"2024-01-23T22:59:37+00:00","dateModified":"2024-01-23T23:09:57+00:00","breadcrumb":{"@id":"https:\/\/apuntesdesanluis.com\/index.php\/2024\/01\/23\/no-se-debe-legitimar-el-avasallamiento-juridico-y-el-totalitarismo\/#breadcrumb"},"inLanguage":"es-AR","potentialAction":[{"@type":"ReadAction","target":["https:\/\/apuntesdesanluis.com\/index.php\/2024\/01\/23\/no-se-debe-legitimar-el-avasallamiento-juridico-y-el-totalitarismo\/"]}]},{"@type":"ImageObject","inLanguage":"es-AR","@id":"https:\/\/apuntesdesanluis.com\/index.php\/2024\/01\/23\/no-se-debe-legitimar-el-avasallamiento-juridico-y-el-totalitarismo\/#primaryimage","url":"https:\/\/apuntesdesanluis.com\/wp-content\/uploads\/2024\/01\/cgt.png","contentUrl":"https:\/\/apuntesdesanluis.com\/wp-content\/uploads\/2024\/01\/cgt.png","width":600,"height":356},{"@type":"BreadcrumbList","@id":"https:\/\/apuntesdesanluis.com\/index.php\/2024\/01\/23\/no-se-debe-legitimar-el-avasallamiento-juridico-y-el-totalitarismo\/#breadcrumb","itemListElement":[{"@type":"ListItem","position":1,"name":"Inicio","item":"https:\/\/apuntesdesanluis.com\/"},{"@type":"ListItem","position":2,"name":"\u201cNO SE DEBE LEGITIMAR EL AVASALLAMIENTO JUR\u00cdDICO Y EL TOTALITARISMO&#8221;"}]},{"@type":"WebSite","@id":"https:\/\/apuntesdesanluis.com\/#website","url":"https:\/\/apuntesdesanluis.com\/","name":"Apuntes de San Luis","description":"","publisher":{"@id":"https:\/\/apuntesdesanluis.com\/#\/schema\/person\/b55151d52296fcce64d1a72538a70b90"},"potentialAction":[{"@type":"SearchAction","target":{"@type":"EntryPoint","urlTemplate":"https:\/\/apuntesdesanluis.com\/?s={search_term_string}"},"query-input":{"@type":"PropertyValueSpecification","valueRequired":true,"valueName":"search_term_string"}}],"inLanguage":"es-AR"},{"@type":["Person","Organization"],"@id":"https:\/\/apuntesdesanluis.com\/#\/schema\/person\/b55151d52296fcce64d1a72538a70b90","name":"apuntesdesanluis.com","image":{"@type":"ImageObject","inLanguage":"es-AR","@id":"https:\/\/apuntesdesanluis.com\/#\/schema\/person\/image\/","url":"https:\/\/apuntesdesanluis.com\/wp-content\/uploads\/2023\/07\/cropped-apuntesdesanluis.png","contentUrl":"https:\/\/apuntesdesanluis.com\/wp-content\/uploads\/2023\/07\/cropped-apuntesdesanluis.png","width":450,"height":112,"caption":"apuntesdesanluis.com"},"logo":{"@id":"https:\/\/apuntesdesanluis.com\/#\/schema\/person\/image\/"},"sameAs":["https:\/\/apuntesdesanluis.com"],"url":"https:\/\/apuntesdesanluis.com\/index.php\/author\/apuntesdesanluis-com\/"}]}},"featured_image_urls":{"full":["https:\/\/apuntesdesanluis.com\/wp-content\/uploads\/2024\/01\/cgt.png",600,356,false],"thumbnail":["https:\/\/apuntesdesanluis.com\/wp-content\/uploads\/2024\/01\/cgt-150x150.png",150,150,true],"medium":["https:\/\/apuntesdesanluis.com\/wp-content\/uploads\/2024\/01\/cgt-300x178.png",300,178,true],"medium_large":["https:\/\/apuntesdesanluis.com\/wp-content\/uploads\/2024\/01\/cgt.png",600,356,false],"large":["https:\/\/apuntesdesanluis.com\/wp-content\/uploads\/2024\/01\/cgt.png",600,356,false],"1536x1536":["https:\/\/apuntesdesanluis.com\/wp-content\/uploads\/2024\/01\/cgt.png",600,356,false],"2048x2048":["https:\/\/apuntesdesanluis.com\/wp-content\/uploads\/2024\/01\/cgt.png",600,356,false],"newsever-slider-full":["https:\/\/apuntesdesanluis.com\/wp-content\/uploads\/2024\/01\/cgt.png",600,356,false],"newsever-featured":["https:\/\/apuntesdesanluis.com\/wp-content\/uploads\/2024\/01\/cgt.png",600,356,false],"newsever-medium":["https:\/\/apuntesdesanluis.com\/wp-content\/uploads\/2024\/01\/cgt.png",600,356,false]},"author_info":{"display_name":"apuntesdesanluis.com","author_link":"https:\/\/apuntesdesanluis.com\/index.php\/author\/apuntesdesanluis-com\/"},"category_info":"<a href=\"https:\/\/apuntesdesanluis.com\/index.php\/category\/ciudad-provincia\/\" rel=\"category tag\">Ciudad\/Provincia<\/a>","tag_info":"Ciudad\/Provincia","comment_count":"0","_links":{"self":[{"href":"https:\/\/apuntesdesanluis.com\/index.php\/wp-json\/wp\/v2\/posts\/10536","targetHints":{"allow":["GET"]}}],"collection":[{"href":"https:\/\/apuntesdesanluis.com\/index.php\/wp-json\/wp\/v2\/posts"}],"about":[{"href":"https:\/\/apuntesdesanluis.com\/index.php\/wp-json\/wp\/v2\/types\/post"}],"author":[{"embeddable":true,"href":"https:\/\/apuntesdesanluis.com\/index.php\/wp-json\/wp\/v2\/users\/1"}],"replies":[{"embeddable":true,"href":"https:\/\/apuntesdesanluis.com\/index.php\/wp-json\/wp\/v2\/comments?post=10536"}],"version-history":[{"count":3,"href":"https:\/\/apuntesdesanluis.com\/index.php\/wp-json\/wp\/v2\/posts\/10536\/revisions"}],"predecessor-version":[{"id":10540,"href":"https:\/\/apuntesdesanluis.com\/index.php\/wp-json\/wp\/v2\/posts\/10536\/revisions\/10540"}],"wp:featuredmedia":[{"embeddable":true,"href":"https:\/\/apuntesdesanluis.com\/index.php\/wp-json\/wp\/v2\/media\/10537"}],"wp:attachment":[{"href":"https:\/\/apuntesdesanluis.com\/index.php\/wp-json\/wp\/v2\/media?parent=10536"}],"wp:term":[{"taxonomy":"category","embeddable":true,"href":"https:\/\/apuntesdesanluis.com\/index.php\/wp-json\/wp\/v2\/categories?post=10536"},{"taxonomy":"post_tag","embeddable":true,"href":"https:\/\/apuntesdesanluis.com\/index.php\/wp-json\/wp\/v2\/tags?post=10536"}],"curies":[{"name":"wp","href":"https:\/\/api.w.org\/{rel}","templated":true}]}}