{"id":10543,"date":"2024-01-23T21:32:06","date_gmt":"2024-01-24T00:32:06","guid":{"rendered":"https:\/\/apuntesdesanluis.com\/?p=10543"},"modified":"2024-01-23T21:34:39","modified_gmt":"2024-01-24T00:34:39","slug":"ultiman-detalles-de-la-35-fiesta-nacional-de-la-calle-angosta","status":"publish","type":"post","link":"https:\/\/apuntesdesanluis.com\/index.php\/2024\/01\/23\/ultiman-detalles-de-la-35-fiesta-nacional-de-la-calle-angosta\/","title":{"rendered":"ULTIMAN DETALLES DE LA 35\u00b0 FIESTA NACIONAL DE LA CALLE ANGOSTA"},"content":{"rendered":"<h3>Este martes por la ma\u00f1ana el intendente <strong>Maximiliano Frontera<\/strong> encabez\u00f3 una conferencia en Casa de los Artistas, donde junto a autoridades de la Municipalidad brindaron detalles de lo que ser\u00e1 la 35\u00b0 edici\u00f3n de <strong>\u201cLa Fiesta de Todos\u201d<\/strong>, que se realizar\u00e1 los d\u00edas viernes 26 y s\u00e1bado 27 del corriente.<\/h3>\n<h3>El encuentro tuvo como objetivo dialogar, despejar dudas y accionar en conjunto para presentar la grilla que le dar\u00e1 vida al Alfonso y Zavala. Participaron la vice intendenta <strong>Silvina Galetto<\/strong>, la Secretaria General <strong>Carolina Sosa<\/strong> e integrantes de la Comisi\u00f3n Organizadora.<\/h3>\n<h3>Adem\u00e1s, el intendente recorri\u00f3 el predio del Complejo Cultural y Recreativo Calle Angosta, que una vez m\u00e1s se prepara para recibir a miles de personas de todo el pa\u00eds.<\/h3>\n<p><img fetchpriority=\"high\" decoding=\"async\" class=\"wp-image-10544 aligncenter\" src=\"https:\/\/apuntesdesanluis.com\/wp-content\/uploads\/2024\/01\/recorrida-300x205.png\" alt=\"\" width=\"580\" height=\"396\" srcset=\"https:\/\/apuntesdesanluis.com\/wp-content\/uploads\/2024\/01\/recorrida-300x205.png 300w, https:\/\/apuntesdesanluis.com\/wp-content\/uploads\/2024\/01\/recorrida.png 710w\" sizes=\"(max-width: 580px) 100vw, 580px\" \/><\/p>\n<h3>La entrada ser\u00e1 gratuita, a cambio de un alimento no perecedero, que ser\u00e1 destinado a C\u00e1ritas.<\/h3>\n<h3>\u201cEs una fiesta importante y no pod\u00edamos dejar de hacerla, porque es de referencia nacional e internacional. Estamos pasando una dif\u00edcil situaci\u00f3n econ\u00f3mica y el municipio no est\u00e1 en condiciones de afrontarlo, cuando hay otras prioridades. Tenemos que pensar y mirar adelante, teniendo en cuenta esta inestabilidad sin saber lo que va a pasar a nivel nacional. Debemos garantizar la cobertura de los servicios y afrontar el pago de sueldos\u201d, destac\u00f3 Frontera.<\/h3>\n<h3>Agreg\u00f3 al respecto que la realizaci\u00f3n de la fiesta demandar\u00e1 \u201ccero pesos al Estado\u201d.<\/h3>\n<p><img decoding=\"async\" class=\"wp-image-10545 aligncenter\" src=\"https:\/\/apuntesdesanluis.com\/wp-content\/uploads\/2024\/01\/danzas-300x210.png\" alt=\"\" width=\"583\" height=\"408\" srcset=\"https:\/\/apuntesdesanluis.com\/wp-content\/uploads\/2024\/01\/danzas-300x210.png 300w, https:\/\/apuntesdesanluis.com\/wp-content\/uploads\/2024\/01\/danzas.png 600w\" sizes=\"(max-width: 583px) 100vw, 583px\" \/><\/p>\n<h3>Se inform\u00f3 el nombre de todas las empresas que con sus aportes har\u00e1n posible la puesta en escena, en gran parte lo referido a cuestiones t\u00e9cnicas. \u201cSer\u00e1 una Calle Angosta hecha desde el coraz\u00f3n\u201d, dijeron, al tiempo que se inform\u00f3 que exhibir\u00e1n sus productos m\u00e1s de 150 emprendedores.<\/h3>\n<h3>Si bien se trata de la 35\u00ba edici\u00f3n, este a\u00f1o la fiesta alcanz\u00f3 los 40 a\u00f1os de vigencia. La primera vez se hizo fue el 1\u00ba de diciembre de 1984. Las otras se suspendieron por diferentes motivos, entre ellos la pandemia del coronavirus.<\/h3>\n<h3><\/h3>\n<h3>Si bien la grilla se est\u00e1 terminado de definir se conoci\u00f3 que estar\u00e1n presentes artistas de San Luis y de provincias vecinas, como San Juan y Mendoza. Destacaron que lo har\u00e1n sin cobrar por sus actuaciones, como gratitud y agradecimiento al festival, y que el inter\u00e9s de participaci\u00f3n super\u00f3 las expectativas. Se hicieron eco cantantes de Neuqu\u00e9n y de Santiago del Estero, de donde vendr\u00e1n Los Quijanos. Tambi\u00e9n habr\u00e1 un artista de Corrientes.<\/h3>\n<h3>Estar\u00e1n sobre el escenario Alfonso y Zavala, Las Cien Guitarras Mercedinas, Los Trovadores de Cuyo, Algarroba.com, Walter Sapino, Mercedinos, Los Guzm\u00e1n (muchos m\u00e1s), y todas las academias de danzas de la ciudad.<\/h3>\n<p>&nbsp;<\/p>\n<p>&nbsp;<\/p>\n<p>&nbsp;<\/p>\n","protected":false},"excerpt":{"rendered":"<p>Este martes por la ma\u00f1ana el intendente Maximiliano Frontera encabez\u00f3 una conferencia en Casa de&#8230;<\/p>\n","protected":false},"author":1,"featured_media":10547,"comment_status":"closed","ping_status":"closed","sticky":false,"template":"","format":"standard","meta":{"footnotes":""},"categories":[6],"tags":[],"class_list":["post-10543","post","type-post","status-publish","format-standard","has-post-thumbnail","hentry","category-ciudad-provincia"],"yoast_head":"<!-- This site is optimized with the Yoast SEO plugin v26.1.1 - https:\/\/yoast.com\/wordpress\/plugins\/seo\/ -->\n<title>ULTIMAN DETALLES DE LA 35\u00b0 FIESTA NACIONAL DE LA CALLE ANGOSTA - Apuntes de San Luis<\/title>\n<meta name=\"robots\" content=\"index, follow, max-snippet:-1, max-image-preview:large, max-video-preview:-1\" \/>\n<link rel=\"canonical\" href=\"https:\/\/apuntesdesanluis.com\/index.php\/2024\/01\/23\/ultiman-detalles-de-la-35-fiesta-nacional-de-la-calle-angosta\/\" \/>\n<meta property=\"og:locale\" content=\"es_ES\" \/>\n<meta property=\"og:type\" content=\"article\" \/>\n<meta property=\"og:title\" content=\"ULTIMAN DETALLES DE LA 35\u00b0 FIESTA NACIONAL DE LA CALLE ANGOSTA - Apuntes de San Luis\" \/>\n<meta property=\"og:description\" content=\"Este martes por la ma\u00f1ana el intendente Maximiliano Frontera encabez\u00f3 una conferencia en Casa de...\" \/>\n<meta property=\"og:url\" content=\"https:\/\/apuntesdesanluis.com\/index.php\/2024\/01\/23\/ultiman-detalles-de-la-35-fiesta-nacional-de-la-calle-angosta\/\" \/>\n<meta property=\"og:site_name\" content=\"Apuntes de San Luis\" \/>\n<meta property=\"article:published_time\" content=\"2024-01-24T00:32:06+00:00\" \/>\n<meta property=\"article:modified_time\" content=\"2024-01-24T00:34:39+00:00\" \/>\n<meta property=\"og:image\" content=\"https:\/\/apuntesdesanluis.com\/wp-content\/uploads\/2024\/01\/fiesta.png\" \/>\n\t<meta property=\"og:image:width\" content=\"600\" \/>\n\t<meta property=\"og:image:height\" content=\"379\" \/>\n\t<meta property=\"og:image:type\" content=\"image\/png\" \/>\n<meta name=\"author\" content=\"apuntesdesanluis.com\" \/>\n<meta name=\"twitter:card\" content=\"summary_large_image\" \/>\n<meta name=\"twitter:label1\" content=\"Escrito por\" \/>\n\t<meta name=\"twitter:data1\" content=\"apuntesdesanluis.com\" \/>\n\t<meta name=\"twitter:label2\" content=\"Tiempo de lectura\" \/>\n\t<meta name=\"twitter:data2\" content=\"3 minutos\" \/>\n<script type=\"application\/ld+json\" class=\"yoast-schema-graph\">{\"@context\":\"https:\/\/schema.org\",\"@graph\":[{\"@type\":\"Article\",\"@id\":\"https:\/\/apuntesdesanluis.com\/index.php\/2024\/01\/23\/ultiman-detalles-de-la-35-fiesta-nacional-de-la-calle-angosta\/#article\",\"isPartOf\":{\"@id\":\"https:\/\/apuntesdesanluis.com\/index.php\/2024\/01\/23\/ultiman-detalles-de-la-35-fiesta-nacional-de-la-calle-angosta\/\"},\"author\":{\"name\":\"apuntesdesanluis.com\",\"@id\":\"https:\/\/apuntesdesanluis.com\/#\/schema\/person\/b55151d52296fcce64d1a72538a70b90\"},\"headline\":\"ULTIMAN DETALLES DE LA 35\u00b0 FIESTA NACIONAL DE LA CALLE ANGOSTA\",\"datePublished\":\"2024-01-24T00:32:06+00:00\",\"dateModified\":\"2024-01-24T00:34:39+00:00\",\"mainEntityOfPage\":{\"@id\":\"https:\/\/apuntesdesanluis.com\/index.php\/2024\/01\/23\/ultiman-detalles-de-la-35-fiesta-nacional-de-la-calle-angosta\/\"},\"wordCount\":456,\"publisher\":{\"@id\":\"https:\/\/apuntesdesanluis.com\/#\/schema\/person\/b55151d52296fcce64d1a72538a70b90\"},\"image\":{\"@id\":\"https:\/\/apuntesdesanluis.com\/index.php\/2024\/01\/23\/ultiman-detalles-de-la-35-fiesta-nacional-de-la-calle-angosta\/#primaryimage\"},\"thumbnailUrl\":\"https:\/\/apuntesdesanluis.com\/wp-content\/uploads\/2024\/01\/fiesta.png\",\"articleSection\":[\"Ciudad\/Provincia\"],\"inLanguage\":\"es-AR\"},{\"@type\":\"WebPage\",\"@id\":\"https:\/\/apuntesdesanluis.com\/index.php\/2024\/01\/23\/ultiman-detalles-de-la-35-fiesta-nacional-de-la-calle-angosta\/\",\"url\":\"https:\/\/apuntesdesanluis.com\/index.php\/2024\/01\/23\/ultiman-detalles-de-la-35-fiesta-nacional-de-la-calle-angosta\/\",\"name\":\"ULTIMAN DETALLES DE LA 35\u00b0 FIESTA NACIONAL DE LA CALLE ANGOSTA - Apuntes de San Luis\",\"isPartOf\":{\"@id\":\"https:\/\/apuntesdesanluis.com\/#website\"},\"primaryImageOfPage\":{\"@id\":\"https:\/\/apuntesdesanluis.com\/index.php\/2024\/01\/23\/ultiman-detalles-de-la-35-fiesta-nacional-de-la-calle-angosta\/#primaryimage\"},\"image\":{\"@id\":\"https:\/\/apuntesdesanluis.com\/index.php\/2024\/01\/23\/ultiman-detalles-de-la-35-fiesta-nacional-de-la-calle-angosta\/#primaryimage\"},\"thumbnailUrl\":\"https:\/\/apuntesdesanluis.com\/wp-content\/uploads\/2024\/01\/fiesta.png\",\"datePublished\":\"2024-01-24T00:32:06+00:00\",\"dateModified\":\"2024-01-24T00:34:39+00:00\",\"breadcrumb\":{\"@id\":\"https:\/\/apuntesdesanluis.com\/index.php\/2024\/01\/23\/ultiman-detalles-de-la-35-fiesta-nacional-de-la-calle-angosta\/#breadcrumb\"},\"inLanguage\":\"es-AR\",\"potentialAction\":[{\"@type\":\"ReadAction\",\"target\":[\"https:\/\/apuntesdesanluis.com\/index.php\/2024\/01\/23\/ultiman-detalles-de-la-35-fiesta-nacional-de-la-calle-angosta\/\"]}]},{\"@type\":\"ImageObject\",\"inLanguage\":\"es-AR\",\"@id\":\"https:\/\/apuntesdesanluis.com\/index.php\/2024\/01\/23\/ultiman-detalles-de-la-35-fiesta-nacional-de-la-calle-angosta\/#primaryimage\",\"url\":\"https:\/\/apuntesdesanluis.com\/wp-content\/uploads\/2024\/01\/fiesta.png\",\"contentUrl\":\"https:\/\/apuntesdesanluis.com\/wp-content\/uploads\/2024\/01\/fiesta.png\",\"width\":600,\"height\":379},{\"@type\":\"BreadcrumbList\",\"@id\":\"https:\/\/apuntesdesanluis.com\/index.php\/2024\/01\/23\/ultiman-detalles-de-la-35-fiesta-nacional-de-la-calle-angosta\/#breadcrumb\",\"itemListElement\":[{\"@type\":\"ListItem\",\"position\":1,\"name\":\"Inicio\",\"item\":\"https:\/\/apuntesdesanluis.com\/\"},{\"@type\":\"ListItem\",\"position\":2,\"name\":\"ULTIMAN DETALLES DE LA 35\u00b0 FIESTA NACIONAL DE LA CALLE ANGOSTA\"}]},{\"@type\":\"WebSite\",\"@id\":\"https:\/\/apuntesdesanluis.com\/#website\",\"url\":\"https:\/\/apuntesdesanluis.com\/\",\"name\":\"Apuntes de San Luis\",\"description\":\"\",\"publisher\":{\"@id\":\"https:\/\/apuntesdesanluis.com\/#\/schema\/person\/b55151d52296fcce64d1a72538a70b90\"},\"potentialAction\":[{\"@type\":\"SearchAction\",\"target\":{\"@type\":\"EntryPoint\",\"urlTemplate\":\"https:\/\/apuntesdesanluis.com\/?s={search_term_string}\"},\"query-input\":{\"@type\":\"PropertyValueSpecification\",\"valueRequired\":true,\"valueName\":\"search_term_string\"}}],\"inLanguage\":\"es-AR\"},{\"@type\":[\"Person\",\"Organization\"],\"@id\":\"https:\/\/apuntesdesanluis.com\/#\/schema\/person\/b55151d52296fcce64d1a72538a70b90\",\"name\":\"apuntesdesanluis.com\",\"image\":{\"@type\":\"ImageObject\",\"inLanguage\":\"es-AR\",\"@id\":\"https:\/\/apuntesdesanluis.com\/#\/schema\/person\/image\/\",\"url\":\"https:\/\/apuntesdesanluis.com\/wp-content\/uploads\/2023\/07\/cropped-apuntesdesanluis.png\",\"contentUrl\":\"https:\/\/apuntesdesanluis.com\/wp-content\/uploads\/2023\/07\/cropped-apuntesdesanluis.png\",\"width\":450,\"height\":112,\"caption\":\"apuntesdesanluis.com\"},\"logo\":{\"@id\":\"https:\/\/apuntesdesanluis.com\/#\/schema\/person\/image\/\"},\"sameAs\":[\"https:\/\/apuntesdesanluis.com\"],\"url\":\"https:\/\/apuntesdesanluis.com\/index.php\/author\/apuntesdesanluis-com\/\"}]}<\/script>\n<!-- \/ Yoast SEO plugin. -->","yoast_head_json":{"title":"ULTIMAN DETALLES DE LA 35\u00b0 FIESTA NACIONAL DE LA CALLE ANGOSTA - Apuntes de San Luis","robots":{"index":"index","follow":"follow","max-snippet":"max-snippet:-1","max-image-preview":"max-image-preview:large","max-video-preview":"max-video-preview:-1"},"canonical":"https:\/\/apuntesdesanluis.com\/index.php\/2024\/01\/23\/ultiman-detalles-de-la-35-fiesta-nacional-de-la-calle-angosta\/","og_locale":"es_ES","og_type":"article","og_title":"ULTIMAN DETALLES DE LA 35\u00b0 FIESTA NACIONAL DE LA CALLE ANGOSTA - Apuntes de San Luis","og_description":"Este martes por la ma\u00f1ana el intendente Maximiliano Frontera encabez\u00f3 una conferencia en Casa de...","og_url":"https:\/\/apuntesdesanluis.com\/index.php\/2024\/01\/23\/ultiman-detalles-de-la-35-fiesta-nacional-de-la-calle-angosta\/","og_site_name":"Apuntes de San Luis","article_published_time":"2024-01-24T00:32:06+00:00","article_modified_time":"2024-01-24T00:34:39+00:00","og_image":[{"width":600,"height":379,"url":"https:\/\/apuntesdesanluis.com\/wp-content\/uploads\/2024\/01\/fiesta.png","type":"image\/png"}],"author":"apuntesdesanluis.com","twitter_card":"summary_large_image","twitter_misc":{"Escrito por":"apuntesdesanluis.com","Tiempo de lectura":"3 minutos"},"schema":{"@context":"https:\/\/schema.org","@graph":[{"@type":"Article","@id":"https:\/\/apuntesdesanluis.com\/index.php\/2024\/01\/23\/ultiman-detalles-de-la-35-fiesta-nacional-de-la-calle-angosta\/#article","isPartOf":{"@id":"https:\/\/apuntesdesanluis.com\/index.php\/2024\/01\/23\/ultiman-detalles-de-la-35-fiesta-nacional-de-la-calle-angosta\/"},"author":{"name":"apuntesdesanluis.com","@id":"https:\/\/apuntesdesanluis.com\/#\/schema\/person\/b55151d52296fcce64d1a72538a70b90"},"headline":"ULTIMAN DETALLES DE LA 35\u00b0 FIESTA NACIONAL DE LA CALLE ANGOSTA","datePublished":"2024-01-24T00:32:06+00:00","dateModified":"2024-01-24T00:34:39+00:00","mainEntityOfPage":{"@id":"https:\/\/apuntesdesanluis.com\/index.php\/2024\/01\/23\/ultiman-detalles-de-la-35-fiesta-nacional-de-la-calle-angosta\/"},"wordCount":456,"publisher":{"@id":"https:\/\/apuntesdesanluis.com\/#\/schema\/person\/b55151d52296fcce64d1a72538a70b90"},"image":{"@id":"https:\/\/apuntesdesanluis.com\/index.php\/2024\/01\/23\/ultiman-detalles-de-la-35-fiesta-nacional-de-la-calle-angosta\/#primaryimage"},"thumbnailUrl":"https:\/\/apuntesdesanluis.com\/wp-content\/uploads\/2024\/01\/fiesta.png","articleSection":["Ciudad\/Provincia"],"inLanguage":"es-AR"},{"@type":"WebPage","@id":"https:\/\/apuntesdesanluis.com\/index.php\/2024\/01\/23\/ultiman-detalles-de-la-35-fiesta-nacional-de-la-calle-angosta\/","url":"https:\/\/apuntesdesanluis.com\/index.php\/2024\/01\/23\/ultiman-detalles-de-la-35-fiesta-nacional-de-la-calle-angosta\/","name":"ULTIMAN DETALLES DE LA 35\u00b0 FIESTA NACIONAL DE LA CALLE ANGOSTA - Apuntes de San Luis","isPartOf":{"@id":"https:\/\/apuntesdesanluis.com\/#website"},"primaryImageOfPage":{"@id":"https:\/\/apuntesdesanluis.com\/index.php\/2024\/01\/23\/ultiman-detalles-de-la-35-fiesta-nacional-de-la-calle-angosta\/#primaryimage"},"image":{"@id":"https:\/\/apuntesdesanluis.com\/index.php\/2024\/01\/23\/ultiman-detalles-de-la-35-fiesta-nacional-de-la-calle-angosta\/#primaryimage"},"thumbnailUrl":"https:\/\/apuntesdesanluis.com\/wp-content\/uploads\/2024\/01\/fiesta.png","datePublished":"2024-01-24T00:32:06+00:00","dateModified":"2024-01-24T00:34:39+00:00","breadcrumb":{"@id":"https:\/\/apuntesdesanluis.com\/index.php\/2024\/01\/23\/ultiman-detalles-de-la-35-fiesta-nacional-de-la-calle-angosta\/#breadcrumb"},"inLanguage":"es-AR","potentialAction":[{"@type":"ReadAction","target":["https:\/\/apuntesdesanluis.com\/index.php\/2024\/01\/23\/ultiman-detalles-de-la-35-fiesta-nacional-de-la-calle-angosta\/"]}]},{"@type":"ImageObject","inLanguage":"es-AR","@id":"https:\/\/apuntesdesanluis.com\/index.php\/2024\/01\/23\/ultiman-detalles-de-la-35-fiesta-nacional-de-la-calle-angosta\/#primaryimage","url":"https:\/\/apuntesdesanluis.com\/wp-content\/uploads\/2024\/01\/fiesta.png","contentUrl":"https:\/\/apuntesdesanluis.com\/wp-content\/uploads\/2024\/01\/fiesta.png","width":600,"height":379},{"@type":"BreadcrumbList","@id":"https:\/\/apuntesdesanluis.com\/index.php\/2024\/01\/23\/ultiman-detalles-de-la-35-fiesta-nacional-de-la-calle-angosta\/#breadcrumb","itemListElement":[{"@type":"ListItem","position":1,"name":"Inicio","item":"https:\/\/apuntesdesanluis.com\/"},{"@type":"ListItem","position":2,"name":"ULTIMAN DETALLES DE LA 35\u00b0 FIESTA NACIONAL DE LA CALLE ANGOSTA"}]},{"@type":"WebSite","@id":"https:\/\/apuntesdesanluis.com\/#website","url":"https:\/\/apuntesdesanluis.com\/","name":"Apuntes de San Luis","description":"","publisher":{"@id":"https:\/\/apuntesdesanluis.com\/#\/schema\/person\/b55151d52296fcce64d1a72538a70b90"},"potentialAction":[{"@type":"SearchAction","target":{"@type":"EntryPoint","urlTemplate":"https:\/\/apuntesdesanluis.com\/?s={search_term_string}"},"query-input":{"@type":"PropertyValueSpecification","valueRequired":true,"valueName":"search_term_string"}}],"inLanguage":"es-AR"},{"@type":["Person","Organization"],"@id":"https:\/\/apuntesdesanluis.com\/#\/schema\/person\/b55151d52296fcce64d1a72538a70b90","name":"apuntesdesanluis.com","image":{"@type":"ImageObject","inLanguage":"es-AR","@id":"https:\/\/apuntesdesanluis.com\/#\/schema\/person\/image\/","url":"https:\/\/apuntesdesanluis.com\/wp-content\/uploads\/2023\/07\/cropped-apuntesdesanluis.png","contentUrl":"https:\/\/apuntesdesanluis.com\/wp-content\/uploads\/2023\/07\/cropped-apuntesdesanluis.png","width":450,"height":112,"caption":"apuntesdesanluis.com"},"logo":{"@id":"https:\/\/apuntesdesanluis.com\/#\/schema\/person\/image\/"},"sameAs":["https:\/\/apuntesdesanluis.com"],"url":"https:\/\/apuntesdesanluis.com\/index.php\/author\/apuntesdesanluis-com\/"}]}},"featured_image_urls":{"full":["https:\/\/apuntesdesanluis.com\/wp-content\/uploads\/2024\/01\/fiesta.png",600,379,false],"thumbnail":["https:\/\/apuntesdesanluis.com\/wp-content\/uploads\/2024\/01\/fiesta-150x150.png",150,150,true],"medium":["https:\/\/apuntesdesanluis.com\/wp-content\/uploads\/2024\/01\/fiesta-300x190.png",300,190,true],"medium_large":["https:\/\/apuntesdesanluis.com\/wp-content\/uploads\/2024\/01\/fiesta.png",600,379,false],"large":["https:\/\/apuntesdesanluis.com\/wp-content\/uploads\/2024\/01\/fiesta.png",600,379,false],"1536x1536":["https:\/\/apuntesdesanluis.com\/wp-content\/uploads\/2024\/01\/fiesta.png",600,379,false],"2048x2048":["https:\/\/apuntesdesanluis.com\/wp-content\/uploads\/2024\/01\/fiesta.png",600,379,false],"newsever-slider-full":["https:\/\/apuntesdesanluis.com\/wp-content\/uploads\/2024\/01\/fiesta.png",600,379,false],"newsever-featured":["https:\/\/apuntesdesanluis.com\/wp-content\/uploads\/2024\/01\/fiesta.png",600,379,false],"newsever-medium":["https:\/\/apuntesdesanluis.com\/wp-content\/uploads\/2024\/01\/fiesta.png",600,379,false]},"author_info":{"display_name":"apuntesdesanluis.com","author_link":"https:\/\/apuntesdesanluis.com\/index.php\/author\/apuntesdesanluis-com\/"},"category_info":"<a href=\"https:\/\/apuntesdesanluis.com\/index.php\/category\/ciudad-provincia\/\" rel=\"category tag\">Ciudad\/Provincia<\/a>","tag_info":"Ciudad\/Provincia","comment_count":"0","_links":{"self":[{"href":"https:\/\/apuntesdesanluis.com\/index.php\/wp-json\/wp\/v2\/posts\/10543","targetHints":{"allow":["GET"]}}],"collection":[{"href":"https:\/\/apuntesdesanluis.com\/index.php\/wp-json\/wp\/v2\/posts"}],"about":[{"href":"https:\/\/apuntesdesanluis.com\/index.php\/wp-json\/wp\/v2\/types\/post"}],"author":[{"embeddable":true,"href":"https:\/\/apuntesdesanluis.com\/index.php\/wp-json\/wp\/v2\/users\/1"}],"replies":[{"embeddable":true,"href":"https:\/\/apuntesdesanluis.com\/index.php\/wp-json\/wp\/v2\/comments?post=10543"}],"version-history":[{"count":2,"href":"https:\/\/apuntesdesanluis.com\/index.php\/wp-json\/wp\/v2\/posts\/10543\/revisions"}],"predecessor-version":[{"id":10548,"href":"https:\/\/apuntesdesanluis.com\/index.php\/wp-json\/wp\/v2\/posts\/10543\/revisions\/10548"}],"wp:featuredmedia":[{"embeddable":true,"href":"https:\/\/apuntesdesanluis.com\/index.php\/wp-json\/wp\/v2\/media\/10547"}],"wp:attachment":[{"href":"https:\/\/apuntesdesanluis.com\/index.php\/wp-json\/wp\/v2\/media?parent=10543"}],"wp:term":[{"taxonomy":"category","embeddable":true,"href":"https:\/\/apuntesdesanluis.com\/index.php\/wp-json\/wp\/v2\/categories?post=10543"},{"taxonomy":"post_tag","embeddable":true,"href":"https:\/\/apuntesdesanluis.com\/index.php\/wp-json\/wp\/v2\/tags?post=10543"}],"curies":[{"name":"wp","href":"https:\/\/api.w.org\/{rel}","templated":true}]}}