{"id":10549,"date":"2024-01-23T22:06:07","date_gmt":"2024-01-24T01:06:07","guid":{"rendered":"https:\/\/apuntesdesanluis.com\/?p=10549"},"modified":"2024-01-23T22:06:07","modified_gmt":"2024-01-24T01:06:07","slug":"apoyo-internacional-al-paro-de-la-cgt-movilizaciones-en-espana-alemania-italia-francia-y-otros-paises","status":"publish","type":"post","link":"https:\/\/apuntesdesanluis.com\/index.php\/2024\/01\/23\/apoyo-internacional-al-paro-de-la-cgt-movilizaciones-en-espana-alemania-italia-francia-y-otros-paises\/","title":{"rendered":"APOYO INTERNACIONAL AL PARO DE LA CGT: MOVILIZACIONES EN ESPA\u00d1A, ALEMANIA, ITALIA, FRANCIA Y OTROS PA\u00cdSES"},"content":{"rendered":"<h3>Gremios del mundo y argentinos residentes en el exterior respaldan la medida contra Javier Milei.<\/h3>\n<h3>El paro nacional de la CGT previsto para este mi\u00e9rcoles en todo el pa\u00eds ser\u00e1 respaldado por organizaciones sindicales de Espa\u00f1a, Alemania, Italia, Francia y Bolivia, entre otras, las que tambi\u00e9n llevar\u00e1n a cabo sendas movilizaciones para expresar su rechazo a las pol\u00edticas del gobierno de Javier Milei.<\/h3>\n<h3>Ma\u00f1ana habr\u00e1 marchas en Madrid y Barcelona (Espa\u00f1a), Ginebra (Suiza), Toronto (Canad\u00e1), Roma (Italia), Par\u00eds y Toulouse (Francia), Montevideo (Uruguay), Berl\u00edn (Alemania) y Bruselas (B\u00e9lgica).<\/h3>\n<h3>Por ejemplo, la Confederaci\u00f3n General del Trabajo (CGIL) y la Uni\u00f3n Italiana del Trabajo (UIL) convocaron a una protesta para ma\u00f1ana a las 13 frente a la embajada argentina en Roma.<\/h3>\n<h3>En un comunicado conjunto, se\u00f1alaron que la ley \u00f3mnibus impulsada por el gobierno de Javier Milei supone \u201cuna grave amenaza a la democracia argentina y a los derechos sus trabajadores, que ya est\u00e1n sufriendo los efectos negativos de las medidas adoptadas\u201d.<\/h3>\n<h3>&#8220;A Milei lo sacamos en todas las latitudes&#8221;, asegura la convocatoria de Bolivia y &#8220;La Argentina no se vende&#8221;, dicen las invitaciones a marchar de Brasil y Alemania contra el gobierno de La Libertad Avanza.<\/h3>\n<h3>En tanto, la CTA Aut\u00f3noma se\u00f1al\u00f3 que recibieron 84 adhesiones de centrales sindicales de todos los continentes ante la huelga nacional de ma\u00f1ana.<\/h3>\n<h3>&#8220;El Decreto de Necesidad y Urgencia (DNU) y la Ley \u00d3mnibus presentados por el gobierno de Javier Milei ataca centenares de leyes y normas que afectan derechos individuales y colectivos y benefician a poderosos sectores de la econom\u00eda m\u00e1s recalcitrante, la dimensi\u00f3n de este ataque concit\u00f3 esta adhesi\u00f3n masiva desde los cinco continentes y de pa\u00edses tan diversos como Corea del Sur, Paquist\u00e1n, Brasil, Italia, Uruguay, Suiza, Paraguay, Canad\u00e1, M\u00e9xico, Pa\u00edses Bajos, Chile y Galicia&#8221;, indic\u00f3 la CTA.<\/h3>\n<p>&nbsp;<\/p>\n","protected":false},"excerpt":{"rendered":"<p>Gremios del mundo y argentinos residentes en el exterior respaldan la medida contra Javier Milei&#8230;.<\/p>\n","protected":false},"author":1,"featured_media":10550,"comment_status":"closed","ping_status":"closed","sticky":false,"template":"","format":"standard","meta":{"footnotes":""},"categories":[5],"tags":[],"class_list":["post-10549","post","type-post","status-publish","format-standard","has-post-thumbnail","hentry","category-nacionales-internacionales"],"yoast_head":"<!-- This site is optimized with the Yoast SEO plugin v26.1.1 - https:\/\/yoast.com\/wordpress\/plugins\/seo\/ -->\n<title>APOYO INTERNACIONAL AL PARO DE LA CGT: MOVILIZACIONES EN ESPA\u00d1A, ALEMANIA, ITALIA, FRANCIA Y OTROS PA\u00cdSES - Apuntes de San Luis<\/title>\n<meta name=\"robots\" content=\"index, follow, max-snippet:-1, max-image-preview:large, max-video-preview:-1\" \/>\n<link rel=\"canonical\" href=\"https:\/\/apuntesdesanluis.com\/index.php\/2024\/01\/23\/apoyo-internacional-al-paro-de-la-cgt-movilizaciones-en-espana-alemania-italia-francia-y-otros-paises\/\" \/>\n<meta property=\"og:locale\" content=\"es_ES\" \/>\n<meta property=\"og:type\" content=\"article\" \/>\n<meta property=\"og:title\" content=\"APOYO INTERNACIONAL AL PARO DE LA CGT: MOVILIZACIONES EN ESPA\u00d1A, ALEMANIA, ITALIA, FRANCIA Y OTROS PA\u00cdSES - Apuntes de San Luis\" \/>\n<meta property=\"og:description\" content=\"Gremios del mundo y argentinos residentes en el exterior respaldan la medida contra Javier Milei....\" \/>\n<meta property=\"og:url\" content=\"https:\/\/apuntesdesanluis.com\/index.php\/2024\/01\/23\/apoyo-internacional-al-paro-de-la-cgt-movilizaciones-en-espana-alemania-italia-francia-y-otros-paises\/\" \/>\n<meta property=\"og:site_name\" content=\"Apuntes de San Luis\" \/>\n<meta property=\"article:published_time\" content=\"2024-01-24T01:06:07+00:00\" \/>\n<meta property=\"og:image\" content=\"https:\/\/apuntesdesanluis.com\/wp-content\/uploads\/2024\/01\/apoyo-al-paro.png\" \/>\n\t<meta property=\"og:image:width\" content=\"747\" \/>\n\t<meta property=\"og:image:height\" content=\"453\" \/>\n\t<meta property=\"og:image:type\" content=\"image\/png\" \/>\n<meta name=\"author\" content=\"apuntesdesanluis.com\" \/>\n<meta name=\"twitter:card\" content=\"summary_large_image\" \/>\n<meta name=\"twitter:label1\" content=\"Escrito por\" \/>\n\t<meta name=\"twitter:data1\" content=\"apuntesdesanluis.com\" \/>\n\t<meta name=\"twitter:label2\" content=\"Tiempo de lectura\" \/>\n\t<meta name=\"twitter:data2\" content=\"2 minutos\" \/>\n<script type=\"application\/ld+json\" class=\"yoast-schema-graph\">{\"@context\":\"https:\/\/schema.org\",\"@graph\":[{\"@type\":\"Article\",\"@id\":\"https:\/\/apuntesdesanluis.com\/index.php\/2024\/01\/23\/apoyo-internacional-al-paro-de-la-cgt-movilizaciones-en-espana-alemania-italia-francia-y-otros-paises\/#article\",\"isPartOf\":{\"@id\":\"https:\/\/apuntesdesanluis.com\/index.php\/2024\/01\/23\/apoyo-internacional-al-paro-de-la-cgt-movilizaciones-en-espana-alemania-italia-francia-y-otros-paises\/\"},\"author\":{\"name\":\"apuntesdesanluis.com\",\"@id\":\"https:\/\/apuntesdesanluis.com\/#\/schema\/person\/b55151d52296fcce64d1a72538a70b90\"},\"headline\":\"APOYO INTERNACIONAL AL PARO DE LA CGT: MOVILIZACIONES EN ESPA\u00d1A, ALEMANIA, ITALIA, FRANCIA Y OTROS PA\u00cdSES\",\"datePublished\":\"2024-01-24T01:06:07+00:00\",\"mainEntityOfPage\":{\"@id\":\"https:\/\/apuntesdesanluis.com\/index.php\/2024\/01\/23\/apoyo-internacional-al-paro-de-la-cgt-movilizaciones-en-espana-alemania-italia-francia-y-otros-paises\/\"},\"wordCount\":340,\"publisher\":{\"@id\":\"https:\/\/apuntesdesanluis.com\/#\/schema\/person\/b55151d52296fcce64d1a72538a70b90\"},\"image\":{\"@id\":\"https:\/\/apuntesdesanluis.com\/index.php\/2024\/01\/23\/apoyo-internacional-al-paro-de-la-cgt-movilizaciones-en-espana-alemania-italia-francia-y-otros-paises\/#primaryimage\"},\"thumbnailUrl\":\"https:\/\/apuntesdesanluis.com\/wp-content\/uploads\/2024\/01\/apoyo-al-paro.png\",\"articleSection\":[\"Nacionales\/Internacionales\"],\"inLanguage\":\"es-AR\"},{\"@type\":\"WebPage\",\"@id\":\"https:\/\/apuntesdesanluis.com\/index.php\/2024\/01\/23\/apoyo-internacional-al-paro-de-la-cgt-movilizaciones-en-espana-alemania-italia-francia-y-otros-paises\/\",\"url\":\"https:\/\/apuntesdesanluis.com\/index.php\/2024\/01\/23\/apoyo-internacional-al-paro-de-la-cgt-movilizaciones-en-espana-alemania-italia-francia-y-otros-paises\/\",\"name\":\"APOYO INTERNACIONAL AL PARO DE LA CGT: MOVILIZACIONES EN ESPA\u00d1A, ALEMANIA, ITALIA, FRANCIA Y OTROS PA\u00cdSES - Apuntes de San Luis\",\"isPartOf\":{\"@id\":\"https:\/\/apuntesdesanluis.com\/#website\"},\"primaryImageOfPage\":{\"@id\":\"https:\/\/apuntesdesanluis.com\/index.php\/2024\/01\/23\/apoyo-internacional-al-paro-de-la-cgt-movilizaciones-en-espana-alemania-italia-francia-y-otros-paises\/#primaryimage\"},\"image\":{\"@id\":\"https:\/\/apuntesdesanluis.com\/index.php\/2024\/01\/23\/apoyo-internacional-al-paro-de-la-cgt-movilizaciones-en-espana-alemania-italia-francia-y-otros-paises\/#primaryimage\"},\"thumbnailUrl\":\"https:\/\/apuntesdesanluis.com\/wp-content\/uploads\/2024\/01\/apoyo-al-paro.png\",\"datePublished\":\"2024-01-24T01:06:07+00:00\",\"breadcrumb\":{\"@id\":\"https:\/\/apuntesdesanluis.com\/index.php\/2024\/01\/23\/apoyo-internacional-al-paro-de-la-cgt-movilizaciones-en-espana-alemania-italia-francia-y-otros-paises\/#breadcrumb\"},\"inLanguage\":\"es-AR\",\"potentialAction\":[{\"@type\":\"ReadAction\",\"target\":[\"https:\/\/apuntesdesanluis.com\/index.php\/2024\/01\/23\/apoyo-internacional-al-paro-de-la-cgt-movilizaciones-en-espana-alemania-italia-francia-y-otros-paises\/\"]}]},{\"@type\":\"ImageObject\",\"inLanguage\":\"es-AR\",\"@id\":\"https:\/\/apuntesdesanluis.com\/index.php\/2024\/01\/23\/apoyo-internacional-al-paro-de-la-cgt-movilizaciones-en-espana-alemania-italia-francia-y-otros-paises\/#primaryimage\",\"url\":\"https:\/\/apuntesdesanluis.com\/wp-content\/uploads\/2024\/01\/apoyo-al-paro.png\",\"contentUrl\":\"https:\/\/apuntesdesanluis.com\/wp-content\/uploads\/2024\/01\/apoyo-al-paro.png\",\"width\":747,\"height\":453},{\"@type\":\"BreadcrumbList\",\"@id\":\"https:\/\/apuntesdesanluis.com\/index.php\/2024\/01\/23\/apoyo-internacional-al-paro-de-la-cgt-movilizaciones-en-espana-alemania-italia-francia-y-otros-paises\/#breadcrumb\",\"itemListElement\":[{\"@type\":\"ListItem\",\"position\":1,\"name\":\"Inicio\",\"item\":\"https:\/\/apuntesdesanluis.com\/\"},{\"@type\":\"ListItem\",\"position\":2,\"name\":\"APOYO INTERNACIONAL AL PARO DE LA CGT: MOVILIZACIONES EN ESPA\u00d1A, ALEMANIA, ITALIA, FRANCIA Y OTROS PA\u00cdSES\"}]},{\"@type\":\"WebSite\",\"@id\":\"https:\/\/apuntesdesanluis.com\/#website\",\"url\":\"https:\/\/apuntesdesanluis.com\/\",\"name\":\"Apuntes de San Luis\",\"description\":\"\",\"publisher\":{\"@id\":\"https:\/\/apuntesdesanluis.com\/#\/schema\/person\/b55151d52296fcce64d1a72538a70b90\"},\"potentialAction\":[{\"@type\":\"SearchAction\",\"target\":{\"@type\":\"EntryPoint\",\"urlTemplate\":\"https:\/\/apuntesdesanluis.com\/?s={search_term_string}\"},\"query-input\":{\"@type\":\"PropertyValueSpecification\",\"valueRequired\":true,\"valueName\":\"search_term_string\"}}],\"inLanguage\":\"es-AR\"},{\"@type\":[\"Person\",\"Organization\"],\"@id\":\"https:\/\/apuntesdesanluis.com\/#\/schema\/person\/b55151d52296fcce64d1a72538a70b90\",\"name\":\"apuntesdesanluis.com\",\"image\":{\"@type\":\"ImageObject\",\"inLanguage\":\"es-AR\",\"@id\":\"https:\/\/apuntesdesanluis.com\/#\/schema\/person\/image\/\",\"url\":\"https:\/\/apuntesdesanluis.com\/wp-content\/uploads\/2023\/07\/cropped-apuntesdesanluis.png\",\"contentUrl\":\"https:\/\/apuntesdesanluis.com\/wp-content\/uploads\/2023\/07\/cropped-apuntesdesanluis.png\",\"width\":450,\"height\":112,\"caption\":\"apuntesdesanluis.com\"},\"logo\":{\"@id\":\"https:\/\/apuntesdesanluis.com\/#\/schema\/person\/image\/\"},\"sameAs\":[\"https:\/\/apuntesdesanluis.com\"],\"url\":\"https:\/\/apuntesdesanluis.com\/index.php\/author\/apuntesdesanluis-com\/\"}]}<\/script>\n<!-- \/ Yoast SEO plugin. -->","yoast_head_json":{"title":"APOYO INTERNACIONAL AL PARO DE LA CGT: MOVILIZACIONES EN ESPA\u00d1A, ALEMANIA, ITALIA, FRANCIA Y OTROS PA\u00cdSES - Apuntes de San Luis","robots":{"index":"index","follow":"follow","max-snippet":"max-snippet:-1","max-image-preview":"max-image-preview:large","max-video-preview":"max-video-preview:-1"},"canonical":"https:\/\/apuntesdesanluis.com\/index.php\/2024\/01\/23\/apoyo-internacional-al-paro-de-la-cgt-movilizaciones-en-espana-alemania-italia-francia-y-otros-paises\/","og_locale":"es_ES","og_type":"article","og_title":"APOYO INTERNACIONAL AL PARO DE LA CGT: MOVILIZACIONES EN ESPA\u00d1A, ALEMANIA, ITALIA, FRANCIA Y OTROS PA\u00cdSES - Apuntes de San Luis","og_description":"Gremios del mundo y argentinos residentes en el exterior respaldan la medida contra Javier Milei....","og_url":"https:\/\/apuntesdesanluis.com\/index.php\/2024\/01\/23\/apoyo-internacional-al-paro-de-la-cgt-movilizaciones-en-espana-alemania-italia-francia-y-otros-paises\/","og_site_name":"Apuntes de San Luis","article_published_time":"2024-01-24T01:06:07+00:00","og_image":[{"width":747,"height":453,"url":"https:\/\/apuntesdesanluis.com\/wp-content\/uploads\/2024\/01\/apoyo-al-paro.png","type":"image\/png"}],"author":"apuntesdesanluis.com","twitter_card":"summary_large_image","twitter_misc":{"Escrito por":"apuntesdesanluis.com","Tiempo de lectura":"2 minutos"},"schema":{"@context":"https:\/\/schema.org","@graph":[{"@type":"Article","@id":"https:\/\/apuntesdesanluis.com\/index.php\/2024\/01\/23\/apoyo-internacional-al-paro-de-la-cgt-movilizaciones-en-espana-alemania-italia-francia-y-otros-paises\/#article","isPartOf":{"@id":"https:\/\/apuntesdesanluis.com\/index.php\/2024\/01\/23\/apoyo-internacional-al-paro-de-la-cgt-movilizaciones-en-espana-alemania-italia-francia-y-otros-paises\/"},"author":{"name":"apuntesdesanluis.com","@id":"https:\/\/apuntesdesanluis.com\/#\/schema\/person\/b55151d52296fcce64d1a72538a70b90"},"headline":"APOYO INTERNACIONAL AL PARO DE LA CGT: MOVILIZACIONES EN ESPA\u00d1A, ALEMANIA, ITALIA, FRANCIA Y OTROS PA\u00cdSES","datePublished":"2024-01-24T01:06:07+00:00","mainEntityOfPage":{"@id":"https:\/\/apuntesdesanluis.com\/index.php\/2024\/01\/23\/apoyo-internacional-al-paro-de-la-cgt-movilizaciones-en-espana-alemania-italia-francia-y-otros-paises\/"},"wordCount":340,"publisher":{"@id":"https:\/\/apuntesdesanluis.com\/#\/schema\/person\/b55151d52296fcce64d1a72538a70b90"},"image":{"@id":"https:\/\/apuntesdesanluis.com\/index.php\/2024\/01\/23\/apoyo-internacional-al-paro-de-la-cgt-movilizaciones-en-espana-alemania-italia-francia-y-otros-paises\/#primaryimage"},"thumbnailUrl":"https:\/\/apuntesdesanluis.com\/wp-content\/uploads\/2024\/01\/apoyo-al-paro.png","articleSection":["Nacionales\/Internacionales"],"inLanguage":"es-AR"},{"@type":"WebPage","@id":"https:\/\/apuntesdesanluis.com\/index.php\/2024\/01\/23\/apoyo-internacional-al-paro-de-la-cgt-movilizaciones-en-espana-alemania-italia-francia-y-otros-paises\/","url":"https:\/\/apuntesdesanluis.com\/index.php\/2024\/01\/23\/apoyo-internacional-al-paro-de-la-cgt-movilizaciones-en-espana-alemania-italia-francia-y-otros-paises\/","name":"APOYO INTERNACIONAL AL PARO DE LA CGT: MOVILIZACIONES EN ESPA\u00d1A, ALEMANIA, ITALIA, FRANCIA Y OTROS PA\u00cdSES - Apuntes de San Luis","isPartOf":{"@id":"https:\/\/apuntesdesanluis.com\/#website"},"primaryImageOfPage":{"@id":"https:\/\/apuntesdesanluis.com\/index.php\/2024\/01\/23\/apoyo-internacional-al-paro-de-la-cgt-movilizaciones-en-espana-alemania-italia-francia-y-otros-paises\/#primaryimage"},"image":{"@id":"https:\/\/apuntesdesanluis.com\/index.php\/2024\/01\/23\/apoyo-internacional-al-paro-de-la-cgt-movilizaciones-en-espana-alemania-italia-francia-y-otros-paises\/#primaryimage"},"thumbnailUrl":"https:\/\/apuntesdesanluis.com\/wp-content\/uploads\/2024\/01\/apoyo-al-paro.png","datePublished":"2024-01-24T01:06:07+00:00","breadcrumb":{"@id":"https:\/\/apuntesdesanluis.com\/index.php\/2024\/01\/23\/apoyo-internacional-al-paro-de-la-cgt-movilizaciones-en-espana-alemania-italia-francia-y-otros-paises\/#breadcrumb"},"inLanguage":"es-AR","potentialAction":[{"@type":"ReadAction","target":["https:\/\/apuntesdesanluis.com\/index.php\/2024\/01\/23\/apoyo-internacional-al-paro-de-la-cgt-movilizaciones-en-espana-alemania-italia-francia-y-otros-paises\/"]}]},{"@type":"ImageObject","inLanguage":"es-AR","@id":"https:\/\/apuntesdesanluis.com\/index.php\/2024\/01\/23\/apoyo-internacional-al-paro-de-la-cgt-movilizaciones-en-espana-alemania-italia-francia-y-otros-paises\/#primaryimage","url":"https:\/\/apuntesdesanluis.com\/wp-content\/uploads\/2024\/01\/apoyo-al-paro.png","contentUrl":"https:\/\/apuntesdesanluis.com\/wp-content\/uploads\/2024\/01\/apoyo-al-paro.png","width":747,"height":453},{"@type":"BreadcrumbList","@id":"https:\/\/apuntesdesanluis.com\/index.php\/2024\/01\/23\/apoyo-internacional-al-paro-de-la-cgt-movilizaciones-en-espana-alemania-italia-francia-y-otros-paises\/#breadcrumb","itemListElement":[{"@type":"ListItem","position":1,"name":"Inicio","item":"https:\/\/apuntesdesanluis.com\/"},{"@type":"ListItem","position":2,"name":"APOYO INTERNACIONAL AL PARO DE LA CGT: MOVILIZACIONES EN ESPA\u00d1A, ALEMANIA, ITALIA, FRANCIA Y OTROS PA\u00cdSES"}]},{"@type":"WebSite","@id":"https:\/\/apuntesdesanluis.com\/#website","url":"https:\/\/apuntesdesanluis.com\/","name":"Apuntes de San Luis","description":"","publisher":{"@id":"https:\/\/apuntesdesanluis.com\/#\/schema\/person\/b55151d52296fcce64d1a72538a70b90"},"potentialAction":[{"@type":"SearchAction","target":{"@type":"EntryPoint","urlTemplate":"https:\/\/apuntesdesanluis.com\/?s={search_term_string}"},"query-input":{"@type":"PropertyValueSpecification","valueRequired":true,"valueName":"search_term_string"}}],"inLanguage":"es-AR"},{"@type":["Person","Organization"],"@id":"https:\/\/apuntesdesanluis.com\/#\/schema\/person\/b55151d52296fcce64d1a72538a70b90","name":"apuntesdesanluis.com","image":{"@type":"ImageObject","inLanguage":"es-AR","@id":"https:\/\/apuntesdesanluis.com\/#\/schema\/person\/image\/","url":"https:\/\/apuntesdesanluis.com\/wp-content\/uploads\/2023\/07\/cropped-apuntesdesanluis.png","contentUrl":"https:\/\/apuntesdesanluis.com\/wp-content\/uploads\/2023\/07\/cropped-apuntesdesanluis.png","width":450,"height":112,"caption":"apuntesdesanluis.com"},"logo":{"@id":"https:\/\/apuntesdesanluis.com\/#\/schema\/person\/image\/"},"sameAs":["https:\/\/apuntesdesanluis.com"],"url":"https:\/\/apuntesdesanluis.com\/index.php\/author\/apuntesdesanluis-com\/"}]}},"featured_image_urls":{"full":["https:\/\/apuntesdesanluis.com\/wp-content\/uploads\/2024\/01\/apoyo-al-paro.png",747,453,false],"thumbnail":["https:\/\/apuntesdesanluis.com\/wp-content\/uploads\/2024\/01\/apoyo-al-paro-150x150.png",150,150,true],"medium":["https:\/\/apuntesdesanluis.com\/wp-content\/uploads\/2024\/01\/apoyo-al-paro-300x182.png",300,182,true],"medium_large":["https:\/\/apuntesdesanluis.com\/wp-content\/uploads\/2024\/01\/apoyo-al-paro.png",640,388,false],"large":["https:\/\/apuntesdesanluis.com\/wp-content\/uploads\/2024\/01\/apoyo-al-paro.png",640,388,false],"1536x1536":["https:\/\/apuntesdesanluis.com\/wp-content\/uploads\/2024\/01\/apoyo-al-paro.png",747,453,false],"2048x2048":["https:\/\/apuntesdesanluis.com\/wp-content\/uploads\/2024\/01\/apoyo-al-paro.png",747,453,false],"newsever-slider-full":["https:\/\/apuntesdesanluis.com\/wp-content\/uploads\/2024\/01\/apoyo-al-paro.png",747,453,false],"newsever-featured":["https:\/\/apuntesdesanluis.com\/wp-content\/uploads\/2024\/01\/apoyo-al-paro.png",747,453,false],"newsever-medium":["https:\/\/apuntesdesanluis.com\/wp-content\/uploads\/2024\/01\/apoyo-al-paro-720x453.png",720,453,true]},"author_info":{"display_name":"apuntesdesanluis.com","author_link":"https:\/\/apuntesdesanluis.com\/index.php\/author\/apuntesdesanluis-com\/"},"category_info":"<a href=\"https:\/\/apuntesdesanluis.com\/index.php\/category\/nacionales-internacionales\/\" rel=\"category tag\">Nacionales\/Internacionales<\/a>","tag_info":"Nacionales\/Internacionales","comment_count":"0","_links":{"self":[{"href":"https:\/\/apuntesdesanluis.com\/index.php\/wp-json\/wp\/v2\/posts\/10549","targetHints":{"allow":["GET"]}}],"collection":[{"href":"https:\/\/apuntesdesanluis.com\/index.php\/wp-json\/wp\/v2\/posts"}],"about":[{"href":"https:\/\/apuntesdesanluis.com\/index.php\/wp-json\/wp\/v2\/types\/post"}],"author":[{"embeddable":true,"href":"https:\/\/apuntesdesanluis.com\/index.php\/wp-json\/wp\/v2\/users\/1"}],"replies":[{"embeddable":true,"href":"https:\/\/apuntesdesanluis.com\/index.php\/wp-json\/wp\/v2\/comments?post=10549"}],"version-history":[{"count":1,"href":"https:\/\/apuntesdesanluis.com\/index.php\/wp-json\/wp\/v2\/posts\/10549\/revisions"}],"predecessor-version":[{"id":10551,"href":"https:\/\/apuntesdesanluis.com\/index.php\/wp-json\/wp\/v2\/posts\/10549\/revisions\/10551"}],"wp:featuredmedia":[{"embeddable":true,"href":"https:\/\/apuntesdesanluis.com\/index.php\/wp-json\/wp\/v2\/media\/10550"}],"wp:attachment":[{"href":"https:\/\/apuntesdesanluis.com\/index.php\/wp-json\/wp\/v2\/media?parent=10549"}],"wp:term":[{"taxonomy":"category","embeddable":true,"href":"https:\/\/apuntesdesanluis.com\/index.php\/wp-json\/wp\/v2\/categories?post=10549"},{"taxonomy":"post_tag","embeddable":true,"href":"https:\/\/apuntesdesanluis.com\/index.php\/wp-json\/wp\/v2\/tags?post=10549"}],"curies":[{"name":"wp","href":"https:\/\/api.w.org\/{rel}","templated":true}]}}