{"id":10552,"date":"2024-01-23T22:25:54","date_gmt":"2024-01-24T01:25:54","guid":{"rendered":"https:\/\/apuntesdesanluis.com\/?p=10552"},"modified":"2024-01-23T22:25:54","modified_gmt":"2024-01-24T01:25:54","slug":"se-suicido-un-alto-funcionario-de-la-ciudad-de-buenos-aires-ayer-habia-sido-denunciado-por-abuso-sexual","status":"publish","type":"post","link":"https:\/\/apuntesdesanluis.com\/index.php\/2024\/01\/23\/se-suicido-un-alto-funcionario-de-la-ciudad-de-buenos-aires-ayer-habia-sido-denunciado-por-abuso-sexual\/","title":{"rendered":"SE SUICID\u00d3 UN ALTO FUNCIONARIO DE LA CIUDAD DE BUENOS AIRES: AYER HAB\u00cdA SIDO DENUNCIADO POR ABUSO SEXUAL"},"content":{"rendered":"<h3>El presidente del Instituto de Vivienda de la ciudad de Buenos Aires, <strong>Carlos Mar\u00eda Pedrini<\/strong>, fue encontrado muerto en las \u00faltimas horas y, seg\u00fan pudo saber Infobae, se trat\u00f3 de un suicidio. Ten\u00eda 48 a\u00f1os<\/h3>\n<h3>De acuerdo a lo que pudo confirmar este medio, el funcionario porte\u00f1o hab\u00eda sido denunciado ayer por abuso sexual. La causa recay\u00f3 en el Juzgado Criminal Seccional y Correccional N\u00b03, secretar\u00eda 110. La tipificaci\u00f3n del expediente indica \u201cviolencia de g\u00e9nero\u201d, aunque el texto de la denuncia reza: \u201cImputado Pedrini, Carlos Mar\u00eda, s\/abuso sexual. Art\u00edculo 119, primer p\u00e1rrafo. Damnificada: J.G.\u201d.<\/h3>\n<h3>Seg\u00fan consta en la investigaci\u00f3n, Pedrini fue hallado con signos de ahorcamiento. Tambi\u00e9n se supo que el dirigente ten\u00eda c\u00e1ncer de tiroides y, si bien hab\u00eda sido operado hace un tiempo con buenos resultados, en los \u00faltimos d\u00edas hab\u00eda tenido estudios m\u00e9dicos con noticias poco favorables.<\/h3>\n<h3>Adem\u00e1s de ser un hombre que respond\u00eda a Jorge Macri en la actualidad, su hermana -Lucrecia Pedrini- fue la jueza que resolvi\u00f3 hacer lugar a la medida cautelar solicitada por la Asociaci\u00f3n Bancaria para suspender la reforma laboral propuesta por Javier Milei en el DNU.<\/h3>\n<h3>\u201cCon enorme tristeza, lamentamos comunicar el fallecimiento de Carlos Mar\u00eda Pedrini, quien se desempe\u00f1aba como presidente de este Instituto desde septiembre de 2023. Todo el IVC le da el m\u00e1s sentido p\u00e9same a su familia a su equipo de trabajo\u201d, public\u00f3 el IVC en un comunicado.<\/h3>\n<h3>Tambi\u00e9n se sumaron otros dirigentes para expresar sus condolencias, como fue el caso de Juan Grabois: \u201cLamento profundamente el fallecimiento de Carlos Pedrini, dirigente de Juntos por el Cambio, rival pol\u00edtico, buen funcionario y mejor persona. Lo vimos trabajar con esfuerzo y sin prejuicios, abierto al di\u00e1logo, intentando esquivar grietas, haciendo desde su cosmovisi\u00f3n lo que cre\u00eda mejor para la gente. Mi sentido p\u00e9same a su familia y a sus hijos\u201d.<\/h3>\n<h3>\u201cHoy es un d\u00eda triste, se fue un amigo, Carlos Pedrini, a pesar que pertenecemos a espacios pol\u00edticos distintos y en muchas cosas pensamos muy distinto, eso no impidi\u00f3 que fu\u00e9ramos amigos, porque fuiste un buen tipo, voy a extra\u00f1ar tus chicanas y cr\u00edticas al peronismo. Voy a extra\u00f1ar tus mensajes en mi cumplea\u00f1os o en las fiestas de fin de a\u00f1o, no s\u00e9 qu\u00e9 pas\u00f3 ni s\u00e9 si en realidad quiero saber, solamente deseo que donde est\u00e9s, est\u00e9s mejor. Que Dios le de consuelo a tu viejo a tus hijos a todos tus seres queridos, descansa en paz amigo\u201d, agreg\u00f3 el dirigente social Pitu Salvatierra.<\/h3>\n<h3>El hist\u00f3rico referente peronista de 48 a\u00f1os tuvo sus inicios como militante en territorio bonaerense, pero se convirti\u00f3 en una pieza clave del PRO en la gesti\u00f3n de los barrios populares y en la articulaci\u00f3n con movimientos sociales. Lleg\u00f3 al IVC de la mano de Jorge Macri, luego de haber ganado las elecciones porte\u00f1as y tras suceder a Horacio Rodr\u00edguez Larreta.<\/h3>\n<h3>Pedrini naci\u00f3 en la ciudad de Tandil, tuvo su formaci\u00f3n educativa en Los Toldos y en 1994 dio el salto a Buenos Aires. Si bien inici\u00f3 su carrera pol\u00edtica en el peronismo bonaerense y con 20 a\u00f1os integr\u00f3 la Comisi\u00f3n de Asuntos Exteriores de la C\u00e1mara de Diputados, con el PRO se enfoc\u00f3 a la gesti\u00f3n de desarrollo social y la resoluci\u00f3n de conflictos.<\/h3>\n<h3>Ingres\u00f3 al gobierno porte\u00f1o durante la gesti\u00f3n del entonces vicejefe Jorge Telerman en el 2004, fue apadrinado por Carolina Stanley y Mar\u00eda Eugenia Vidal, y lleg\u00f3 a ser nombrado director de la Direcci\u00f3n General de la Econom\u00eda Social en el 2008.<\/h3>\n<h3>En diciembre de 2011 fue designado titular de la Unidad de Gesti\u00f3n e Intervenci\u00f3n Social, con rango de subsecretario. Desde all\u00ed, logr\u00f3 un notable crecimiento del voto macrista en las villas de la ciudad que ayud\u00f3 a la elecci\u00f3n presidencial de Mauricio Macri en 2015.<\/h3>\n<h3>El aporte principal de Pedrini estuvo en un gran cambio de estrategia de la construcci\u00f3n pol\u00edtica macrista en las villas. A partir de su gesti\u00f3n, el oficialismo pas\u00f3 a centralizar el trabajo pol\u00edtico y social que hasta el a\u00f1o 2013 eran responsabilidad exclusiva de los dirigentes del PRO de los distintos barrios en donde se encontraban los asentamientos.<\/h3>\n<h3>Tras completar su gesti\u00f3n, Pedrini asumi\u00f3 como Secretario de Articulaci\u00f3n Institucional en el Ministerio de Desarrollo Social de la Naci\u00f3n. En este cargo, actu\u00f3 en los hechos como Viceministro, dedic\u00e1ndose a construir y mantener relaciones con los gobiernos provinciales y desplegando delegaciones por todo el pa\u00eds para evaluar la din\u00e1mica social y las posibles zonas de conflicto.<\/h3>\n","protected":false},"excerpt":{"rendered":"<p>El presidente del Instituto de Vivienda de la ciudad de Buenos Aires, Carlos Mar\u00eda Pedrini,&#8230;<\/p>\n","protected":false},"author":1,"featured_media":10553,"comment_status":"closed","ping_status":"closed","sticky":false,"template":"","format":"standard","meta":{"footnotes":""},"categories":[5],"tags":[],"class_list":["post-10552","post","type-post","status-publish","format-standard","has-post-thumbnail","hentry","category-nacionales-internacionales"],"yoast_head":"<!-- This site is optimized with the Yoast SEO plugin v26.1.1 - https:\/\/yoast.com\/wordpress\/plugins\/seo\/ -->\n<title>SE SUICID\u00d3 UN ALTO FUNCIONARIO DE LA CIUDAD DE BUENOS AIRES: AYER HAB\u00cdA SIDO DENUNCIADO POR ABUSO SEXUAL - Apuntes de San Luis<\/title>\n<meta name=\"robots\" content=\"index, follow, max-snippet:-1, max-image-preview:large, max-video-preview:-1\" \/>\n<link rel=\"canonical\" href=\"https:\/\/apuntesdesanluis.com\/index.php\/2024\/01\/23\/se-suicido-un-alto-funcionario-de-la-ciudad-de-buenos-aires-ayer-habia-sido-denunciado-por-abuso-sexual\/\" \/>\n<meta property=\"og:locale\" content=\"es_ES\" \/>\n<meta property=\"og:type\" content=\"article\" \/>\n<meta property=\"og:title\" content=\"SE SUICID\u00d3 UN ALTO FUNCIONARIO DE LA CIUDAD DE BUENOS AIRES: AYER HAB\u00cdA SIDO DENUNCIADO POR ABUSO SEXUAL - Apuntes de San Luis\" \/>\n<meta property=\"og:description\" content=\"El presidente del Instituto de Vivienda de la ciudad de Buenos Aires, Carlos Mar\u00eda Pedrini,...\" \/>\n<meta property=\"og:url\" content=\"https:\/\/apuntesdesanluis.com\/index.php\/2024\/01\/23\/se-suicido-un-alto-funcionario-de-la-ciudad-de-buenos-aires-ayer-habia-sido-denunciado-por-abuso-sexual\/\" \/>\n<meta property=\"og:site_name\" content=\"Apuntes de San Luis\" \/>\n<meta property=\"article:published_time\" content=\"2024-01-24T01:25:54+00:00\" \/>\n<meta property=\"og:image\" content=\"https:\/\/apuntesdesanluis.com\/wp-content\/uploads\/2024\/01\/pedrini.png\" \/>\n\t<meta property=\"og:image:width\" content=\"809\" \/>\n\t<meta property=\"og:image:height\" content=\"475\" \/>\n\t<meta property=\"og:image:type\" content=\"image\/png\" \/>\n<meta name=\"author\" content=\"apuntesdesanluis.com\" \/>\n<meta name=\"twitter:card\" content=\"summary_large_image\" \/>\n<meta name=\"twitter:label1\" content=\"Escrito por\" \/>\n\t<meta name=\"twitter:data1\" content=\"apuntesdesanluis.com\" \/>\n\t<meta name=\"twitter:label2\" content=\"Tiempo de lectura\" \/>\n\t<meta name=\"twitter:data2\" content=\"4 minutos\" \/>\n<script type=\"application\/ld+json\" class=\"yoast-schema-graph\">{\"@context\":\"https:\/\/schema.org\",\"@graph\":[{\"@type\":\"Article\",\"@id\":\"https:\/\/apuntesdesanluis.com\/index.php\/2024\/01\/23\/se-suicido-un-alto-funcionario-de-la-ciudad-de-buenos-aires-ayer-habia-sido-denunciado-por-abuso-sexual\/#article\",\"isPartOf\":{\"@id\":\"https:\/\/apuntesdesanluis.com\/index.php\/2024\/01\/23\/se-suicido-un-alto-funcionario-de-la-ciudad-de-buenos-aires-ayer-habia-sido-denunciado-por-abuso-sexual\/\"},\"author\":{\"name\":\"apuntesdesanluis.com\",\"@id\":\"https:\/\/apuntesdesanluis.com\/#\/schema\/person\/b55151d52296fcce64d1a72538a70b90\"},\"headline\":\"SE SUICID\u00d3 UN ALTO FUNCIONARIO DE LA CIUDAD DE BUENOS AIRES: AYER HAB\u00cdA SIDO DENUNCIADO POR ABUSO SEXUAL\",\"datePublished\":\"2024-01-24T01:25:54+00:00\",\"mainEntityOfPage\":{\"@id\":\"https:\/\/apuntesdesanluis.com\/index.php\/2024\/01\/23\/se-suicido-un-alto-funcionario-de-la-ciudad-de-buenos-aires-ayer-habia-sido-denunciado-por-abuso-sexual\/\"},\"wordCount\":819,\"publisher\":{\"@id\":\"https:\/\/apuntesdesanluis.com\/#\/schema\/person\/b55151d52296fcce64d1a72538a70b90\"},\"image\":{\"@id\":\"https:\/\/apuntesdesanluis.com\/index.php\/2024\/01\/23\/se-suicido-un-alto-funcionario-de-la-ciudad-de-buenos-aires-ayer-habia-sido-denunciado-por-abuso-sexual\/#primaryimage\"},\"thumbnailUrl\":\"https:\/\/apuntesdesanluis.com\/wp-content\/uploads\/2024\/01\/pedrini.png\",\"articleSection\":[\"Nacionales\/Internacionales\"],\"inLanguage\":\"es-AR\"},{\"@type\":\"WebPage\",\"@id\":\"https:\/\/apuntesdesanluis.com\/index.php\/2024\/01\/23\/se-suicido-un-alto-funcionario-de-la-ciudad-de-buenos-aires-ayer-habia-sido-denunciado-por-abuso-sexual\/\",\"url\":\"https:\/\/apuntesdesanluis.com\/index.php\/2024\/01\/23\/se-suicido-un-alto-funcionario-de-la-ciudad-de-buenos-aires-ayer-habia-sido-denunciado-por-abuso-sexual\/\",\"name\":\"SE SUICID\u00d3 UN ALTO FUNCIONARIO DE LA CIUDAD DE BUENOS AIRES: AYER HAB\u00cdA SIDO DENUNCIADO POR ABUSO SEXUAL - Apuntes de San Luis\",\"isPartOf\":{\"@id\":\"https:\/\/apuntesdesanluis.com\/#website\"},\"primaryImageOfPage\":{\"@id\":\"https:\/\/apuntesdesanluis.com\/index.php\/2024\/01\/23\/se-suicido-un-alto-funcionario-de-la-ciudad-de-buenos-aires-ayer-habia-sido-denunciado-por-abuso-sexual\/#primaryimage\"},\"image\":{\"@id\":\"https:\/\/apuntesdesanluis.com\/index.php\/2024\/01\/23\/se-suicido-un-alto-funcionario-de-la-ciudad-de-buenos-aires-ayer-habia-sido-denunciado-por-abuso-sexual\/#primaryimage\"},\"thumbnailUrl\":\"https:\/\/apuntesdesanluis.com\/wp-content\/uploads\/2024\/01\/pedrini.png\",\"datePublished\":\"2024-01-24T01:25:54+00:00\",\"breadcrumb\":{\"@id\":\"https:\/\/apuntesdesanluis.com\/index.php\/2024\/01\/23\/se-suicido-un-alto-funcionario-de-la-ciudad-de-buenos-aires-ayer-habia-sido-denunciado-por-abuso-sexual\/#breadcrumb\"},\"inLanguage\":\"es-AR\",\"potentialAction\":[{\"@type\":\"ReadAction\",\"target\":[\"https:\/\/apuntesdesanluis.com\/index.php\/2024\/01\/23\/se-suicido-un-alto-funcionario-de-la-ciudad-de-buenos-aires-ayer-habia-sido-denunciado-por-abuso-sexual\/\"]}]},{\"@type\":\"ImageObject\",\"inLanguage\":\"es-AR\",\"@id\":\"https:\/\/apuntesdesanluis.com\/index.php\/2024\/01\/23\/se-suicido-un-alto-funcionario-de-la-ciudad-de-buenos-aires-ayer-habia-sido-denunciado-por-abuso-sexual\/#primaryimage\",\"url\":\"https:\/\/apuntesdesanluis.com\/wp-content\/uploads\/2024\/01\/pedrini.png\",\"contentUrl\":\"https:\/\/apuntesdesanluis.com\/wp-content\/uploads\/2024\/01\/pedrini.png\",\"width\":809,\"height\":475},{\"@type\":\"BreadcrumbList\",\"@id\":\"https:\/\/apuntesdesanluis.com\/index.php\/2024\/01\/23\/se-suicido-un-alto-funcionario-de-la-ciudad-de-buenos-aires-ayer-habia-sido-denunciado-por-abuso-sexual\/#breadcrumb\",\"itemListElement\":[{\"@type\":\"ListItem\",\"position\":1,\"name\":\"Inicio\",\"item\":\"https:\/\/apuntesdesanluis.com\/\"},{\"@type\":\"ListItem\",\"position\":2,\"name\":\"SE SUICID\u00d3 UN ALTO FUNCIONARIO DE LA CIUDAD DE BUENOS AIRES: AYER HAB\u00cdA SIDO DENUNCIADO POR ABUSO SEXUAL\"}]},{\"@type\":\"WebSite\",\"@id\":\"https:\/\/apuntesdesanluis.com\/#website\",\"url\":\"https:\/\/apuntesdesanluis.com\/\",\"name\":\"Apuntes de San Luis\",\"description\":\"\",\"publisher\":{\"@id\":\"https:\/\/apuntesdesanluis.com\/#\/schema\/person\/b55151d52296fcce64d1a72538a70b90\"},\"potentialAction\":[{\"@type\":\"SearchAction\",\"target\":{\"@type\":\"EntryPoint\",\"urlTemplate\":\"https:\/\/apuntesdesanluis.com\/?s={search_term_string}\"},\"query-input\":{\"@type\":\"PropertyValueSpecification\",\"valueRequired\":true,\"valueName\":\"search_term_string\"}}],\"inLanguage\":\"es-AR\"},{\"@type\":[\"Person\",\"Organization\"],\"@id\":\"https:\/\/apuntesdesanluis.com\/#\/schema\/person\/b55151d52296fcce64d1a72538a70b90\",\"name\":\"apuntesdesanluis.com\",\"image\":{\"@type\":\"ImageObject\",\"inLanguage\":\"es-AR\",\"@id\":\"https:\/\/apuntesdesanluis.com\/#\/schema\/person\/image\/\",\"url\":\"https:\/\/apuntesdesanluis.com\/wp-content\/uploads\/2023\/07\/cropped-apuntesdesanluis.png\",\"contentUrl\":\"https:\/\/apuntesdesanluis.com\/wp-content\/uploads\/2023\/07\/cropped-apuntesdesanluis.png\",\"width\":450,\"height\":112,\"caption\":\"apuntesdesanluis.com\"},\"logo\":{\"@id\":\"https:\/\/apuntesdesanluis.com\/#\/schema\/person\/image\/\"},\"sameAs\":[\"https:\/\/apuntesdesanluis.com\"],\"url\":\"https:\/\/apuntesdesanluis.com\/index.php\/author\/apuntesdesanluis-com\/\"}]}<\/script>\n<!-- \/ Yoast SEO plugin. -->","yoast_head_json":{"title":"SE SUICID\u00d3 UN ALTO FUNCIONARIO DE LA CIUDAD DE BUENOS AIRES: AYER HAB\u00cdA SIDO DENUNCIADO POR ABUSO SEXUAL - Apuntes de San Luis","robots":{"index":"index","follow":"follow","max-snippet":"max-snippet:-1","max-image-preview":"max-image-preview:large","max-video-preview":"max-video-preview:-1"},"canonical":"https:\/\/apuntesdesanluis.com\/index.php\/2024\/01\/23\/se-suicido-un-alto-funcionario-de-la-ciudad-de-buenos-aires-ayer-habia-sido-denunciado-por-abuso-sexual\/","og_locale":"es_ES","og_type":"article","og_title":"SE SUICID\u00d3 UN ALTO FUNCIONARIO DE LA CIUDAD DE BUENOS AIRES: AYER HAB\u00cdA SIDO DENUNCIADO POR ABUSO SEXUAL - Apuntes de San Luis","og_description":"El presidente del Instituto de Vivienda de la ciudad de Buenos Aires, Carlos Mar\u00eda Pedrini,...","og_url":"https:\/\/apuntesdesanluis.com\/index.php\/2024\/01\/23\/se-suicido-un-alto-funcionario-de-la-ciudad-de-buenos-aires-ayer-habia-sido-denunciado-por-abuso-sexual\/","og_site_name":"Apuntes de San Luis","article_published_time":"2024-01-24T01:25:54+00:00","og_image":[{"width":809,"height":475,"url":"https:\/\/apuntesdesanluis.com\/wp-content\/uploads\/2024\/01\/pedrini.png","type":"image\/png"}],"author":"apuntesdesanluis.com","twitter_card":"summary_large_image","twitter_misc":{"Escrito por":"apuntesdesanluis.com","Tiempo de lectura":"4 minutos"},"schema":{"@context":"https:\/\/schema.org","@graph":[{"@type":"Article","@id":"https:\/\/apuntesdesanluis.com\/index.php\/2024\/01\/23\/se-suicido-un-alto-funcionario-de-la-ciudad-de-buenos-aires-ayer-habia-sido-denunciado-por-abuso-sexual\/#article","isPartOf":{"@id":"https:\/\/apuntesdesanluis.com\/index.php\/2024\/01\/23\/se-suicido-un-alto-funcionario-de-la-ciudad-de-buenos-aires-ayer-habia-sido-denunciado-por-abuso-sexual\/"},"author":{"name":"apuntesdesanluis.com","@id":"https:\/\/apuntesdesanluis.com\/#\/schema\/person\/b55151d52296fcce64d1a72538a70b90"},"headline":"SE SUICID\u00d3 UN ALTO FUNCIONARIO DE LA CIUDAD DE BUENOS AIRES: AYER HAB\u00cdA SIDO DENUNCIADO POR ABUSO SEXUAL","datePublished":"2024-01-24T01:25:54+00:00","mainEntityOfPage":{"@id":"https:\/\/apuntesdesanluis.com\/index.php\/2024\/01\/23\/se-suicido-un-alto-funcionario-de-la-ciudad-de-buenos-aires-ayer-habia-sido-denunciado-por-abuso-sexual\/"},"wordCount":819,"publisher":{"@id":"https:\/\/apuntesdesanluis.com\/#\/schema\/person\/b55151d52296fcce64d1a72538a70b90"},"image":{"@id":"https:\/\/apuntesdesanluis.com\/index.php\/2024\/01\/23\/se-suicido-un-alto-funcionario-de-la-ciudad-de-buenos-aires-ayer-habia-sido-denunciado-por-abuso-sexual\/#primaryimage"},"thumbnailUrl":"https:\/\/apuntesdesanluis.com\/wp-content\/uploads\/2024\/01\/pedrini.png","articleSection":["Nacionales\/Internacionales"],"inLanguage":"es-AR"},{"@type":"WebPage","@id":"https:\/\/apuntesdesanluis.com\/index.php\/2024\/01\/23\/se-suicido-un-alto-funcionario-de-la-ciudad-de-buenos-aires-ayer-habia-sido-denunciado-por-abuso-sexual\/","url":"https:\/\/apuntesdesanluis.com\/index.php\/2024\/01\/23\/se-suicido-un-alto-funcionario-de-la-ciudad-de-buenos-aires-ayer-habia-sido-denunciado-por-abuso-sexual\/","name":"SE SUICID\u00d3 UN ALTO FUNCIONARIO DE LA CIUDAD DE BUENOS AIRES: AYER HAB\u00cdA SIDO DENUNCIADO POR ABUSO SEXUAL - Apuntes de San Luis","isPartOf":{"@id":"https:\/\/apuntesdesanluis.com\/#website"},"primaryImageOfPage":{"@id":"https:\/\/apuntesdesanluis.com\/index.php\/2024\/01\/23\/se-suicido-un-alto-funcionario-de-la-ciudad-de-buenos-aires-ayer-habia-sido-denunciado-por-abuso-sexual\/#primaryimage"},"image":{"@id":"https:\/\/apuntesdesanluis.com\/index.php\/2024\/01\/23\/se-suicido-un-alto-funcionario-de-la-ciudad-de-buenos-aires-ayer-habia-sido-denunciado-por-abuso-sexual\/#primaryimage"},"thumbnailUrl":"https:\/\/apuntesdesanluis.com\/wp-content\/uploads\/2024\/01\/pedrini.png","datePublished":"2024-01-24T01:25:54+00:00","breadcrumb":{"@id":"https:\/\/apuntesdesanluis.com\/index.php\/2024\/01\/23\/se-suicido-un-alto-funcionario-de-la-ciudad-de-buenos-aires-ayer-habia-sido-denunciado-por-abuso-sexual\/#breadcrumb"},"inLanguage":"es-AR","potentialAction":[{"@type":"ReadAction","target":["https:\/\/apuntesdesanluis.com\/index.php\/2024\/01\/23\/se-suicido-un-alto-funcionario-de-la-ciudad-de-buenos-aires-ayer-habia-sido-denunciado-por-abuso-sexual\/"]}]},{"@type":"ImageObject","inLanguage":"es-AR","@id":"https:\/\/apuntesdesanluis.com\/index.php\/2024\/01\/23\/se-suicido-un-alto-funcionario-de-la-ciudad-de-buenos-aires-ayer-habia-sido-denunciado-por-abuso-sexual\/#primaryimage","url":"https:\/\/apuntesdesanluis.com\/wp-content\/uploads\/2024\/01\/pedrini.png","contentUrl":"https:\/\/apuntesdesanluis.com\/wp-content\/uploads\/2024\/01\/pedrini.png","width":809,"height":475},{"@type":"BreadcrumbList","@id":"https:\/\/apuntesdesanluis.com\/index.php\/2024\/01\/23\/se-suicido-un-alto-funcionario-de-la-ciudad-de-buenos-aires-ayer-habia-sido-denunciado-por-abuso-sexual\/#breadcrumb","itemListElement":[{"@type":"ListItem","position":1,"name":"Inicio","item":"https:\/\/apuntesdesanluis.com\/"},{"@type":"ListItem","position":2,"name":"SE SUICID\u00d3 UN ALTO FUNCIONARIO DE LA CIUDAD DE BUENOS AIRES: AYER HAB\u00cdA SIDO DENUNCIADO POR ABUSO SEXUAL"}]},{"@type":"WebSite","@id":"https:\/\/apuntesdesanluis.com\/#website","url":"https:\/\/apuntesdesanluis.com\/","name":"Apuntes de San Luis","description":"","publisher":{"@id":"https:\/\/apuntesdesanluis.com\/#\/schema\/person\/b55151d52296fcce64d1a72538a70b90"},"potentialAction":[{"@type":"SearchAction","target":{"@type":"EntryPoint","urlTemplate":"https:\/\/apuntesdesanluis.com\/?s={search_term_string}"},"query-input":{"@type":"PropertyValueSpecification","valueRequired":true,"valueName":"search_term_string"}}],"inLanguage":"es-AR"},{"@type":["Person","Organization"],"@id":"https:\/\/apuntesdesanluis.com\/#\/schema\/person\/b55151d52296fcce64d1a72538a70b90","name":"apuntesdesanluis.com","image":{"@type":"ImageObject","inLanguage":"es-AR","@id":"https:\/\/apuntesdesanluis.com\/#\/schema\/person\/image\/","url":"https:\/\/apuntesdesanluis.com\/wp-content\/uploads\/2023\/07\/cropped-apuntesdesanluis.png","contentUrl":"https:\/\/apuntesdesanluis.com\/wp-content\/uploads\/2023\/07\/cropped-apuntesdesanluis.png","width":450,"height":112,"caption":"apuntesdesanluis.com"},"logo":{"@id":"https:\/\/apuntesdesanluis.com\/#\/schema\/person\/image\/"},"sameAs":["https:\/\/apuntesdesanluis.com"],"url":"https:\/\/apuntesdesanluis.com\/index.php\/author\/apuntesdesanluis-com\/"}]}},"featured_image_urls":{"full":["https:\/\/apuntesdesanluis.com\/wp-content\/uploads\/2024\/01\/pedrini.png",809,475,false],"thumbnail":["https:\/\/apuntesdesanluis.com\/wp-content\/uploads\/2024\/01\/pedrini-150x150.png",150,150,true],"medium":["https:\/\/apuntesdesanluis.com\/wp-content\/uploads\/2024\/01\/pedrini-300x176.png",300,176,true],"medium_large":["https:\/\/apuntesdesanluis.com\/wp-content\/uploads\/2024\/01\/pedrini-768x451.png",640,376,true],"large":["https:\/\/apuntesdesanluis.com\/wp-content\/uploads\/2024\/01\/pedrini.png",640,376,false],"1536x1536":["https:\/\/apuntesdesanluis.com\/wp-content\/uploads\/2024\/01\/pedrini.png",809,475,false],"2048x2048":["https:\/\/apuntesdesanluis.com\/wp-content\/uploads\/2024\/01\/pedrini.png",809,475,false],"newsever-slider-full":["https:\/\/apuntesdesanluis.com\/wp-content\/uploads\/2024\/01\/pedrini.png",809,475,false],"newsever-featured":["https:\/\/apuntesdesanluis.com\/wp-content\/uploads\/2024\/01\/pedrini.png",809,475,false],"newsever-medium":["https:\/\/apuntesdesanluis.com\/wp-content\/uploads\/2024\/01\/pedrini-720x475.png",720,475,true]},"author_info":{"display_name":"apuntesdesanluis.com","author_link":"https:\/\/apuntesdesanluis.com\/index.php\/author\/apuntesdesanluis-com\/"},"category_info":"<a href=\"https:\/\/apuntesdesanluis.com\/index.php\/category\/nacionales-internacionales\/\" rel=\"category tag\">Nacionales\/Internacionales<\/a>","tag_info":"Nacionales\/Internacionales","comment_count":"0","_links":{"self":[{"href":"https:\/\/apuntesdesanluis.com\/index.php\/wp-json\/wp\/v2\/posts\/10552","targetHints":{"allow":["GET"]}}],"collection":[{"href":"https:\/\/apuntesdesanluis.com\/index.php\/wp-json\/wp\/v2\/posts"}],"about":[{"href":"https:\/\/apuntesdesanluis.com\/index.php\/wp-json\/wp\/v2\/types\/post"}],"author":[{"embeddable":true,"href":"https:\/\/apuntesdesanluis.com\/index.php\/wp-json\/wp\/v2\/users\/1"}],"replies":[{"embeddable":true,"href":"https:\/\/apuntesdesanluis.com\/index.php\/wp-json\/wp\/v2\/comments?post=10552"}],"version-history":[{"count":1,"href":"https:\/\/apuntesdesanluis.com\/index.php\/wp-json\/wp\/v2\/posts\/10552\/revisions"}],"predecessor-version":[{"id":10554,"href":"https:\/\/apuntesdesanluis.com\/index.php\/wp-json\/wp\/v2\/posts\/10552\/revisions\/10554"}],"wp:featuredmedia":[{"embeddable":true,"href":"https:\/\/apuntesdesanluis.com\/index.php\/wp-json\/wp\/v2\/media\/10553"}],"wp:attachment":[{"href":"https:\/\/apuntesdesanluis.com\/index.php\/wp-json\/wp\/v2\/media?parent=10552"}],"wp:term":[{"taxonomy":"category","embeddable":true,"href":"https:\/\/apuntesdesanluis.com\/index.php\/wp-json\/wp\/v2\/categories?post=10552"},{"taxonomy":"post_tag","embeddable":true,"href":"https:\/\/apuntesdesanluis.com\/index.php\/wp-json\/wp\/v2\/tags?post=10552"}],"curies":[{"name":"wp","href":"https:\/\/api.w.org\/{rel}","templated":true}]}}