{"id":10558,"date":"2024-01-23T22:53:04","date_gmt":"2024-01-24T01:53:04","guid":{"rendered":"https:\/\/apuntesdesanluis.com\/?p=10558"},"modified":"2024-01-23T22:53:04","modified_gmt":"2024-01-24T01:53:04","slug":"la-justicia-le-pidio-al-ministerio-de-seguridad-que-no-haya-filmaciones-ni-requisas-durante-la-marcha-de-la-cgt","status":"publish","type":"post","link":"https:\/\/apuntesdesanluis.com\/index.php\/2024\/01\/23\/la-justicia-le-pidio-al-ministerio-de-seguridad-que-no-haya-filmaciones-ni-requisas-durante-la-marcha-de-la-cgt\/","title":{"rendered":"LA JUSTICIA LE PIDI\u00d3 AL MINISTERIO DE SEGURIDAD QUE NO HAYA FILMACIONES NI REQUISAS DURANTE LA MARCHA DE LA CGT"},"content":{"rendered":"<h3>El juez federal de La Plata <strong>Ernesto Kreplak<\/strong> le pidi\u00f3 al Ministerio de Seguridad nacional que no haya filmaciones ni requisas sin una orden judicial previa durante movilizaci\u00f3n convocada por la Confederaci\u00f3n General del Trabajo (CGT) en contra de las modificaciones a la legislaci\u00f3n laboral que incluyen el DNU de desregulaci\u00f3n de la econom\u00eda y el proyecto de ley \u00f3mnibus. Sin embargo, el magistrado rechaz\u00f3 un planteo de inconstitucionalidad contra el protocolo antipiquete.<\/h3>\n<h3>\u201cExhortando a las autoridades del Ministerio de Seguridad de la Naci\u00f3n que se mantenga el lineamiento oportunamente informado por esa cartera ministerial, y se abstenga de expedir o\u0301rdenes a las fuerzas de seguridad bajo su o\u0301rbita que impliquen que el pro\u0301ximo mie\u0301rcoles 24 de enero, se filmen y\/o se intercepten a personas en la vi\u0301a pu\u0301blica -particularmente a bordo de transportes pu\u0301blicos o en los accesos a las unidades de trenes, todo ello dentro de la jurisdiccional territorial de este Juzgado- con el fin de identificarlas y\/o requisarlas sin orden judicial previa, y sin que se presenten alguna de las circunstancias previstas por el art. 230 bis CPPN\u201d, dice la resoluci\u00f3n a la que tuvo acceso Infobae.<\/h3>\n<h3>Kreplak se expidi\u00f3 a ra\u00edz de un habeas corpus presentado por un pu\u00f1ado de militantes que aseguraron que \u201cya fueron vi\u0301ctimas de filmaciones y\/o de requisas\u201d sin orden judicial en las movilizaciones del 20 y 23 de de diciembre. La presentaci\u00f3n menciona operativos puntuales en autopistas y en estaciones de trenes.<\/h3>\n<h3>Antes de resolver, el juez le pidi\u00f3 un informe al Ministerio de Seguridad que conduce Patricia Bullrich. La respuesta estuvo a cargo de Fernando Soto, Director de Normativa y Enlace Judicial de esa cartera, quien asegur\u00f3 que \u201cno se ha expedido, ni esta\u0301 previsto expedir, una orden dentro de la jurisdiccional territorial de Vuestro Juzgado dirigida a las fuerzas de seguridad (ya sea de manera escrita o por cualquier otro medio) en relacio\u0301n a la movilizacio\u0301n prevista para el pro\u0301ximo di\u0301a 24 de enero, a realizarse en la Ciudad Auto\u0301noma de Buenos Aires, para filmar y\/o interceptar a personas en la vi\u0301a pu\u0301blica -ni a bordo de transportes pu\u0301blicos o en los accesos a las unidades de trenes-, con el fin de identificarlas y\/o requisarlas&#8230;\u201d.<\/h3>\n<h3>Sin embargo, el juez exhort\u00f3 a que las fuerzas de seguridad no hagan requisas sin orden judicial, y reclam\u00f3 que durante cada procedimiento \u201cse labre el acta pertinente para el posterior control jurisdiccional\u201d.<\/h3>\n<h3>\u00a0\u201cLa filmacio\u0301n y\/o interceptacio\u0301n de personas con el fin de identificarlas y\/o requisarlas, sin orden judicial previa, implicari\u0301a un cercenamiento ilegi\u0301timo de la libertad ambulatoria, adema\u0301s de la afectacio\u0301n de otros derechos de raigambre constitucional. Y las irregularidades se veri\u0301an au\u0301n ma\u0301s agravadas si la intervencio\u0301n policial que incluyan requisas no se plasmara en las actas pertinentes para su posterior control jurisdiccional, como habri\u0301a sucedido, segu\u0301n sostienen los accionantes, en las jornadas del 20 y 23 de diciembre pasados\u201d, sostuvo Kreplak.<\/h3>\n<h3>Al margen de las recomendaciones, el juez federal rechaz\u00f3 un pedido de los militantes para que se declare la inconstitucionalidad y nulidad del protocolo antipiquetes. \u201cNo se verifica vinculacio\u0301n suficiente entre la cuestio\u0301n de fondo que habilita la accio\u0301n de ha\u0301beas corpus interpuesta en este caso, y lo normado en la referida resolucio\u0301n\u201d, sostuvo el juez. Y agreg\u00f3 que \u201cno se justifica el tratamiento de dicho planteo en esta oportunidad, ma\u0301xime si se tiene en cuenta que dicha cuestio\u0301n requiere un ana\u0301lisis y tratamiento pormenorizado, que no puede abordarse en el marco de la urgencia e inmediatez que debe darse al tra\u0301mite del habeas corpus\u201d.<\/h3>\n<h3>La medida de fuerza de este mi\u00e9rcoles, que involucra una movilizaci\u00f3n hacia el Congreso de la Naci\u00f3n, comenzar\u00e1 a partir de las 12 horas y concluir\u00e1 a la medianoche, afectando el normal funcionamiento de diversas actividades y servicios en el \u00c1rea Metropolitana de Buenos Aires.<\/h3>\n","protected":false},"excerpt":{"rendered":"<p>El juez federal de La Plata Ernesto Kreplak le pidi\u00f3 al Ministerio de Seguridad nacional&#8230;<\/p>\n","protected":false},"author":1,"featured_media":10559,"comment_status":"closed","ping_status":"closed","sticky":false,"template":"","format":"standard","meta":{"footnotes":""},"categories":[5],"tags":[],"class_list":["post-10558","post","type-post","status-publish","format-standard","has-post-thumbnail","hentry","category-nacionales-internacionales"],"yoast_head":"<!-- This site is optimized with the Yoast SEO plugin v26.1.1 - https:\/\/yoast.com\/wordpress\/plugins\/seo\/ -->\n<title>LA JUSTICIA LE PIDI\u00d3 AL MINISTERIO DE SEGURIDAD QUE NO HAYA FILMACIONES NI REQUISAS DURANTE LA MARCHA DE LA CGT - Apuntes de San Luis<\/title>\n<meta name=\"robots\" content=\"index, follow, max-snippet:-1, max-image-preview:large, max-video-preview:-1\" \/>\n<link rel=\"canonical\" href=\"https:\/\/apuntesdesanluis.com\/index.php\/2024\/01\/23\/la-justicia-le-pidio-al-ministerio-de-seguridad-que-no-haya-filmaciones-ni-requisas-durante-la-marcha-de-la-cgt\/\" \/>\n<meta property=\"og:locale\" content=\"es_ES\" \/>\n<meta property=\"og:type\" content=\"article\" \/>\n<meta property=\"og:title\" content=\"LA JUSTICIA LE PIDI\u00d3 AL MINISTERIO DE SEGURIDAD QUE NO HAYA FILMACIONES NI REQUISAS DURANTE LA MARCHA DE LA CGT - Apuntes de San Luis\" \/>\n<meta property=\"og:description\" content=\"El juez federal de La Plata Ernesto Kreplak le pidi\u00f3 al Ministerio de Seguridad nacional...\" \/>\n<meta property=\"og:url\" content=\"https:\/\/apuntesdesanluis.com\/index.php\/2024\/01\/23\/la-justicia-le-pidio-al-ministerio-de-seguridad-que-no-haya-filmaciones-ni-requisas-durante-la-marcha-de-la-cgt\/\" \/>\n<meta property=\"og:site_name\" content=\"Apuntes de San Luis\" \/>\n<meta property=\"article:published_time\" content=\"2024-01-24T01:53:04+00:00\" \/>\n<meta property=\"og:image\" content=\"https:\/\/apuntesdesanluis.com\/wp-content\/uploads\/2024\/01\/PARO-ARCHIVO.png\" \/>\n\t<meta property=\"og:image:width\" content=\"600\" \/>\n\t<meta property=\"og:image:height\" content=\"332\" \/>\n\t<meta property=\"og:image:type\" content=\"image\/png\" \/>\n<meta name=\"author\" content=\"apuntesdesanluis.com\" \/>\n<meta name=\"twitter:card\" content=\"summary_large_image\" \/>\n<meta name=\"twitter:label1\" content=\"Escrito por\" \/>\n\t<meta name=\"twitter:data1\" content=\"apuntesdesanluis.com\" \/>\n\t<meta name=\"twitter:label2\" content=\"Tiempo de lectura\" \/>\n\t<meta name=\"twitter:data2\" content=\"3 minutos\" \/>\n<script type=\"application\/ld+json\" class=\"yoast-schema-graph\">{\"@context\":\"https:\/\/schema.org\",\"@graph\":[{\"@type\":\"Article\",\"@id\":\"https:\/\/apuntesdesanluis.com\/index.php\/2024\/01\/23\/la-justicia-le-pidio-al-ministerio-de-seguridad-que-no-haya-filmaciones-ni-requisas-durante-la-marcha-de-la-cgt\/#article\",\"isPartOf\":{\"@id\":\"https:\/\/apuntesdesanluis.com\/index.php\/2024\/01\/23\/la-justicia-le-pidio-al-ministerio-de-seguridad-que-no-haya-filmaciones-ni-requisas-durante-la-marcha-de-la-cgt\/\"},\"author\":{\"name\":\"apuntesdesanluis.com\",\"@id\":\"https:\/\/apuntesdesanluis.com\/#\/schema\/person\/b55151d52296fcce64d1a72538a70b90\"},\"headline\":\"LA JUSTICIA LE PIDI\u00d3 AL MINISTERIO DE SEGURIDAD QUE NO HAYA FILMACIONES NI REQUISAS DURANTE LA MARCHA DE LA CGT\",\"datePublished\":\"2024-01-24T01:53:04+00:00\",\"mainEntityOfPage\":{\"@id\":\"https:\/\/apuntesdesanluis.com\/index.php\/2024\/01\/23\/la-justicia-le-pidio-al-ministerio-de-seguridad-que-no-haya-filmaciones-ni-requisas-durante-la-marcha-de-la-cgt\/\"},\"wordCount\":699,\"publisher\":{\"@id\":\"https:\/\/apuntesdesanluis.com\/#\/schema\/person\/b55151d52296fcce64d1a72538a70b90\"},\"image\":{\"@id\":\"https:\/\/apuntesdesanluis.com\/index.php\/2024\/01\/23\/la-justicia-le-pidio-al-ministerio-de-seguridad-que-no-haya-filmaciones-ni-requisas-durante-la-marcha-de-la-cgt\/#primaryimage\"},\"thumbnailUrl\":\"https:\/\/apuntesdesanluis.com\/wp-content\/uploads\/2024\/01\/PARO-ARCHIVO.png\",\"articleSection\":[\"Nacionales\/Internacionales\"],\"inLanguage\":\"es-AR\"},{\"@type\":\"WebPage\",\"@id\":\"https:\/\/apuntesdesanluis.com\/index.php\/2024\/01\/23\/la-justicia-le-pidio-al-ministerio-de-seguridad-que-no-haya-filmaciones-ni-requisas-durante-la-marcha-de-la-cgt\/\",\"url\":\"https:\/\/apuntesdesanluis.com\/index.php\/2024\/01\/23\/la-justicia-le-pidio-al-ministerio-de-seguridad-que-no-haya-filmaciones-ni-requisas-durante-la-marcha-de-la-cgt\/\",\"name\":\"LA JUSTICIA LE PIDI\u00d3 AL MINISTERIO DE SEGURIDAD QUE NO HAYA FILMACIONES NI REQUISAS DURANTE LA MARCHA DE LA CGT - Apuntes de San Luis\",\"isPartOf\":{\"@id\":\"https:\/\/apuntesdesanluis.com\/#website\"},\"primaryImageOfPage\":{\"@id\":\"https:\/\/apuntesdesanluis.com\/index.php\/2024\/01\/23\/la-justicia-le-pidio-al-ministerio-de-seguridad-que-no-haya-filmaciones-ni-requisas-durante-la-marcha-de-la-cgt\/#primaryimage\"},\"image\":{\"@id\":\"https:\/\/apuntesdesanluis.com\/index.php\/2024\/01\/23\/la-justicia-le-pidio-al-ministerio-de-seguridad-que-no-haya-filmaciones-ni-requisas-durante-la-marcha-de-la-cgt\/#primaryimage\"},\"thumbnailUrl\":\"https:\/\/apuntesdesanluis.com\/wp-content\/uploads\/2024\/01\/PARO-ARCHIVO.png\",\"datePublished\":\"2024-01-24T01:53:04+00:00\",\"breadcrumb\":{\"@id\":\"https:\/\/apuntesdesanluis.com\/index.php\/2024\/01\/23\/la-justicia-le-pidio-al-ministerio-de-seguridad-que-no-haya-filmaciones-ni-requisas-durante-la-marcha-de-la-cgt\/#breadcrumb\"},\"inLanguage\":\"es-AR\",\"potentialAction\":[{\"@type\":\"ReadAction\",\"target\":[\"https:\/\/apuntesdesanluis.com\/index.php\/2024\/01\/23\/la-justicia-le-pidio-al-ministerio-de-seguridad-que-no-haya-filmaciones-ni-requisas-durante-la-marcha-de-la-cgt\/\"]}]},{\"@type\":\"ImageObject\",\"inLanguage\":\"es-AR\",\"@id\":\"https:\/\/apuntesdesanluis.com\/index.php\/2024\/01\/23\/la-justicia-le-pidio-al-ministerio-de-seguridad-que-no-haya-filmaciones-ni-requisas-durante-la-marcha-de-la-cgt\/#primaryimage\",\"url\":\"https:\/\/apuntesdesanluis.com\/wp-content\/uploads\/2024\/01\/PARO-ARCHIVO.png\",\"contentUrl\":\"https:\/\/apuntesdesanluis.com\/wp-content\/uploads\/2024\/01\/PARO-ARCHIVO.png\",\"width\":600,\"height\":332},{\"@type\":\"BreadcrumbList\",\"@id\":\"https:\/\/apuntesdesanluis.com\/index.php\/2024\/01\/23\/la-justicia-le-pidio-al-ministerio-de-seguridad-que-no-haya-filmaciones-ni-requisas-durante-la-marcha-de-la-cgt\/#breadcrumb\",\"itemListElement\":[{\"@type\":\"ListItem\",\"position\":1,\"name\":\"Inicio\",\"item\":\"https:\/\/apuntesdesanluis.com\/\"},{\"@type\":\"ListItem\",\"position\":2,\"name\":\"LA JUSTICIA LE PIDI\u00d3 AL MINISTERIO DE SEGURIDAD QUE NO HAYA FILMACIONES NI REQUISAS DURANTE LA MARCHA DE LA CGT\"}]},{\"@type\":\"WebSite\",\"@id\":\"https:\/\/apuntesdesanluis.com\/#website\",\"url\":\"https:\/\/apuntesdesanluis.com\/\",\"name\":\"Apuntes de San Luis\",\"description\":\"\",\"publisher\":{\"@id\":\"https:\/\/apuntesdesanluis.com\/#\/schema\/person\/b55151d52296fcce64d1a72538a70b90\"},\"potentialAction\":[{\"@type\":\"SearchAction\",\"target\":{\"@type\":\"EntryPoint\",\"urlTemplate\":\"https:\/\/apuntesdesanluis.com\/?s={search_term_string}\"},\"query-input\":{\"@type\":\"PropertyValueSpecification\",\"valueRequired\":true,\"valueName\":\"search_term_string\"}}],\"inLanguage\":\"es-AR\"},{\"@type\":[\"Person\",\"Organization\"],\"@id\":\"https:\/\/apuntesdesanluis.com\/#\/schema\/person\/b55151d52296fcce64d1a72538a70b90\",\"name\":\"apuntesdesanluis.com\",\"image\":{\"@type\":\"ImageObject\",\"inLanguage\":\"es-AR\",\"@id\":\"https:\/\/apuntesdesanluis.com\/#\/schema\/person\/image\/\",\"url\":\"https:\/\/apuntesdesanluis.com\/wp-content\/uploads\/2023\/07\/cropped-apuntesdesanluis.png\",\"contentUrl\":\"https:\/\/apuntesdesanluis.com\/wp-content\/uploads\/2023\/07\/cropped-apuntesdesanluis.png\",\"width\":450,\"height\":112,\"caption\":\"apuntesdesanluis.com\"},\"logo\":{\"@id\":\"https:\/\/apuntesdesanluis.com\/#\/schema\/person\/image\/\"},\"sameAs\":[\"https:\/\/apuntesdesanluis.com\"],\"url\":\"https:\/\/apuntesdesanluis.com\/index.php\/author\/apuntesdesanluis-com\/\"}]}<\/script>\n<!-- \/ Yoast SEO plugin. -->","yoast_head_json":{"title":"LA JUSTICIA LE PIDI\u00d3 AL MINISTERIO DE SEGURIDAD QUE NO HAYA FILMACIONES NI REQUISAS DURANTE LA MARCHA DE LA CGT - Apuntes de San Luis","robots":{"index":"index","follow":"follow","max-snippet":"max-snippet:-1","max-image-preview":"max-image-preview:large","max-video-preview":"max-video-preview:-1"},"canonical":"https:\/\/apuntesdesanluis.com\/index.php\/2024\/01\/23\/la-justicia-le-pidio-al-ministerio-de-seguridad-que-no-haya-filmaciones-ni-requisas-durante-la-marcha-de-la-cgt\/","og_locale":"es_ES","og_type":"article","og_title":"LA JUSTICIA LE PIDI\u00d3 AL MINISTERIO DE SEGURIDAD QUE NO HAYA FILMACIONES NI REQUISAS DURANTE LA MARCHA DE LA CGT - Apuntes de San Luis","og_description":"El juez federal de La Plata Ernesto Kreplak le pidi\u00f3 al Ministerio de Seguridad nacional...","og_url":"https:\/\/apuntesdesanluis.com\/index.php\/2024\/01\/23\/la-justicia-le-pidio-al-ministerio-de-seguridad-que-no-haya-filmaciones-ni-requisas-durante-la-marcha-de-la-cgt\/","og_site_name":"Apuntes de San Luis","article_published_time":"2024-01-24T01:53:04+00:00","og_image":[{"width":600,"height":332,"url":"https:\/\/apuntesdesanluis.com\/wp-content\/uploads\/2024\/01\/PARO-ARCHIVO.png","type":"image\/png"}],"author":"apuntesdesanluis.com","twitter_card":"summary_large_image","twitter_misc":{"Escrito por":"apuntesdesanluis.com","Tiempo de lectura":"3 minutos"},"schema":{"@context":"https:\/\/schema.org","@graph":[{"@type":"Article","@id":"https:\/\/apuntesdesanluis.com\/index.php\/2024\/01\/23\/la-justicia-le-pidio-al-ministerio-de-seguridad-que-no-haya-filmaciones-ni-requisas-durante-la-marcha-de-la-cgt\/#article","isPartOf":{"@id":"https:\/\/apuntesdesanluis.com\/index.php\/2024\/01\/23\/la-justicia-le-pidio-al-ministerio-de-seguridad-que-no-haya-filmaciones-ni-requisas-durante-la-marcha-de-la-cgt\/"},"author":{"name":"apuntesdesanluis.com","@id":"https:\/\/apuntesdesanluis.com\/#\/schema\/person\/b55151d52296fcce64d1a72538a70b90"},"headline":"LA JUSTICIA LE PIDI\u00d3 AL MINISTERIO DE SEGURIDAD QUE NO HAYA FILMACIONES NI REQUISAS DURANTE LA MARCHA DE LA CGT","datePublished":"2024-01-24T01:53:04+00:00","mainEntityOfPage":{"@id":"https:\/\/apuntesdesanluis.com\/index.php\/2024\/01\/23\/la-justicia-le-pidio-al-ministerio-de-seguridad-que-no-haya-filmaciones-ni-requisas-durante-la-marcha-de-la-cgt\/"},"wordCount":699,"publisher":{"@id":"https:\/\/apuntesdesanluis.com\/#\/schema\/person\/b55151d52296fcce64d1a72538a70b90"},"image":{"@id":"https:\/\/apuntesdesanluis.com\/index.php\/2024\/01\/23\/la-justicia-le-pidio-al-ministerio-de-seguridad-que-no-haya-filmaciones-ni-requisas-durante-la-marcha-de-la-cgt\/#primaryimage"},"thumbnailUrl":"https:\/\/apuntesdesanluis.com\/wp-content\/uploads\/2024\/01\/PARO-ARCHIVO.png","articleSection":["Nacionales\/Internacionales"],"inLanguage":"es-AR"},{"@type":"WebPage","@id":"https:\/\/apuntesdesanluis.com\/index.php\/2024\/01\/23\/la-justicia-le-pidio-al-ministerio-de-seguridad-que-no-haya-filmaciones-ni-requisas-durante-la-marcha-de-la-cgt\/","url":"https:\/\/apuntesdesanluis.com\/index.php\/2024\/01\/23\/la-justicia-le-pidio-al-ministerio-de-seguridad-que-no-haya-filmaciones-ni-requisas-durante-la-marcha-de-la-cgt\/","name":"LA JUSTICIA LE PIDI\u00d3 AL MINISTERIO DE SEGURIDAD QUE NO HAYA FILMACIONES NI REQUISAS DURANTE LA MARCHA DE LA CGT - Apuntes de San Luis","isPartOf":{"@id":"https:\/\/apuntesdesanluis.com\/#website"},"primaryImageOfPage":{"@id":"https:\/\/apuntesdesanluis.com\/index.php\/2024\/01\/23\/la-justicia-le-pidio-al-ministerio-de-seguridad-que-no-haya-filmaciones-ni-requisas-durante-la-marcha-de-la-cgt\/#primaryimage"},"image":{"@id":"https:\/\/apuntesdesanluis.com\/index.php\/2024\/01\/23\/la-justicia-le-pidio-al-ministerio-de-seguridad-que-no-haya-filmaciones-ni-requisas-durante-la-marcha-de-la-cgt\/#primaryimage"},"thumbnailUrl":"https:\/\/apuntesdesanluis.com\/wp-content\/uploads\/2024\/01\/PARO-ARCHIVO.png","datePublished":"2024-01-24T01:53:04+00:00","breadcrumb":{"@id":"https:\/\/apuntesdesanluis.com\/index.php\/2024\/01\/23\/la-justicia-le-pidio-al-ministerio-de-seguridad-que-no-haya-filmaciones-ni-requisas-durante-la-marcha-de-la-cgt\/#breadcrumb"},"inLanguage":"es-AR","potentialAction":[{"@type":"ReadAction","target":["https:\/\/apuntesdesanluis.com\/index.php\/2024\/01\/23\/la-justicia-le-pidio-al-ministerio-de-seguridad-que-no-haya-filmaciones-ni-requisas-durante-la-marcha-de-la-cgt\/"]}]},{"@type":"ImageObject","inLanguage":"es-AR","@id":"https:\/\/apuntesdesanluis.com\/index.php\/2024\/01\/23\/la-justicia-le-pidio-al-ministerio-de-seguridad-que-no-haya-filmaciones-ni-requisas-durante-la-marcha-de-la-cgt\/#primaryimage","url":"https:\/\/apuntesdesanluis.com\/wp-content\/uploads\/2024\/01\/PARO-ARCHIVO.png","contentUrl":"https:\/\/apuntesdesanluis.com\/wp-content\/uploads\/2024\/01\/PARO-ARCHIVO.png","width":600,"height":332},{"@type":"BreadcrumbList","@id":"https:\/\/apuntesdesanluis.com\/index.php\/2024\/01\/23\/la-justicia-le-pidio-al-ministerio-de-seguridad-que-no-haya-filmaciones-ni-requisas-durante-la-marcha-de-la-cgt\/#breadcrumb","itemListElement":[{"@type":"ListItem","position":1,"name":"Inicio","item":"https:\/\/apuntesdesanluis.com\/"},{"@type":"ListItem","position":2,"name":"LA JUSTICIA LE PIDI\u00d3 AL MINISTERIO DE SEGURIDAD QUE NO HAYA FILMACIONES NI REQUISAS DURANTE LA MARCHA DE LA CGT"}]},{"@type":"WebSite","@id":"https:\/\/apuntesdesanluis.com\/#website","url":"https:\/\/apuntesdesanluis.com\/","name":"Apuntes de San Luis","description":"","publisher":{"@id":"https:\/\/apuntesdesanluis.com\/#\/schema\/person\/b55151d52296fcce64d1a72538a70b90"},"potentialAction":[{"@type":"SearchAction","target":{"@type":"EntryPoint","urlTemplate":"https:\/\/apuntesdesanluis.com\/?s={search_term_string}"},"query-input":{"@type":"PropertyValueSpecification","valueRequired":true,"valueName":"search_term_string"}}],"inLanguage":"es-AR"},{"@type":["Person","Organization"],"@id":"https:\/\/apuntesdesanluis.com\/#\/schema\/person\/b55151d52296fcce64d1a72538a70b90","name":"apuntesdesanluis.com","image":{"@type":"ImageObject","inLanguage":"es-AR","@id":"https:\/\/apuntesdesanluis.com\/#\/schema\/person\/image\/","url":"https:\/\/apuntesdesanluis.com\/wp-content\/uploads\/2023\/07\/cropped-apuntesdesanluis.png","contentUrl":"https:\/\/apuntesdesanluis.com\/wp-content\/uploads\/2023\/07\/cropped-apuntesdesanluis.png","width":450,"height":112,"caption":"apuntesdesanluis.com"},"logo":{"@id":"https:\/\/apuntesdesanluis.com\/#\/schema\/person\/image\/"},"sameAs":["https:\/\/apuntesdesanluis.com"],"url":"https:\/\/apuntesdesanluis.com\/index.php\/author\/apuntesdesanluis-com\/"}]}},"featured_image_urls":{"full":["https:\/\/apuntesdesanluis.com\/wp-content\/uploads\/2024\/01\/PARO-ARCHIVO.png",600,332,false],"thumbnail":["https:\/\/apuntesdesanluis.com\/wp-content\/uploads\/2024\/01\/PARO-ARCHIVO-150x150.png",150,150,true],"medium":["https:\/\/apuntesdesanluis.com\/wp-content\/uploads\/2024\/01\/PARO-ARCHIVO-300x166.png",300,166,true],"medium_large":["https:\/\/apuntesdesanluis.com\/wp-content\/uploads\/2024\/01\/PARO-ARCHIVO.png",600,332,false],"large":["https:\/\/apuntesdesanluis.com\/wp-content\/uploads\/2024\/01\/PARO-ARCHIVO.png",600,332,false],"1536x1536":["https:\/\/apuntesdesanluis.com\/wp-content\/uploads\/2024\/01\/PARO-ARCHIVO.png",600,332,false],"2048x2048":["https:\/\/apuntesdesanluis.com\/wp-content\/uploads\/2024\/01\/PARO-ARCHIVO.png",600,332,false],"newsever-slider-full":["https:\/\/apuntesdesanluis.com\/wp-content\/uploads\/2024\/01\/PARO-ARCHIVO.png",600,332,false],"newsever-featured":["https:\/\/apuntesdesanluis.com\/wp-content\/uploads\/2024\/01\/PARO-ARCHIVO.png",600,332,false],"newsever-medium":["https:\/\/apuntesdesanluis.com\/wp-content\/uploads\/2024\/01\/PARO-ARCHIVO.png",600,332,false]},"author_info":{"display_name":"apuntesdesanluis.com","author_link":"https:\/\/apuntesdesanluis.com\/index.php\/author\/apuntesdesanluis-com\/"},"category_info":"<a href=\"https:\/\/apuntesdesanluis.com\/index.php\/category\/nacionales-internacionales\/\" rel=\"category tag\">Nacionales\/Internacionales<\/a>","tag_info":"Nacionales\/Internacionales","comment_count":"0","_links":{"self":[{"href":"https:\/\/apuntesdesanluis.com\/index.php\/wp-json\/wp\/v2\/posts\/10558","targetHints":{"allow":["GET"]}}],"collection":[{"href":"https:\/\/apuntesdesanluis.com\/index.php\/wp-json\/wp\/v2\/posts"}],"about":[{"href":"https:\/\/apuntesdesanluis.com\/index.php\/wp-json\/wp\/v2\/types\/post"}],"author":[{"embeddable":true,"href":"https:\/\/apuntesdesanluis.com\/index.php\/wp-json\/wp\/v2\/users\/1"}],"replies":[{"embeddable":true,"href":"https:\/\/apuntesdesanluis.com\/index.php\/wp-json\/wp\/v2\/comments?post=10558"}],"version-history":[{"count":2,"href":"https:\/\/apuntesdesanluis.com\/index.php\/wp-json\/wp\/v2\/posts\/10558\/revisions"}],"predecessor-version":[{"id":10561,"href":"https:\/\/apuntesdesanluis.com\/index.php\/wp-json\/wp\/v2\/posts\/10558\/revisions\/10561"}],"wp:featuredmedia":[{"embeddable":true,"href":"https:\/\/apuntesdesanluis.com\/index.php\/wp-json\/wp\/v2\/media\/10559"}],"wp:attachment":[{"href":"https:\/\/apuntesdesanluis.com\/index.php\/wp-json\/wp\/v2\/media?parent=10558"}],"wp:term":[{"taxonomy":"category","embeddable":true,"href":"https:\/\/apuntesdesanluis.com\/index.php\/wp-json\/wp\/v2\/categories?post=10558"},{"taxonomy":"post_tag","embeddable":true,"href":"https:\/\/apuntesdesanluis.com\/index.php\/wp-json\/wp\/v2\/tags?post=10558"}],"curies":[{"name":"wp","href":"https:\/\/api.w.org\/{rel}","templated":true}]}}