{"id":10565,"date":"2024-01-23T23:25:25","date_gmt":"2024-01-24T02:25:25","guid":{"rendered":"https:\/\/apuntesdesanluis.com\/?p=10565"},"modified":"2024-01-23T23:30:40","modified_gmt":"2024-01-24T02:30:40","slug":"adhesiones-al-paro-general-y-movilizacion-de-este-miercoles","status":"publish","type":"post","link":"https:\/\/apuntesdesanluis.com\/index.php\/2024\/01\/23\/adhesiones-al-paro-general-y-movilizacion-de-este-miercoles\/","title":{"rendered":"ADHESIONES AL PARO GENERAL Y MOVILIZACI\u00d3N DE ESTE MI\u00c9RCOLES"},"content":{"rendered":"<h3>En las \u00faltimas horas se sucedieron las expresiones de apoyo al paro general decretado por la CGT para este mi\u00e9rcoles 24, la primera medida de fuerza contra el gobierno nacional, en rechazo del DNU y la Ley \u00d3mnibus que se debate en el Congreso Nacional.<\/h3>\n<h3>Distintas organizaciones gremiales de San Luis convocaron a sus afiliados a movilizarse, para expresar su oposici\u00f3n a numerosas reformas contenidas en las normas que impulsa la gesti\u00f3n libertaria.<\/h3>\n<h3>En Villa Mercedes habr\u00e1 una concentraci\u00f3n a las 18:00 en la sede de la CGT, en tanto que en San Luis y Merlo ser\u00e1 a las 19:00 h.<\/h3>\n<h3>En Capital la concentraci\u00f3n ser\u00e1 a las 19 en el Correo Argentino.<\/h3>\n<h3>Al reclamo adhieren la Confederaci\u00f3n General del Trabajo de la Rep\u00fablica Argentina (CGT), la Asociaci\u00f3n de Trabajadores del Estado (ATE), la CTA Aut\u00f3noma, la Conadu Hist\u00f3rica, el Sindicato Judiciales Puntanos (Sijupu), la Asociaci\u00f3n de Profesionales y T\u00e9cnicos de la Salud (APTS), la Bancaria, Camioneros, la Uni\u00f3n Tranviarios Automotor (UTA), la Uni\u00f3n de Trabajadores de la Ense\u00f1anza Provincial (UTEP), la Confederaci\u00f3n de Educadores Argentinos (CEA), la Asociaci\u00f3n de Docentes Universitarios (ADU) y la Asociaci\u00f3n Sanluise\u00f1a de Docentes Estatales (ASDE). Asimismo, se suman organizaciones pol\u00edticas y sociales.<\/h3>\n<h3>En el caso de los bancos en San Luis s\u00f3lo funcionar\u00e1n hasta las 12. Por su parte, la UTA ya comunic\u00f3 que el transporte urbano e interurbano dejar\u00e1 de prestar servicio a partir de las 19.<\/h3>\n<h3>Algunas organizaciones tambi\u00e9n expresar\u00e1n su rechazo al al desdoblamiento de salarios en la administraci\u00f3n p\u00fablica provincial.<\/h3>\n<p><img fetchpriority=\"high\" decoding=\"async\" class=\"wp-image-10566 aligncenter\" src=\"https:\/\/apuntesdesanluis.com\/wp-content\/uploads\/2024\/01\/ASDE-1-300x300.jpg\" alt=\"\" width=\"552\" height=\"552\" srcset=\"https:\/\/apuntesdesanluis.com\/wp-content\/uploads\/2024\/01\/ASDE-1-300x300.jpg 300w, https:\/\/apuntesdesanluis.com\/wp-content\/uploads\/2024\/01\/ASDE-1-150x150.jpg 150w, https:\/\/apuntesdesanluis.com\/wp-content\/uploads\/2024\/01\/ASDE-1.jpg 600w\" sizes=\"(max-width: 552px) 100vw, 552px\" \/><\/p>\n<p><img decoding=\"async\" class=\"wp-image-10567 aligncenter\" src=\"https:\/\/apuntesdesanluis.com\/wp-content\/uploads\/2024\/01\/UNVIME-215x300.jpg\" alt=\"\" width=\"551\" height=\"769\" srcset=\"https:\/\/apuntesdesanluis.com\/wp-content\/uploads\/2024\/01\/UNVIME-215x300.jpg 215w, https:\/\/apuntesdesanluis.com\/wp-content\/uploads\/2024\/01\/UNVIME.jpg 617w\" sizes=\"(max-width: 551px) 100vw, 551px\" \/><\/p>\n<p><img decoding=\"async\" class=\"wp-image-10571 aligncenter\" src=\"https:\/\/apuntesdesanluis.com\/wp-content\/uploads\/2024\/01\/fatsa-261x300.png\" alt=\"\" width=\"541\" height=\"622\" srcset=\"https:\/\/apuntesdesanluis.com\/wp-content\/uploads\/2024\/01\/fatsa-261x300.png 261w, https:\/\/apuntesdesanluis.com\/wp-content\/uploads\/2024\/01\/fatsa.png 533w\" sizes=\"(max-width: 541px) 100vw, 541px\" \/><\/p>\n<p><img loading=\"lazy\" decoding=\"async\" class=\"wp-image-10568 aligncenter\" src=\"https:\/\/apuntesdesanluis.com\/wp-content\/uploads\/2024\/01\/CARNE-215x300.jpg\" alt=\"\" width=\"540\" height=\"753\" srcset=\"https:\/\/apuntesdesanluis.com\/wp-content\/uploads\/2024\/01\/CARNE-215x300.jpg 215w, https:\/\/apuntesdesanluis.com\/wp-content\/uploads\/2024\/01\/CARNE.jpg 516w\" sizes=\"(max-width: 540px) 100vw, 540px\" \/><\/p>\n<p><img loading=\"lazy\" decoding=\"async\" class=\"wp-image-10569 aligncenter\" src=\"https:\/\/apuntesdesanluis.com\/wp-content\/uploads\/2024\/01\/mERCEDES-180x300.jpg\" alt=\"\" width=\"536\" height=\"893\" srcset=\"https:\/\/apuntesdesanluis.com\/wp-content\/uploads\/2024\/01\/mERCEDES-180x300.jpg 180w, https:\/\/apuntesdesanluis.com\/wp-content\/uploads\/2024\/01\/mERCEDES.jpg 600w\" sizes=\"(max-width: 536px) 100vw, 536px\" \/><\/p>\n<p><img loading=\"lazy\" decoding=\"async\" class=\"wp-image-10570 aligncenter\" src=\"https:\/\/apuntesdesanluis.com\/wp-content\/uploads\/2024\/01\/MERLO-169x300.jpg\" alt=\"\" width=\"536\" height=\"951\" srcset=\"https:\/\/apuntesdesanluis.com\/wp-content\/uploads\/2024\/01\/MERLO-169x300.jpg 169w, https:\/\/apuntesdesanluis.com\/wp-content\/uploads\/2024\/01\/MERLO.jpg 600w\" sizes=\"(max-width: 536px) 100vw, 536px\" \/><\/p>\n<p>&nbsp;<\/p>\n<p>&nbsp;<\/p>\n","protected":false},"excerpt":{"rendered":"<p>En las \u00faltimas horas se sucedieron las expresiones de apoyo al paro general decretado por&#8230;<\/p>\n","protected":false},"author":1,"featured_media":10572,"comment_status":"closed","ping_status":"closed","sticky":false,"template":"","format":"standard","meta":{"footnotes":""},"categories":[6],"tags":[],"class_list":["post-10565","post","type-post","status-publish","format-standard","has-post-thumbnail","hentry","category-ciudad-provincia"],"yoast_head":"<!-- This site is optimized with the Yoast SEO plugin v26.1.1 - https:\/\/yoast.com\/wordpress\/plugins\/seo\/ -->\n<title>ADHESIONES AL PARO GENERAL Y MOVILIZACI\u00d3N DE ESTE MI\u00c9RCOLES - Apuntes de San Luis<\/title>\n<meta name=\"robots\" content=\"index, follow, max-snippet:-1, max-image-preview:large, max-video-preview:-1\" \/>\n<link rel=\"canonical\" href=\"https:\/\/apuntesdesanluis.com\/index.php\/2024\/01\/23\/adhesiones-al-paro-general-y-movilizacion-de-este-miercoles\/\" \/>\n<meta property=\"og:locale\" content=\"es_ES\" \/>\n<meta property=\"og:type\" content=\"article\" \/>\n<meta property=\"og:title\" content=\"ADHESIONES AL PARO GENERAL Y MOVILIZACI\u00d3N DE ESTE MI\u00c9RCOLES - Apuntes de San Luis\" \/>\n<meta property=\"og:description\" content=\"En las \u00faltimas horas se sucedieron las expresiones de apoyo al paro general decretado por...\" \/>\n<meta property=\"og:url\" content=\"https:\/\/apuntesdesanluis.com\/index.php\/2024\/01\/23\/adhesiones-al-paro-general-y-movilizacion-de-este-miercoles\/\" \/>\n<meta property=\"og:site_name\" content=\"Apuntes de San Luis\" \/>\n<meta property=\"article:published_time\" content=\"2024-01-24T02:25:25+00:00\" \/>\n<meta property=\"article:modified_time\" content=\"2024-01-24T02:30:40+00:00\" \/>\n<meta property=\"og:image\" content=\"https:\/\/apuntesdesanluis.com\/wp-content\/uploads\/2024\/01\/cgt-1.png\" \/>\n\t<meta property=\"og:image:width\" content=\"803\" \/>\n\t<meta property=\"og:image:height\" content=\"526\" \/>\n\t<meta property=\"og:image:type\" content=\"image\/png\" \/>\n<meta name=\"author\" content=\"apuntesdesanluis.com\" \/>\n<meta name=\"twitter:card\" content=\"summary_large_image\" \/>\n<meta name=\"twitter:label1\" content=\"Escrito por\" \/>\n\t<meta name=\"twitter:data1\" content=\"apuntesdesanluis.com\" \/>\n\t<meta name=\"twitter:label2\" content=\"Tiempo de lectura\" \/>\n\t<meta name=\"twitter:data2\" content=\"3 minutos\" \/>\n<script type=\"application\/ld+json\" class=\"yoast-schema-graph\">{\"@context\":\"https:\/\/schema.org\",\"@graph\":[{\"@type\":\"Article\",\"@id\":\"https:\/\/apuntesdesanluis.com\/index.php\/2024\/01\/23\/adhesiones-al-paro-general-y-movilizacion-de-este-miercoles\/#article\",\"isPartOf\":{\"@id\":\"https:\/\/apuntesdesanluis.com\/index.php\/2024\/01\/23\/adhesiones-al-paro-general-y-movilizacion-de-este-miercoles\/\"},\"author\":{\"name\":\"apuntesdesanluis.com\",\"@id\":\"https:\/\/apuntesdesanluis.com\/#\/schema\/person\/b55151d52296fcce64d1a72538a70b90\"},\"headline\":\"ADHESIONES AL PARO GENERAL Y MOVILIZACI\u00d3N DE ESTE MI\u00c9RCOLES\",\"datePublished\":\"2024-01-24T02:25:25+00:00\",\"dateModified\":\"2024-01-24T02:30:40+00:00\",\"mainEntityOfPage\":{\"@id\":\"https:\/\/apuntesdesanluis.com\/index.php\/2024\/01\/23\/adhesiones-al-paro-general-y-movilizacion-de-este-miercoles\/\"},\"wordCount\":283,\"publisher\":{\"@id\":\"https:\/\/apuntesdesanluis.com\/#\/schema\/person\/b55151d52296fcce64d1a72538a70b90\"},\"image\":{\"@id\":\"https:\/\/apuntesdesanluis.com\/index.php\/2024\/01\/23\/adhesiones-al-paro-general-y-movilizacion-de-este-miercoles\/#primaryimage\"},\"thumbnailUrl\":\"https:\/\/apuntesdesanluis.com\/wp-content\/uploads\/2024\/01\/cgt-1.png\",\"articleSection\":[\"Ciudad\/Provincia\"],\"inLanguage\":\"es-AR\"},{\"@type\":\"WebPage\",\"@id\":\"https:\/\/apuntesdesanluis.com\/index.php\/2024\/01\/23\/adhesiones-al-paro-general-y-movilizacion-de-este-miercoles\/\",\"url\":\"https:\/\/apuntesdesanluis.com\/index.php\/2024\/01\/23\/adhesiones-al-paro-general-y-movilizacion-de-este-miercoles\/\",\"name\":\"ADHESIONES AL PARO GENERAL Y MOVILIZACI\u00d3N DE ESTE MI\u00c9RCOLES - Apuntes de San Luis\",\"isPartOf\":{\"@id\":\"https:\/\/apuntesdesanluis.com\/#website\"},\"primaryImageOfPage\":{\"@id\":\"https:\/\/apuntesdesanluis.com\/index.php\/2024\/01\/23\/adhesiones-al-paro-general-y-movilizacion-de-este-miercoles\/#primaryimage\"},\"image\":{\"@id\":\"https:\/\/apuntesdesanluis.com\/index.php\/2024\/01\/23\/adhesiones-al-paro-general-y-movilizacion-de-este-miercoles\/#primaryimage\"},\"thumbnailUrl\":\"https:\/\/apuntesdesanluis.com\/wp-content\/uploads\/2024\/01\/cgt-1.png\",\"datePublished\":\"2024-01-24T02:25:25+00:00\",\"dateModified\":\"2024-01-24T02:30:40+00:00\",\"breadcrumb\":{\"@id\":\"https:\/\/apuntesdesanluis.com\/index.php\/2024\/01\/23\/adhesiones-al-paro-general-y-movilizacion-de-este-miercoles\/#breadcrumb\"},\"inLanguage\":\"es-AR\",\"potentialAction\":[{\"@type\":\"ReadAction\",\"target\":[\"https:\/\/apuntesdesanluis.com\/index.php\/2024\/01\/23\/adhesiones-al-paro-general-y-movilizacion-de-este-miercoles\/\"]}]},{\"@type\":\"ImageObject\",\"inLanguage\":\"es-AR\",\"@id\":\"https:\/\/apuntesdesanluis.com\/index.php\/2024\/01\/23\/adhesiones-al-paro-general-y-movilizacion-de-este-miercoles\/#primaryimage\",\"url\":\"https:\/\/apuntesdesanluis.com\/wp-content\/uploads\/2024\/01\/cgt-1.png\",\"contentUrl\":\"https:\/\/apuntesdesanluis.com\/wp-content\/uploads\/2024\/01\/cgt-1.png\",\"width\":803,\"height\":526},{\"@type\":\"BreadcrumbList\",\"@id\":\"https:\/\/apuntesdesanluis.com\/index.php\/2024\/01\/23\/adhesiones-al-paro-general-y-movilizacion-de-este-miercoles\/#breadcrumb\",\"itemListElement\":[{\"@type\":\"ListItem\",\"position\":1,\"name\":\"Inicio\",\"item\":\"https:\/\/apuntesdesanluis.com\/\"},{\"@type\":\"ListItem\",\"position\":2,\"name\":\"ADHESIONES AL PARO GENERAL Y MOVILIZACI\u00d3N DE ESTE MI\u00c9RCOLES\"}]},{\"@type\":\"WebSite\",\"@id\":\"https:\/\/apuntesdesanluis.com\/#website\",\"url\":\"https:\/\/apuntesdesanluis.com\/\",\"name\":\"Apuntes de San Luis\",\"description\":\"\",\"publisher\":{\"@id\":\"https:\/\/apuntesdesanluis.com\/#\/schema\/person\/b55151d52296fcce64d1a72538a70b90\"},\"potentialAction\":[{\"@type\":\"SearchAction\",\"target\":{\"@type\":\"EntryPoint\",\"urlTemplate\":\"https:\/\/apuntesdesanluis.com\/?s={search_term_string}\"},\"query-input\":{\"@type\":\"PropertyValueSpecification\",\"valueRequired\":true,\"valueName\":\"search_term_string\"}}],\"inLanguage\":\"es-AR\"},{\"@type\":[\"Person\",\"Organization\"],\"@id\":\"https:\/\/apuntesdesanluis.com\/#\/schema\/person\/b55151d52296fcce64d1a72538a70b90\",\"name\":\"apuntesdesanluis.com\",\"image\":{\"@type\":\"ImageObject\",\"inLanguage\":\"es-AR\",\"@id\":\"https:\/\/apuntesdesanluis.com\/#\/schema\/person\/image\/\",\"url\":\"https:\/\/apuntesdesanluis.com\/wp-content\/uploads\/2023\/07\/cropped-apuntesdesanluis.png\",\"contentUrl\":\"https:\/\/apuntesdesanluis.com\/wp-content\/uploads\/2023\/07\/cropped-apuntesdesanluis.png\",\"width\":450,\"height\":112,\"caption\":\"apuntesdesanluis.com\"},\"logo\":{\"@id\":\"https:\/\/apuntesdesanluis.com\/#\/schema\/person\/image\/\"},\"sameAs\":[\"https:\/\/apuntesdesanluis.com\"],\"url\":\"https:\/\/apuntesdesanluis.com\/index.php\/author\/apuntesdesanluis-com\/\"}]}<\/script>\n<!-- \/ Yoast SEO plugin. -->","yoast_head_json":{"title":"ADHESIONES AL PARO GENERAL Y MOVILIZACI\u00d3N DE ESTE MI\u00c9RCOLES - Apuntes de San Luis","robots":{"index":"index","follow":"follow","max-snippet":"max-snippet:-1","max-image-preview":"max-image-preview:large","max-video-preview":"max-video-preview:-1"},"canonical":"https:\/\/apuntesdesanluis.com\/index.php\/2024\/01\/23\/adhesiones-al-paro-general-y-movilizacion-de-este-miercoles\/","og_locale":"es_ES","og_type":"article","og_title":"ADHESIONES AL PARO GENERAL Y MOVILIZACI\u00d3N DE ESTE MI\u00c9RCOLES - Apuntes de San Luis","og_description":"En las \u00faltimas horas se sucedieron las expresiones de apoyo al paro general decretado por...","og_url":"https:\/\/apuntesdesanluis.com\/index.php\/2024\/01\/23\/adhesiones-al-paro-general-y-movilizacion-de-este-miercoles\/","og_site_name":"Apuntes de San Luis","article_published_time":"2024-01-24T02:25:25+00:00","article_modified_time":"2024-01-24T02:30:40+00:00","og_image":[{"width":803,"height":526,"url":"https:\/\/apuntesdesanluis.com\/wp-content\/uploads\/2024\/01\/cgt-1.png","type":"image\/png"}],"author":"apuntesdesanluis.com","twitter_card":"summary_large_image","twitter_misc":{"Escrito por":"apuntesdesanluis.com","Tiempo de lectura":"3 minutos"},"schema":{"@context":"https:\/\/schema.org","@graph":[{"@type":"Article","@id":"https:\/\/apuntesdesanluis.com\/index.php\/2024\/01\/23\/adhesiones-al-paro-general-y-movilizacion-de-este-miercoles\/#article","isPartOf":{"@id":"https:\/\/apuntesdesanluis.com\/index.php\/2024\/01\/23\/adhesiones-al-paro-general-y-movilizacion-de-este-miercoles\/"},"author":{"name":"apuntesdesanluis.com","@id":"https:\/\/apuntesdesanluis.com\/#\/schema\/person\/b55151d52296fcce64d1a72538a70b90"},"headline":"ADHESIONES AL PARO GENERAL Y MOVILIZACI\u00d3N DE ESTE MI\u00c9RCOLES","datePublished":"2024-01-24T02:25:25+00:00","dateModified":"2024-01-24T02:30:40+00:00","mainEntityOfPage":{"@id":"https:\/\/apuntesdesanluis.com\/index.php\/2024\/01\/23\/adhesiones-al-paro-general-y-movilizacion-de-este-miercoles\/"},"wordCount":283,"publisher":{"@id":"https:\/\/apuntesdesanluis.com\/#\/schema\/person\/b55151d52296fcce64d1a72538a70b90"},"image":{"@id":"https:\/\/apuntesdesanluis.com\/index.php\/2024\/01\/23\/adhesiones-al-paro-general-y-movilizacion-de-este-miercoles\/#primaryimage"},"thumbnailUrl":"https:\/\/apuntesdesanluis.com\/wp-content\/uploads\/2024\/01\/cgt-1.png","articleSection":["Ciudad\/Provincia"],"inLanguage":"es-AR"},{"@type":"WebPage","@id":"https:\/\/apuntesdesanluis.com\/index.php\/2024\/01\/23\/adhesiones-al-paro-general-y-movilizacion-de-este-miercoles\/","url":"https:\/\/apuntesdesanluis.com\/index.php\/2024\/01\/23\/adhesiones-al-paro-general-y-movilizacion-de-este-miercoles\/","name":"ADHESIONES AL PARO GENERAL Y MOVILIZACI\u00d3N DE ESTE MI\u00c9RCOLES - Apuntes de San Luis","isPartOf":{"@id":"https:\/\/apuntesdesanluis.com\/#website"},"primaryImageOfPage":{"@id":"https:\/\/apuntesdesanluis.com\/index.php\/2024\/01\/23\/adhesiones-al-paro-general-y-movilizacion-de-este-miercoles\/#primaryimage"},"image":{"@id":"https:\/\/apuntesdesanluis.com\/index.php\/2024\/01\/23\/adhesiones-al-paro-general-y-movilizacion-de-este-miercoles\/#primaryimage"},"thumbnailUrl":"https:\/\/apuntesdesanluis.com\/wp-content\/uploads\/2024\/01\/cgt-1.png","datePublished":"2024-01-24T02:25:25+00:00","dateModified":"2024-01-24T02:30:40+00:00","breadcrumb":{"@id":"https:\/\/apuntesdesanluis.com\/index.php\/2024\/01\/23\/adhesiones-al-paro-general-y-movilizacion-de-este-miercoles\/#breadcrumb"},"inLanguage":"es-AR","potentialAction":[{"@type":"ReadAction","target":["https:\/\/apuntesdesanluis.com\/index.php\/2024\/01\/23\/adhesiones-al-paro-general-y-movilizacion-de-este-miercoles\/"]}]},{"@type":"ImageObject","inLanguage":"es-AR","@id":"https:\/\/apuntesdesanluis.com\/index.php\/2024\/01\/23\/adhesiones-al-paro-general-y-movilizacion-de-este-miercoles\/#primaryimage","url":"https:\/\/apuntesdesanluis.com\/wp-content\/uploads\/2024\/01\/cgt-1.png","contentUrl":"https:\/\/apuntesdesanluis.com\/wp-content\/uploads\/2024\/01\/cgt-1.png","width":803,"height":526},{"@type":"BreadcrumbList","@id":"https:\/\/apuntesdesanluis.com\/index.php\/2024\/01\/23\/adhesiones-al-paro-general-y-movilizacion-de-este-miercoles\/#breadcrumb","itemListElement":[{"@type":"ListItem","position":1,"name":"Inicio","item":"https:\/\/apuntesdesanluis.com\/"},{"@type":"ListItem","position":2,"name":"ADHESIONES AL PARO GENERAL Y MOVILIZACI\u00d3N DE ESTE MI\u00c9RCOLES"}]},{"@type":"WebSite","@id":"https:\/\/apuntesdesanluis.com\/#website","url":"https:\/\/apuntesdesanluis.com\/","name":"Apuntes de San Luis","description":"","publisher":{"@id":"https:\/\/apuntesdesanluis.com\/#\/schema\/person\/b55151d52296fcce64d1a72538a70b90"},"potentialAction":[{"@type":"SearchAction","target":{"@type":"EntryPoint","urlTemplate":"https:\/\/apuntesdesanluis.com\/?s={search_term_string}"},"query-input":{"@type":"PropertyValueSpecification","valueRequired":true,"valueName":"search_term_string"}}],"inLanguage":"es-AR"},{"@type":["Person","Organization"],"@id":"https:\/\/apuntesdesanluis.com\/#\/schema\/person\/b55151d52296fcce64d1a72538a70b90","name":"apuntesdesanluis.com","image":{"@type":"ImageObject","inLanguage":"es-AR","@id":"https:\/\/apuntesdesanluis.com\/#\/schema\/person\/image\/","url":"https:\/\/apuntesdesanluis.com\/wp-content\/uploads\/2023\/07\/cropped-apuntesdesanluis.png","contentUrl":"https:\/\/apuntesdesanluis.com\/wp-content\/uploads\/2023\/07\/cropped-apuntesdesanluis.png","width":450,"height":112,"caption":"apuntesdesanluis.com"},"logo":{"@id":"https:\/\/apuntesdesanluis.com\/#\/schema\/person\/image\/"},"sameAs":["https:\/\/apuntesdesanluis.com"],"url":"https:\/\/apuntesdesanluis.com\/index.php\/author\/apuntesdesanluis-com\/"}]}},"featured_image_urls":{"full":["https:\/\/apuntesdesanluis.com\/wp-content\/uploads\/2024\/01\/cgt-1.png",803,526,false],"thumbnail":["https:\/\/apuntesdesanluis.com\/wp-content\/uploads\/2024\/01\/cgt-1-150x150.png",150,150,true],"medium":["https:\/\/apuntesdesanluis.com\/wp-content\/uploads\/2024\/01\/cgt-1-300x197.png",300,197,true],"medium_large":["https:\/\/apuntesdesanluis.com\/wp-content\/uploads\/2024\/01\/cgt-1-768x503.png",640,419,true],"large":["https:\/\/apuntesdesanluis.com\/wp-content\/uploads\/2024\/01\/cgt-1.png",640,419,false],"1536x1536":["https:\/\/apuntesdesanluis.com\/wp-content\/uploads\/2024\/01\/cgt-1.png",803,526,false],"2048x2048":["https:\/\/apuntesdesanluis.com\/wp-content\/uploads\/2024\/01\/cgt-1.png",803,526,false],"newsever-slider-full":["https:\/\/apuntesdesanluis.com\/wp-content\/uploads\/2024\/01\/cgt-1.png",803,526,false],"newsever-featured":["https:\/\/apuntesdesanluis.com\/wp-content\/uploads\/2024\/01\/cgt-1.png",803,526,false],"newsever-medium":["https:\/\/apuntesdesanluis.com\/wp-content\/uploads\/2024\/01\/cgt-1-720x475.png",720,475,true]},"author_info":{"display_name":"apuntesdesanluis.com","author_link":"https:\/\/apuntesdesanluis.com\/index.php\/author\/apuntesdesanluis-com\/"},"category_info":"<a href=\"https:\/\/apuntesdesanluis.com\/index.php\/category\/ciudad-provincia\/\" rel=\"category tag\">Ciudad\/Provincia<\/a>","tag_info":"Ciudad\/Provincia","comment_count":"0","_links":{"self":[{"href":"https:\/\/apuntesdesanluis.com\/index.php\/wp-json\/wp\/v2\/posts\/10565","targetHints":{"allow":["GET"]}}],"collection":[{"href":"https:\/\/apuntesdesanluis.com\/index.php\/wp-json\/wp\/v2\/posts"}],"about":[{"href":"https:\/\/apuntesdesanluis.com\/index.php\/wp-json\/wp\/v2\/types\/post"}],"author":[{"embeddable":true,"href":"https:\/\/apuntesdesanluis.com\/index.php\/wp-json\/wp\/v2\/users\/1"}],"replies":[{"embeddable":true,"href":"https:\/\/apuntesdesanluis.com\/index.php\/wp-json\/wp\/v2\/comments?post=10565"}],"version-history":[{"count":3,"href":"https:\/\/apuntesdesanluis.com\/index.php\/wp-json\/wp\/v2\/posts\/10565\/revisions"}],"predecessor-version":[{"id":10575,"href":"https:\/\/apuntesdesanluis.com\/index.php\/wp-json\/wp\/v2\/posts\/10565\/revisions\/10575"}],"wp:featuredmedia":[{"embeddable":true,"href":"https:\/\/apuntesdesanluis.com\/index.php\/wp-json\/wp\/v2\/media\/10572"}],"wp:attachment":[{"href":"https:\/\/apuntesdesanluis.com\/index.php\/wp-json\/wp\/v2\/media?parent=10565"}],"wp:term":[{"taxonomy":"category","embeddable":true,"href":"https:\/\/apuntesdesanluis.com\/index.php\/wp-json\/wp\/v2\/categories?post=10565"},{"taxonomy":"post_tag","embeddable":true,"href":"https:\/\/apuntesdesanluis.com\/index.php\/wp-json\/wp\/v2\/tags?post=10565"}],"curies":[{"name":"wp","href":"https:\/\/api.w.org\/{rel}","templated":true}]}}