{"id":1057,"date":"2023-08-04T19:13:42","date_gmt":"2023-08-04T22:13:42","guid":{"rendered":"https:\/\/apuntesdesanluis.com\/?p=1057"},"modified":"2023-08-04T19:20:04","modified_gmt":"2023-08-04T22:20:04","slug":"este-domingo-comienza-la-habilitacion-del-acueducto-de-avda-25-de-mayo","status":"publish","type":"post","link":"https:\/\/apuntesdesanluis.com\/index.php\/2023\/08\/04\/este-domingo-comienza-la-habilitacion-del-acueducto-de-avda-25-de-mayo\/","title":{"rendered":"ESTE DOMINGO COMIENZA LA HABILITACI\u00d3N DEL ACUEDUCTO DE AVDA. 25 DE MAYO"},"content":{"rendered":"<h3>As\u00ed lo confirmaron el intendente municipal <strong>Maximiliano Frontera<\/strong> y el Administrador de Obras Sanitarias Mercedes, Arq. <strong>Sebasti\u00e1n Estrada<\/strong>, junto a otros funcionarios municipales.<\/h3>\n<h3>El domingo 6 de agosto comenzar\u00e1n los trabajos para habilitar el nuevo Acueducto sobre Avenida 25 de Mayo, obra con la que \u201cmiles de familias de Villa Mercedes se ver\u00e1n beneficiadas. Con m\u00e1s de 1.900 metros de largo y 315 mm de di\u00e1metro, este proyecto mejorar\u00e1 significativamente el servicio en la zona oeste y centro\/oeste de la ciudad\u201d, se anunci\u00f3.<\/h3>\n<h3>De esta manera, podr\u00e1 darse continuidad a la obra de renovaci\u00f3n de esta importante arteria, con la repavimentaci\u00f3n del carril oeste y la terminaci\u00f3n de las bocacalles.<\/h3>\n<h3>En este marco, el domingo habr\u00e1 un corte en el servicio del vital elemento para gran parte de Villa Mercedes, por lo que se recomienda a la poblaci\u00f3n tomar los recaudos necesarios. Se estima que en las \u00faltimas horas de la tarde de ese d\u00eda la circulaci\u00f3n del agua volver\u00eda a la normalidad.<\/h3>\n<p><img fetchpriority=\"high\" decoding=\"async\" class=\"wp-image-1061 aligncenter\" src=\"https:\/\/apuntesdesanluis.com\/wp-content\/uploads\/2023\/08\/osm-pozo-300x161.png\" alt=\"\" width=\"637\" height=\"342\" srcset=\"https:\/\/apuntesdesanluis.com\/wp-content\/uploads\/2023\/08\/osm-pozo-300x161.png 300w, https:\/\/apuntesdesanluis.com\/wp-content\/uploads\/2023\/08\/osm-pozo.png 550w\" sizes=\"(max-width: 637px) 100vw, 637px\" \/><\/p>\n<h3><strong>Apuntes de San Luis<\/strong> entrevist\u00f3 al Coordinador T\u00e9cnico de OSM, Ing. <strong>Guillermo Girardi<\/strong>, quien explic\u00f3 las caracter\u00edsticas de los trabajos que se ejecutar\u00e1n, indicando que se ir\u00e1 habilitando el nuevo acueducto por tramos y que se espera una mejora sustancial del servicio.<\/h3>\n<h3>Advirti\u00f3 a la poblaci\u00f3n que durante 30 d\u00edas se podr\u00eda registrar baja presi\u00f3n en la red de agua, inconveniente que podr\u00eda afectar a los barrios Teodoro Fels, Col\u00f3n, Las Mirandas, Supe, CAP, Sarmiento, La Rioja, 96 viviendas, Ferroviario, 122 viviendas y Mosconi.<\/h3>\n<h3>\u201cDurante este per\u00edodo solicitamos a los vecinos de la zona hagan un uso responsable y previsor del agua para evitar la baja presi\u00f3n en la red. Que eviten lavar autos o veredas con agua de red\u201d, se\u00f1al\u00f3 Girardi.<\/h3>\n<h3>No obstante aclar\u00f3 que se han tomado medidas para garantizar un abastecimiento \u00f3ptimo en toda la zona afectada y que los vecinos que tengan faltante de agua, se comuniquen inmediatamente con la empresa.<\/h3>\n<p><img decoding=\"async\" class=\"wp-image-1067 aligncenter\" src=\"https:\/\/apuntesdesanluis.com\/wp-content\/uploads\/2023\/08\/girardi-x-dos-300x142.png\" alt=\"\" width=\"625\" height=\"296\" srcset=\"https:\/\/apuntesdesanluis.com\/wp-content\/uploads\/2023\/08\/girardi-x-dos-300x142.png 300w, https:\/\/apuntesdesanluis.com\/wp-content\/uploads\/2023\/08\/girardi-x-dos.png 618w\" sizes=\"(max-width: 625px) 100vw, 625px\" \/><\/p>\n<!--[if lt IE 9]><script>document.createElement('audio');<\/script><![endif]-->\n<audio class=\"wp-audio-shortcode\" id=\"audio-1057-1\" preload=\"none\" style=\"width: 100%;\" controls=\"controls\"><source type=\"audio\/mpeg\" src=\"https:\/\/apuntesdesanluis.com\/wp-content\/uploads\/2023\/08\/GUILLERMO-GIRARDI.mp3?_=1\" \/><a href=\"https:\/\/apuntesdesanluis.com\/wp-content\/uploads\/2023\/08\/GUILLERMO-GIRARDI.mp3\">https:\/\/apuntesdesanluis.com\/wp-content\/uploads\/2023\/08\/GUILLERMO-GIRARDI.mp3<\/a><\/audio>\n<p><img decoding=\"async\" class=\"wp-image-1062 aligncenter\" src=\"https:\/\/apuntesdesanluis.com\/wp-content\/uploads\/2023\/08\/osm-info.jpg-300x282.png\" alt=\"\" width=\"710\" height=\"668\" srcset=\"https:\/\/apuntesdesanluis.com\/wp-content\/uploads\/2023\/08\/osm-info.jpg-300x282.png 300w, https:\/\/apuntesdesanluis.com\/wp-content\/uploads\/2023\/08\/osm-info.jpg.png 679w\" sizes=\"(max-width: 710px) 100vw, 710px\" \/><\/p>\n","protected":false},"excerpt":{"rendered":"<p>As\u00ed lo confirmaron el intendente municipal Maximiliano Frontera y el Administrador de Obras Sanitarias Mercedes,&#8230;<\/p>\n","protected":false},"author":1,"featured_media":1066,"comment_status":"closed","ping_status":"closed","sticky":false,"template":"","format":"standard","meta":{"footnotes":""},"categories":[6],"tags":[],"class_list":["post-1057","post","type-post","status-publish","format-standard","has-post-thumbnail","hentry","category-ciudad-provincia"],"yoast_head":"<!-- This site is optimized with the Yoast SEO plugin v26.1.1 - https:\/\/yoast.com\/wordpress\/plugins\/seo\/ -->\n<title>ESTE DOMINGO COMIENZA LA HABILITACI\u00d3N DEL ACUEDUCTO DE AVDA. 25 DE MAYO - Apuntes de San Luis<\/title>\n<meta name=\"robots\" content=\"index, follow, max-snippet:-1, max-image-preview:large, max-video-preview:-1\" \/>\n<link rel=\"canonical\" href=\"https:\/\/apuntesdesanluis.com\/index.php\/2023\/08\/04\/este-domingo-comienza-la-habilitacion-del-acueducto-de-avda-25-de-mayo\/\" \/>\n<meta property=\"og:locale\" content=\"es_ES\" \/>\n<meta property=\"og:type\" content=\"article\" \/>\n<meta property=\"og:title\" content=\"ESTE DOMINGO COMIENZA LA HABILITACI\u00d3N DEL ACUEDUCTO DE AVDA. 25 DE MAYO - Apuntes de San Luis\" \/>\n<meta property=\"og:description\" content=\"As\u00ed lo confirmaron el intendente municipal Maximiliano Frontera y el Administrador de Obras Sanitarias Mercedes,...\" \/>\n<meta property=\"og:url\" content=\"https:\/\/apuntesdesanluis.com\/index.php\/2023\/08\/04\/este-domingo-comienza-la-habilitacion-del-acueducto-de-avda-25-de-mayo\/\" \/>\n<meta property=\"og:site_name\" content=\"Apuntes de San Luis\" \/>\n<meta property=\"article:published_time\" content=\"2023-08-04T22:13:42+00:00\" \/>\n<meta property=\"article:modified_time\" content=\"2023-08-04T22:20:04+00:00\" \/>\n<meta property=\"og:image\" content=\"https:\/\/apuntesdesanluis.com\/wp-content\/uploads\/2023\/08\/osm-estrada-maxi-1.png\" \/>\n\t<meta property=\"og:image:width\" content=\"668\" \/>\n\t<meta property=\"og:image:height\" content=\"431\" \/>\n\t<meta property=\"og:image:type\" content=\"image\/png\" \/>\n<meta name=\"author\" content=\"apuntesdesanluis.com\" \/>\n<meta name=\"twitter:card\" content=\"summary_large_image\" \/>\n<meta name=\"twitter:label1\" content=\"Escrito por\" \/>\n\t<meta name=\"twitter:data1\" content=\"apuntesdesanluis.com\" \/>\n\t<meta name=\"twitter:label2\" content=\"Tiempo de lectura\" \/>\n\t<meta name=\"twitter:data2\" content=\"3 minutos\" \/>\n<script type=\"application\/ld+json\" class=\"yoast-schema-graph\">{\"@context\":\"https:\/\/schema.org\",\"@graph\":[{\"@type\":\"Article\",\"@id\":\"https:\/\/apuntesdesanluis.com\/index.php\/2023\/08\/04\/este-domingo-comienza-la-habilitacion-del-acueducto-de-avda-25-de-mayo\/#article\",\"isPartOf\":{\"@id\":\"https:\/\/apuntesdesanluis.com\/index.php\/2023\/08\/04\/este-domingo-comienza-la-habilitacion-del-acueducto-de-avda-25-de-mayo\/\"},\"author\":{\"name\":\"apuntesdesanluis.com\",\"@id\":\"https:\/\/apuntesdesanluis.com\/#\/schema\/person\/b55151d52296fcce64d1a72538a70b90\"},\"headline\":\"ESTE DOMINGO COMIENZA LA HABILITACI\u00d3N DEL ACUEDUCTO DE AVDA. 25 DE MAYO\",\"datePublished\":\"2023-08-04T22:13:42+00:00\",\"dateModified\":\"2023-08-04T22:20:04+00:00\",\"mainEntityOfPage\":{\"@id\":\"https:\/\/apuntesdesanluis.com\/index.php\/2023\/08\/04\/este-domingo-comienza-la-habilitacion-del-acueducto-de-avda-25-de-mayo\/\"},\"wordCount\":358,\"publisher\":{\"@id\":\"https:\/\/apuntesdesanluis.com\/#\/schema\/person\/b55151d52296fcce64d1a72538a70b90\"},\"image\":{\"@id\":\"https:\/\/apuntesdesanluis.com\/index.php\/2023\/08\/04\/este-domingo-comienza-la-habilitacion-del-acueducto-de-avda-25-de-mayo\/#primaryimage\"},\"thumbnailUrl\":\"https:\/\/apuntesdesanluis.com\/wp-content\/uploads\/2023\/08\/osm-estrada-maxi-1.png\",\"articleSection\":[\"Ciudad\/Provincia\"],\"inLanguage\":\"es-AR\"},{\"@type\":\"WebPage\",\"@id\":\"https:\/\/apuntesdesanluis.com\/index.php\/2023\/08\/04\/este-domingo-comienza-la-habilitacion-del-acueducto-de-avda-25-de-mayo\/\",\"url\":\"https:\/\/apuntesdesanluis.com\/index.php\/2023\/08\/04\/este-domingo-comienza-la-habilitacion-del-acueducto-de-avda-25-de-mayo\/\",\"name\":\"ESTE DOMINGO COMIENZA LA HABILITACI\u00d3N DEL ACUEDUCTO DE AVDA. 25 DE MAYO - Apuntes de San Luis\",\"isPartOf\":{\"@id\":\"https:\/\/apuntesdesanluis.com\/#website\"},\"primaryImageOfPage\":{\"@id\":\"https:\/\/apuntesdesanluis.com\/index.php\/2023\/08\/04\/este-domingo-comienza-la-habilitacion-del-acueducto-de-avda-25-de-mayo\/#primaryimage\"},\"image\":{\"@id\":\"https:\/\/apuntesdesanluis.com\/index.php\/2023\/08\/04\/este-domingo-comienza-la-habilitacion-del-acueducto-de-avda-25-de-mayo\/#primaryimage\"},\"thumbnailUrl\":\"https:\/\/apuntesdesanluis.com\/wp-content\/uploads\/2023\/08\/osm-estrada-maxi-1.png\",\"datePublished\":\"2023-08-04T22:13:42+00:00\",\"dateModified\":\"2023-08-04T22:20:04+00:00\",\"breadcrumb\":{\"@id\":\"https:\/\/apuntesdesanluis.com\/index.php\/2023\/08\/04\/este-domingo-comienza-la-habilitacion-del-acueducto-de-avda-25-de-mayo\/#breadcrumb\"},\"inLanguage\":\"es-AR\",\"potentialAction\":[{\"@type\":\"ReadAction\",\"target\":[\"https:\/\/apuntesdesanluis.com\/index.php\/2023\/08\/04\/este-domingo-comienza-la-habilitacion-del-acueducto-de-avda-25-de-mayo\/\"]}]},{\"@type\":\"ImageObject\",\"inLanguage\":\"es-AR\",\"@id\":\"https:\/\/apuntesdesanluis.com\/index.php\/2023\/08\/04\/este-domingo-comienza-la-habilitacion-del-acueducto-de-avda-25-de-mayo\/#primaryimage\",\"url\":\"https:\/\/apuntesdesanluis.com\/wp-content\/uploads\/2023\/08\/osm-estrada-maxi-1.png\",\"contentUrl\":\"https:\/\/apuntesdesanluis.com\/wp-content\/uploads\/2023\/08\/osm-estrada-maxi-1.png\",\"width\":668,\"height\":431},{\"@type\":\"BreadcrumbList\",\"@id\":\"https:\/\/apuntesdesanluis.com\/index.php\/2023\/08\/04\/este-domingo-comienza-la-habilitacion-del-acueducto-de-avda-25-de-mayo\/#breadcrumb\",\"itemListElement\":[{\"@type\":\"ListItem\",\"position\":1,\"name\":\"Inicio\",\"item\":\"https:\/\/apuntesdesanluis.com\/\"},{\"@type\":\"ListItem\",\"position\":2,\"name\":\"ESTE DOMINGO COMIENZA LA HABILITACI\u00d3N DEL ACUEDUCTO DE AVDA. 25 DE MAYO\"}]},{\"@type\":\"WebSite\",\"@id\":\"https:\/\/apuntesdesanluis.com\/#website\",\"url\":\"https:\/\/apuntesdesanluis.com\/\",\"name\":\"Apuntes de San Luis\",\"description\":\"\",\"publisher\":{\"@id\":\"https:\/\/apuntesdesanluis.com\/#\/schema\/person\/b55151d52296fcce64d1a72538a70b90\"},\"potentialAction\":[{\"@type\":\"SearchAction\",\"target\":{\"@type\":\"EntryPoint\",\"urlTemplate\":\"https:\/\/apuntesdesanluis.com\/?s={search_term_string}\"},\"query-input\":{\"@type\":\"PropertyValueSpecification\",\"valueRequired\":true,\"valueName\":\"search_term_string\"}}],\"inLanguage\":\"es-AR\"},{\"@type\":[\"Person\",\"Organization\"],\"@id\":\"https:\/\/apuntesdesanluis.com\/#\/schema\/person\/b55151d52296fcce64d1a72538a70b90\",\"name\":\"apuntesdesanluis.com\",\"image\":{\"@type\":\"ImageObject\",\"inLanguage\":\"es-AR\",\"@id\":\"https:\/\/apuntesdesanluis.com\/#\/schema\/person\/image\/\",\"url\":\"https:\/\/apuntesdesanluis.com\/wp-content\/uploads\/2023\/07\/cropped-apuntesdesanluis.png\",\"contentUrl\":\"https:\/\/apuntesdesanluis.com\/wp-content\/uploads\/2023\/07\/cropped-apuntesdesanluis.png\",\"width\":450,\"height\":112,\"caption\":\"apuntesdesanluis.com\"},\"logo\":{\"@id\":\"https:\/\/apuntesdesanluis.com\/#\/schema\/person\/image\/\"},\"sameAs\":[\"https:\/\/apuntesdesanluis.com\"],\"url\":\"https:\/\/apuntesdesanluis.com\/index.php\/author\/apuntesdesanluis-com\/\"}]}<\/script>\n<!-- \/ Yoast SEO plugin. -->","yoast_head_json":{"title":"ESTE DOMINGO COMIENZA LA HABILITACI\u00d3N DEL ACUEDUCTO DE AVDA. 25 DE MAYO - Apuntes de San Luis","robots":{"index":"index","follow":"follow","max-snippet":"max-snippet:-1","max-image-preview":"max-image-preview:large","max-video-preview":"max-video-preview:-1"},"canonical":"https:\/\/apuntesdesanluis.com\/index.php\/2023\/08\/04\/este-domingo-comienza-la-habilitacion-del-acueducto-de-avda-25-de-mayo\/","og_locale":"es_ES","og_type":"article","og_title":"ESTE DOMINGO COMIENZA LA HABILITACI\u00d3N DEL ACUEDUCTO DE AVDA. 25 DE MAYO - Apuntes de San Luis","og_description":"As\u00ed lo confirmaron el intendente municipal Maximiliano Frontera y el Administrador de Obras Sanitarias Mercedes,...","og_url":"https:\/\/apuntesdesanluis.com\/index.php\/2023\/08\/04\/este-domingo-comienza-la-habilitacion-del-acueducto-de-avda-25-de-mayo\/","og_site_name":"Apuntes de San Luis","article_published_time":"2023-08-04T22:13:42+00:00","article_modified_time":"2023-08-04T22:20:04+00:00","og_image":[{"width":668,"height":431,"url":"https:\/\/apuntesdesanluis.com\/wp-content\/uploads\/2023\/08\/osm-estrada-maxi-1.png","type":"image\/png"}],"author":"apuntesdesanluis.com","twitter_card":"summary_large_image","twitter_misc":{"Escrito por":"apuntesdesanluis.com","Tiempo de lectura":"3 minutos"},"schema":{"@context":"https:\/\/schema.org","@graph":[{"@type":"Article","@id":"https:\/\/apuntesdesanluis.com\/index.php\/2023\/08\/04\/este-domingo-comienza-la-habilitacion-del-acueducto-de-avda-25-de-mayo\/#article","isPartOf":{"@id":"https:\/\/apuntesdesanluis.com\/index.php\/2023\/08\/04\/este-domingo-comienza-la-habilitacion-del-acueducto-de-avda-25-de-mayo\/"},"author":{"name":"apuntesdesanluis.com","@id":"https:\/\/apuntesdesanluis.com\/#\/schema\/person\/b55151d52296fcce64d1a72538a70b90"},"headline":"ESTE DOMINGO COMIENZA LA HABILITACI\u00d3N DEL ACUEDUCTO DE AVDA. 25 DE MAYO","datePublished":"2023-08-04T22:13:42+00:00","dateModified":"2023-08-04T22:20:04+00:00","mainEntityOfPage":{"@id":"https:\/\/apuntesdesanluis.com\/index.php\/2023\/08\/04\/este-domingo-comienza-la-habilitacion-del-acueducto-de-avda-25-de-mayo\/"},"wordCount":358,"publisher":{"@id":"https:\/\/apuntesdesanluis.com\/#\/schema\/person\/b55151d52296fcce64d1a72538a70b90"},"image":{"@id":"https:\/\/apuntesdesanluis.com\/index.php\/2023\/08\/04\/este-domingo-comienza-la-habilitacion-del-acueducto-de-avda-25-de-mayo\/#primaryimage"},"thumbnailUrl":"https:\/\/apuntesdesanluis.com\/wp-content\/uploads\/2023\/08\/osm-estrada-maxi-1.png","articleSection":["Ciudad\/Provincia"],"inLanguage":"es-AR"},{"@type":"WebPage","@id":"https:\/\/apuntesdesanluis.com\/index.php\/2023\/08\/04\/este-domingo-comienza-la-habilitacion-del-acueducto-de-avda-25-de-mayo\/","url":"https:\/\/apuntesdesanluis.com\/index.php\/2023\/08\/04\/este-domingo-comienza-la-habilitacion-del-acueducto-de-avda-25-de-mayo\/","name":"ESTE DOMINGO COMIENZA LA HABILITACI\u00d3N DEL ACUEDUCTO DE AVDA. 25 DE MAYO - Apuntes de San Luis","isPartOf":{"@id":"https:\/\/apuntesdesanluis.com\/#website"},"primaryImageOfPage":{"@id":"https:\/\/apuntesdesanluis.com\/index.php\/2023\/08\/04\/este-domingo-comienza-la-habilitacion-del-acueducto-de-avda-25-de-mayo\/#primaryimage"},"image":{"@id":"https:\/\/apuntesdesanluis.com\/index.php\/2023\/08\/04\/este-domingo-comienza-la-habilitacion-del-acueducto-de-avda-25-de-mayo\/#primaryimage"},"thumbnailUrl":"https:\/\/apuntesdesanluis.com\/wp-content\/uploads\/2023\/08\/osm-estrada-maxi-1.png","datePublished":"2023-08-04T22:13:42+00:00","dateModified":"2023-08-04T22:20:04+00:00","breadcrumb":{"@id":"https:\/\/apuntesdesanluis.com\/index.php\/2023\/08\/04\/este-domingo-comienza-la-habilitacion-del-acueducto-de-avda-25-de-mayo\/#breadcrumb"},"inLanguage":"es-AR","potentialAction":[{"@type":"ReadAction","target":["https:\/\/apuntesdesanluis.com\/index.php\/2023\/08\/04\/este-domingo-comienza-la-habilitacion-del-acueducto-de-avda-25-de-mayo\/"]}]},{"@type":"ImageObject","inLanguage":"es-AR","@id":"https:\/\/apuntesdesanluis.com\/index.php\/2023\/08\/04\/este-domingo-comienza-la-habilitacion-del-acueducto-de-avda-25-de-mayo\/#primaryimage","url":"https:\/\/apuntesdesanluis.com\/wp-content\/uploads\/2023\/08\/osm-estrada-maxi-1.png","contentUrl":"https:\/\/apuntesdesanluis.com\/wp-content\/uploads\/2023\/08\/osm-estrada-maxi-1.png","width":668,"height":431},{"@type":"BreadcrumbList","@id":"https:\/\/apuntesdesanluis.com\/index.php\/2023\/08\/04\/este-domingo-comienza-la-habilitacion-del-acueducto-de-avda-25-de-mayo\/#breadcrumb","itemListElement":[{"@type":"ListItem","position":1,"name":"Inicio","item":"https:\/\/apuntesdesanluis.com\/"},{"@type":"ListItem","position":2,"name":"ESTE DOMINGO COMIENZA LA HABILITACI\u00d3N DEL ACUEDUCTO DE AVDA. 25 DE MAYO"}]},{"@type":"WebSite","@id":"https:\/\/apuntesdesanluis.com\/#website","url":"https:\/\/apuntesdesanluis.com\/","name":"Apuntes de San Luis","description":"","publisher":{"@id":"https:\/\/apuntesdesanluis.com\/#\/schema\/person\/b55151d52296fcce64d1a72538a70b90"},"potentialAction":[{"@type":"SearchAction","target":{"@type":"EntryPoint","urlTemplate":"https:\/\/apuntesdesanluis.com\/?s={search_term_string}"},"query-input":{"@type":"PropertyValueSpecification","valueRequired":true,"valueName":"search_term_string"}}],"inLanguage":"es-AR"},{"@type":["Person","Organization"],"@id":"https:\/\/apuntesdesanluis.com\/#\/schema\/person\/b55151d52296fcce64d1a72538a70b90","name":"apuntesdesanluis.com","image":{"@type":"ImageObject","inLanguage":"es-AR","@id":"https:\/\/apuntesdesanluis.com\/#\/schema\/person\/image\/","url":"https:\/\/apuntesdesanluis.com\/wp-content\/uploads\/2023\/07\/cropped-apuntesdesanluis.png","contentUrl":"https:\/\/apuntesdesanluis.com\/wp-content\/uploads\/2023\/07\/cropped-apuntesdesanluis.png","width":450,"height":112,"caption":"apuntesdesanluis.com"},"logo":{"@id":"https:\/\/apuntesdesanluis.com\/#\/schema\/person\/image\/"},"sameAs":["https:\/\/apuntesdesanluis.com"],"url":"https:\/\/apuntesdesanluis.com\/index.php\/author\/apuntesdesanluis-com\/"}]}},"featured_image_urls":{"full":["https:\/\/apuntesdesanluis.com\/wp-content\/uploads\/2023\/08\/osm-estrada-maxi-1.png",668,431,false],"thumbnail":["https:\/\/apuntesdesanluis.com\/wp-content\/uploads\/2023\/08\/osm-estrada-maxi-1-150x150.png",150,150,true],"medium":["https:\/\/apuntesdesanluis.com\/wp-content\/uploads\/2023\/08\/osm-estrada-maxi-1-300x194.png",300,194,true],"medium_large":["https:\/\/apuntesdesanluis.com\/wp-content\/uploads\/2023\/08\/osm-estrada-maxi-1.png",640,413,false],"large":["https:\/\/apuntesdesanluis.com\/wp-content\/uploads\/2023\/08\/osm-estrada-maxi-1.png",640,413,false],"1536x1536":["https:\/\/apuntesdesanluis.com\/wp-content\/uploads\/2023\/08\/osm-estrada-maxi-1.png",668,431,false],"2048x2048":["https:\/\/apuntesdesanluis.com\/wp-content\/uploads\/2023\/08\/osm-estrada-maxi-1.png",668,431,false],"newsever-slider-full":["https:\/\/apuntesdesanluis.com\/wp-content\/uploads\/2023\/08\/osm-estrada-maxi-1.png",668,431,false],"newsever-featured":["https:\/\/apuntesdesanluis.com\/wp-content\/uploads\/2023\/08\/osm-estrada-maxi-1.png",668,431,false],"newsever-medium":["https:\/\/apuntesdesanluis.com\/wp-content\/uploads\/2023\/08\/osm-estrada-maxi-1.png",668,431,false]},"author_info":{"display_name":"apuntesdesanluis.com","author_link":"https:\/\/apuntesdesanluis.com\/index.php\/author\/apuntesdesanluis-com\/"},"category_info":"<a href=\"https:\/\/apuntesdesanluis.com\/index.php\/category\/ciudad-provincia\/\" rel=\"category tag\">Ciudad\/Provincia<\/a>","tag_info":"Ciudad\/Provincia","comment_count":"0","_links":{"self":[{"href":"https:\/\/apuntesdesanluis.com\/index.php\/wp-json\/wp\/v2\/posts\/1057","targetHints":{"allow":["GET"]}}],"collection":[{"href":"https:\/\/apuntesdesanluis.com\/index.php\/wp-json\/wp\/v2\/posts"}],"about":[{"href":"https:\/\/apuntesdesanluis.com\/index.php\/wp-json\/wp\/v2\/types\/post"}],"author":[{"embeddable":true,"href":"https:\/\/apuntesdesanluis.com\/index.php\/wp-json\/wp\/v2\/users\/1"}],"replies":[{"embeddable":true,"href":"https:\/\/apuntesdesanluis.com\/index.php\/wp-json\/wp\/v2\/comments?post=1057"}],"version-history":[{"count":4,"href":"https:\/\/apuntesdesanluis.com\/index.php\/wp-json\/wp\/v2\/posts\/1057\/revisions"}],"predecessor-version":[{"id":1068,"href":"https:\/\/apuntesdesanluis.com\/index.php\/wp-json\/wp\/v2\/posts\/1057\/revisions\/1068"}],"wp:featuredmedia":[{"embeddable":true,"href":"https:\/\/apuntesdesanluis.com\/index.php\/wp-json\/wp\/v2\/media\/1066"}],"wp:attachment":[{"href":"https:\/\/apuntesdesanluis.com\/index.php\/wp-json\/wp\/v2\/media?parent=1057"}],"wp:term":[{"taxonomy":"category","embeddable":true,"href":"https:\/\/apuntesdesanluis.com\/index.php\/wp-json\/wp\/v2\/categories?post=1057"},{"taxonomy":"post_tag","embeddable":true,"href":"https:\/\/apuntesdesanluis.com\/index.php\/wp-json\/wp\/v2\/tags?post=1057"}],"curies":[{"name":"wp","href":"https:\/\/api.w.org\/{rel}","templated":true}]}}