{"id":10576,"date":"2024-01-22T23:40:55","date_gmt":"2024-01-23T02:40:55","guid":{"rendered":"https:\/\/apuntesdesanluis.com\/?p=10576"},"modified":"2024-01-23T23:59:17","modified_gmt":"2024-01-24T02:59:17","slug":"a-poggi-el-paro-general-le-parece-que-es-demasiado-apresurado","status":"publish","type":"post","link":"https:\/\/apuntesdesanluis.com\/index.php\/2024\/01\/22\/a-poggi-el-paro-general-le-parece-que-es-demasiado-apresurado\/","title":{"rendered":"A POGGI EL PARO GENERAL LE PARECE QUE ES \u201cDEMASIADO APRESURADO\u201d"},"content":{"rendered":"<h3>El gobernador de San Luis, <strong>Claudio Poggi,<\/strong> fue consultado sobre el paro nacional previsto para el pr\u00f3ximo 24 de enero. Al respecto, el jefe de Estado manifest\u00f3 su preocupaci\u00f3n por una medida que llega a solo 40 d\u00edas de iniciada la gesti\u00f3n del presidente, Javier Milei.<\/h3>\n<h3>\u201cMe parece que, a 40 d\u00edas de un nuevo Gobierno nacional, votado por la inmensa mayor\u00eda del pueblo argentino, es demasiado apresurado. \u00c9sa es mi visi\u00f3n\u201d, dijo el Mandatario en un contacto con la prensa, luego de visitar una panificadora que cumpli\u00f3 10 a\u00f1os de vida en la ciudad Capital.<\/h3>\n<p><iframe title=\"Claudio Javier Poggi, Gobernador de San Luis\" width=\"640\" height=\"360\" src=\"https:\/\/www.youtube.com\/embed\/xaDgJnqg9Y8?feature=oembed\" frameborder=\"0\" allow=\"accelerometer; autoplay; clipboard-write; encrypted-media; gyroscope; picture-in-picture; web-share\" referrerpolicy=\"strict-origin-when-cross-origin\" allowfullscreen><\/iframe><\/p>\n<h3>Respecto a la medida de fuerza que impulsa la CGT, Poggi remarc\u00f3: \u201cRespeto por supuesto el derecho al paro y a la huelga, pero me parece que es demasiado apresurado\u201d, puntualiz\u00f3.<\/h3>\n<p>&nbsp;<\/p>\n<p>&nbsp;<\/p>\n<p>&nbsp;<\/p>\n<p>&nbsp;<\/p>\n","protected":false},"excerpt":{"rendered":"<p>El gobernador de San Luis, Claudio Poggi, fue consultado sobre el paro nacional previsto para&#8230;<\/p>\n","protected":false},"author":1,"featured_media":10580,"comment_status":"closed","ping_status":"closed","sticky":false,"template":"","format":"standard","meta":{"footnotes":""},"categories":[6],"tags":[],"class_list":["post-10576","post","type-post","status-publish","format-standard","has-post-thumbnail","hentry","category-ciudad-provincia"],"yoast_head":"<!-- This site is optimized with the Yoast SEO plugin v26.1.1 - https:\/\/yoast.com\/wordpress\/plugins\/seo\/ -->\n<title>A POGGI EL PARO GENERAL LE PARECE QUE ES \u201cDEMASIADO APRESURADO\u201d - Apuntes de San Luis<\/title>\n<meta name=\"robots\" content=\"index, follow, max-snippet:-1, max-image-preview:large, max-video-preview:-1\" \/>\n<link rel=\"canonical\" href=\"https:\/\/apuntesdesanluis.com\/index.php\/2024\/01\/22\/a-poggi-el-paro-general-le-parece-que-es-demasiado-apresurado\/\" \/>\n<meta property=\"og:locale\" content=\"es_ES\" \/>\n<meta property=\"og:type\" content=\"article\" \/>\n<meta property=\"og:title\" content=\"A POGGI EL PARO GENERAL LE PARECE QUE ES \u201cDEMASIADO APRESURADO\u201d - Apuntes de San Luis\" \/>\n<meta property=\"og:description\" content=\"El gobernador de San Luis, Claudio Poggi, fue consultado sobre el paro nacional previsto para...\" \/>\n<meta property=\"og:url\" content=\"https:\/\/apuntesdesanluis.com\/index.php\/2024\/01\/22\/a-poggi-el-paro-general-le-parece-que-es-demasiado-apresurado\/\" \/>\n<meta property=\"og:site_name\" content=\"Apuntes de San Luis\" \/>\n<meta property=\"article:published_time\" content=\"2024-01-23T02:40:55+00:00\" \/>\n<meta property=\"article:modified_time\" content=\"2024-01-24T02:59:17+00:00\" \/>\n<meta property=\"og:image\" content=\"https:\/\/apuntesdesanluis.com\/wp-content\/uploads\/2024\/01\/POGGI-7.png\" \/>\n\t<meta property=\"og:image:width\" content=\"598\" \/>\n\t<meta property=\"og:image:height\" content=\"393\" \/>\n\t<meta property=\"og:image:type\" content=\"image\/png\" \/>\n<meta name=\"author\" content=\"apuntesdesanluis.com\" \/>\n<meta name=\"twitter:card\" content=\"summary_large_image\" \/>\n<meta name=\"twitter:label1\" content=\"Escrito por\" \/>\n\t<meta name=\"twitter:data1\" content=\"apuntesdesanluis.com\" \/>\n\t<meta name=\"twitter:label2\" content=\"Tiempo de lectura\" \/>\n\t<meta name=\"twitter:data2\" content=\"1 minuto\" \/>\n<script type=\"application\/ld+json\" class=\"yoast-schema-graph\">{\"@context\":\"https:\/\/schema.org\",\"@graph\":[{\"@type\":\"Article\",\"@id\":\"https:\/\/apuntesdesanluis.com\/index.php\/2024\/01\/22\/a-poggi-el-paro-general-le-parece-que-es-demasiado-apresurado\/#article\",\"isPartOf\":{\"@id\":\"https:\/\/apuntesdesanluis.com\/index.php\/2024\/01\/22\/a-poggi-el-paro-general-le-parece-que-es-demasiado-apresurado\/\"},\"author\":{\"name\":\"apuntesdesanluis.com\",\"@id\":\"https:\/\/apuntesdesanluis.com\/#\/schema\/person\/b55151d52296fcce64d1a72538a70b90\"},\"headline\":\"A POGGI EL PARO GENERAL LE PARECE QUE ES \u201cDEMASIADO APRESURADO\u201d\",\"datePublished\":\"2024-01-23T02:40:55+00:00\",\"dateModified\":\"2024-01-24T02:59:17+00:00\",\"mainEntityOfPage\":{\"@id\":\"https:\/\/apuntesdesanluis.com\/index.php\/2024\/01\/22\/a-poggi-el-paro-general-le-parece-que-es-demasiado-apresurado\/\"},\"wordCount\":153,\"publisher\":{\"@id\":\"https:\/\/apuntesdesanluis.com\/#\/schema\/person\/b55151d52296fcce64d1a72538a70b90\"},\"image\":{\"@id\":\"https:\/\/apuntesdesanluis.com\/index.php\/2024\/01\/22\/a-poggi-el-paro-general-le-parece-que-es-demasiado-apresurado\/#primaryimage\"},\"thumbnailUrl\":\"https:\/\/apuntesdesanluis.com\/wp-content\/uploads\/2024\/01\/POGGI-7.png\",\"articleSection\":[\"Ciudad\/Provincia\"],\"inLanguage\":\"es-AR\"},{\"@type\":\"WebPage\",\"@id\":\"https:\/\/apuntesdesanluis.com\/index.php\/2024\/01\/22\/a-poggi-el-paro-general-le-parece-que-es-demasiado-apresurado\/\",\"url\":\"https:\/\/apuntesdesanluis.com\/index.php\/2024\/01\/22\/a-poggi-el-paro-general-le-parece-que-es-demasiado-apresurado\/\",\"name\":\"A POGGI EL PARO GENERAL LE PARECE QUE ES \u201cDEMASIADO APRESURADO\u201d - Apuntes de San Luis\",\"isPartOf\":{\"@id\":\"https:\/\/apuntesdesanluis.com\/#website\"},\"primaryImageOfPage\":{\"@id\":\"https:\/\/apuntesdesanluis.com\/index.php\/2024\/01\/22\/a-poggi-el-paro-general-le-parece-que-es-demasiado-apresurado\/#primaryimage\"},\"image\":{\"@id\":\"https:\/\/apuntesdesanluis.com\/index.php\/2024\/01\/22\/a-poggi-el-paro-general-le-parece-que-es-demasiado-apresurado\/#primaryimage\"},\"thumbnailUrl\":\"https:\/\/apuntesdesanluis.com\/wp-content\/uploads\/2024\/01\/POGGI-7.png\",\"datePublished\":\"2024-01-23T02:40:55+00:00\",\"dateModified\":\"2024-01-24T02:59:17+00:00\",\"breadcrumb\":{\"@id\":\"https:\/\/apuntesdesanluis.com\/index.php\/2024\/01\/22\/a-poggi-el-paro-general-le-parece-que-es-demasiado-apresurado\/#breadcrumb\"},\"inLanguage\":\"es-AR\",\"potentialAction\":[{\"@type\":\"ReadAction\",\"target\":[\"https:\/\/apuntesdesanluis.com\/index.php\/2024\/01\/22\/a-poggi-el-paro-general-le-parece-que-es-demasiado-apresurado\/\"]}]},{\"@type\":\"ImageObject\",\"inLanguage\":\"es-AR\",\"@id\":\"https:\/\/apuntesdesanluis.com\/index.php\/2024\/01\/22\/a-poggi-el-paro-general-le-parece-que-es-demasiado-apresurado\/#primaryimage\",\"url\":\"https:\/\/apuntesdesanluis.com\/wp-content\/uploads\/2024\/01\/POGGI-7.png\",\"contentUrl\":\"https:\/\/apuntesdesanluis.com\/wp-content\/uploads\/2024\/01\/POGGI-7.png\",\"width\":598,\"height\":393},{\"@type\":\"BreadcrumbList\",\"@id\":\"https:\/\/apuntesdesanluis.com\/index.php\/2024\/01\/22\/a-poggi-el-paro-general-le-parece-que-es-demasiado-apresurado\/#breadcrumb\",\"itemListElement\":[{\"@type\":\"ListItem\",\"position\":1,\"name\":\"Inicio\",\"item\":\"https:\/\/apuntesdesanluis.com\/\"},{\"@type\":\"ListItem\",\"position\":2,\"name\":\"A POGGI EL PARO GENERAL LE PARECE QUE ES \u201cDEMASIADO APRESURADO\u201d\"}]},{\"@type\":\"WebSite\",\"@id\":\"https:\/\/apuntesdesanluis.com\/#website\",\"url\":\"https:\/\/apuntesdesanluis.com\/\",\"name\":\"Apuntes de San Luis\",\"description\":\"\",\"publisher\":{\"@id\":\"https:\/\/apuntesdesanluis.com\/#\/schema\/person\/b55151d52296fcce64d1a72538a70b90\"},\"potentialAction\":[{\"@type\":\"SearchAction\",\"target\":{\"@type\":\"EntryPoint\",\"urlTemplate\":\"https:\/\/apuntesdesanluis.com\/?s={search_term_string}\"},\"query-input\":{\"@type\":\"PropertyValueSpecification\",\"valueRequired\":true,\"valueName\":\"search_term_string\"}}],\"inLanguage\":\"es-AR\"},{\"@type\":[\"Person\",\"Organization\"],\"@id\":\"https:\/\/apuntesdesanluis.com\/#\/schema\/person\/b55151d52296fcce64d1a72538a70b90\",\"name\":\"apuntesdesanluis.com\",\"image\":{\"@type\":\"ImageObject\",\"inLanguage\":\"es-AR\",\"@id\":\"https:\/\/apuntesdesanluis.com\/#\/schema\/person\/image\/\",\"url\":\"https:\/\/apuntesdesanluis.com\/wp-content\/uploads\/2023\/07\/cropped-apuntesdesanluis.png\",\"contentUrl\":\"https:\/\/apuntesdesanluis.com\/wp-content\/uploads\/2023\/07\/cropped-apuntesdesanluis.png\",\"width\":450,\"height\":112,\"caption\":\"apuntesdesanluis.com\"},\"logo\":{\"@id\":\"https:\/\/apuntesdesanluis.com\/#\/schema\/person\/image\/\"},\"sameAs\":[\"https:\/\/apuntesdesanluis.com\"],\"url\":\"https:\/\/apuntesdesanluis.com\/index.php\/author\/apuntesdesanluis-com\/\"}]}<\/script>\n<!-- \/ Yoast SEO plugin. -->","yoast_head_json":{"title":"A POGGI EL PARO GENERAL LE PARECE QUE ES \u201cDEMASIADO APRESURADO\u201d - Apuntes de San Luis","robots":{"index":"index","follow":"follow","max-snippet":"max-snippet:-1","max-image-preview":"max-image-preview:large","max-video-preview":"max-video-preview:-1"},"canonical":"https:\/\/apuntesdesanluis.com\/index.php\/2024\/01\/22\/a-poggi-el-paro-general-le-parece-que-es-demasiado-apresurado\/","og_locale":"es_ES","og_type":"article","og_title":"A POGGI EL PARO GENERAL LE PARECE QUE ES \u201cDEMASIADO APRESURADO\u201d - Apuntes de San Luis","og_description":"El gobernador de San Luis, Claudio Poggi, fue consultado sobre el paro nacional previsto para...","og_url":"https:\/\/apuntesdesanluis.com\/index.php\/2024\/01\/22\/a-poggi-el-paro-general-le-parece-que-es-demasiado-apresurado\/","og_site_name":"Apuntes de San Luis","article_published_time":"2024-01-23T02:40:55+00:00","article_modified_time":"2024-01-24T02:59:17+00:00","og_image":[{"width":598,"height":393,"url":"https:\/\/apuntesdesanluis.com\/wp-content\/uploads\/2024\/01\/POGGI-7.png","type":"image\/png"}],"author":"apuntesdesanluis.com","twitter_card":"summary_large_image","twitter_misc":{"Escrito por":"apuntesdesanluis.com","Tiempo de lectura":"1 minuto"},"schema":{"@context":"https:\/\/schema.org","@graph":[{"@type":"Article","@id":"https:\/\/apuntesdesanluis.com\/index.php\/2024\/01\/22\/a-poggi-el-paro-general-le-parece-que-es-demasiado-apresurado\/#article","isPartOf":{"@id":"https:\/\/apuntesdesanluis.com\/index.php\/2024\/01\/22\/a-poggi-el-paro-general-le-parece-que-es-demasiado-apresurado\/"},"author":{"name":"apuntesdesanluis.com","@id":"https:\/\/apuntesdesanluis.com\/#\/schema\/person\/b55151d52296fcce64d1a72538a70b90"},"headline":"A POGGI EL PARO GENERAL LE PARECE QUE ES \u201cDEMASIADO APRESURADO\u201d","datePublished":"2024-01-23T02:40:55+00:00","dateModified":"2024-01-24T02:59:17+00:00","mainEntityOfPage":{"@id":"https:\/\/apuntesdesanluis.com\/index.php\/2024\/01\/22\/a-poggi-el-paro-general-le-parece-que-es-demasiado-apresurado\/"},"wordCount":153,"publisher":{"@id":"https:\/\/apuntesdesanluis.com\/#\/schema\/person\/b55151d52296fcce64d1a72538a70b90"},"image":{"@id":"https:\/\/apuntesdesanluis.com\/index.php\/2024\/01\/22\/a-poggi-el-paro-general-le-parece-que-es-demasiado-apresurado\/#primaryimage"},"thumbnailUrl":"https:\/\/apuntesdesanluis.com\/wp-content\/uploads\/2024\/01\/POGGI-7.png","articleSection":["Ciudad\/Provincia"],"inLanguage":"es-AR"},{"@type":"WebPage","@id":"https:\/\/apuntesdesanluis.com\/index.php\/2024\/01\/22\/a-poggi-el-paro-general-le-parece-que-es-demasiado-apresurado\/","url":"https:\/\/apuntesdesanluis.com\/index.php\/2024\/01\/22\/a-poggi-el-paro-general-le-parece-que-es-demasiado-apresurado\/","name":"A POGGI EL PARO GENERAL LE PARECE QUE ES \u201cDEMASIADO APRESURADO\u201d - Apuntes de San Luis","isPartOf":{"@id":"https:\/\/apuntesdesanluis.com\/#website"},"primaryImageOfPage":{"@id":"https:\/\/apuntesdesanluis.com\/index.php\/2024\/01\/22\/a-poggi-el-paro-general-le-parece-que-es-demasiado-apresurado\/#primaryimage"},"image":{"@id":"https:\/\/apuntesdesanluis.com\/index.php\/2024\/01\/22\/a-poggi-el-paro-general-le-parece-que-es-demasiado-apresurado\/#primaryimage"},"thumbnailUrl":"https:\/\/apuntesdesanluis.com\/wp-content\/uploads\/2024\/01\/POGGI-7.png","datePublished":"2024-01-23T02:40:55+00:00","dateModified":"2024-01-24T02:59:17+00:00","breadcrumb":{"@id":"https:\/\/apuntesdesanluis.com\/index.php\/2024\/01\/22\/a-poggi-el-paro-general-le-parece-que-es-demasiado-apresurado\/#breadcrumb"},"inLanguage":"es-AR","potentialAction":[{"@type":"ReadAction","target":["https:\/\/apuntesdesanluis.com\/index.php\/2024\/01\/22\/a-poggi-el-paro-general-le-parece-que-es-demasiado-apresurado\/"]}]},{"@type":"ImageObject","inLanguage":"es-AR","@id":"https:\/\/apuntesdesanluis.com\/index.php\/2024\/01\/22\/a-poggi-el-paro-general-le-parece-que-es-demasiado-apresurado\/#primaryimage","url":"https:\/\/apuntesdesanluis.com\/wp-content\/uploads\/2024\/01\/POGGI-7.png","contentUrl":"https:\/\/apuntesdesanluis.com\/wp-content\/uploads\/2024\/01\/POGGI-7.png","width":598,"height":393},{"@type":"BreadcrumbList","@id":"https:\/\/apuntesdesanluis.com\/index.php\/2024\/01\/22\/a-poggi-el-paro-general-le-parece-que-es-demasiado-apresurado\/#breadcrumb","itemListElement":[{"@type":"ListItem","position":1,"name":"Inicio","item":"https:\/\/apuntesdesanluis.com\/"},{"@type":"ListItem","position":2,"name":"A POGGI EL PARO GENERAL LE PARECE QUE ES \u201cDEMASIADO APRESURADO\u201d"}]},{"@type":"WebSite","@id":"https:\/\/apuntesdesanluis.com\/#website","url":"https:\/\/apuntesdesanluis.com\/","name":"Apuntes de San Luis","description":"","publisher":{"@id":"https:\/\/apuntesdesanluis.com\/#\/schema\/person\/b55151d52296fcce64d1a72538a70b90"},"potentialAction":[{"@type":"SearchAction","target":{"@type":"EntryPoint","urlTemplate":"https:\/\/apuntesdesanluis.com\/?s={search_term_string}"},"query-input":{"@type":"PropertyValueSpecification","valueRequired":true,"valueName":"search_term_string"}}],"inLanguage":"es-AR"},{"@type":["Person","Organization"],"@id":"https:\/\/apuntesdesanluis.com\/#\/schema\/person\/b55151d52296fcce64d1a72538a70b90","name":"apuntesdesanluis.com","image":{"@type":"ImageObject","inLanguage":"es-AR","@id":"https:\/\/apuntesdesanluis.com\/#\/schema\/person\/image\/","url":"https:\/\/apuntesdesanluis.com\/wp-content\/uploads\/2023\/07\/cropped-apuntesdesanluis.png","contentUrl":"https:\/\/apuntesdesanluis.com\/wp-content\/uploads\/2023\/07\/cropped-apuntesdesanluis.png","width":450,"height":112,"caption":"apuntesdesanluis.com"},"logo":{"@id":"https:\/\/apuntesdesanluis.com\/#\/schema\/person\/image\/"},"sameAs":["https:\/\/apuntesdesanluis.com"],"url":"https:\/\/apuntesdesanluis.com\/index.php\/author\/apuntesdesanluis-com\/"}]}},"featured_image_urls":{"full":["https:\/\/apuntesdesanluis.com\/wp-content\/uploads\/2024\/01\/POGGI-7.png",598,393,false],"thumbnail":["https:\/\/apuntesdesanluis.com\/wp-content\/uploads\/2024\/01\/POGGI-7-150x150.png",150,150,true],"medium":["https:\/\/apuntesdesanluis.com\/wp-content\/uploads\/2024\/01\/POGGI-7-300x197.png",300,197,true],"medium_large":["https:\/\/apuntesdesanluis.com\/wp-content\/uploads\/2024\/01\/POGGI-7.png",598,393,false],"large":["https:\/\/apuntesdesanluis.com\/wp-content\/uploads\/2024\/01\/POGGI-7.png",598,393,false],"1536x1536":["https:\/\/apuntesdesanluis.com\/wp-content\/uploads\/2024\/01\/POGGI-7.png",598,393,false],"2048x2048":["https:\/\/apuntesdesanluis.com\/wp-content\/uploads\/2024\/01\/POGGI-7.png",598,393,false],"newsever-slider-full":["https:\/\/apuntesdesanluis.com\/wp-content\/uploads\/2024\/01\/POGGI-7.png",598,393,false],"newsever-featured":["https:\/\/apuntesdesanluis.com\/wp-content\/uploads\/2024\/01\/POGGI-7.png",598,393,false],"newsever-medium":["https:\/\/apuntesdesanluis.com\/wp-content\/uploads\/2024\/01\/POGGI-7.png",598,393,false]},"author_info":{"display_name":"apuntesdesanluis.com","author_link":"https:\/\/apuntesdesanluis.com\/index.php\/author\/apuntesdesanluis-com\/"},"category_info":"<a href=\"https:\/\/apuntesdesanluis.com\/index.php\/category\/ciudad-provincia\/\" rel=\"category tag\">Ciudad\/Provincia<\/a>","tag_info":"Ciudad\/Provincia","comment_count":"0","_links":{"self":[{"href":"https:\/\/apuntesdesanluis.com\/index.php\/wp-json\/wp\/v2\/posts\/10576","targetHints":{"allow":["GET"]}}],"collection":[{"href":"https:\/\/apuntesdesanluis.com\/index.php\/wp-json\/wp\/v2\/posts"}],"about":[{"href":"https:\/\/apuntesdesanluis.com\/index.php\/wp-json\/wp\/v2\/types\/post"}],"author":[{"embeddable":true,"href":"https:\/\/apuntesdesanluis.com\/index.php\/wp-json\/wp\/v2\/users\/1"}],"replies":[{"embeddable":true,"href":"https:\/\/apuntesdesanluis.com\/index.php\/wp-json\/wp\/v2\/comments?post=10576"}],"version-history":[{"count":4,"href":"https:\/\/apuntesdesanluis.com\/index.php\/wp-json\/wp\/v2\/posts\/10576\/revisions"}],"predecessor-version":[{"id":10581,"href":"https:\/\/apuntesdesanluis.com\/index.php\/wp-json\/wp\/v2\/posts\/10576\/revisions\/10581"}],"wp:featuredmedia":[{"embeddable":true,"href":"https:\/\/apuntesdesanluis.com\/index.php\/wp-json\/wp\/v2\/media\/10580"}],"wp:attachment":[{"href":"https:\/\/apuntesdesanluis.com\/index.php\/wp-json\/wp\/v2\/media?parent=10576"}],"wp:term":[{"taxonomy":"category","embeddable":true,"href":"https:\/\/apuntesdesanluis.com\/index.php\/wp-json\/wp\/v2\/categories?post=10576"},{"taxonomy":"post_tag","embeddable":true,"href":"https:\/\/apuntesdesanluis.com\/index.php\/wp-json\/wp\/v2\/tags?post=10576"}],"curies":[{"name":"wp","href":"https:\/\/api.w.org\/{rel}","templated":true}]}}